{"id":16677,"date":"2025-07-23T13:20:33","date_gmt":"2025-07-23T16:20:33","guid":{"rendered":"https:\/\/nuevodigitaldeescobar.com.ar\/?p=16677"},"modified":"2025-07-23T13:20:33","modified_gmt":"2025-07-23T16:20:33","slug":"icardi-volvio-a-hablar-tras-reincorporarse-a-los-entrenamientos-con-el-galatasaray","status":"publish","type":"post","link":"https:\/\/nuevodigitaldeescobar.com.ar\/?p=16677","title":{"rendered":"Icardi volvi\u00f3 a hablar tras reincorporarse a los entrenamientos con el Galatasaray"},"content":{"rendered":"<p><a href=\"https:\/\/derechadiario.com.ar\/sociedad\/cambio-look-explosivo-asi-se-mostro-icardi-mientras-china-volvio-argentina\" title=\"Cambio de look explosivo: as\u00ed se mostr\u00f3 Icardi mientras la China volvi\u00f3 a Argentina\"><u><strong>Mauro Icardi<\/strong><\/u><\/a> atraviesa d\u00edas intensos tanto en lo deportivo como en lo personal. Mientras avanza con su <strong>recuperaci\u00f3n<\/strong> y <strong>se reincorpora a los entrenamientos del Galatasaray<\/strong>, el delantero argentino volvi\u00f3 a quedar en el centro de la pol\u00e9mica por <strong>un nuevo conflicto con<\/strong> <a href=\"https:\/\/derechadiario.com.ar\/sociedad\/voy-verlo-elian-wanda-nara-hablo-l-gante-icardi-y-su-futuro-inmediato\" title=\"\u201cVoy a verlo a Eli\u00e1n\u201d: Wanda Nara habl\u00f3 de L-Gante, Icardi y su futuro inmediato\"><strong><u>Wanda Nara<\/u><\/strong><\/a>.<\/p>\n<p>Despu\u00e9s de \u00a0<strong>siete meses<\/strong> fuera de las canchas por una <strong>rotura de ligamentos<\/strong>, \u00a0<strong>Icardi regres\u00f3 a Estambul hace dos semanas y comenz\u00f3 con trabajos de campo junto a sus compa\u00f1eros<\/strong>. En sus redes sociales, comparti\u00f3 su felicidad por el progreso en su recuperaci\u00f3n: \u00ab<strong><em>Seguimos trabajando&#8230; Feliz de volver a estar con el equipo y de volver a tocar la pelota<\/em><\/strong>\u00ab, escribi\u00f3 el rosarino.<\/p>\n<div class=\"inter_image image_vertical\">\n<img decoding=\"async\" src=\"https:\/\/derechadiario.com.ar\/filesedc\/uploads\/image\/post\/2025\/07\/re0sqqsxj-720x0--1_1200_1600.webp\" class=\"img-responsive lazyload\" alt=\"Futbolista con cabello rubio platinado y tatuajes entrenando en un campo de f\u00fatbol con uniforme burdeos del Galatasaray\" title=\"Futbolista con cabello rubio platinado y tatuajes entrenando en un campo de f\u00fatbol con uniforme burdeos del Galatasaray\" \/>\n<div>\n<span class=\"img_footer\">Icardi vuelve tras 7 meses de lesi\u00f3n <\/span>| <span class=\"img_author\">La Derecha Diario<\/span>\n<\/div>\n<\/div>\n<p>Luego, agreg\u00f3: \u00ab<em>Una lesi\u00f3n dura y muy larga para cualquier futbolista, pero ya estoy de vuelta. <strong>Una lesi\u00f3n que normalmente se vuelve en 8\/9 meses, estoy volviendo a las canchas a los 7 meses<\/strong><\/em>\u00ab.<\/p>\n<p>El ex delantero del Inter tambi\u00e9n valor\u00f3 el esfuerzo realizado durante este tiempo: \u00ab<em>Despu\u00e9s de mucho trabajo diario durante todo este tiempo y siguiendo con lo pactado, <strong>puedo disfrutar de nuevo<\/strong>. Ya falta menos para volver a jugar<\/em>\u00ab, expres\u00f3.<\/p>\n<figure><img decoding=\"async\" src=\"https:\/\/derechadiario.com.ar\/filesedc\/uploads\/image\/post\/2025\/07\/la-frase-con-la-que-la-china-suarez-reacciono-a-loigdotx2nhqpdesdximaorise_1200_800.webp\" class=\"img-responsive lazyload\" alt=\"Pareja joven mirando hacia el horizonte con expresi\u00f3n seria en un entorno al aire libre y soleado\" title=\"Pareja joven mirando hacia el horizonte con expresi\u00f3n seria en un entorno al aire libre y soleado\" \/><\/figure>\n<p><strong>Icardi se instal\u00f3 en Turqu\u00eda junto a su actual pareja<\/strong>, <a href=\"https:\/\/derechadiario.com.ar\/sociedad\/rufina-cabre-se-mudaria-turquia-con-su-madre-china-suarez\" title=\"Rufina Cabr\u00e9 se mudar\u00eda a Turqu\u00eda con su madre, la China Su\u00e1rez\"><u><strong>Eugenia \u00abChina\u00bb Su\u00e1rez<\/strong><\/u><\/a>, a comienzos de <strong>julio<\/strong>. La actriz, sin embargo, <strong>regres\u00f3 en los \u00faltimos d\u00edas a la Argentina para celebrar el cumplea\u00f1os de Rufina<\/strong>, su hija mayor, y organizar <strong>un viaje con sus hijos a Estambul<\/strong>, donde pasar\u00e1n unas semanas con el futbolista.<\/p>\n<aside class=\"whatsappChannelText\"><a href=\"https:\/\/whatsapp.com\/channel\/0029VagEjILGE56eKjedWF2U\" rel=\"nofollow\" title=\"WhatsApp Link\"><img alt=\"Logo de WhatsApp\" class=\"lazyload\" data-src=\"\/filesedc\/uploads\/other\/whatsapp_icon_mid_article.png\" width=\"32\" height=\"32\" \/><\/a> <a href=\"https:\/\/whatsapp.com\/channel\/0029VagEjILGE56eKjedWF2U\" rel=\"nofollow\" title=\"WhatsApp Link\"><strong>NO SE PIERDAN NINGUNA NOTICIA<\/strong>: Click aqu\u00ed para sumarte <strong>GRATIS<\/strong> al canal de noticias de <strong>La Derecha Diario en WhatsApp.<\/strong><\/a><\/aside>\n<h2><strong>Nuevo conflicto con Wanda Nara: el wifi, en el centro de la escena<\/strong><\/h2>\n<p>Pese al buen momento en lo profesional, \u00a0<strong>Icardi volvi\u00f3 a protagonizar una pol\u00e9mica con Wanda Nara.<\/strong> Seg\u00fan revel\u00f3 <strong>Puro Show<\/strong>, el atacante <strong>habr\u00eda cortado el servicio de wifi de su domicilio en Argentina<\/strong>, lo que gener\u00f3 un nuevo foco de tensi\u00f3n con su ex.<\/p>\n<figure><img decoding=\"async\" src=\"https:\/\/derechadiario.com.ar\/filesedc\/uploads\/image\/post\/2025\/07\/wanda-nara-y-mauro-icardijpg_1200_800.webp\" class=\"img-responsive lazyload\" alt=\"Pareja sentada dentro de un helic\u00f3ptero sonriendo para una selfie\" title=\"Pareja sentada dentro de un helic\u00f3ptero sonriendo para una selfie\" \/><\/figure>\n<p><strong>Wanda le habr\u00eda reclamado que sus hijas intentaron comunicarse con \u00e9l, pero no pudieron hacerlo por la falta de conexi\u00f3n<\/strong>. Ante esto, intent\u00f3 resolver la situaci\u00f3n llamando a un t\u00e9cnico, aunque no tuvo \u00e9xito: <strong>el problema residir\u00eda en que para reconectar el servicio se debe cambiar la titularidad<\/strong>, un punto que no estar\u00eda contemplado en el preacuerdo judicial que tienen ambas partes.<\/p>\n<aside class=\"low-arrow-links automatic-low-arrow-links-end-body\"><\/aside>","protected":false},"excerpt":{"rendered":"<p>Mauro Icardi atraviesa d\u00edas intensos tanto en lo deportivo como en lo personal. Mientras avanza con su recuperaci\u00f3n y se reincorpora a los entrenamientos del [&hellip;]<\/p>\n","protected":false},"author":1,"featured_media":16678,"comment_status":"open","ping_status":"open","sticky":false,"template":"","format":"standard","meta":{"footnotes":""},"categories":[8],"tags":[],"class_list":["post-16677","post","type-post","status-publish","format-standard","has-post-thumbnail","hentry","category-deportes"],"better_featured_image":{"id":16678,"alt_text":"","caption":"","description":"","media_type":"image","media_details":{"width":1600,"height":1067,"file":"2025\/07\/btc4x4cin-1290x760-2_1600_1067-Jz5LDk.jpg","filesize":117481,"sizes":{"medium":{"file":"btc4x4cin-1290x760-2_1600_1067-Jz5LDk-300x200.jpg","width":300,"height":200,"mime-type":"image\/jpeg","filesize":14553,"source_url":"https:\/\/nuevodigitaldeescobar.com.ar\/wp-content\/uploads\/2025\/07\/btc4x4cin-1290x760-2_1600_1067-Jz5LDk-300x200.jpg"},"large":{"file":"btc4x4cin-1290x760-2_1600_1067-Jz5LDk-1024x683.jpg","width":1024,"height":683,"mime-type":"image\/jpeg","filesize":92511,"source_url":"https:\/\/nuevodigitaldeescobar.com.ar\/wp-content\/uploads\/2025\/07\/btc4x4cin-1290x760-2_1600_1067-Jz5LDk-1024x683.jpg"},"thumbnail":{"file":"btc4x4cin-1290x760-2_1600_1067-Jz5LDk-150x150.jpg","width":150,"height":150,"mime-type":"image\/jpeg","filesize":7699,"source_url":"https:\/\/nuevodigitaldeescobar.com.ar\/wp-content\/uploads\/2025\/07\/btc4x4cin-1290x760-2_1600_1067-Jz5LDk-150x150.jpg"},"medium_large":{"file":"btc4x4cin-1290x760-2_1600_1067-Jz5LDk-768x512.jpg","width":768,"height":512,"mime-type":"image\/jpeg","filesize":59911,"source_url":"https:\/\/nuevodigitaldeescobar.com.ar\/wp-content\/uploads\/2025\/07\/btc4x4cin-1290x760-2_1600_1067-Jz5LDk-768x512.jpg"},"1536x1536":{"file":"btc4x4cin-1290x760-2_1600_1067-Jz5LDk-1536x1024.jpg","width":1536,"height":1024,"mime-type":"image\/jpeg","filesize":166880,"source_url":"https:\/\/nuevodigitaldeescobar.com.ar\/wp-content\/uploads\/2025\/07\/btc4x4cin-1290x760-2_1600_1067-Jz5LDk-1536x1024.jpg"}},"image_meta":{"aperture":"0","credit":"","camera":"","caption":"","created_timestamp":"0","copyright":"","focal_length":"0","iso":"0","shutter_speed":"0","title":"","orientation":"0","keywords":[]}},"post":16677,"source_url":"https:\/\/nuevodigitaldeescobar.com.ar\/wp-content\/uploads\/2025\/07\/btc4x4cin-1290x760-2_1600_1067-Jz5LDk.jpg"},"yoast_head":"<!-- This site is optimized with the Yoast SEO plugin v26.1.1 - https:\/\/yoast.com\/wordpress\/plugins\/seo\/ -->\n<title>Icardi volvi\u00f3 a hablar tras reincorporarse a los entrenamientos con el Galatasaray - Nuevo Digital de Escobar<\/title>\n<meta name=\"robots\" content=\"index, follow, max-snippet:-1, max-image-preview:large, max-video-preview:-1\" \/>\n<link rel=\"canonical\" href=\"https:\/\/nuevodigitaldeescobar.com.ar\/?p=16677\" \/>\n<meta property=\"og:locale\" content=\"es_ES\" \/>\n<meta property=\"og:type\" content=\"article\" \/>\n<meta property=\"og:title\" content=\"Icardi volvi\u00f3 a hablar tras reincorporarse a los entrenamientos con el Galatasaray - Nuevo Digital de Escobar\" \/>\n<meta property=\"og:description\" content=\"Mauro Icardi atraviesa d\u00edas intensos tanto en lo deportivo como en lo personal. Mientras avanza con su recuperaci\u00f3n y se reincorpora a los entrenamientos del [&hellip;]\" \/>\n<meta property=\"og:url\" content=\"https:\/\/nuevodigitaldeescobar.com.ar\/?p=16677\" \/>\n<meta property=\"og:site_name\" content=\"Nuevo Digital de Escobar\" \/>\n<meta property=\"article:publisher\" content=\"https:\/\/www.facebook.com\/NUEVODigitalDeEscobar\" \/>\n<meta property=\"article:published_time\" content=\"2025-07-23T16:20:33+00:00\" \/>\n<meta property=\"og:image\" content=\"https:\/\/derechadiario.com.ar\/filesedc\/uploads\/image\/post\/2025\/07\/re0sqqsxj-720x0--1_1200_1600.webp\" \/>\n<meta name=\"author\" content=\"Redacci\u00f3n\" \/>\n<meta name=\"twitter:card\" content=\"summary_large_image\" \/>\n<meta name=\"twitter:creator\" content=\"@nuevodigescobar\" \/>\n<meta name=\"twitter:site\" content=\"@nuevodigescobar\" \/>\n<meta name=\"twitter:label1\" content=\"Escrito por\" \/>\n\t<meta name=\"twitter:data1\" content=\"Redacci\u00f3n\" \/>\n\t<meta name=\"twitter:label2\" content=\"Tiempo de lectura\" \/>\n\t<meta name=\"twitter:data2\" content=\"2 minutos\" \/>\n<script type=\"application\/ld+json\" class=\"yoast-schema-graph\">{\"@context\":\"https:\/\/schema.org\",\"@graph\":[{\"@type\":\"Article\",\"@id\":\"https:\/\/nuevodigitaldeescobar.com.ar\/?p=16677#article\",\"isPartOf\":{\"@id\":\"https:\/\/nuevodigitaldeescobar.com.ar\/?p=16677\"},\"author\":{\"name\":\"Redacci\u00f3n\",\"@id\":\"https:\/\/nuevodigitaldeescobar.com.ar\/#\/schema\/person\/035e90a8efe9a80e6eec22656ad6ea4c\"},\"headline\":\"Icardi volvi\u00f3 a hablar tras reincorporarse a los entrenamientos con el Galatasaray\",\"datePublished\":\"2025-07-23T16:20:33+00:00\",\"mainEntityOfPage\":{\"@id\":\"https:\/\/nuevodigitaldeescobar.com.ar\/?p=16677\"},\"wordCount\":419,\"commentCount\":0,\"publisher\":{\"@id\":\"https:\/\/nuevodigitaldeescobar.com.ar\/#organization\"},\"image\":{\"@id\":\"https:\/\/nuevodigitaldeescobar.com.ar\/?p=16677#primaryimage\"},\"thumbnailUrl\":\"https:\/\/nuevodigitaldeescobar.com.ar\/wp-content\/uploads\/2025\/07\/btc4x4cin-1290x760-2_1600_1067-Jz5LDk.jpg\",\"articleSection\":[\"Deportes\"],\"inLanguage\":\"es\",\"potentialAction\":[{\"@type\":\"CommentAction\",\"name\":\"Comment\",\"target\":[\"https:\/\/nuevodigitaldeescobar.com.ar\/?p=16677#respond\"]}]},{\"@type\":\"WebPage\",\"@id\":\"https:\/\/nuevodigitaldeescobar.com.ar\/?p=16677\",\"url\":\"https:\/\/nuevodigitaldeescobar.com.ar\/?p=16677\",\"name\":\"Icardi volvi\u00f3 a hablar tras reincorporarse a los entrenamientos con el Galatasaray - Nuevo Digital de Escobar\",\"isPartOf\":{\"@id\":\"https:\/\/nuevodigitaldeescobar.com.ar\/#website\"},\"primaryImageOfPage\":{\"@id\":\"https:\/\/nuevodigitaldeescobar.com.ar\/?p=16677#primaryimage\"},\"image\":{\"@id\":\"https:\/\/nuevodigitaldeescobar.com.ar\/?p=16677#primaryimage\"},\"thumbnailUrl\":\"https:\/\/nuevodigitaldeescobar.com.ar\/wp-content\/uploads\/2025\/07\/btc4x4cin-1290x760-2_1600_1067-Jz5LDk.jpg\",\"datePublished\":\"2025-07-23T16:20:33+00:00\",\"breadcrumb\":{\"@id\":\"https:\/\/nuevodigitaldeescobar.com.ar\/?p=16677#breadcrumb\"},\"inLanguage\":\"es\",\"potentialAction\":[{\"@type\":\"ReadAction\",\"target\":[\"https:\/\/nuevodigitaldeescobar.com.ar\/?p=16677\"]}]},{\"@type\":\"ImageObject\",\"inLanguage\":\"es\",\"@id\":\"https:\/\/nuevodigitaldeescobar.com.ar\/?p=16677#primaryimage\",\"url\":\"https:\/\/nuevodigitaldeescobar.com.ar\/wp-content\/uploads\/2025\/07\/btc4x4cin-1290x760-2_1600_1067-Jz5LDk.jpg\",\"contentUrl\":\"https:\/\/nuevodigitaldeescobar.com.ar\/wp-content\/uploads\/2025\/07\/btc4x4cin-1290x760-2_1600_1067-Jz5LDk.jpg\",\"width\":1600,\"height\":1067},{\"@type\":\"BreadcrumbList\",\"@id\":\"https:\/\/nuevodigitaldeescobar.com.ar\/?p=16677#breadcrumb\",\"itemListElement\":[{\"@type\":\"ListItem\",\"position\":1,\"name\":\"Portada\",\"item\":\"https:\/\/nuevodigitaldeescobar.com.ar\/\"},{\"@type\":\"ListItem\",\"position\":2,\"name\":\"Icardi volvi\u00f3 a hablar tras reincorporarse a los entrenamientos con el Galatasaray\"}]},{\"@type\":\"WebSite\",\"@id\":\"https:\/\/nuevodigitaldeescobar.com.ar\/#website\",\"url\":\"https:\/\/nuevodigitaldeescobar.com.ar\/\",\"name\":\"Nuevo Digital de Escobar\",\"description\":\"La vida escobarense. Directora: Rosana Brunner\",\"publisher\":{\"@id\":\"https:\/\/nuevodigitaldeescobar.com.ar\/#organization\"},\"potentialAction\":[{\"@type\":\"SearchAction\",\"target\":{\"@type\":\"EntryPoint\",\"urlTemplate\":\"https:\/\/nuevodigitaldeescobar.com.ar\/?s={search_term_string}\"},\"query-input\":{\"@type\":\"PropertyValueSpecification\",\"valueRequired\":true,\"valueName\":\"search_term_string\"}}],\"inLanguage\":\"es\"},{\"@type\":\"Organization\",\"@id\":\"https:\/\/nuevodigitaldeescobar.com.ar\/#organization\",\"name\":\"Nuevo Digital de Escobar\",\"url\":\"https:\/\/nuevodigitaldeescobar.com.ar\/\",\"logo\":{\"@type\":\"ImageObject\",\"inLanguage\":\"es\",\"@id\":\"https:\/\/nuevodigitaldeescobar.com.ar\/#\/schema\/logo\/image\/\",\"url\":\"https:\/\/nuevodigitaldeescobar.com.ar\/wp-content\/uploads\/2025\/05\/cropped-logo-nuevo2.jpg\",\"contentUrl\":\"https:\/\/nuevodigitaldeescobar.com.ar\/wp-content\/uploads\/2025\/05\/cropped-logo-nuevo2.jpg\",\"width\":305,\"height\":305,\"caption\":\"Nuevo Digital de Escobar\"},\"image\":{\"@id\":\"https:\/\/nuevodigitaldeescobar.com.ar\/#\/schema\/logo\/image\/\"},\"sameAs\":[\"https:\/\/www.facebook.com\/NUEVODigitalDeEscobar\",\"https:\/\/x.com\/nuevodigescobar\",\"https:\/\/www.instagram.com\/nuevodigitaldeescobar\"]},{\"@type\":\"Person\",\"@id\":\"https:\/\/nuevodigitaldeescobar.com.ar\/#\/schema\/person\/035e90a8efe9a80e6eec22656ad6ea4c\",\"name\":\"Redacci\u00f3n\",\"image\":{\"@type\":\"ImageObject\",\"inLanguage\":\"es\",\"@id\":\"https:\/\/nuevodigitaldeescobar.com.ar\/#\/schema\/person\/image\/\",\"url\":\"https:\/\/secure.gravatar.com\/avatar\/8af8f40000c24e9eef3034f2be5998a372bb1389e64b1a4a36b3a7979142220d?s=96&d=mm&r=g\",\"contentUrl\":\"https:\/\/secure.gravatar.com\/avatar\/8af8f40000c24e9eef3034f2be5998a372bb1389e64b1a4a36b3a7979142220d?s=96&d=mm&r=g\",\"caption\":\"Redacci\u00f3n\"},\"sameAs\":[\"http:\/\/nuevodigitaldeescobar.com.ar\"],\"url\":\"https:\/\/nuevodigitaldeescobar.com.ar\/?author=1\"}]}<\/script>\n<!-- \/ Yoast SEO plugin. -->","yoast_head_json":{"title":"Icardi volvi\u00f3 a hablar tras reincorporarse a los entrenamientos con el Galatasaray - Nuevo Digital de Escobar","robots":{"index":"index","follow":"follow","max-snippet":"max-snippet:-1","max-image-preview":"max-image-preview:large","max-video-preview":"max-video-preview:-1"},"canonical":"https:\/\/nuevodigitaldeescobar.com.ar\/?p=16677","og_locale":"es_ES","og_type":"article","og_title":"Icardi volvi\u00f3 a hablar tras reincorporarse a los entrenamientos con el Galatasaray - Nuevo Digital de Escobar","og_description":"Mauro Icardi atraviesa d\u00edas intensos tanto en lo deportivo como en lo personal. Mientras avanza con su recuperaci\u00f3n y se reincorpora a los entrenamientos del [&hellip;]","og_url":"https:\/\/nuevodigitaldeescobar.com.ar\/?p=16677","og_site_name":"Nuevo Digital de Escobar","article_publisher":"https:\/\/www.facebook.com\/NUEVODigitalDeEscobar","article_published_time":"2025-07-23T16:20:33+00:00","og_image":[{"url":"https:\/\/derechadiario.com.ar\/filesedc\/uploads\/image\/post\/2025\/07\/re0sqqsxj-720x0--1_1200_1600.webp","type":"","width":"","height":""}],"author":"Redacci\u00f3n","twitter_card":"summary_large_image","twitter_creator":"@nuevodigescobar","twitter_site":"@nuevodigescobar","twitter_misc":{"Escrito por":"Redacci\u00f3n","Tiempo de lectura":"2 minutos"},"schema":{"@context":"https:\/\/schema.org","@graph":[{"@type":"Article","@id":"https:\/\/nuevodigitaldeescobar.com.ar\/?p=16677#article","isPartOf":{"@id":"https:\/\/nuevodigitaldeescobar.com.ar\/?p=16677"},"author":{"name":"Redacci\u00f3n","@id":"https:\/\/nuevodigitaldeescobar.com.ar\/#\/schema\/person\/035e90a8efe9a80e6eec22656ad6ea4c"},"headline":"Icardi volvi\u00f3 a hablar tras reincorporarse a los entrenamientos con el Galatasaray","datePublished":"2025-07-23T16:20:33+00:00","mainEntityOfPage":{"@id":"https:\/\/nuevodigitaldeescobar.com.ar\/?p=16677"},"wordCount":419,"commentCount":0,"publisher":{"@id":"https:\/\/nuevodigitaldeescobar.com.ar\/#organization"},"image":{"@id":"https:\/\/nuevodigitaldeescobar.com.ar\/?p=16677#primaryimage"},"thumbnailUrl":"https:\/\/nuevodigitaldeescobar.com.ar\/wp-content\/uploads\/2025\/07\/btc4x4cin-1290x760-2_1600_1067-Jz5LDk.jpg","articleSection":["Deportes"],"inLanguage":"es","potentialAction":[{"@type":"CommentAction","name":"Comment","target":["https:\/\/nuevodigitaldeescobar.com.ar\/?p=16677#respond"]}]},{"@type":"WebPage","@id":"https:\/\/nuevodigitaldeescobar.com.ar\/?p=16677","url":"https:\/\/nuevodigitaldeescobar.com.ar\/?p=16677","name":"Icardi volvi\u00f3 a hablar tras reincorporarse a los entrenamientos con el Galatasaray - Nuevo Digital de Escobar","isPartOf":{"@id":"https:\/\/nuevodigitaldeescobar.com.ar\/#website"},"primaryImageOfPage":{"@id":"https:\/\/nuevodigitaldeescobar.com.ar\/?p=16677#primaryimage"},"image":{"@id":"https:\/\/nuevodigitaldeescobar.com.ar\/?p=16677#primaryimage"},"thumbnailUrl":"https:\/\/nuevodigitaldeescobar.com.ar\/wp-content\/uploads\/2025\/07\/btc4x4cin-1290x760-2_1600_1067-Jz5LDk.jpg","datePublished":"2025-07-23T16:20:33+00:00","breadcrumb":{"@id":"https:\/\/nuevodigitaldeescobar.com.ar\/?p=16677#breadcrumb"},"inLanguage":"es","potentialAction":[{"@type":"ReadAction","target":["https:\/\/nuevodigitaldeescobar.com.ar\/?p=16677"]}]},{"@type":"ImageObject","inLanguage":"es","@id":"https:\/\/nuevodigitaldeescobar.com.ar\/?p=16677#primaryimage","url":"https:\/\/nuevodigitaldeescobar.com.ar\/wp-content\/uploads\/2025\/07\/btc4x4cin-1290x760-2_1600_1067-Jz5LDk.jpg","contentUrl":"https:\/\/nuevodigitaldeescobar.com.ar\/wp-content\/uploads\/2025\/07\/btc4x4cin-1290x760-2_1600_1067-Jz5LDk.jpg","width":1600,"height":1067},{"@type":"BreadcrumbList","@id":"https:\/\/nuevodigitaldeescobar.com.ar\/?p=16677#breadcrumb","itemListElement":[{"@type":"ListItem","position":1,"name":"Portada","item":"https:\/\/nuevodigitaldeescobar.com.ar\/"},{"@type":"ListItem","position":2,"name":"Icardi volvi\u00f3 a hablar tras reincorporarse a los entrenamientos con el Galatasaray"}]},{"@type":"WebSite","@id":"https:\/\/nuevodigitaldeescobar.com.ar\/#website","url":"https:\/\/nuevodigitaldeescobar.com.ar\/","name":"Nuevo Digital de Escobar","description":"La vida escobarense. Directora: Rosana Brunner","publisher":{"@id":"https:\/\/nuevodigitaldeescobar.com.ar\/#organization"},"potentialAction":[{"@type":"SearchAction","target":{"@type":"EntryPoint","urlTemplate":"https:\/\/nuevodigitaldeescobar.com.ar\/?s={search_term_string}"},"query-input":{"@type":"PropertyValueSpecification","valueRequired":true,"valueName":"search_term_string"}}],"inLanguage":"es"},{"@type":"Organization","@id":"https:\/\/nuevodigitaldeescobar.com.ar\/#organization","name":"Nuevo Digital de Escobar","url":"https:\/\/nuevodigitaldeescobar.com.ar\/","logo":{"@type":"ImageObject","inLanguage":"es","@id":"https:\/\/nuevodigitaldeescobar.com.ar\/#\/schema\/logo\/image\/","url":"https:\/\/nuevodigitaldeescobar.com.ar\/wp-content\/uploads\/2025\/05\/cropped-logo-nuevo2.jpg","contentUrl":"https:\/\/nuevodigitaldeescobar.com.ar\/wp-content\/uploads\/2025\/05\/cropped-logo-nuevo2.jpg","width":305,"height":305,"caption":"Nuevo Digital de Escobar"},"image":{"@id":"https:\/\/nuevodigitaldeescobar.com.ar\/#\/schema\/logo\/image\/"},"sameAs":["https:\/\/www.facebook.com\/NUEVODigitalDeEscobar","https:\/\/x.com\/nuevodigescobar","https:\/\/www.instagram.com\/nuevodigitaldeescobar"]},{"@type":"Person","@id":"https:\/\/nuevodigitaldeescobar.com.ar\/#\/schema\/person\/035e90a8efe9a80e6eec22656ad6ea4c","name":"Redacci\u00f3n","image":{"@type":"ImageObject","inLanguage":"es","@id":"https:\/\/nuevodigitaldeescobar.com.ar\/#\/schema\/person\/image\/","url":"https:\/\/secure.gravatar.com\/avatar\/8af8f40000c24e9eef3034f2be5998a372bb1389e64b1a4a36b3a7979142220d?s=96&d=mm&r=g","contentUrl":"https:\/\/secure.gravatar.com\/avatar\/8af8f40000c24e9eef3034f2be5998a372bb1389e64b1a4a36b3a7979142220d?s=96&d=mm&r=g","caption":"Redacci\u00f3n"},"sameAs":["http:\/\/nuevodigitaldeescobar.com.ar"],"url":"https:\/\/nuevodigitaldeescobar.com.ar\/?author=1"}]}},"featured_image_urls":{"full":["https:\/\/nuevodigitaldeescobar.com.ar\/wp-content\/uploads\/2025\/07\/btc4x4cin-1290x760-2_1600_1067-Jz5LDk.jpg",1600,1067,false],"thumbnail":["https:\/\/nuevodigitaldeescobar.com.ar\/wp-content\/uploads\/2025\/07\/btc4x4cin-1290x760-2_1600_1067-Jz5LDk-150x150.jpg",150,150,true],"medium":["https:\/\/nuevodigitaldeescobar.com.ar\/wp-content\/uploads\/2025\/07\/btc4x4cin-1290x760-2_1600_1067-Jz5LDk-300x200.jpg",300,200,true],"medium_large":["https:\/\/nuevodigitaldeescobar.com.ar\/wp-content\/uploads\/2025\/07\/btc4x4cin-1290x760-2_1600_1067-Jz5LDk-768x512.jpg",640,427,true],"large":["https:\/\/nuevodigitaldeescobar.com.ar\/wp-content\/uploads\/2025\/07\/btc4x4cin-1290x760-2_1600_1067-Jz5LDk-1024x683.jpg",640,427,true],"1536x1536":["https:\/\/nuevodigitaldeescobar.com.ar\/wp-content\/uploads\/2025\/07\/btc4x4cin-1290x760-2_1600_1067-Jz5LDk-1536x1024.jpg",1536,1024,true],"2048x2048":["https:\/\/nuevodigitaldeescobar.com.ar\/wp-content\/uploads\/2025\/07\/btc4x4cin-1290x760-2_1600_1067-Jz5LDk.jpg",1600,1067,false]},"author_info":{"display_name":"Redacci\u00f3n","author_link":"https:\/\/nuevodigitaldeescobar.com.ar\/?author=1"},"category_info":"<a href=\"https:\/\/nuevodigitaldeescobar.com.ar\/?cat=8\" rel=\"category\">Deportes<\/a>","tag_info":"Deportes","comment_count":"0","_links":{"self":[{"href":"https:\/\/nuevodigitaldeescobar.com.ar\/index.php?rest_route=\/wp\/v2\/posts\/16677","targetHints":{"allow":["GET"]}}],"collection":[{"href":"https:\/\/nuevodigitaldeescobar.com.ar\/index.php?rest_route=\/wp\/v2\/posts"}],"about":[{"href":"https:\/\/nuevodigitaldeescobar.com.ar\/index.php?rest_route=\/wp\/v2\/types\/post"}],"author":[{"embeddable":true,"href":"https:\/\/nuevodigitaldeescobar.com.ar\/index.php?rest_route=\/wp\/v2\/users\/1"}],"replies":[{"embeddable":true,"href":"https:\/\/nuevodigitaldeescobar.com.ar\/index.php?rest_route=%2Fwp%2Fv2%2Fcomments&post=16677"}],"version-history":[{"count":0,"href":"https:\/\/nuevodigitaldeescobar.com.ar\/index.php?rest_route=\/wp\/v2\/posts\/16677\/revisions"}],"wp:featuredmedia":[{"embeddable":true,"href":"https:\/\/nuevodigitaldeescobar.com.ar\/index.php?rest_route=\/wp\/v2\/media\/16678"}],"wp:attachment":[{"href":"https:\/\/nuevodigitaldeescobar.com.ar\/index.php?rest_route=%2Fwp%2Fv2%2Fmedia&parent=16677"}],"wp:term":[{"taxonomy":"category","embeddable":true,"href":"https:\/\/nuevodigitaldeescobar.com.ar\/index.php?rest_route=%2Fwp%2Fv2%2Fcategories&post=16677"},{"taxonomy":"post_tag","embeddable":true,"href":"https:\/\/nuevodigitaldeescobar.com.ar\/index.php?rest_route=%2Fwp%2Fv2%2Ftags&post=16677"}],"curies":[{"name":"wp","href":"https:\/\/api.w.org\/{rel}","templated":true}]}}