{"id":16694,"date":"2025-07-23T21:01:56","date_gmt":"2025-07-24T00:01:56","guid":{"rendered":"https:\/\/nuevodigitaldeescobar.com.ar\/?p=16694"},"modified":"2025-07-23T23:21:46","modified_gmt":"2025-07-24T02:21:46","slug":"incendio-en-una-vivienda-de-garin-movilizo-a-los-bomberos-voluntarios","status":"publish","type":"post","link":"https:\/\/nuevodigitaldeescobar.com.ar\/?p=16694","title":{"rendered":"Incendio en una vivienda de Gar\u00edn moviliz\u00f3 a los Bomberos Voluntarios"},"content":{"rendered":"\n<p>Un incendio de vivienda gener\u00f3 preocupaci\u00f3n este  mi\u00e9rcoles por la tarde en la localidad de Gar\u00edn. El siniestro se desat\u00f3 pasadas las 16:00 horas en una casa ubicada sobre la calle Tom\u00e1s M\u00e1rquez al 1700.<\/p>\n\n\n\n<!--more-->\n\n\n\n<p>Ante la emergencia, acudieron r\u00e1pidamente dotaciones de los Bomberos Voluntarios de Gar\u00edn, tanto del cuartel central como del Destacamento Uno, ubicado en el barrio Fonavi. Gracias a su r\u00e1pida intervenci\u00f3n, lograron controlar el foco \u00edgneo y evitar que las llamas se propagaran a viviendas linderas.<\/p>\n\n\n\n<p>Si bien no se reportaron oficialmente personas heridas, trascendi\u00f3 que las p\u00e9rdidas materiales fueron importantes. Las causas del incendio a\u00fan est\u00e1n siendo investigadas, aunque no se descarta que se haya tratado de un desperfecto el\u00e9ctrico.<\/p>\n\n\n\n<p>Vecinos del lugar destacaron la labor de los bomberos, quienes trabajaron intensamente durante varios minutos para sofocar las llamas y asegurar la zona. Tambi\u00e9n se acercaron m\u00f3viles de Defensa Civil y personal policial para colaborar con el operativo.<\/p>\n\n\n\n<p>El hecho vuelve a poner en agenda la importancia de contar con sistemas de prevenci\u00f3n y respuesta ante emergencias, y resalta una vez m\u00e1s el compromiso de los bomberos voluntarios, siempre presentes ante este tipo de situaciones.<\/p>\n\n\n\n<p><\/p>\n","protected":false},"excerpt":{"rendered":"<p>Un incendio de vivienda gener\u00f3 preocupaci\u00f3n este mi\u00e9rcoles por la tarde en la localidad de Gar\u00edn. El siniestro se desat\u00f3 pasadas las 16:00 horas en [&hellip;]<\/p>\n","protected":false},"author":1,"featured_media":16712,"comment_status":"open","ping_status":"open","sticky":false,"template":"","format":"standard","meta":{"footnotes":""},"categories":[13],"tags":[],"class_list":["post-16694","post","type-post","status-publish","format-standard","has-post-thumbnail","hentry","category-policiales"],"better_featured_image":{"id":16712,"alt_text":"","caption":"","description":"","media_type":"image","media_details":{"width":1024,"height":865,"file":"2025\/07\/ChatGPT-Image-23-jul-2025-20_58_53-e1753315261432-1.png","filesize":2349211,"sizes":{"medium":{"file":"ChatGPT-Image-23-jul-2025-20_58_53-e1753315261432-1-300x253.png","width":300,"height":253,"mime-type":"image\/png","filesize":60817,"source_url":"https:\/\/nuevodigitaldeescobar.com.ar\/wp-content\/uploads\/2025\/07\/ChatGPT-Image-23-jul-2025-20_58_53-e1753315261432-1-300x253.png"},"thumbnail":{"file":"ChatGPT-Image-23-jul-2025-20_58_53-e1753315261432-1-150x150.png","width":150,"height":150,"mime-type":"image\/png","filesize":20820,"source_url":"https:\/\/nuevodigitaldeescobar.com.ar\/wp-content\/uploads\/2025\/07\/ChatGPT-Image-23-jul-2025-20_58_53-e1753315261432-1-150x150.png"},"medium_large":{"file":"ChatGPT-Image-23-jul-2025-20_58_53-e1753315261432-1-768x649.png","width":768,"height":649,"mime-type":"image\/png","filesize":336032,"source_url":"https:\/\/nuevodigitaldeescobar.com.ar\/wp-content\/uploads\/2025\/07\/ChatGPT-Image-23-jul-2025-20_58_53-e1753315261432-1-768x649.png"}},"image_meta":{"aperture":"0","credit":"","camera":"","caption":"","created_timestamp":"0","copyright":"","focal_length":"0","iso":"0","shutter_speed":"0","title":"","orientation":"0","keywords":[]}},"post":16694,"source_url":"https:\/\/nuevodigitaldeescobar.com.ar\/wp-content\/uploads\/2025\/07\/ChatGPT-Image-23-jul-2025-20_58_53-e1753315261432-1.png"},"yoast_head":"<!-- This site is optimized with the Yoast SEO plugin v26.1.1 - https:\/\/yoast.com\/wordpress\/plugins\/seo\/ -->\n<title>Incendio en una vivienda de Gar\u00edn moviliz\u00f3 a los Bomberos Voluntarios - Nuevo Digital de Escobar<\/title>\n<meta name=\"description\" content=\"El siniestro se desat\u00f3 pasadas las 16:00 horas en una casa ubicada sobre la calle Tom\u00e1s M\u00e1rquez al 1700.\" \/>\n<meta name=\"robots\" content=\"index, follow, max-snippet:-1, max-image-preview:large, max-video-preview:-1\" \/>\n<link rel=\"canonical\" href=\"https:\/\/nuevodigitaldeescobar.com.ar\/?p=16694\" \/>\n<meta property=\"og:locale\" content=\"es_ES\" \/>\n<meta property=\"og:type\" content=\"article\" \/>\n<meta property=\"og:title\" content=\"Incendio en una vivienda de Gar\u00edn moviliz\u00f3 a los Bomberos Voluntarios\" \/>\n<meta property=\"og:description\" content=\"El siniestro se desat\u00f3 pasadas las 16:00 horas en una casa ubicada sobre la calle Tom\u00e1s M\u00e1rquez al 1700.\" \/>\n<meta property=\"og:url\" content=\"https:\/\/nuevodigitaldeescobar.com.ar\/?p=16694\" \/>\n<meta property=\"og:site_name\" content=\"Nuevo Digital de Escobar\" \/>\n<meta property=\"article:publisher\" content=\"https:\/\/www.facebook.com\/NUEVODigitalDeEscobar\" \/>\n<meta property=\"article:published_time\" content=\"2025-07-24T00:01:56+00:00\" \/>\n<meta property=\"article:modified_time\" content=\"2025-07-24T02:21:46+00:00\" \/>\n<meta property=\"og:image\" content=\"http:\/\/nuevodigitaldeescobar.com.ar\/wp-content\/uploads\/2025\/07\/ChatGPT-Image-23-jul-2025-20_58_53-e1753315261432-1.png\" \/>\n\t<meta property=\"og:image:width\" content=\"640\" \/>\n\t<meta property=\"og:image:height\" content=\"541\" \/>\n\t<meta property=\"og:image:type\" content=\"image\/png\" \/>\n<meta name=\"author\" content=\"Redacci\u00f3n\" \/>\n<meta name=\"twitter:card\" content=\"summary_large_image\" \/>\n<meta name=\"twitter:creator\" content=\"@nuevodigescobar\" \/>\n<meta name=\"twitter:site\" content=\"@nuevodigescobar\" \/>\n<meta name=\"twitter:label1\" content=\"Escrito por\" \/>\n\t<meta name=\"twitter:data1\" content=\"Redacci\u00f3n\" \/>\n\t<meta name=\"twitter:label2\" content=\"Tiempo de lectura\" \/>\n\t<meta name=\"twitter:data2\" content=\"2 minutos\" \/>\n<script type=\"application\/ld+json\" class=\"yoast-schema-graph\">{\"@context\":\"https:\/\/schema.org\",\"@graph\":[{\"@type\":\"Article\",\"@id\":\"https:\/\/nuevodigitaldeescobar.com.ar\/?p=16694#article\",\"isPartOf\":{\"@id\":\"https:\/\/nuevodigitaldeescobar.com.ar\/?p=16694\"},\"author\":{\"name\":\"Redacci\u00f3n\",\"@id\":\"https:\/\/nuevodigitaldeescobar.com.ar\/#\/schema\/person\/035e90a8efe9a80e6eec22656ad6ea4c\"},\"headline\":\"Incendio en una vivienda de Gar\u00edn moviliz\u00f3 a los Bomberos Voluntarios\",\"datePublished\":\"2025-07-24T00:01:56+00:00\",\"dateModified\":\"2025-07-24T02:21:46+00:00\",\"mainEntityOfPage\":{\"@id\":\"https:\/\/nuevodigitaldeescobar.com.ar\/?p=16694\"},\"wordCount\":217,\"commentCount\":0,\"publisher\":{\"@id\":\"https:\/\/nuevodigitaldeescobar.com.ar\/#organization\"},\"image\":{\"@id\":\"https:\/\/nuevodigitaldeescobar.com.ar\/?p=16694#primaryimage\"},\"thumbnailUrl\":\"https:\/\/nuevodigitaldeescobar.com.ar\/wp-content\/uploads\/2025\/07\/ChatGPT-Image-23-jul-2025-20_58_53-e1753315261432-1.png\",\"articleSection\":[\"Policiales\"],\"inLanguage\":\"es\",\"potentialAction\":[{\"@type\":\"CommentAction\",\"name\":\"Comment\",\"target\":[\"https:\/\/nuevodigitaldeescobar.com.ar\/?p=16694#respond\"]}]},{\"@type\":\"WebPage\",\"@id\":\"https:\/\/nuevodigitaldeescobar.com.ar\/?p=16694\",\"url\":\"https:\/\/nuevodigitaldeescobar.com.ar\/?p=16694\",\"name\":\"Incendio en una vivienda de Gar\u00edn moviliz\u00f3 a los Bomberos Voluntarios - Nuevo Digital de Escobar\",\"isPartOf\":{\"@id\":\"https:\/\/nuevodigitaldeescobar.com.ar\/#website\"},\"primaryImageOfPage\":{\"@id\":\"https:\/\/nuevodigitaldeescobar.com.ar\/?p=16694#primaryimage\"},\"image\":{\"@id\":\"https:\/\/nuevodigitaldeescobar.com.ar\/?p=16694#primaryimage\"},\"thumbnailUrl\":\"https:\/\/nuevodigitaldeescobar.com.ar\/wp-content\/uploads\/2025\/07\/ChatGPT-Image-23-jul-2025-20_58_53-e1753315261432-1.png\",\"datePublished\":\"2025-07-24T00:01:56+00:00\",\"dateModified\":\"2025-07-24T02:21:46+00:00\",\"description\":\"El siniestro se desat\u00f3 pasadas las 16:00 horas en una casa ubicada sobre la calle Tom\u00e1s M\u00e1rquez al 1700.\",\"breadcrumb\":{\"@id\":\"https:\/\/nuevodigitaldeescobar.com.ar\/?p=16694#breadcrumb\"},\"inLanguage\":\"es\",\"potentialAction\":[{\"@type\":\"ReadAction\",\"target\":[\"https:\/\/nuevodigitaldeescobar.com.ar\/?p=16694\"]}]},{\"@type\":\"ImageObject\",\"inLanguage\":\"es\",\"@id\":\"https:\/\/nuevodigitaldeescobar.com.ar\/?p=16694#primaryimage\",\"url\":\"https:\/\/nuevodigitaldeescobar.com.ar\/wp-content\/uploads\/2025\/07\/ChatGPT-Image-23-jul-2025-20_58_53-e1753315261432-1.png\",\"contentUrl\":\"https:\/\/nuevodigitaldeescobar.com.ar\/wp-content\/uploads\/2025\/07\/ChatGPT-Image-23-jul-2025-20_58_53-e1753315261432-1.png\",\"width\":1024,\"height\":865},{\"@type\":\"BreadcrumbList\",\"@id\":\"https:\/\/nuevodigitaldeescobar.com.ar\/?p=16694#breadcrumb\",\"itemListElement\":[{\"@type\":\"ListItem\",\"position\":1,\"name\":\"Portada\",\"item\":\"https:\/\/nuevodigitaldeescobar.com.ar\/\"},{\"@type\":\"ListItem\",\"position\":2,\"name\":\"Incendio en una vivienda de Gar\u00edn moviliz\u00f3 a los Bomberos Voluntarios\"}]},{\"@type\":\"WebSite\",\"@id\":\"https:\/\/nuevodigitaldeescobar.com.ar\/#website\",\"url\":\"https:\/\/nuevodigitaldeescobar.com.ar\/\",\"name\":\"Nuevo Digital de Escobar\",\"description\":\"La vida escobarense. Directora: Rosana Brunner\",\"publisher\":{\"@id\":\"https:\/\/nuevodigitaldeescobar.com.ar\/#organization\"},\"potentialAction\":[{\"@type\":\"SearchAction\",\"target\":{\"@type\":\"EntryPoint\",\"urlTemplate\":\"https:\/\/nuevodigitaldeescobar.com.ar\/?s={search_term_string}\"},\"query-input\":{\"@type\":\"PropertyValueSpecification\",\"valueRequired\":true,\"valueName\":\"search_term_string\"}}],\"inLanguage\":\"es\"},{\"@type\":\"Organization\",\"@id\":\"https:\/\/nuevodigitaldeescobar.com.ar\/#organization\",\"name\":\"Nuevo Digital de Escobar\",\"url\":\"https:\/\/nuevodigitaldeescobar.com.ar\/\",\"logo\":{\"@type\":\"ImageObject\",\"inLanguage\":\"es\",\"@id\":\"https:\/\/nuevodigitaldeescobar.com.ar\/#\/schema\/logo\/image\/\",\"url\":\"https:\/\/nuevodigitaldeescobar.com.ar\/wp-content\/uploads\/2025\/05\/cropped-logo-nuevo2.jpg\",\"contentUrl\":\"https:\/\/nuevodigitaldeescobar.com.ar\/wp-content\/uploads\/2025\/05\/cropped-logo-nuevo2.jpg\",\"width\":305,\"height\":305,\"caption\":\"Nuevo Digital de Escobar\"},\"image\":{\"@id\":\"https:\/\/nuevodigitaldeescobar.com.ar\/#\/schema\/logo\/image\/\"},\"sameAs\":[\"https:\/\/www.facebook.com\/NUEVODigitalDeEscobar\",\"https:\/\/x.com\/nuevodigescobar\",\"https:\/\/www.instagram.com\/nuevodigitaldeescobar\"]},{\"@type\":\"Person\",\"@id\":\"https:\/\/nuevodigitaldeescobar.com.ar\/#\/schema\/person\/035e90a8efe9a80e6eec22656ad6ea4c\",\"name\":\"Redacci\u00f3n\",\"image\":{\"@type\":\"ImageObject\",\"inLanguage\":\"es\",\"@id\":\"https:\/\/nuevodigitaldeescobar.com.ar\/#\/schema\/person\/image\/\",\"url\":\"https:\/\/secure.gravatar.com\/avatar\/8af8f40000c24e9eef3034f2be5998a372bb1389e64b1a4a36b3a7979142220d?s=96&d=mm&r=g\",\"contentUrl\":\"https:\/\/secure.gravatar.com\/avatar\/8af8f40000c24e9eef3034f2be5998a372bb1389e64b1a4a36b3a7979142220d?s=96&d=mm&r=g\",\"caption\":\"Redacci\u00f3n\"},\"sameAs\":[\"http:\/\/nuevodigitaldeescobar.com.ar\"],\"url\":\"https:\/\/nuevodigitaldeescobar.com.ar\/?author=1\"}]}<\/script>\n<!-- \/ Yoast SEO plugin. -->","yoast_head_json":{"title":"Incendio en una vivienda de Gar\u00edn moviliz\u00f3 a los Bomberos Voluntarios - Nuevo Digital de Escobar","description":"El siniestro se desat\u00f3 pasadas las 16:00 horas en una casa ubicada sobre la calle Tom\u00e1s M\u00e1rquez al 1700.","robots":{"index":"index","follow":"follow","max-snippet":"max-snippet:-1","max-image-preview":"max-image-preview:large","max-video-preview":"max-video-preview:-1"},"canonical":"https:\/\/nuevodigitaldeescobar.com.ar\/?p=16694","og_locale":"es_ES","og_type":"article","og_title":"Incendio en una vivienda de Gar\u00edn moviliz\u00f3 a los Bomberos Voluntarios","og_description":"El siniestro se desat\u00f3 pasadas las 16:00 horas en una casa ubicada sobre la calle Tom\u00e1s M\u00e1rquez al 1700.","og_url":"https:\/\/nuevodigitaldeescobar.com.ar\/?p=16694","og_site_name":"Nuevo Digital de Escobar","article_publisher":"https:\/\/www.facebook.com\/NUEVODigitalDeEscobar","article_published_time":"2025-07-24T00:01:56+00:00","article_modified_time":"2025-07-24T02:21:46+00:00","og_image":[{"url":"http:\/\/nuevodigitaldeescobar.com.ar\/wp-content\/uploads\/2025\/07\/ChatGPT-Image-23-jul-2025-20_58_53-e1753315261432-1.png","width":640,"height":541,"type":"image\/png"}],"author":"Redacci\u00f3n","twitter_card":"summary_large_image","twitter_creator":"@nuevodigescobar","twitter_site":"@nuevodigescobar","twitter_misc":{"Escrito por":"Redacci\u00f3n","Tiempo de lectura":"2 minutos"},"schema":{"@context":"https:\/\/schema.org","@graph":[{"@type":"Article","@id":"https:\/\/nuevodigitaldeescobar.com.ar\/?p=16694#article","isPartOf":{"@id":"https:\/\/nuevodigitaldeescobar.com.ar\/?p=16694"},"author":{"name":"Redacci\u00f3n","@id":"https:\/\/nuevodigitaldeescobar.com.ar\/#\/schema\/person\/035e90a8efe9a80e6eec22656ad6ea4c"},"headline":"Incendio en una vivienda de Gar\u00edn moviliz\u00f3 a los Bomberos Voluntarios","datePublished":"2025-07-24T00:01:56+00:00","dateModified":"2025-07-24T02:21:46+00:00","mainEntityOfPage":{"@id":"https:\/\/nuevodigitaldeescobar.com.ar\/?p=16694"},"wordCount":217,"commentCount":0,"publisher":{"@id":"https:\/\/nuevodigitaldeescobar.com.ar\/#organization"},"image":{"@id":"https:\/\/nuevodigitaldeescobar.com.ar\/?p=16694#primaryimage"},"thumbnailUrl":"https:\/\/nuevodigitaldeescobar.com.ar\/wp-content\/uploads\/2025\/07\/ChatGPT-Image-23-jul-2025-20_58_53-e1753315261432-1.png","articleSection":["Policiales"],"inLanguage":"es","potentialAction":[{"@type":"CommentAction","name":"Comment","target":["https:\/\/nuevodigitaldeescobar.com.ar\/?p=16694#respond"]}]},{"@type":"WebPage","@id":"https:\/\/nuevodigitaldeescobar.com.ar\/?p=16694","url":"https:\/\/nuevodigitaldeescobar.com.ar\/?p=16694","name":"Incendio en una vivienda de Gar\u00edn moviliz\u00f3 a los Bomberos Voluntarios - Nuevo Digital de Escobar","isPartOf":{"@id":"https:\/\/nuevodigitaldeescobar.com.ar\/#website"},"primaryImageOfPage":{"@id":"https:\/\/nuevodigitaldeescobar.com.ar\/?p=16694#primaryimage"},"image":{"@id":"https:\/\/nuevodigitaldeescobar.com.ar\/?p=16694#primaryimage"},"thumbnailUrl":"https:\/\/nuevodigitaldeescobar.com.ar\/wp-content\/uploads\/2025\/07\/ChatGPT-Image-23-jul-2025-20_58_53-e1753315261432-1.png","datePublished":"2025-07-24T00:01:56+00:00","dateModified":"2025-07-24T02:21:46+00:00","description":"El siniestro se desat\u00f3 pasadas las 16:00 horas en una casa ubicada sobre la calle Tom\u00e1s M\u00e1rquez al 1700.","breadcrumb":{"@id":"https:\/\/nuevodigitaldeescobar.com.ar\/?p=16694#breadcrumb"},"inLanguage":"es","potentialAction":[{"@type":"ReadAction","target":["https:\/\/nuevodigitaldeescobar.com.ar\/?p=16694"]}]},{"@type":"ImageObject","inLanguage":"es","@id":"https:\/\/nuevodigitaldeescobar.com.ar\/?p=16694#primaryimage","url":"https:\/\/nuevodigitaldeescobar.com.ar\/wp-content\/uploads\/2025\/07\/ChatGPT-Image-23-jul-2025-20_58_53-e1753315261432-1.png","contentUrl":"https:\/\/nuevodigitaldeescobar.com.ar\/wp-content\/uploads\/2025\/07\/ChatGPT-Image-23-jul-2025-20_58_53-e1753315261432-1.png","width":1024,"height":865},{"@type":"BreadcrumbList","@id":"https:\/\/nuevodigitaldeescobar.com.ar\/?p=16694#breadcrumb","itemListElement":[{"@type":"ListItem","position":1,"name":"Portada","item":"https:\/\/nuevodigitaldeescobar.com.ar\/"},{"@type":"ListItem","position":2,"name":"Incendio en una vivienda de Gar\u00edn moviliz\u00f3 a los Bomberos Voluntarios"}]},{"@type":"WebSite","@id":"https:\/\/nuevodigitaldeescobar.com.ar\/#website","url":"https:\/\/nuevodigitaldeescobar.com.ar\/","name":"Nuevo Digital de Escobar","description":"La vida escobarense. Directora: Rosana Brunner","publisher":{"@id":"https:\/\/nuevodigitaldeescobar.com.ar\/#organization"},"potentialAction":[{"@type":"SearchAction","target":{"@type":"EntryPoint","urlTemplate":"https:\/\/nuevodigitaldeescobar.com.ar\/?s={search_term_string}"},"query-input":{"@type":"PropertyValueSpecification","valueRequired":true,"valueName":"search_term_string"}}],"inLanguage":"es"},{"@type":"Organization","@id":"https:\/\/nuevodigitaldeescobar.com.ar\/#organization","name":"Nuevo Digital de Escobar","url":"https:\/\/nuevodigitaldeescobar.com.ar\/","logo":{"@type":"ImageObject","inLanguage":"es","@id":"https:\/\/nuevodigitaldeescobar.com.ar\/#\/schema\/logo\/image\/","url":"https:\/\/nuevodigitaldeescobar.com.ar\/wp-content\/uploads\/2025\/05\/cropped-logo-nuevo2.jpg","contentUrl":"https:\/\/nuevodigitaldeescobar.com.ar\/wp-content\/uploads\/2025\/05\/cropped-logo-nuevo2.jpg","width":305,"height":305,"caption":"Nuevo Digital de Escobar"},"image":{"@id":"https:\/\/nuevodigitaldeescobar.com.ar\/#\/schema\/logo\/image\/"},"sameAs":["https:\/\/www.facebook.com\/NUEVODigitalDeEscobar","https:\/\/x.com\/nuevodigescobar","https:\/\/www.instagram.com\/nuevodigitaldeescobar"]},{"@type":"Person","@id":"https:\/\/nuevodigitaldeescobar.com.ar\/#\/schema\/person\/035e90a8efe9a80e6eec22656ad6ea4c","name":"Redacci\u00f3n","image":{"@type":"ImageObject","inLanguage":"es","@id":"https:\/\/nuevodigitaldeescobar.com.ar\/#\/schema\/person\/image\/","url":"https:\/\/secure.gravatar.com\/avatar\/8af8f40000c24e9eef3034f2be5998a372bb1389e64b1a4a36b3a7979142220d?s=96&d=mm&r=g","contentUrl":"https:\/\/secure.gravatar.com\/avatar\/8af8f40000c24e9eef3034f2be5998a372bb1389e64b1a4a36b3a7979142220d?s=96&d=mm&r=g","caption":"Redacci\u00f3n"},"sameAs":["http:\/\/nuevodigitaldeescobar.com.ar"],"url":"https:\/\/nuevodigitaldeescobar.com.ar\/?author=1"}]}},"featured_image_urls":{"full":["https:\/\/nuevodigitaldeescobar.com.ar\/wp-content\/uploads\/2025\/07\/ChatGPT-Image-23-jul-2025-20_58_53-e1753315261432-1.png",1024,865,false],"thumbnail":["https:\/\/nuevodigitaldeescobar.com.ar\/wp-content\/uploads\/2025\/07\/ChatGPT-Image-23-jul-2025-20_58_53-e1753315261432-1-150x150.png",150,150,true],"medium":["https:\/\/nuevodigitaldeescobar.com.ar\/wp-content\/uploads\/2025\/07\/ChatGPT-Image-23-jul-2025-20_58_53-e1753315261432-1-300x253.png",300,253,true],"medium_large":["https:\/\/nuevodigitaldeescobar.com.ar\/wp-content\/uploads\/2025\/07\/ChatGPT-Image-23-jul-2025-20_58_53-e1753315261432-1-768x649.png",640,541,true],"large":["https:\/\/nuevodigitaldeescobar.com.ar\/wp-content\/uploads\/2025\/07\/ChatGPT-Image-23-jul-2025-20_58_53-e1753315261432-1.png",640,541,false],"1536x1536":["https:\/\/nuevodigitaldeescobar.com.ar\/wp-content\/uploads\/2025\/07\/ChatGPT-Image-23-jul-2025-20_58_53-e1753315261432-1.png",1024,865,false],"2048x2048":["https:\/\/nuevodigitaldeescobar.com.ar\/wp-content\/uploads\/2025\/07\/ChatGPT-Image-23-jul-2025-20_58_53-e1753315261432-1.png",1024,865,false]},"author_info":{"display_name":"Redacci\u00f3n","author_link":"https:\/\/nuevodigitaldeescobar.com.ar\/?author=1"},"category_info":"<a href=\"https:\/\/nuevodigitaldeescobar.com.ar\/?cat=13\" rel=\"category\">Policiales<\/a>","tag_info":"Policiales","comment_count":"0","_links":{"self":[{"href":"https:\/\/nuevodigitaldeescobar.com.ar\/index.php?rest_route=\/wp\/v2\/posts\/16694","targetHints":{"allow":["GET"]}}],"collection":[{"href":"https:\/\/nuevodigitaldeescobar.com.ar\/index.php?rest_route=\/wp\/v2\/posts"}],"about":[{"href":"https:\/\/nuevodigitaldeescobar.com.ar\/index.php?rest_route=\/wp\/v2\/types\/post"}],"author":[{"embeddable":true,"href":"https:\/\/nuevodigitaldeescobar.com.ar\/index.php?rest_route=\/wp\/v2\/users\/1"}],"replies":[{"embeddable":true,"href":"https:\/\/nuevodigitaldeescobar.com.ar\/index.php?rest_route=%2Fwp%2Fv2%2Fcomments&post=16694"}],"version-history":[{"count":1,"href":"https:\/\/nuevodigitaldeescobar.com.ar\/index.php?rest_route=\/wp\/v2\/posts\/16694\/revisions"}],"predecessor-version":[{"id":16702,"href":"https:\/\/nuevodigitaldeescobar.com.ar\/index.php?rest_route=\/wp\/v2\/posts\/16694\/revisions\/16702"}],"wp:featuredmedia":[{"embeddable":true,"href":"https:\/\/nuevodigitaldeescobar.com.ar\/index.php?rest_route=\/wp\/v2\/media\/16712"}],"wp:attachment":[{"href":"https:\/\/nuevodigitaldeescobar.com.ar\/index.php?rest_route=%2Fwp%2Fv2%2Fmedia&parent=16694"}],"wp:term":[{"taxonomy":"category","embeddable":true,"href":"https:\/\/nuevodigitaldeescobar.com.ar\/index.php?rest_route=%2Fwp%2Fv2%2Fcategories&post=16694"},{"taxonomy":"post_tag","embeddable":true,"href":"https:\/\/nuevodigitaldeescobar.com.ar\/index.php?rest_route=%2Fwp%2Fv2%2Ftags&post=16694"}],"curies":[{"name":"wp","href":"https:\/\/api.w.org\/{rel}","templated":true}]}}