{"id":16703,"date":"2025-07-25T07:51:54","date_gmt":"2025-07-25T10:51:54","guid":{"rendered":"https:\/\/nuevodigitaldeescobar.com.ar\/?p=16703"},"modified":"2025-07-25T07:52:07","modified_gmt":"2025-07-25T10:52:07","slug":"mas-agentes-mas-seguridad-o-mas-gasto-publico-escobar-suma-285-nuevos-empleados-municipales-para-tareas-de-prevencion","status":"publish","type":"post","link":"https:\/\/nuevodigitaldeescobar.com.ar\/?p=16703","title":{"rendered":"M\u00e1s agentes, \u00bfm\u00e1s seguridad o m\u00e1s gasto p\u00fablico?: Escobar suma 285 nuevos empleados municipales para tareas de prevenci\u00f3n"},"content":{"rendered":"\n<p class=\"has-vivid-cyan-blue-color has-text-color has-link-color wp-elements-7a4dd02fc9e1c46a1c3574aec477aaa5\"><em><strong>En un contexto econ\u00f3mico adverso, con ca\u00edda del consumo, inflaci\u00f3n acumulada y restricciones presupuestarias a nivel nacional, el municipio de Escobar sigue expandiendo su planta de personal: esta vez, con el egreso de 285 nuevos agentes que se incorporan a la Polic\u00eda Municipal y a la Guardia Urbana local.<\/strong><\/em><\/p>\n\n\n\n<!--more-->\n\n\n\n<p>El acto oficial fue encabezado por el intendente <strong>Ariel Sujarchuk<\/strong>, junto a la secretaria de Seguridad, <strong>Roc\u00edo Fern\u00e1ndez<\/strong>, quienes destacaron la pol\u00edtica de <em>\u00abpresencia territorial\u00bb<\/em> como una respuesta concreta a la demanda ciudadana de mayor protecci\u00f3n.<\/p>\n\n\n\n<p>Sin embargo, detr\u00e1s del relato de eficiencia y cercan\u00eda, emergen <strong>preguntas inc\u00f3modas pero necesarias<\/strong>:<br><strong>\u00bfDe d\u00f3nde salen los fondos para sostener a casi 1.000 empleados municipales m\u00e1s, entre sueldos, uniformes, m\u00f3viles y formaci\u00f3n continua? \u00bfQu\u00e9 impacto tiene esto en las arcas locales, en un distrito donde los vecinos ven crecer tasas e impuestos cada a\u00f1o?<\/strong><\/p>\n\n\n\n<p>Con esta nueva camada, el municipio pasa a tener <strong>900 agentes municipales activos<\/strong> (453 en la Polic\u00eda Municipal y 416 en la Guardia Urbana), que se suman a los 627 de la Polic\u00eda Bonaerense, conformando un total de <strong>1.527 uniformados en funciones<\/strong>.<\/p>\n\n\n\n<p><em>\u00abVolvi\u00f3 la polic\u00eda a la esquina\u00bb<\/em>, expres\u00f3 Sujarchuk, aunque la comunidad a\u00fan denuncia zonas liberadas, hechos de inseguridad recurrentes y escasa respuesta ante robos o delitos menores.<\/p>\n\n\n\n<p>Las cifras oficiales aseguran que la Polic\u00eda Municipal ya intervino en m\u00e1s de 12.000 situaciones, con casi 5.000 acciones operativas y 419 personas aprehendidas. Pero no hay estudios p\u00fablicos que permitan evaluar el <strong>costo por operativo<\/strong> ni tampoco la <strong>efectividad real de estos despliegues<\/strong>.<\/p>\n\n\n\n<p>Fern\u00e1ndez, por su parte, habl\u00f3 de una <em>\u00abred de seguridad y contenci\u00f3n\u00bb<\/em>, aunque no detall\u00f3 cu\u00e1nto destina mensualmente el municipio al mantenimiento de esta fuerza, ni qu\u00e9 porcentaje del presupuesto total representa esta pol\u00edtica.<\/p>\n\n\n\n<p>En paralelo, el distrito enfrenta <strong>reclamos de escuelas sin calefacci\u00f3n<\/strong>, <strong>hospitales sin insumos<\/strong>, calles deterioradas y <strong>problemas estructurales de acceso al agua y cloacas<\/strong>. En este escenario, la decisi\u00f3n de seguir sumando empleados municipales en lugar de mejorar recursos ya existentes <strong>abre un debate inevitable sobre prioridades<\/strong>.<\/p>\n\n\n\n<p>M\u00e1s all\u00e1 de los aplausos en el acto de egreso, <strong>la comunidad espera resultados visibles<\/strong>: menor tasa de robos, m\u00e1s patrullajes nocturnos, botones de p\u00e1nico que funcionen y c\u00e1maras de seguridad conectadas en tiempo real. Porque sin transparencia en la inversi\u00f3n y sin datos p\u00fablicos sobre eficacia, <strong>el n\u00famero de uniformes no garantiza mayor seguridad.<\/strong><\/p>\n","protected":false},"excerpt":{"rendered":"<p>En un contexto econ\u00f3mico adverso, con ca\u00edda del consumo, inflaci\u00f3n acumulada y restricciones presupuestarias a nivel nacional, el municipio de Escobar sigue expandiendo su planta [&hellip;]<\/p>\n","protected":false},"author":1,"featured_media":16704,"comment_status":"open","ping_status":"open","sticky":false,"template":"","format":"standard","meta":{"footnotes":""},"categories":[7],"tags":[],"class_list":["post-16703","post","type-post","status-publish","format-standard","has-post-thumbnail","hentry","category-interes-general"],"better_featured_image":{"id":16704,"alt_text":"","caption":"","description":"","media_type":"image","media_details":{"width":1600,"height":1066,"file":"2025\/07\/egresomunicipal215.jpg","filesize":599968,"sizes":{"medium":{"file":"egresomunicipal215-300x200.jpg","width":300,"height":200,"mime-type":"image\/jpeg","filesize":27613,"source_url":"https:\/\/nuevodigitaldeescobar.com.ar\/wp-content\/uploads\/2025\/07\/egresomunicipal215-300x200.jpg"},"large":{"file":"egresomunicipal215-1024x682.jpg","width":1024,"height":682,"mime-type":"image\/jpeg","filesize":207995,"source_url":"https:\/\/nuevodigitaldeescobar.com.ar\/wp-content\/uploads\/2025\/07\/egresomunicipal215-1024x682.jpg"},"thumbnail":{"file":"egresomunicipal215-150x150.jpg","width":150,"height":150,"mime-type":"image\/jpeg","filesize":13474,"source_url":"https:\/\/nuevodigitaldeescobar.com.ar\/wp-content\/uploads\/2025\/07\/egresomunicipal215-150x150.jpg"},"medium_large":{"file":"egresomunicipal215-768x512.jpg","width":768,"height":512,"mime-type":"image\/jpeg","filesize":127607,"source_url":"https:\/\/nuevodigitaldeescobar.com.ar\/wp-content\/uploads\/2025\/07\/egresomunicipal215-768x512.jpg"},"1536x1536":{"file":"egresomunicipal215-1536x1023.jpg","width":1536,"height":1023,"mime-type":"image\/jpeg","filesize":406006,"source_url":"https:\/\/nuevodigitaldeescobar.com.ar\/wp-content\/uploads\/2025\/07\/egresomunicipal215-1536x1023.jpg"}},"image_meta":{"aperture":"0","credit":"","camera":"","caption":"","created_timestamp":"0","copyright":"","focal_length":"0","iso":"0","shutter_speed":"0","title":"","orientation":"0","keywords":[]}},"post":16703,"source_url":"https:\/\/nuevodigitaldeescobar.com.ar\/wp-content\/uploads\/2025\/07\/egresomunicipal215.jpg"},"yoast_head":"<!-- This site is optimized with the Yoast SEO plugin v26.1.1 - https:\/\/yoast.com\/wordpress\/plugins\/seo\/ -->\n<title>M\u00e1s agentes, \u00bfm\u00e1s seguridad o m\u00e1s gasto p\u00fablico?: Escobar suma 285 nuevos empleados municipales para tareas de prevenci\u00f3n - Nuevo Digital de Escobar<\/title>\n<meta name=\"robots\" content=\"index, follow, max-snippet:-1, max-image-preview:large, max-video-preview:-1\" \/>\n<link rel=\"canonical\" href=\"https:\/\/nuevodigitaldeescobar.com.ar\/?p=16703\" \/>\n<meta property=\"og:locale\" content=\"es_ES\" \/>\n<meta property=\"og:type\" content=\"article\" \/>\n<meta property=\"og:title\" content=\"M\u00e1s agentes, \u00bfm\u00e1s seguridad o m\u00e1s gasto p\u00fablico?: Escobar suma 285 nuevos empleados municipales para tareas de prevenci\u00f3n - Nuevo Digital de Escobar\" \/>\n<meta property=\"og:description\" content=\"En un contexto econ\u00f3mico adverso, con ca\u00edda del consumo, inflaci\u00f3n acumulada y restricciones presupuestarias a nivel nacional, el municipio de Escobar sigue expandiendo su planta [&hellip;]\" \/>\n<meta property=\"og:url\" content=\"https:\/\/nuevodigitaldeescobar.com.ar\/?p=16703\" \/>\n<meta property=\"og:site_name\" content=\"Nuevo Digital de Escobar\" \/>\n<meta property=\"article:publisher\" content=\"https:\/\/www.facebook.com\/NUEVODigitalDeEscobar\" \/>\n<meta property=\"article:published_time\" content=\"2025-07-25T10:51:54+00:00\" \/>\n<meta property=\"article:modified_time\" content=\"2025-07-25T10:52:07+00:00\" \/>\n<meta property=\"og:image\" content=\"http:\/\/nuevodigitaldeescobar.com.ar\/wp-content\/uploads\/2025\/07\/egresomunicipal215.jpg\" \/>\n\t<meta property=\"og:image:width\" content=\"1600\" \/>\n\t<meta property=\"og:image:height\" content=\"1066\" \/>\n\t<meta property=\"og:image:type\" content=\"image\/jpeg\" \/>\n<meta name=\"author\" content=\"Redacci\u00f3n\" \/>\n<meta name=\"twitter:card\" content=\"summary_large_image\" \/>\n<meta name=\"twitter:creator\" content=\"@nuevodigescobar\" \/>\n<meta name=\"twitter:site\" content=\"@nuevodigescobar\" \/>\n<meta name=\"twitter:label1\" content=\"Escrito por\" \/>\n\t<meta name=\"twitter:data1\" content=\"Redacci\u00f3n\" \/>\n\t<meta name=\"twitter:label2\" content=\"Tiempo de lectura\" \/>\n\t<meta name=\"twitter:data2\" content=\"2 minutos\" \/>\n<script type=\"application\/ld+json\" class=\"yoast-schema-graph\">{\"@context\":\"https:\/\/schema.org\",\"@graph\":[{\"@type\":\"Article\",\"@id\":\"https:\/\/nuevodigitaldeescobar.com.ar\/?p=16703#article\",\"isPartOf\":{\"@id\":\"https:\/\/nuevodigitaldeescobar.com.ar\/?p=16703\"},\"author\":{\"name\":\"Redacci\u00f3n\",\"@id\":\"https:\/\/nuevodigitaldeescobar.com.ar\/#\/schema\/person\/035e90a8efe9a80e6eec22656ad6ea4c\"},\"headline\":\"M\u00e1s agentes, \u00bfm\u00e1s seguridad o m\u00e1s gasto p\u00fablico?: Escobar suma 285 nuevos empleados municipales para tareas de prevenci\u00f3n\",\"datePublished\":\"2025-07-25T10:51:54+00:00\",\"dateModified\":\"2025-07-25T10:52:07+00:00\",\"mainEntityOfPage\":{\"@id\":\"https:\/\/nuevodigitaldeescobar.com.ar\/?p=16703\"},\"wordCount\":437,\"commentCount\":0,\"publisher\":{\"@id\":\"https:\/\/nuevodigitaldeescobar.com.ar\/#organization\"},\"image\":{\"@id\":\"https:\/\/nuevodigitaldeescobar.com.ar\/?p=16703#primaryimage\"},\"thumbnailUrl\":\"https:\/\/nuevodigitaldeescobar.com.ar\/wp-content\/uploads\/2025\/07\/egresomunicipal215.jpg\",\"articleSection\":[\"Inter\u00e9s general\"],\"inLanguage\":\"es\",\"potentialAction\":[{\"@type\":\"CommentAction\",\"name\":\"Comment\",\"target\":[\"https:\/\/nuevodigitaldeescobar.com.ar\/?p=16703#respond\"]}]},{\"@type\":\"WebPage\",\"@id\":\"https:\/\/nuevodigitaldeescobar.com.ar\/?p=16703\",\"url\":\"https:\/\/nuevodigitaldeescobar.com.ar\/?p=16703\",\"name\":\"M\u00e1s agentes, \u00bfm\u00e1s seguridad o m\u00e1s gasto p\u00fablico?: Escobar suma 285 nuevos empleados municipales para tareas de prevenci\u00f3n - Nuevo Digital de Escobar\",\"isPartOf\":{\"@id\":\"https:\/\/nuevodigitaldeescobar.com.ar\/#website\"},\"primaryImageOfPage\":{\"@id\":\"https:\/\/nuevodigitaldeescobar.com.ar\/?p=16703#primaryimage\"},\"image\":{\"@id\":\"https:\/\/nuevodigitaldeescobar.com.ar\/?p=16703#primaryimage\"},\"thumbnailUrl\":\"https:\/\/nuevodigitaldeescobar.com.ar\/wp-content\/uploads\/2025\/07\/egresomunicipal215.jpg\",\"datePublished\":\"2025-07-25T10:51:54+00:00\",\"dateModified\":\"2025-07-25T10:52:07+00:00\",\"breadcrumb\":{\"@id\":\"https:\/\/nuevodigitaldeescobar.com.ar\/?p=16703#breadcrumb\"},\"inLanguage\":\"es\",\"potentialAction\":[{\"@type\":\"ReadAction\",\"target\":[\"https:\/\/nuevodigitaldeescobar.com.ar\/?p=16703\"]}]},{\"@type\":\"ImageObject\",\"inLanguage\":\"es\",\"@id\":\"https:\/\/nuevodigitaldeescobar.com.ar\/?p=16703#primaryimage\",\"url\":\"https:\/\/nuevodigitaldeescobar.com.ar\/wp-content\/uploads\/2025\/07\/egresomunicipal215.jpg\",\"contentUrl\":\"https:\/\/nuevodigitaldeescobar.com.ar\/wp-content\/uploads\/2025\/07\/egresomunicipal215.jpg\",\"width\":1600,\"height\":1066},{\"@type\":\"BreadcrumbList\",\"@id\":\"https:\/\/nuevodigitaldeescobar.com.ar\/?p=16703#breadcrumb\",\"itemListElement\":[{\"@type\":\"ListItem\",\"position\":1,\"name\":\"Portada\",\"item\":\"https:\/\/nuevodigitaldeescobar.com.ar\/\"},{\"@type\":\"ListItem\",\"position\":2,\"name\":\"M\u00e1s agentes, \u00bfm\u00e1s seguridad o m\u00e1s gasto p\u00fablico?: Escobar suma 285 nuevos empleados municipales para tareas de prevenci\u00f3n\"}]},{\"@type\":\"WebSite\",\"@id\":\"https:\/\/nuevodigitaldeescobar.com.ar\/#website\",\"url\":\"https:\/\/nuevodigitaldeescobar.com.ar\/\",\"name\":\"Nuevo Digital de Escobar\",\"description\":\"La vida escobarense. Directora: Rosana Brunner\",\"publisher\":{\"@id\":\"https:\/\/nuevodigitaldeescobar.com.ar\/#organization\"},\"potentialAction\":[{\"@type\":\"SearchAction\",\"target\":{\"@type\":\"EntryPoint\",\"urlTemplate\":\"https:\/\/nuevodigitaldeescobar.com.ar\/?s={search_term_string}\"},\"query-input\":{\"@type\":\"PropertyValueSpecification\",\"valueRequired\":true,\"valueName\":\"search_term_string\"}}],\"inLanguage\":\"es\"},{\"@type\":\"Organization\",\"@id\":\"https:\/\/nuevodigitaldeescobar.com.ar\/#organization\",\"name\":\"Nuevo Digital de Escobar\",\"url\":\"https:\/\/nuevodigitaldeescobar.com.ar\/\",\"logo\":{\"@type\":\"ImageObject\",\"inLanguage\":\"es\",\"@id\":\"https:\/\/nuevodigitaldeescobar.com.ar\/#\/schema\/logo\/image\/\",\"url\":\"https:\/\/nuevodigitaldeescobar.com.ar\/wp-content\/uploads\/2025\/05\/cropped-logo-nuevo2.jpg\",\"contentUrl\":\"https:\/\/nuevodigitaldeescobar.com.ar\/wp-content\/uploads\/2025\/05\/cropped-logo-nuevo2.jpg\",\"width\":305,\"height\":305,\"caption\":\"Nuevo Digital de Escobar\"},\"image\":{\"@id\":\"https:\/\/nuevodigitaldeescobar.com.ar\/#\/schema\/logo\/image\/\"},\"sameAs\":[\"https:\/\/www.facebook.com\/NUEVODigitalDeEscobar\",\"https:\/\/x.com\/nuevodigescobar\",\"https:\/\/www.instagram.com\/nuevodigitaldeescobar\"]},{\"@type\":\"Person\",\"@id\":\"https:\/\/nuevodigitaldeescobar.com.ar\/#\/schema\/person\/035e90a8efe9a80e6eec22656ad6ea4c\",\"name\":\"Redacci\u00f3n\",\"image\":{\"@type\":\"ImageObject\",\"inLanguage\":\"es\",\"@id\":\"https:\/\/nuevodigitaldeescobar.com.ar\/#\/schema\/person\/image\/\",\"url\":\"https:\/\/secure.gravatar.com\/avatar\/8af8f40000c24e9eef3034f2be5998a372bb1389e64b1a4a36b3a7979142220d?s=96&d=mm&r=g\",\"contentUrl\":\"https:\/\/secure.gravatar.com\/avatar\/8af8f40000c24e9eef3034f2be5998a372bb1389e64b1a4a36b3a7979142220d?s=96&d=mm&r=g\",\"caption\":\"Redacci\u00f3n\"},\"sameAs\":[\"http:\/\/nuevodigitaldeescobar.com.ar\"],\"url\":\"https:\/\/nuevodigitaldeescobar.com.ar\/?author=1\"}]}<\/script>\n<!-- \/ Yoast SEO plugin. -->","yoast_head_json":{"title":"M\u00e1s agentes, \u00bfm\u00e1s seguridad o m\u00e1s gasto p\u00fablico?: Escobar suma 285 nuevos empleados municipales para tareas de prevenci\u00f3n - Nuevo Digital de Escobar","robots":{"index":"index","follow":"follow","max-snippet":"max-snippet:-1","max-image-preview":"max-image-preview:large","max-video-preview":"max-video-preview:-1"},"canonical":"https:\/\/nuevodigitaldeescobar.com.ar\/?p=16703","og_locale":"es_ES","og_type":"article","og_title":"M\u00e1s agentes, \u00bfm\u00e1s seguridad o m\u00e1s gasto p\u00fablico?: Escobar suma 285 nuevos empleados municipales para tareas de prevenci\u00f3n - Nuevo Digital de Escobar","og_description":"En un contexto econ\u00f3mico adverso, con ca\u00edda del consumo, inflaci\u00f3n acumulada y restricciones presupuestarias a nivel nacional, el municipio de Escobar sigue expandiendo su planta [&hellip;]","og_url":"https:\/\/nuevodigitaldeescobar.com.ar\/?p=16703","og_site_name":"Nuevo Digital de Escobar","article_publisher":"https:\/\/www.facebook.com\/NUEVODigitalDeEscobar","article_published_time":"2025-07-25T10:51:54+00:00","article_modified_time":"2025-07-25T10:52:07+00:00","og_image":[{"width":1600,"height":1066,"url":"http:\/\/nuevodigitaldeescobar.com.ar\/wp-content\/uploads\/2025\/07\/egresomunicipal215.jpg","type":"image\/jpeg"}],"author":"Redacci\u00f3n","twitter_card":"summary_large_image","twitter_creator":"@nuevodigescobar","twitter_site":"@nuevodigescobar","twitter_misc":{"Escrito por":"Redacci\u00f3n","Tiempo de lectura":"2 minutos"},"schema":{"@context":"https:\/\/schema.org","@graph":[{"@type":"Article","@id":"https:\/\/nuevodigitaldeescobar.com.ar\/?p=16703#article","isPartOf":{"@id":"https:\/\/nuevodigitaldeescobar.com.ar\/?p=16703"},"author":{"name":"Redacci\u00f3n","@id":"https:\/\/nuevodigitaldeescobar.com.ar\/#\/schema\/person\/035e90a8efe9a80e6eec22656ad6ea4c"},"headline":"M\u00e1s agentes, \u00bfm\u00e1s seguridad o m\u00e1s gasto p\u00fablico?: Escobar suma 285 nuevos empleados municipales para tareas de prevenci\u00f3n","datePublished":"2025-07-25T10:51:54+00:00","dateModified":"2025-07-25T10:52:07+00:00","mainEntityOfPage":{"@id":"https:\/\/nuevodigitaldeescobar.com.ar\/?p=16703"},"wordCount":437,"commentCount":0,"publisher":{"@id":"https:\/\/nuevodigitaldeescobar.com.ar\/#organization"},"image":{"@id":"https:\/\/nuevodigitaldeescobar.com.ar\/?p=16703#primaryimage"},"thumbnailUrl":"https:\/\/nuevodigitaldeescobar.com.ar\/wp-content\/uploads\/2025\/07\/egresomunicipal215.jpg","articleSection":["Inter\u00e9s general"],"inLanguage":"es","potentialAction":[{"@type":"CommentAction","name":"Comment","target":["https:\/\/nuevodigitaldeescobar.com.ar\/?p=16703#respond"]}]},{"@type":"WebPage","@id":"https:\/\/nuevodigitaldeescobar.com.ar\/?p=16703","url":"https:\/\/nuevodigitaldeescobar.com.ar\/?p=16703","name":"M\u00e1s agentes, \u00bfm\u00e1s seguridad o m\u00e1s gasto p\u00fablico?: Escobar suma 285 nuevos empleados municipales para tareas de prevenci\u00f3n - Nuevo Digital de Escobar","isPartOf":{"@id":"https:\/\/nuevodigitaldeescobar.com.ar\/#website"},"primaryImageOfPage":{"@id":"https:\/\/nuevodigitaldeescobar.com.ar\/?p=16703#primaryimage"},"image":{"@id":"https:\/\/nuevodigitaldeescobar.com.ar\/?p=16703#primaryimage"},"thumbnailUrl":"https:\/\/nuevodigitaldeescobar.com.ar\/wp-content\/uploads\/2025\/07\/egresomunicipal215.jpg","datePublished":"2025-07-25T10:51:54+00:00","dateModified":"2025-07-25T10:52:07+00:00","breadcrumb":{"@id":"https:\/\/nuevodigitaldeescobar.com.ar\/?p=16703#breadcrumb"},"inLanguage":"es","potentialAction":[{"@type":"ReadAction","target":["https:\/\/nuevodigitaldeescobar.com.ar\/?p=16703"]}]},{"@type":"ImageObject","inLanguage":"es","@id":"https:\/\/nuevodigitaldeescobar.com.ar\/?p=16703#primaryimage","url":"https:\/\/nuevodigitaldeescobar.com.ar\/wp-content\/uploads\/2025\/07\/egresomunicipal215.jpg","contentUrl":"https:\/\/nuevodigitaldeescobar.com.ar\/wp-content\/uploads\/2025\/07\/egresomunicipal215.jpg","width":1600,"height":1066},{"@type":"BreadcrumbList","@id":"https:\/\/nuevodigitaldeescobar.com.ar\/?p=16703#breadcrumb","itemListElement":[{"@type":"ListItem","position":1,"name":"Portada","item":"https:\/\/nuevodigitaldeescobar.com.ar\/"},{"@type":"ListItem","position":2,"name":"M\u00e1s agentes, \u00bfm\u00e1s seguridad o m\u00e1s gasto p\u00fablico?: Escobar suma 285 nuevos empleados municipales para tareas de prevenci\u00f3n"}]},{"@type":"WebSite","@id":"https:\/\/nuevodigitaldeescobar.com.ar\/#website","url":"https:\/\/nuevodigitaldeescobar.com.ar\/","name":"Nuevo Digital de Escobar","description":"La vida escobarense. Directora: Rosana Brunner","publisher":{"@id":"https:\/\/nuevodigitaldeescobar.com.ar\/#organization"},"potentialAction":[{"@type":"SearchAction","target":{"@type":"EntryPoint","urlTemplate":"https:\/\/nuevodigitaldeescobar.com.ar\/?s={search_term_string}"},"query-input":{"@type":"PropertyValueSpecification","valueRequired":true,"valueName":"search_term_string"}}],"inLanguage":"es"},{"@type":"Organization","@id":"https:\/\/nuevodigitaldeescobar.com.ar\/#organization","name":"Nuevo Digital de Escobar","url":"https:\/\/nuevodigitaldeescobar.com.ar\/","logo":{"@type":"ImageObject","inLanguage":"es","@id":"https:\/\/nuevodigitaldeescobar.com.ar\/#\/schema\/logo\/image\/","url":"https:\/\/nuevodigitaldeescobar.com.ar\/wp-content\/uploads\/2025\/05\/cropped-logo-nuevo2.jpg","contentUrl":"https:\/\/nuevodigitaldeescobar.com.ar\/wp-content\/uploads\/2025\/05\/cropped-logo-nuevo2.jpg","width":305,"height":305,"caption":"Nuevo Digital de Escobar"},"image":{"@id":"https:\/\/nuevodigitaldeescobar.com.ar\/#\/schema\/logo\/image\/"},"sameAs":["https:\/\/www.facebook.com\/NUEVODigitalDeEscobar","https:\/\/x.com\/nuevodigescobar","https:\/\/www.instagram.com\/nuevodigitaldeescobar"]},{"@type":"Person","@id":"https:\/\/nuevodigitaldeescobar.com.ar\/#\/schema\/person\/035e90a8efe9a80e6eec22656ad6ea4c","name":"Redacci\u00f3n","image":{"@type":"ImageObject","inLanguage":"es","@id":"https:\/\/nuevodigitaldeescobar.com.ar\/#\/schema\/person\/image\/","url":"https:\/\/secure.gravatar.com\/avatar\/8af8f40000c24e9eef3034f2be5998a372bb1389e64b1a4a36b3a7979142220d?s=96&d=mm&r=g","contentUrl":"https:\/\/secure.gravatar.com\/avatar\/8af8f40000c24e9eef3034f2be5998a372bb1389e64b1a4a36b3a7979142220d?s=96&d=mm&r=g","caption":"Redacci\u00f3n"},"sameAs":["http:\/\/nuevodigitaldeescobar.com.ar"],"url":"https:\/\/nuevodigitaldeescobar.com.ar\/?author=1"}]}},"featured_image_urls":{"full":["https:\/\/nuevodigitaldeescobar.com.ar\/wp-content\/uploads\/2025\/07\/egresomunicipal215.jpg",1600,1066,false],"thumbnail":["https:\/\/nuevodigitaldeescobar.com.ar\/wp-content\/uploads\/2025\/07\/egresomunicipal215-150x150.jpg",150,150,true],"medium":["https:\/\/nuevodigitaldeescobar.com.ar\/wp-content\/uploads\/2025\/07\/egresomunicipal215-300x200.jpg",300,200,true],"medium_large":["https:\/\/nuevodigitaldeescobar.com.ar\/wp-content\/uploads\/2025\/07\/egresomunicipal215-768x512.jpg",640,427,true],"large":["https:\/\/nuevodigitaldeescobar.com.ar\/wp-content\/uploads\/2025\/07\/egresomunicipal215-1024x682.jpg",640,426,true],"1536x1536":["https:\/\/nuevodigitaldeescobar.com.ar\/wp-content\/uploads\/2025\/07\/egresomunicipal215-1536x1023.jpg",1536,1023,true],"2048x2048":["https:\/\/nuevodigitaldeescobar.com.ar\/wp-content\/uploads\/2025\/07\/egresomunicipal215.jpg",1600,1066,false]},"author_info":{"display_name":"Redacci\u00f3n","author_link":"https:\/\/nuevodigitaldeescobar.com.ar\/?author=1"},"category_info":"<a href=\"https:\/\/nuevodigitaldeescobar.com.ar\/?cat=7\" rel=\"category\">Inter\u00e9s general<\/a>","tag_info":"Inter\u00e9s general","comment_count":"0","_links":{"self":[{"href":"https:\/\/nuevodigitaldeescobar.com.ar\/index.php?rest_route=\/wp\/v2\/posts\/16703","targetHints":{"allow":["GET"]}}],"collection":[{"href":"https:\/\/nuevodigitaldeescobar.com.ar\/index.php?rest_route=\/wp\/v2\/posts"}],"about":[{"href":"https:\/\/nuevodigitaldeescobar.com.ar\/index.php?rest_route=\/wp\/v2\/types\/post"}],"author":[{"embeddable":true,"href":"https:\/\/nuevodigitaldeescobar.com.ar\/index.php?rest_route=\/wp\/v2\/users\/1"}],"replies":[{"embeddable":true,"href":"https:\/\/nuevodigitaldeescobar.com.ar\/index.php?rest_route=%2Fwp%2Fv2%2Fcomments&post=16703"}],"version-history":[{"count":1,"href":"https:\/\/nuevodigitaldeescobar.com.ar\/index.php?rest_route=\/wp\/v2\/posts\/16703\/revisions"}],"predecessor-version":[{"id":16705,"href":"https:\/\/nuevodigitaldeescobar.com.ar\/index.php?rest_route=\/wp\/v2\/posts\/16703\/revisions\/16705"}],"wp:featuredmedia":[{"embeddable":true,"href":"https:\/\/nuevodigitaldeescobar.com.ar\/index.php?rest_route=\/wp\/v2\/media\/16704"}],"wp:attachment":[{"href":"https:\/\/nuevodigitaldeescobar.com.ar\/index.php?rest_route=%2Fwp%2Fv2%2Fmedia&parent=16703"}],"wp:term":[{"taxonomy":"category","embeddable":true,"href":"https:\/\/nuevodigitaldeescobar.com.ar\/index.php?rest_route=%2Fwp%2Fv2%2Fcategories&post=16703"},{"taxonomy":"post_tag","embeddable":true,"href":"https:\/\/nuevodigitaldeescobar.com.ar\/index.php?rest_route=%2Fwp%2Fv2%2Ftags&post=16703"}],"curies":[{"name":"wp","href":"https:\/\/api.w.org\/{rel}","templated":true}]}}