{"id":16731,"date":"2025-07-25T11:27:10","date_gmt":"2025-07-25T14:27:10","guid":{"rendered":"https:\/\/nuevodigitaldeescobar.com.ar\/?p=16731"},"modified":"2025-07-25T11:27:22","modified_gmt":"2025-07-25T14:27:22","slug":"proponen-instituir-el-dia-del-periodista-escobarense","status":"publish","type":"post","link":"https:\/\/nuevodigitaldeescobar.com.ar\/?p=16731","title":{"rendered":"Proponen instituir el \u201cD\u00eda del Periodista Escobarense\u201d"},"content":{"rendered":"\n<p>En una reuni\u00f3n celebrada este jueves en el Concejo Deliberante de Escobar, periodistas locales y concejales debatieron y respaldaron un proyecto que busca institucionalizar el \u201cD\u00eda del Periodista Escobarense\u201d. La iniciativa, impulsada originalmente por el comunicador Mart\u00edn Pozzo, recibi\u00f3 el acompa\u00f1amiento de numerosos colegas y legisladores. Nuevo Digital fue parte de la jornada.<\/p>\n\n\n\n<!--more-->\n\n\n\n<p>La propuesta plantea establecer el 18 de noviembre como fecha conmemorativa, en alusi\u00f3n al nacimiento del peri\u00f3dico <em>El Actual<\/em>, fundado por Tilo Wenner en 1964. Considerado el primer medio de comunicaci\u00f3n masiva genuinamente escobarense, <em>El Actual<\/em> no s\u00f3lo fue pionero en la cobertura vecinal, sino que tambi\u00e9n se destac\u00f3 por su compromiso con la verdad, la justicia social y la libertad de expresi\u00f3n.<\/p>\n\n\n\n<p>Tilo Wenner, figura central de este homenaje, fue un intelectual nacido en Entre R\u00edos que, junto a su esposa Eliana Na\u00f3n, se radic\u00f3 en Escobar y fund\u00f3 la imprenta Rayo, epicentro de la actividad period\u00edstica local en las d\u00e9cadas del \u201960 y \u201970. Wenner fue secuestrado y desaparecido durante la \u00faltima dictadura c\u00edvico-militar, lo que lo convirti\u00f3 en s\u00edmbolo de la resistencia democr\u00e1tica y del periodismo comprometido.<\/p>\n\n\n<div class=\"wp-block-image\">\n<figure class=\"aligncenter size-large\"><img fetchpriority=\"high\" decoding=\"async\" width=\"1024\" height=\"576\" src=\"http:\/\/nuevodigitaldeescobar.com.ar\/wp-content\/uploads\/2025\/07\/20250724_114514-1024x576.jpg\" alt=\"\" class=\"wp-image-16733\" srcset=\"https:\/\/nuevodigitaldeescobar.com.ar\/wp-content\/uploads\/2025\/07\/20250724_114514-1024x576.jpg 1024w, https:\/\/nuevodigitaldeescobar.com.ar\/wp-content\/uploads\/2025\/07\/20250724_114514-300x169.jpg 300w, https:\/\/nuevodigitaldeescobar.com.ar\/wp-content\/uploads\/2025\/07\/20250724_114514-768x432.jpg 768w, https:\/\/nuevodigitaldeescobar.com.ar\/wp-content\/uploads\/2025\/07\/20250724_114514-1536x864.jpg 1536w, https:\/\/nuevodigitaldeescobar.com.ar\/wp-content\/uploads\/2025\/07\/20250724_114514.jpg 2048w\" sizes=\"(max-width: 1024px) 100vw, 1024px\" \/><\/figure><\/div>\n\n\n<p>\u201cEl proyecto no s\u00f3lo busca honrar a quienes marcaron la historia del periodismo escobarense, sino tambi\u00e9n fortalecer la identidad comunitaria y valorar la tarea cotidiana de los medios locales en un contexto de profundos desaf\u00edos econ\u00f3micos y tecnol\u00f3gicos\u201d, se se\u00f1al\u00f3 durante el encuentro.<\/p>\n\n\n<div class=\"wp-block-image\">\n<figure class=\"aligncenter size-large\"><img decoding=\"async\" width=\"1024\" height=\"576\" src=\"http:\/\/nuevodigitaldeescobar.com.ar\/wp-content\/uploads\/2025\/07\/20250724_114807-1024x576.jpg\" alt=\"\" class=\"wp-image-16734\" srcset=\"https:\/\/nuevodigitaldeescobar.com.ar\/wp-content\/uploads\/2025\/07\/20250724_114807-1024x576.jpg 1024w, https:\/\/nuevodigitaldeescobar.com.ar\/wp-content\/uploads\/2025\/07\/20250724_114807-300x169.jpg 300w, https:\/\/nuevodigitaldeescobar.com.ar\/wp-content\/uploads\/2025\/07\/20250724_114807-768x432.jpg 768w, https:\/\/nuevodigitaldeescobar.com.ar\/wp-content\/uploads\/2025\/07\/20250724_114807-1536x864.jpg 1536w, https:\/\/nuevodigitaldeescobar.com.ar\/wp-content\/uploads\/2025\/07\/20250724_114807.jpg 2048w\" sizes=\"(max-width: 1024px) 100vw, 1024px\" \/><\/figure><\/div>\n\n\n<p>Adem\u00e1s del reconocimiento simb\u00f3lico, el proyecto contempla actividades durante el a\u00f1o, como actos en homenaje a periodistas, conferencias, exposiciones documentales y charlas en escuelas para fomentar el inter\u00e9s por el periodismo local entre las nuevas generaciones.<\/p>\n\n\n\n<p>El expediente ya comenz\u00f3 su recorrido legislativo, y se espera que sea tratado formalmente en el recinto durante las pr\u00f3ximas sesiones.<\/p>\n","protected":false},"excerpt":{"rendered":"<p>En una reuni\u00f3n celebrada este jueves en el Concejo Deliberante de Escobar, periodistas locales y concejales debatieron y respaldaron un proyecto que busca institucionalizar el [&hellip;]<\/p>\n","protected":false},"author":1,"featured_media":16732,"comment_status":"open","ping_status":"open","sticky":false,"template":"","format":"standard","meta":{"footnotes":""},"categories":[12],"tags":[426],"class_list":["post-16731","post","type-post","status-publish","format-standard","has-post-thumbnail","hentry","category-legislativas","tag-ia-del-periodista-escobarense"],"better_featured_image":{"id":16732,"alt_text":"","caption":"","description":"","media_type":"image","media_details":{"width":2048,"height":1152,"file":"2025\/07\/20250724_114122.jpg","filesize":1048529,"sizes":{"medium":{"file":"20250724_114122-300x169.jpg","width":300,"height":169,"mime-type":"image\/jpeg","filesize":30756,"source_url":"https:\/\/nuevodigitaldeescobar.com.ar\/wp-content\/uploads\/2025\/07\/20250724_114122-300x169.jpg"},"large":{"file":"20250724_114122-1024x576.jpg","width":1024,"height":576,"mime-type":"image\/jpeg","filesize":126283,"source_url":"https:\/\/nuevodigitaldeescobar.com.ar\/wp-content\/uploads\/2025\/07\/20250724_114122-1024x576.jpg"},"thumbnail":{"file":"20250724_114122-150x150.jpg","width":150,"height":150,"mime-type":"image\/jpeg","filesize":23131,"source_url":"https:\/\/nuevodigitaldeescobar.com.ar\/wp-content\/uploads\/2025\/07\/20250724_114122-150x150.jpg"},"medium_large":{"file":"20250724_114122-768x432.jpg","width":768,"height":432,"mime-type":"image\/jpeg","filesize":85543,"source_url":"https:\/\/nuevodigitaldeescobar.com.ar\/wp-content\/uploads\/2025\/07\/20250724_114122-768x432.jpg"},"1536x1536":{"file":"20250724_114122-1536x864.jpg","width":1536,"height":864,"mime-type":"image\/jpeg","filesize":232045,"source_url":"https:\/\/nuevodigitaldeescobar.com.ar\/wp-content\/uploads\/2025\/07\/20250724_114122-1536x864.jpg"}},"image_meta":{"aperture":"1.8","credit":"","camera":"SM-G781B","caption":"","created_timestamp":"1753368082","copyright":"","focal_length":"5.4","iso":"250","shutter_speed":"0.02","title":"","orientation":"0","keywords":[]}},"post":16731,"source_url":"https:\/\/nuevodigitaldeescobar.com.ar\/wp-content\/uploads\/2025\/07\/20250724_114122.jpg"},"yoast_head":"<!-- This site is optimized with the Yoast SEO plugin v26.1.1 - https:\/\/yoast.com\/wordpress\/plugins\/seo\/ -->\n<title>Proponen instituir el \u201cD\u00eda del Periodista Escobarense\u201d - Nuevo Digital de Escobar<\/title>\n<meta name=\"description\" content=\"La propuesta plantea establecer el 18 de noviembre como fecha conmemorativa, en alusi\u00f3n al nacimiento del peri\u00f3dico El Actual, fundado por Tilo Wenner en 1964.\" \/>\n<meta name=\"robots\" content=\"index, follow, max-snippet:-1, max-image-preview:large, max-video-preview:-1\" \/>\n<link rel=\"canonical\" href=\"https:\/\/nuevodigitaldeescobar.com.ar\/?p=16731\" \/>\n<meta property=\"og:locale\" content=\"es_ES\" \/>\n<meta property=\"og:type\" content=\"article\" \/>\n<meta property=\"og:title\" content=\"Proponen instituir el \u201cD\u00eda del Periodista Escobarense\u201d\" \/>\n<meta property=\"og:description\" content=\"La propuesta plantea establecer el 18 de noviembre como fecha conmemorativa, en alusi\u00f3n al nacimiento del peri\u00f3dico El Actual, fundado por Tilo Wenner en 1964.\" \/>\n<meta property=\"og:url\" content=\"https:\/\/nuevodigitaldeescobar.com.ar\/?p=16731\" \/>\n<meta property=\"og:site_name\" content=\"Nuevo Digital de Escobar\" \/>\n<meta property=\"article:publisher\" content=\"https:\/\/www.facebook.com\/NUEVODigitalDeEscobar\" \/>\n<meta property=\"article:published_time\" content=\"2025-07-25T14:27:10+00:00\" \/>\n<meta property=\"article:modified_time\" content=\"2025-07-25T14:27:22+00:00\" \/>\n<meta property=\"og:image\" content=\"http:\/\/nuevodigitaldeescobar.com.ar\/wp-content\/uploads\/2025\/07\/20250724_114122.jpg\" \/>\n\t<meta property=\"og:image:width\" content=\"2048\" \/>\n\t<meta property=\"og:image:height\" content=\"1152\" \/>\n\t<meta property=\"og:image:type\" content=\"image\/jpeg\" \/>\n<meta name=\"author\" content=\"Redacci\u00f3n\" \/>\n<meta name=\"twitter:card\" content=\"summary_large_image\" \/>\n<meta name=\"twitter:creator\" content=\"@nuevodigescobar\" \/>\n<meta name=\"twitter:site\" content=\"@nuevodigescobar\" \/>\n<meta name=\"twitter:label1\" content=\"Escrito por\" \/>\n\t<meta name=\"twitter:data1\" content=\"Redacci\u00f3n\" \/>\n\t<meta name=\"twitter:label2\" content=\"Tiempo de lectura\" \/>\n\t<meta name=\"twitter:data2\" content=\"2 minutos\" \/>\n<script type=\"application\/ld+json\" class=\"yoast-schema-graph\">{\"@context\":\"https:\/\/schema.org\",\"@graph\":[{\"@type\":\"Article\",\"@id\":\"https:\/\/nuevodigitaldeescobar.com.ar\/?p=16731#article\",\"isPartOf\":{\"@id\":\"https:\/\/nuevodigitaldeescobar.com.ar\/?p=16731\"},\"author\":{\"name\":\"Redacci\u00f3n\",\"@id\":\"https:\/\/nuevodigitaldeescobar.com.ar\/#\/schema\/person\/035e90a8efe9a80e6eec22656ad6ea4c\"},\"headline\":\"Proponen instituir el \u201cD\u00eda del Periodista Escobarense\u201d\",\"datePublished\":\"2025-07-25T14:27:10+00:00\",\"dateModified\":\"2025-07-25T14:27:22+00:00\",\"mainEntityOfPage\":{\"@id\":\"https:\/\/nuevodigitaldeescobar.com.ar\/?p=16731\"},\"wordCount\":315,\"commentCount\":0,\"publisher\":{\"@id\":\"https:\/\/nuevodigitaldeescobar.com.ar\/#organization\"},\"image\":{\"@id\":\"https:\/\/nuevodigitaldeescobar.com.ar\/?p=16731#primaryimage\"},\"thumbnailUrl\":\"https:\/\/nuevodigitaldeescobar.com.ar\/wp-content\/uploads\/2025\/07\/20250724_114122.jpg\",\"keywords\":[\"\u00eda del Periodista Escobarense\"],\"articleSection\":[\"Legislativas\"],\"inLanguage\":\"es\",\"potentialAction\":[{\"@type\":\"CommentAction\",\"name\":\"Comment\",\"target\":[\"https:\/\/nuevodigitaldeescobar.com.ar\/?p=16731#respond\"]}]},{\"@type\":\"WebPage\",\"@id\":\"https:\/\/nuevodigitaldeescobar.com.ar\/?p=16731\",\"url\":\"https:\/\/nuevodigitaldeescobar.com.ar\/?p=16731\",\"name\":\"Proponen instituir el \u201cD\u00eda del Periodista Escobarense\u201d - Nuevo Digital de Escobar\",\"isPartOf\":{\"@id\":\"https:\/\/nuevodigitaldeescobar.com.ar\/#website\"},\"primaryImageOfPage\":{\"@id\":\"https:\/\/nuevodigitaldeescobar.com.ar\/?p=16731#primaryimage\"},\"image\":{\"@id\":\"https:\/\/nuevodigitaldeescobar.com.ar\/?p=16731#primaryimage\"},\"thumbnailUrl\":\"https:\/\/nuevodigitaldeescobar.com.ar\/wp-content\/uploads\/2025\/07\/20250724_114122.jpg\",\"datePublished\":\"2025-07-25T14:27:10+00:00\",\"dateModified\":\"2025-07-25T14:27:22+00:00\",\"description\":\"La propuesta plantea establecer el 18 de noviembre como fecha conmemorativa, en alusi\u00f3n al nacimiento del peri\u00f3dico El Actual, fundado por Tilo Wenner en 1964.\",\"breadcrumb\":{\"@id\":\"https:\/\/nuevodigitaldeescobar.com.ar\/?p=16731#breadcrumb\"},\"inLanguage\":\"es\",\"potentialAction\":[{\"@type\":\"ReadAction\",\"target\":[\"https:\/\/nuevodigitaldeescobar.com.ar\/?p=16731\"]}]},{\"@type\":\"ImageObject\",\"inLanguage\":\"es\",\"@id\":\"https:\/\/nuevodigitaldeescobar.com.ar\/?p=16731#primaryimage\",\"url\":\"https:\/\/nuevodigitaldeescobar.com.ar\/wp-content\/uploads\/2025\/07\/20250724_114122.jpg\",\"contentUrl\":\"https:\/\/nuevodigitaldeescobar.com.ar\/wp-content\/uploads\/2025\/07\/20250724_114122.jpg\",\"width\":2048,\"height\":1152},{\"@type\":\"BreadcrumbList\",\"@id\":\"https:\/\/nuevodigitaldeescobar.com.ar\/?p=16731#breadcrumb\",\"itemListElement\":[{\"@type\":\"ListItem\",\"position\":1,\"name\":\"Portada\",\"item\":\"https:\/\/nuevodigitaldeescobar.com.ar\/\"},{\"@type\":\"ListItem\",\"position\":2,\"name\":\"Proponen instituir el \u201cD\u00eda del Periodista Escobarense\u201d\"}]},{\"@type\":\"WebSite\",\"@id\":\"https:\/\/nuevodigitaldeescobar.com.ar\/#website\",\"url\":\"https:\/\/nuevodigitaldeescobar.com.ar\/\",\"name\":\"Nuevo Digital de Escobar\",\"description\":\"La vida escobarense. Directora: Rosana Brunner\",\"publisher\":{\"@id\":\"https:\/\/nuevodigitaldeescobar.com.ar\/#organization\"},\"potentialAction\":[{\"@type\":\"SearchAction\",\"target\":{\"@type\":\"EntryPoint\",\"urlTemplate\":\"https:\/\/nuevodigitaldeescobar.com.ar\/?s={search_term_string}\"},\"query-input\":{\"@type\":\"PropertyValueSpecification\",\"valueRequired\":true,\"valueName\":\"search_term_string\"}}],\"inLanguage\":\"es\"},{\"@type\":\"Organization\",\"@id\":\"https:\/\/nuevodigitaldeescobar.com.ar\/#organization\",\"name\":\"Nuevo Digital de Escobar\",\"url\":\"https:\/\/nuevodigitaldeescobar.com.ar\/\",\"logo\":{\"@type\":\"ImageObject\",\"inLanguage\":\"es\",\"@id\":\"https:\/\/nuevodigitaldeescobar.com.ar\/#\/schema\/logo\/image\/\",\"url\":\"https:\/\/nuevodigitaldeescobar.com.ar\/wp-content\/uploads\/2025\/05\/cropped-logo-nuevo2.jpg\",\"contentUrl\":\"https:\/\/nuevodigitaldeescobar.com.ar\/wp-content\/uploads\/2025\/05\/cropped-logo-nuevo2.jpg\",\"width\":305,\"height\":305,\"caption\":\"Nuevo Digital de Escobar\"},\"image\":{\"@id\":\"https:\/\/nuevodigitaldeescobar.com.ar\/#\/schema\/logo\/image\/\"},\"sameAs\":[\"https:\/\/www.facebook.com\/NUEVODigitalDeEscobar\",\"https:\/\/x.com\/nuevodigescobar\",\"https:\/\/www.instagram.com\/nuevodigitaldeescobar\"]},{\"@type\":\"Person\",\"@id\":\"https:\/\/nuevodigitaldeescobar.com.ar\/#\/schema\/person\/035e90a8efe9a80e6eec22656ad6ea4c\",\"name\":\"Redacci\u00f3n\",\"image\":{\"@type\":\"ImageObject\",\"inLanguage\":\"es\",\"@id\":\"https:\/\/nuevodigitaldeescobar.com.ar\/#\/schema\/person\/image\/\",\"url\":\"https:\/\/secure.gravatar.com\/avatar\/8af8f40000c24e9eef3034f2be5998a372bb1389e64b1a4a36b3a7979142220d?s=96&d=mm&r=g\",\"contentUrl\":\"https:\/\/secure.gravatar.com\/avatar\/8af8f40000c24e9eef3034f2be5998a372bb1389e64b1a4a36b3a7979142220d?s=96&d=mm&r=g\",\"caption\":\"Redacci\u00f3n\"},\"sameAs\":[\"http:\/\/nuevodigitaldeescobar.com.ar\"],\"url\":\"https:\/\/nuevodigitaldeescobar.com.ar\/?author=1\"}]}<\/script>\n<!-- \/ Yoast SEO plugin. -->","yoast_head_json":{"title":"Proponen instituir el \u201cD\u00eda del Periodista Escobarense\u201d - Nuevo Digital de Escobar","description":"La propuesta plantea establecer el 18 de noviembre como fecha conmemorativa, en alusi\u00f3n al nacimiento del peri\u00f3dico El Actual, fundado por Tilo Wenner en 1964.","robots":{"index":"index","follow":"follow","max-snippet":"max-snippet:-1","max-image-preview":"max-image-preview:large","max-video-preview":"max-video-preview:-1"},"canonical":"https:\/\/nuevodigitaldeescobar.com.ar\/?p=16731","og_locale":"es_ES","og_type":"article","og_title":"Proponen instituir el \u201cD\u00eda del Periodista Escobarense\u201d","og_description":"La propuesta plantea establecer el 18 de noviembre como fecha conmemorativa, en alusi\u00f3n al nacimiento del peri\u00f3dico El Actual, fundado por Tilo Wenner en 1964.","og_url":"https:\/\/nuevodigitaldeescobar.com.ar\/?p=16731","og_site_name":"Nuevo Digital de Escobar","article_publisher":"https:\/\/www.facebook.com\/NUEVODigitalDeEscobar","article_published_time":"2025-07-25T14:27:10+00:00","article_modified_time":"2025-07-25T14:27:22+00:00","og_image":[{"width":2048,"height":1152,"url":"http:\/\/nuevodigitaldeescobar.com.ar\/wp-content\/uploads\/2025\/07\/20250724_114122.jpg","type":"image\/jpeg"}],"author":"Redacci\u00f3n","twitter_card":"summary_large_image","twitter_creator":"@nuevodigescobar","twitter_site":"@nuevodigescobar","twitter_misc":{"Escrito por":"Redacci\u00f3n","Tiempo de lectura":"2 minutos"},"schema":{"@context":"https:\/\/schema.org","@graph":[{"@type":"Article","@id":"https:\/\/nuevodigitaldeescobar.com.ar\/?p=16731#article","isPartOf":{"@id":"https:\/\/nuevodigitaldeescobar.com.ar\/?p=16731"},"author":{"name":"Redacci\u00f3n","@id":"https:\/\/nuevodigitaldeescobar.com.ar\/#\/schema\/person\/035e90a8efe9a80e6eec22656ad6ea4c"},"headline":"Proponen instituir el \u201cD\u00eda del Periodista Escobarense\u201d","datePublished":"2025-07-25T14:27:10+00:00","dateModified":"2025-07-25T14:27:22+00:00","mainEntityOfPage":{"@id":"https:\/\/nuevodigitaldeescobar.com.ar\/?p=16731"},"wordCount":315,"commentCount":0,"publisher":{"@id":"https:\/\/nuevodigitaldeescobar.com.ar\/#organization"},"image":{"@id":"https:\/\/nuevodigitaldeescobar.com.ar\/?p=16731#primaryimage"},"thumbnailUrl":"https:\/\/nuevodigitaldeescobar.com.ar\/wp-content\/uploads\/2025\/07\/20250724_114122.jpg","keywords":["\u00eda del Periodista Escobarense"],"articleSection":["Legislativas"],"inLanguage":"es","potentialAction":[{"@type":"CommentAction","name":"Comment","target":["https:\/\/nuevodigitaldeescobar.com.ar\/?p=16731#respond"]}]},{"@type":"WebPage","@id":"https:\/\/nuevodigitaldeescobar.com.ar\/?p=16731","url":"https:\/\/nuevodigitaldeescobar.com.ar\/?p=16731","name":"Proponen instituir el \u201cD\u00eda del Periodista Escobarense\u201d - Nuevo Digital de Escobar","isPartOf":{"@id":"https:\/\/nuevodigitaldeescobar.com.ar\/#website"},"primaryImageOfPage":{"@id":"https:\/\/nuevodigitaldeescobar.com.ar\/?p=16731#primaryimage"},"image":{"@id":"https:\/\/nuevodigitaldeescobar.com.ar\/?p=16731#primaryimage"},"thumbnailUrl":"https:\/\/nuevodigitaldeescobar.com.ar\/wp-content\/uploads\/2025\/07\/20250724_114122.jpg","datePublished":"2025-07-25T14:27:10+00:00","dateModified":"2025-07-25T14:27:22+00:00","description":"La propuesta plantea establecer el 18 de noviembre como fecha conmemorativa, en alusi\u00f3n al nacimiento del peri\u00f3dico El Actual, fundado por Tilo Wenner en 1964.","breadcrumb":{"@id":"https:\/\/nuevodigitaldeescobar.com.ar\/?p=16731#breadcrumb"},"inLanguage":"es","potentialAction":[{"@type":"ReadAction","target":["https:\/\/nuevodigitaldeescobar.com.ar\/?p=16731"]}]},{"@type":"ImageObject","inLanguage":"es","@id":"https:\/\/nuevodigitaldeescobar.com.ar\/?p=16731#primaryimage","url":"https:\/\/nuevodigitaldeescobar.com.ar\/wp-content\/uploads\/2025\/07\/20250724_114122.jpg","contentUrl":"https:\/\/nuevodigitaldeescobar.com.ar\/wp-content\/uploads\/2025\/07\/20250724_114122.jpg","width":2048,"height":1152},{"@type":"BreadcrumbList","@id":"https:\/\/nuevodigitaldeescobar.com.ar\/?p=16731#breadcrumb","itemListElement":[{"@type":"ListItem","position":1,"name":"Portada","item":"https:\/\/nuevodigitaldeescobar.com.ar\/"},{"@type":"ListItem","position":2,"name":"Proponen instituir el \u201cD\u00eda del Periodista Escobarense\u201d"}]},{"@type":"WebSite","@id":"https:\/\/nuevodigitaldeescobar.com.ar\/#website","url":"https:\/\/nuevodigitaldeescobar.com.ar\/","name":"Nuevo Digital de Escobar","description":"La vida escobarense. Directora: Rosana Brunner","publisher":{"@id":"https:\/\/nuevodigitaldeescobar.com.ar\/#organization"},"potentialAction":[{"@type":"SearchAction","target":{"@type":"EntryPoint","urlTemplate":"https:\/\/nuevodigitaldeescobar.com.ar\/?s={search_term_string}"},"query-input":{"@type":"PropertyValueSpecification","valueRequired":true,"valueName":"search_term_string"}}],"inLanguage":"es"},{"@type":"Organization","@id":"https:\/\/nuevodigitaldeescobar.com.ar\/#organization","name":"Nuevo Digital de Escobar","url":"https:\/\/nuevodigitaldeescobar.com.ar\/","logo":{"@type":"ImageObject","inLanguage":"es","@id":"https:\/\/nuevodigitaldeescobar.com.ar\/#\/schema\/logo\/image\/","url":"https:\/\/nuevodigitaldeescobar.com.ar\/wp-content\/uploads\/2025\/05\/cropped-logo-nuevo2.jpg","contentUrl":"https:\/\/nuevodigitaldeescobar.com.ar\/wp-content\/uploads\/2025\/05\/cropped-logo-nuevo2.jpg","width":305,"height":305,"caption":"Nuevo Digital de Escobar"},"image":{"@id":"https:\/\/nuevodigitaldeescobar.com.ar\/#\/schema\/logo\/image\/"},"sameAs":["https:\/\/www.facebook.com\/NUEVODigitalDeEscobar","https:\/\/x.com\/nuevodigescobar","https:\/\/www.instagram.com\/nuevodigitaldeescobar"]},{"@type":"Person","@id":"https:\/\/nuevodigitaldeescobar.com.ar\/#\/schema\/person\/035e90a8efe9a80e6eec22656ad6ea4c","name":"Redacci\u00f3n","image":{"@type":"ImageObject","inLanguage":"es","@id":"https:\/\/nuevodigitaldeescobar.com.ar\/#\/schema\/person\/image\/","url":"https:\/\/secure.gravatar.com\/avatar\/8af8f40000c24e9eef3034f2be5998a372bb1389e64b1a4a36b3a7979142220d?s=96&d=mm&r=g","contentUrl":"https:\/\/secure.gravatar.com\/avatar\/8af8f40000c24e9eef3034f2be5998a372bb1389e64b1a4a36b3a7979142220d?s=96&d=mm&r=g","caption":"Redacci\u00f3n"},"sameAs":["http:\/\/nuevodigitaldeescobar.com.ar"],"url":"https:\/\/nuevodigitaldeescobar.com.ar\/?author=1"}]}},"featured_image_urls":{"full":["https:\/\/nuevodigitaldeescobar.com.ar\/wp-content\/uploads\/2025\/07\/20250724_114122.jpg",2048,1152,false],"thumbnail":["https:\/\/nuevodigitaldeescobar.com.ar\/wp-content\/uploads\/2025\/07\/20250724_114122-150x150.jpg",150,150,true],"medium":["https:\/\/nuevodigitaldeescobar.com.ar\/wp-content\/uploads\/2025\/07\/20250724_114122-300x169.jpg",300,169,true],"medium_large":["https:\/\/nuevodigitaldeescobar.com.ar\/wp-content\/uploads\/2025\/07\/20250724_114122-768x432.jpg",640,360,true],"large":["https:\/\/nuevodigitaldeescobar.com.ar\/wp-content\/uploads\/2025\/07\/20250724_114122-1024x576.jpg",640,360,true],"1536x1536":["https:\/\/nuevodigitaldeescobar.com.ar\/wp-content\/uploads\/2025\/07\/20250724_114122-1536x864.jpg",1536,864,true],"2048x2048":["https:\/\/nuevodigitaldeescobar.com.ar\/wp-content\/uploads\/2025\/07\/20250724_114122.jpg",2048,1152,false]},"author_info":{"display_name":"Redacci\u00f3n","author_link":"https:\/\/nuevodigitaldeescobar.com.ar\/?author=1"},"category_info":"<a href=\"https:\/\/nuevodigitaldeescobar.com.ar\/?cat=12\" rel=\"category\">Legislativas<\/a>","tag_info":"Legislativas","comment_count":"0","_links":{"self":[{"href":"https:\/\/nuevodigitaldeescobar.com.ar\/index.php?rest_route=\/wp\/v2\/posts\/16731","targetHints":{"allow":["GET"]}}],"collection":[{"href":"https:\/\/nuevodigitaldeescobar.com.ar\/index.php?rest_route=\/wp\/v2\/posts"}],"about":[{"href":"https:\/\/nuevodigitaldeescobar.com.ar\/index.php?rest_route=\/wp\/v2\/types\/post"}],"author":[{"embeddable":true,"href":"https:\/\/nuevodigitaldeescobar.com.ar\/index.php?rest_route=\/wp\/v2\/users\/1"}],"replies":[{"embeddable":true,"href":"https:\/\/nuevodigitaldeescobar.com.ar\/index.php?rest_route=%2Fwp%2Fv2%2Fcomments&post=16731"}],"version-history":[{"count":1,"href":"https:\/\/nuevodigitaldeescobar.com.ar\/index.php?rest_route=\/wp\/v2\/posts\/16731\/revisions"}],"predecessor-version":[{"id":16735,"href":"https:\/\/nuevodigitaldeescobar.com.ar\/index.php?rest_route=\/wp\/v2\/posts\/16731\/revisions\/16735"}],"wp:featuredmedia":[{"embeddable":true,"href":"https:\/\/nuevodigitaldeescobar.com.ar\/index.php?rest_route=\/wp\/v2\/media\/16732"}],"wp:attachment":[{"href":"https:\/\/nuevodigitaldeescobar.com.ar\/index.php?rest_route=%2Fwp%2Fv2%2Fmedia&parent=16731"}],"wp:term":[{"taxonomy":"category","embeddable":true,"href":"https:\/\/nuevodigitaldeescobar.com.ar\/index.php?rest_route=%2Fwp%2Fv2%2Fcategories&post=16731"},{"taxonomy":"post_tag","embeddable":true,"href":"https:\/\/nuevodigitaldeescobar.com.ar\/index.php?rest_route=%2Fwp%2Fv2%2Ftags&post=16731"}],"curies":[{"name":"wp","href":"https:\/\/api.w.org\/{rel}","templated":true}]}}