{"id":16741,"date":"2025-07-25T18:20:18","date_gmt":"2025-07-25T21:20:18","guid":{"rendered":"https:\/\/nuevodigitaldeescobar.com.ar\/?p=16741"},"modified":"2025-07-25T18:20:18","modified_gmt":"2025-07-25T21:20:18","slug":"discapacidad-talleres-celebra-el-mes-de-las-infancias-entregando-bicicletas-adaptadas","status":"publish","type":"post","link":"https:\/\/nuevodigitaldeescobar.com.ar\/?p=16741","title":{"rendered":"Discapacidad: Talleres celebra el Mes de las Infancias entregando bicicletas adaptadas"},"content":{"rendered":"<p>En conmemoraci\u00f3n del D\u00eda de las Infancias, l<strong>a Fundaci\u00f3n Jean Maggi y el <a href=\"https:\/\/derechadiario.com.ar\/deportes\/talleres-supero-los-70000-socios-y-lidera-ranking-clubes-cordoba\" title=\"Talleres super\u00f3 los 70.000 socios y lidera el ranking de clubes en C\u00f3rdoba\">Club Atl\u00e9tico Talleres<\/a>, a trav\u00e9s de sus <a href=\"https:\/\/derechadiario.com.ar\/tags\/cordoba\" title=\"C\u00f3rdoba\">Filiales<\/a>, llevan adelante una campa\u00f1a especial para brindar alegr\u00eda, inclusi\u00f3n y movilidad a ni\u00f1os y ni\u00f1as con discapacidad motriz.<\/strong><\/p>\n<p>Gracias a esta iniciativa, <strong>se entregar\u00e1n bicicletas adaptadas a beneficiarios de entre 4 y 15 a\u00f1os<\/strong>, priorizando a quienes puedan impulsarlas de forma independiente y aut\u00f3noma.<\/p>\n<div class=\"inter_image image_horizontal\">\n<img decoding=\"async\" src=\"https:\/\/derechadiario.com.ar\/filesedc\/uploads\/image\/post\/2025\/07\/nota-web-1_1200_800.webp\" class=\"img-responsive lazyload\" alt=\"Banner promocional de la Fundaci\u00f3n Jean Maggi y Filiales Club Atl\u00e9tico Talleres anunciando la campa\u00f1a Infancias en Movimiento con inscripciones abiertas para regalar bicicletas adaptadas a ni\u00f1os y ni\u00f1as\" title=\"Banner promocional de la Fundaci\u00f3n Jean Maggi y Filiales Club Atl\u00e9tico Talleres anunciando la campa\u00f1a Infancias en Movimiento con inscripciones abiertas para regalar bicicletas adaptadas a ni\u00f1os y ni\u00f1as\" \/>\n<div>\n<span class=\"img_footer\">Infancias en Movimiento. <\/span>| <span class=\"img_author\">La Derecha Diario<\/span>\n<\/div>\n<\/div>\n<p>La \u00a0<strong>campa\u00f1a Infancias en movimiento<\/strong> est\u00e1 dirigida a ni\u00f1os y ni\u00f1as de 4 a 15 a\u00f1os. La entrega est\u00e1 destinada exclusivamente a personas con discapacidad motriz, con certificado que lo acredite.<\/p>\n<p><strong>La condici\u00f3n fundamental para ser beneficiario es que la persona pueda mover la bicicleta por sus propios medios,<\/strong> sin ayuda de terceros, asegurando as\u00ed su autonom\u00eda e independencia, mientras que la cantidad de bicicletas disponibles es limitada; por ello, se realizar\u00e1 un proceso de selecci\u00f3n personalizado.<\/p>\n<aside class=\"are-you-interested-container-photo\"><\/aside>\n<h2>C\u00f3mo inscribirse en la campa\u00f1a de Talleres y la fundaci\u00f3n Jean Maggi<\/h2>\n<p>Los interesados deben completar el formulario de inscripci\u00f3n a trav\u00e9s del siguiente <a href=\"https:\/\/forms.gle\/mGuiAyxwEgjyG9jr8\" title=\"formulario\"><strong>enlace<\/strong><\/a>.<\/p>\n<p>Una vez realizada la registraci\u00f3n, <strong>el personal de la Fundaci\u00f3n se pondr\u00e1 en contacto para avanzar en la preselecci\u00f3n de cada beneficiario<\/strong>. Se solicitar\u00e1 foto y video del ni\u00f1o\/a para la difusi\u00f3n de la acci\u00f3n solidaria.<\/p>\n<figure><img decoding=\"async\" src=\"https:\/\/derechadiario.com.ar\/filesedc\/uploads\/image\/post\/2025\/07\/maggi_1200_800.webp\" class=\"img-responsive lazyload\" alt=\"Hombre de pie con muletas en una bodega llena de triciclos adaptados para personas con discapacidad\" title=\"Hombre de pie con muletas en una bodega llena de triciclos adaptados para personas con discapacidad\" \/><\/figure>\n<p>Selecci\u00f3n y entrega: Un Comit\u00e9 Evaluador analizar\u00e1 cada caso en particular, realizando pruebas con los modelos disponibles y seleccionando a los beneficiarios seg\u00fan los criterios establecidos. La entrega tendr\u00e1 un car\u00e1cter personalizado y orientado a potenciar la autonom\u00eda de los ni\u00f1os y ni\u00f1as beneficiados. Pueden postular ninos y ni\u00f1as de todas las provincias argentinas.<\/p>\n<aside class=\"whatsappChannelText\"><a href=\"https:\/\/whatsapp.com\/channel\/0029VagEjILGE56eKjedWF2U\" rel=\"nofollow\" title=\"WhatsApp Link\"><img alt=\"Logo de WhatsApp\" class=\"lazyload\" data-src=\"\/filesedc\/uploads\/other\/whatsapp_icon_mid_article.png\" width=\"32\" height=\"32\" \/><\/a> <a href=\"https:\/\/whatsapp.com\/channel\/0029VagEjILGE56eKjedWF2U\" rel=\"nofollow\" title=\"WhatsApp Link\"><strong>NO SE PIERDAN NINGUNA NOTICIA<\/strong>: Click aqu\u00ed para sumarte <strong>GRATIS<\/strong> al canal de noticias de <strong>La Derecha Diario en WhatsApp.<\/strong><\/a><\/aside>\n<figure><img decoding=\"async\" src=\"https:\/\/derechadiario.com.ar\/filesedc\/uploads\/image\/post\/2025\/07\/fassi-talleres-1600-1067_1200_800.webp\" class=\"img-responsive lazyload\" alt=\"Hombre de cabello canoso con saco azul y camisa oscura sonriendo al aire libre\" title=\"Hombre de cabello canoso con saco azul y camisa oscura sonriendo al aire libre\" \/><\/figure>\n<p>Condiciones importantes: La bicicleta debe ser impulsada por el beneficiario sin asistencia, para uso personal en actividades recreativas o deportivas. La entrega inicial ser\u00e1 por un per\u00edodo de 2 meses, permitiendo al beneficiario probar y evaluar la utilidad del material. Si durante ese per\u00edodo se evidencian avances y el uso es efectivo, se dispondr\u00e1 la entrega definitiva.<\/p>\n<figure><img decoding=\"async\" src=\"https:\/\/derechadiario.com.ar\/filesedc\/uploads\/image\/post\/2025\/07\/4-1753310688256-1600-1067_1200_800.webp\" class=\"img-responsive lazyload\" alt=\"Aficionados animando en un estadio de f\u00fatbol con banderas azules y humo del mismo color llenando el ambiente durante un partido importante\" title=\"Aficionados animando en un estadio de f\u00fatbol con banderas azules y humo del mismo color llenando el ambiente durante un partido importante\" \/><\/figure>\n<p>Es obligatorio que el beneficiario env\u00ede fotograf\u00edas o videos que demuestren el uso del material, y mantenga contacto con la instituci\u00f3n. En caso de no utilizar la bicicleta por un per\u00edodo determinado, se deber\u00e1 informar a la Fundaci\u00f3n para su devoluci\u00f3n, salvo deterioro por uso normal.<\/p>","protected":false},"excerpt":{"rendered":"<p>En conmemoraci\u00f3n del D\u00eda de las Infancias, la Fundaci\u00f3n Jean Maggi y el Club Atl\u00e9tico Talleres, a trav\u00e9s de sus Filiales, llevan adelante una campa\u00f1a [&hellip;]<\/p>\n","protected":false},"author":1,"featured_media":16742,"comment_status":"open","ping_status":"open","sticky":false,"template":"","format":"standard","meta":{"footnotes":""},"categories":[8],"tags":[],"class_list":["post-16741","post","type-post","status-publish","format-standard","has-post-thumbnail","hentry","category-deportes"],"better_featured_image":{"id":16742,"alt_text":"","caption":"","description":"","media_type":"image","media_details":{"width":1600,"height":1067,"file":"2025\/07\/maggi_1600_1067-sKAsl5.jpg","filesize":213378,"sizes":{"medium":{"file":"maggi_1600_1067-sKAsl5-300x200.jpg","width":300,"height":200,"mime-type":"image\/jpeg","filesize":25157,"source_url":"https:\/\/nuevodigitaldeescobar.com.ar\/wp-content\/uploads\/2025\/07\/maggi_1600_1067-sKAsl5-300x200.jpg"},"large":{"file":"maggi_1600_1067-sKAsl5-1024x683.jpg","width":1024,"height":683,"mime-type":"image\/jpeg","filesize":162678,"source_url":"https:\/\/nuevodigitaldeescobar.com.ar\/wp-content\/uploads\/2025\/07\/maggi_1600_1067-sKAsl5-1024x683.jpg"},"thumbnail":{"file":"maggi_1600_1067-sKAsl5-150x150.jpg","width":150,"height":150,"mime-type":"image\/jpeg","filesize":10437,"source_url":"https:\/\/nuevodigitaldeescobar.com.ar\/wp-content\/uploads\/2025\/07\/maggi_1600_1067-sKAsl5-150x150.jpg"},"medium_large":{"file":"maggi_1600_1067-sKAsl5-768x512.jpg","width":768,"height":512,"mime-type":"image\/jpeg","filesize":107607,"source_url":"https:\/\/nuevodigitaldeescobar.com.ar\/wp-content\/uploads\/2025\/07\/maggi_1600_1067-sKAsl5-768x512.jpg"},"1536x1536":{"file":"maggi_1600_1067-sKAsl5-1536x1024.jpg","width":1536,"height":1024,"mime-type":"image\/jpeg","filesize":286672,"source_url":"https:\/\/nuevodigitaldeescobar.com.ar\/wp-content\/uploads\/2025\/07\/maggi_1600_1067-sKAsl5-1536x1024.jpg"}},"image_meta":{"aperture":"0","credit":"","camera":"","caption":"","created_timestamp":"0","copyright":"","focal_length":"0","iso":"0","shutter_speed":"0","title":"","orientation":"0","keywords":[]}},"post":16741,"source_url":"https:\/\/nuevodigitaldeescobar.com.ar\/wp-content\/uploads\/2025\/07\/maggi_1600_1067-sKAsl5.jpg"},"yoast_head":"<!-- This site is optimized with the Yoast SEO plugin v26.1.1 - https:\/\/yoast.com\/wordpress\/plugins\/seo\/ -->\n<title>Discapacidad: Talleres celebra el Mes de las Infancias entregando bicicletas adaptadas - Nuevo Digital de Escobar<\/title>\n<meta name=\"robots\" content=\"index, follow, max-snippet:-1, max-image-preview:large, max-video-preview:-1\" \/>\n<link rel=\"canonical\" href=\"https:\/\/nuevodigitaldeescobar.com.ar\/?p=16741\" \/>\n<meta property=\"og:locale\" content=\"es_ES\" \/>\n<meta property=\"og:type\" content=\"article\" \/>\n<meta property=\"og:title\" content=\"Discapacidad: Talleres celebra el Mes de las Infancias entregando bicicletas adaptadas - Nuevo Digital de Escobar\" \/>\n<meta property=\"og:description\" content=\"En conmemoraci\u00f3n del D\u00eda de las Infancias, la Fundaci\u00f3n Jean Maggi y el Club Atl\u00e9tico Talleres, a trav\u00e9s de sus Filiales, llevan adelante una campa\u00f1a [&hellip;]\" \/>\n<meta property=\"og:url\" content=\"https:\/\/nuevodigitaldeescobar.com.ar\/?p=16741\" \/>\n<meta property=\"og:site_name\" content=\"Nuevo Digital de Escobar\" \/>\n<meta property=\"article:publisher\" content=\"https:\/\/www.facebook.com\/NUEVODigitalDeEscobar\" \/>\n<meta property=\"article:published_time\" content=\"2025-07-25T21:20:18+00:00\" \/>\n<meta property=\"og:image\" content=\"https:\/\/derechadiario.com.ar\/filesedc\/uploads\/image\/post\/2025\/07\/nota-web-1_1200_800.webp\" \/>\n<meta name=\"author\" content=\"Redacci\u00f3n\" \/>\n<meta name=\"twitter:card\" content=\"summary_large_image\" \/>\n<meta name=\"twitter:creator\" content=\"@nuevodigescobar\" \/>\n<meta name=\"twitter:site\" content=\"@nuevodigescobar\" \/>\n<meta name=\"twitter:label1\" content=\"Escrito por\" \/>\n\t<meta name=\"twitter:data1\" content=\"Redacci\u00f3n\" \/>\n\t<meta name=\"twitter:label2\" content=\"Tiempo de lectura\" \/>\n\t<meta name=\"twitter:data2\" content=\"2 minutos\" \/>\n<script type=\"application\/ld+json\" class=\"yoast-schema-graph\">{\"@context\":\"https:\/\/schema.org\",\"@graph\":[{\"@type\":\"Article\",\"@id\":\"https:\/\/nuevodigitaldeescobar.com.ar\/?p=16741#article\",\"isPartOf\":{\"@id\":\"https:\/\/nuevodigitaldeescobar.com.ar\/?p=16741\"},\"author\":{\"name\":\"Redacci\u00f3n\",\"@id\":\"https:\/\/nuevodigitaldeescobar.com.ar\/#\/schema\/person\/035e90a8efe9a80e6eec22656ad6ea4c\"},\"headline\":\"Discapacidad: Talleres celebra el Mes de las Infancias entregando bicicletas adaptadas\",\"datePublished\":\"2025-07-25T21:20:18+00:00\",\"mainEntityOfPage\":{\"@id\":\"https:\/\/nuevodigitaldeescobar.com.ar\/?p=16741\"},\"wordCount\":439,\"commentCount\":0,\"publisher\":{\"@id\":\"https:\/\/nuevodigitaldeescobar.com.ar\/#organization\"},\"image\":{\"@id\":\"https:\/\/nuevodigitaldeescobar.com.ar\/?p=16741#primaryimage\"},\"thumbnailUrl\":\"https:\/\/nuevodigitaldeescobar.com.ar\/wp-content\/uploads\/2025\/07\/maggi_1600_1067-sKAsl5.jpg\",\"articleSection\":[\"Deportes\"],\"inLanguage\":\"es\",\"potentialAction\":[{\"@type\":\"CommentAction\",\"name\":\"Comment\",\"target\":[\"https:\/\/nuevodigitaldeescobar.com.ar\/?p=16741#respond\"]}]},{\"@type\":\"WebPage\",\"@id\":\"https:\/\/nuevodigitaldeescobar.com.ar\/?p=16741\",\"url\":\"https:\/\/nuevodigitaldeescobar.com.ar\/?p=16741\",\"name\":\"Discapacidad: Talleres celebra el Mes de las Infancias entregando bicicletas adaptadas - Nuevo Digital de Escobar\",\"isPartOf\":{\"@id\":\"https:\/\/nuevodigitaldeescobar.com.ar\/#website\"},\"primaryImageOfPage\":{\"@id\":\"https:\/\/nuevodigitaldeescobar.com.ar\/?p=16741#primaryimage\"},\"image\":{\"@id\":\"https:\/\/nuevodigitaldeescobar.com.ar\/?p=16741#primaryimage\"},\"thumbnailUrl\":\"https:\/\/nuevodigitaldeescobar.com.ar\/wp-content\/uploads\/2025\/07\/maggi_1600_1067-sKAsl5.jpg\",\"datePublished\":\"2025-07-25T21:20:18+00:00\",\"breadcrumb\":{\"@id\":\"https:\/\/nuevodigitaldeescobar.com.ar\/?p=16741#breadcrumb\"},\"inLanguage\":\"es\",\"potentialAction\":[{\"@type\":\"ReadAction\",\"target\":[\"https:\/\/nuevodigitaldeescobar.com.ar\/?p=16741\"]}]},{\"@type\":\"ImageObject\",\"inLanguage\":\"es\",\"@id\":\"https:\/\/nuevodigitaldeescobar.com.ar\/?p=16741#primaryimage\",\"url\":\"https:\/\/nuevodigitaldeescobar.com.ar\/wp-content\/uploads\/2025\/07\/maggi_1600_1067-sKAsl5.jpg\",\"contentUrl\":\"https:\/\/nuevodigitaldeescobar.com.ar\/wp-content\/uploads\/2025\/07\/maggi_1600_1067-sKAsl5.jpg\",\"width\":1600,\"height\":1067},{\"@type\":\"BreadcrumbList\",\"@id\":\"https:\/\/nuevodigitaldeescobar.com.ar\/?p=16741#breadcrumb\",\"itemListElement\":[{\"@type\":\"ListItem\",\"position\":1,\"name\":\"Portada\",\"item\":\"https:\/\/nuevodigitaldeescobar.com.ar\/\"},{\"@type\":\"ListItem\",\"position\":2,\"name\":\"Discapacidad: Talleres celebra el Mes de las Infancias entregando bicicletas adaptadas\"}]},{\"@type\":\"WebSite\",\"@id\":\"https:\/\/nuevodigitaldeescobar.com.ar\/#website\",\"url\":\"https:\/\/nuevodigitaldeescobar.com.ar\/\",\"name\":\"Nuevo Digital de Escobar\",\"description\":\"La vida escobarense. Directora: Rosana Brunner\",\"publisher\":{\"@id\":\"https:\/\/nuevodigitaldeescobar.com.ar\/#organization\"},\"potentialAction\":[{\"@type\":\"SearchAction\",\"target\":{\"@type\":\"EntryPoint\",\"urlTemplate\":\"https:\/\/nuevodigitaldeescobar.com.ar\/?s={search_term_string}\"},\"query-input\":{\"@type\":\"PropertyValueSpecification\",\"valueRequired\":true,\"valueName\":\"search_term_string\"}}],\"inLanguage\":\"es\"},{\"@type\":\"Organization\",\"@id\":\"https:\/\/nuevodigitaldeescobar.com.ar\/#organization\",\"name\":\"Nuevo Digital de Escobar\",\"url\":\"https:\/\/nuevodigitaldeescobar.com.ar\/\",\"logo\":{\"@type\":\"ImageObject\",\"inLanguage\":\"es\",\"@id\":\"https:\/\/nuevodigitaldeescobar.com.ar\/#\/schema\/logo\/image\/\",\"url\":\"https:\/\/nuevodigitaldeescobar.com.ar\/wp-content\/uploads\/2025\/05\/cropped-logo-nuevo2.jpg\",\"contentUrl\":\"https:\/\/nuevodigitaldeescobar.com.ar\/wp-content\/uploads\/2025\/05\/cropped-logo-nuevo2.jpg\",\"width\":305,\"height\":305,\"caption\":\"Nuevo Digital de Escobar\"},\"image\":{\"@id\":\"https:\/\/nuevodigitaldeescobar.com.ar\/#\/schema\/logo\/image\/\"},\"sameAs\":[\"https:\/\/www.facebook.com\/NUEVODigitalDeEscobar\",\"https:\/\/x.com\/nuevodigescobar\",\"https:\/\/www.instagram.com\/nuevodigitaldeescobar\"]},{\"@type\":\"Person\",\"@id\":\"https:\/\/nuevodigitaldeescobar.com.ar\/#\/schema\/person\/035e90a8efe9a80e6eec22656ad6ea4c\",\"name\":\"Redacci\u00f3n\",\"image\":{\"@type\":\"ImageObject\",\"inLanguage\":\"es\",\"@id\":\"https:\/\/nuevodigitaldeescobar.com.ar\/#\/schema\/person\/image\/\",\"url\":\"https:\/\/secure.gravatar.com\/avatar\/8af8f40000c24e9eef3034f2be5998a372bb1389e64b1a4a36b3a7979142220d?s=96&d=mm&r=g\",\"contentUrl\":\"https:\/\/secure.gravatar.com\/avatar\/8af8f40000c24e9eef3034f2be5998a372bb1389e64b1a4a36b3a7979142220d?s=96&d=mm&r=g\",\"caption\":\"Redacci\u00f3n\"},\"sameAs\":[\"http:\/\/nuevodigitaldeescobar.com.ar\"],\"url\":\"https:\/\/nuevodigitaldeescobar.com.ar\/?author=1\"}]}<\/script>\n<!-- \/ Yoast SEO plugin. -->","yoast_head_json":{"title":"Discapacidad: Talleres celebra el Mes de las Infancias entregando bicicletas adaptadas - Nuevo Digital de Escobar","robots":{"index":"index","follow":"follow","max-snippet":"max-snippet:-1","max-image-preview":"max-image-preview:large","max-video-preview":"max-video-preview:-1"},"canonical":"https:\/\/nuevodigitaldeescobar.com.ar\/?p=16741","og_locale":"es_ES","og_type":"article","og_title":"Discapacidad: Talleres celebra el Mes de las Infancias entregando bicicletas adaptadas - Nuevo Digital de Escobar","og_description":"En conmemoraci\u00f3n del D\u00eda de las Infancias, la Fundaci\u00f3n Jean Maggi y el Club Atl\u00e9tico Talleres, a trav\u00e9s de sus Filiales, llevan adelante una campa\u00f1a [&hellip;]","og_url":"https:\/\/nuevodigitaldeescobar.com.ar\/?p=16741","og_site_name":"Nuevo Digital de Escobar","article_publisher":"https:\/\/www.facebook.com\/NUEVODigitalDeEscobar","article_published_time":"2025-07-25T21:20:18+00:00","og_image":[{"url":"https:\/\/derechadiario.com.ar\/filesedc\/uploads\/image\/post\/2025\/07\/nota-web-1_1200_800.webp","type":"","width":"","height":""}],"author":"Redacci\u00f3n","twitter_card":"summary_large_image","twitter_creator":"@nuevodigescobar","twitter_site":"@nuevodigescobar","twitter_misc":{"Escrito por":"Redacci\u00f3n","Tiempo de lectura":"2 minutos"},"schema":{"@context":"https:\/\/schema.org","@graph":[{"@type":"Article","@id":"https:\/\/nuevodigitaldeescobar.com.ar\/?p=16741#article","isPartOf":{"@id":"https:\/\/nuevodigitaldeescobar.com.ar\/?p=16741"},"author":{"name":"Redacci\u00f3n","@id":"https:\/\/nuevodigitaldeescobar.com.ar\/#\/schema\/person\/035e90a8efe9a80e6eec22656ad6ea4c"},"headline":"Discapacidad: Talleres celebra el Mes de las Infancias entregando bicicletas adaptadas","datePublished":"2025-07-25T21:20:18+00:00","mainEntityOfPage":{"@id":"https:\/\/nuevodigitaldeescobar.com.ar\/?p=16741"},"wordCount":439,"commentCount":0,"publisher":{"@id":"https:\/\/nuevodigitaldeescobar.com.ar\/#organization"},"image":{"@id":"https:\/\/nuevodigitaldeescobar.com.ar\/?p=16741#primaryimage"},"thumbnailUrl":"https:\/\/nuevodigitaldeescobar.com.ar\/wp-content\/uploads\/2025\/07\/maggi_1600_1067-sKAsl5.jpg","articleSection":["Deportes"],"inLanguage":"es","potentialAction":[{"@type":"CommentAction","name":"Comment","target":["https:\/\/nuevodigitaldeescobar.com.ar\/?p=16741#respond"]}]},{"@type":"WebPage","@id":"https:\/\/nuevodigitaldeescobar.com.ar\/?p=16741","url":"https:\/\/nuevodigitaldeescobar.com.ar\/?p=16741","name":"Discapacidad: Talleres celebra el Mes de las Infancias entregando bicicletas adaptadas - Nuevo Digital de Escobar","isPartOf":{"@id":"https:\/\/nuevodigitaldeescobar.com.ar\/#website"},"primaryImageOfPage":{"@id":"https:\/\/nuevodigitaldeescobar.com.ar\/?p=16741#primaryimage"},"image":{"@id":"https:\/\/nuevodigitaldeescobar.com.ar\/?p=16741#primaryimage"},"thumbnailUrl":"https:\/\/nuevodigitaldeescobar.com.ar\/wp-content\/uploads\/2025\/07\/maggi_1600_1067-sKAsl5.jpg","datePublished":"2025-07-25T21:20:18+00:00","breadcrumb":{"@id":"https:\/\/nuevodigitaldeescobar.com.ar\/?p=16741#breadcrumb"},"inLanguage":"es","potentialAction":[{"@type":"ReadAction","target":["https:\/\/nuevodigitaldeescobar.com.ar\/?p=16741"]}]},{"@type":"ImageObject","inLanguage":"es","@id":"https:\/\/nuevodigitaldeescobar.com.ar\/?p=16741#primaryimage","url":"https:\/\/nuevodigitaldeescobar.com.ar\/wp-content\/uploads\/2025\/07\/maggi_1600_1067-sKAsl5.jpg","contentUrl":"https:\/\/nuevodigitaldeescobar.com.ar\/wp-content\/uploads\/2025\/07\/maggi_1600_1067-sKAsl5.jpg","width":1600,"height":1067},{"@type":"BreadcrumbList","@id":"https:\/\/nuevodigitaldeescobar.com.ar\/?p=16741#breadcrumb","itemListElement":[{"@type":"ListItem","position":1,"name":"Portada","item":"https:\/\/nuevodigitaldeescobar.com.ar\/"},{"@type":"ListItem","position":2,"name":"Discapacidad: Talleres celebra el Mes de las Infancias entregando bicicletas adaptadas"}]},{"@type":"WebSite","@id":"https:\/\/nuevodigitaldeescobar.com.ar\/#website","url":"https:\/\/nuevodigitaldeescobar.com.ar\/","name":"Nuevo Digital de Escobar","description":"La vida escobarense. Directora: Rosana Brunner","publisher":{"@id":"https:\/\/nuevodigitaldeescobar.com.ar\/#organization"},"potentialAction":[{"@type":"SearchAction","target":{"@type":"EntryPoint","urlTemplate":"https:\/\/nuevodigitaldeescobar.com.ar\/?s={search_term_string}"},"query-input":{"@type":"PropertyValueSpecification","valueRequired":true,"valueName":"search_term_string"}}],"inLanguage":"es"},{"@type":"Organization","@id":"https:\/\/nuevodigitaldeescobar.com.ar\/#organization","name":"Nuevo Digital de Escobar","url":"https:\/\/nuevodigitaldeescobar.com.ar\/","logo":{"@type":"ImageObject","inLanguage":"es","@id":"https:\/\/nuevodigitaldeescobar.com.ar\/#\/schema\/logo\/image\/","url":"https:\/\/nuevodigitaldeescobar.com.ar\/wp-content\/uploads\/2025\/05\/cropped-logo-nuevo2.jpg","contentUrl":"https:\/\/nuevodigitaldeescobar.com.ar\/wp-content\/uploads\/2025\/05\/cropped-logo-nuevo2.jpg","width":305,"height":305,"caption":"Nuevo Digital de Escobar"},"image":{"@id":"https:\/\/nuevodigitaldeescobar.com.ar\/#\/schema\/logo\/image\/"},"sameAs":["https:\/\/www.facebook.com\/NUEVODigitalDeEscobar","https:\/\/x.com\/nuevodigescobar","https:\/\/www.instagram.com\/nuevodigitaldeescobar"]},{"@type":"Person","@id":"https:\/\/nuevodigitaldeescobar.com.ar\/#\/schema\/person\/035e90a8efe9a80e6eec22656ad6ea4c","name":"Redacci\u00f3n","image":{"@type":"ImageObject","inLanguage":"es","@id":"https:\/\/nuevodigitaldeescobar.com.ar\/#\/schema\/person\/image\/","url":"https:\/\/secure.gravatar.com\/avatar\/8af8f40000c24e9eef3034f2be5998a372bb1389e64b1a4a36b3a7979142220d?s=96&d=mm&r=g","contentUrl":"https:\/\/secure.gravatar.com\/avatar\/8af8f40000c24e9eef3034f2be5998a372bb1389e64b1a4a36b3a7979142220d?s=96&d=mm&r=g","caption":"Redacci\u00f3n"},"sameAs":["http:\/\/nuevodigitaldeescobar.com.ar"],"url":"https:\/\/nuevodigitaldeescobar.com.ar\/?author=1"}]}},"featured_image_urls":{"full":["https:\/\/nuevodigitaldeescobar.com.ar\/wp-content\/uploads\/2025\/07\/maggi_1600_1067-sKAsl5.jpg",1600,1067,false],"thumbnail":["https:\/\/nuevodigitaldeescobar.com.ar\/wp-content\/uploads\/2025\/07\/maggi_1600_1067-sKAsl5-150x150.jpg",150,150,true],"medium":["https:\/\/nuevodigitaldeescobar.com.ar\/wp-content\/uploads\/2025\/07\/maggi_1600_1067-sKAsl5-300x200.jpg",300,200,true],"medium_large":["https:\/\/nuevodigitaldeescobar.com.ar\/wp-content\/uploads\/2025\/07\/maggi_1600_1067-sKAsl5-768x512.jpg",640,427,true],"large":["https:\/\/nuevodigitaldeescobar.com.ar\/wp-content\/uploads\/2025\/07\/maggi_1600_1067-sKAsl5-1024x683.jpg",640,427,true],"1536x1536":["https:\/\/nuevodigitaldeescobar.com.ar\/wp-content\/uploads\/2025\/07\/maggi_1600_1067-sKAsl5-1536x1024.jpg",1536,1024,true],"2048x2048":["https:\/\/nuevodigitaldeescobar.com.ar\/wp-content\/uploads\/2025\/07\/maggi_1600_1067-sKAsl5.jpg",1600,1067,false]},"author_info":{"display_name":"Redacci\u00f3n","author_link":"https:\/\/nuevodigitaldeescobar.com.ar\/?author=1"},"category_info":"<a href=\"https:\/\/nuevodigitaldeescobar.com.ar\/?cat=8\" rel=\"category\">Deportes<\/a>","tag_info":"Deportes","comment_count":"0","_links":{"self":[{"href":"https:\/\/nuevodigitaldeescobar.com.ar\/index.php?rest_route=\/wp\/v2\/posts\/16741","targetHints":{"allow":["GET"]}}],"collection":[{"href":"https:\/\/nuevodigitaldeescobar.com.ar\/index.php?rest_route=\/wp\/v2\/posts"}],"about":[{"href":"https:\/\/nuevodigitaldeescobar.com.ar\/index.php?rest_route=\/wp\/v2\/types\/post"}],"author":[{"embeddable":true,"href":"https:\/\/nuevodigitaldeescobar.com.ar\/index.php?rest_route=\/wp\/v2\/users\/1"}],"replies":[{"embeddable":true,"href":"https:\/\/nuevodigitaldeescobar.com.ar\/index.php?rest_route=%2Fwp%2Fv2%2Fcomments&post=16741"}],"version-history":[{"count":0,"href":"https:\/\/nuevodigitaldeescobar.com.ar\/index.php?rest_route=\/wp\/v2\/posts\/16741\/revisions"}],"wp:featuredmedia":[{"embeddable":true,"href":"https:\/\/nuevodigitaldeescobar.com.ar\/index.php?rest_route=\/wp\/v2\/media\/16742"}],"wp:attachment":[{"href":"https:\/\/nuevodigitaldeescobar.com.ar\/index.php?rest_route=%2Fwp%2Fv2%2Fmedia&parent=16741"}],"wp:term":[{"taxonomy":"category","embeddable":true,"href":"https:\/\/nuevodigitaldeescobar.com.ar\/index.php?rest_route=%2Fwp%2Fv2%2Fcategories&post=16741"},{"taxonomy":"post_tag","embeddable":true,"href":"https:\/\/nuevodigitaldeescobar.com.ar\/index.php?rest_route=%2Fwp%2Fv2%2Ftags&post=16741"}],"curies":[{"name":"wp","href":"https:\/\/api.w.org\/{rel}","templated":true}]}}