{"id":16746,"date":"2025-07-26T10:37:34","date_gmt":"2025-07-26T13:37:34","guid":{"rendered":"https:\/\/nuevodigitaldeescobar.com.ar\/?p=16746"},"modified":"2025-07-26T13:34:46","modified_gmt":"2025-07-26T16:34:46","slug":"solicitada-cierre-de-listas-en-la-provincia-de-buenos-aires-donde-quedaron-los-verdaderos-libertarios","status":"publish","type":"post","link":"https:\/\/nuevodigitaldeescobar.com.ar\/?p=16746","title":{"rendered":"Solicitada | Cierre de listas en la Provincia de Buenos Aires: \u00bfD\u00f3nde quedaron los verdaderos libertarios?"},"content":{"rendered":"\n<p class=\"has-vivid-cyan-blue-color has-text-color has-link-color wp-elements-a3968dd4ea120de7a4107cf107368105\"><em><strong>El 7 de septiembre de 2025 cerraron oficialmente las listas electorales en la provincia de Buenos Aires, abriendo un nuevo cap\u00edtulo en la pol\u00edtica bonaerense. En medio de negociaciones, alianzas inesperadas e internas silenciadas, los grandes perdedores de esta contienda fueron, una vez m\u00e1s, los libertarios de ra\u00edz: los militantes que desde los comienzos acompa\u00f1aron a Javier Milei y que hoy observan desde afuera c\u00f3mo se define el futuro pol\u00edtico de la provincia sin ellos.<\/strong><\/em><\/p>\n\n\n\n<!--more-->\n\n\n\n<h3 class=\"wp-block-heading has-text-color has-link-color wp-elements-57211f447338d1d8ece916e5635d9b4a\" style=\"color:#1a39c5\"><em>Una historia que se repite<\/em><\/h3>\n\n\n\n<p>En 2023, los sectores m\u00e1s puros del liberalismo ya hab\u00edan sido desplazados del armado de <em>La Libertad Avanza<\/em> (LLA). Esta exclusi\u00f3n fue decisi\u00f3n directa de Carlos Kikuchi y Sebasti\u00e1n Pareja. Dos a\u00f1os despu\u00e9s, el mismo escenario se repite: los verdaderos libertarios, aquellos que militaron desde el inicio de la aventura pol\u00edtica de Javier Milei, vuelven a quedar fuera.<\/p>\n\n\n\n<p>Militantes de la agrupaci\u00f3n <em>Las Fuerzas del Cielo<\/em>, vinculada al asesor presidencial Santiago Caputo, y otros referentes hist\u00f3ricos del espacio libertario, no fueron incluidos en las listas de LLA para la provincia. Esta nueva exclusi\u00f3n gener\u00f3 un fuerte malestar y expuso una fractura interna que no deja de crecer.<\/p>\n\n\n\n<p>Las cr\u00edticas no tardaron en llegar. El comunicador <em>El Presto<\/em> fue uno de los primeros en levantar la voz con la consigna: <em>\u201c\u00bfQu\u00e9 pasa general? \u00bfQu\u00e9 pasa que no hay ning\u00fan libertario en la lista provincial?\u201d<\/em>, en referencia directa a Sebasti\u00e1n Pareja. Otro de los comunicadores de primera hora como es Emanuel Dannan sali\u00f3 con los tapones de punta cuando analiz\u00f3 las listas que arm\u00f3 pareja en Buenos Aires, enojado expres\u00f3 que <em>\u201cse siente traicionado\u201d<\/em>. En esa l\u00ednea, Alejandro Fantino tambi\u00e9n cuestion\u00f3 duramente el armado bonaerense, pregunt\u00e1ndose: <em>\u201c\u00bfQu\u00e9 pas\u00f3 con los pibes libertarios? \u00bfD\u00f3nde quedaron los verdaderos?\u201d<\/em>, mientras refutaba la idea de que criticar a los candidatos es sin\u00f3nimo de atacar al presidente. Una frase que Pareja dej\u00f3 trascender y que muchos libertarios consideran un intento de blindaje pol\u00edtico.<\/p>\n\n\n\n<h3 class=\"wp-block-heading has-text-color has-link-color wp-elements-ad20bb4496955598c70fa40ea6217141\" style=\"color:#1a39c5\"><em>\u00bfQui\u00e9nes ganaron en el armado?<\/em><\/h3>\n\n\n\n<p>Detr\u00e1s del cierre de listas, los ganadores est\u00e1n claramente definidos. El armado de LLA en la provincia fue capitalizado por tres sectores:<\/p>\n\n\n\n<ol start=\"1\" class=\"wp-block-list\">\n<li><strong>Sebasti\u00e1n Pareja<\/strong>, peronista con pleno control del dise\u00f1o electoral.<\/li>\n\n\n\n<li><strong>Lule Menem y Mart\u00edn Menem<\/strong>, tambi\u00e9n con ra\u00edces peronistas.<\/li>\n\n\n\n<li>Ex dirigentes del PRO que rompieron con Mauricio Macri, como <strong>Cristian Ritondo, Diego Santilli y Guillermo Montenegro<\/strong>, hoy aliados en el frente informalmente conocido como \u201cJuntos por el Kargo\u201d.<\/li>\n<\/ol>\n\n\n\n<p>A ellos se suma el intendente de Tres de Febrero, Diego Valenzuela, hombre de Horacio Rodr\u00edguez Larreta, que logr\u00f3 ubicar a m\u00e1s de un centenar de concejales en distintos municipios bonaerenses. Todos actores que poco tienen que ver con las ideas del liberalismo cl\u00e1sico o el ideario libertario. Hoy, la provincia de Buenos Aires queda en manos de peronistas disidentes y ex PRO, mientras los libertarios deben mirar desde la vereda.<\/p>\n\n\n\n<h3 class=\"wp-block-heading has-text-color has-link-color wp-elements-bdcfb19cd536230bf144aa032e5bec87\" style=\"color:#1a39c5\"><em>La interna silenciosa y las ovejas obedientes<\/em><\/h3>\n\n\n\n<p>Una parte del libertarismo qued\u00f3 adentro del armado oficial, aunque sin poder real. Son los que no pueden hablar. Los que no se atreven a cuestionar a Sebasti\u00e1n Pareja, a Karina Milei, ni a Lule Menem. Los que, si quieren llegar al 2027, deben alinearse sin chistar. En resumen, los que eligen el silencio como estrategia de supervivencia pol\u00edtica.<\/p>\n\n\n\n<h3 class=\"wp-block-heading has-text-color has-link-color wp-elements-c91e4c634b14f86347a26866820387a0\" style=\"color:#1a39c5\"><em>La aparici\u00f3n de Uni\u00f3n Liberal<\/em><\/h3>\n\n\n\n<p>Frente a esta realidad, un amplio sector de referentes libertarios bonaerenses decidi\u00f3 construir por fuera. As\u00ed nace la <strong>Alianza Uni\u00f3n Liberal<\/strong>, resultado del esfuerzo de agrupaciones como <em>Avanza Libertad<\/em>, <em>Pibes Libertarios<\/em> y <em>Fuerza Libertaria Buenos Aires<\/em>, entre otros. Este frente se conform\u00f3 tras el veto judicial que impidi\u00f3 el uso del nombre \u201cAvanza Libertad\u201d \u2014causa liderada por el juez Ramos Padilla\u2014 y representa hoy el \u00fanico espacio 100% liberal y 100% libertario de la provincia.<\/p>\n\n\n\n<p>Este nuevo armado agrupa a los ex integrantes del Partido Libertario que fueron desplazados por diferencias internas y disputas de poder. J\u00f3venes militantes que acompa\u00f1aron a Javier Milei desde su campa\u00f1a a diputado nacional, y que hoy reclaman volver al eje de las ideas liberales, sin estructuras partidarias cooptadas ni liderazgos autoritarios.<\/p>\n\n\n\n<h3 class=\"wp-block-heading has-text-color has-link-color wp-elements-86039375f7860b6f74802192615b7581\" style=\"color:#1a39c5\"><em>La opci\u00f3n libertaria en Escobar<\/em><\/h3>\n\n\n\n<p>En el distrito de Escobar, la <strong>Alianza Uni\u00f3n Liberal<\/strong> logr\u00f3 presentar lista propia, conformando la \u00fanica alternativa verdaderamente liberal-libertaria del municipio. El primer candidato a concejal es <strong>Germ\u00e1n Dar\u00edo Galleguillo<\/strong>, joven referente de <em>Avanza Libertad<\/em>, oriundo de Bel\u00e9n de Escobar, con trayectoria en la militancia juvenil liberal desde la campa\u00f1a de Jos\u00e9 Luis Espert.<\/p>\n\n\n<div class=\"wp-block-image\">\n<figure class=\"aligncenter size-large\"><img fetchpriority=\"high\" decoding=\"async\" width=\"1024\" height=\"551\" src=\"http:\/\/nuevodigitaldeescobar.com.ar\/wp-content\/uploads\/2025\/07\/avanzalibertadesco25-e1753536948196-1024x551.jpg\" alt=\"\" class=\"wp-image-16747\" srcset=\"https:\/\/nuevodigitaldeescobar.com.ar\/wp-content\/uploads\/2025\/07\/avanzalibertadesco25-e1753536948196-1024x551.jpg 1024w, https:\/\/nuevodigitaldeescobar.com.ar\/wp-content\/uploads\/2025\/07\/avanzalibertadesco25-e1753536948196-300x161.jpg 300w, https:\/\/nuevodigitaldeescobar.com.ar\/wp-content\/uploads\/2025\/07\/avanzalibertadesco25-e1753536948196-768x413.jpg 768w, https:\/\/nuevodigitaldeescobar.com.ar\/wp-content\/uploads\/2025\/07\/avanzalibertadesco25-e1753536948196.jpg 1383w\" sizes=\"(max-width: 1024px) 100vw, 1024px\" \/><figcaption class=\"wp-element-caption\"><strong><em>La agrupaci\u00f3n Avanza Libertad, que postula a German Dar\u00edo Galleguillo(centro) como primer concejal por el FRENTE UNI\u00d3N LIBERAL. En tanto, Erick Ortiz (Izquierda) referente del Partido Libertario de Escobar, va en tercer lugar; de la agrupaci\u00f3n pibes libertarios acompa\u00f1ar\u00e1 Cristian Coraite y Juan Luna(derecha), como primer consejero escolar.<\/em><\/strong><\/figcaption><\/figure><\/div>\n\n\n<p>En tercer lugar, aparece <strong>Erick Ortiz<\/strong>, vecino de Gar\u00edn, referente hist\u00f3rico del Partido Libertario en Escobar y uno de los tres fundadores del espacio local. Junto a ellos, se suman <strong>Cristian Coraite<\/strong>, formado en <em>Pibes Libertarios<\/em>, como candidato a concejal, y <strong>Juan Luna<\/strong>, como primer consejero escolar. Todos ellos tienen en com\u00fan su militancia desde los inicios del movimiento de Milei, cuando el liberalismo todav\u00eda era una minor\u00eda sin estructura. Del mismo espacio, tenemos a <strong>Italo Benjamin Barra<\/strong>, como senador provincial en la primera secci\u00f3n electoral. As\u00ed podr\u00edamos nombrar a un centenar de Libertarios que nacieron en la construcci\u00f3n pol\u00edtica de Javier Milei, son leones, no quieren ser ovejas y se enfrentar\u00e1n al aparato pol\u00edtico de la casta en la provincia de Buenos Aires.<\/p>\n\n\n\n<h3 class=\"wp-block-heading has-text-color has-link-color wp-elements-ade047ed3a3d3652c06802dca0542fed\" style=\"color:#1a39c5\"><em>Conclusi\u00f3n: una \u00fanica lista verdaderamente liberal<\/em><\/h3>\n\n\n\n<p>En estas elecciones, la provincia de Buenos Aires no contar\u00e1 con libertarios puros en su congreso provincial. Las decisiones ya est\u00e1n tomadas: el poder qued\u00f3 en manos del peronismo disidente y los herederos del PRO. La \u00fanica opci\u00f3n verdaderamente liberal est\u00e1 fuera de LLA: es la <strong>Alianza Uni\u00f3n Liberal<\/strong>, la lista donde militan quienes defendieron las ideas de la libertad desde el primer d\u00eda, sin transar con el poder ni callarse ante los atropellos.<\/p>\n\n\n\n<p>En Escobar, esa opci\u00f3n est\u00e1 encabezada por j\u00f3venes con convicci\u00f3n, con historia, y con ganas de construir una provincia distinta. En un escenario pol\u00edtico plagado de traiciones, silencios y acomodos, estos son los verdaderos libertarios.<\/p>\n\n\n\n<p><strong><em>Avanza Libertad Escobar<\/em><\/strong><\/p>\n","protected":false},"excerpt":{"rendered":"<p>El 7 de septiembre de 2025 cerraron oficialmente las listas electorales en la provincia de Buenos Aires, abriendo un nuevo cap\u00edtulo en la pol\u00edtica bonaerense. [&hellip;]<\/p>\n","protected":false},"author":1,"featured_media":16747,"comment_status":"open","ping_status":"open","sticky":false,"template":"","format":"standard","meta":{"footnotes":""},"categories":[161],"tags":[],"class_list":["post-16746","post","type-post","status-publish","format-standard","has-post-thumbnail","hentry","category-solicitada"],"better_featured_image":{"id":16747,"alt_text":"","caption":"","description":"","media_type":"image","media_details":{"width":1383,"height":744,"file":"2025\/07\/avanzalibertadesco25-e1753536948196.jpg","filesize":79720,"sizes":{"medium":{"file":"avanzalibertadesco25-e1753536948196-300x161.jpg","width":300,"height":161,"mime-type":"image\/jpeg","filesize":8456,"source_url":"https:\/\/nuevodigitaldeescobar.com.ar\/wp-content\/uploads\/2025\/07\/avanzalibertadesco25-e1753536948196-300x161.jpg"},"large":{"file":"avanzalibertadesco25-e1753536948196-1024x551.jpg","width":1024,"height":551,"mime-type":"image\/jpeg","filesize":49196,"source_url":"https:\/\/nuevodigitaldeescobar.com.ar\/wp-content\/uploads\/2025\/07\/avanzalibertadesco25-e1753536948196-1024x551.jpg"},"thumbnail":{"file":"avanzalibertadesco25-e1753536948196-150x150.jpg","width":150,"height":150,"mime-type":"image\/jpeg","filesize":5229,"source_url":"https:\/\/nuevodigitaldeescobar.com.ar\/wp-content\/uploads\/2025\/07\/avanzalibertadesco25-e1753536948196-150x150.jpg"},"medium_large":{"file":"avanzalibertadesco25-e1753536948196-768x413.jpg","width":768,"height":413,"mime-type":"image\/jpeg","filesize":32718,"source_url":"https:\/\/nuevodigitaldeescobar.com.ar\/wp-content\/uploads\/2025\/07\/avanzalibertadesco25-e1753536948196-768x413.jpg"}},"image_meta":{"aperture":"0","credit":"","camera":"","caption":"","created_timestamp":"0","copyright":"","focal_length":"0","iso":"0","shutter_speed":"0","title":"","orientation":"0","keywords":[]}},"post":16746,"source_url":"https:\/\/nuevodigitaldeescobar.com.ar\/wp-content\/uploads\/2025\/07\/avanzalibertadesco25-e1753536948196.jpg"},"yoast_head":"<!-- This site is optimized with the Yoast SEO plugin v26.1.1 - https:\/\/yoast.com\/wordpress\/plugins\/seo\/ -->\n<title>Solicitada | Cierre de listas en la Provincia de Buenos Aires: \u00bfD\u00f3nde quedaron los verdaderos libertarios? - Nuevo Digital de Escobar<\/title>\n<meta name=\"robots\" content=\"index, follow, max-snippet:-1, max-image-preview:large, max-video-preview:-1\" \/>\n<link rel=\"canonical\" href=\"https:\/\/nuevodigitaldeescobar.com.ar\/?p=16746\" \/>\n<meta property=\"og:locale\" content=\"es_ES\" \/>\n<meta property=\"og:type\" content=\"article\" \/>\n<meta property=\"og:title\" content=\"Solicitada | Cierre de listas en la Provincia de Buenos Aires: \u00bfD\u00f3nde quedaron los verdaderos libertarios? - Nuevo Digital de Escobar\" \/>\n<meta property=\"og:description\" content=\"El 7 de septiembre de 2025 cerraron oficialmente las listas electorales en la provincia de Buenos Aires, abriendo un nuevo cap\u00edtulo en la pol\u00edtica bonaerense. [&hellip;]\" \/>\n<meta property=\"og:url\" content=\"https:\/\/nuevodigitaldeescobar.com.ar\/?p=16746\" \/>\n<meta property=\"og:site_name\" content=\"Nuevo Digital de Escobar\" \/>\n<meta property=\"article:publisher\" content=\"https:\/\/www.facebook.com\/NUEVODigitalDeEscobar\" \/>\n<meta property=\"article:published_time\" content=\"2025-07-26T13:37:34+00:00\" \/>\n<meta property=\"article:modified_time\" content=\"2025-07-26T16:34:46+00:00\" \/>\n<meta property=\"og:image\" content=\"http:\/\/nuevodigitaldeescobar.com.ar\/wp-content\/uploads\/2025\/07\/avanzalibertadesco25-e1753536948196.jpg\" \/>\n\t<meta property=\"og:image:width\" content=\"1383\" \/>\n\t<meta property=\"og:image:height\" content=\"744\" \/>\n\t<meta property=\"og:image:type\" content=\"image\/jpeg\" \/>\n<meta name=\"author\" content=\"Redacci\u00f3n\" \/>\n<meta name=\"twitter:card\" content=\"summary_large_image\" \/>\n<meta name=\"twitter:creator\" content=\"@nuevodigescobar\" \/>\n<meta name=\"twitter:site\" content=\"@nuevodigescobar\" \/>\n<meta name=\"twitter:label1\" content=\"Escrito por\" \/>\n\t<meta name=\"twitter:data1\" content=\"Redacci\u00f3n\" \/>\n\t<meta name=\"twitter:label2\" content=\"Tiempo de lectura\" \/>\n\t<meta name=\"twitter:data2\" content=\"6 minutos\" \/>\n<script type=\"application\/ld+json\" class=\"yoast-schema-graph\">{\"@context\":\"https:\/\/schema.org\",\"@graph\":[{\"@type\":\"Article\",\"@id\":\"https:\/\/nuevodigitaldeescobar.com.ar\/?p=16746#article\",\"isPartOf\":{\"@id\":\"https:\/\/nuevodigitaldeescobar.com.ar\/?p=16746\"},\"author\":{\"name\":\"Redacci\u00f3n\",\"@id\":\"https:\/\/nuevodigitaldeescobar.com.ar\/#\/schema\/person\/035e90a8efe9a80e6eec22656ad6ea4c\"},\"headline\":\"Solicitada | Cierre de listas en la Provincia de Buenos Aires: \u00bfD\u00f3nde quedaron los verdaderos libertarios?\",\"datePublished\":\"2025-07-26T13:37:34+00:00\",\"dateModified\":\"2025-07-26T16:34:46+00:00\",\"mainEntityOfPage\":{\"@id\":\"https:\/\/nuevodigitaldeescobar.com.ar\/?p=16746\"},\"wordCount\":1097,\"commentCount\":0,\"publisher\":{\"@id\":\"https:\/\/nuevodigitaldeescobar.com.ar\/#organization\"},\"image\":{\"@id\":\"https:\/\/nuevodigitaldeescobar.com.ar\/?p=16746#primaryimage\"},\"thumbnailUrl\":\"https:\/\/nuevodigitaldeescobar.com.ar\/wp-content\/uploads\/2025\/07\/avanzalibertadesco25-e1753536948196.jpg\",\"articleSection\":[\"SOLICITADA\"],\"inLanguage\":\"es\",\"potentialAction\":[{\"@type\":\"CommentAction\",\"name\":\"Comment\",\"target\":[\"https:\/\/nuevodigitaldeescobar.com.ar\/?p=16746#respond\"]}]},{\"@type\":\"WebPage\",\"@id\":\"https:\/\/nuevodigitaldeescobar.com.ar\/?p=16746\",\"url\":\"https:\/\/nuevodigitaldeescobar.com.ar\/?p=16746\",\"name\":\"Solicitada | Cierre de listas en la Provincia de Buenos Aires: \u00bfD\u00f3nde quedaron los verdaderos libertarios? - Nuevo Digital de Escobar\",\"isPartOf\":{\"@id\":\"https:\/\/nuevodigitaldeescobar.com.ar\/#website\"},\"primaryImageOfPage\":{\"@id\":\"https:\/\/nuevodigitaldeescobar.com.ar\/?p=16746#primaryimage\"},\"image\":{\"@id\":\"https:\/\/nuevodigitaldeescobar.com.ar\/?p=16746#primaryimage\"},\"thumbnailUrl\":\"https:\/\/nuevodigitaldeescobar.com.ar\/wp-content\/uploads\/2025\/07\/avanzalibertadesco25-e1753536948196.jpg\",\"datePublished\":\"2025-07-26T13:37:34+00:00\",\"dateModified\":\"2025-07-26T16:34:46+00:00\",\"breadcrumb\":{\"@id\":\"https:\/\/nuevodigitaldeescobar.com.ar\/?p=16746#breadcrumb\"},\"inLanguage\":\"es\",\"potentialAction\":[{\"@type\":\"ReadAction\",\"target\":[\"https:\/\/nuevodigitaldeescobar.com.ar\/?p=16746\"]}]},{\"@type\":\"ImageObject\",\"inLanguage\":\"es\",\"@id\":\"https:\/\/nuevodigitaldeescobar.com.ar\/?p=16746#primaryimage\",\"url\":\"https:\/\/nuevodigitaldeescobar.com.ar\/wp-content\/uploads\/2025\/07\/avanzalibertadesco25-e1753536948196.jpg\",\"contentUrl\":\"https:\/\/nuevodigitaldeescobar.com.ar\/wp-content\/uploads\/2025\/07\/avanzalibertadesco25-e1753536948196.jpg\",\"width\":1383,\"height\":744},{\"@type\":\"BreadcrumbList\",\"@id\":\"https:\/\/nuevodigitaldeescobar.com.ar\/?p=16746#breadcrumb\",\"itemListElement\":[{\"@type\":\"ListItem\",\"position\":1,\"name\":\"Portada\",\"item\":\"https:\/\/nuevodigitaldeescobar.com.ar\/\"},{\"@type\":\"ListItem\",\"position\":2,\"name\":\"Solicitada | Cierre de listas en la Provincia de Buenos Aires: \u00bfD\u00f3nde quedaron los verdaderos libertarios?\"}]},{\"@type\":\"WebSite\",\"@id\":\"https:\/\/nuevodigitaldeescobar.com.ar\/#website\",\"url\":\"https:\/\/nuevodigitaldeescobar.com.ar\/\",\"name\":\"Nuevo Digital de Escobar\",\"description\":\"La vida escobarense. Directora: Rosana Brunner\",\"publisher\":{\"@id\":\"https:\/\/nuevodigitaldeescobar.com.ar\/#organization\"},\"potentialAction\":[{\"@type\":\"SearchAction\",\"target\":{\"@type\":\"EntryPoint\",\"urlTemplate\":\"https:\/\/nuevodigitaldeescobar.com.ar\/?s={search_term_string}\"},\"query-input\":{\"@type\":\"PropertyValueSpecification\",\"valueRequired\":true,\"valueName\":\"search_term_string\"}}],\"inLanguage\":\"es\"},{\"@type\":\"Organization\",\"@id\":\"https:\/\/nuevodigitaldeescobar.com.ar\/#organization\",\"name\":\"Nuevo Digital de Escobar\",\"url\":\"https:\/\/nuevodigitaldeescobar.com.ar\/\",\"logo\":{\"@type\":\"ImageObject\",\"inLanguage\":\"es\",\"@id\":\"https:\/\/nuevodigitaldeescobar.com.ar\/#\/schema\/logo\/image\/\",\"url\":\"https:\/\/nuevodigitaldeescobar.com.ar\/wp-content\/uploads\/2025\/05\/cropped-logo-nuevo2.jpg\",\"contentUrl\":\"https:\/\/nuevodigitaldeescobar.com.ar\/wp-content\/uploads\/2025\/05\/cropped-logo-nuevo2.jpg\",\"width\":305,\"height\":305,\"caption\":\"Nuevo Digital de Escobar\"},\"image\":{\"@id\":\"https:\/\/nuevodigitaldeescobar.com.ar\/#\/schema\/logo\/image\/\"},\"sameAs\":[\"https:\/\/www.facebook.com\/NUEVODigitalDeEscobar\",\"https:\/\/x.com\/nuevodigescobar\",\"https:\/\/www.instagram.com\/nuevodigitaldeescobar\"]},{\"@type\":\"Person\",\"@id\":\"https:\/\/nuevodigitaldeescobar.com.ar\/#\/schema\/person\/035e90a8efe9a80e6eec22656ad6ea4c\",\"name\":\"Redacci\u00f3n\",\"image\":{\"@type\":\"ImageObject\",\"inLanguage\":\"es\",\"@id\":\"https:\/\/nuevodigitaldeescobar.com.ar\/#\/schema\/person\/image\/\",\"url\":\"https:\/\/secure.gravatar.com\/avatar\/8af8f40000c24e9eef3034f2be5998a372bb1389e64b1a4a36b3a7979142220d?s=96&d=mm&r=g\",\"contentUrl\":\"https:\/\/secure.gravatar.com\/avatar\/8af8f40000c24e9eef3034f2be5998a372bb1389e64b1a4a36b3a7979142220d?s=96&d=mm&r=g\",\"caption\":\"Redacci\u00f3n\"},\"sameAs\":[\"http:\/\/nuevodigitaldeescobar.com.ar\"],\"url\":\"https:\/\/nuevodigitaldeescobar.com.ar\/?author=1\"}]}<\/script>\n<!-- \/ Yoast SEO plugin. -->","yoast_head_json":{"title":"Solicitada | Cierre de listas en la Provincia de Buenos Aires: \u00bfD\u00f3nde quedaron los verdaderos libertarios? - Nuevo Digital de Escobar","robots":{"index":"index","follow":"follow","max-snippet":"max-snippet:-1","max-image-preview":"max-image-preview:large","max-video-preview":"max-video-preview:-1"},"canonical":"https:\/\/nuevodigitaldeescobar.com.ar\/?p=16746","og_locale":"es_ES","og_type":"article","og_title":"Solicitada | Cierre de listas en la Provincia de Buenos Aires: \u00bfD\u00f3nde quedaron los verdaderos libertarios? - Nuevo Digital de Escobar","og_description":"El 7 de septiembre de 2025 cerraron oficialmente las listas electorales en la provincia de Buenos Aires, abriendo un nuevo cap\u00edtulo en la pol\u00edtica bonaerense. [&hellip;]","og_url":"https:\/\/nuevodigitaldeescobar.com.ar\/?p=16746","og_site_name":"Nuevo Digital de Escobar","article_publisher":"https:\/\/www.facebook.com\/NUEVODigitalDeEscobar","article_published_time":"2025-07-26T13:37:34+00:00","article_modified_time":"2025-07-26T16:34:46+00:00","og_image":[{"width":1383,"height":744,"url":"http:\/\/nuevodigitaldeescobar.com.ar\/wp-content\/uploads\/2025\/07\/avanzalibertadesco25-e1753536948196.jpg","type":"image\/jpeg"}],"author":"Redacci\u00f3n","twitter_card":"summary_large_image","twitter_creator":"@nuevodigescobar","twitter_site":"@nuevodigescobar","twitter_misc":{"Escrito por":"Redacci\u00f3n","Tiempo de lectura":"6 minutos"},"schema":{"@context":"https:\/\/schema.org","@graph":[{"@type":"Article","@id":"https:\/\/nuevodigitaldeescobar.com.ar\/?p=16746#article","isPartOf":{"@id":"https:\/\/nuevodigitaldeescobar.com.ar\/?p=16746"},"author":{"name":"Redacci\u00f3n","@id":"https:\/\/nuevodigitaldeescobar.com.ar\/#\/schema\/person\/035e90a8efe9a80e6eec22656ad6ea4c"},"headline":"Solicitada | Cierre de listas en la Provincia de Buenos Aires: \u00bfD\u00f3nde quedaron los verdaderos libertarios?","datePublished":"2025-07-26T13:37:34+00:00","dateModified":"2025-07-26T16:34:46+00:00","mainEntityOfPage":{"@id":"https:\/\/nuevodigitaldeescobar.com.ar\/?p=16746"},"wordCount":1097,"commentCount":0,"publisher":{"@id":"https:\/\/nuevodigitaldeescobar.com.ar\/#organization"},"image":{"@id":"https:\/\/nuevodigitaldeescobar.com.ar\/?p=16746#primaryimage"},"thumbnailUrl":"https:\/\/nuevodigitaldeescobar.com.ar\/wp-content\/uploads\/2025\/07\/avanzalibertadesco25-e1753536948196.jpg","articleSection":["SOLICITADA"],"inLanguage":"es","potentialAction":[{"@type":"CommentAction","name":"Comment","target":["https:\/\/nuevodigitaldeescobar.com.ar\/?p=16746#respond"]}]},{"@type":"WebPage","@id":"https:\/\/nuevodigitaldeescobar.com.ar\/?p=16746","url":"https:\/\/nuevodigitaldeescobar.com.ar\/?p=16746","name":"Solicitada | Cierre de listas en la Provincia de Buenos Aires: \u00bfD\u00f3nde quedaron los verdaderos libertarios? - Nuevo Digital de Escobar","isPartOf":{"@id":"https:\/\/nuevodigitaldeescobar.com.ar\/#website"},"primaryImageOfPage":{"@id":"https:\/\/nuevodigitaldeescobar.com.ar\/?p=16746#primaryimage"},"image":{"@id":"https:\/\/nuevodigitaldeescobar.com.ar\/?p=16746#primaryimage"},"thumbnailUrl":"https:\/\/nuevodigitaldeescobar.com.ar\/wp-content\/uploads\/2025\/07\/avanzalibertadesco25-e1753536948196.jpg","datePublished":"2025-07-26T13:37:34+00:00","dateModified":"2025-07-26T16:34:46+00:00","breadcrumb":{"@id":"https:\/\/nuevodigitaldeescobar.com.ar\/?p=16746#breadcrumb"},"inLanguage":"es","potentialAction":[{"@type":"ReadAction","target":["https:\/\/nuevodigitaldeescobar.com.ar\/?p=16746"]}]},{"@type":"ImageObject","inLanguage":"es","@id":"https:\/\/nuevodigitaldeescobar.com.ar\/?p=16746#primaryimage","url":"https:\/\/nuevodigitaldeescobar.com.ar\/wp-content\/uploads\/2025\/07\/avanzalibertadesco25-e1753536948196.jpg","contentUrl":"https:\/\/nuevodigitaldeescobar.com.ar\/wp-content\/uploads\/2025\/07\/avanzalibertadesco25-e1753536948196.jpg","width":1383,"height":744},{"@type":"BreadcrumbList","@id":"https:\/\/nuevodigitaldeescobar.com.ar\/?p=16746#breadcrumb","itemListElement":[{"@type":"ListItem","position":1,"name":"Portada","item":"https:\/\/nuevodigitaldeescobar.com.ar\/"},{"@type":"ListItem","position":2,"name":"Solicitada | Cierre de listas en la Provincia de Buenos Aires: \u00bfD\u00f3nde quedaron los verdaderos libertarios?"}]},{"@type":"WebSite","@id":"https:\/\/nuevodigitaldeescobar.com.ar\/#website","url":"https:\/\/nuevodigitaldeescobar.com.ar\/","name":"Nuevo Digital de Escobar","description":"La vida escobarense. Directora: Rosana Brunner","publisher":{"@id":"https:\/\/nuevodigitaldeescobar.com.ar\/#organization"},"potentialAction":[{"@type":"SearchAction","target":{"@type":"EntryPoint","urlTemplate":"https:\/\/nuevodigitaldeescobar.com.ar\/?s={search_term_string}"},"query-input":{"@type":"PropertyValueSpecification","valueRequired":true,"valueName":"search_term_string"}}],"inLanguage":"es"},{"@type":"Organization","@id":"https:\/\/nuevodigitaldeescobar.com.ar\/#organization","name":"Nuevo Digital de Escobar","url":"https:\/\/nuevodigitaldeescobar.com.ar\/","logo":{"@type":"ImageObject","inLanguage":"es","@id":"https:\/\/nuevodigitaldeescobar.com.ar\/#\/schema\/logo\/image\/","url":"https:\/\/nuevodigitaldeescobar.com.ar\/wp-content\/uploads\/2025\/05\/cropped-logo-nuevo2.jpg","contentUrl":"https:\/\/nuevodigitaldeescobar.com.ar\/wp-content\/uploads\/2025\/05\/cropped-logo-nuevo2.jpg","width":305,"height":305,"caption":"Nuevo Digital de Escobar"},"image":{"@id":"https:\/\/nuevodigitaldeescobar.com.ar\/#\/schema\/logo\/image\/"},"sameAs":["https:\/\/www.facebook.com\/NUEVODigitalDeEscobar","https:\/\/x.com\/nuevodigescobar","https:\/\/www.instagram.com\/nuevodigitaldeescobar"]},{"@type":"Person","@id":"https:\/\/nuevodigitaldeescobar.com.ar\/#\/schema\/person\/035e90a8efe9a80e6eec22656ad6ea4c","name":"Redacci\u00f3n","image":{"@type":"ImageObject","inLanguage":"es","@id":"https:\/\/nuevodigitaldeescobar.com.ar\/#\/schema\/person\/image\/","url":"https:\/\/secure.gravatar.com\/avatar\/8af8f40000c24e9eef3034f2be5998a372bb1389e64b1a4a36b3a7979142220d?s=96&d=mm&r=g","contentUrl":"https:\/\/secure.gravatar.com\/avatar\/8af8f40000c24e9eef3034f2be5998a372bb1389e64b1a4a36b3a7979142220d?s=96&d=mm&r=g","caption":"Redacci\u00f3n"},"sameAs":["http:\/\/nuevodigitaldeescobar.com.ar"],"url":"https:\/\/nuevodigitaldeescobar.com.ar\/?author=1"}]}},"featured_image_urls":{"full":["https:\/\/nuevodigitaldeescobar.com.ar\/wp-content\/uploads\/2025\/07\/avanzalibertadesco25-e1753536948196.jpg",1383,744,false],"thumbnail":["https:\/\/nuevodigitaldeescobar.com.ar\/wp-content\/uploads\/2025\/07\/avanzalibertadesco25-e1753536948196-150x150.jpg",150,150,true],"medium":["https:\/\/nuevodigitaldeescobar.com.ar\/wp-content\/uploads\/2025\/07\/avanzalibertadesco25-e1753536948196-300x161.jpg",300,161,true],"medium_large":["https:\/\/nuevodigitaldeescobar.com.ar\/wp-content\/uploads\/2025\/07\/avanzalibertadesco25-e1753536948196-768x413.jpg",640,344,true],"large":["https:\/\/nuevodigitaldeescobar.com.ar\/wp-content\/uploads\/2025\/07\/avanzalibertadesco25-e1753536948196-1024x551.jpg",640,344,true],"1536x1536":["https:\/\/nuevodigitaldeescobar.com.ar\/wp-content\/uploads\/2025\/07\/avanzalibertadesco25-e1753536948196.jpg",1383,744,false],"2048x2048":["https:\/\/nuevodigitaldeescobar.com.ar\/wp-content\/uploads\/2025\/07\/avanzalibertadesco25-e1753536948196.jpg",1383,744,false]},"author_info":{"display_name":"Redacci\u00f3n","author_link":"https:\/\/nuevodigitaldeescobar.com.ar\/?author=1"},"category_info":"<a href=\"https:\/\/nuevodigitaldeescobar.com.ar\/?cat=161\" rel=\"category\">SOLICITADA<\/a>","tag_info":"SOLICITADA","comment_count":"0","_links":{"self":[{"href":"https:\/\/nuevodigitaldeescobar.com.ar\/index.php?rest_route=\/wp\/v2\/posts\/16746","targetHints":{"allow":["GET"]}}],"collection":[{"href":"https:\/\/nuevodigitaldeescobar.com.ar\/index.php?rest_route=\/wp\/v2\/posts"}],"about":[{"href":"https:\/\/nuevodigitaldeescobar.com.ar\/index.php?rest_route=\/wp\/v2\/types\/post"}],"author":[{"embeddable":true,"href":"https:\/\/nuevodigitaldeescobar.com.ar\/index.php?rest_route=\/wp\/v2\/users\/1"}],"replies":[{"embeddable":true,"href":"https:\/\/nuevodigitaldeescobar.com.ar\/index.php?rest_route=%2Fwp%2Fv2%2Fcomments&post=16746"}],"version-history":[{"count":2,"href":"https:\/\/nuevodigitaldeescobar.com.ar\/index.php?rest_route=\/wp\/v2\/posts\/16746\/revisions"}],"predecessor-version":[{"id":16755,"href":"https:\/\/nuevodigitaldeescobar.com.ar\/index.php?rest_route=\/wp\/v2\/posts\/16746\/revisions\/16755"}],"wp:featuredmedia":[{"embeddable":true,"href":"https:\/\/nuevodigitaldeescobar.com.ar\/index.php?rest_route=\/wp\/v2\/media\/16747"}],"wp:attachment":[{"href":"https:\/\/nuevodigitaldeescobar.com.ar\/index.php?rest_route=%2Fwp%2Fv2%2Fmedia&parent=16746"}],"wp:term":[{"taxonomy":"category","embeddable":true,"href":"https:\/\/nuevodigitaldeescobar.com.ar\/index.php?rest_route=%2Fwp%2Fv2%2Fcategories&post=16746"},{"taxonomy":"post_tag","embeddable":true,"href":"https:\/\/nuevodigitaldeescobar.com.ar\/index.php?rest_route=%2Fwp%2Fv2%2Ftags&post=16746"}],"curies":[{"name":"wp","href":"https:\/\/api.w.org\/{rel}","templated":true}]}}