{"id":16756,"date":"2025-07-27T01:41:00","date_gmt":"2025-07-27T04:41:00","guid":{"rendered":"https:\/\/nuevodigitaldeescobar.com.ar\/?p=16756"},"modified":"2025-07-26T23:43:41","modified_gmt":"2025-07-27T02:43:41","slug":"milei-anuncio-una-baja-en-las-retenciones-como-quedan-los-nuevos-porcentajes-para-carne-soja-maiz-y-otros-productos-clave-del-agro","status":"publish","type":"post","link":"https:\/\/nuevodigitaldeescobar.com.ar\/?p=16756","title":{"rendered":"Milei anunci\u00f3 una baja en las retenciones: c\u00f3mo quedan los nuevos porcentajes para carne, soja, ma\u00edz y otros productos clave del agro"},"content":{"rendered":"\n<p class=\"has-vivid-cyan-blue-color has-text-color has-link-color wp-elements-44034b10e9b5be03f7ad8d2d0c4b81ba\"><em><strong>Durante la inauguraci\u00f3n oficial de la Exposici\u00f3n Rural en Palermo, el presidente Javier Milei confirm\u00f3 una importante rebaja en las retenciones a las exportaciones de productos agroindustriales. Se trata de una medida que impacta de lleno en la estructura impositiva del campo, con reducciones permanentes en las al\u00edcuotas que afectan a seis sectores clave de la econom\u00eda argentina: carne vacuna y aviaria, ma\u00edz, sorgo, girasol, soja y sus subproductos.<\/strong><\/em><\/p>\n\n\n\n<!--more-->\n\n\n\n<p><em>\u00abEliminar las retenciones es una obsesi\u00f3n para nuestra gesti\u00f3n\u00bb<\/em>, afirm\u00f3 Milei. Y agreg\u00f3 que estos cambios son posibles gracias al super\u00e1vit fiscal alcanzado en los primeros meses de su gobierno. Seg\u00fan explic\u00f3, el objetivo de fondo es avanzar hacia una eliminaci\u00f3n total de los Derechos de Exportaci\u00f3n (DEX).<\/p>\n\n\n\n<hr class=\"wp-block-separator has-alpha-channel-opacity\"\/>\n\n\n\n<h3 class=\"wp-block-heading has-text-color has-link-color wp-elements-a1ccf3bd788af83e7410e02e7da2b7a3\" style=\"color:#1838c9\">\ud83d\udcca Nuevas retenciones: as\u00ed quedan los porcentajes<\/h3>\n\n\n\n<figure class=\"wp-block-table\"><table class=\"has-fixed-layout\"><thead><tr><th>Producto<\/th><th>Antes (%)<\/th><th>Ahora (%)<\/th><\/tr><\/thead><tbody><tr><td>Carne vacuna y aviaria<\/td><td>6,75<\/td><td>5<\/td><\/tr><tr><td>Ma\u00edz<\/td><td>12<\/td><td>9,5<\/td><\/tr><tr><td>Sorgo<\/td><td>12<\/td><td>9,5<\/td><\/tr><tr><td>Girasol<\/td><td>7,5<\/td><td>5,5<\/td><\/tr><tr><td>Soja<\/td><td>33<\/td><td>26<\/td><\/tr><tr><td>Subproductos de soja<\/td><td>31<\/td><td>24,5<\/td><\/tr><tr><td>Trigo y cebada<\/td><td>Reducci\u00f3n transitoria ahora permanente<\/td><td><\/td><\/tr><\/tbody><\/table><\/figure>\n\n\n\n<hr class=\"wp-block-separator has-alpha-channel-opacity\"\/>\n\n\n\n<h3 class=\"wp-block-heading has-text-color has-link-color wp-elements-afcca1fa825ec1e581d669da7737a20d\" style=\"color:#1838c9\">\u2696\ufe0f Impacto econ\u00f3mico: m\u00e1s alivio para el campo<\/h3>\n\n\n\n<p>Si bien todav\u00eda es temprano para calcular el impacto exacto, expertos del sector estiman que eliminar las retenciones por completo podr\u00eda representar una reducci\u00f3n fiscal de entre <strong>150 y 200 millones de d\u00f3lares anuales<\/strong>, solo en el rubro de carne vacuna. Esto se basa en un volumen estimado de 200.000 toneladas exportadas y un valor promedio de USD 14.000 por tonelada.<\/p>\n\n\n\n<p>Economistas cercanos al gobierno, como Federico Dom\u00ednguez, afirman que ya existen condiciones para avanzar en la eliminaci\u00f3n total de las retenciones. Destacan que la recaudaci\u00f3n viene creciendo y el gasto p\u00fablico se mantiene contenido, lo que permitir\u00eda compensar la merma por DEX con otros impuestos gracias a un posible aumento de la producci\u00f3n.<\/p>\n\n\n\n<hr class=\"wp-block-separator has-alpha-channel-opacity\"\/>\n\n\n\n<h3 class=\"wp-block-heading has-text-color has-link-color wp-elements-01dfa5e1ec4e3d4eca1f78f939859046\" style=\"color:#1838c9\">\ud83c\udf3e Repercusiones en el sector<\/h3>\n\n\n\n<p>Desde Ciara-Cec, Gustavo Id\u00edgoras celebr\u00f3 la medida: <em>\u201cEsto va a incentivar la producci\u00f3n y la competitividad<\/em>\u201d. Por su parte, Coninagro expres\u00f3 en redes sociales: <em>\u201cEsperamos que este sea el primer paso para eliminar definitivamente las retenciones\u201d<\/em>.<\/p>\n\n\n\n<p>La noticia llega en un momento de resurgimiento de las exportaciones agropecuarias, con cifras r\u00e9cord: en lo que va de 2024, Argentina volvi\u00f3 a superar las 900.000 toneladas exportadas de carne vacuna, algo que no ocurr\u00eda desde hace m\u00e1s de un siglo.<\/p>\n\n\n\n<hr class=\"wp-block-separator has-alpha-channel-opacity\"\/>\n\n\n\n<h3 class=\"wp-block-heading has-text-color has-link-color wp-elements-205fd68d03ffb851fcb5fe829e4b618c\" style=\"color:#1838c9\">\ud83d\udccd\u00bfQu\u00e9 significa para vos esta medida?<\/h3>\n\n\n\n<p>Para quienes trabajan en el agro, estas rebajas implican <strong>m\u00e1s rentabilidad, mayor previsibilidad y menos presi\u00f3n fiscal<\/strong>. Para el pa\u00eds, puede traducirse en m\u00e1s producci\u00f3n, m\u00e1s exportaciones y un sistema tributario m\u00e1s liviano.<\/p>\n\n\n\n<p>Por ahora, el Presidente asegur\u00f3 que <strong>no habr\u00e1 marcha atr\u00e1s<\/strong> mientras dure su mandato. El campo, uno de los pilares productivos del pa\u00eds, vuelve a estar en el centro de la escena econ\u00f3mica.<\/p>\n\n\n\n<p><\/p>\n","protected":false},"excerpt":{"rendered":"<p>Durante la inauguraci\u00f3n oficial de la Exposici\u00f3n Rural en Palermo, el presidente Javier Milei confirm\u00f3 una importante rebaja en las retenciones a las exportaciones de [&hellip;]<\/p>\n","protected":false},"author":1,"featured_media":16757,"comment_status":"open","ping_status":"open","sticky":false,"template":"","format":"standard","meta":{"footnotes":""},"categories":[10],"tags":[],"class_list":["post-16756","post","type-post","status-publish","format-standard","has-post-thumbnail","hentry","category-economia"],"better_featured_image":{"id":16757,"alt_text":"","caption":"","description":"","media_type":"image","media_details":{"width":774,"height":516,"file":"2025\/07\/agro23.jpg","filesize":165570,"sizes":{"medium":{"file":"agro23-300x200.jpg","width":300,"height":200,"mime-type":"image\/jpeg","filesize":19531,"source_url":"https:\/\/nuevodigitaldeescobar.com.ar\/wp-content\/uploads\/2025\/07\/agro23-300x200.jpg"},"thumbnail":{"file":"agro23-150x150.jpg","width":150,"height":150,"mime-type":"image\/jpeg","filesize":10212,"source_url":"https:\/\/nuevodigitaldeescobar.com.ar\/wp-content\/uploads\/2025\/07\/agro23-150x150.jpg"},"medium_large":{"file":"agro23-768x512.jpg","width":768,"height":512,"mime-type":"image\/jpeg","filesize":101074,"source_url":"https:\/\/nuevodigitaldeescobar.com.ar\/wp-content\/uploads\/2025\/07\/agro23-768x512.jpg"}},"image_meta":{"aperture":"0","credit":"","camera":"","caption":"","created_timestamp":"0","copyright":"","focal_length":"0","iso":"0","shutter_speed":"0","title":"","orientation":"0","keywords":[]}},"post":16756,"source_url":"https:\/\/nuevodigitaldeescobar.com.ar\/wp-content\/uploads\/2025\/07\/agro23.jpg"},"yoast_head":"<!-- This site is optimized with the Yoast SEO plugin v26.1.1 - https:\/\/yoast.com\/wordpress\/plugins\/seo\/ -->\n<title>Milei anunci\u00f3 una baja en las retenciones: c\u00f3mo quedan los nuevos porcentajes para carne, soja, ma\u00edz y otros productos clave del agro - Nuevo Digital de Escobar<\/title>\n<meta name=\"robots\" content=\"index, follow, max-snippet:-1, max-image-preview:large, max-video-preview:-1\" \/>\n<link rel=\"canonical\" href=\"https:\/\/nuevodigitaldeescobar.com.ar\/?p=16756\" \/>\n<meta property=\"og:locale\" content=\"es_ES\" \/>\n<meta property=\"og:type\" content=\"article\" \/>\n<meta property=\"og:title\" content=\"Milei anunci\u00f3 una baja en las retenciones: c\u00f3mo quedan los nuevos porcentajes para carne, soja, ma\u00edz y otros productos clave del agro - Nuevo Digital de Escobar\" \/>\n<meta property=\"og:description\" content=\"Durante la inauguraci\u00f3n oficial de la Exposici\u00f3n Rural en Palermo, el presidente Javier Milei confirm\u00f3 una importante rebaja en las retenciones a las exportaciones de [&hellip;]\" \/>\n<meta property=\"og:url\" content=\"https:\/\/nuevodigitaldeescobar.com.ar\/?p=16756\" \/>\n<meta property=\"og:site_name\" content=\"Nuevo Digital de Escobar\" \/>\n<meta property=\"article:publisher\" content=\"https:\/\/www.facebook.com\/NUEVODigitalDeEscobar\" \/>\n<meta property=\"article:published_time\" content=\"2025-07-27T04:41:00+00:00\" \/>\n<meta property=\"og:image\" content=\"https:\/\/nuevodigitaldeescobar.com.ar\/wp-content\/uploads\/2025\/07\/agro23.jpg\" \/>\n\t<meta property=\"og:image:width\" content=\"774\" \/>\n\t<meta property=\"og:image:height\" content=\"516\" \/>\n\t<meta property=\"og:image:type\" content=\"image\/jpeg\" \/>\n<meta name=\"author\" content=\"Redacci\u00f3n\" \/>\n<meta name=\"twitter:card\" content=\"summary_large_image\" \/>\n<meta name=\"twitter:creator\" content=\"@nuevodigescobar\" \/>\n<meta name=\"twitter:site\" content=\"@nuevodigescobar\" \/>\n<meta name=\"twitter:label1\" content=\"Escrito por\" \/>\n\t<meta name=\"twitter:data1\" content=\"Redacci\u00f3n\" \/>\n\t<meta name=\"twitter:label2\" content=\"Tiempo de lectura\" \/>\n\t<meta name=\"twitter:data2\" content=\"2 minutos\" \/>\n<script type=\"application\/ld+json\" class=\"yoast-schema-graph\">{\"@context\":\"https:\/\/schema.org\",\"@graph\":[{\"@type\":\"Article\",\"@id\":\"https:\/\/nuevodigitaldeescobar.com.ar\/?p=16756#article\",\"isPartOf\":{\"@id\":\"https:\/\/nuevodigitaldeescobar.com.ar\/?p=16756\"},\"author\":{\"name\":\"Redacci\u00f3n\",\"@id\":\"https:\/\/nuevodigitaldeescobar.com.ar\/#\/schema\/person\/035e90a8efe9a80e6eec22656ad6ea4c\"},\"headline\":\"Milei anunci\u00f3 una baja en las retenciones: c\u00f3mo quedan los nuevos porcentajes para carne, soja, ma\u00edz y otros productos clave del agro\",\"datePublished\":\"2025-07-27T04:41:00+00:00\",\"mainEntityOfPage\":{\"@id\":\"https:\/\/nuevodigitaldeescobar.com.ar\/?p=16756\"},\"wordCount\":477,\"commentCount\":0,\"publisher\":{\"@id\":\"https:\/\/nuevodigitaldeescobar.com.ar\/#organization\"},\"image\":{\"@id\":\"https:\/\/nuevodigitaldeescobar.com.ar\/?p=16756#primaryimage\"},\"thumbnailUrl\":\"https:\/\/nuevodigitaldeescobar.com.ar\/wp-content\/uploads\/2025\/07\/agro23.jpg\",\"articleSection\":[\"Econom\u00eda\"],\"inLanguage\":\"es\",\"potentialAction\":[{\"@type\":\"CommentAction\",\"name\":\"Comment\",\"target\":[\"https:\/\/nuevodigitaldeescobar.com.ar\/?p=16756#respond\"]}]},{\"@type\":\"WebPage\",\"@id\":\"https:\/\/nuevodigitaldeescobar.com.ar\/?p=16756\",\"url\":\"https:\/\/nuevodigitaldeescobar.com.ar\/?p=16756\",\"name\":\"Milei anunci\u00f3 una baja en las retenciones: c\u00f3mo quedan los nuevos porcentajes para carne, soja, ma\u00edz y otros productos clave del agro - Nuevo Digital de Escobar\",\"isPartOf\":{\"@id\":\"https:\/\/nuevodigitaldeescobar.com.ar\/#website\"},\"primaryImageOfPage\":{\"@id\":\"https:\/\/nuevodigitaldeescobar.com.ar\/?p=16756#primaryimage\"},\"image\":{\"@id\":\"https:\/\/nuevodigitaldeescobar.com.ar\/?p=16756#primaryimage\"},\"thumbnailUrl\":\"https:\/\/nuevodigitaldeescobar.com.ar\/wp-content\/uploads\/2025\/07\/agro23.jpg\",\"datePublished\":\"2025-07-27T04:41:00+00:00\",\"breadcrumb\":{\"@id\":\"https:\/\/nuevodigitaldeescobar.com.ar\/?p=16756#breadcrumb\"},\"inLanguage\":\"es\",\"potentialAction\":[{\"@type\":\"ReadAction\",\"target\":[\"https:\/\/nuevodigitaldeescobar.com.ar\/?p=16756\"]}]},{\"@type\":\"ImageObject\",\"inLanguage\":\"es\",\"@id\":\"https:\/\/nuevodigitaldeescobar.com.ar\/?p=16756#primaryimage\",\"url\":\"https:\/\/nuevodigitaldeescobar.com.ar\/wp-content\/uploads\/2025\/07\/agro23.jpg\",\"contentUrl\":\"https:\/\/nuevodigitaldeescobar.com.ar\/wp-content\/uploads\/2025\/07\/agro23.jpg\",\"width\":774,\"height\":516},{\"@type\":\"BreadcrumbList\",\"@id\":\"https:\/\/nuevodigitaldeescobar.com.ar\/?p=16756#breadcrumb\",\"itemListElement\":[{\"@type\":\"ListItem\",\"position\":1,\"name\":\"Portada\",\"item\":\"https:\/\/nuevodigitaldeescobar.com.ar\/\"},{\"@type\":\"ListItem\",\"position\":2,\"name\":\"Milei anunci\u00f3 una baja en las retenciones: c\u00f3mo quedan los nuevos porcentajes para carne, soja, ma\u00edz y otros productos clave del agro\"}]},{\"@type\":\"WebSite\",\"@id\":\"https:\/\/nuevodigitaldeescobar.com.ar\/#website\",\"url\":\"https:\/\/nuevodigitaldeescobar.com.ar\/\",\"name\":\"Nuevo Digital de Escobar\",\"description\":\"La vida escobarense. Directora: Rosana Brunner\",\"publisher\":{\"@id\":\"https:\/\/nuevodigitaldeescobar.com.ar\/#organization\"},\"potentialAction\":[{\"@type\":\"SearchAction\",\"target\":{\"@type\":\"EntryPoint\",\"urlTemplate\":\"https:\/\/nuevodigitaldeescobar.com.ar\/?s={search_term_string}\"},\"query-input\":{\"@type\":\"PropertyValueSpecification\",\"valueRequired\":true,\"valueName\":\"search_term_string\"}}],\"inLanguage\":\"es\"},{\"@type\":\"Organization\",\"@id\":\"https:\/\/nuevodigitaldeescobar.com.ar\/#organization\",\"name\":\"Nuevo Digital de Escobar\",\"url\":\"https:\/\/nuevodigitaldeescobar.com.ar\/\",\"logo\":{\"@type\":\"ImageObject\",\"inLanguage\":\"es\",\"@id\":\"https:\/\/nuevodigitaldeescobar.com.ar\/#\/schema\/logo\/image\/\",\"url\":\"https:\/\/nuevodigitaldeescobar.com.ar\/wp-content\/uploads\/2025\/05\/cropped-logo-nuevo2.jpg\",\"contentUrl\":\"https:\/\/nuevodigitaldeescobar.com.ar\/wp-content\/uploads\/2025\/05\/cropped-logo-nuevo2.jpg\",\"width\":305,\"height\":305,\"caption\":\"Nuevo Digital de Escobar\"},\"image\":{\"@id\":\"https:\/\/nuevodigitaldeescobar.com.ar\/#\/schema\/logo\/image\/\"},\"sameAs\":[\"https:\/\/www.facebook.com\/NUEVODigitalDeEscobar\",\"https:\/\/x.com\/nuevodigescobar\",\"https:\/\/www.instagram.com\/nuevodigitaldeescobar\"]},{\"@type\":\"Person\",\"@id\":\"https:\/\/nuevodigitaldeescobar.com.ar\/#\/schema\/person\/035e90a8efe9a80e6eec22656ad6ea4c\",\"name\":\"Redacci\u00f3n\",\"image\":{\"@type\":\"ImageObject\",\"inLanguage\":\"es\",\"@id\":\"https:\/\/nuevodigitaldeescobar.com.ar\/#\/schema\/person\/image\/\",\"url\":\"https:\/\/secure.gravatar.com\/avatar\/8af8f40000c24e9eef3034f2be5998a372bb1389e64b1a4a36b3a7979142220d?s=96&d=mm&r=g\",\"contentUrl\":\"https:\/\/secure.gravatar.com\/avatar\/8af8f40000c24e9eef3034f2be5998a372bb1389e64b1a4a36b3a7979142220d?s=96&d=mm&r=g\",\"caption\":\"Redacci\u00f3n\"},\"sameAs\":[\"http:\/\/nuevodigitaldeescobar.com.ar\"],\"url\":\"https:\/\/nuevodigitaldeescobar.com.ar\/?author=1\"}]}<\/script>\n<!-- \/ Yoast SEO plugin. -->","yoast_head_json":{"title":"Milei anunci\u00f3 una baja en las retenciones: c\u00f3mo quedan los nuevos porcentajes para carne, soja, ma\u00edz y otros productos clave del agro - Nuevo Digital de Escobar","robots":{"index":"index","follow":"follow","max-snippet":"max-snippet:-1","max-image-preview":"max-image-preview:large","max-video-preview":"max-video-preview:-1"},"canonical":"https:\/\/nuevodigitaldeescobar.com.ar\/?p=16756","og_locale":"es_ES","og_type":"article","og_title":"Milei anunci\u00f3 una baja en las retenciones: c\u00f3mo quedan los nuevos porcentajes para carne, soja, ma\u00edz y otros productos clave del agro - Nuevo Digital de Escobar","og_description":"Durante la inauguraci\u00f3n oficial de la Exposici\u00f3n Rural en Palermo, el presidente Javier Milei confirm\u00f3 una importante rebaja en las retenciones a las exportaciones de [&hellip;]","og_url":"https:\/\/nuevodigitaldeescobar.com.ar\/?p=16756","og_site_name":"Nuevo Digital de Escobar","article_publisher":"https:\/\/www.facebook.com\/NUEVODigitalDeEscobar","article_published_time":"2025-07-27T04:41:00+00:00","og_image":[{"width":774,"height":516,"url":"https:\/\/nuevodigitaldeescobar.com.ar\/wp-content\/uploads\/2025\/07\/agro23.jpg","type":"image\/jpeg"}],"author":"Redacci\u00f3n","twitter_card":"summary_large_image","twitter_creator":"@nuevodigescobar","twitter_site":"@nuevodigescobar","twitter_misc":{"Escrito por":"Redacci\u00f3n","Tiempo de lectura":"2 minutos"},"schema":{"@context":"https:\/\/schema.org","@graph":[{"@type":"Article","@id":"https:\/\/nuevodigitaldeescobar.com.ar\/?p=16756#article","isPartOf":{"@id":"https:\/\/nuevodigitaldeescobar.com.ar\/?p=16756"},"author":{"name":"Redacci\u00f3n","@id":"https:\/\/nuevodigitaldeescobar.com.ar\/#\/schema\/person\/035e90a8efe9a80e6eec22656ad6ea4c"},"headline":"Milei anunci\u00f3 una baja en las retenciones: c\u00f3mo quedan los nuevos porcentajes para carne, soja, ma\u00edz y otros productos clave del agro","datePublished":"2025-07-27T04:41:00+00:00","mainEntityOfPage":{"@id":"https:\/\/nuevodigitaldeescobar.com.ar\/?p=16756"},"wordCount":477,"commentCount":0,"publisher":{"@id":"https:\/\/nuevodigitaldeescobar.com.ar\/#organization"},"image":{"@id":"https:\/\/nuevodigitaldeescobar.com.ar\/?p=16756#primaryimage"},"thumbnailUrl":"https:\/\/nuevodigitaldeescobar.com.ar\/wp-content\/uploads\/2025\/07\/agro23.jpg","articleSection":["Econom\u00eda"],"inLanguage":"es","potentialAction":[{"@type":"CommentAction","name":"Comment","target":["https:\/\/nuevodigitaldeescobar.com.ar\/?p=16756#respond"]}]},{"@type":"WebPage","@id":"https:\/\/nuevodigitaldeescobar.com.ar\/?p=16756","url":"https:\/\/nuevodigitaldeescobar.com.ar\/?p=16756","name":"Milei anunci\u00f3 una baja en las retenciones: c\u00f3mo quedan los nuevos porcentajes para carne, soja, ma\u00edz y otros productos clave del agro - Nuevo Digital de Escobar","isPartOf":{"@id":"https:\/\/nuevodigitaldeescobar.com.ar\/#website"},"primaryImageOfPage":{"@id":"https:\/\/nuevodigitaldeescobar.com.ar\/?p=16756#primaryimage"},"image":{"@id":"https:\/\/nuevodigitaldeescobar.com.ar\/?p=16756#primaryimage"},"thumbnailUrl":"https:\/\/nuevodigitaldeescobar.com.ar\/wp-content\/uploads\/2025\/07\/agro23.jpg","datePublished":"2025-07-27T04:41:00+00:00","breadcrumb":{"@id":"https:\/\/nuevodigitaldeescobar.com.ar\/?p=16756#breadcrumb"},"inLanguage":"es","potentialAction":[{"@type":"ReadAction","target":["https:\/\/nuevodigitaldeescobar.com.ar\/?p=16756"]}]},{"@type":"ImageObject","inLanguage":"es","@id":"https:\/\/nuevodigitaldeescobar.com.ar\/?p=16756#primaryimage","url":"https:\/\/nuevodigitaldeescobar.com.ar\/wp-content\/uploads\/2025\/07\/agro23.jpg","contentUrl":"https:\/\/nuevodigitaldeescobar.com.ar\/wp-content\/uploads\/2025\/07\/agro23.jpg","width":774,"height":516},{"@type":"BreadcrumbList","@id":"https:\/\/nuevodigitaldeescobar.com.ar\/?p=16756#breadcrumb","itemListElement":[{"@type":"ListItem","position":1,"name":"Portada","item":"https:\/\/nuevodigitaldeescobar.com.ar\/"},{"@type":"ListItem","position":2,"name":"Milei anunci\u00f3 una baja en las retenciones: c\u00f3mo quedan los nuevos porcentajes para carne, soja, ma\u00edz y otros productos clave del agro"}]},{"@type":"WebSite","@id":"https:\/\/nuevodigitaldeescobar.com.ar\/#website","url":"https:\/\/nuevodigitaldeescobar.com.ar\/","name":"Nuevo Digital de Escobar","description":"La vida escobarense. Directora: Rosana Brunner","publisher":{"@id":"https:\/\/nuevodigitaldeescobar.com.ar\/#organization"},"potentialAction":[{"@type":"SearchAction","target":{"@type":"EntryPoint","urlTemplate":"https:\/\/nuevodigitaldeescobar.com.ar\/?s={search_term_string}"},"query-input":{"@type":"PropertyValueSpecification","valueRequired":true,"valueName":"search_term_string"}}],"inLanguage":"es"},{"@type":"Organization","@id":"https:\/\/nuevodigitaldeescobar.com.ar\/#organization","name":"Nuevo Digital de Escobar","url":"https:\/\/nuevodigitaldeescobar.com.ar\/","logo":{"@type":"ImageObject","inLanguage":"es","@id":"https:\/\/nuevodigitaldeescobar.com.ar\/#\/schema\/logo\/image\/","url":"https:\/\/nuevodigitaldeescobar.com.ar\/wp-content\/uploads\/2025\/05\/cropped-logo-nuevo2.jpg","contentUrl":"https:\/\/nuevodigitaldeescobar.com.ar\/wp-content\/uploads\/2025\/05\/cropped-logo-nuevo2.jpg","width":305,"height":305,"caption":"Nuevo Digital de Escobar"},"image":{"@id":"https:\/\/nuevodigitaldeescobar.com.ar\/#\/schema\/logo\/image\/"},"sameAs":["https:\/\/www.facebook.com\/NUEVODigitalDeEscobar","https:\/\/x.com\/nuevodigescobar","https:\/\/www.instagram.com\/nuevodigitaldeescobar"]},{"@type":"Person","@id":"https:\/\/nuevodigitaldeescobar.com.ar\/#\/schema\/person\/035e90a8efe9a80e6eec22656ad6ea4c","name":"Redacci\u00f3n","image":{"@type":"ImageObject","inLanguage":"es","@id":"https:\/\/nuevodigitaldeescobar.com.ar\/#\/schema\/person\/image\/","url":"https:\/\/secure.gravatar.com\/avatar\/8af8f40000c24e9eef3034f2be5998a372bb1389e64b1a4a36b3a7979142220d?s=96&d=mm&r=g","contentUrl":"https:\/\/secure.gravatar.com\/avatar\/8af8f40000c24e9eef3034f2be5998a372bb1389e64b1a4a36b3a7979142220d?s=96&d=mm&r=g","caption":"Redacci\u00f3n"},"sameAs":["http:\/\/nuevodigitaldeescobar.com.ar"],"url":"https:\/\/nuevodigitaldeescobar.com.ar\/?author=1"}]}},"featured_image_urls":{"full":["https:\/\/nuevodigitaldeescobar.com.ar\/wp-content\/uploads\/2025\/07\/agro23.jpg",774,516,false],"thumbnail":["https:\/\/nuevodigitaldeescobar.com.ar\/wp-content\/uploads\/2025\/07\/agro23-150x150.jpg",150,150,true],"medium":["https:\/\/nuevodigitaldeescobar.com.ar\/wp-content\/uploads\/2025\/07\/agro23-300x200.jpg",300,200,true],"medium_large":["https:\/\/nuevodigitaldeescobar.com.ar\/wp-content\/uploads\/2025\/07\/agro23-768x512.jpg",640,427,true],"large":["https:\/\/nuevodigitaldeescobar.com.ar\/wp-content\/uploads\/2025\/07\/agro23.jpg",640,427,false],"1536x1536":["https:\/\/nuevodigitaldeescobar.com.ar\/wp-content\/uploads\/2025\/07\/agro23.jpg",774,516,false],"2048x2048":["https:\/\/nuevodigitaldeescobar.com.ar\/wp-content\/uploads\/2025\/07\/agro23.jpg",774,516,false]},"author_info":{"display_name":"Redacci\u00f3n","author_link":"https:\/\/nuevodigitaldeescobar.com.ar\/?author=1"},"category_info":"<a href=\"https:\/\/nuevodigitaldeescobar.com.ar\/?cat=10\" rel=\"category\">Econom\u00eda<\/a>","tag_info":"Econom\u00eda","comment_count":"0","_links":{"self":[{"href":"https:\/\/nuevodigitaldeescobar.com.ar\/index.php?rest_route=\/wp\/v2\/posts\/16756","targetHints":{"allow":["GET"]}}],"collection":[{"href":"https:\/\/nuevodigitaldeescobar.com.ar\/index.php?rest_route=\/wp\/v2\/posts"}],"about":[{"href":"https:\/\/nuevodigitaldeescobar.com.ar\/index.php?rest_route=\/wp\/v2\/types\/post"}],"author":[{"embeddable":true,"href":"https:\/\/nuevodigitaldeescobar.com.ar\/index.php?rest_route=\/wp\/v2\/users\/1"}],"replies":[{"embeddable":true,"href":"https:\/\/nuevodigitaldeescobar.com.ar\/index.php?rest_route=%2Fwp%2Fv2%2Fcomments&post=16756"}],"version-history":[{"count":1,"href":"https:\/\/nuevodigitaldeescobar.com.ar\/index.php?rest_route=\/wp\/v2\/posts\/16756\/revisions"}],"predecessor-version":[{"id":16758,"href":"https:\/\/nuevodigitaldeescobar.com.ar\/index.php?rest_route=\/wp\/v2\/posts\/16756\/revisions\/16758"}],"wp:featuredmedia":[{"embeddable":true,"href":"https:\/\/nuevodigitaldeescobar.com.ar\/index.php?rest_route=\/wp\/v2\/media\/16757"}],"wp:attachment":[{"href":"https:\/\/nuevodigitaldeescobar.com.ar\/index.php?rest_route=%2Fwp%2Fv2%2Fmedia&parent=16756"}],"wp:term":[{"taxonomy":"category","embeddable":true,"href":"https:\/\/nuevodigitaldeescobar.com.ar\/index.php?rest_route=%2Fwp%2Fv2%2Fcategories&post=16756"},{"taxonomy":"post_tag","embeddable":true,"href":"https:\/\/nuevodigitaldeescobar.com.ar\/index.php?rest_route=%2Fwp%2Fv2%2Ftags&post=16756"}],"curies":[{"name":"wp","href":"https:\/\/api.w.org\/{rel}","templated":true}]}}