{"id":16812,"date":"2025-07-28T18:59:53","date_gmt":"2025-07-28T21:59:53","guid":{"rendered":"https:\/\/nuevodigitaldeescobar.com.ar\/?p=16812"},"modified":"2025-07-28T19:21:52","modified_gmt":"2025-07-28T22:21:52","slug":"fallecio-alejandra-locomotora-oliveras-a-los-47-anos-leyenda-del-boxeo-femenino-argentino","status":"publish","type":"post","link":"https:\/\/nuevodigitaldeescobar.com.ar\/?p=16812","title":{"rendered":"Falleci\u00f3 Alejandra \u201cLocomotora\u201d Oliveras a los 47 a\u00f1os, leyenda del boxeo femenino argentino"},"content":{"rendered":"\n<p class=\"has-vivid-cyan-blue-color has-text-color has-link-color wp-elements-debee9ff84aa9c8f974275adf4192668\"><em><strong>Este lunes, a las 16 horas, muri\u00f3 en el Hospital Jos\u00e9 Mar\u00eda Cullen de Santa Fe Alejandra Marina \u201cLocomotora\u201d Oliveras, a los 47 a\u00f1os, tras estar internada desde el 14 de julio por un accidente cerebrovascular isqu\u00e9mico. La exboxeadora juje\u00f1a, m\u00faltiple campeona mundial, hab\u00eda presentado leves signos de mejor\u00eda en los \u00faltimos d\u00edas, pero su salud se agrav\u00f3 repentinamente.<\/strong><\/em><\/p>\n\n\n\n<!--more-->\n\n\n\n<p>Considerada una de las m\u00e1s grandes exponentes del boxeo femenino argentino, Oliveras dej\u00f3 una marca imborrable: fue campeona mundial en cinco categor\u00edas distintas y registr\u00f3 un r\u00e9cord profesional de 33 victorias (16 por nocaut), 3 derrotas y 2 empates en 38 peleas. En 2015 logr\u00f3 un r\u00e9cord Guinness por ser la primera mujer en ganar cuatro t\u00edtulos mundiales en diferentes divisiones. <em>\u201cCada pelea por el t\u00edtulo termin\u00f3 en nocaut\u201d<\/em>, recordaba con orgullo.<\/p>\n\n\n\n<p>Su vida estuvo marcada por la lucha. Nacida en una familia humilde, fue v\u00edctima de violencia de g\u00e9nero, conoci\u00f3 el hambre y la miseria en su infancia, y desde all\u00ed se forj\u00f3 como una mujer de coraje y determinaci\u00f3n. <em>\u201cMataba palomas para comer\u201d<\/em>, confes\u00f3 alguna vez en una entrevista. A los 7 a\u00f1os trabajaba con su padre en el campo, y so\u00f1aba con ser abogada, cantante y astronauta. Eligi\u00f3 el boxeo <em>\u201cporque no ten\u00eda ni para comer\u201d<\/em>, y se entren\u00f3 bajo la tutela del m\u00edtico Am\u00edlcar Brusa.<\/p>\n\n\n\n<figure class=\"wp-block-video aligncenter\"><video controls src=\"https:\/\/nuevodigitaldeescobar.com.ar\/wp-content\/uploads\/2025\/07\/Download.mp4\"><\/video><figcaption class=\"wp-element-caption\"><em>Fuente: @rutadeportiva<\/em><\/figcaption><\/figure>\n\n\n\n<p>Su carrera incluy\u00f3 una hist\u00f3rica pelea con Marcela \u201cLa Tigresa\u201d Acu\u00f1a en 2008, donde perdi\u00f3 el t\u00edtulo supergallo del CMB en un combate pol\u00e9mico. Siempre reclam\u00f3 revancha, pero nunca se concret\u00f3.<\/p>\n\n\n\n<p>Adem\u00e1s del deporte, Oliveras fue conferencista motivacional y se inscribi\u00f3 en la carrera de Psicolog\u00eda para ayudar profesionalmente a quienes buscaban su consejo. En febrero de 2024 se convirti\u00f3 en la primera mujer en ingresar al Sal\u00f3n de la Fama del Boxeo Sudamericano. Tambi\u00e9n hab\u00eda anunciado que incursionar\u00eda en el teatro en 2025, e incluso so\u00f1aba con llevar su vida al cine para inspirar a quienes <em>\u201ccreen que la vida es solo sufrimiento\u201d<\/em>.<\/p>\n\n\n\n<p>Tuvo dos hijos, Alejandro y Alexis, a quienes cri\u00f3 sola en medio de la exigencia deportiva. <em>\u201cNo estuve en todos los cumplea\u00f1os, pero lo hice so\u00f1ando con un futuro mejor para ellos\u201d<\/em>, explic\u00f3.<\/p>\n\n\n\n<p>En sus \u00faltimos d\u00edas se viraliz\u00f3 una entrevista con Alejandro Fantino, donde dej\u00f3 una reflexi\u00f3n que hoy resuena con m\u00e1s fuerza:<\/p>\n\n\n\n<blockquote class=\"wp-block-quote is-layout-flow wp-block-quote-is-layout-flow\">\n<p><em><strong>\u201cTenemos dos opciones: una vida de mierda por tus decisiones o una vida fant\u00e1stica porque luch\u00e1s. El ganador es el que nunca se rinde\u201d<\/strong><\/em>.<\/p>\n<\/blockquote>\n\n\n\n<p>Alejandra \u201cLocomotora\u201d Oliveras fue mucho m\u00e1s que una boxeadora. Fue s\u00edmbolo de resiliencia, de lucha desde abajo, de empoderamiento y de esperanza para miles de personas. Su legado, dentro y fuera del ring, ser\u00e1 imborrable.<\/p>\n","protected":false},"excerpt":{"rendered":"<p>Este lunes, a las 16 horas, muri\u00f3 en el Hospital Jos\u00e9 Mar\u00eda Cullen de Santa Fe Alejandra Marina \u201cLocomotora\u201d Oliveras, a los 47 a\u00f1os, tras [&hellip;]<\/p>\n","protected":false},"author":1,"featured_media":16813,"comment_status":"open","ping_status":"open","sticky":false,"template":"","format":"standard","meta":{"footnotes":""},"categories":[8],"tags":[],"class_list":["post-16812","post","type-post","status-publish","format-standard","has-post-thumbnail","hentry","category-deportes"],"better_featured_image":{"id":16813,"alt_text":"","caption":"","description":"","media_type":"image","media_details":{"width":839,"height":503,"file":"2025\/07\/locomotoraolivera345.png","filesize":855994,"sizes":{"medium":{"file":"locomotoraolivera345-300x180.png","width":300,"height":180,"mime-type":"image\/png","filesize":45028,"source_url":"https:\/\/nuevodigitaldeescobar.com.ar\/wp-content\/uploads\/2025\/07\/locomotoraolivera345-300x180.png"},"thumbnail":{"file":"locomotoraolivera345-150x150.png","width":150,"height":150,"mime-type":"image\/png","filesize":21719,"source_url":"https:\/\/nuevodigitaldeescobar.com.ar\/wp-content\/uploads\/2025\/07\/locomotoraolivera345-150x150.png"},"medium_large":{"file":"locomotoraolivera345-768x460.png","width":768,"height":460,"mime-type":"image\/png","filesize":245878,"source_url":"https:\/\/nuevodigitaldeescobar.com.ar\/wp-content\/uploads\/2025\/07\/locomotoraolivera345-768x460.png"}},"image_meta":{"aperture":"0","credit":"","camera":"","caption":"","created_timestamp":"0","copyright":"","focal_length":"0","iso":"0","shutter_speed":"0","title":"","orientation":"0","keywords":[]}},"post":16812,"source_url":"https:\/\/nuevodigitaldeescobar.com.ar\/wp-content\/uploads\/2025\/07\/locomotoraolivera345.png"},"yoast_head":"<!-- This site is optimized with the Yoast SEO plugin v26.1.1 - https:\/\/yoast.com\/wordpress\/plugins\/seo\/ -->\n<title>Falleci\u00f3 Alejandra \u201cLocomotora\u201d Oliveras a los 47 a\u00f1os, leyenda del boxeo femenino argentino - Nuevo Digital de Escobar<\/title>\n<meta name=\"robots\" content=\"index, follow, max-snippet:-1, max-image-preview:large, max-video-preview:-1\" \/>\n<link rel=\"canonical\" href=\"https:\/\/nuevodigitaldeescobar.com.ar\/?p=16812\" \/>\n<meta property=\"og:locale\" content=\"es_ES\" \/>\n<meta property=\"og:type\" content=\"article\" \/>\n<meta property=\"og:title\" content=\"Falleci\u00f3 Alejandra \u201cLocomotora\u201d Oliveras a los 47 a\u00f1os, leyenda del boxeo femenino argentino - Nuevo Digital de Escobar\" \/>\n<meta property=\"og:description\" content=\"Este lunes, a las 16 horas, muri\u00f3 en el Hospital Jos\u00e9 Mar\u00eda Cullen de Santa Fe Alejandra Marina \u201cLocomotora\u201d Oliveras, a los 47 a\u00f1os, tras [&hellip;]\" \/>\n<meta property=\"og:url\" content=\"https:\/\/nuevodigitaldeescobar.com.ar\/?p=16812\" \/>\n<meta property=\"og:site_name\" content=\"Nuevo Digital de Escobar\" \/>\n<meta property=\"article:publisher\" content=\"https:\/\/www.facebook.com\/NUEVODigitalDeEscobar\" \/>\n<meta property=\"article:published_time\" content=\"2025-07-28T21:59:53+00:00\" \/>\n<meta property=\"article:modified_time\" content=\"2025-07-28T22:21:52+00:00\" \/>\n<meta property=\"og:image\" content=\"http:\/\/nuevodigitaldeescobar.com.ar\/wp-content\/uploads\/2025\/07\/locomotoraolivera345.png\" \/>\n\t<meta property=\"og:image:width\" content=\"839\" \/>\n\t<meta property=\"og:image:height\" content=\"503\" \/>\n\t<meta property=\"og:image:type\" content=\"image\/png\" \/>\n<meta name=\"author\" content=\"Redacci\u00f3n\" \/>\n<meta name=\"twitter:card\" content=\"summary_large_image\" \/>\n<meta name=\"twitter:creator\" content=\"@nuevodigescobar\" \/>\n<meta name=\"twitter:site\" content=\"@nuevodigescobar\" \/>\n<meta name=\"twitter:label1\" content=\"Escrito por\" \/>\n\t<meta name=\"twitter:data1\" content=\"Redacci\u00f3n\" \/>\n\t<meta name=\"twitter:label2\" content=\"Tiempo de lectura\" \/>\n\t<meta name=\"twitter:data2\" content=\"3 minutos\" \/>\n<script type=\"application\/ld+json\" class=\"yoast-schema-graph\">{\"@context\":\"https:\/\/schema.org\",\"@graph\":[{\"@type\":\"Article\",\"@id\":\"https:\/\/nuevodigitaldeescobar.com.ar\/?p=16812#article\",\"isPartOf\":{\"@id\":\"https:\/\/nuevodigitaldeescobar.com.ar\/?p=16812\"},\"author\":{\"name\":\"Redacci\u00f3n\",\"@id\":\"https:\/\/nuevodigitaldeescobar.com.ar\/#\/schema\/person\/035e90a8efe9a80e6eec22656ad6ea4c\"},\"headline\":\"Falleci\u00f3 Alejandra \u201cLocomotora\u201d Oliveras a los 47 a\u00f1os, leyenda del boxeo femenino argentino\",\"datePublished\":\"2025-07-28T21:59:53+00:00\",\"dateModified\":\"2025-07-28T22:21:52+00:00\",\"mainEntityOfPage\":{\"@id\":\"https:\/\/nuevodigitaldeescobar.com.ar\/?p=16812\"},\"wordCount\":479,\"commentCount\":0,\"publisher\":{\"@id\":\"https:\/\/nuevodigitaldeescobar.com.ar\/#organization\"},\"image\":{\"@id\":\"https:\/\/nuevodigitaldeescobar.com.ar\/?p=16812#primaryimage\"},\"thumbnailUrl\":\"https:\/\/nuevodigitaldeescobar.com.ar\/wp-content\/uploads\/2025\/07\/locomotoraolivera345.png\",\"articleSection\":[\"Deportes\"],\"inLanguage\":\"es\",\"potentialAction\":[{\"@type\":\"CommentAction\",\"name\":\"Comment\",\"target\":[\"https:\/\/nuevodigitaldeescobar.com.ar\/?p=16812#respond\"]}]},{\"@type\":\"WebPage\",\"@id\":\"https:\/\/nuevodigitaldeescobar.com.ar\/?p=16812\",\"url\":\"https:\/\/nuevodigitaldeescobar.com.ar\/?p=16812\",\"name\":\"Falleci\u00f3 Alejandra \u201cLocomotora\u201d Oliveras a los 47 a\u00f1os, leyenda del boxeo femenino argentino - Nuevo Digital de Escobar\",\"isPartOf\":{\"@id\":\"https:\/\/nuevodigitaldeescobar.com.ar\/#website\"},\"primaryImageOfPage\":{\"@id\":\"https:\/\/nuevodigitaldeescobar.com.ar\/?p=16812#primaryimage\"},\"image\":{\"@id\":\"https:\/\/nuevodigitaldeescobar.com.ar\/?p=16812#primaryimage\"},\"thumbnailUrl\":\"https:\/\/nuevodigitaldeescobar.com.ar\/wp-content\/uploads\/2025\/07\/locomotoraolivera345.png\",\"datePublished\":\"2025-07-28T21:59:53+00:00\",\"dateModified\":\"2025-07-28T22:21:52+00:00\",\"breadcrumb\":{\"@id\":\"https:\/\/nuevodigitaldeescobar.com.ar\/?p=16812#breadcrumb\"},\"inLanguage\":\"es\",\"potentialAction\":[{\"@type\":\"ReadAction\",\"target\":[\"https:\/\/nuevodigitaldeescobar.com.ar\/?p=16812\"]}]},{\"@type\":\"ImageObject\",\"inLanguage\":\"es\",\"@id\":\"https:\/\/nuevodigitaldeescobar.com.ar\/?p=16812#primaryimage\",\"url\":\"https:\/\/nuevodigitaldeescobar.com.ar\/wp-content\/uploads\/2025\/07\/locomotoraolivera345.png\",\"contentUrl\":\"https:\/\/nuevodigitaldeescobar.com.ar\/wp-content\/uploads\/2025\/07\/locomotoraolivera345.png\",\"width\":839,\"height\":503},{\"@type\":\"BreadcrumbList\",\"@id\":\"https:\/\/nuevodigitaldeescobar.com.ar\/?p=16812#breadcrumb\",\"itemListElement\":[{\"@type\":\"ListItem\",\"position\":1,\"name\":\"Portada\",\"item\":\"https:\/\/nuevodigitaldeescobar.com.ar\/\"},{\"@type\":\"ListItem\",\"position\":2,\"name\":\"Falleci\u00f3 Alejandra \u201cLocomotora\u201d Oliveras a los 47 a\u00f1os, leyenda del boxeo femenino argentino\"}]},{\"@type\":\"WebSite\",\"@id\":\"https:\/\/nuevodigitaldeescobar.com.ar\/#website\",\"url\":\"https:\/\/nuevodigitaldeescobar.com.ar\/\",\"name\":\"Nuevo Digital de Escobar\",\"description\":\"La vida escobarense. Directora: Rosana Brunner\",\"publisher\":{\"@id\":\"https:\/\/nuevodigitaldeescobar.com.ar\/#organization\"},\"potentialAction\":[{\"@type\":\"SearchAction\",\"target\":{\"@type\":\"EntryPoint\",\"urlTemplate\":\"https:\/\/nuevodigitaldeescobar.com.ar\/?s={search_term_string}\"},\"query-input\":{\"@type\":\"PropertyValueSpecification\",\"valueRequired\":true,\"valueName\":\"search_term_string\"}}],\"inLanguage\":\"es\"},{\"@type\":\"Organization\",\"@id\":\"https:\/\/nuevodigitaldeescobar.com.ar\/#organization\",\"name\":\"Nuevo Digital de Escobar\",\"url\":\"https:\/\/nuevodigitaldeescobar.com.ar\/\",\"logo\":{\"@type\":\"ImageObject\",\"inLanguage\":\"es\",\"@id\":\"https:\/\/nuevodigitaldeescobar.com.ar\/#\/schema\/logo\/image\/\",\"url\":\"https:\/\/nuevodigitaldeescobar.com.ar\/wp-content\/uploads\/2025\/05\/cropped-logo-nuevo2.jpg\",\"contentUrl\":\"https:\/\/nuevodigitaldeescobar.com.ar\/wp-content\/uploads\/2025\/05\/cropped-logo-nuevo2.jpg\",\"width\":305,\"height\":305,\"caption\":\"Nuevo Digital de Escobar\"},\"image\":{\"@id\":\"https:\/\/nuevodigitaldeescobar.com.ar\/#\/schema\/logo\/image\/\"},\"sameAs\":[\"https:\/\/www.facebook.com\/NUEVODigitalDeEscobar\",\"https:\/\/x.com\/nuevodigescobar\",\"https:\/\/www.instagram.com\/nuevodigitaldeescobar\"]},{\"@type\":\"Person\",\"@id\":\"https:\/\/nuevodigitaldeescobar.com.ar\/#\/schema\/person\/035e90a8efe9a80e6eec22656ad6ea4c\",\"name\":\"Redacci\u00f3n\",\"image\":{\"@type\":\"ImageObject\",\"inLanguage\":\"es\",\"@id\":\"https:\/\/nuevodigitaldeescobar.com.ar\/#\/schema\/person\/image\/\",\"url\":\"https:\/\/secure.gravatar.com\/avatar\/8af8f40000c24e9eef3034f2be5998a372bb1389e64b1a4a36b3a7979142220d?s=96&d=mm&r=g\",\"contentUrl\":\"https:\/\/secure.gravatar.com\/avatar\/8af8f40000c24e9eef3034f2be5998a372bb1389e64b1a4a36b3a7979142220d?s=96&d=mm&r=g\",\"caption\":\"Redacci\u00f3n\"},\"sameAs\":[\"http:\/\/nuevodigitaldeescobar.com.ar\"],\"url\":\"https:\/\/nuevodigitaldeescobar.com.ar\/?author=1\"}]}<\/script>\n<!-- \/ Yoast SEO plugin. -->","yoast_head_json":{"title":"Falleci\u00f3 Alejandra \u201cLocomotora\u201d Oliveras a los 47 a\u00f1os, leyenda del boxeo femenino argentino - Nuevo Digital de Escobar","robots":{"index":"index","follow":"follow","max-snippet":"max-snippet:-1","max-image-preview":"max-image-preview:large","max-video-preview":"max-video-preview:-1"},"canonical":"https:\/\/nuevodigitaldeescobar.com.ar\/?p=16812","og_locale":"es_ES","og_type":"article","og_title":"Falleci\u00f3 Alejandra \u201cLocomotora\u201d Oliveras a los 47 a\u00f1os, leyenda del boxeo femenino argentino - Nuevo Digital de Escobar","og_description":"Este lunes, a las 16 horas, muri\u00f3 en el Hospital Jos\u00e9 Mar\u00eda Cullen de Santa Fe Alejandra Marina \u201cLocomotora\u201d Oliveras, a los 47 a\u00f1os, tras [&hellip;]","og_url":"https:\/\/nuevodigitaldeescobar.com.ar\/?p=16812","og_site_name":"Nuevo Digital de Escobar","article_publisher":"https:\/\/www.facebook.com\/NUEVODigitalDeEscobar","article_published_time":"2025-07-28T21:59:53+00:00","article_modified_time":"2025-07-28T22:21:52+00:00","og_image":[{"width":839,"height":503,"url":"http:\/\/nuevodigitaldeescobar.com.ar\/wp-content\/uploads\/2025\/07\/locomotoraolivera345.png","type":"image\/png"}],"author":"Redacci\u00f3n","twitter_card":"summary_large_image","twitter_creator":"@nuevodigescobar","twitter_site":"@nuevodigescobar","twitter_misc":{"Escrito por":"Redacci\u00f3n","Tiempo de lectura":"3 minutos"},"schema":{"@context":"https:\/\/schema.org","@graph":[{"@type":"Article","@id":"https:\/\/nuevodigitaldeescobar.com.ar\/?p=16812#article","isPartOf":{"@id":"https:\/\/nuevodigitaldeescobar.com.ar\/?p=16812"},"author":{"name":"Redacci\u00f3n","@id":"https:\/\/nuevodigitaldeescobar.com.ar\/#\/schema\/person\/035e90a8efe9a80e6eec22656ad6ea4c"},"headline":"Falleci\u00f3 Alejandra \u201cLocomotora\u201d Oliveras a los 47 a\u00f1os, leyenda del boxeo femenino argentino","datePublished":"2025-07-28T21:59:53+00:00","dateModified":"2025-07-28T22:21:52+00:00","mainEntityOfPage":{"@id":"https:\/\/nuevodigitaldeescobar.com.ar\/?p=16812"},"wordCount":479,"commentCount":0,"publisher":{"@id":"https:\/\/nuevodigitaldeescobar.com.ar\/#organization"},"image":{"@id":"https:\/\/nuevodigitaldeescobar.com.ar\/?p=16812#primaryimage"},"thumbnailUrl":"https:\/\/nuevodigitaldeescobar.com.ar\/wp-content\/uploads\/2025\/07\/locomotoraolivera345.png","articleSection":["Deportes"],"inLanguage":"es","potentialAction":[{"@type":"CommentAction","name":"Comment","target":["https:\/\/nuevodigitaldeescobar.com.ar\/?p=16812#respond"]}]},{"@type":"WebPage","@id":"https:\/\/nuevodigitaldeescobar.com.ar\/?p=16812","url":"https:\/\/nuevodigitaldeescobar.com.ar\/?p=16812","name":"Falleci\u00f3 Alejandra \u201cLocomotora\u201d Oliveras a los 47 a\u00f1os, leyenda del boxeo femenino argentino - Nuevo Digital de Escobar","isPartOf":{"@id":"https:\/\/nuevodigitaldeescobar.com.ar\/#website"},"primaryImageOfPage":{"@id":"https:\/\/nuevodigitaldeescobar.com.ar\/?p=16812#primaryimage"},"image":{"@id":"https:\/\/nuevodigitaldeescobar.com.ar\/?p=16812#primaryimage"},"thumbnailUrl":"https:\/\/nuevodigitaldeescobar.com.ar\/wp-content\/uploads\/2025\/07\/locomotoraolivera345.png","datePublished":"2025-07-28T21:59:53+00:00","dateModified":"2025-07-28T22:21:52+00:00","breadcrumb":{"@id":"https:\/\/nuevodigitaldeescobar.com.ar\/?p=16812#breadcrumb"},"inLanguage":"es","potentialAction":[{"@type":"ReadAction","target":["https:\/\/nuevodigitaldeescobar.com.ar\/?p=16812"]}]},{"@type":"ImageObject","inLanguage":"es","@id":"https:\/\/nuevodigitaldeescobar.com.ar\/?p=16812#primaryimage","url":"https:\/\/nuevodigitaldeescobar.com.ar\/wp-content\/uploads\/2025\/07\/locomotoraolivera345.png","contentUrl":"https:\/\/nuevodigitaldeescobar.com.ar\/wp-content\/uploads\/2025\/07\/locomotoraolivera345.png","width":839,"height":503},{"@type":"BreadcrumbList","@id":"https:\/\/nuevodigitaldeescobar.com.ar\/?p=16812#breadcrumb","itemListElement":[{"@type":"ListItem","position":1,"name":"Portada","item":"https:\/\/nuevodigitaldeescobar.com.ar\/"},{"@type":"ListItem","position":2,"name":"Falleci\u00f3 Alejandra \u201cLocomotora\u201d Oliveras a los 47 a\u00f1os, leyenda del boxeo femenino argentino"}]},{"@type":"WebSite","@id":"https:\/\/nuevodigitaldeescobar.com.ar\/#website","url":"https:\/\/nuevodigitaldeescobar.com.ar\/","name":"Nuevo Digital de Escobar","description":"La vida escobarense. Directora: Rosana Brunner","publisher":{"@id":"https:\/\/nuevodigitaldeescobar.com.ar\/#organization"},"potentialAction":[{"@type":"SearchAction","target":{"@type":"EntryPoint","urlTemplate":"https:\/\/nuevodigitaldeescobar.com.ar\/?s={search_term_string}"},"query-input":{"@type":"PropertyValueSpecification","valueRequired":true,"valueName":"search_term_string"}}],"inLanguage":"es"},{"@type":"Organization","@id":"https:\/\/nuevodigitaldeescobar.com.ar\/#organization","name":"Nuevo Digital de Escobar","url":"https:\/\/nuevodigitaldeescobar.com.ar\/","logo":{"@type":"ImageObject","inLanguage":"es","@id":"https:\/\/nuevodigitaldeescobar.com.ar\/#\/schema\/logo\/image\/","url":"https:\/\/nuevodigitaldeescobar.com.ar\/wp-content\/uploads\/2025\/05\/cropped-logo-nuevo2.jpg","contentUrl":"https:\/\/nuevodigitaldeescobar.com.ar\/wp-content\/uploads\/2025\/05\/cropped-logo-nuevo2.jpg","width":305,"height":305,"caption":"Nuevo Digital de Escobar"},"image":{"@id":"https:\/\/nuevodigitaldeescobar.com.ar\/#\/schema\/logo\/image\/"},"sameAs":["https:\/\/www.facebook.com\/NUEVODigitalDeEscobar","https:\/\/x.com\/nuevodigescobar","https:\/\/www.instagram.com\/nuevodigitaldeescobar"]},{"@type":"Person","@id":"https:\/\/nuevodigitaldeescobar.com.ar\/#\/schema\/person\/035e90a8efe9a80e6eec22656ad6ea4c","name":"Redacci\u00f3n","image":{"@type":"ImageObject","inLanguage":"es","@id":"https:\/\/nuevodigitaldeescobar.com.ar\/#\/schema\/person\/image\/","url":"https:\/\/secure.gravatar.com\/avatar\/8af8f40000c24e9eef3034f2be5998a372bb1389e64b1a4a36b3a7979142220d?s=96&d=mm&r=g","contentUrl":"https:\/\/secure.gravatar.com\/avatar\/8af8f40000c24e9eef3034f2be5998a372bb1389e64b1a4a36b3a7979142220d?s=96&d=mm&r=g","caption":"Redacci\u00f3n"},"sameAs":["http:\/\/nuevodigitaldeescobar.com.ar"],"url":"https:\/\/nuevodigitaldeescobar.com.ar\/?author=1"}]}},"featured_image_urls":{"full":["https:\/\/nuevodigitaldeescobar.com.ar\/wp-content\/uploads\/2025\/07\/locomotoraolivera345.png",839,503,false],"thumbnail":["https:\/\/nuevodigitaldeescobar.com.ar\/wp-content\/uploads\/2025\/07\/locomotoraolivera345-150x150.png",150,150,true],"medium":["https:\/\/nuevodigitaldeescobar.com.ar\/wp-content\/uploads\/2025\/07\/locomotoraolivera345-300x180.png",300,180,true],"medium_large":["https:\/\/nuevodigitaldeescobar.com.ar\/wp-content\/uploads\/2025\/07\/locomotoraolivera345-768x460.png",640,383,true],"large":["https:\/\/nuevodigitaldeescobar.com.ar\/wp-content\/uploads\/2025\/07\/locomotoraolivera345.png",640,384,false],"1536x1536":["https:\/\/nuevodigitaldeescobar.com.ar\/wp-content\/uploads\/2025\/07\/locomotoraolivera345.png",839,503,false],"2048x2048":["https:\/\/nuevodigitaldeescobar.com.ar\/wp-content\/uploads\/2025\/07\/locomotoraolivera345.png",839,503,false]},"author_info":{"display_name":"Redacci\u00f3n","author_link":"https:\/\/nuevodigitaldeescobar.com.ar\/?author=1"},"category_info":"<a href=\"https:\/\/nuevodigitaldeescobar.com.ar\/?cat=8\" rel=\"category\">Deportes<\/a>","tag_info":"Deportes","comment_count":"0","_links":{"self":[{"href":"https:\/\/nuevodigitaldeescobar.com.ar\/index.php?rest_route=\/wp\/v2\/posts\/16812","targetHints":{"allow":["GET"]}}],"collection":[{"href":"https:\/\/nuevodigitaldeescobar.com.ar\/index.php?rest_route=\/wp\/v2\/posts"}],"about":[{"href":"https:\/\/nuevodigitaldeescobar.com.ar\/index.php?rest_route=\/wp\/v2\/types\/post"}],"author":[{"embeddable":true,"href":"https:\/\/nuevodigitaldeescobar.com.ar\/index.php?rest_route=\/wp\/v2\/users\/1"}],"replies":[{"embeddable":true,"href":"https:\/\/nuevodigitaldeescobar.com.ar\/index.php?rest_route=%2Fwp%2Fv2%2Fcomments&post=16812"}],"version-history":[{"count":2,"href":"https:\/\/nuevodigitaldeescobar.com.ar\/index.php?rest_route=\/wp\/v2\/posts\/16812\/revisions"}],"predecessor-version":[{"id":16816,"href":"https:\/\/nuevodigitaldeescobar.com.ar\/index.php?rest_route=\/wp\/v2\/posts\/16812\/revisions\/16816"}],"wp:featuredmedia":[{"embeddable":true,"href":"https:\/\/nuevodigitaldeescobar.com.ar\/index.php?rest_route=\/wp\/v2\/media\/16813"}],"wp:attachment":[{"href":"https:\/\/nuevodigitaldeescobar.com.ar\/index.php?rest_route=%2Fwp%2Fv2%2Fmedia&parent=16812"}],"wp:term":[{"taxonomy":"category","embeddable":true,"href":"https:\/\/nuevodigitaldeescobar.com.ar\/index.php?rest_route=%2Fwp%2Fv2%2Fcategories&post=16812"},{"taxonomy":"post_tag","embeddable":true,"href":"https:\/\/nuevodigitaldeescobar.com.ar\/index.php?rest_route=%2Fwp%2Fv2%2Ftags&post=16812"}],"curies":[{"name":"wp","href":"https:\/\/api.w.org\/{rel}","templated":true}]}}