{"id":1683,"date":"2023-12-09T11:13:15","date_gmt":"2023-12-09T14:13:15","guid":{"rendered":"https:\/\/nuevodigitaldeescobar.com.ar\/?p=1683"},"modified":"2023-12-09T11:13:56","modified_gmt":"2023-12-09T14:13:56","slug":"ferrocarril-trasandio-del-norte-salta-socompa-antofagasta","status":"publish","type":"post","link":"https:\/\/nuevodigitaldeescobar.com.ar\/?p=1683","title":{"rendered":"Ferrocarril Trasandino del Norte Salta-Socompa-Antofagasta"},"content":{"rendered":"<p><span style=\"color: #003366;\"><em><strong>Por Abel Fern\u00e1ndez. Vecino de la localidad de Matheu quien, a sus 97 a\u00f1os, recuerda sus 40 a\u00f1os como Jefe de Control de Trenes del Ferrocarril Mitre.<\/strong><\/em><\/span><\/p>\n<p><!--more--><\/p>\n<hr \/>\n<p>As\u00ed se denomin\u00f3 el Ramal 14 administrado por el Belgrano, SALTA \u2013 SOCOMPA en territorio argentino, SOCOMPA-ANTOFAGASTA en territorio chileno.<\/p>\n<p>Corr\u00eda el a\u00f1o 1884 y hab\u00eda finalizado la guerra del Pac\u00edfico que desde 1879 sostuvieron Per\u00fa y Bolivia contra Chile. A ra\u00edz de ello, Chile anex\u00f3 120.000 km de superficie a su territorio. Por su parte Per\u00fa perdi\u00f3 las provincias de Carapata y Arica. Bolivia 400 km de costa oce\u00e1nica en la que estaban los puertos de Antofagasta y Cobijo m\u00e1s el desierto de Atacama.<\/p>\n<p>Este triunfo alent\u00f3 a los chilenos a entrometerse en Salta y una delegaci\u00f3n de empresarios ferroviarios propon\u00eda la instalaci\u00f3n de un Fc trasandino. Les interesaba adem\u00e1s del comercio, la sal que abundaba y abunda en Salta y de la que carec\u00eda en los pueblos anexados.<\/p>\n<p>La iniciativa no prosper\u00f3, qued\u00f3 de lado, los ingleses propon\u00edan ferrocarriles en terrenos llanos y f\u00e9rtiles, que dispon\u00edan a su antojo y porque adem\u00e1s incid\u00edan en la opini\u00f3n de los c\u00f3modos argentinos.<\/p>\n<p>Esto qued\u00f3 en la memoria de algunos y al asumir Hipolito Yrigoyen la presidencia en 1916, comenz\u00f3 a tratarse como factible y tan as\u00ed fue que las obras de su construcci\u00f3n comenzaron en 1921. Los trabajos recibieron un fuerte impulso durante la presidencia de Ram\u00f3n Castillo y a fines del a\u00f1o 1947 la construcci\u00f3n se termin\u00f3 y lo inaugur\u00f3 Per\u00f3n el 19 de febrero de 1948.<\/p>\n<p>Esta obra, que yo dir\u00eda cicl\u00f3pea por trasponer la cordillera de los Andes, impon\u00eda serias dificultades a vencer y que fueron vencidas por el tes\u00f3n de su director, el ingeniero estadounidense Richard Maury, nacido en Filadelfia y naturalizado argentino. Una estaci\u00f3n del ramal lleva su nombre.<\/p>\n<p>Este ferrocarril, por el lugar donde se construy\u00f3, tiene importantes particularidades, una de las primeras, al llegar a las primeras estribaciones fue necesario construir un zigzag, el primero en la estaci\u00f3n Alisal, el segundo en Chorrilllos. Esto fue para ganar altura en poco espacio, retroceder el tren ascendiendo y retomar la marcha tambi\u00e9n ascendiendo.<\/p>\n<p>Otra particularidad son los rulos (tiene dos), al presentarse una importante altura a superar. La v\u00eda se construy\u00f3 sobre un gran c\u00edrculo. Al pasarse ve un puente sobre sus cabezas y al pasar sobre ese puente mirando hacia abajo, se ven las v\u00edas por donde se vino.<\/p>\n<p>El ferrocarril discurre sobre una altura promedio de 3800 metros y el punto m\u00e1s alto est\u00e1 en la estaci\u00f3n Chuculaqui, a 4270 metros.<\/p>\n<p>Tiene doce viaductos: el m\u00e1s largo en el rio Mojotoro 260 metros, m\u00e1s de 1400 curvas, 21 t\u00faneles. La distancia total hasta Socompa es de 571 km., y la velocidad de los trenes no supera los 35 km\/hora, por lo que el tren mixto (pasajeros y carga) demora un d\u00eda y medio entre Salta y Socompa, y otro tanto al regreso.<\/p>\n<p>Tal vez lo m\u00e1s dif\u00edcil que se le present\u00f3 al ingeniero Maury fue superar la hondonada de la Polvorilla. Para ello fue necesario construir una estructura de hierro de 63 metros de altura donde se instal\u00f3 el viaducto.<\/p>\n<p>Esta importante estructura se fabric\u00f3 en un astillero italiano y armada en el lugar, ya con el viaducto colocado se eligieron los tres principales maquinistas para la prueba. La elecci\u00f3n recay\u00f3 en Juan Navas. Al entrar la locomotora al viaducto se sintieron fuertes chirridos de hierros que se acomodaban, lo que caus\u00f3 algo de preocupaci\u00f3n. La estructura con el viaducto baj\u00f3 24 cm y no pas\u00f3 de ah\u00ed. Y hasta el momento presta servicios sin novedad, en sus 224 metros de longitud y 63 metros de altura.<\/p>\n<p>Como seguramente ha de ocurrir en todos los puntos de transferencia internacionales de pasajeros y carga, en Socompa y en ambos sentidos se liquidan los fletes, se emite nueva gu\u00eda y los pasajeros deben adquirir nuevos boletos. Entre los productos que se transportan en este servicio, est\u00e1n los cereales de la zona, legumbres secas, sal, minerales y ahora tambi\u00e9n Litio.<\/p>\n<p>El servicio de pedido y obtenci\u00f3n de v\u00eda libre se realiza en forma telef\u00f3nica y consiste en un boleto donde figuran todas las estaciones. Se marca con una cruz o tilde la estaci\u00f3n de origen y de destino. Se fecha, firma y se entrega al conductor o maquinista, que lo acredita como propietario temporal del tramo de v\u00eda.<\/p>\n<p>El tramo de 120 km entre Salta y el viaducto L Polvorilla es explotado por una empresa de turismo \u201cTREN DE LAS NUBES\u201d, con coches de fabricaci\u00f3n holandesa, asientos giratorios, comedor, enfermer\u00eda y un informante que se dirige al pasaje en ingl\u00e9s y castellano. No faltan quienes recorren el\u00a0 tren ofreciendo ricas empanadas, golosinas y t\u00e9 de coca, dicen para superar el mal de altura.<\/p>\n<p>En fin, son 14 horas admirando cambiantes y hermosos paisajes: el cerro de los Siete Colores, por ejemplo, profundos precipicios, por ah\u00ed un pastor o pastora cuidando su hato de cabras u ovejas. Sostengo, un viaje inolvidable.<\/p>\n<p><img fetchpriority=\"high\" decoding=\"async\" class=\"alignnone  wp-image-883\" src=\"http:\/\/nuevodigitaldeescobar.com.ar\/wp-content\/uploads\/2023\/11\/Imagen-de-WhatsApp-2023-11-10-a-las-18.27.51_a9eb7b0d.jpg\" alt=\"\" width=\"535\" height=\"439\" srcset=\"https:\/\/nuevodigitaldeescobar.com.ar\/wp-content\/uploads\/2023\/11\/Imagen-de-WhatsApp-2023-11-10-a-las-18.27.51_a9eb7b0d.jpg 720w, https:\/\/nuevodigitaldeescobar.com.ar\/wp-content\/uploads\/2023\/11\/Imagen-de-WhatsApp-2023-11-10-a-las-18.27.51_a9eb7b0d-300x246.jpg 300w\" sizes=\"(max-width: 535px) 100vw, 535px\" \/><\/p>\n","protected":false},"excerpt":{"rendered":"<p>Por Abel Fern\u00e1ndez. Vecino de la localidad de Matheu quien, a sus 97 a\u00f1os, recuerda sus 40 a\u00f1os como Jefe de Control de Trenes del [&hellip;]<\/p>\n","protected":false},"author":1,"featured_media":1684,"comment_status":"open","ping_status":"closed","sticky":false,"template":"","format":"standard","meta":{"footnotes":""},"categories":[15],"tags":[],"class_list":["post-1683","post","type-post","status-publish","format-standard","has-post-thumbnail","hentry","category-sociedad"],"better_featured_image":{"id":1684,"alt_text":"","caption":"","description":"","media_type":"image","media_details":{"width":720,"height":473,"file":"2023\/12\/Tren_a_las_nubes_crossing_viaduct2-e1702131091674.jpg","filesize":198692,"sizes":{"medium":{"file":"Tren_a_las_nubes_crossing_viaduct2-300x197.jpg","width":300,"height":197,"mime-type":"image\/jpeg","filesize":20658,"source_url":"https:\/\/nuevodigitaldeescobar.com.ar\/wp-content\/uploads\/2023\/12\/Tren_a_las_nubes_crossing_viaduct2-300x197.jpg"},"thumbnail":{"file":"Tren_a_las_nubes_crossing_viaduct2-150x150.jpg","width":150,"height":150,"mime-type":"image\/jpeg","filesize":8301,"source_url":"https:\/\/nuevodigitaldeescobar.com.ar\/wp-content\/uploads\/2023\/12\/Tren_a_las_nubes_crossing_viaduct2-150x150.jpg"},"medium_large":{"file":"Tren_a_las_nubes_crossing_viaduct2-768x505.jpg","width":768,"height":505,"mime-type":"image\/jpeg","filesize":135799,"source_url":"https:\/\/nuevodigitaldeescobar.com.ar\/wp-content\/uploads\/2023\/12\/Tren_a_las_nubes_crossing_viaduct2-768x505.jpg"},"covernews-slider-center":{"file":"Tren_a_las_nubes_crossing_viaduct2-800x500.jpg","width":800,"height":500,"mime-type":"image\/jpeg","filesize":168928,"source_url":"https:\/\/nuevodigitaldeescobar.com.ar\/wp-content\/uploads\/2023\/12\/Tren_a_las_nubes_crossing_viaduct2-800x500.jpg"},"covernews-medium":{"file":"Tren_a_las_nubes_crossing_viaduct2-540x340.jpg","width":540,"height":340,"mime-type":"image\/jpeg","filesize":66393,"source_url":"https:\/\/nuevodigitaldeescobar.com.ar\/wp-content\/uploads\/2023\/12\/Tren_a_las_nubes_crossing_viaduct2-540x340.jpg"},"covernews-medium-square":{"file":"Tren_a_las_nubes_crossing_viaduct2-400x250.jpg","width":400,"height":250,"mime-type":"image\/jpeg","filesize":34490,"source_url":"https:\/\/nuevodigitaldeescobar.com.ar\/wp-content\/uploads\/2023\/12\/Tren_a_las_nubes_crossing_viaduct2-400x250.jpg"}},"image_meta":{"aperture":"0","credit":"","camera":"","caption":"","created_timestamp":"0","copyright":"","focal_length":"0","iso":"0","shutter_speed":"0","title":"","orientation":"0","keywords":[]}},"post":1683,"source_url":"https:\/\/nuevodigitaldeescobar.com.ar\/wp-content\/uploads\/2023\/12\/Tren_a_las_nubes_crossing_viaduct2-e1702131091674.jpg"},"yoast_head":"<!-- This site is optimized with the Yoast SEO plugin v26.1.1 - https:\/\/yoast.com\/wordpress\/plugins\/seo\/ -->\n<title>Ferrocarril Trasandino del Norte Salta-Socompa-Antofagasta - Nuevo Digital de Escobar<\/title>\n<meta name=\"robots\" content=\"index, follow, max-snippet:-1, max-image-preview:large, max-video-preview:-1\" \/>\n<link rel=\"canonical\" href=\"https:\/\/nuevodigitaldeescobar.com.ar\/?p=1683\" \/>\n<meta property=\"og:locale\" content=\"es_ES\" \/>\n<meta property=\"og:type\" content=\"article\" \/>\n<meta property=\"og:title\" content=\"Ferrocarril Trasandino del Norte Salta-Socompa-Antofagasta - Nuevo Digital de Escobar\" \/>\n<meta property=\"og:description\" content=\"Por Abel Fern\u00e1ndez. Vecino de la localidad de Matheu quien, a sus 97 a\u00f1os, recuerda sus 40 a\u00f1os como Jefe de Control de Trenes del [&hellip;]\" \/>\n<meta property=\"og:url\" content=\"https:\/\/nuevodigitaldeescobar.com.ar\/?p=1683\" \/>\n<meta property=\"og:site_name\" content=\"Nuevo Digital de Escobar\" \/>\n<meta property=\"article:publisher\" content=\"https:\/\/www.facebook.com\/NUEVODigitalDeEscobar\" \/>\n<meta property=\"article:published_time\" content=\"2023-12-09T14:13:15+00:00\" \/>\n<meta property=\"article:modified_time\" content=\"2023-12-09T14:13:56+00:00\" \/>\n<meta property=\"og:image\" content=\"https:\/\/nuevodigitaldeescobar.com.ar\/wp-content\/uploads\/2023\/12\/Tren_a_las_nubes_crossing_viaduct2-e1702131091674.jpg\" \/>\n\t<meta property=\"og:image:width\" content=\"720\" \/>\n\t<meta property=\"og:image:height\" content=\"473\" \/>\n\t<meta property=\"og:image:type\" content=\"image\/jpeg\" \/>\n<meta name=\"author\" content=\"Redacci\u00f3n\" \/>\n<meta name=\"twitter:card\" content=\"summary_large_image\" \/>\n<meta name=\"twitter:creator\" content=\"@nuevodigescobar\" \/>\n<meta name=\"twitter:site\" content=\"@nuevodigescobar\" \/>\n<meta name=\"twitter:label1\" content=\"Escrito por\" \/>\n\t<meta name=\"twitter:data1\" content=\"Redacci\u00f3n\" \/>\n\t<meta name=\"twitter:label2\" content=\"Tiempo de lectura\" \/>\n\t<meta name=\"twitter:data2\" content=\"4 minutos\" \/>\n<script type=\"application\/ld+json\" class=\"yoast-schema-graph\">{\"@context\":\"https:\/\/schema.org\",\"@graph\":[{\"@type\":\"Article\",\"@id\":\"https:\/\/nuevodigitaldeescobar.com.ar\/?p=1683#article\",\"isPartOf\":{\"@id\":\"https:\/\/nuevodigitaldeescobar.com.ar\/?p=1683\"},\"author\":{\"name\":\"Redacci\u00f3n\",\"@id\":\"https:\/\/nuevodigitaldeescobar.com.ar\/#\/schema\/person\/035e90a8efe9a80e6eec22656ad6ea4c\"},\"headline\":\"Ferrocarril Trasandino del Norte Salta-Socompa-Antofagasta\",\"datePublished\":\"2023-12-09T14:13:15+00:00\",\"dateModified\":\"2023-12-09T14:13:56+00:00\",\"mainEntityOfPage\":{\"@id\":\"https:\/\/nuevodigitaldeescobar.com.ar\/?p=1683\"},\"wordCount\":869,\"commentCount\":0,\"publisher\":{\"@id\":\"https:\/\/nuevodigitaldeescobar.com.ar\/#organization\"},\"image\":{\"@id\":\"https:\/\/nuevodigitaldeescobar.com.ar\/?p=1683#primaryimage\"},\"thumbnailUrl\":\"https:\/\/nuevodigitaldeescobar.com.ar\/wp-content\/uploads\/2023\/12\/Tren_a_las_nubes_crossing_viaduct2-e1702131091674.jpg\",\"articleSection\":[\"Sociedad\"],\"inLanguage\":\"es\",\"potentialAction\":[{\"@type\":\"CommentAction\",\"name\":\"Comment\",\"target\":[\"https:\/\/nuevodigitaldeescobar.com.ar\/?p=1683#respond\"]}]},{\"@type\":\"WebPage\",\"@id\":\"https:\/\/nuevodigitaldeescobar.com.ar\/?p=1683\",\"url\":\"https:\/\/nuevodigitaldeescobar.com.ar\/?p=1683\",\"name\":\"Ferrocarril Trasandino del Norte Salta-Socompa-Antofagasta - Nuevo Digital de Escobar\",\"isPartOf\":{\"@id\":\"https:\/\/nuevodigitaldeescobar.com.ar\/#website\"},\"primaryImageOfPage\":{\"@id\":\"https:\/\/nuevodigitaldeescobar.com.ar\/?p=1683#primaryimage\"},\"image\":{\"@id\":\"https:\/\/nuevodigitaldeescobar.com.ar\/?p=1683#primaryimage\"},\"thumbnailUrl\":\"https:\/\/nuevodigitaldeescobar.com.ar\/wp-content\/uploads\/2023\/12\/Tren_a_las_nubes_crossing_viaduct2-e1702131091674.jpg\",\"datePublished\":\"2023-12-09T14:13:15+00:00\",\"dateModified\":\"2023-12-09T14:13:56+00:00\",\"breadcrumb\":{\"@id\":\"https:\/\/nuevodigitaldeescobar.com.ar\/?p=1683#breadcrumb\"},\"inLanguage\":\"es\",\"potentialAction\":[{\"@type\":\"ReadAction\",\"target\":[\"https:\/\/nuevodigitaldeescobar.com.ar\/?p=1683\"]}]},{\"@type\":\"ImageObject\",\"inLanguage\":\"es\",\"@id\":\"https:\/\/nuevodigitaldeescobar.com.ar\/?p=1683#primaryimage\",\"url\":\"https:\/\/nuevodigitaldeescobar.com.ar\/wp-content\/uploads\/2023\/12\/Tren_a_las_nubes_crossing_viaduct2-e1702131091674.jpg\",\"contentUrl\":\"https:\/\/nuevodigitaldeescobar.com.ar\/wp-content\/uploads\/2023\/12\/Tren_a_las_nubes_crossing_viaduct2-e1702131091674.jpg\",\"width\":720,\"height\":473},{\"@type\":\"BreadcrumbList\",\"@id\":\"https:\/\/nuevodigitaldeescobar.com.ar\/?p=1683#breadcrumb\",\"itemListElement\":[{\"@type\":\"ListItem\",\"position\":1,\"name\":\"Portada\",\"item\":\"https:\/\/nuevodigitaldeescobar.com.ar\/\"},{\"@type\":\"ListItem\",\"position\":2,\"name\":\"Ferrocarril Trasandino del Norte Salta-Socompa-Antofagasta\"}]},{\"@type\":\"WebSite\",\"@id\":\"https:\/\/nuevodigitaldeescobar.com.ar\/#website\",\"url\":\"https:\/\/nuevodigitaldeescobar.com.ar\/\",\"name\":\"Nuevo Digital de Escobar\",\"description\":\"La vida escobarense. Directora: Rosana Brunner\",\"publisher\":{\"@id\":\"https:\/\/nuevodigitaldeescobar.com.ar\/#organization\"},\"potentialAction\":[{\"@type\":\"SearchAction\",\"target\":{\"@type\":\"EntryPoint\",\"urlTemplate\":\"https:\/\/nuevodigitaldeescobar.com.ar\/?s={search_term_string}\"},\"query-input\":{\"@type\":\"PropertyValueSpecification\",\"valueRequired\":true,\"valueName\":\"search_term_string\"}}],\"inLanguage\":\"es\"},{\"@type\":\"Organization\",\"@id\":\"https:\/\/nuevodigitaldeescobar.com.ar\/#organization\",\"name\":\"Nuevo Digital de Escobar\",\"url\":\"https:\/\/nuevodigitaldeescobar.com.ar\/\",\"logo\":{\"@type\":\"ImageObject\",\"inLanguage\":\"es\",\"@id\":\"https:\/\/nuevodigitaldeescobar.com.ar\/#\/schema\/logo\/image\/\",\"url\":\"https:\/\/nuevodigitaldeescobar.com.ar\/wp-content\/uploads\/2025\/05\/cropped-logo-nuevo2.jpg\",\"contentUrl\":\"https:\/\/nuevodigitaldeescobar.com.ar\/wp-content\/uploads\/2025\/05\/cropped-logo-nuevo2.jpg\",\"width\":305,\"height\":305,\"caption\":\"Nuevo Digital de Escobar\"},\"image\":{\"@id\":\"https:\/\/nuevodigitaldeescobar.com.ar\/#\/schema\/logo\/image\/\"},\"sameAs\":[\"https:\/\/www.facebook.com\/NUEVODigitalDeEscobar\",\"https:\/\/x.com\/nuevodigescobar\",\"https:\/\/www.instagram.com\/nuevodigitaldeescobar\"]},{\"@type\":\"Person\",\"@id\":\"https:\/\/nuevodigitaldeescobar.com.ar\/#\/schema\/person\/035e90a8efe9a80e6eec22656ad6ea4c\",\"name\":\"Redacci\u00f3n\",\"image\":{\"@type\":\"ImageObject\",\"inLanguage\":\"es\",\"@id\":\"https:\/\/nuevodigitaldeescobar.com.ar\/#\/schema\/person\/image\/\",\"url\":\"https:\/\/secure.gravatar.com\/avatar\/8af8f40000c24e9eef3034f2be5998a372bb1389e64b1a4a36b3a7979142220d?s=96&d=mm&r=g\",\"contentUrl\":\"https:\/\/secure.gravatar.com\/avatar\/8af8f40000c24e9eef3034f2be5998a372bb1389e64b1a4a36b3a7979142220d?s=96&d=mm&r=g\",\"caption\":\"Redacci\u00f3n\"},\"sameAs\":[\"http:\/\/nuevodigitaldeescobar.com.ar\"],\"url\":\"https:\/\/nuevodigitaldeescobar.com.ar\/?author=1\"}]}<\/script>\n<!-- \/ Yoast SEO plugin. -->","yoast_head_json":{"title":"Ferrocarril Trasandino del Norte Salta-Socompa-Antofagasta - Nuevo Digital de Escobar","robots":{"index":"index","follow":"follow","max-snippet":"max-snippet:-1","max-image-preview":"max-image-preview:large","max-video-preview":"max-video-preview:-1"},"canonical":"https:\/\/nuevodigitaldeescobar.com.ar\/?p=1683","og_locale":"es_ES","og_type":"article","og_title":"Ferrocarril Trasandino del Norte Salta-Socompa-Antofagasta - Nuevo Digital de Escobar","og_description":"Por Abel Fern\u00e1ndez. Vecino de la localidad de Matheu quien, a sus 97 a\u00f1os, recuerda sus 40 a\u00f1os como Jefe de Control de Trenes del [&hellip;]","og_url":"https:\/\/nuevodigitaldeescobar.com.ar\/?p=1683","og_site_name":"Nuevo Digital de Escobar","article_publisher":"https:\/\/www.facebook.com\/NUEVODigitalDeEscobar","article_published_time":"2023-12-09T14:13:15+00:00","article_modified_time":"2023-12-09T14:13:56+00:00","og_image":[{"width":720,"height":473,"url":"https:\/\/nuevodigitaldeescobar.com.ar\/wp-content\/uploads\/2023\/12\/Tren_a_las_nubes_crossing_viaduct2-e1702131091674.jpg","type":"image\/jpeg"}],"author":"Redacci\u00f3n","twitter_card":"summary_large_image","twitter_creator":"@nuevodigescobar","twitter_site":"@nuevodigescobar","twitter_misc":{"Escrito por":"Redacci\u00f3n","Tiempo de lectura":"4 minutos"},"schema":{"@context":"https:\/\/schema.org","@graph":[{"@type":"Article","@id":"https:\/\/nuevodigitaldeescobar.com.ar\/?p=1683#article","isPartOf":{"@id":"https:\/\/nuevodigitaldeescobar.com.ar\/?p=1683"},"author":{"name":"Redacci\u00f3n","@id":"https:\/\/nuevodigitaldeescobar.com.ar\/#\/schema\/person\/035e90a8efe9a80e6eec22656ad6ea4c"},"headline":"Ferrocarril Trasandino del Norte Salta-Socompa-Antofagasta","datePublished":"2023-12-09T14:13:15+00:00","dateModified":"2023-12-09T14:13:56+00:00","mainEntityOfPage":{"@id":"https:\/\/nuevodigitaldeescobar.com.ar\/?p=1683"},"wordCount":869,"commentCount":0,"publisher":{"@id":"https:\/\/nuevodigitaldeescobar.com.ar\/#organization"},"image":{"@id":"https:\/\/nuevodigitaldeescobar.com.ar\/?p=1683#primaryimage"},"thumbnailUrl":"https:\/\/nuevodigitaldeescobar.com.ar\/wp-content\/uploads\/2023\/12\/Tren_a_las_nubes_crossing_viaduct2-e1702131091674.jpg","articleSection":["Sociedad"],"inLanguage":"es","potentialAction":[{"@type":"CommentAction","name":"Comment","target":["https:\/\/nuevodigitaldeescobar.com.ar\/?p=1683#respond"]}]},{"@type":"WebPage","@id":"https:\/\/nuevodigitaldeescobar.com.ar\/?p=1683","url":"https:\/\/nuevodigitaldeescobar.com.ar\/?p=1683","name":"Ferrocarril Trasandino del Norte Salta-Socompa-Antofagasta - Nuevo Digital de Escobar","isPartOf":{"@id":"https:\/\/nuevodigitaldeescobar.com.ar\/#website"},"primaryImageOfPage":{"@id":"https:\/\/nuevodigitaldeescobar.com.ar\/?p=1683#primaryimage"},"image":{"@id":"https:\/\/nuevodigitaldeescobar.com.ar\/?p=1683#primaryimage"},"thumbnailUrl":"https:\/\/nuevodigitaldeescobar.com.ar\/wp-content\/uploads\/2023\/12\/Tren_a_las_nubes_crossing_viaduct2-e1702131091674.jpg","datePublished":"2023-12-09T14:13:15+00:00","dateModified":"2023-12-09T14:13:56+00:00","breadcrumb":{"@id":"https:\/\/nuevodigitaldeescobar.com.ar\/?p=1683#breadcrumb"},"inLanguage":"es","potentialAction":[{"@type":"ReadAction","target":["https:\/\/nuevodigitaldeescobar.com.ar\/?p=1683"]}]},{"@type":"ImageObject","inLanguage":"es","@id":"https:\/\/nuevodigitaldeescobar.com.ar\/?p=1683#primaryimage","url":"https:\/\/nuevodigitaldeescobar.com.ar\/wp-content\/uploads\/2023\/12\/Tren_a_las_nubes_crossing_viaduct2-e1702131091674.jpg","contentUrl":"https:\/\/nuevodigitaldeescobar.com.ar\/wp-content\/uploads\/2023\/12\/Tren_a_las_nubes_crossing_viaduct2-e1702131091674.jpg","width":720,"height":473},{"@type":"BreadcrumbList","@id":"https:\/\/nuevodigitaldeescobar.com.ar\/?p=1683#breadcrumb","itemListElement":[{"@type":"ListItem","position":1,"name":"Portada","item":"https:\/\/nuevodigitaldeescobar.com.ar\/"},{"@type":"ListItem","position":2,"name":"Ferrocarril Trasandino del Norte Salta-Socompa-Antofagasta"}]},{"@type":"WebSite","@id":"https:\/\/nuevodigitaldeescobar.com.ar\/#website","url":"https:\/\/nuevodigitaldeescobar.com.ar\/","name":"Nuevo Digital de Escobar","description":"La vida escobarense. Directora: Rosana Brunner","publisher":{"@id":"https:\/\/nuevodigitaldeescobar.com.ar\/#organization"},"potentialAction":[{"@type":"SearchAction","target":{"@type":"EntryPoint","urlTemplate":"https:\/\/nuevodigitaldeescobar.com.ar\/?s={search_term_string}"},"query-input":{"@type":"PropertyValueSpecification","valueRequired":true,"valueName":"search_term_string"}}],"inLanguage":"es"},{"@type":"Organization","@id":"https:\/\/nuevodigitaldeescobar.com.ar\/#organization","name":"Nuevo Digital de Escobar","url":"https:\/\/nuevodigitaldeescobar.com.ar\/","logo":{"@type":"ImageObject","inLanguage":"es","@id":"https:\/\/nuevodigitaldeescobar.com.ar\/#\/schema\/logo\/image\/","url":"https:\/\/nuevodigitaldeescobar.com.ar\/wp-content\/uploads\/2025\/05\/cropped-logo-nuevo2.jpg","contentUrl":"https:\/\/nuevodigitaldeescobar.com.ar\/wp-content\/uploads\/2025\/05\/cropped-logo-nuevo2.jpg","width":305,"height":305,"caption":"Nuevo Digital de Escobar"},"image":{"@id":"https:\/\/nuevodigitaldeescobar.com.ar\/#\/schema\/logo\/image\/"},"sameAs":["https:\/\/www.facebook.com\/NUEVODigitalDeEscobar","https:\/\/x.com\/nuevodigescobar","https:\/\/www.instagram.com\/nuevodigitaldeescobar"]},{"@type":"Person","@id":"https:\/\/nuevodigitaldeescobar.com.ar\/#\/schema\/person\/035e90a8efe9a80e6eec22656ad6ea4c","name":"Redacci\u00f3n","image":{"@type":"ImageObject","inLanguage":"es","@id":"https:\/\/nuevodigitaldeescobar.com.ar\/#\/schema\/person\/image\/","url":"https:\/\/secure.gravatar.com\/avatar\/8af8f40000c24e9eef3034f2be5998a372bb1389e64b1a4a36b3a7979142220d?s=96&d=mm&r=g","contentUrl":"https:\/\/secure.gravatar.com\/avatar\/8af8f40000c24e9eef3034f2be5998a372bb1389e64b1a4a36b3a7979142220d?s=96&d=mm&r=g","caption":"Redacci\u00f3n"},"sameAs":["http:\/\/nuevodigitaldeescobar.com.ar"],"url":"https:\/\/nuevodigitaldeescobar.com.ar\/?author=1"}]}},"featured_image_urls":{"full":["https:\/\/nuevodigitaldeescobar.com.ar\/wp-content\/uploads\/2023\/12\/Tren_a_las_nubes_crossing_viaduct2-e1702131091674.jpg",720,473,false],"thumbnail":["https:\/\/nuevodigitaldeescobar.com.ar\/wp-content\/uploads\/2023\/12\/Tren_a_las_nubes_crossing_viaduct2-150x150.jpg",150,150,true],"medium":["https:\/\/nuevodigitaldeescobar.com.ar\/wp-content\/uploads\/2023\/12\/Tren_a_las_nubes_crossing_viaduct2-300x197.jpg",300,197,true],"medium_large":["https:\/\/nuevodigitaldeescobar.com.ar\/wp-content\/uploads\/2023\/12\/Tren_a_las_nubes_crossing_viaduct2-768x505.jpg",640,421,true],"large":["https:\/\/nuevodigitaldeescobar.com.ar\/wp-content\/uploads\/2023\/12\/Tren_a_las_nubes_crossing_viaduct2-e1702131091674.jpg",640,420,false],"1536x1536":["https:\/\/nuevodigitaldeescobar.com.ar\/wp-content\/uploads\/2023\/12\/Tren_a_las_nubes_crossing_viaduct2-e1702131091674.jpg",720,473,false],"2048x2048":["https:\/\/nuevodigitaldeescobar.com.ar\/wp-content\/uploads\/2023\/12\/Tren_a_las_nubes_crossing_viaduct2-e1702131091674.jpg",720,473,false]},"author_info":{"display_name":"Redacci\u00f3n","author_link":"https:\/\/nuevodigitaldeescobar.com.ar\/?author=1"},"category_info":"<a href=\"https:\/\/nuevodigitaldeescobar.com.ar\/?cat=15\" rel=\"category\">Sociedad<\/a>","tag_info":"Sociedad","comment_count":"0","_links":{"self":[{"href":"https:\/\/nuevodigitaldeescobar.com.ar\/index.php?rest_route=\/wp\/v2\/posts\/1683","targetHints":{"allow":["GET"]}}],"collection":[{"href":"https:\/\/nuevodigitaldeescobar.com.ar\/index.php?rest_route=\/wp\/v2\/posts"}],"about":[{"href":"https:\/\/nuevodigitaldeescobar.com.ar\/index.php?rest_route=\/wp\/v2\/types\/post"}],"author":[{"embeddable":true,"href":"https:\/\/nuevodigitaldeescobar.com.ar\/index.php?rest_route=\/wp\/v2\/users\/1"}],"replies":[{"embeddable":true,"href":"https:\/\/nuevodigitaldeescobar.com.ar\/index.php?rest_route=%2Fwp%2Fv2%2Fcomments&post=1683"}],"version-history":[{"count":2,"href":"https:\/\/nuevodigitaldeescobar.com.ar\/index.php?rest_route=\/wp\/v2\/posts\/1683\/revisions"}],"predecessor-version":[{"id":1686,"href":"https:\/\/nuevodigitaldeescobar.com.ar\/index.php?rest_route=\/wp\/v2\/posts\/1683\/revisions\/1686"}],"wp:featuredmedia":[{"embeddable":true,"href":"https:\/\/nuevodigitaldeescobar.com.ar\/index.php?rest_route=\/wp\/v2\/media\/1684"}],"wp:attachment":[{"href":"https:\/\/nuevodigitaldeescobar.com.ar\/index.php?rest_route=%2Fwp%2Fv2%2Fmedia&parent=1683"}],"wp:term":[{"taxonomy":"category","embeddable":true,"href":"https:\/\/nuevodigitaldeescobar.com.ar\/index.php?rest_route=%2Fwp%2Fv2%2Fcategories&post=1683"},{"taxonomy":"post_tag","embeddable":true,"href":"https:\/\/nuevodigitaldeescobar.com.ar\/index.php?rest_route=%2Fwp%2Fv2%2Ftags&post=1683"}],"curies":[{"name":"wp","href":"https:\/\/api.w.org\/{rel}","templated":true}]}}