{"id":16879,"date":"2025-07-31T11:20:33","date_gmt":"2025-07-31T14:20:33","guid":{"rendered":"https:\/\/nuevodigitaldeescobar.com.ar\/?p=16879"},"modified":"2025-07-31T11:20:33","modified_gmt":"2025-07-31T14:20:33","slug":"rojo-y-saracchi-desafiaron-al-consejo-de-futbol-y-le-marcaron-la-cancha-a-riquelme","status":"publish","type":"post","link":"https:\/\/nuevodigitaldeescobar.com.ar\/?p=16879","title":{"rendered":"Rojo y Saracchi desafiaron al Consejo de F\u00fatbol y le marcaron la cancha a Riquelme"},"content":{"rendered":"<p>En medio de la tormenta institucional que atraviesa <a href=\"https:\/\/derechadiario.com.ar\/deportes\/uno-los-apuntados-por-riquelme-para-reorganizar-boca-quiere-volver-al-club\" title=\"Uno de los apuntados por Riquelme para reorganizar a Boca quiere volver al club\"><u><strong>Boca<\/strong><\/u><\/a>, un nuevo cap\u00edtulo de tensi\u00f3n explot\u00f3 en el predio de Ezeiza. Tras ser separados del plantel de Primera Divisi\u00f3n, <a href=\"https:\/\/derechadiario.com.ar\/deportes\/rojo-saracchi-y-lema-marginados-por-russo-medio-crisis-boca\" title=\"Rojo, Saracchi y Lema, marginados por Russo en medio de la crisis de Boca\"><u><strong>Marcos Rojo y Marcelo Saracchi<\/strong><\/u><\/a> <strong>se enfrentaron directamente con Ra\u00fal Cascini y Marcelo Delgado<\/strong>, integrantes del cada vez m\u00e1s cuestionado <a href=\"https:\/\/derechadiario.com.ar\/deportes\/bombazo-hugo-balassone-adelanto-que-riquelme-disolveria-consejo-futbol-boca\" title=\"Hugo Balassone adelant\u00f3 que Riquelme disolver\u00e1 el in\u00fatil Consejo de F\u00fatbol de Boca\"><u><strong>Consejo de F\u00fatbol<\/strong><\/u><\/a>. La escena, cargada de tensi\u00f3n, deja a la interna del club al borde del colapso.<\/p>\n<p>Seg\u00fan revel\u00f3 el periodista <strong>Mart\u00edn Ar\u00e9valo<\/strong>, todo comenz\u00f3 cuando \u00a0<strong>un utilero les entreg\u00f3 a ambos jugadores sus pertenencias y les inform\u00f3 que se entrenar\u00edan apartados del grupo<\/strong>.<\/p>\n<p>Al poco tiempo, <strong>fueron llamados a la oficina donde Cascini y Delgado les comunicaron que la medida fue tomada por el entrenador Miguel \u00c1ngel Russo<\/strong>, debido a un acto de indisciplina. \u00a0<strong><a href=\"https:\/\/derechadiario.com.ar\/deportes\/oscar-ruggeri-durisimo-con-las-internas-boca-esto-no-se-arregla-mas\" title=\"Oscar Ruggeri dur\u00edsimo con las internas de Boca: 'Esto no se arregla m\u00e1s'\"><u>Juan Rom\u00e1n Riquelme<\/u><\/a><\/strong>, presidente del club y figura central en la estructura, <strong>no particip\u00f3 de la charla<\/strong>, ya que\u00a0lleg\u00f3 tarde al entrenamiento.<\/p>\n<div class=\"inter_image image_horizontal\">\n<img decoding=\"async\" src=\"https:\/\/derechadiario.com.ar\/filesedc\/uploads\/image\/post\/2025\/07\/3-1-1753968303740_1200_800.webp\" class=\"img-responsive lazyload\" alt=\"Dos hombres aparecen en la imagen, uno viste un saco azul y camisa blanca, mientras que el otro lleva una campera deportiva azul con detalles amarillos y el escudo de un club de f\u00fatbol.\" title=\"Dos hombres aparecen en la imagen, uno viste un saco azul y camisa blanca, mientras que el otro lleva una campera deportiva azul con detalles amarillos y el escudo de un club de f\u00fatbol.\" \/>\n<div>\n<span class=\"img_footer\">Cascini y Delgado hablaron con Rojo y Saracchi <\/span>| <span class=\"img_author\">La Derecha Diario<\/span>\n<\/div>\n<\/div>\n<p>Sin embargo, lejos de aceptar la situaci\u00f3n en silencio, <strong>Rojo y Saracchi reaccionaron con firmeza<\/strong>. \u00ab<em>\u00bfTodos los d\u00edas tienen problemas y se quieren limpiar con nosotros? <strong>Boca no juega a nada, no gana un partido, \u00bfy los culpables somos nosotros?<\/strong><\/em>\u00ab, fue una de las frases m\u00e1s duras que, seg\u00fan Ar\u00e9valo, lanzaron contra los dirigentes.<\/p>\n<p>La bronca no termin\u00f3 ah\u00ed: \u00ab<em>Entrenamos todos los d\u00edas con la mejor cara, sabiendo que no \u00edbamos a jugar. En el Mundial de Clubes nos rompimos el alma y siempre tiramos para adelante por todos, <strong>\u00bfy nos pagan as\u00ed? Queri\u00e9ndonos sacar del grupo<\/strong>. \u00a0<strong>Es una verg\u00fcenza lo que est\u00e1n haciendo con nosotros<\/strong><\/em>\u00ab, continuaron.<\/p>\n<aside class=\"whatsappChannelText\"><a href=\"https:\/\/whatsapp.com\/channel\/0029VagEjILGE56eKjedWF2U\" rel=\"nofollow\" title=\"WhatsApp Link\"><img alt=\"Logo de WhatsApp\" class=\"lazyload\" data-src=\"\/filesedc\/uploads\/other\/whatsapp_icon_mid_article.png\" width=\"32\" height=\"32\" \/><\/a> <a href=\"https:\/\/whatsapp.com\/channel\/0029VagEjILGE56eKjedWF2U\" rel=\"nofollow\" title=\"WhatsApp Link\"><strong>NO SE PIERDAN NINGUNA NOTICIA<\/strong>: Click aqu\u00ed para sumarte <strong>GRATIS<\/strong> al canal de noticias de <strong>La Derecha Diario en WhatsApp.<\/strong><\/a><\/aside>\n<p>Incluso <strong>Saracchi<\/strong>\u00a0 sum\u00f3 otro reclamo puntual sobre su frustrada salida: \u00ab<strong><em>Muchachos, yo traje una oferta de Independiente y me boludearon una semana. Y el pase no se hizo<\/em><\/strong>\u00ab, lanz\u00f3, visiblemente molesto. Ante eso, Delgado y Cascini movieron la cabeza reconociendo el reclamo. \u00ab<strong><em>Tienen raz\u00f3n, pero es una decisi\u00f3n de Miguel<\/em><\/strong>\u00ab, respondieron, deslindando responsabilidades.<\/p>\n<figure><img decoding=\"async\" src=\"https:\/\/derechadiario.com.ar\/filesedc\/uploads\/image\/post\/2025\/07\/marcelo-saracchi_1200_800.webp\" class=\"img-responsive lazyload\" alt=\"Futbolista con uniforme azul y amarillo de Boca Juniors en el campo durante un partido\" title=\"Futbolista con uniforme azul y amarillo de Boca Juniors en el campo durante un partido\" \/><\/figure>\n<p>El punto culmine del cruce lleg\u00f3 con una advertencia directa a Riquelme: \u00ab<strong><em>Nosotros vamos a cambiarnos en el vestuario de Primera. Si quieren echarnos, que venga Riquelme, que d\u00e9 la cara y arreglemos la salida<\/em>\u00ab<\/strong>.<\/p>\n<p>Tras el altercado, <strong>ambos futbolistas participaron del primer turno de entrenamiento<\/strong>, pero <strong>se retiraron antes del segundo<\/strong>, dejando al descubierto un conflicto interno que ya no se puede tapar.<\/p>\n<p>Este nuevo esc\u00e1ndalo no hace m\u00e1s que \u00a0<strong>profundizar la crisis que atraviesa el club<\/strong>, con malos resultados deportivos, fracturas dentro del plantel y una dirigencia que, por ahora, sigue sin dar explicaciones p\u00fablicas.<\/p>","protected":false},"excerpt":{"rendered":"<p>En medio de la tormenta institucional que atraviesa Boca, un nuevo cap\u00edtulo de tensi\u00f3n explot\u00f3 en el predio de Ezeiza. Tras ser separados del plantel [&hellip;]<\/p>\n","protected":false},"author":1,"featured_media":16880,"comment_status":"open","ping_status":"open","sticky":false,"template":"","format":"standard","meta":{"footnotes":""},"categories":[8],"tags":[],"class_list":["post-16879","post","type-post","status-publish","format-standard","has-post-thumbnail","hentry","category-deportes"],"better_featured_image":{"id":16880,"alt_text":"","caption":"","description":"","media_type":"image","media_details":{"width":1600,"height":1067,"file":"2025\/07\/3-1753968338144_1600_1067-N2jBrL.jpg","filesize":109673,"sizes":{"medium":{"file":"3-1753968338144_1600_1067-N2jBrL-300x200.jpg","width":300,"height":200,"mime-type":"image\/jpeg","filesize":15437,"source_url":"https:\/\/nuevodigitaldeescobar.com.ar\/wp-content\/uploads\/2025\/07\/3-1753968338144_1600_1067-N2jBrL-300x200.jpg"},"large":{"file":"3-1753968338144_1600_1067-N2jBrL-1024x683.jpg","width":1024,"height":683,"mime-type":"image\/jpeg","filesize":87427,"source_url":"https:\/\/nuevodigitaldeescobar.com.ar\/wp-content\/uploads\/2025\/07\/3-1753968338144_1600_1067-N2jBrL-1024x683.jpg"},"thumbnail":{"file":"3-1753968338144_1600_1067-N2jBrL-150x150.jpg","width":150,"height":150,"mime-type":"image\/jpeg","filesize":7406,"source_url":"https:\/\/nuevodigitaldeescobar.com.ar\/wp-content\/uploads\/2025\/07\/3-1753968338144_1600_1067-N2jBrL-150x150.jpg"},"medium_large":{"file":"3-1753968338144_1600_1067-N2jBrL-768x512.jpg","width":768,"height":512,"mime-type":"image\/jpeg","filesize":58709,"source_url":"https:\/\/nuevodigitaldeescobar.com.ar\/wp-content\/uploads\/2025\/07\/3-1753968338144_1600_1067-N2jBrL-768x512.jpg"},"1536x1536":{"file":"3-1753968338144_1600_1067-N2jBrL-1536x1024.jpg","width":1536,"height":1024,"mime-type":"image\/jpeg","filesize":152139,"source_url":"https:\/\/nuevodigitaldeescobar.com.ar\/wp-content\/uploads\/2025\/07\/3-1753968338144_1600_1067-N2jBrL-1536x1024.jpg"}},"image_meta":{"aperture":"0","credit":"","camera":"","caption":"","created_timestamp":"0","copyright":"","focal_length":"0","iso":"0","shutter_speed":"0","title":"","orientation":"0","keywords":[]}},"post":16879,"source_url":"https:\/\/nuevodigitaldeescobar.com.ar\/wp-content\/uploads\/2025\/07\/3-1753968338144_1600_1067-N2jBrL.jpg"},"yoast_head":"<!-- This site is optimized with the Yoast SEO plugin v26.1.1 - https:\/\/yoast.com\/wordpress\/plugins\/seo\/ -->\n<title>Rojo y Saracchi desafiaron al Consejo de F\u00fatbol y le marcaron la cancha a Riquelme - Nuevo Digital de Escobar<\/title>\n<meta name=\"robots\" content=\"index, follow, max-snippet:-1, max-image-preview:large, max-video-preview:-1\" \/>\n<link rel=\"canonical\" href=\"https:\/\/nuevodigitaldeescobar.com.ar\/?p=16879\" \/>\n<meta property=\"og:locale\" content=\"es_ES\" \/>\n<meta property=\"og:type\" content=\"article\" \/>\n<meta property=\"og:title\" content=\"Rojo y Saracchi desafiaron al Consejo de F\u00fatbol y le marcaron la cancha a Riquelme - Nuevo Digital de Escobar\" \/>\n<meta property=\"og:description\" content=\"En medio de la tormenta institucional que atraviesa Boca, un nuevo cap\u00edtulo de tensi\u00f3n explot\u00f3 en el predio de Ezeiza. Tras ser separados del plantel [&hellip;]\" \/>\n<meta property=\"og:url\" content=\"https:\/\/nuevodigitaldeescobar.com.ar\/?p=16879\" \/>\n<meta property=\"og:site_name\" content=\"Nuevo Digital de Escobar\" \/>\n<meta property=\"article:publisher\" content=\"https:\/\/www.facebook.com\/NUEVODigitalDeEscobar\" \/>\n<meta property=\"article:published_time\" content=\"2025-07-31T14:20:33+00:00\" \/>\n<meta property=\"og:image\" content=\"https:\/\/derechadiario.com.ar\/filesedc\/uploads\/image\/post\/2025\/07\/3-1-1753968303740_1200_800.webp\" \/>\n<meta name=\"author\" content=\"Redacci\u00f3n\" \/>\n<meta name=\"twitter:card\" content=\"summary_large_image\" \/>\n<meta name=\"twitter:creator\" content=\"@nuevodigescobar\" \/>\n<meta name=\"twitter:site\" content=\"@nuevodigescobar\" \/>\n<meta name=\"twitter:label1\" content=\"Escrito por\" \/>\n\t<meta name=\"twitter:data1\" content=\"Redacci\u00f3n\" \/>\n\t<meta name=\"twitter:label2\" content=\"Tiempo de lectura\" \/>\n\t<meta name=\"twitter:data2\" content=\"2 minutos\" \/>\n<script type=\"application\/ld+json\" class=\"yoast-schema-graph\">{\"@context\":\"https:\/\/schema.org\",\"@graph\":[{\"@type\":\"Article\",\"@id\":\"https:\/\/nuevodigitaldeescobar.com.ar\/?p=16879#article\",\"isPartOf\":{\"@id\":\"https:\/\/nuevodigitaldeescobar.com.ar\/?p=16879\"},\"author\":{\"name\":\"Redacci\u00f3n\",\"@id\":\"https:\/\/nuevodigitaldeescobar.com.ar\/#\/schema\/person\/035e90a8efe9a80e6eec22656ad6ea4c\"},\"headline\":\"Rojo y Saracchi desafiaron al Consejo de F\u00fatbol y le marcaron la cancha a Riquelme\",\"datePublished\":\"2025-07-31T14:20:33+00:00\",\"mainEntityOfPage\":{\"@id\":\"https:\/\/nuevodigitaldeescobar.com.ar\/?p=16879\"},\"wordCount\":477,\"commentCount\":0,\"publisher\":{\"@id\":\"https:\/\/nuevodigitaldeescobar.com.ar\/#organization\"},\"image\":{\"@id\":\"https:\/\/nuevodigitaldeescobar.com.ar\/?p=16879#primaryimage\"},\"thumbnailUrl\":\"https:\/\/nuevodigitaldeescobar.com.ar\/wp-content\/uploads\/2025\/07\/3-1753968338144_1600_1067-N2jBrL.jpg\",\"articleSection\":[\"Deportes\"],\"inLanguage\":\"es\",\"potentialAction\":[{\"@type\":\"CommentAction\",\"name\":\"Comment\",\"target\":[\"https:\/\/nuevodigitaldeescobar.com.ar\/?p=16879#respond\"]}]},{\"@type\":\"WebPage\",\"@id\":\"https:\/\/nuevodigitaldeescobar.com.ar\/?p=16879\",\"url\":\"https:\/\/nuevodigitaldeescobar.com.ar\/?p=16879\",\"name\":\"Rojo y Saracchi desafiaron al Consejo de F\u00fatbol y le marcaron la cancha a Riquelme - Nuevo Digital de Escobar\",\"isPartOf\":{\"@id\":\"https:\/\/nuevodigitaldeescobar.com.ar\/#website\"},\"primaryImageOfPage\":{\"@id\":\"https:\/\/nuevodigitaldeescobar.com.ar\/?p=16879#primaryimage\"},\"image\":{\"@id\":\"https:\/\/nuevodigitaldeescobar.com.ar\/?p=16879#primaryimage\"},\"thumbnailUrl\":\"https:\/\/nuevodigitaldeescobar.com.ar\/wp-content\/uploads\/2025\/07\/3-1753968338144_1600_1067-N2jBrL.jpg\",\"datePublished\":\"2025-07-31T14:20:33+00:00\",\"breadcrumb\":{\"@id\":\"https:\/\/nuevodigitaldeescobar.com.ar\/?p=16879#breadcrumb\"},\"inLanguage\":\"es\",\"potentialAction\":[{\"@type\":\"ReadAction\",\"target\":[\"https:\/\/nuevodigitaldeescobar.com.ar\/?p=16879\"]}]},{\"@type\":\"ImageObject\",\"inLanguage\":\"es\",\"@id\":\"https:\/\/nuevodigitaldeescobar.com.ar\/?p=16879#primaryimage\",\"url\":\"https:\/\/nuevodigitaldeescobar.com.ar\/wp-content\/uploads\/2025\/07\/3-1753968338144_1600_1067-N2jBrL.jpg\",\"contentUrl\":\"https:\/\/nuevodigitaldeescobar.com.ar\/wp-content\/uploads\/2025\/07\/3-1753968338144_1600_1067-N2jBrL.jpg\",\"width\":1600,\"height\":1067},{\"@type\":\"BreadcrumbList\",\"@id\":\"https:\/\/nuevodigitaldeescobar.com.ar\/?p=16879#breadcrumb\",\"itemListElement\":[{\"@type\":\"ListItem\",\"position\":1,\"name\":\"Portada\",\"item\":\"https:\/\/nuevodigitaldeescobar.com.ar\/\"},{\"@type\":\"ListItem\",\"position\":2,\"name\":\"Rojo y Saracchi desafiaron al Consejo de F\u00fatbol y le marcaron la cancha a Riquelme\"}]},{\"@type\":\"WebSite\",\"@id\":\"https:\/\/nuevodigitaldeescobar.com.ar\/#website\",\"url\":\"https:\/\/nuevodigitaldeescobar.com.ar\/\",\"name\":\"Nuevo Digital de Escobar\",\"description\":\"La vida escobarense. Directora: Rosana Brunner\",\"publisher\":{\"@id\":\"https:\/\/nuevodigitaldeescobar.com.ar\/#organization\"},\"potentialAction\":[{\"@type\":\"SearchAction\",\"target\":{\"@type\":\"EntryPoint\",\"urlTemplate\":\"https:\/\/nuevodigitaldeescobar.com.ar\/?s={search_term_string}\"},\"query-input\":{\"@type\":\"PropertyValueSpecification\",\"valueRequired\":true,\"valueName\":\"search_term_string\"}}],\"inLanguage\":\"es\"},{\"@type\":\"Organization\",\"@id\":\"https:\/\/nuevodigitaldeescobar.com.ar\/#organization\",\"name\":\"Nuevo Digital de Escobar\",\"url\":\"https:\/\/nuevodigitaldeescobar.com.ar\/\",\"logo\":{\"@type\":\"ImageObject\",\"inLanguage\":\"es\",\"@id\":\"https:\/\/nuevodigitaldeescobar.com.ar\/#\/schema\/logo\/image\/\",\"url\":\"https:\/\/nuevodigitaldeescobar.com.ar\/wp-content\/uploads\/2025\/05\/cropped-logo-nuevo2.jpg\",\"contentUrl\":\"https:\/\/nuevodigitaldeescobar.com.ar\/wp-content\/uploads\/2025\/05\/cropped-logo-nuevo2.jpg\",\"width\":305,\"height\":305,\"caption\":\"Nuevo Digital de Escobar\"},\"image\":{\"@id\":\"https:\/\/nuevodigitaldeescobar.com.ar\/#\/schema\/logo\/image\/\"},\"sameAs\":[\"https:\/\/www.facebook.com\/NUEVODigitalDeEscobar\",\"https:\/\/x.com\/nuevodigescobar\",\"https:\/\/www.instagram.com\/nuevodigitaldeescobar\"]},{\"@type\":\"Person\",\"@id\":\"https:\/\/nuevodigitaldeescobar.com.ar\/#\/schema\/person\/035e90a8efe9a80e6eec22656ad6ea4c\",\"name\":\"Redacci\u00f3n\",\"image\":{\"@type\":\"ImageObject\",\"inLanguage\":\"es\",\"@id\":\"https:\/\/nuevodigitaldeescobar.com.ar\/#\/schema\/person\/image\/\",\"url\":\"https:\/\/secure.gravatar.com\/avatar\/8af8f40000c24e9eef3034f2be5998a372bb1389e64b1a4a36b3a7979142220d?s=96&d=mm&r=g\",\"contentUrl\":\"https:\/\/secure.gravatar.com\/avatar\/8af8f40000c24e9eef3034f2be5998a372bb1389e64b1a4a36b3a7979142220d?s=96&d=mm&r=g\",\"caption\":\"Redacci\u00f3n\"},\"sameAs\":[\"http:\/\/nuevodigitaldeescobar.com.ar\"],\"url\":\"https:\/\/nuevodigitaldeescobar.com.ar\/?author=1\"}]}<\/script>\n<!-- \/ Yoast SEO plugin. -->","yoast_head_json":{"title":"Rojo y Saracchi desafiaron al Consejo de F\u00fatbol y le marcaron la cancha a Riquelme - Nuevo Digital de Escobar","robots":{"index":"index","follow":"follow","max-snippet":"max-snippet:-1","max-image-preview":"max-image-preview:large","max-video-preview":"max-video-preview:-1"},"canonical":"https:\/\/nuevodigitaldeescobar.com.ar\/?p=16879","og_locale":"es_ES","og_type":"article","og_title":"Rojo y Saracchi desafiaron al Consejo de F\u00fatbol y le marcaron la cancha a Riquelme - Nuevo Digital de Escobar","og_description":"En medio de la tormenta institucional que atraviesa Boca, un nuevo cap\u00edtulo de tensi\u00f3n explot\u00f3 en el predio de Ezeiza. Tras ser separados del plantel [&hellip;]","og_url":"https:\/\/nuevodigitaldeescobar.com.ar\/?p=16879","og_site_name":"Nuevo Digital de Escobar","article_publisher":"https:\/\/www.facebook.com\/NUEVODigitalDeEscobar","article_published_time":"2025-07-31T14:20:33+00:00","og_image":[{"url":"https:\/\/derechadiario.com.ar\/filesedc\/uploads\/image\/post\/2025\/07\/3-1-1753968303740_1200_800.webp","type":"","width":"","height":""}],"author":"Redacci\u00f3n","twitter_card":"summary_large_image","twitter_creator":"@nuevodigescobar","twitter_site":"@nuevodigescobar","twitter_misc":{"Escrito por":"Redacci\u00f3n","Tiempo de lectura":"2 minutos"},"schema":{"@context":"https:\/\/schema.org","@graph":[{"@type":"Article","@id":"https:\/\/nuevodigitaldeescobar.com.ar\/?p=16879#article","isPartOf":{"@id":"https:\/\/nuevodigitaldeescobar.com.ar\/?p=16879"},"author":{"name":"Redacci\u00f3n","@id":"https:\/\/nuevodigitaldeescobar.com.ar\/#\/schema\/person\/035e90a8efe9a80e6eec22656ad6ea4c"},"headline":"Rojo y Saracchi desafiaron al Consejo de F\u00fatbol y le marcaron la cancha a Riquelme","datePublished":"2025-07-31T14:20:33+00:00","mainEntityOfPage":{"@id":"https:\/\/nuevodigitaldeescobar.com.ar\/?p=16879"},"wordCount":477,"commentCount":0,"publisher":{"@id":"https:\/\/nuevodigitaldeescobar.com.ar\/#organization"},"image":{"@id":"https:\/\/nuevodigitaldeescobar.com.ar\/?p=16879#primaryimage"},"thumbnailUrl":"https:\/\/nuevodigitaldeescobar.com.ar\/wp-content\/uploads\/2025\/07\/3-1753968338144_1600_1067-N2jBrL.jpg","articleSection":["Deportes"],"inLanguage":"es","potentialAction":[{"@type":"CommentAction","name":"Comment","target":["https:\/\/nuevodigitaldeescobar.com.ar\/?p=16879#respond"]}]},{"@type":"WebPage","@id":"https:\/\/nuevodigitaldeescobar.com.ar\/?p=16879","url":"https:\/\/nuevodigitaldeescobar.com.ar\/?p=16879","name":"Rojo y Saracchi desafiaron al Consejo de F\u00fatbol y le marcaron la cancha a Riquelme - Nuevo Digital de Escobar","isPartOf":{"@id":"https:\/\/nuevodigitaldeescobar.com.ar\/#website"},"primaryImageOfPage":{"@id":"https:\/\/nuevodigitaldeescobar.com.ar\/?p=16879#primaryimage"},"image":{"@id":"https:\/\/nuevodigitaldeescobar.com.ar\/?p=16879#primaryimage"},"thumbnailUrl":"https:\/\/nuevodigitaldeescobar.com.ar\/wp-content\/uploads\/2025\/07\/3-1753968338144_1600_1067-N2jBrL.jpg","datePublished":"2025-07-31T14:20:33+00:00","breadcrumb":{"@id":"https:\/\/nuevodigitaldeescobar.com.ar\/?p=16879#breadcrumb"},"inLanguage":"es","potentialAction":[{"@type":"ReadAction","target":["https:\/\/nuevodigitaldeescobar.com.ar\/?p=16879"]}]},{"@type":"ImageObject","inLanguage":"es","@id":"https:\/\/nuevodigitaldeescobar.com.ar\/?p=16879#primaryimage","url":"https:\/\/nuevodigitaldeescobar.com.ar\/wp-content\/uploads\/2025\/07\/3-1753968338144_1600_1067-N2jBrL.jpg","contentUrl":"https:\/\/nuevodigitaldeescobar.com.ar\/wp-content\/uploads\/2025\/07\/3-1753968338144_1600_1067-N2jBrL.jpg","width":1600,"height":1067},{"@type":"BreadcrumbList","@id":"https:\/\/nuevodigitaldeescobar.com.ar\/?p=16879#breadcrumb","itemListElement":[{"@type":"ListItem","position":1,"name":"Portada","item":"https:\/\/nuevodigitaldeescobar.com.ar\/"},{"@type":"ListItem","position":2,"name":"Rojo y Saracchi desafiaron al Consejo de F\u00fatbol y le marcaron la cancha a Riquelme"}]},{"@type":"WebSite","@id":"https:\/\/nuevodigitaldeescobar.com.ar\/#website","url":"https:\/\/nuevodigitaldeescobar.com.ar\/","name":"Nuevo Digital de Escobar","description":"La vida escobarense. Directora: Rosana Brunner","publisher":{"@id":"https:\/\/nuevodigitaldeescobar.com.ar\/#organization"},"potentialAction":[{"@type":"SearchAction","target":{"@type":"EntryPoint","urlTemplate":"https:\/\/nuevodigitaldeescobar.com.ar\/?s={search_term_string}"},"query-input":{"@type":"PropertyValueSpecification","valueRequired":true,"valueName":"search_term_string"}}],"inLanguage":"es"},{"@type":"Organization","@id":"https:\/\/nuevodigitaldeescobar.com.ar\/#organization","name":"Nuevo Digital de Escobar","url":"https:\/\/nuevodigitaldeescobar.com.ar\/","logo":{"@type":"ImageObject","inLanguage":"es","@id":"https:\/\/nuevodigitaldeescobar.com.ar\/#\/schema\/logo\/image\/","url":"https:\/\/nuevodigitaldeescobar.com.ar\/wp-content\/uploads\/2025\/05\/cropped-logo-nuevo2.jpg","contentUrl":"https:\/\/nuevodigitaldeescobar.com.ar\/wp-content\/uploads\/2025\/05\/cropped-logo-nuevo2.jpg","width":305,"height":305,"caption":"Nuevo Digital de Escobar"},"image":{"@id":"https:\/\/nuevodigitaldeescobar.com.ar\/#\/schema\/logo\/image\/"},"sameAs":["https:\/\/www.facebook.com\/NUEVODigitalDeEscobar","https:\/\/x.com\/nuevodigescobar","https:\/\/www.instagram.com\/nuevodigitaldeescobar"]},{"@type":"Person","@id":"https:\/\/nuevodigitaldeescobar.com.ar\/#\/schema\/person\/035e90a8efe9a80e6eec22656ad6ea4c","name":"Redacci\u00f3n","image":{"@type":"ImageObject","inLanguage":"es","@id":"https:\/\/nuevodigitaldeescobar.com.ar\/#\/schema\/person\/image\/","url":"https:\/\/secure.gravatar.com\/avatar\/8af8f40000c24e9eef3034f2be5998a372bb1389e64b1a4a36b3a7979142220d?s=96&d=mm&r=g","contentUrl":"https:\/\/secure.gravatar.com\/avatar\/8af8f40000c24e9eef3034f2be5998a372bb1389e64b1a4a36b3a7979142220d?s=96&d=mm&r=g","caption":"Redacci\u00f3n"},"sameAs":["http:\/\/nuevodigitaldeescobar.com.ar"],"url":"https:\/\/nuevodigitaldeescobar.com.ar\/?author=1"}]}},"featured_image_urls":{"full":["https:\/\/nuevodigitaldeescobar.com.ar\/wp-content\/uploads\/2025\/07\/3-1753968338144_1600_1067-N2jBrL.jpg",1600,1067,false],"thumbnail":["https:\/\/nuevodigitaldeescobar.com.ar\/wp-content\/uploads\/2025\/07\/3-1753968338144_1600_1067-N2jBrL-150x150.jpg",150,150,true],"medium":["https:\/\/nuevodigitaldeescobar.com.ar\/wp-content\/uploads\/2025\/07\/3-1753968338144_1600_1067-N2jBrL-300x200.jpg",300,200,true],"medium_large":["https:\/\/nuevodigitaldeescobar.com.ar\/wp-content\/uploads\/2025\/07\/3-1753968338144_1600_1067-N2jBrL-768x512.jpg",640,427,true],"large":["https:\/\/nuevodigitaldeescobar.com.ar\/wp-content\/uploads\/2025\/07\/3-1753968338144_1600_1067-N2jBrL-1024x683.jpg",640,427,true],"1536x1536":["https:\/\/nuevodigitaldeescobar.com.ar\/wp-content\/uploads\/2025\/07\/3-1753968338144_1600_1067-N2jBrL-1536x1024.jpg",1536,1024,true],"2048x2048":["https:\/\/nuevodigitaldeescobar.com.ar\/wp-content\/uploads\/2025\/07\/3-1753968338144_1600_1067-N2jBrL.jpg",1600,1067,false]},"author_info":{"display_name":"Redacci\u00f3n","author_link":"https:\/\/nuevodigitaldeescobar.com.ar\/?author=1"},"category_info":"<a href=\"https:\/\/nuevodigitaldeescobar.com.ar\/?cat=8\" rel=\"category\">Deportes<\/a>","tag_info":"Deportes","comment_count":"0","_links":{"self":[{"href":"https:\/\/nuevodigitaldeescobar.com.ar\/index.php?rest_route=\/wp\/v2\/posts\/16879","targetHints":{"allow":["GET"]}}],"collection":[{"href":"https:\/\/nuevodigitaldeescobar.com.ar\/index.php?rest_route=\/wp\/v2\/posts"}],"about":[{"href":"https:\/\/nuevodigitaldeescobar.com.ar\/index.php?rest_route=\/wp\/v2\/types\/post"}],"author":[{"embeddable":true,"href":"https:\/\/nuevodigitaldeescobar.com.ar\/index.php?rest_route=\/wp\/v2\/users\/1"}],"replies":[{"embeddable":true,"href":"https:\/\/nuevodigitaldeescobar.com.ar\/index.php?rest_route=%2Fwp%2Fv2%2Fcomments&post=16879"}],"version-history":[{"count":0,"href":"https:\/\/nuevodigitaldeescobar.com.ar\/index.php?rest_route=\/wp\/v2\/posts\/16879\/revisions"}],"wp:featuredmedia":[{"embeddable":true,"href":"https:\/\/nuevodigitaldeescobar.com.ar\/index.php?rest_route=\/wp\/v2\/media\/16880"}],"wp:attachment":[{"href":"https:\/\/nuevodigitaldeescobar.com.ar\/index.php?rest_route=%2Fwp%2Fv2%2Fmedia&parent=16879"}],"wp:term":[{"taxonomy":"category","embeddable":true,"href":"https:\/\/nuevodigitaldeescobar.com.ar\/index.php?rest_route=%2Fwp%2Fv2%2Fcategories&post=16879"},{"taxonomy":"post_tag","embeddable":true,"href":"https:\/\/nuevodigitaldeescobar.com.ar\/index.php?rest_route=%2Fwp%2Fv2%2Ftags&post=16879"}],"curies":[{"name":"wp","href":"https:\/\/api.w.org\/{rel}","templated":true}]}}