{"id":16885,"date":"2025-07-31T16:20:31","date_gmt":"2025-07-31T19:20:31","guid":{"rendered":"https:\/\/nuevodigitaldeescobar.com.ar\/?p=16885"},"modified":"2025-07-31T16:20:31","modified_gmt":"2025-07-31T19:20:31","slug":"colapinto-en-crisis-no-la-estoy-pasando-bien-y-necesito-un-buen-fin-de-semana","status":"publish","type":"post","link":"https:\/\/nuevodigitaldeescobar.com.ar\/?p=16885","title":{"rendered":"Colapinto, en crisis: &#8216;No la estoy pasando bien y necesito un buen fin de semana&#8217;"},"content":{"rendered":"<p><strong>El presente de <a href=\"https:\/\/derechadiario.com.ar\/deportes\/colapinto-confiado-previa-del-gp-hungria-tendencia-cambiar\" title=\"Colapinto confiado en la previa del GP de Hungr\u00eda: 'La tendencia va a cambiar'\"><u>Franco Colapinto<\/u><\/a> no es el esperado, ni para \u00e9l ni para la escuder\u00eda <a href=\"https:\/\/derechadiario.com.ar\/deportes\/colapinto-confiado-previa-del-gp-hungria-tendencia-cambiar\" title=\"Colapinto confiado en la previa del GP de Hungr\u00eda: 'La tendencia va a cambiar'\"><u>Alpine<\/u><\/a><\/strong>. Tras un debut prometedor en el <strong>Gran Premio de Emilia Roma\u00f1a<\/strong>, el piloto argentino no logr\u00f3 consolidarse en las siguientes fechas de la <a href=\"https:\/\/derechadiario.com.ar\/deportes\/colapinto-confiado-previa-del-gp-hungria-tendencia-cambiar\" title=\"Colapinto confiado en la previa del GP de Hungr\u00eda: 'La tendencia va a cambiar'\"><u><strong>F\u00f3rmula 1<\/strong><\/u><\/a>, y su rendimiento ha ido en descenso.<\/p>\n<p>De cara al <a href=\"https:\/\/derechadiario.com.ar\/deportes\/colapinto-confiado-previa-del-gp-hungria-tendencia-cambiar\" title=\"Colapinto confiado en la previa del GP de Hungr\u00eda: 'La tendencia va a cambiar'\"><u><strong>Gran Premio de Hungr\u00eda<\/strong><\/u><\/a>, el joven reflexion\u00f3 sobre su rendimiento y confes\u00f3 que atraviesa un duro momento an\u00edmico. \u00ab<em><strong>No la estoy pasando bien<\/strong>. Creo que es un poco lo que necesito antes de este par\u00f3n, <strong>un buen fin de semana<\/strong><\/em>\u00ab, expres\u00f3 con sinceridad.<\/p>\n<p>Colapinto remarc\u00f3 que, parad\u00f3jicamente, <strong>su mejor actuaci\u00f3n fue en su debut en Imola<\/strong>, donde fue el m\u00e1s competitivo y cercano a su compa\u00f1ero Pierre Gasly. \u00ab<em>Si me remonto a Imola, <strong>creo que fue casi mi mejor fin de semana<\/strong>. Era la primera vez que manejaba el A525, la primera vez trabajando con el equipo, y <strong>no tiene mucho sentido que ese haya sido mi mejor momento<\/strong><\/em>\u00ab, analiz\u00f3.<\/p>\n<div class=\"inter_image image_horizontal\">\n<img decoding=\"async\" src=\"https:\/\/derechadiario.com.ar\/filesedc\/uploads\/image\/post\/2025\/07\/ywnweov6p-1290x760--1_1200_800.webp\" class=\"img-responsive lazyload\" alt=\"Piloto de automovilismo sonriente celebrando con aficionados en un circuito mientras sostiene un tel\u00e9fono m\u00f3vil para tomarse una selfie\" title=\"Piloto de automovilismo sonriente celebrando con aficionados en un circuito mientras sostiene un tel\u00e9fono m\u00f3vil para tomarse una selfie\" \/>\n<div>\n<span class=\"img_footer\">Para Colapinto, Imola fue su mejor momento en Alpine <\/span>| <span class=\"img_author\">La Derecha Diario<\/span>\n<\/div>\n<\/div>\n<p>Desde entonces, los resultados fueron en declive: <strong>16\u00b0 en Italia<\/strong>, <strong>13\u00b0 en M\u00f3naco<\/strong>, <strong>15\u00b0 en Espa\u00f1a<\/strong>, <strong>13\u00b0 en Canad\u00e1<\/strong>, <strong>13\u00b0 en Austria<\/strong>, <strong>20\u00b0 en Gran Breta\u00f1a<\/strong> (no larg\u00f3) y <strong>19\u00b0 en <a href=\"https:\/\/derechadiario.com.ar\/deportes\/gp-belgica-piastri-se-impuso-sobre-norris-y-colapinto-termino-anteultimo\" title=\"GP de B\u00e9lgica: Piastri se impuso sobre Norris y Colapinto termin\u00f3 ante\u00faltimo\"><u>B\u00e9lgica<\/u><\/a><\/strong>.<\/p>\n<aside class=\"are-you-interested-container-photo\"><\/aside>\n<p>En cuanto al funcionamiento del equipo, el argentino fue autocr\u00edtico, pero tambi\u00e9n apunt\u00f3 a lo colectivo: \u00ab<em>Es duro cuando sent\u00eds que no viene todo junto. <strong>Al final estoy mejorando, pero un fin de semana pasa una cosa; otro, otra<\/strong>. Se van acumulando cosas y no ponemos todo juntos<\/em>\u00ab, dijo.<\/p>\n<figure><img decoding=\"async\" src=\"https:\/\/derechadiario.com.ar\/filesedc\/uploads\/image\/post\/2025\/07\/colapinto-belgica-1_1200_800.webp\" class=\"img-responsive lazyload\" alt=\"Piloto de automovilismo con gorra y chaqueta azul de un equipo de F\u00f3rmula 1 durante una conferencia de prensa\" title=\"Piloto de automovilismo con gorra y chaqueta azul de un equipo de F\u00f3rmula 1 durante una conferencia de prensa\" \/><\/figure>\n<p>Y a\u00f1adi\u00f3: \u00ab<em>Eso es lo que hay que mejorar. <strong>Hay que trabajar m\u00e1s la comunicaci\u00f3n<\/strong>, tener una conexi\u00f3n un poco m\u00e1s fuerte. Es lo que estamos buscando; y estar un poco m\u00e1s c\u00f3modo en general<\/em>\u00ab.<\/p>\n<p>El argentino tambi\u00e9n hizo una comparaci\u00f3n con su paso anterior por Williams, cuando fue piloto de pruebas y mostr\u00f3 gran adaptaci\u00f3n al auto: \u00ab<em><strong>Desde el principio dije que me falta confianza con el auto<\/strong> y que a veces no termino de encontrarme en algunas curvas. \u00a0<strong>Me cuesta girar, meter el auto en las curvas, y eso simplemente no me da confianza<\/strong>. El a\u00f1o pasado no ten\u00eda este problema: pod\u00eda salir y ser r\u00e1pido enseguida, todo era m\u00e1s directo. Y ahora <strong>me cuesta un poco m\u00e1s, esa es la realidad<\/strong><\/em>\u00ab, explic\u00f3.<\/p>\n<aside class=\"whatsappChannelText\"><a href=\"https:\/\/whatsapp.com\/channel\/0029VagEjILGE56eKjedWF2U\" rel=\"nofollow\" title=\"WhatsApp Link\"><img alt=\"Logo de WhatsApp\" class=\"lazyload\" data-src=\"\/filesedc\/uploads\/other\/whatsapp_icon_mid_article.png\" width=\"32\" height=\"32\" \/><\/a> <a href=\"https:\/\/whatsapp.com\/channel\/0029VagEjILGE56eKjedWF2U\" rel=\"nofollow\" title=\"WhatsApp Link\"><strong>NO SE PIERDAN NINGUNA NOTICIA<\/strong>: Click aqu\u00ed para sumarte <strong>GRATIS<\/strong> al canal de noticias de <strong>La Derecha Diario en WhatsApp.<\/strong><\/a><\/aside>\n<figure><img decoding=\"async\" src=\"https:\/\/derechadiario.com.ar\/filesedc\/uploads\/image\/post\/2025\/07\/franco-colapinto-williams-fw46-1753984626281_1200_800.webp\" class=\"img-responsive lazyload\" alt=\"Un monoplaza de F\u00f3rmula 1 del equipo Williams toma una curva en un circuito de carreras\" title=\"Un monoplaza de F\u00f3rmula 1 del equipo Williams toma una curva en un circuito de carreras\" \/><\/figure>\n<p>Para cerrar, Colapinto puso las expectativas en una mejora a futuro: \u00ab<strong><em>Esperemos encontrar ese clic que necesitamos, y a partir de ah\u00ed creo que vamos a ir hacia arriba<\/em><\/strong>\u00ab.<\/p>\n<h2><strong>Cronograma del Gran Premio de Hungr\u00eda<\/strong><\/h2>\n<p><strong>Viernes 1 de agosto<\/strong><\/p>\n<ul>\n<li>Pr\u00e1ctica Libre 1 | 8.30 &#8211; 9.30<\/li>\n<li>Pr\u00e1ctica Libre 2 | 12.00 &#8211; 13.00<\/li>\n<\/ul>\n<p><strong>S\u00e1bado 2 de agosto<\/strong><\/p>\n<ul>\n<li>Pr\u00e1ctica Libre 3 | 7.30 &#8211; 8.30<\/li>\n<li>Clasificaci\u00f3n | 11.00 &#8211; 12.00<\/li>\n<\/ul>\n<p><strong>Domingo 3 de agosto<\/strong><\/p>\n<ul>\n<li>GP de Hungr\u00eda | 10.00<\/li>\n<\/ul>","protected":false},"excerpt":{"rendered":"<p>El presente de Franco Colapinto no es el esperado, ni para \u00e9l ni para la escuder\u00eda Alpine. Tras un debut prometedor en el Gran Premio [&hellip;]<\/p>\n","protected":false},"author":1,"featured_media":16886,"comment_status":"open","ping_status":"open","sticky":false,"template":"","format":"standard","meta":{"footnotes":""},"categories":[8],"tags":[],"class_list":["post-16885","post","type-post","status-publish","format-standard","has-post-thumbnail","hentry","category-deportes"],"better_featured_image":{"id":16886,"alt_text":"","caption":"","description":"","media_type":"image","media_details":{"width":1600,"height":1067,"file":"2025\/07\/colapinto-alpine_1600_1067-xXUZo1.jpg","filesize":93067,"sizes":{"medium":{"file":"colapinto-alpine_1600_1067-xXUZo1-300x200.jpg","width":300,"height":200,"mime-type":"image\/jpeg","filesize":12476,"source_url":"https:\/\/nuevodigitaldeescobar.com.ar\/wp-content\/uploads\/2025\/07\/colapinto-alpine_1600_1067-xXUZo1-300x200.jpg"},"large":{"file":"colapinto-alpine_1600_1067-xXUZo1-1024x683.jpg","width":1024,"height":683,"mime-type":"image\/jpeg","filesize":75643,"source_url":"https:\/\/nuevodigitaldeescobar.com.ar\/wp-content\/uploads\/2025\/07\/colapinto-alpine_1600_1067-xXUZo1-1024x683.jpg"},"thumbnail":{"file":"colapinto-alpine_1600_1067-xXUZo1-150x150.jpg","width":150,"height":150,"mime-type":"image\/jpeg","filesize":6698,"source_url":"https:\/\/nuevodigitaldeescobar.com.ar\/wp-content\/uploads\/2025\/07\/colapinto-alpine_1600_1067-xXUZo1-150x150.jpg"},"medium_large":{"file":"colapinto-alpine_1600_1067-xXUZo1-768x512.jpg","width":768,"height":512,"mime-type":"image\/jpeg","filesize":49556,"source_url":"https:\/\/nuevodigitaldeescobar.com.ar\/wp-content\/uploads\/2025\/07\/colapinto-alpine_1600_1067-xXUZo1-768x512.jpg"},"1536x1536":{"file":"colapinto-alpine_1600_1067-xXUZo1-1536x1024.jpg","width":1536,"height":1024,"mime-type":"image\/jpeg","filesize":133441,"source_url":"https:\/\/nuevodigitaldeescobar.com.ar\/wp-content\/uploads\/2025\/07\/colapinto-alpine_1600_1067-xXUZo1-1536x1024.jpg"}},"image_meta":{"aperture":"0","credit":"","camera":"","caption":"","created_timestamp":"0","copyright":"","focal_length":"0","iso":"0","shutter_speed":"0","title":"","orientation":"0","keywords":[]}},"post":16885,"source_url":"https:\/\/nuevodigitaldeescobar.com.ar\/wp-content\/uploads\/2025\/07\/colapinto-alpine_1600_1067-xXUZo1.jpg"},"yoast_head":"<!-- This site is optimized with the Yoast SEO plugin v26.1.1 - https:\/\/yoast.com\/wordpress\/plugins\/seo\/ -->\n<title>Colapinto, en crisis: &#039;No la estoy pasando bien y necesito un buen fin de semana&#039; - Nuevo Digital de Escobar<\/title>\n<meta name=\"robots\" content=\"index, follow, max-snippet:-1, max-image-preview:large, max-video-preview:-1\" \/>\n<link rel=\"canonical\" href=\"https:\/\/nuevodigitaldeescobar.com.ar\/?p=16885\" \/>\n<meta property=\"og:locale\" content=\"es_ES\" \/>\n<meta property=\"og:type\" content=\"article\" \/>\n<meta property=\"og:title\" content=\"Colapinto, en crisis: &#039;No la estoy pasando bien y necesito un buen fin de semana&#039; - Nuevo Digital de Escobar\" \/>\n<meta property=\"og:description\" content=\"El presente de Franco Colapinto no es el esperado, ni para \u00e9l ni para la escuder\u00eda Alpine. Tras un debut prometedor en el Gran Premio [&hellip;]\" \/>\n<meta property=\"og:url\" content=\"https:\/\/nuevodigitaldeescobar.com.ar\/?p=16885\" \/>\n<meta property=\"og:site_name\" content=\"Nuevo Digital de Escobar\" \/>\n<meta property=\"article:publisher\" content=\"https:\/\/www.facebook.com\/NUEVODigitalDeEscobar\" \/>\n<meta property=\"article:published_time\" content=\"2025-07-31T19:20:31+00:00\" \/>\n<meta property=\"og:image\" content=\"https:\/\/derechadiario.com.ar\/filesedc\/uploads\/image\/post\/2025\/07\/ywnweov6p-1290x760--1_1200_800.webp\" \/>\n<meta name=\"author\" content=\"Redacci\u00f3n\" \/>\n<meta name=\"twitter:card\" content=\"summary_large_image\" \/>\n<meta name=\"twitter:creator\" content=\"@nuevodigescobar\" \/>\n<meta name=\"twitter:site\" content=\"@nuevodigescobar\" \/>\n<meta name=\"twitter:label1\" content=\"Escrito por\" \/>\n\t<meta name=\"twitter:data1\" content=\"Redacci\u00f3n\" \/>\n\t<meta name=\"twitter:label2\" content=\"Tiempo de lectura\" \/>\n\t<meta name=\"twitter:data2\" content=\"2 minutos\" \/>\n<script type=\"application\/ld+json\" class=\"yoast-schema-graph\">{\"@context\":\"https:\/\/schema.org\",\"@graph\":[{\"@type\":\"Article\",\"@id\":\"https:\/\/nuevodigitaldeescobar.com.ar\/?p=16885#article\",\"isPartOf\":{\"@id\":\"https:\/\/nuevodigitaldeescobar.com.ar\/?p=16885\"},\"author\":{\"name\":\"Redacci\u00f3n\",\"@id\":\"https:\/\/nuevodigitaldeescobar.com.ar\/#\/schema\/person\/035e90a8efe9a80e6eec22656ad6ea4c\"},\"headline\":\"Colapinto, en crisis: &#8216;No la estoy pasando bien y necesito un buen fin de semana&#8217;\",\"datePublished\":\"2025-07-31T19:20:31+00:00\",\"mainEntityOfPage\":{\"@id\":\"https:\/\/nuevodigitaldeescobar.com.ar\/?p=16885\"},\"wordCount\":505,\"commentCount\":0,\"publisher\":{\"@id\":\"https:\/\/nuevodigitaldeescobar.com.ar\/#organization\"},\"image\":{\"@id\":\"https:\/\/nuevodigitaldeescobar.com.ar\/?p=16885#primaryimage\"},\"thumbnailUrl\":\"https:\/\/nuevodigitaldeescobar.com.ar\/wp-content\/uploads\/2025\/07\/colapinto-alpine_1600_1067-xXUZo1.jpg\",\"articleSection\":[\"Deportes\"],\"inLanguage\":\"es\",\"potentialAction\":[{\"@type\":\"CommentAction\",\"name\":\"Comment\",\"target\":[\"https:\/\/nuevodigitaldeescobar.com.ar\/?p=16885#respond\"]}]},{\"@type\":\"WebPage\",\"@id\":\"https:\/\/nuevodigitaldeescobar.com.ar\/?p=16885\",\"url\":\"https:\/\/nuevodigitaldeescobar.com.ar\/?p=16885\",\"name\":\"Colapinto, en crisis: 'No la estoy pasando bien y necesito un buen fin de semana' - Nuevo Digital de Escobar\",\"isPartOf\":{\"@id\":\"https:\/\/nuevodigitaldeescobar.com.ar\/#website\"},\"primaryImageOfPage\":{\"@id\":\"https:\/\/nuevodigitaldeescobar.com.ar\/?p=16885#primaryimage\"},\"image\":{\"@id\":\"https:\/\/nuevodigitaldeescobar.com.ar\/?p=16885#primaryimage\"},\"thumbnailUrl\":\"https:\/\/nuevodigitaldeescobar.com.ar\/wp-content\/uploads\/2025\/07\/colapinto-alpine_1600_1067-xXUZo1.jpg\",\"datePublished\":\"2025-07-31T19:20:31+00:00\",\"breadcrumb\":{\"@id\":\"https:\/\/nuevodigitaldeescobar.com.ar\/?p=16885#breadcrumb\"},\"inLanguage\":\"es\",\"potentialAction\":[{\"@type\":\"ReadAction\",\"target\":[\"https:\/\/nuevodigitaldeescobar.com.ar\/?p=16885\"]}]},{\"@type\":\"ImageObject\",\"inLanguage\":\"es\",\"@id\":\"https:\/\/nuevodigitaldeescobar.com.ar\/?p=16885#primaryimage\",\"url\":\"https:\/\/nuevodigitaldeescobar.com.ar\/wp-content\/uploads\/2025\/07\/colapinto-alpine_1600_1067-xXUZo1.jpg\",\"contentUrl\":\"https:\/\/nuevodigitaldeescobar.com.ar\/wp-content\/uploads\/2025\/07\/colapinto-alpine_1600_1067-xXUZo1.jpg\",\"width\":1600,\"height\":1067},{\"@type\":\"BreadcrumbList\",\"@id\":\"https:\/\/nuevodigitaldeescobar.com.ar\/?p=16885#breadcrumb\",\"itemListElement\":[{\"@type\":\"ListItem\",\"position\":1,\"name\":\"Portada\",\"item\":\"https:\/\/nuevodigitaldeescobar.com.ar\/\"},{\"@type\":\"ListItem\",\"position\":2,\"name\":\"Colapinto, en crisis: &#8216;No la estoy pasando bien y necesito un buen fin de semana&#8217;\"}]},{\"@type\":\"WebSite\",\"@id\":\"https:\/\/nuevodigitaldeescobar.com.ar\/#website\",\"url\":\"https:\/\/nuevodigitaldeescobar.com.ar\/\",\"name\":\"Nuevo Digital de Escobar\",\"description\":\"La vida escobarense. Directora: Rosana Brunner\",\"publisher\":{\"@id\":\"https:\/\/nuevodigitaldeescobar.com.ar\/#organization\"},\"potentialAction\":[{\"@type\":\"SearchAction\",\"target\":{\"@type\":\"EntryPoint\",\"urlTemplate\":\"https:\/\/nuevodigitaldeescobar.com.ar\/?s={search_term_string}\"},\"query-input\":{\"@type\":\"PropertyValueSpecification\",\"valueRequired\":true,\"valueName\":\"search_term_string\"}}],\"inLanguage\":\"es\"},{\"@type\":\"Organization\",\"@id\":\"https:\/\/nuevodigitaldeescobar.com.ar\/#organization\",\"name\":\"Nuevo Digital de Escobar\",\"url\":\"https:\/\/nuevodigitaldeescobar.com.ar\/\",\"logo\":{\"@type\":\"ImageObject\",\"inLanguage\":\"es\",\"@id\":\"https:\/\/nuevodigitaldeescobar.com.ar\/#\/schema\/logo\/image\/\",\"url\":\"https:\/\/nuevodigitaldeescobar.com.ar\/wp-content\/uploads\/2025\/05\/cropped-logo-nuevo2.jpg\",\"contentUrl\":\"https:\/\/nuevodigitaldeescobar.com.ar\/wp-content\/uploads\/2025\/05\/cropped-logo-nuevo2.jpg\",\"width\":305,\"height\":305,\"caption\":\"Nuevo Digital de Escobar\"},\"image\":{\"@id\":\"https:\/\/nuevodigitaldeescobar.com.ar\/#\/schema\/logo\/image\/\"},\"sameAs\":[\"https:\/\/www.facebook.com\/NUEVODigitalDeEscobar\",\"https:\/\/x.com\/nuevodigescobar\",\"https:\/\/www.instagram.com\/nuevodigitaldeescobar\"]},{\"@type\":\"Person\",\"@id\":\"https:\/\/nuevodigitaldeescobar.com.ar\/#\/schema\/person\/035e90a8efe9a80e6eec22656ad6ea4c\",\"name\":\"Redacci\u00f3n\",\"image\":{\"@type\":\"ImageObject\",\"inLanguage\":\"es\",\"@id\":\"https:\/\/nuevodigitaldeescobar.com.ar\/#\/schema\/person\/image\/\",\"url\":\"https:\/\/secure.gravatar.com\/avatar\/8af8f40000c24e9eef3034f2be5998a372bb1389e64b1a4a36b3a7979142220d?s=96&d=mm&r=g\",\"contentUrl\":\"https:\/\/secure.gravatar.com\/avatar\/8af8f40000c24e9eef3034f2be5998a372bb1389e64b1a4a36b3a7979142220d?s=96&d=mm&r=g\",\"caption\":\"Redacci\u00f3n\"},\"sameAs\":[\"http:\/\/nuevodigitaldeescobar.com.ar\"],\"url\":\"https:\/\/nuevodigitaldeescobar.com.ar\/?author=1\"}]}<\/script>\n<!-- \/ Yoast SEO plugin. -->","yoast_head_json":{"title":"Colapinto, en crisis: 'No la estoy pasando bien y necesito un buen fin de semana' - Nuevo Digital de Escobar","robots":{"index":"index","follow":"follow","max-snippet":"max-snippet:-1","max-image-preview":"max-image-preview:large","max-video-preview":"max-video-preview:-1"},"canonical":"https:\/\/nuevodigitaldeescobar.com.ar\/?p=16885","og_locale":"es_ES","og_type":"article","og_title":"Colapinto, en crisis: 'No la estoy pasando bien y necesito un buen fin de semana' - Nuevo Digital de Escobar","og_description":"El presente de Franco Colapinto no es el esperado, ni para \u00e9l ni para la escuder\u00eda Alpine. Tras un debut prometedor en el Gran Premio [&hellip;]","og_url":"https:\/\/nuevodigitaldeescobar.com.ar\/?p=16885","og_site_name":"Nuevo Digital de Escobar","article_publisher":"https:\/\/www.facebook.com\/NUEVODigitalDeEscobar","article_published_time":"2025-07-31T19:20:31+00:00","og_image":[{"url":"https:\/\/derechadiario.com.ar\/filesedc\/uploads\/image\/post\/2025\/07\/ywnweov6p-1290x760--1_1200_800.webp","type":"","width":"","height":""}],"author":"Redacci\u00f3n","twitter_card":"summary_large_image","twitter_creator":"@nuevodigescobar","twitter_site":"@nuevodigescobar","twitter_misc":{"Escrito por":"Redacci\u00f3n","Tiempo de lectura":"2 minutos"},"schema":{"@context":"https:\/\/schema.org","@graph":[{"@type":"Article","@id":"https:\/\/nuevodigitaldeescobar.com.ar\/?p=16885#article","isPartOf":{"@id":"https:\/\/nuevodigitaldeescobar.com.ar\/?p=16885"},"author":{"name":"Redacci\u00f3n","@id":"https:\/\/nuevodigitaldeescobar.com.ar\/#\/schema\/person\/035e90a8efe9a80e6eec22656ad6ea4c"},"headline":"Colapinto, en crisis: &#8216;No la estoy pasando bien y necesito un buen fin de semana&#8217;","datePublished":"2025-07-31T19:20:31+00:00","mainEntityOfPage":{"@id":"https:\/\/nuevodigitaldeescobar.com.ar\/?p=16885"},"wordCount":505,"commentCount":0,"publisher":{"@id":"https:\/\/nuevodigitaldeescobar.com.ar\/#organization"},"image":{"@id":"https:\/\/nuevodigitaldeescobar.com.ar\/?p=16885#primaryimage"},"thumbnailUrl":"https:\/\/nuevodigitaldeescobar.com.ar\/wp-content\/uploads\/2025\/07\/colapinto-alpine_1600_1067-xXUZo1.jpg","articleSection":["Deportes"],"inLanguage":"es","potentialAction":[{"@type":"CommentAction","name":"Comment","target":["https:\/\/nuevodigitaldeescobar.com.ar\/?p=16885#respond"]}]},{"@type":"WebPage","@id":"https:\/\/nuevodigitaldeescobar.com.ar\/?p=16885","url":"https:\/\/nuevodigitaldeescobar.com.ar\/?p=16885","name":"Colapinto, en crisis: 'No la estoy pasando bien y necesito un buen fin de semana' - Nuevo Digital de Escobar","isPartOf":{"@id":"https:\/\/nuevodigitaldeescobar.com.ar\/#website"},"primaryImageOfPage":{"@id":"https:\/\/nuevodigitaldeescobar.com.ar\/?p=16885#primaryimage"},"image":{"@id":"https:\/\/nuevodigitaldeescobar.com.ar\/?p=16885#primaryimage"},"thumbnailUrl":"https:\/\/nuevodigitaldeescobar.com.ar\/wp-content\/uploads\/2025\/07\/colapinto-alpine_1600_1067-xXUZo1.jpg","datePublished":"2025-07-31T19:20:31+00:00","breadcrumb":{"@id":"https:\/\/nuevodigitaldeescobar.com.ar\/?p=16885#breadcrumb"},"inLanguage":"es","potentialAction":[{"@type":"ReadAction","target":["https:\/\/nuevodigitaldeescobar.com.ar\/?p=16885"]}]},{"@type":"ImageObject","inLanguage":"es","@id":"https:\/\/nuevodigitaldeescobar.com.ar\/?p=16885#primaryimage","url":"https:\/\/nuevodigitaldeescobar.com.ar\/wp-content\/uploads\/2025\/07\/colapinto-alpine_1600_1067-xXUZo1.jpg","contentUrl":"https:\/\/nuevodigitaldeescobar.com.ar\/wp-content\/uploads\/2025\/07\/colapinto-alpine_1600_1067-xXUZo1.jpg","width":1600,"height":1067},{"@type":"BreadcrumbList","@id":"https:\/\/nuevodigitaldeescobar.com.ar\/?p=16885#breadcrumb","itemListElement":[{"@type":"ListItem","position":1,"name":"Portada","item":"https:\/\/nuevodigitaldeescobar.com.ar\/"},{"@type":"ListItem","position":2,"name":"Colapinto, en crisis: &#8216;No la estoy pasando bien y necesito un buen fin de semana&#8217;"}]},{"@type":"WebSite","@id":"https:\/\/nuevodigitaldeescobar.com.ar\/#website","url":"https:\/\/nuevodigitaldeescobar.com.ar\/","name":"Nuevo Digital de Escobar","description":"La vida escobarense. Directora: Rosana Brunner","publisher":{"@id":"https:\/\/nuevodigitaldeescobar.com.ar\/#organization"},"potentialAction":[{"@type":"SearchAction","target":{"@type":"EntryPoint","urlTemplate":"https:\/\/nuevodigitaldeescobar.com.ar\/?s={search_term_string}"},"query-input":{"@type":"PropertyValueSpecification","valueRequired":true,"valueName":"search_term_string"}}],"inLanguage":"es"},{"@type":"Organization","@id":"https:\/\/nuevodigitaldeescobar.com.ar\/#organization","name":"Nuevo Digital de Escobar","url":"https:\/\/nuevodigitaldeescobar.com.ar\/","logo":{"@type":"ImageObject","inLanguage":"es","@id":"https:\/\/nuevodigitaldeescobar.com.ar\/#\/schema\/logo\/image\/","url":"https:\/\/nuevodigitaldeescobar.com.ar\/wp-content\/uploads\/2025\/05\/cropped-logo-nuevo2.jpg","contentUrl":"https:\/\/nuevodigitaldeescobar.com.ar\/wp-content\/uploads\/2025\/05\/cropped-logo-nuevo2.jpg","width":305,"height":305,"caption":"Nuevo Digital de Escobar"},"image":{"@id":"https:\/\/nuevodigitaldeescobar.com.ar\/#\/schema\/logo\/image\/"},"sameAs":["https:\/\/www.facebook.com\/NUEVODigitalDeEscobar","https:\/\/x.com\/nuevodigescobar","https:\/\/www.instagram.com\/nuevodigitaldeescobar"]},{"@type":"Person","@id":"https:\/\/nuevodigitaldeescobar.com.ar\/#\/schema\/person\/035e90a8efe9a80e6eec22656ad6ea4c","name":"Redacci\u00f3n","image":{"@type":"ImageObject","inLanguage":"es","@id":"https:\/\/nuevodigitaldeescobar.com.ar\/#\/schema\/person\/image\/","url":"https:\/\/secure.gravatar.com\/avatar\/8af8f40000c24e9eef3034f2be5998a372bb1389e64b1a4a36b3a7979142220d?s=96&d=mm&r=g","contentUrl":"https:\/\/secure.gravatar.com\/avatar\/8af8f40000c24e9eef3034f2be5998a372bb1389e64b1a4a36b3a7979142220d?s=96&d=mm&r=g","caption":"Redacci\u00f3n"},"sameAs":["http:\/\/nuevodigitaldeescobar.com.ar"],"url":"https:\/\/nuevodigitaldeescobar.com.ar\/?author=1"}]}},"featured_image_urls":{"full":["https:\/\/nuevodigitaldeescobar.com.ar\/wp-content\/uploads\/2025\/07\/colapinto-alpine_1600_1067-xXUZo1.jpg",1600,1067,false],"thumbnail":["https:\/\/nuevodigitaldeescobar.com.ar\/wp-content\/uploads\/2025\/07\/colapinto-alpine_1600_1067-xXUZo1-150x150.jpg",150,150,true],"medium":["https:\/\/nuevodigitaldeescobar.com.ar\/wp-content\/uploads\/2025\/07\/colapinto-alpine_1600_1067-xXUZo1-300x200.jpg",300,200,true],"medium_large":["https:\/\/nuevodigitaldeescobar.com.ar\/wp-content\/uploads\/2025\/07\/colapinto-alpine_1600_1067-xXUZo1-768x512.jpg",640,427,true],"large":["https:\/\/nuevodigitaldeescobar.com.ar\/wp-content\/uploads\/2025\/07\/colapinto-alpine_1600_1067-xXUZo1-1024x683.jpg",640,427,true],"1536x1536":["https:\/\/nuevodigitaldeescobar.com.ar\/wp-content\/uploads\/2025\/07\/colapinto-alpine_1600_1067-xXUZo1-1536x1024.jpg",1536,1024,true],"2048x2048":["https:\/\/nuevodigitaldeescobar.com.ar\/wp-content\/uploads\/2025\/07\/colapinto-alpine_1600_1067-xXUZo1.jpg",1600,1067,false]},"author_info":{"display_name":"Redacci\u00f3n","author_link":"https:\/\/nuevodigitaldeescobar.com.ar\/?author=1"},"category_info":"<a href=\"https:\/\/nuevodigitaldeescobar.com.ar\/?cat=8\" rel=\"category\">Deportes<\/a>","tag_info":"Deportes","comment_count":"0","_links":{"self":[{"href":"https:\/\/nuevodigitaldeescobar.com.ar\/index.php?rest_route=\/wp\/v2\/posts\/16885","targetHints":{"allow":["GET"]}}],"collection":[{"href":"https:\/\/nuevodigitaldeescobar.com.ar\/index.php?rest_route=\/wp\/v2\/posts"}],"about":[{"href":"https:\/\/nuevodigitaldeescobar.com.ar\/index.php?rest_route=\/wp\/v2\/types\/post"}],"author":[{"embeddable":true,"href":"https:\/\/nuevodigitaldeescobar.com.ar\/index.php?rest_route=\/wp\/v2\/users\/1"}],"replies":[{"embeddable":true,"href":"https:\/\/nuevodigitaldeescobar.com.ar\/index.php?rest_route=%2Fwp%2Fv2%2Fcomments&post=16885"}],"version-history":[{"count":0,"href":"https:\/\/nuevodigitaldeescobar.com.ar\/index.php?rest_route=\/wp\/v2\/posts\/16885\/revisions"}],"wp:featuredmedia":[{"embeddable":true,"href":"https:\/\/nuevodigitaldeescobar.com.ar\/index.php?rest_route=\/wp\/v2\/media\/16886"}],"wp:attachment":[{"href":"https:\/\/nuevodigitaldeescobar.com.ar\/index.php?rest_route=%2Fwp%2Fv2%2Fmedia&parent=16885"}],"wp:term":[{"taxonomy":"category","embeddable":true,"href":"https:\/\/nuevodigitaldeescobar.com.ar\/index.php?rest_route=%2Fwp%2Fv2%2Fcategories&post=16885"},{"taxonomy":"post_tag","embeddable":true,"href":"https:\/\/nuevodigitaldeescobar.com.ar\/index.php?rest_route=%2Fwp%2Fv2%2Ftags&post=16885"}],"curies":[{"name":"wp","href":"https:\/\/api.w.org\/{rel}","templated":true}]}}