{"id":16920,"date":"2025-08-03T01:00:00","date_gmt":"2025-08-03T04:00:00","guid":{"rendered":"https:\/\/nuevodigitaldeescobar.com.ar\/?p=16920"},"modified":"2025-08-02T22:03:50","modified_gmt":"2025-08-03T01:03:50","slug":"preocupacion-en-escuelas-especiales-por-el-desfinanciamiento-del-sistema-de-discapacidad","status":"publish","type":"post","link":"https:\/\/nuevodigitaldeescobar.com.ar\/?p=16920","title":{"rendered":"Preocupaci\u00f3n en escuelas especiales por el desfinanciamiento del sistema de discapacidad"},"content":{"rendered":"\n<p class=\"has-vivid-cyan-blue-color has-text-color has-link-color wp-elements-8c2d85b5c98b0ba1e57c0cc00a12ff80\"><strong><em>La Asociaci\u00f3n de Instituciones de Ense\u00f1anza Privada (AIEPBA) advierte que la crisis financiera pone en riesgo la atenci\u00f3n y escolarizaci\u00f3n de miles de ni\u00f1os y j\u00f3venes con discapacidad en todo el pa\u00eds.<\/em><\/strong><\/p>\n\n\n\n<!--more-->\n\n\n\n<p>Escuelas especiales y servicios educativos privados que trabajan con personas con discapacidad atraviesan una situaci\u00f3n cr\u00edtica. AIEPBA, la entidad que nuclea a m\u00e1s de un centenar de instituciones en Argentina, manifest\u00f3 su apoyo al proyecto de ley de emergencia para el \u00e1rea de discapacidad, al tiempo que expres\u00f3 su preocupaci\u00f3n por el congelamiento de aranceles, la falta de actualizaci\u00f3n del nomenclador nacional y los atrasos en los pagos por parte del Estado.<\/p>\n\n\n\n<p>\u201cEl problema no es administrativo, es estructural. Est\u00e1 en juego el derecho de chicos y chicas con discapacidad a aprender, desarrollarse y ser incluidos en condiciones reales\u201d, se\u00f1al\u00f3 Laura Giorgi, referente del \u00e1rea de educaci\u00f3n especial dentro de la asociaci\u00f3n.<\/p>\n\n\n\n<p>El desfase entre ingresos y egresos se agrav\u00f3 durante los \u00faltimos meses. Seg\u00fan detall\u00f3 Giorgi, las instituciones enfrentan una brecha superior al 70% entre los aranceles que perciben y los costos reales que deben afrontar. Mientras tanto, los salarios docentes y los gastos operativos (luz, gas, alimentos e insumos m\u00e9dicos) siguen aumentando.<\/p>\n\n\n\n<p>A esta situaci\u00f3n se suma otro problema grave: los pagos por parte de la Superintendencia de Servicios de Salud se demoran hasta 90 o incluso 120 d\u00edas, lo que vuelve inviable sostener servicios esenciales y afecta directamente a la continuidad de la atenci\u00f3n.<\/p>\n\n\n\n<p>\u201cEstamos al borde del colapso. El sistema no resiste m\u00e1s. Lo que antes se resolv\u00eda con ajustes parciales, ahora exige soluciones urgentes y de fondo\u201d, sostuvo Giorgi.<\/p>\n\n\n\n<h3 class=\"wp-block-heading\">Las consecuencias directas en las escuelas y los chicos<\/h3>\n\n\n\n<p>El impacto de esta crisis no es s\u00f3lo financiero. Miles de ni\u00f1os y j\u00f3venes est\u00e1n viendo afectada su escolarizaci\u00f3n, tanto en instituciones especiales como en escuelas comunes, donde necesitan apoyos espec\u00edficos \u2014como maestros integradores, acompa\u00f1antes terap\u00e9uticos, fonoaudi\u00f3logos, psic\u00f3logos o psicopedagogos\u2014 que hoy no pueden sostener su tarea por falta de condiciones laborales adecuadas.<\/p>\n\n\n\n<p>Desde diciembre de 2024, cuando la Agencia Nacional de Discapacidad (ANDIS) dej\u00f3 de actualizar los valores del nomenclador nacional, la situaci\u00f3n se agrav\u00f3. Muchas instituciones ya operan con d\u00e9ficit cr\u00f3nico, y otras eval\u00faan reducir servicios o cerrar sus puertas.<\/p>\n\n\n\n<p>En La Matanza, por ejemplo, Alejandra Luciani, representante legal de la instituci\u00f3n \u201cPortal del Sol\u201d, alert\u00f3 sobre el deterioro del entramado que durante d\u00e9cadas sostuvo derechos b\u00e1sicos. \u201cEl congelamiento de valores y la burocracia paralizan al sistema. Hay un ataque silencioso a las redes de contenci\u00f3n que tanto cost\u00f3 construir\u201d, afirm\u00f3.<\/p>\n\n\n\n<p>En Mercedes, Elena Sequeira, directora de \u201cVamos Creciendo\u201d, denunci\u00f3 que las deudas por prestaciones superan los $278 millones. Una sesi\u00f3n de fonoaudiolog\u00eda, hoy valuada en $12.370, se paga con varios meses de retraso, mientras las familias deben afrontar otros gastos como transporte, ortopedia y medicaci\u00f3n. \u201cPresentamos presupuestos en diciembre y cobramos en septiembre. Es un sistema insostenible\u201d, lament\u00f3.<\/p>\n\n\n\n<p>Ambas referentes coincidieron en la necesidad de fortalecer el rol de ANDIS, dot\u00e1ndola de capacidad de auditor\u00eda, agilidad y justicia en la asignaci\u00f3n de recursos. \u201cLos derechos no se reclaman por caridad. Se exigen por ley\u201d, subray\u00f3 Sequeira.<\/p>\n\n\n\n<h3 class=\"wp-block-heading\">El llamado urgente a la acci\u00f3n<\/h3>\n\n\n\n<p>Desde AIEPBA remarcan que la discapacidad no distingue clases sociales ni situaciones econ\u00f3micas. Puede afectar a cualquier familia, en cualquier momento. Por eso, el Estado no puede delegar su responsabilidad.<\/p>\n\n\n\n<p>\u201cLa educaci\u00f3n especial no puede depender de malabares financieros ni de la paciencia de las familias. Necesitamos una respuesta institucional, r\u00e1pida y efectiva, que garantice la continuidad de los servicios, la dignidad de los trabajadores y, sobre todo, los derechos de quienes m\u00e1s lo necesitan\u201d, concluy\u00f3 Giorgi.<\/p>\n","protected":false},"excerpt":{"rendered":"<p>La Asociaci\u00f3n de Instituciones de Ense\u00f1anza Privada (AIEPBA) advierte que la crisis financiera pone en riesgo la atenci\u00f3n y escolarizaci\u00f3n de miles de ni\u00f1os y [&hellip;]<\/p>\n","protected":false},"author":1,"featured_media":13925,"comment_status":"open","ping_status":"open","sticky":false,"template":"","format":"standard","meta":{"footnotes":""},"categories":[4],"tags":[],"class_list":["post-16920","post","type-post","status-publish","format-standard","has-post-thumbnail","hentry","category-educacion"],"better_featured_image":{"id":13925,"alt_text":"","caption":"","description":"","media_type":"image","media_details":{"width":960,"height":670,"file":"2025\/04\/AIEPA-e1762094417684.jpg","filesize":28496,"sizes":{"medium":{"file":"AIEPA-e1762094417684-300x209.jpg","width":300,"height":209,"mime-type":"image\/jpeg","filesize":7985,"source_url":"https:\/\/nuevodigitaldeescobar.com.ar\/wp-content\/uploads\/2025\/04\/AIEPA-e1762094417684-300x209.jpg"},"thumbnail":{"file":"AIEPA-e1762094417684-150x150.jpg","width":150,"height":150,"mime-type":"image\/jpeg","filesize":4428,"source_url":"https:\/\/nuevodigitaldeescobar.com.ar\/wp-content\/uploads\/2025\/04\/AIEPA-e1762094417684-150x150.jpg"},"medium_large":{"file":"AIEPA-e1762094417684-768x536.jpg","width":768,"height":536,"mime-type":"image\/jpeg","filesize":24340,"source_url":"https:\/\/nuevodigitaldeescobar.com.ar\/wp-content\/uploads\/2025\/04\/AIEPA-e1762094417684-768x536.jpg"}},"image_meta":{"aperture":"0","credit":"","camera":"","caption":"","created_timestamp":"0","copyright":"","focal_length":"0","iso":"0","shutter_speed":"0","title":"","orientation":"0","keywords":[]}},"post":13924,"source_url":"https:\/\/nuevodigitaldeescobar.com.ar\/wp-content\/uploads\/2025\/04\/AIEPA-e1762094417684.jpg"},"yoast_head":"<!-- This site is optimized with the Yoast SEO plugin v26.1.1 - https:\/\/yoast.com\/wordpress\/plugins\/seo\/ -->\n<title>Preocupaci\u00f3n en escuelas especiales por el desfinanciamiento del sistema de discapacidad - Nuevo Digital de Escobar<\/title>\n<meta name=\"robots\" content=\"index, follow, max-snippet:-1, max-image-preview:large, max-video-preview:-1\" \/>\n<link rel=\"canonical\" href=\"https:\/\/nuevodigitaldeescobar.com.ar\/?p=16920\" \/>\n<meta property=\"og:locale\" content=\"es_ES\" \/>\n<meta property=\"og:type\" content=\"article\" \/>\n<meta property=\"og:title\" content=\"Preocupaci\u00f3n en escuelas especiales por el desfinanciamiento del sistema de discapacidad - Nuevo Digital de Escobar\" \/>\n<meta property=\"og:description\" content=\"La Asociaci\u00f3n de Instituciones de Ense\u00f1anza Privada (AIEPBA) advierte que la crisis financiera pone en riesgo la atenci\u00f3n y escolarizaci\u00f3n de miles de ni\u00f1os y [&hellip;]\" \/>\n<meta property=\"og:url\" content=\"https:\/\/nuevodigitaldeescobar.com.ar\/?p=16920\" \/>\n<meta property=\"og:site_name\" content=\"Nuevo Digital de Escobar\" \/>\n<meta property=\"article:publisher\" content=\"https:\/\/www.facebook.com\/NUEVODigitalDeEscobar\" \/>\n<meta property=\"article:published_time\" content=\"2025-08-03T04:00:00+00:00\" \/>\n<meta property=\"og:image\" content=\"https:\/\/nuevodigitaldeescobar.com.ar\/wp-content\/uploads\/2025\/04\/AIEPA.jpg\" \/>\n\t<meta property=\"og:image:width\" content=\"960\" \/>\n\t<meta property=\"og:image:height\" content=\"960\" \/>\n\t<meta property=\"og:image:type\" content=\"image\/jpeg\" \/>\n<meta name=\"author\" content=\"Redacci\u00f3n\" \/>\n<meta name=\"twitter:card\" content=\"summary_large_image\" \/>\n<meta name=\"twitter:creator\" content=\"@nuevodigescobar\" \/>\n<meta name=\"twitter:site\" content=\"@nuevodigescobar\" \/>\n<meta name=\"twitter:label1\" content=\"Escrito por\" \/>\n\t<meta name=\"twitter:data1\" content=\"Redacci\u00f3n\" \/>\n\t<meta name=\"twitter:label2\" content=\"Tiempo de lectura\" \/>\n\t<meta name=\"twitter:data2\" content=\"3 minutos\" \/>\n<script type=\"application\/ld+json\" class=\"yoast-schema-graph\">{\"@context\":\"https:\/\/schema.org\",\"@graph\":[{\"@type\":\"Article\",\"@id\":\"https:\/\/nuevodigitaldeescobar.com.ar\/?p=16920#article\",\"isPartOf\":{\"@id\":\"https:\/\/nuevodigitaldeescobar.com.ar\/?p=16920\"},\"author\":{\"name\":\"Redacci\u00f3n\",\"@id\":\"https:\/\/nuevodigitaldeescobar.com.ar\/#\/schema\/person\/035e90a8efe9a80e6eec22656ad6ea4c\"},\"headline\":\"Preocupaci\u00f3n en escuelas especiales por el desfinanciamiento del sistema de discapacidad\",\"datePublished\":\"2025-08-03T04:00:00+00:00\",\"mainEntityOfPage\":{\"@id\":\"https:\/\/nuevodigitaldeescobar.com.ar\/?p=16920\"},\"wordCount\":654,\"commentCount\":0,\"publisher\":{\"@id\":\"https:\/\/nuevodigitaldeescobar.com.ar\/#organization\"},\"image\":{\"@id\":\"https:\/\/nuevodigitaldeescobar.com.ar\/?p=16920#primaryimage\"},\"thumbnailUrl\":\"https:\/\/nuevodigitaldeescobar.com.ar\/wp-content\/uploads\/2025\/04\/AIEPA-e1762094417684.jpg\",\"articleSection\":[\"Educaci\u00f3n\"],\"inLanguage\":\"es\",\"potentialAction\":[{\"@type\":\"CommentAction\",\"name\":\"Comment\",\"target\":[\"https:\/\/nuevodigitaldeescobar.com.ar\/?p=16920#respond\"]}]},{\"@type\":\"WebPage\",\"@id\":\"https:\/\/nuevodigitaldeescobar.com.ar\/?p=16920\",\"url\":\"https:\/\/nuevodigitaldeescobar.com.ar\/?p=16920\",\"name\":\"Preocupaci\u00f3n en escuelas especiales por el desfinanciamiento del sistema de discapacidad - Nuevo Digital de Escobar\",\"isPartOf\":{\"@id\":\"https:\/\/nuevodigitaldeescobar.com.ar\/#website\"},\"primaryImageOfPage\":{\"@id\":\"https:\/\/nuevodigitaldeescobar.com.ar\/?p=16920#primaryimage\"},\"image\":{\"@id\":\"https:\/\/nuevodigitaldeescobar.com.ar\/?p=16920#primaryimage\"},\"thumbnailUrl\":\"https:\/\/nuevodigitaldeescobar.com.ar\/wp-content\/uploads\/2025\/04\/AIEPA-e1762094417684.jpg\",\"datePublished\":\"2025-08-03T04:00:00+00:00\",\"breadcrumb\":{\"@id\":\"https:\/\/nuevodigitaldeescobar.com.ar\/?p=16920#breadcrumb\"},\"inLanguage\":\"es\",\"potentialAction\":[{\"@type\":\"ReadAction\",\"target\":[\"https:\/\/nuevodigitaldeescobar.com.ar\/?p=16920\"]}]},{\"@type\":\"ImageObject\",\"inLanguage\":\"es\",\"@id\":\"https:\/\/nuevodigitaldeescobar.com.ar\/?p=16920#primaryimage\",\"url\":\"https:\/\/nuevodigitaldeescobar.com.ar\/wp-content\/uploads\/2025\/04\/AIEPA-e1762094417684.jpg\",\"contentUrl\":\"https:\/\/nuevodigitaldeescobar.com.ar\/wp-content\/uploads\/2025\/04\/AIEPA-e1762094417684.jpg\",\"width\":960,\"height\":670},{\"@type\":\"BreadcrumbList\",\"@id\":\"https:\/\/nuevodigitaldeescobar.com.ar\/?p=16920#breadcrumb\",\"itemListElement\":[{\"@type\":\"ListItem\",\"position\":1,\"name\":\"Portada\",\"item\":\"https:\/\/nuevodigitaldeescobar.com.ar\/\"},{\"@type\":\"ListItem\",\"position\":2,\"name\":\"Preocupaci\u00f3n en escuelas especiales por el desfinanciamiento del sistema de discapacidad\"}]},{\"@type\":\"WebSite\",\"@id\":\"https:\/\/nuevodigitaldeescobar.com.ar\/#website\",\"url\":\"https:\/\/nuevodigitaldeescobar.com.ar\/\",\"name\":\"Nuevo Digital de Escobar\",\"description\":\"La vida escobarense. Directora: Rosana Brunner\",\"publisher\":{\"@id\":\"https:\/\/nuevodigitaldeescobar.com.ar\/#organization\"},\"potentialAction\":[{\"@type\":\"SearchAction\",\"target\":{\"@type\":\"EntryPoint\",\"urlTemplate\":\"https:\/\/nuevodigitaldeescobar.com.ar\/?s={search_term_string}\"},\"query-input\":{\"@type\":\"PropertyValueSpecification\",\"valueRequired\":true,\"valueName\":\"search_term_string\"}}],\"inLanguage\":\"es\"},{\"@type\":\"Organization\",\"@id\":\"https:\/\/nuevodigitaldeescobar.com.ar\/#organization\",\"name\":\"Nuevo Digital de Escobar\",\"url\":\"https:\/\/nuevodigitaldeescobar.com.ar\/\",\"logo\":{\"@type\":\"ImageObject\",\"inLanguage\":\"es\",\"@id\":\"https:\/\/nuevodigitaldeescobar.com.ar\/#\/schema\/logo\/image\/\",\"url\":\"https:\/\/nuevodigitaldeescobar.com.ar\/wp-content\/uploads\/2025\/05\/cropped-logo-nuevo2.jpg\",\"contentUrl\":\"https:\/\/nuevodigitaldeescobar.com.ar\/wp-content\/uploads\/2025\/05\/cropped-logo-nuevo2.jpg\",\"width\":305,\"height\":305,\"caption\":\"Nuevo Digital de Escobar\"},\"image\":{\"@id\":\"https:\/\/nuevodigitaldeescobar.com.ar\/#\/schema\/logo\/image\/\"},\"sameAs\":[\"https:\/\/www.facebook.com\/NUEVODigitalDeEscobar\",\"https:\/\/x.com\/nuevodigescobar\",\"https:\/\/www.instagram.com\/nuevodigitaldeescobar\"]},{\"@type\":\"Person\",\"@id\":\"https:\/\/nuevodigitaldeescobar.com.ar\/#\/schema\/person\/035e90a8efe9a80e6eec22656ad6ea4c\",\"name\":\"Redacci\u00f3n\",\"image\":{\"@type\":\"ImageObject\",\"inLanguage\":\"es\",\"@id\":\"https:\/\/nuevodigitaldeescobar.com.ar\/#\/schema\/person\/image\/\",\"url\":\"https:\/\/secure.gravatar.com\/avatar\/8af8f40000c24e9eef3034f2be5998a372bb1389e64b1a4a36b3a7979142220d?s=96&d=mm&r=g\",\"contentUrl\":\"https:\/\/secure.gravatar.com\/avatar\/8af8f40000c24e9eef3034f2be5998a372bb1389e64b1a4a36b3a7979142220d?s=96&d=mm&r=g\",\"caption\":\"Redacci\u00f3n\"},\"sameAs\":[\"http:\/\/nuevodigitaldeescobar.com.ar\"],\"url\":\"https:\/\/nuevodigitaldeescobar.com.ar\/?author=1\"}]}<\/script>\n<!-- \/ Yoast SEO plugin. -->","yoast_head_json":{"title":"Preocupaci\u00f3n en escuelas especiales por el desfinanciamiento del sistema de discapacidad - Nuevo Digital de Escobar","robots":{"index":"index","follow":"follow","max-snippet":"max-snippet:-1","max-image-preview":"max-image-preview:large","max-video-preview":"max-video-preview:-1"},"canonical":"https:\/\/nuevodigitaldeescobar.com.ar\/?p=16920","og_locale":"es_ES","og_type":"article","og_title":"Preocupaci\u00f3n en escuelas especiales por el desfinanciamiento del sistema de discapacidad - Nuevo Digital de Escobar","og_description":"La Asociaci\u00f3n de Instituciones de Ense\u00f1anza Privada (AIEPBA) advierte que la crisis financiera pone en riesgo la atenci\u00f3n y escolarizaci\u00f3n de miles de ni\u00f1os y [&hellip;]","og_url":"https:\/\/nuevodigitaldeescobar.com.ar\/?p=16920","og_site_name":"Nuevo Digital de Escobar","article_publisher":"https:\/\/www.facebook.com\/NUEVODigitalDeEscobar","article_published_time":"2025-08-03T04:00:00+00:00","og_image":[{"width":960,"height":960,"url":"https:\/\/nuevodigitaldeescobar.com.ar\/wp-content\/uploads\/2025\/04\/AIEPA.jpg","type":"image\/jpeg"}],"author":"Redacci\u00f3n","twitter_card":"summary_large_image","twitter_creator":"@nuevodigescobar","twitter_site":"@nuevodigescobar","twitter_misc":{"Escrito por":"Redacci\u00f3n","Tiempo de lectura":"3 minutos"},"schema":{"@context":"https:\/\/schema.org","@graph":[{"@type":"Article","@id":"https:\/\/nuevodigitaldeescobar.com.ar\/?p=16920#article","isPartOf":{"@id":"https:\/\/nuevodigitaldeescobar.com.ar\/?p=16920"},"author":{"name":"Redacci\u00f3n","@id":"https:\/\/nuevodigitaldeescobar.com.ar\/#\/schema\/person\/035e90a8efe9a80e6eec22656ad6ea4c"},"headline":"Preocupaci\u00f3n en escuelas especiales por el desfinanciamiento del sistema de discapacidad","datePublished":"2025-08-03T04:00:00+00:00","mainEntityOfPage":{"@id":"https:\/\/nuevodigitaldeescobar.com.ar\/?p=16920"},"wordCount":654,"commentCount":0,"publisher":{"@id":"https:\/\/nuevodigitaldeescobar.com.ar\/#organization"},"image":{"@id":"https:\/\/nuevodigitaldeescobar.com.ar\/?p=16920#primaryimage"},"thumbnailUrl":"https:\/\/nuevodigitaldeescobar.com.ar\/wp-content\/uploads\/2025\/04\/AIEPA-e1762094417684.jpg","articleSection":["Educaci\u00f3n"],"inLanguage":"es","potentialAction":[{"@type":"CommentAction","name":"Comment","target":["https:\/\/nuevodigitaldeescobar.com.ar\/?p=16920#respond"]}]},{"@type":"WebPage","@id":"https:\/\/nuevodigitaldeescobar.com.ar\/?p=16920","url":"https:\/\/nuevodigitaldeescobar.com.ar\/?p=16920","name":"Preocupaci\u00f3n en escuelas especiales por el desfinanciamiento del sistema de discapacidad - Nuevo Digital de Escobar","isPartOf":{"@id":"https:\/\/nuevodigitaldeescobar.com.ar\/#website"},"primaryImageOfPage":{"@id":"https:\/\/nuevodigitaldeescobar.com.ar\/?p=16920#primaryimage"},"image":{"@id":"https:\/\/nuevodigitaldeescobar.com.ar\/?p=16920#primaryimage"},"thumbnailUrl":"https:\/\/nuevodigitaldeescobar.com.ar\/wp-content\/uploads\/2025\/04\/AIEPA-e1762094417684.jpg","datePublished":"2025-08-03T04:00:00+00:00","breadcrumb":{"@id":"https:\/\/nuevodigitaldeescobar.com.ar\/?p=16920#breadcrumb"},"inLanguage":"es","potentialAction":[{"@type":"ReadAction","target":["https:\/\/nuevodigitaldeescobar.com.ar\/?p=16920"]}]},{"@type":"ImageObject","inLanguage":"es","@id":"https:\/\/nuevodigitaldeescobar.com.ar\/?p=16920#primaryimage","url":"https:\/\/nuevodigitaldeescobar.com.ar\/wp-content\/uploads\/2025\/04\/AIEPA-e1762094417684.jpg","contentUrl":"https:\/\/nuevodigitaldeescobar.com.ar\/wp-content\/uploads\/2025\/04\/AIEPA-e1762094417684.jpg","width":960,"height":670},{"@type":"BreadcrumbList","@id":"https:\/\/nuevodigitaldeescobar.com.ar\/?p=16920#breadcrumb","itemListElement":[{"@type":"ListItem","position":1,"name":"Portada","item":"https:\/\/nuevodigitaldeescobar.com.ar\/"},{"@type":"ListItem","position":2,"name":"Preocupaci\u00f3n en escuelas especiales por el desfinanciamiento del sistema de discapacidad"}]},{"@type":"WebSite","@id":"https:\/\/nuevodigitaldeescobar.com.ar\/#website","url":"https:\/\/nuevodigitaldeescobar.com.ar\/","name":"Nuevo Digital de Escobar","description":"La vida escobarense. Directora: Rosana Brunner","publisher":{"@id":"https:\/\/nuevodigitaldeescobar.com.ar\/#organization"},"potentialAction":[{"@type":"SearchAction","target":{"@type":"EntryPoint","urlTemplate":"https:\/\/nuevodigitaldeescobar.com.ar\/?s={search_term_string}"},"query-input":{"@type":"PropertyValueSpecification","valueRequired":true,"valueName":"search_term_string"}}],"inLanguage":"es"},{"@type":"Organization","@id":"https:\/\/nuevodigitaldeescobar.com.ar\/#organization","name":"Nuevo Digital de Escobar","url":"https:\/\/nuevodigitaldeescobar.com.ar\/","logo":{"@type":"ImageObject","inLanguage":"es","@id":"https:\/\/nuevodigitaldeescobar.com.ar\/#\/schema\/logo\/image\/","url":"https:\/\/nuevodigitaldeescobar.com.ar\/wp-content\/uploads\/2025\/05\/cropped-logo-nuevo2.jpg","contentUrl":"https:\/\/nuevodigitaldeescobar.com.ar\/wp-content\/uploads\/2025\/05\/cropped-logo-nuevo2.jpg","width":305,"height":305,"caption":"Nuevo Digital de Escobar"},"image":{"@id":"https:\/\/nuevodigitaldeescobar.com.ar\/#\/schema\/logo\/image\/"},"sameAs":["https:\/\/www.facebook.com\/NUEVODigitalDeEscobar","https:\/\/x.com\/nuevodigescobar","https:\/\/www.instagram.com\/nuevodigitaldeescobar"]},{"@type":"Person","@id":"https:\/\/nuevodigitaldeescobar.com.ar\/#\/schema\/person\/035e90a8efe9a80e6eec22656ad6ea4c","name":"Redacci\u00f3n","image":{"@type":"ImageObject","inLanguage":"es","@id":"https:\/\/nuevodigitaldeescobar.com.ar\/#\/schema\/person\/image\/","url":"https:\/\/secure.gravatar.com\/avatar\/8af8f40000c24e9eef3034f2be5998a372bb1389e64b1a4a36b3a7979142220d?s=96&d=mm&r=g","contentUrl":"https:\/\/secure.gravatar.com\/avatar\/8af8f40000c24e9eef3034f2be5998a372bb1389e64b1a4a36b3a7979142220d?s=96&d=mm&r=g","caption":"Redacci\u00f3n"},"sameAs":["http:\/\/nuevodigitaldeescobar.com.ar"],"url":"https:\/\/nuevodigitaldeescobar.com.ar\/?author=1"}]}},"featured_image_urls":{"full":["https:\/\/nuevodigitaldeescobar.com.ar\/wp-content\/uploads\/2025\/04\/AIEPA-e1762094417684.jpg",960,670,false],"thumbnail":["https:\/\/nuevodigitaldeescobar.com.ar\/wp-content\/uploads\/2025\/04\/AIEPA-e1762094417684-150x150.jpg",150,150,true],"medium":["https:\/\/nuevodigitaldeescobar.com.ar\/wp-content\/uploads\/2025\/04\/AIEPA-e1762094417684-300x209.jpg",300,209,true],"medium_large":["https:\/\/nuevodigitaldeescobar.com.ar\/wp-content\/uploads\/2025\/04\/AIEPA-e1762094417684-768x536.jpg",640,447,true],"large":["https:\/\/nuevodigitaldeescobar.com.ar\/wp-content\/uploads\/2025\/04\/AIEPA-e1762094417684.jpg",640,447,false],"1536x1536":["https:\/\/nuevodigitaldeescobar.com.ar\/wp-content\/uploads\/2025\/04\/AIEPA-e1762094417684.jpg",960,670,false],"2048x2048":["https:\/\/nuevodigitaldeescobar.com.ar\/wp-content\/uploads\/2025\/04\/AIEPA-e1762094417684.jpg",960,670,false]},"author_info":{"display_name":"Redacci\u00f3n","author_link":"https:\/\/nuevodigitaldeescobar.com.ar\/?author=1"},"category_info":"<a href=\"https:\/\/nuevodigitaldeescobar.com.ar\/?cat=4\" rel=\"category\">Educaci\u00f3n<\/a>","tag_info":"Educaci\u00f3n","comment_count":"0","_links":{"self":[{"href":"https:\/\/nuevodigitaldeescobar.com.ar\/index.php?rest_route=\/wp\/v2\/posts\/16920","targetHints":{"allow":["GET"]}}],"collection":[{"href":"https:\/\/nuevodigitaldeescobar.com.ar\/index.php?rest_route=\/wp\/v2\/posts"}],"about":[{"href":"https:\/\/nuevodigitaldeescobar.com.ar\/index.php?rest_route=\/wp\/v2\/types\/post"}],"author":[{"embeddable":true,"href":"https:\/\/nuevodigitaldeescobar.com.ar\/index.php?rest_route=\/wp\/v2\/users\/1"}],"replies":[{"embeddable":true,"href":"https:\/\/nuevodigitaldeescobar.com.ar\/index.php?rest_route=%2Fwp%2Fv2%2Fcomments&post=16920"}],"version-history":[{"count":1,"href":"https:\/\/nuevodigitaldeescobar.com.ar\/index.php?rest_route=\/wp\/v2\/posts\/16920\/revisions"}],"predecessor-version":[{"id":16921,"href":"https:\/\/nuevodigitaldeescobar.com.ar\/index.php?rest_route=\/wp\/v2\/posts\/16920\/revisions\/16921"}],"wp:featuredmedia":[{"embeddable":true,"href":"https:\/\/nuevodigitaldeescobar.com.ar\/index.php?rest_route=\/wp\/v2\/media\/13925"}],"wp:attachment":[{"href":"https:\/\/nuevodigitaldeescobar.com.ar\/index.php?rest_route=%2Fwp%2Fv2%2Fmedia&parent=16920"}],"wp:term":[{"taxonomy":"category","embeddable":true,"href":"https:\/\/nuevodigitaldeescobar.com.ar\/index.php?rest_route=%2Fwp%2Fv2%2Fcategories&post=16920"},{"taxonomy":"post_tag","embeddable":true,"href":"https:\/\/nuevodigitaldeescobar.com.ar\/index.php?rest_route=%2Fwp%2Fv2%2Ftags&post=16920"}],"curies":[{"name":"wp","href":"https:\/\/api.w.org\/{rel}","templated":true}]}}