{"id":16922,"date":"2025-08-03T08:44:09","date_gmt":"2025-08-03T11:44:09","guid":{"rendered":"https:\/\/nuevodigitaldeescobar.com.ar\/?p=16922"},"modified":"2025-08-03T08:44:21","modified_gmt":"2025-08-03T11:44:21","slug":"chile-entre-el-recuerdo-y-la-urgencia-los-mineros-atrapados-que-conmovieron-al-mundo","status":"publish","type":"post","link":"https:\/\/nuevodigitaldeescobar.com.ar\/?p=16922","title":{"rendered":"Chile, entre el recuerdo y la urgencia: los mineros atrapados que conmovieron al mundo"},"content":{"rendered":"\n<p class=\"has-vivid-cyan-blue-color has-text-color has-link-color wp-elements-17ad3a4ce463d5e5126a637a83cfee17\"><em><strong>Chile vuelve a ser epicentro de una historia que mezcla drama, resistencia y esperanza. A quince a\u00f1os del hist\u00f3rico rescate de los 33 mineros de Copiap\u00f3, el pa\u00eds trasandino enfrenta un nuevo episodio de tensi\u00f3n en las profundidades de la tierra: cinco trabajadores quedaron atrapados en la mina El Teniente, la m\u00e1s grande del mundo en operaci\u00f3n subterr\u00e1nea, tras un derrumbe provocado por un sismo.<\/strong><\/em><\/p>\n\n\n\n<!--more-->\n\n\n\n<h3 class=\"wp-block-heading has-text-color has-link-color wp-elements-1eb6b1dee57e13363bea716ae0bf22de\" style=\"color:#0e1dcb\">\ud83d\udca5 El derrumbe en El Teniente: cinco atrapados y un muerto<\/h3>\n\n\n\n<p>El pasado <strong>31 de julio de 2025<\/strong>, un <strong>movimiento s\u00edsmico de 4,2 grados<\/strong> en la escala de Richter desat\u00f3 el colapso de galer\u00edas en el yacimiento ubicado en la regi\u00f3n de O\u2019Higgins, al sur de Santiago. El saldo inicial: <strong>un trabajador fallecido y cinco atrapados<\/strong> a casi <strong>900 metros de profundidad<\/strong>.<\/p>\n\n\n\n<p>La mina, operada por <strong>Codelco<\/strong>, la principal cupr\u00edfera estatal chilena, entr\u00f3 en emergencia. La empresa activ\u00f3 un protocolo de rescate complejo y de alta precisi\u00f3n. Hoy, m\u00e1s de <strong>100 rescatistas<\/strong> trabajan contra reloj en un escenario adverso: rocas inestables, escombros que obstruyen accesos y un margen de error m\u00ednimo.<\/p>\n\n\n\n<p>Hasta el momento, <strong>ya se recuperaron los cuerpos de dos operarios<\/strong>, mientras contin\u00faa la b\u00fasqueda del resto de los mineros, en condiciones extremadamente dif\u00edciles. Cada metro despejado implica entre <strong>tres y cinco horas de labor<\/strong>, y a\u00fan resta avanzar unos 70 metros para llegar a la \u00faltima ubicaci\u00f3n conocida de los trabajadores.<\/p>\n\n\n\n<h3 class=\"wp-block-heading has-text-color has-link-color wp-elements-dc54332e50077db4d45d4a62c8549b74\" style=\"color:#0e1dcb\">\ud83d\udd6f\ufe0f El recuerdo intacto de los 33 de Copiap\u00f3<\/h3>\n\n\n\n<p>Este nuevo desastre revive inevitablemente el recuerdo de uno de los rescates m\u00e1s impactantes de la historia contempor\u00e1nea: el de los <strong>33 mineros de la mina San Jos\u00e9<\/strong>, ocurrida en agosto de 2010.<\/p>\n\n\n\n<p>Aquel derrumbe, ocurrido a unos 45 km de Copiap\u00f3, dej\u00f3 a los trabajadores sepultados durante <strong>69 d\u00edas<\/strong> a m\u00e1s de <strong>700 metros<\/strong> de profundidad. El mundo contuvo el aliento cuando, 17 d\u00edas despu\u00e9s, una perforaci\u00f3n logr\u00f3 contacto con los mineros y se supo que todos segu\u00edan con vida.<\/p>\n\n\n\n<p>Lo que sigui\u00f3 fue una gesta heroica. Con ayuda internacional, asesoramiento de <strong>la NASA<\/strong>, y tecnolog\u00eda especialmente adaptada, Chile llev\u00f3 adelante una operaci\u00f3n sin precedentes. El <strong>13 de octubre de 2010<\/strong>, uno a uno, los mineros emergieron en una c\u00e1psula llamada <em>F\u00e9nix<\/em>, mientras m\u00e1s de <strong>mil millones de personas<\/strong> segu\u00edan la transmisi\u00f3n en vivo. No hubo v\u00edctimas fatales.<\/p>\n\n\n\n<p>El contraste con la situaci\u00f3n actual es inevitable. A pesar de los avances tecnol\u00f3gicos, la miner\u00eda subterr\u00e1nea sigue enfrentando riesgos letales. La <strong>zona cordillerana<\/strong> chilena forma parte del llamado <strong>Cintur\u00f3n de Fuego del Pac\u00edfico<\/strong>, una de las regiones m\u00e1s s\u00edsmicas del planeta.<\/p>\n\n\n\n<h3 class=\"wp-block-heading has-text-color has-link-color wp-elements-9cdb3a0b01f0edfbd7bd70bf5ec24325\" style=\"color:#0e1dcb\">\u2696\ufe0f Investigaci\u00f3n en curso y reclamos de seguridad<\/h3>\n\n\n\n<p>La <strong>Fiscal\u00eda Regional de O\u2019Higgins<\/strong> abri\u00f3 una causa por <strong>cuasidelito de homicidio<\/strong>, mientras se investiga si el derrumbe podr\u00eda haberse evitado. Las miradas apuntan tanto a los protocolos de evacuaci\u00f3n como a la estabilidad estructural de los t\u00faneles.<\/p>\n\n\n\n<p>Desde el \u00e1mbito sindical y familiar, crecen los reclamos: denuncian que <strong>la producci\u00f3n no puede estar por encima de la vida<\/strong>, y exigen que el Estado y las empresas revisen a fondo las condiciones en las que se sigue extrayendo cobre, uno de los motores de la econom\u00eda chilena.<\/p>\n\n\n\n<h3 class=\"wp-block-heading has-text-color has-link-color wp-elements-31891307e493eb794f1e8756058a72b8\" style=\"color:#0e1dcb\">\ud83c\udf0e Una historia que trasciende fronteras<\/h3>\n\n\n\n<p>Aunque separados por a\u00f1os y circunstancias, <strong>los dos episodios revelan una misma verdad<\/strong>: la miner\u00eda sigue siendo un trabajo de riesgo extremo, que enfrenta a los hombres con las entra\u00f1as mismas del planeta.<\/p>\n\n\n\n<p>Mientras el mundo observa expectante el destino de los trabajadores atrapados en El Teniente, en Escobar y en cada rinc\u00f3n del continente vuelve a resonar una frase inolvidable: <strong><em>\u201cEstamos bien en el refugio, los 33\u201d<\/em><\/strong>.<\/p>\n\n\n\n<p>Hoy, la esperanza se vuelve a aferrar a la roca.<\/p>\n","protected":false},"excerpt":{"rendered":"<p>Chile vuelve a ser epicentro de una historia que mezcla drama, resistencia y esperanza. A quince a\u00f1os del hist\u00f3rico rescate de los 33 mineros de [&hellip;]<\/p>\n","protected":false},"author":1,"featured_media":16923,"comment_status":"open","ping_status":"open","sticky":false,"template":"","format":"standard","meta":{"footnotes":""},"categories":[285],"tags":[],"class_list":["post-16922","post","type-post","status-publish","format-standard","has-post-thumbnail","hentry","category-internacionales"],"better_featured_image":{"id":16923,"alt_text":"","caption":"","description":"","media_type":"image","media_details":{"width":845,"height":475,"file":"2025\/08\/mineroschile4.jpeg","filesize":75326,"sizes":{"medium":{"file":"mineroschile4-300x169.jpeg","width":300,"height":169,"mime-type":"image\/jpeg","filesize":15812,"source_url":"https:\/\/nuevodigitaldeescobar.com.ar\/wp-content\/uploads\/2025\/08\/mineroschile4-300x169.jpeg"},"thumbnail":{"file":"mineroschile4-150x150.jpeg","width":150,"height":150,"mime-type":"image\/jpeg","filesize":7960,"source_url":"https:\/\/nuevodigitaldeescobar.com.ar\/wp-content\/uploads\/2025\/08\/mineroschile4-150x150.jpeg"},"medium_large":{"file":"mineroschile4-768x432.jpeg","width":768,"height":432,"mime-type":"image\/jpeg","filesize":70719,"source_url":"https:\/\/nuevodigitaldeescobar.com.ar\/wp-content\/uploads\/2025\/08\/mineroschile4-768x432.jpeg"}},"image_meta":{"aperture":"0","credit":"","camera":"","caption":"","created_timestamp":"0","copyright":"","focal_length":"0","iso":"0","shutter_speed":"0","title":"","orientation":"0","keywords":[]}},"post":16922,"source_url":"https:\/\/nuevodigitaldeescobar.com.ar\/wp-content\/uploads\/2025\/08\/mineroschile4.jpeg"},"yoast_head":"<!-- This site is optimized with the Yoast SEO plugin v26.1.1 - https:\/\/yoast.com\/wordpress\/plugins\/seo\/ -->\n<title>Chile, entre el recuerdo y la urgencia: los mineros atrapados que conmovieron al mundo - Nuevo Digital de Escobar<\/title>\n<meta name=\"robots\" content=\"index, follow, max-snippet:-1, max-image-preview:large, max-video-preview:-1\" \/>\n<link rel=\"canonical\" href=\"https:\/\/nuevodigitaldeescobar.com.ar\/?p=16922\" \/>\n<meta property=\"og:locale\" content=\"es_ES\" \/>\n<meta property=\"og:type\" content=\"article\" \/>\n<meta property=\"og:title\" content=\"Chile, entre el recuerdo y la urgencia: los mineros atrapados que conmovieron al mundo - Nuevo Digital de Escobar\" \/>\n<meta property=\"og:description\" content=\"Chile vuelve a ser epicentro de una historia que mezcla drama, resistencia y esperanza. A quince a\u00f1os del hist\u00f3rico rescate de los 33 mineros de [&hellip;]\" \/>\n<meta property=\"og:url\" content=\"https:\/\/nuevodigitaldeescobar.com.ar\/?p=16922\" \/>\n<meta property=\"og:site_name\" content=\"Nuevo Digital de Escobar\" \/>\n<meta property=\"article:publisher\" content=\"https:\/\/www.facebook.com\/NUEVODigitalDeEscobar\" \/>\n<meta property=\"article:published_time\" content=\"2025-08-03T11:44:09+00:00\" \/>\n<meta property=\"article:modified_time\" content=\"2025-08-03T11:44:21+00:00\" \/>\n<meta property=\"og:image\" content=\"http:\/\/nuevodigitaldeescobar.com.ar\/wp-content\/uploads\/2025\/08\/mineroschile4.jpeg\" \/>\n\t<meta property=\"og:image:width\" content=\"845\" \/>\n\t<meta property=\"og:image:height\" content=\"475\" \/>\n\t<meta property=\"og:image:type\" content=\"image\/jpeg\" \/>\n<meta name=\"author\" content=\"Redacci\u00f3n\" \/>\n<meta name=\"twitter:card\" content=\"summary_large_image\" \/>\n<meta name=\"twitter:creator\" content=\"@nuevodigescobar\" \/>\n<meta name=\"twitter:site\" content=\"@nuevodigescobar\" \/>\n<meta name=\"twitter:label1\" content=\"Escrito por\" \/>\n\t<meta name=\"twitter:data1\" content=\"Redacci\u00f3n\" \/>\n\t<meta name=\"twitter:label2\" content=\"Tiempo de lectura\" \/>\n\t<meta name=\"twitter:data2\" content=\"3 minutos\" \/>\n<script type=\"application\/ld+json\" class=\"yoast-schema-graph\">{\"@context\":\"https:\/\/schema.org\",\"@graph\":[{\"@type\":\"Article\",\"@id\":\"https:\/\/nuevodigitaldeescobar.com.ar\/?p=16922#article\",\"isPartOf\":{\"@id\":\"https:\/\/nuevodigitaldeescobar.com.ar\/?p=16922\"},\"author\":{\"name\":\"Redacci\u00f3n\",\"@id\":\"https:\/\/nuevodigitaldeescobar.com.ar\/#\/schema\/person\/035e90a8efe9a80e6eec22656ad6ea4c\"},\"headline\":\"Chile, entre el recuerdo y la urgencia: los mineros atrapados que conmovieron al mundo\",\"datePublished\":\"2025-08-03T11:44:09+00:00\",\"dateModified\":\"2025-08-03T11:44:21+00:00\",\"mainEntityOfPage\":{\"@id\":\"https:\/\/nuevodigitaldeescobar.com.ar\/?p=16922\"},\"wordCount\":646,\"commentCount\":0,\"publisher\":{\"@id\":\"https:\/\/nuevodigitaldeescobar.com.ar\/#organization\"},\"image\":{\"@id\":\"https:\/\/nuevodigitaldeescobar.com.ar\/?p=16922#primaryimage\"},\"thumbnailUrl\":\"https:\/\/nuevodigitaldeescobar.com.ar\/wp-content\/uploads\/2025\/08\/mineroschile4.jpeg\",\"articleSection\":[\"Internacionales\"],\"inLanguage\":\"es\",\"potentialAction\":[{\"@type\":\"CommentAction\",\"name\":\"Comment\",\"target\":[\"https:\/\/nuevodigitaldeescobar.com.ar\/?p=16922#respond\"]}]},{\"@type\":\"WebPage\",\"@id\":\"https:\/\/nuevodigitaldeescobar.com.ar\/?p=16922\",\"url\":\"https:\/\/nuevodigitaldeescobar.com.ar\/?p=16922\",\"name\":\"Chile, entre el recuerdo y la urgencia: los mineros atrapados que conmovieron al mundo - Nuevo Digital de Escobar\",\"isPartOf\":{\"@id\":\"https:\/\/nuevodigitaldeescobar.com.ar\/#website\"},\"primaryImageOfPage\":{\"@id\":\"https:\/\/nuevodigitaldeescobar.com.ar\/?p=16922#primaryimage\"},\"image\":{\"@id\":\"https:\/\/nuevodigitaldeescobar.com.ar\/?p=16922#primaryimage\"},\"thumbnailUrl\":\"https:\/\/nuevodigitaldeescobar.com.ar\/wp-content\/uploads\/2025\/08\/mineroschile4.jpeg\",\"datePublished\":\"2025-08-03T11:44:09+00:00\",\"dateModified\":\"2025-08-03T11:44:21+00:00\",\"breadcrumb\":{\"@id\":\"https:\/\/nuevodigitaldeescobar.com.ar\/?p=16922#breadcrumb\"},\"inLanguage\":\"es\",\"potentialAction\":[{\"@type\":\"ReadAction\",\"target\":[\"https:\/\/nuevodigitaldeescobar.com.ar\/?p=16922\"]}]},{\"@type\":\"ImageObject\",\"inLanguage\":\"es\",\"@id\":\"https:\/\/nuevodigitaldeescobar.com.ar\/?p=16922#primaryimage\",\"url\":\"https:\/\/nuevodigitaldeescobar.com.ar\/wp-content\/uploads\/2025\/08\/mineroschile4.jpeg\",\"contentUrl\":\"https:\/\/nuevodigitaldeescobar.com.ar\/wp-content\/uploads\/2025\/08\/mineroschile4.jpeg\",\"width\":845,\"height\":475},{\"@type\":\"BreadcrumbList\",\"@id\":\"https:\/\/nuevodigitaldeescobar.com.ar\/?p=16922#breadcrumb\",\"itemListElement\":[{\"@type\":\"ListItem\",\"position\":1,\"name\":\"Portada\",\"item\":\"https:\/\/nuevodigitaldeescobar.com.ar\/\"},{\"@type\":\"ListItem\",\"position\":2,\"name\":\"Chile, entre el recuerdo y la urgencia: los mineros atrapados que conmovieron al mundo\"}]},{\"@type\":\"WebSite\",\"@id\":\"https:\/\/nuevodigitaldeescobar.com.ar\/#website\",\"url\":\"https:\/\/nuevodigitaldeescobar.com.ar\/\",\"name\":\"Nuevo Digital de Escobar\",\"description\":\"La vida escobarense. Directora: Rosana Brunner\",\"publisher\":{\"@id\":\"https:\/\/nuevodigitaldeescobar.com.ar\/#organization\"},\"potentialAction\":[{\"@type\":\"SearchAction\",\"target\":{\"@type\":\"EntryPoint\",\"urlTemplate\":\"https:\/\/nuevodigitaldeescobar.com.ar\/?s={search_term_string}\"},\"query-input\":{\"@type\":\"PropertyValueSpecification\",\"valueRequired\":true,\"valueName\":\"search_term_string\"}}],\"inLanguage\":\"es\"},{\"@type\":\"Organization\",\"@id\":\"https:\/\/nuevodigitaldeescobar.com.ar\/#organization\",\"name\":\"Nuevo Digital de Escobar\",\"url\":\"https:\/\/nuevodigitaldeescobar.com.ar\/\",\"logo\":{\"@type\":\"ImageObject\",\"inLanguage\":\"es\",\"@id\":\"https:\/\/nuevodigitaldeescobar.com.ar\/#\/schema\/logo\/image\/\",\"url\":\"https:\/\/nuevodigitaldeescobar.com.ar\/wp-content\/uploads\/2025\/05\/cropped-logo-nuevo2.jpg\",\"contentUrl\":\"https:\/\/nuevodigitaldeescobar.com.ar\/wp-content\/uploads\/2025\/05\/cropped-logo-nuevo2.jpg\",\"width\":305,\"height\":305,\"caption\":\"Nuevo Digital de Escobar\"},\"image\":{\"@id\":\"https:\/\/nuevodigitaldeescobar.com.ar\/#\/schema\/logo\/image\/\"},\"sameAs\":[\"https:\/\/www.facebook.com\/NUEVODigitalDeEscobar\",\"https:\/\/x.com\/nuevodigescobar\",\"https:\/\/www.instagram.com\/nuevodigitaldeescobar\"]},{\"@type\":\"Person\",\"@id\":\"https:\/\/nuevodigitaldeescobar.com.ar\/#\/schema\/person\/035e90a8efe9a80e6eec22656ad6ea4c\",\"name\":\"Redacci\u00f3n\",\"image\":{\"@type\":\"ImageObject\",\"inLanguage\":\"es\",\"@id\":\"https:\/\/nuevodigitaldeescobar.com.ar\/#\/schema\/person\/image\/\",\"url\":\"https:\/\/secure.gravatar.com\/avatar\/8af8f40000c24e9eef3034f2be5998a372bb1389e64b1a4a36b3a7979142220d?s=96&d=mm&r=g\",\"contentUrl\":\"https:\/\/secure.gravatar.com\/avatar\/8af8f40000c24e9eef3034f2be5998a372bb1389e64b1a4a36b3a7979142220d?s=96&d=mm&r=g\",\"caption\":\"Redacci\u00f3n\"},\"sameAs\":[\"http:\/\/nuevodigitaldeescobar.com.ar\"],\"url\":\"https:\/\/nuevodigitaldeescobar.com.ar\/?author=1\"}]}<\/script>\n<!-- \/ Yoast SEO plugin. -->","yoast_head_json":{"title":"Chile, entre el recuerdo y la urgencia: los mineros atrapados que conmovieron al mundo - Nuevo Digital de Escobar","robots":{"index":"index","follow":"follow","max-snippet":"max-snippet:-1","max-image-preview":"max-image-preview:large","max-video-preview":"max-video-preview:-1"},"canonical":"https:\/\/nuevodigitaldeescobar.com.ar\/?p=16922","og_locale":"es_ES","og_type":"article","og_title":"Chile, entre el recuerdo y la urgencia: los mineros atrapados que conmovieron al mundo - Nuevo Digital de Escobar","og_description":"Chile vuelve a ser epicentro de una historia que mezcla drama, resistencia y esperanza. A quince a\u00f1os del hist\u00f3rico rescate de los 33 mineros de [&hellip;]","og_url":"https:\/\/nuevodigitaldeescobar.com.ar\/?p=16922","og_site_name":"Nuevo Digital de Escobar","article_publisher":"https:\/\/www.facebook.com\/NUEVODigitalDeEscobar","article_published_time":"2025-08-03T11:44:09+00:00","article_modified_time":"2025-08-03T11:44:21+00:00","og_image":[{"width":845,"height":475,"url":"http:\/\/nuevodigitaldeescobar.com.ar\/wp-content\/uploads\/2025\/08\/mineroschile4.jpeg","type":"image\/jpeg"}],"author":"Redacci\u00f3n","twitter_card":"summary_large_image","twitter_creator":"@nuevodigescobar","twitter_site":"@nuevodigescobar","twitter_misc":{"Escrito por":"Redacci\u00f3n","Tiempo de lectura":"3 minutos"},"schema":{"@context":"https:\/\/schema.org","@graph":[{"@type":"Article","@id":"https:\/\/nuevodigitaldeescobar.com.ar\/?p=16922#article","isPartOf":{"@id":"https:\/\/nuevodigitaldeescobar.com.ar\/?p=16922"},"author":{"name":"Redacci\u00f3n","@id":"https:\/\/nuevodigitaldeescobar.com.ar\/#\/schema\/person\/035e90a8efe9a80e6eec22656ad6ea4c"},"headline":"Chile, entre el recuerdo y la urgencia: los mineros atrapados que conmovieron al mundo","datePublished":"2025-08-03T11:44:09+00:00","dateModified":"2025-08-03T11:44:21+00:00","mainEntityOfPage":{"@id":"https:\/\/nuevodigitaldeescobar.com.ar\/?p=16922"},"wordCount":646,"commentCount":0,"publisher":{"@id":"https:\/\/nuevodigitaldeescobar.com.ar\/#organization"},"image":{"@id":"https:\/\/nuevodigitaldeescobar.com.ar\/?p=16922#primaryimage"},"thumbnailUrl":"https:\/\/nuevodigitaldeescobar.com.ar\/wp-content\/uploads\/2025\/08\/mineroschile4.jpeg","articleSection":["Internacionales"],"inLanguage":"es","potentialAction":[{"@type":"CommentAction","name":"Comment","target":["https:\/\/nuevodigitaldeescobar.com.ar\/?p=16922#respond"]}]},{"@type":"WebPage","@id":"https:\/\/nuevodigitaldeescobar.com.ar\/?p=16922","url":"https:\/\/nuevodigitaldeescobar.com.ar\/?p=16922","name":"Chile, entre el recuerdo y la urgencia: los mineros atrapados que conmovieron al mundo - Nuevo Digital de Escobar","isPartOf":{"@id":"https:\/\/nuevodigitaldeescobar.com.ar\/#website"},"primaryImageOfPage":{"@id":"https:\/\/nuevodigitaldeescobar.com.ar\/?p=16922#primaryimage"},"image":{"@id":"https:\/\/nuevodigitaldeescobar.com.ar\/?p=16922#primaryimage"},"thumbnailUrl":"https:\/\/nuevodigitaldeescobar.com.ar\/wp-content\/uploads\/2025\/08\/mineroschile4.jpeg","datePublished":"2025-08-03T11:44:09+00:00","dateModified":"2025-08-03T11:44:21+00:00","breadcrumb":{"@id":"https:\/\/nuevodigitaldeescobar.com.ar\/?p=16922#breadcrumb"},"inLanguage":"es","potentialAction":[{"@type":"ReadAction","target":["https:\/\/nuevodigitaldeescobar.com.ar\/?p=16922"]}]},{"@type":"ImageObject","inLanguage":"es","@id":"https:\/\/nuevodigitaldeescobar.com.ar\/?p=16922#primaryimage","url":"https:\/\/nuevodigitaldeescobar.com.ar\/wp-content\/uploads\/2025\/08\/mineroschile4.jpeg","contentUrl":"https:\/\/nuevodigitaldeescobar.com.ar\/wp-content\/uploads\/2025\/08\/mineroschile4.jpeg","width":845,"height":475},{"@type":"BreadcrumbList","@id":"https:\/\/nuevodigitaldeescobar.com.ar\/?p=16922#breadcrumb","itemListElement":[{"@type":"ListItem","position":1,"name":"Portada","item":"https:\/\/nuevodigitaldeescobar.com.ar\/"},{"@type":"ListItem","position":2,"name":"Chile, entre el recuerdo y la urgencia: los mineros atrapados que conmovieron al mundo"}]},{"@type":"WebSite","@id":"https:\/\/nuevodigitaldeescobar.com.ar\/#website","url":"https:\/\/nuevodigitaldeescobar.com.ar\/","name":"Nuevo Digital de Escobar","description":"La vida escobarense. Directora: Rosana Brunner","publisher":{"@id":"https:\/\/nuevodigitaldeescobar.com.ar\/#organization"},"potentialAction":[{"@type":"SearchAction","target":{"@type":"EntryPoint","urlTemplate":"https:\/\/nuevodigitaldeescobar.com.ar\/?s={search_term_string}"},"query-input":{"@type":"PropertyValueSpecification","valueRequired":true,"valueName":"search_term_string"}}],"inLanguage":"es"},{"@type":"Organization","@id":"https:\/\/nuevodigitaldeescobar.com.ar\/#organization","name":"Nuevo Digital de Escobar","url":"https:\/\/nuevodigitaldeescobar.com.ar\/","logo":{"@type":"ImageObject","inLanguage":"es","@id":"https:\/\/nuevodigitaldeescobar.com.ar\/#\/schema\/logo\/image\/","url":"https:\/\/nuevodigitaldeescobar.com.ar\/wp-content\/uploads\/2025\/05\/cropped-logo-nuevo2.jpg","contentUrl":"https:\/\/nuevodigitaldeescobar.com.ar\/wp-content\/uploads\/2025\/05\/cropped-logo-nuevo2.jpg","width":305,"height":305,"caption":"Nuevo Digital de Escobar"},"image":{"@id":"https:\/\/nuevodigitaldeescobar.com.ar\/#\/schema\/logo\/image\/"},"sameAs":["https:\/\/www.facebook.com\/NUEVODigitalDeEscobar","https:\/\/x.com\/nuevodigescobar","https:\/\/www.instagram.com\/nuevodigitaldeescobar"]},{"@type":"Person","@id":"https:\/\/nuevodigitaldeescobar.com.ar\/#\/schema\/person\/035e90a8efe9a80e6eec22656ad6ea4c","name":"Redacci\u00f3n","image":{"@type":"ImageObject","inLanguage":"es","@id":"https:\/\/nuevodigitaldeescobar.com.ar\/#\/schema\/person\/image\/","url":"https:\/\/secure.gravatar.com\/avatar\/8af8f40000c24e9eef3034f2be5998a372bb1389e64b1a4a36b3a7979142220d?s=96&d=mm&r=g","contentUrl":"https:\/\/secure.gravatar.com\/avatar\/8af8f40000c24e9eef3034f2be5998a372bb1389e64b1a4a36b3a7979142220d?s=96&d=mm&r=g","caption":"Redacci\u00f3n"},"sameAs":["http:\/\/nuevodigitaldeescobar.com.ar"],"url":"https:\/\/nuevodigitaldeescobar.com.ar\/?author=1"}]}},"featured_image_urls":{"full":["https:\/\/nuevodigitaldeescobar.com.ar\/wp-content\/uploads\/2025\/08\/mineroschile4.jpeg",845,475,false],"thumbnail":["https:\/\/nuevodigitaldeescobar.com.ar\/wp-content\/uploads\/2025\/08\/mineroschile4-150x150.jpeg",150,150,true],"medium":["https:\/\/nuevodigitaldeescobar.com.ar\/wp-content\/uploads\/2025\/08\/mineroschile4-300x169.jpeg",300,169,true],"medium_large":["https:\/\/nuevodigitaldeescobar.com.ar\/wp-content\/uploads\/2025\/08\/mineroschile4-768x432.jpeg",640,360,true],"large":["https:\/\/nuevodigitaldeescobar.com.ar\/wp-content\/uploads\/2025\/08\/mineroschile4.jpeg",640,360,false],"1536x1536":["https:\/\/nuevodigitaldeescobar.com.ar\/wp-content\/uploads\/2025\/08\/mineroschile4.jpeg",845,475,false],"2048x2048":["https:\/\/nuevodigitaldeescobar.com.ar\/wp-content\/uploads\/2025\/08\/mineroschile4.jpeg",845,475,false]},"author_info":{"display_name":"Redacci\u00f3n","author_link":"https:\/\/nuevodigitaldeescobar.com.ar\/?author=1"},"category_info":"<a href=\"https:\/\/nuevodigitaldeescobar.com.ar\/?cat=285\" rel=\"category\">Internacionales<\/a>","tag_info":"Internacionales","comment_count":"0","_links":{"self":[{"href":"https:\/\/nuevodigitaldeescobar.com.ar\/index.php?rest_route=\/wp\/v2\/posts\/16922","targetHints":{"allow":["GET"]}}],"collection":[{"href":"https:\/\/nuevodigitaldeescobar.com.ar\/index.php?rest_route=\/wp\/v2\/posts"}],"about":[{"href":"https:\/\/nuevodigitaldeescobar.com.ar\/index.php?rest_route=\/wp\/v2\/types\/post"}],"author":[{"embeddable":true,"href":"https:\/\/nuevodigitaldeescobar.com.ar\/index.php?rest_route=\/wp\/v2\/users\/1"}],"replies":[{"embeddable":true,"href":"https:\/\/nuevodigitaldeescobar.com.ar\/index.php?rest_route=%2Fwp%2Fv2%2Fcomments&post=16922"}],"version-history":[{"count":1,"href":"https:\/\/nuevodigitaldeescobar.com.ar\/index.php?rest_route=\/wp\/v2\/posts\/16922\/revisions"}],"predecessor-version":[{"id":16924,"href":"https:\/\/nuevodigitaldeescobar.com.ar\/index.php?rest_route=\/wp\/v2\/posts\/16922\/revisions\/16924"}],"wp:featuredmedia":[{"embeddable":true,"href":"https:\/\/nuevodigitaldeescobar.com.ar\/index.php?rest_route=\/wp\/v2\/media\/16923"}],"wp:attachment":[{"href":"https:\/\/nuevodigitaldeescobar.com.ar\/index.php?rest_route=%2Fwp%2Fv2%2Fmedia&parent=16922"}],"wp:term":[{"taxonomy":"category","embeddable":true,"href":"https:\/\/nuevodigitaldeescobar.com.ar\/index.php?rest_route=%2Fwp%2Fv2%2Fcategories&post=16922"},{"taxonomy":"post_tag","embeddable":true,"href":"https:\/\/nuevodigitaldeescobar.com.ar\/index.php?rest_route=%2Fwp%2Fv2%2Ftags&post=16922"}],"curies":[{"name":"wp","href":"https:\/\/api.w.org\/{rel}","templated":true}]}}