{"id":16925,"date":"2025-08-03T08:51:18","date_gmt":"2025-08-03T11:51:18","guid":{"rendered":"https:\/\/nuevodigitaldeescobar.com.ar\/?p=16925"},"modified":"2025-08-03T08:51:30","modified_gmt":"2025-08-03T11:51:30","slug":"comienza-la-semana-con-clima-templado-en-escobar-y-alertas-por-tormentas-en-el-interior-del-pais","status":"publish","type":"post","link":"https:\/\/nuevodigitaldeescobar.com.ar\/?p=16925","title":{"rendered":"Comienza la semana con clima templado en Escobar y alertas por tormentas en el interior del pa\u00eds"},"content":{"rendered":"\n<p class=\"has-vivid-cyan-blue-color has-text-color has-link-color wp-elements-7b4c816888b1f65c012c2d0fca13eeac\"><em><strong>El invierno contin\u00faa sin extremos en el \u00c1rea Metropolitana de Buenos Aires, y Escobar no es la excepci\u00f3n. Para el inicio de la semana, el pron\u00f3stico del Servicio Meteorol\u00f3gico Nacional (SMN) anticipa jornadas frescas, con temperaturas moderadas y sin lluvias en el horizonte cercano. Sin embargo, varias regiones del pa\u00eds se encuentran bajo alerta por tormentas, lluvias intensas y fr\u00edo extremo.<\/strong><\/em><\/p>\n\n\n\n<!--more-->\n\n\n\n<h3 class=\"wp-block-heading has-text-color has-link-color wp-elements-b1cd4b835a68441fe4b72309bd7f1f39\" style=\"color:#1322cf\">\u2601\ufe0f Panorama en Escobar y el AMBA<\/h3>\n\n\n\n<p>Este domingo arranc\u00f3 con cielo parcialmente nublado y temperaturas en descenso. La m\u00ednima registrada fue de 9\u202f\u00b0C y se espera una m\u00e1xima de 16\u202f\u00b0C, la m\u00e1s alta de toda la semana. Por la tarde continuar\u00e1 el clima templado, con vientos leves del sur, mientras que hacia la noche la temperatura descender\u00e1 hasta los 12\u202f\u00b0C.<\/p>\n\n\n\n<p>El lunes se mantendr\u00e1 el cielo parcialmente cubierto, con una m\u00ednima estimada en 8\u202f\u00b0C y una m\u00e1xima de 15\u202f\u00b0C. Ser\u00e1 una jornada sin lluvias y con mayor presencia del sol en horas de la tarde.<\/p>\n\n\n\n<p>El martes ser\u00e1, seg\u00fan el SMN, el d\u00eda m\u00e1s fr\u00edo de la semana, con una m\u00ednima de 7\u202f\u00b0C por la ma\u00f1ana y una m\u00e1xima que apenas alcanzar\u00e1 los 12\u202f\u00b0C. Desde el mi\u00e9rcoles hasta el viernes, se prev\u00e9 nubosidad variable en Escobar y el Conurbano, con leve probabilidad de lluvias hacia el jueves y viernes, aunque por ahora no se esperan fen\u00f3menos significativos.<\/p>\n\n\n\n<h3 class=\"wp-block-heading has-text-color has-link-color wp-elements-0359285c44ffac70cce367db73d529e3\" style=\"color:#1322cf\">\ud83c\udf26 Pron\u00f3stico para la Provincia de Buenos Aires<\/h3>\n\n\n\n<p>En el interior bonaerense, el sur y el este comenzaron la jornada con gran cobertura nubosa, mientras que el resto de la provincia presenta cielo parcialmente nublado. Se esperan lluvias para este lunes en una franja que va desde Bah\u00eda Blanca hasta Pinamar, aunque se disipar\u00e1n por la tarde. En el norte bonaerense, como Escobar, predominar\u00e1 el buen tiempo.<\/p>\n\n\n\n<p>Durante la semana, habr\u00e1 nubosidad variable en zonas como Tres Arroyos y Necochea, con probables lluvias aisladas el mi\u00e9rcoles por la ma\u00f1ana. En cambio, en el oeste de la provincia, el viernes ser\u00e1 mayormente soleado.<\/p>\n\n\n\n<h3 class=\"wp-block-heading has-text-color has-link-color wp-elements-5a2d3afb95e7aa0d1c3dc7230bf541e2\" style=\"color:#1322cf\">\u26a0\ufe0f Alertas vigentes en otras regiones<\/h3>\n\n\n\n<p>Este domingo se mantiene una <strong>alerta amarilla por tormentas fuertes<\/strong> en toda la provincia de Misiones y sectores del norte correntino. En estas zonas se espera abundante ca\u00edda de agua, posible granizo y r\u00e1fagas intensas. Las autoridades recomiendan evitar actividades al aire libre, no refugiarse bajo \u00e1rboles ni postes de electricidad, y mantenerse alejados de cursos de agua.<\/p>\n\n\n\n<p>En el este y la costa de Chubut rige una <strong>alerta amarilla por lluvias persistentes<\/strong>, con recomendaciones similares: permanecer en lugares seguros y evitar circular en zonas costeras.<\/p>\n\n\n\n<p>Por otra parte, se declar\u00f3 <strong>alerta amarilla por fr\u00edo extremo<\/strong> en sectores de La Pampa, Neuqu\u00e9n y R\u00edo Negro. Ante estas condiciones, el SMN aconseja consumir infusiones calientes, mantener los ambientes ventilados, reforzar las medidas de higiene respiratoria y vestirse en capas.<\/p>\n","protected":false},"excerpt":{"rendered":"<p>El invierno contin\u00faa sin extremos en el \u00c1rea Metropolitana de Buenos Aires, y Escobar no es la excepci\u00f3n. Para el inicio de la semana, el [&hellip;]<\/p>\n","protected":false},"author":1,"featured_media":16926,"comment_status":"open","ping_status":"open","sticky":false,"template":"","format":"standard","meta":{"footnotes":""},"categories":[14],"tags":[],"class_list":["post-16925","post","type-post","status-publish","format-standard","has-post-thumbnail","hentry","category-clima-medioambiente-y-sostenibilidad"],"better_featured_image":{"id":16926,"alt_text":"","caption":"","description":"","media_type":"image","media_details":{"width":953,"height":556,"file":"2025\/08\/escobar456.png","filesize":880281,"sizes":{"medium":{"file":"escobar456-300x175.png","width":300,"height":175,"mime-type":"image\/png","filesize":42745,"source_url":"https:\/\/nuevodigitaldeescobar.com.ar\/wp-content\/uploads\/2025\/08\/escobar456-300x175.png"},"thumbnail":{"file":"escobar456-150x150.png","width":150,"height":150,"mime-type":"image\/png","filesize":19664,"source_url":"https:\/\/nuevodigitaldeescobar.com.ar\/wp-content\/uploads\/2025\/08\/escobar456-150x150.png"},"medium_large":{"file":"escobar456-768x448.png","width":768,"height":448,"mime-type":"image\/png","filesize":231144,"source_url":"https:\/\/nuevodigitaldeescobar.com.ar\/wp-content\/uploads\/2025\/08\/escobar456-768x448.png"}},"image_meta":{"aperture":"0","credit":"","camera":"","caption":"","created_timestamp":"0","copyright":"","focal_length":"0","iso":"0","shutter_speed":"0","title":"","orientation":"0","keywords":[]}},"post":16925,"source_url":"https:\/\/nuevodigitaldeescobar.com.ar\/wp-content\/uploads\/2025\/08\/escobar456.png"},"yoast_head":"<!-- This site is optimized with the Yoast SEO plugin v26.1.1 - https:\/\/yoast.com\/wordpress\/plugins\/seo\/ -->\n<title>Comienza la semana con clima templado en Escobar y alertas por tormentas en el interior del pa\u00eds - Nuevo Digital de Escobar<\/title>\n<meta name=\"robots\" content=\"index, follow, max-snippet:-1, max-image-preview:large, max-video-preview:-1\" \/>\n<link rel=\"canonical\" href=\"https:\/\/nuevodigitaldeescobar.com.ar\/?p=16925\" \/>\n<meta property=\"og:locale\" content=\"es_ES\" \/>\n<meta property=\"og:type\" content=\"article\" \/>\n<meta property=\"og:title\" content=\"Comienza la semana con clima templado en Escobar y alertas por tormentas en el interior del pa\u00eds - Nuevo Digital de Escobar\" \/>\n<meta property=\"og:description\" content=\"El invierno contin\u00faa sin extremos en el \u00c1rea Metropolitana de Buenos Aires, y Escobar no es la excepci\u00f3n. Para el inicio de la semana, el [&hellip;]\" \/>\n<meta property=\"og:url\" content=\"https:\/\/nuevodigitaldeescobar.com.ar\/?p=16925\" \/>\n<meta property=\"og:site_name\" content=\"Nuevo Digital de Escobar\" \/>\n<meta property=\"article:publisher\" content=\"https:\/\/www.facebook.com\/NUEVODigitalDeEscobar\" \/>\n<meta property=\"article:published_time\" content=\"2025-08-03T11:51:18+00:00\" \/>\n<meta property=\"article:modified_time\" content=\"2025-08-03T11:51:30+00:00\" \/>\n<meta property=\"og:image\" content=\"http:\/\/nuevodigitaldeescobar.com.ar\/wp-content\/uploads\/2025\/08\/escobar456.png\" \/>\n\t<meta property=\"og:image:width\" content=\"953\" \/>\n\t<meta property=\"og:image:height\" content=\"556\" \/>\n\t<meta property=\"og:image:type\" content=\"image\/png\" \/>\n<meta name=\"author\" content=\"Redacci\u00f3n\" \/>\n<meta name=\"twitter:card\" content=\"summary_large_image\" \/>\n<meta name=\"twitter:creator\" content=\"@nuevodigescobar\" \/>\n<meta name=\"twitter:site\" content=\"@nuevodigescobar\" \/>\n<meta name=\"twitter:label1\" content=\"Escrito por\" \/>\n\t<meta name=\"twitter:data1\" content=\"Redacci\u00f3n\" \/>\n\t<meta name=\"twitter:label2\" content=\"Tiempo de lectura\" \/>\n\t<meta name=\"twitter:data2\" content=\"3 minutos\" \/>\n<script type=\"application\/ld+json\" class=\"yoast-schema-graph\">{\"@context\":\"https:\/\/schema.org\",\"@graph\":[{\"@type\":\"Article\",\"@id\":\"https:\/\/nuevodigitaldeescobar.com.ar\/?p=16925#article\",\"isPartOf\":{\"@id\":\"https:\/\/nuevodigitaldeescobar.com.ar\/?p=16925\"},\"author\":{\"name\":\"Redacci\u00f3n\",\"@id\":\"https:\/\/nuevodigitaldeescobar.com.ar\/#\/schema\/person\/035e90a8efe9a80e6eec22656ad6ea4c\"},\"headline\":\"Comienza la semana con clima templado en Escobar y alertas por tormentas en el interior del pa\u00eds\",\"datePublished\":\"2025-08-03T11:51:18+00:00\",\"dateModified\":\"2025-08-03T11:51:30+00:00\",\"mainEntityOfPage\":{\"@id\":\"https:\/\/nuevodigitaldeescobar.com.ar\/?p=16925\"},\"wordCount\":500,\"commentCount\":0,\"publisher\":{\"@id\":\"https:\/\/nuevodigitaldeescobar.com.ar\/#organization\"},\"image\":{\"@id\":\"https:\/\/nuevodigitaldeescobar.com.ar\/?p=16925#primaryimage\"},\"thumbnailUrl\":\"https:\/\/nuevodigitaldeescobar.com.ar\/wp-content\/uploads\/2025\/08\/escobar456.png\",\"articleSection\":[\"Clima, Medioambiente y Sostenibilidad\"],\"inLanguage\":\"es\",\"potentialAction\":[{\"@type\":\"CommentAction\",\"name\":\"Comment\",\"target\":[\"https:\/\/nuevodigitaldeescobar.com.ar\/?p=16925#respond\"]}]},{\"@type\":\"WebPage\",\"@id\":\"https:\/\/nuevodigitaldeescobar.com.ar\/?p=16925\",\"url\":\"https:\/\/nuevodigitaldeescobar.com.ar\/?p=16925\",\"name\":\"Comienza la semana con clima templado en Escobar y alertas por tormentas en el interior del pa\u00eds - Nuevo Digital de Escobar\",\"isPartOf\":{\"@id\":\"https:\/\/nuevodigitaldeescobar.com.ar\/#website\"},\"primaryImageOfPage\":{\"@id\":\"https:\/\/nuevodigitaldeescobar.com.ar\/?p=16925#primaryimage\"},\"image\":{\"@id\":\"https:\/\/nuevodigitaldeescobar.com.ar\/?p=16925#primaryimage\"},\"thumbnailUrl\":\"https:\/\/nuevodigitaldeescobar.com.ar\/wp-content\/uploads\/2025\/08\/escobar456.png\",\"datePublished\":\"2025-08-03T11:51:18+00:00\",\"dateModified\":\"2025-08-03T11:51:30+00:00\",\"breadcrumb\":{\"@id\":\"https:\/\/nuevodigitaldeescobar.com.ar\/?p=16925#breadcrumb\"},\"inLanguage\":\"es\",\"potentialAction\":[{\"@type\":\"ReadAction\",\"target\":[\"https:\/\/nuevodigitaldeescobar.com.ar\/?p=16925\"]}]},{\"@type\":\"ImageObject\",\"inLanguage\":\"es\",\"@id\":\"https:\/\/nuevodigitaldeescobar.com.ar\/?p=16925#primaryimage\",\"url\":\"https:\/\/nuevodigitaldeescobar.com.ar\/wp-content\/uploads\/2025\/08\/escobar456.png\",\"contentUrl\":\"https:\/\/nuevodigitaldeescobar.com.ar\/wp-content\/uploads\/2025\/08\/escobar456.png\",\"width\":953,\"height\":556},{\"@type\":\"BreadcrumbList\",\"@id\":\"https:\/\/nuevodigitaldeescobar.com.ar\/?p=16925#breadcrumb\",\"itemListElement\":[{\"@type\":\"ListItem\",\"position\":1,\"name\":\"Portada\",\"item\":\"https:\/\/nuevodigitaldeescobar.com.ar\/\"},{\"@type\":\"ListItem\",\"position\":2,\"name\":\"Comienza la semana con clima templado en Escobar y alertas por tormentas en el interior del pa\u00eds\"}]},{\"@type\":\"WebSite\",\"@id\":\"https:\/\/nuevodigitaldeescobar.com.ar\/#website\",\"url\":\"https:\/\/nuevodigitaldeescobar.com.ar\/\",\"name\":\"Nuevo Digital de Escobar\",\"description\":\"La vida escobarense. Directora: Rosana Brunner\",\"publisher\":{\"@id\":\"https:\/\/nuevodigitaldeescobar.com.ar\/#organization\"},\"potentialAction\":[{\"@type\":\"SearchAction\",\"target\":{\"@type\":\"EntryPoint\",\"urlTemplate\":\"https:\/\/nuevodigitaldeescobar.com.ar\/?s={search_term_string}\"},\"query-input\":{\"@type\":\"PropertyValueSpecification\",\"valueRequired\":true,\"valueName\":\"search_term_string\"}}],\"inLanguage\":\"es\"},{\"@type\":\"Organization\",\"@id\":\"https:\/\/nuevodigitaldeescobar.com.ar\/#organization\",\"name\":\"Nuevo Digital de Escobar\",\"url\":\"https:\/\/nuevodigitaldeescobar.com.ar\/\",\"logo\":{\"@type\":\"ImageObject\",\"inLanguage\":\"es\",\"@id\":\"https:\/\/nuevodigitaldeescobar.com.ar\/#\/schema\/logo\/image\/\",\"url\":\"https:\/\/nuevodigitaldeescobar.com.ar\/wp-content\/uploads\/2025\/05\/cropped-logo-nuevo2.jpg\",\"contentUrl\":\"https:\/\/nuevodigitaldeescobar.com.ar\/wp-content\/uploads\/2025\/05\/cropped-logo-nuevo2.jpg\",\"width\":305,\"height\":305,\"caption\":\"Nuevo Digital de Escobar\"},\"image\":{\"@id\":\"https:\/\/nuevodigitaldeescobar.com.ar\/#\/schema\/logo\/image\/\"},\"sameAs\":[\"https:\/\/www.facebook.com\/NUEVODigitalDeEscobar\",\"https:\/\/x.com\/nuevodigescobar\",\"https:\/\/www.instagram.com\/nuevodigitaldeescobar\"]},{\"@type\":\"Person\",\"@id\":\"https:\/\/nuevodigitaldeescobar.com.ar\/#\/schema\/person\/035e90a8efe9a80e6eec22656ad6ea4c\",\"name\":\"Redacci\u00f3n\",\"image\":{\"@type\":\"ImageObject\",\"inLanguage\":\"es\",\"@id\":\"https:\/\/nuevodigitaldeescobar.com.ar\/#\/schema\/person\/image\/\",\"url\":\"https:\/\/secure.gravatar.com\/avatar\/8af8f40000c24e9eef3034f2be5998a372bb1389e64b1a4a36b3a7979142220d?s=96&d=mm&r=g\",\"contentUrl\":\"https:\/\/secure.gravatar.com\/avatar\/8af8f40000c24e9eef3034f2be5998a372bb1389e64b1a4a36b3a7979142220d?s=96&d=mm&r=g\",\"caption\":\"Redacci\u00f3n\"},\"sameAs\":[\"http:\/\/nuevodigitaldeescobar.com.ar\"],\"url\":\"https:\/\/nuevodigitaldeescobar.com.ar\/?author=1\"}]}<\/script>\n<!-- \/ Yoast SEO plugin. -->","yoast_head_json":{"title":"Comienza la semana con clima templado en Escobar y alertas por tormentas en el interior del pa\u00eds - Nuevo Digital de Escobar","robots":{"index":"index","follow":"follow","max-snippet":"max-snippet:-1","max-image-preview":"max-image-preview:large","max-video-preview":"max-video-preview:-1"},"canonical":"https:\/\/nuevodigitaldeescobar.com.ar\/?p=16925","og_locale":"es_ES","og_type":"article","og_title":"Comienza la semana con clima templado en Escobar y alertas por tormentas en el interior del pa\u00eds - Nuevo Digital de Escobar","og_description":"El invierno contin\u00faa sin extremos en el \u00c1rea Metropolitana de Buenos Aires, y Escobar no es la excepci\u00f3n. Para el inicio de la semana, el [&hellip;]","og_url":"https:\/\/nuevodigitaldeescobar.com.ar\/?p=16925","og_site_name":"Nuevo Digital de Escobar","article_publisher":"https:\/\/www.facebook.com\/NUEVODigitalDeEscobar","article_published_time":"2025-08-03T11:51:18+00:00","article_modified_time":"2025-08-03T11:51:30+00:00","og_image":[{"width":953,"height":556,"url":"http:\/\/nuevodigitaldeescobar.com.ar\/wp-content\/uploads\/2025\/08\/escobar456.png","type":"image\/png"}],"author":"Redacci\u00f3n","twitter_card":"summary_large_image","twitter_creator":"@nuevodigescobar","twitter_site":"@nuevodigescobar","twitter_misc":{"Escrito por":"Redacci\u00f3n","Tiempo de lectura":"3 minutos"},"schema":{"@context":"https:\/\/schema.org","@graph":[{"@type":"Article","@id":"https:\/\/nuevodigitaldeescobar.com.ar\/?p=16925#article","isPartOf":{"@id":"https:\/\/nuevodigitaldeescobar.com.ar\/?p=16925"},"author":{"name":"Redacci\u00f3n","@id":"https:\/\/nuevodigitaldeescobar.com.ar\/#\/schema\/person\/035e90a8efe9a80e6eec22656ad6ea4c"},"headline":"Comienza la semana con clima templado en Escobar y alertas por tormentas en el interior del pa\u00eds","datePublished":"2025-08-03T11:51:18+00:00","dateModified":"2025-08-03T11:51:30+00:00","mainEntityOfPage":{"@id":"https:\/\/nuevodigitaldeescobar.com.ar\/?p=16925"},"wordCount":500,"commentCount":0,"publisher":{"@id":"https:\/\/nuevodigitaldeescobar.com.ar\/#organization"},"image":{"@id":"https:\/\/nuevodigitaldeescobar.com.ar\/?p=16925#primaryimage"},"thumbnailUrl":"https:\/\/nuevodigitaldeescobar.com.ar\/wp-content\/uploads\/2025\/08\/escobar456.png","articleSection":["Clima, Medioambiente y Sostenibilidad"],"inLanguage":"es","potentialAction":[{"@type":"CommentAction","name":"Comment","target":["https:\/\/nuevodigitaldeescobar.com.ar\/?p=16925#respond"]}]},{"@type":"WebPage","@id":"https:\/\/nuevodigitaldeescobar.com.ar\/?p=16925","url":"https:\/\/nuevodigitaldeescobar.com.ar\/?p=16925","name":"Comienza la semana con clima templado en Escobar y alertas por tormentas en el interior del pa\u00eds - Nuevo Digital de Escobar","isPartOf":{"@id":"https:\/\/nuevodigitaldeescobar.com.ar\/#website"},"primaryImageOfPage":{"@id":"https:\/\/nuevodigitaldeescobar.com.ar\/?p=16925#primaryimage"},"image":{"@id":"https:\/\/nuevodigitaldeescobar.com.ar\/?p=16925#primaryimage"},"thumbnailUrl":"https:\/\/nuevodigitaldeescobar.com.ar\/wp-content\/uploads\/2025\/08\/escobar456.png","datePublished":"2025-08-03T11:51:18+00:00","dateModified":"2025-08-03T11:51:30+00:00","breadcrumb":{"@id":"https:\/\/nuevodigitaldeescobar.com.ar\/?p=16925#breadcrumb"},"inLanguage":"es","potentialAction":[{"@type":"ReadAction","target":["https:\/\/nuevodigitaldeescobar.com.ar\/?p=16925"]}]},{"@type":"ImageObject","inLanguage":"es","@id":"https:\/\/nuevodigitaldeescobar.com.ar\/?p=16925#primaryimage","url":"https:\/\/nuevodigitaldeescobar.com.ar\/wp-content\/uploads\/2025\/08\/escobar456.png","contentUrl":"https:\/\/nuevodigitaldeescobar.com.ar\/wp-content\/uploads\/2025\/08\/escobar456.png","width":953,"height":556},{"@type":"BreadcrumbList","@id":"https:\/\/nuevodigitaldeescobar.com.ar\/?p=16925#breadcrumb","itemListElement":[{"@type":"ListItem","position":1,"name":"Portada","item":"https:\/\/nuevodigitaldeescobar.com.ar\/"},{"@type":"ListItem","position":2,"name":"Comienza la semana con clima templado en Escobar y alertas por tormentas en el interior del pa\u00eds"}]},{"@type":"WebSite","@id":"https:\/\/nuevodigitaldeescobar.com.ar\/#website","url":"https:\/\/nuevodigitaldeescobar.com.ar\/","name":"Nuevo Digital de Escobar","description":"La vida escobarense. Directora: Rosana Brunner","publisher":{"@id":"https:\/\/nuevodigitaldeescobar.com.ar\/#organization"},"potentialAction":[{"@type":"SearchAction","target":{"@type":"EntryPoint","urlTemplate":"https:\/\/nuevodigitaldeescobar.com.ar\/?s={search_term_string}"},"query-input":{"@type":"PropertyValueSpecification","valueRequired":true,"valueName":"search_term_string"}}],"inLanguage":"es"},{"@type":"Organization","@id":"https:\/\/nuevodigitaldeescobar.com.ar\/#organization","name":"Nuevo Digital de Escobar","url":"https:\/\/nuevodigitaldeescobar.com.ar\/","logo":{"@type":"ImageObject","inLanguage":"es","@id":"https:\/\/nuevodigitaldeescobar.com.ar\/#\/schema\/logo\/image\/","url":"https:\/\/nuevodigitaldeescobar.com.ar\/wp-content\/uploads\/2025\/05\/cropped-logo-nuevo2.jpg","contentUrl":"https:\/\/nuevodigitaldeescobar.com.ar\/wp-content\/uploads\/2025\/05\/cropped-logo-nuevo2.jpg","width":305,"height":305,"caption":"Nuevo Digital de Escobar"},"image":{"@id":"https:\/\/nuevodigitaldeescobar.com.ar\/#\/schema\/logo\/image\/"},"sameAs":["https:\/\/www.facebook.com\/NUEVODigitalDeEscobar","https:\/\/x.com\/nuevodigescobar","https:\/\/www.instagram.com\/nuevodigitaldeescobar"]},{"@type":"Person","@id":"https:\/\/nuevodigitaldeescobar.com.ar\/#\/schema\/person\/035e90a8efe9a80e6eec22656ad6ea4c","name":"Redacci\u00f3n","image":{"@type":"ImageObject","inLanguage":"es","@id":"https:\/\/nuevodigitaldeescobar.com.ar\/#\/schema\/person\/image\/","url":"https:\/\/secure.gravatar.com\/avatar\/8af8f40000c24e9eef3034f2be5998a372bb1389e64b1a4a36b3a7979142220d?s=96&d=mm&r=g","contentUrl":"https:\/\/secure.gravatar.com\/avatar\/8af8f40000c24e9eef3034f2be5998a372bb1389e64b1a4a36b3a7979142220d?s=96&d=mm&r=g","caption":"Redacci\u00f3n"},"sameAs":["http:\/\/nuevodigitaldeescobar.com.ar"],"url":"https:\/\/nuevodigitaldeescobar.com.ar\/?author=1"}]}},"featured_image_urls":{"full":["https:\/\/nuevodigitaldeescobar.com.ar\/wp-content\/uploads\/2025\/08\/escobar456.png",953,556,false],"thumbnail":["https:\/\/nuevodigitaldeescobar.com.ar\/wp-content\/uploads\/2025\/08\/escobar456-150x150.png",150,150,true],"medium":["https:\/\/nuevodigitaldeescobar.com.ar\/wp-content\/uploads\/2025\/08\/escobar456-300x175.png",300,175,true],"medium_large":["https:\/\/nuevodigitaldeescobar.com.ar\/wp-content\/uploads\/2025\/08\/escobar456-768x448.png",640,373,true],"large":["https:\/\/nuevodigitaldeescobar.com.ar\/wp-content\/uploads\/2025\/08\/escobar456.png",640,373,false],"1536x1536":["https:\/\/nuevodigitaldeescobar.com.ar\/wp-content\/uploads\/2025\/08\/escobar456.png",953,556,false],"2048x2048":["https:\/\/nuevodigitaldeescobar.com.ar\/wp-content\/uploads\/2025\/08\/escobar456.png",953,556,false]},"author_info":{"display_name":"Redacci\u00f3n","author_link":"https:\/\/nuevodigitaldeescobar.com.ar\/?author=1"},"category_info":"<a href=\"https:\/\/nuevodigitaldeescobar.com.ar\/?cat=14\" rel=\"category\">Clima, Medioambiente y Sostenibilidad<\/a>","tag_info":"Clima, Medioambiente y Sostenibilidad","comment_count":"0","_links":{"self":[{"href":"https:\/\/nuevodigitaldeescobar.com.ar\/index.php?rest_route=\/wp\/v2\/posts\/16925","targetHints":{"allow":["GET"]}}],"collection":[{"href":"https:\/\/nuevodigitaldeescobar.com.ar\/index.php?rest_route=\/wp\/v2\/posts"}],"about":[{"href":"https:\/\/nuevodigitaldeescobar.com.ar\/index.php?rest_route=\/wp\/v2\/types\/post"}],"author":[{"embeddable":true,"href":"https:\/\/nuevodigitaldeescobar.com.ar\/index.php?rest_route=\/wp\/v2\/users\/1"}],"replies":[{"embeddable":true,"href":"https:\/\/nuevodigitaldeescobar.com.ar\/index.php?rest_route=%2Fwp%2Fv2%2Fcomments&post=16925"}],"version-history":[{"count":1,"href":"https:\/\/nuevodigitaldeescobar.com.ar\/index.php?rest_route=\/wp\/v2\/posts\/16925\/revisions"}],"predecessor-version":[{"id":16927,"href":"https:\/\/nuevodigitaldeescobar.com.ar\/index.php?rest_route=\/wp\/v2\/posts\/16925\/revisions\/16927"}],"wp:featuredmedia":[{"embeddable":true,"href":"https:\/\/nuevodigitaldeescobar.com.ar\/index.php?rest_route=\/wp\/v2\/media\/16926"}],"wp:attachment":[{"href":"https:\/\/nuevodigitaldeescobar.com.ar\/index.php?rest_route=%2Fwp%2Fv2%2Fmedia&parent=16925"}],"wp:term":[{"taxonomy":"category","embeddable":true,"href":"https:\/\/nuevodigitaldeescobar.com.ar\/index.php?rest_route=%2Fwp%2Fv2%2Fcategories&post=16925"},{"taxonomy":"post_tag","embeddable":true,"href":"https:\/\/nuevodigitaldeescobar.com.ar\/index.php?rest_route=%2Fwp%2Fv2%2Ftags&post=16925"}],"curies":[{"name":"wp","href":"https:\/\/api.w.org\/{rel}","templated":true}]}}