{"id":16934,"date":"2025-08-03T18:20:46","date_gmt":"2025-08-03T21:20:46","guid":{"rendered":"https:\/\/nuevodigitaldeescobar.com.ar\/?p=16934"},"modified":"2025-08-03T18:20:46","modified_gmt":"2025-08-03T21:20:46","slug":"una-medida-de-afa-podria-complicar-el-cambio-en-el-consejo-de-futbol-de-riquelme","status":"publish","type":"post","link":"https:\/\/nuevodigitaldeescobar.com.ar\/?p=16934","title":{"rendered":"Una medida de AFA podr\u00eda complicar el cambio en el Consejo de F\u00fatbol de Riquelme"},"content":{"rendered":"<p>En medio del convulsionado presente institucional y deportivo que atraviesa <a href=\"https:\/\/derechadiario.com.ar\/deportes\/chicana-del-auckland-city-boca-luego-del-historico-empate-mundial-clubes\" title=\"La chicana del Auckland City a Boca luego del hist\u00f3rico empate en el Mundial de Clubes\"><u><strong>Boca<\/strong><\/u><\/a>, la semana pasada trascendi\u00f3 que <a href=\"https:\/\/derechadiario.com.ar\/deportes\/gaston-edul-fue-lapidario-con-riquelme-su-gestion-no-funciona\" title=\"Gast\u00f3n Edul fue lapidario con Riquelme: 'Su gesti\u00f3n no funciona'\"><u><strong>Juan Rom\u00e1n Riquelme<\/strong><\/u><\/a> <strong>pretende disolver el <a href=\"https:\/\/derechadiario.com.ar\/deportes\/rojo-y-saracchi-desafiaron-al-consejo-futbol-y-le-marcaron-cancha-riquelme\" title=\"Rojo y Saracchi desafiaron al Consejo de F\u00fatbol y le marcaron la cancha a Riquelme\"><u>Consejo del F\u00fatbol<\/u><\/a><\/strong> y dar un giro profundo en la gesti\u00f3n deportiva del club.<\/p>\n<p>La intenci\u00f3n del presidente Xeneize es avanzar en una reestructuraci\u00f3n que incluir\u00eda las <strong>salidas de Ra\u00fal Cascini y Mauricio Serna<\/strong>, mientras que <strong>Marcelo Delgado continuar\u00eda en su cargo<\/strong>. Entre los posibles nuevos nombres que podr\u00edan sumarse aparecen <strong><a href=\"https:\/\/derechadiario.com.ar\/deportes\/uno-los-apuntados-por-riquelme-para-reorganizar-boca-quiere-volver-al-club\" title=\"Uno de los apuntados por Riquelme para reorganizar a Boca quiere volver al club\"><u>Carlos Fernando Navarro Montoya<\/u><\/a> y Alberto M\u00e1rcico<\/strong>, y no se descarta la incorporaci\u00f3n de un m\u00e1nager deportivo.<\/p>\n<div class=\"inter_image image_horizontal\">\n<img decoding=\"async\" src=\"https:\/\/derechadiario.com.ar\/filesedc\/uploads\/image\/post\/2025\/08\/3-4-1754246460668_1200_800.webp\" class=\"img-responsive lazyload\" alt=\"Dos hombres posan para la c\u00e1mara, uno lleva una chaqueta deportiva negra y el otro una camiseta blanca, ambos est\u00e1n en diferentes entornos.\" title=\"Dos hombres posan para la c\u00e1mara, uno lleva una chaqueta deportiva negra y el otro una camiseta blanca, ambos est\u00e1n en diferentes entornos.\" \/>\n<div>\n<span class=\"img_footer\">El Mono Montoya y el Beto Marcico podr\u00edan ser parte del nuevo Consejo de F\u00fatbol <\/span>| <span class=\"img_author\">La Derecha Diario<\/span>\n<\/div>\n<\/div>\n<p>Sin embargo, <strong>una nueva disposici\u00f3n de la AFA podr\u00eda alterar estos planes<\/strong>. A partir del a\u00f1o <strong>2026<\/strong>, <strong>todos los clubes de Primera Divisi\u00f3n y B Nacional deber\u00e1n contar con dirigentes deportivos con Licencia PRO para poder ocupar cargos como los que integran actualmente el Consejo del F\u00fatbol de Boca<\/strong>. Esta medida fue publicada en el Bolet\u00edn Oficial de junio de 2025.<\/p>\n<p><strong>La Licencia PRO se obtiene luego de aprobar una diplomatura en Direcci\u00f3n Deportiva<\/strong>, un curso organizado por Futbolistas Argentinos Agremiados (<strong>FAA<\/strong>) en conjunto con la Universidad Nacional de Tres de Febrero (<strong>UNTREF<\/strong>). Seg\u00fan la AFA, la medida busca \u00ab<strong><em>jerarquizar, profesionalizar y dotar de mayor transparencia la gesti\u00f3n deportiva en los clubes<\/em><\/strong>\u00ab.<\/p>\n<p>Esto significa que <strong>cualquier persona que Riquelme designe a partir del pr\u00f3ximo a\u00f1o para tomar decisiones en el \u00e1rea futbol\u00edstica de Boca deber\u00e1 haber completado esa formaci\u00f3n obligatoria<\/strong>, algo que podr\u00eda limitar las opciones del club o bien obligar a los futuros dirigentes a realizar el curso cuanto antes.<\/p>\n<aside class=\"whatsappChannelText\"><a href=\"https:\/\/whatsapp.com\/channel\/0029VagEjILGE56eKjedWF2U\" rel=\"nofollow\" title=\"WhatsApp Link\"><img alt=\"Logo de WhatsApp\" class=\"lazyload\" data-src=\"\/filesedc\/uploads\/other\/whatsapp_icon_mid_article.png\" width=\"32\" height=\"32\" \/><\/a> <a href=\"https:\/\/whatsapp.com\/channel\/0029VagEjILGE56eKjedWF2U\" rel=\"nofollow\" title=\"WhatsApp Link\"><strong>NO SE PIERDAN NINGUNA NOTICIA<\/strong>: Click aqu\u00ed para sumarte <strong>GRATIS<\/strong> al canal de noticias de <strong>La Derecha Diario en WhatsApp.<\/strong><\/a><\/aside>\n<figure><img decoding=\"async\" src=\"https:\/\/derechadiario.com.ar\/filesedc\/uploads\/image\/post\/2025\/08\/1754149238118_1200_800.webp\" class=\"img-responsive lazyload\" alt=\"Hombre con expresi\u00f3n seria vistiendo una campera azul con detalles amarillos y el escudo de CABJ\" title=\"Hombre con expresi\u00f3n seria vistiendo una campera azul con detalles amarillos y el escudo de CABJ\" \/><\/figure>\n<p>Mientras se aguarda la confirmaci\u00f3n oficial de los cambios, en Boca saben que el nuevo escenario impone <strong>condiciones m\u00e1s exigentes<\/strong> para quienes asuman responsabilidades en el f\u00fatbol profesional.<\/p>","protected":false},"excerpt":{"rendered":"<p>En medio del convulsionado presente institucional y deportivo que atraviesa Boca, la semana pasada trascendi\u00f3 que Juan Rom\u00e1n Riquelme pretende disolver el Consejo del F\u00fatbol [&hellip;]<\/p>\n","protected":false},"author":1,"featured_media":16935,"comment_status":"open","ping_status":"open","sticky":false,"template":"","format":"standard","meta":{"footnotes":""},"categories":[8],"tags":[],"class_list":["post-16934","post","type-post","status-publish","format-standard","has-post-thumbnail","hentry","category-deportes"],"better_featured_image":{"id":16935,"alt_text":"","caption":"","description":"","media_type":"image","media_details":{"width":1600,"height":1067,"file":"2025\/08\/riquelme-tapia-101-9970331-20240917010758-53a1bc_1600_1067-UlXcvs.jpg","filesize":89226,"sizes":{"medium":{"file":"riquelme-tapia-101-9970331-20240917010758-53a1bc_1600_1067-UlXcvs-300x200.jpg","width":300,"height":200,"mime-type":"image\/jpeg","filesize":11882,"source_url":"https:\/\/nuevodigitaldeescobar.com.ar\/wp-content\/uploads\/2025\/08\/riquelme-tapia-101-9970331-20240917010758-53a1bc_1600_1067-UlXcvs-300x200.jpg"},"large":{"file":"riquelme-tapia-101-9970331-20240917010758-53a1bc_1600_1067-UlXcvs-1024x683.jpg","width":1024,"height":683,"mime-type":"image\/jpeg","filesize":72634,"source_url":"https:\/\/nuevodigitaldeescobar.com.ar\/wp-content\/uploads\/2025\/08\/riquelme-tapia-101-9970331-20240917010758-53a1bc_1600_1067-UlXcvs-1024x683.jpg"},"thumbnail":{"file":"riquelme-tapia-101-9970331-20240917010758-53a1bc_1600_1067-UlXcvs-150x150.jpg","width":150,"height":150,"mime-type":"image\/jpeg","filesize":5304,"source_url":"https:\/\/nuevodigitaldeescobar.com.ar\/wp-content\/uploads\/2025\/08\/riquelme-tapia-101-9970331-20240917010758-53a1bc_1600_1067-UlXcvs-150x150.jpg"},"medium_large":{"file":"riquelme-tapia-101-9970331-20240917010758-53a1bc_1600_1067-UlXcvs-768x512.jpg","width":768,"height":512,"mime-type":"image\/jpeg","filesize":47457,"source_url":"https:\/\/nuevodigitaldeescobar.com.ar\/wp-content\/uploads\/2025\/08\/riquelme-tapia-101-9970331-20240917010758-53a1bc_1600_1067-UlXcvs-768x512.jpg"},"1536x1536":{"file":"riquelme-tapia-101-9970331-20240917010758-53a1bc_1600_1067-UlXcvs-1536x1024.jpg","width":1536,"height":1024,"mime-type":"image\/jpeg","filesize":128787,"source_url":"https:\/\/nuevodigitaldeescobar.com.ar\/wp-content\/uploads\/2025\/08\/riquelme-tapia-101-9970331-20240917010758-53a1bc_1600_1067-UlXcvs-1536x1024.jpg"}},"image_meta":{"aperture":"0","credit":"","camera":"","caption":"","created_timestamp":"0","copyright":"","focal_length":"0","iso":"0","shutter_speed":"0","title":"","orientation":"0","keywords":[]}},"post":16934,"source_url":"https:\/\/nuevodigitaldeescobar.com.ar\/wp-content\/uploads\/2025\/08\/riquelme-tapia-101-9970331-20240917010758-53a1bc_1600_1067-UlXcvs.jpg"},"yoast_head":"<!-- This site is optimized with the Yoast SEO plugin v26.1.1 - https:\/\/yoast.com\/wordpress\/plugins\/seo\/ -->\n<title>Una medida de AFA podr\u00eda complicar el cambio en el Consejo de F\u00fatbol de Riquelme - Nuevo Digital de Escobar<\/title>\n<meta name=\"robots\" content=\"index, follow, max-snippet:-1, max-image-preview:large, max-video-preview:-1\" \/>\n<link rel=\"canonical\" href=\"https:\/\/nuevodigitaldeescobar.com.ar\/?p=16934\" \/>\n<meta property=\"og:locale\" content=\"es_ES\" \/>\n<meta property=\"og:type\" content=\"article\" \/>\n<meta property=\"og:title\" content=\"Una medida de AFA podr\u00eda complicar el cambio en el Consejo de F\u00fatbol de Riquelme - Nuevo Digital de Escobar\" \/>\n<meta property=\"og:description\" content=\"En medio del convulsionado presente institucional y deportivo que atraviesa Boca, la semana pasada trascendi\u00f3 que Juan Rom\u00e1n Riquelme pretende disolver el Consejo del F\u00fatbol [&hellip;]\" \/>\n<meta property=\"og:url\" content=\"https:\/\/nuevodigitaldeescobar.com.ar\/?p=16934\" \/>\n<meta property=\"og:site_name\" content=\"Nuevo Digital de Escobar\" \/>\n<meta property=\"article:publisher\" content=\"https:\/\/www.facebook.com\/NUEVODigitalDeEscobar\" \/>\n<meta property=\"article:published_time\" content=\"2025-08-03T21:20:46+00:00\" \/>\n<meta property=\"og:image\" content=\"https:\/\/derechadiario.com.ar\/filesedc\/uploads\/image\/post\/2025\/08\/3-4-1754246460668_1200_800.webp\" \/>\n<meta name=\"author\" content=\"Redacci\u00f3n\" \/>\n<meta name=\"twitter:card\" content=\"summary_large_image\" \/>\n<meta name=\"twitter:creator\" content=\"@nuevodigescobar\" \/>\n<meta name=\"twitter:site\" content=\"@nuevodigescobar\" \/>\n<meta name=\"twitter:label1\" content=\"Escrito por\" \/>\n\t<meta name=\"twitter:data1\" content=\"Redacci\u00f3n\" \/>\n\t<meta name=\"twitter:label2\" content=\"Tiempo de lectura\" \/>\n\t<meta name=\"twitter:data2\" content=\"2 minutos\" \/>\n<script type=\"application\/ld+json\" class=\"yoast-schema-graph\">{\"@context\":\"https:\/\/schema.org\",\"@graph\":[{\"@type\":\"Article\",\"@id\":\"https:\/\/nuevodigitaldeescobar.com.ar\/?p=16934#article\",\"isPartOf\":{\"@id\":\"https:\/\/nuevodigitaldeescobar.com.ar\/?p=16934\"},\"author\":{\"name\":\"Redacci\u00f3n\",\"@id\":\"https:\/\/nuevodigitaldeescobar.com.ar\/#\/schema\/person\/035e90a8efe9a80e6eec22656ad6ea4c\"},\"headline\":\"Una medida de AFA podr\u00eda complicar el cambio en el Consejo de F\u00fatbol de Riquelme\",\"datePublished\":\"2025-08-03T21:20:46+00:00\",\"mainEntityOfPage\":{\"@id\":\"https:\/\/nuevodigitaldeescobar.com.ar\/?p=16934\"},\"wordCount\":364,\"commentCount\":0,\"publisher\":{\"@id\":\"https:\/\/nuevodigitaldeescobar.com.ar\/#organization\"},\"image\":{\"@id\":\"https:\/\/nuevodigitaldeescobar.com.ar\/?p=16934#primaryimage\"},\"thumbnailUrl\":\"https:\/\/nuevodigitaldeescobar.com.ar\/wp-content\/uploads\/2025\/08\/riquelme-tapia-101-9970331-20240917010758-53a1bc_1600_1067-UlXcvs.jpg\",\"articleSection\":[\"Deportes\"],\"inLanguage\":\"es\",\"potentialAction\":[{\"@type\":\"CommentAction\",\"name\":\"Comment\",\"target\":[\"https:\/\/nuevodigitaldeescobar.com.ar\/?p=16934#respond\"]}]},{\"@type\":\"WebPage\",\"@id\":\"https:\/\/nuevodigitaldeescobar.com.ar\/?p=16934\",\"url\":\"https:\/\/nuevodigitaldeescobar.com.ar\/?p=16934\",\"name\":\"Una medida de AFA podr\u00eda complicar el cambio en el Consejo de F\u00fatbol de Riquelme - Nuevo Digital de Escobar\",\"isPartOf\":{\"@id\":\"https:\/\/nuevodigitaldeescobar.com.ar\/#website\"},\"primaryImageOfPage\":{\"@id\":\"https:\/\/nuevodigitaldeescobar.com.ar\/?p=16934#primaryimage\"},\"image\":{\"@id\":\"https:\/\/nuevodigitaldeescobar.com.ar\/?p=16934#primaryimage\"},\"thumbnailUrl\":\"https:\/\/nuevodigitaldeescobar.com.ar\/wp-content\/uploads\/2025\/08\/riquelme-tapia-101-9970331-20240917010758-53a1bc_1600_1067-UlXcvs.jpg\",\"datePublished\":\"2025-08-03T21:20:46+00:00\",\"breadcrumb\":{\"@id\":\"https:\/\/nuevodigitaldeescobar.com.ar\/?p=16934#breadcrumb\"},\"inLanguage\":\"es\",\"potentialAction\":[{\"@type\":\"ReadAction\",\"target\":[\"https:\/\/nuevodigitaldeescobar.com.ar\/?p=16934\"]}]},{\"@type\":\"ImageObject\",\"inLanguage\":\"es\",\"@id\":\"https:\/\/nuevodigitaldeescobar.com.ar\/?p=16934#primaryimage\",\"url\":\"https:\/\/nuevodigitaldeescobar.com.ar\/wp-content\/uploads\/2025\/08\/riquelme-tapia-101-9970331-20240917010758-53a1bc_1600_1067-UlXcvs.jpg\",\"contentUrl\":\"https:\/\/nuevodigitaldeescobar.com.ar\/wp-content\/uploads\/2025\/08\/riquelme-tapia-101-9970331-20240917010758-53a1bc_1600_1067-UlXcvs.jpg\",\"width\":1600,\"height\":1067},{\"@type\":\"BreadcrumbList\",\"@id\":\"https:\/\/nuevodigitaldeescobar.com.ar\/?p=16934#breadcrumb\",\"itemListElement\":[{\"@type\":\"ListItem\",\"position\":1,\"name\":\"Portada\",\"item\":\"https:\/\/nuevodigitaldeescobar.com.ar\/\"},{\"@type\":\"ListItem\",\"position\":2,\"name\":\"Una medida de AFA podr\u00eda complicar el cambio en el Consejo de F\u00fatbol de Riquelme\"}]},{\"@type\":\"WebSite\",\"@id\":\"https:\/\/nuevodigitaldeescobar.com.ar\/#website\",\"url\":\"https:\/\/nuevodigitaldeescobar.com.ar\/\",\"name\":\"Nuevo Digital de Escobar\",\"description\":\"La vida escobarense. Directora: Rosana Brunner\",\"publisher\":{\"@id\":\"https:\/\/nuevodigitaldeescobar.com.ar\/#organization\"},\"potentialAction\":[{\"@type\":\"SearchAction\",\"target\":{\"@type\":\"EntryPoint\",\"urlTemplate\":\"https:\/\/nuevodigitaldeescobar.com.ar\/?s={search_term_string}\"},\"query-input\":{\"@type\":\"PropertyValueSpecification\",\"valueRequired\":true,\"valueName\":\"search_term_string\"}}],\"inLanguage\":\"es\"},{\"@type\":\"Organization\",\"@id\":\"https:\/\/nuevodigitaldeescobar.com.ar\/#organization\",\"name\":\"Nuevo Digital de Escobar\",\"url\":\"https:\/\/nuevodigitaldeescobar.com.ar\/\",\"logo\":{\"@type\":\"ImageObject\",\"inLanguage\":\"es\",\"@id\":\"https:\/\/nuevodigitaldeescobar.com.ar\/#\/schema\/logo\/image\/\",\"url\":\"https:\/\/nuevodigitaldeescobar.com.ar\/wp-content\/uploads\/2025\/05\/cropped-logo-nuevo2.jpg\",\"contentUrl\":\"https:\/\/nuevodigitaldeescobar.com.ar\/wp-content\/uploads\/2025\/05\/cropped-logo-nuevo2.jpg\",\"width\":305,\"height\":305,\"caption\":\"Nuevo Digital de Escobar\"},\"image\":{\"@id\":\"https:\/\/nuevodigitaldeescobar.com.ar\/#\/schema\/logo\/image\/\"},\"sameAs\":[\"https:\/\/www.facebook.com\/NUEVODigitalDeEscobar\",\"https:\/\/x.com\/nuevodigescobar\",\"https:\/\/www.instagram.com\/nuevodigitaldeescobar\"]},{\"@type\":\"Person\",\"@id\":\"https:\/\/nuevodigitaldeescobar.com.ar\/#\/schema\/person\/035e90a8efe9a80e6eec22656ad6ea4c\",\"name\":\"Redacci\u00f3n\",\"image\":{\"@type\":\"ImageObject\",\"inLanguage\":\"es\",\"@id\":\"https:\/\/nuevodigitaldeescobar.com.ar\/#\/schema\/person\/image\/\",\"url\":\"https:\/\/secure.gravatar.com\/avatar\/8af8f40000c24e9eef3034f2be5998a372bb1389e64b1a4a36b3a7979142220d?s=96&d=mm&r=g\",\"contentUrl\":\"https:\/\/secure.gravatar.com\/avatar\/8af8f40000c24e9eef3034f2be5998a372bb1389e64b1a4a36b3a7979142220d?s=96&d=mm&r=g\",\"caption\":\"Redacci\u00f3n\"},\"sameAs\":[\"http:\/\/nuevodigitaldeescobar.com.ar\"],\"url\":\"https:\/\/nuevodigitaldeescobar.com.ar\/?author=1\"}]}<\/script>\n<!-- \/ Yoast SEO plugin. -->","yoast_head_json":{"title":"Una medida de AFA podr\u00eda complicar el cambio en el Consejo de F\u00fatbol de Riquelme - Nuevo Digital de Escobar","robots":{"index":"index","follow":"follow","max-snippet":"max-snippet:-1","max-image-preview":"max-image-preview:large","max-video-preview":"max-video-preview:-1"},"canonical":"https:\/\/nuevodigitaldeescobar.com.ar\/?p=16934","og_locale":"es_ES","og_type":"article","og_title":"Una medida de AFA podr\u00eda complicar el cambio en el Consejo de F\u00fatbol de Riquelme - Nuevo Digital de Escobar","og_description":"En medio del convulsionado presente institucional y deportivo que atraviesa Boca, la semana pasada trascendi\u00f3 que Juan Rom\u00e1n Riquelme pretende disolver el Consejo del F\u00fatbol [&hellip;]","og_url":"https:\/\/nuevodigitaldeescobar.com.ar\/?p=16934","og_site_name":"Nuevo Digital de Escobar","article_publisher":"https:\/\/www.facebook.com\/NUEVODigitalDeEscobar","article_published_time":"2025-08-03T21:20:46+00:00","og_image":[{"url":"https:\/\/derechadiario.com.ar\/filesedc\/uploads\/image\/post\/2025\/08\/3-4-1754246460668_1200_800.webp","type":"","width":"","height":""}],"author":"Redacci\u00f3n","twitter_card":"summary_large_image","twitter_creator":"@nuevodigescobar","twitter_site":"@nuevodigescobar","twitter_misc":{"Escrito por":"Redacci\u00f3n","Tiempo de lectura":"2 minutos"},"schema":{"@context":"https:\/\/schema.org","@graph":[{"@type":"Article","@id":"https:\/\/nuevodigitaldeescobar.com.ar\/?p=16934#article","isPartOf":{"@id":"https:\/\/nuevodigitaldeescobar.com.ar\/?p=16934"},"author":{"name":"Redacci\u00f3n","@id":"https:\/\/nuevodigitaldeescobar.com.ar\/#\/schema\/person\/035e90a8efe9a80e6eec22656ad6ea4c"},"headline":"Una medida de AFA podr\u00eda complicar el cambio en el Consejo de F\u00fatbol de Riquelme","datePublished":"2025-08-03T21:20:46+00:00","mainEntityOfPage":{"@id":"https:\/\/nuevodigitaldeescobar.com.ar\/?p=16934"},"wordCount":364,"commentCount":0,"publisher":{"@id":"https:\/\/nuevodigitaldeescobar.com.ar\/#organization"},"image":{"@id":"https:\/\/nuevodigitaldeescobar.com.ar\/?p=16934#primaryimage"},"thumbnailUrl":"https:\/\/nuevodigitaldeescobar.com.ar\/wp-content\/uploads\/2025\/08\/riquelme-tapia-101-9970331-20240917010758-53a1bc_1600_1067-UlXcvs.jpg","articleSection":["Deportes"],"inLanguage":"es","potentialAction":[{"@type":"CommentAction","name":"Comment","target":["https:\/\/nuevodigitaldeescobar.com.ar\/?p=16934#respond"]}]},{"@type":"WebPage","@id":"https:\/\/nuevodigitaldeescobar.com.ar\/?p=16934","url":"https:\/\/nuevodigitaldeescobar.com.ar\/?p=16934","name":"Una medida de AFA podr\u00eda complicar el cambio en el Consejo de F\u00fatbol de Riquelme - Nuevo Digital de Escobar","isPartOf":{"@id":"https:\/\/nuevodigitaldeescobar.com.ar\/#website"},"primaryImageOfPage":{"@id":"https:\/\/nuevodigitaldeescobar.com.ar\/?p=16934#primaryimage"},"image":{"@id":"https:\/\/nuevodigitaldeescobar.com.ar\/?p=16934#primaryimage"},"thumbnailUrl":"https:\/\/nuevodigitaldeescobar.com.ar\/wp-content\/uploads\/2025\/08\/riquelme-tapia-101-9970331-20240917010758-53a1bc_1600_1067-UlXcvs.jpg","datePublished":"2025-08-03T21:20:46+00:00","breadcrumb":{"@id":"https:\/\/nuevodigitaldeescobar.com.ar\/?p=16934#breadcrumb"},"inLanguage":"es","potentialAction":[{"@type":"ReadAction","target":["https:\/\/nuevodigitaldeescobar.com.ar\/?p=16934"]}]},{"@type":"ImageObject","inLanguage":"es","@id":"https:\/\/nuevodigitaldeescobar.com.ar\/?p=16934#primaryimage","url":"https:\/\/nuevodigitaldeescobar.com.ar\/wp-content\/uploads\/2025\/08\/riquelme-tapia-101-9970331-20240917010758-53a1bc_1600_1067-UlXcvs.jpg","contentUrl":"https:\/\/nuevodigitaldeescobar.com.ar\/wp-content\/uploads\/2025\/08\/riquelme-tapia-101-9970331-20240917010758-53a1bc_1600_1067-UlXcvs.jpg","width":1600,"height":1067},{"@type":"BreadcrumbList","@id":"https:\/\/nuevodigitaldeescobar.com.ar\/?p=16934#breadcrumb","itemListElement":[{"@type":"ListItem","position":1,"name":"Portada","item":"https:\/\/nuevodigitaldeescobar.com.ar\/"},{"@type":"ListItem","position":2,"name":"Una medida de AFA podr\u00eda complicar el cambio en el Consejo de F\u00fatbol de Riquelme"}]},{"@type":"WebSite","@id":"https:\/\/nuevodigitaldeescobar.com.ar\/#website","url":"https:\/\/nuevodigitaldeescobar.com.ar\/","name":"Nuevo Digital de Escobar","description":"La vida escobarense. Directora: Rosana Brunner","publisher":{"@id":"https:\/\/nuevodigitaldeescobar.com.ar\/#organization"},"potentialAction":[{"@type":"SearchAction","target":{"@type":"EntryPoint","urlTemplate":"https:\/\/nuevodigitaldeescobar.com.ar\/?s={search_term_string}"},"query-input":{"@type":"PropertyValueSpecification","valueRequired":true,"valueName":"search_term_string"}}],"inLanguage":"es"},{"@type":"Organization","@id":"https:\/\/nuevodigitaldeescobar.com.ar\/#organization","name":"Nuevo Digital de Escobar","url":"https:\/\/nuevodigitaldeescobar.com.ar\/","logo":{"@type":"ImageObject","inLanguage":"es","@id":"https:\/\/nuevodigitaldeescobar.com.ar\/#\/schema\/logo\/image\/","url":"https:\/\/nuevodigitaldeescobar.com.ar\/wp-content\/uploads\/2025\/05\/cropped-logo-nuevo2.jpg","contentUrl":"https:\/\/nuevodigitaldeescobar.com.ar\/wp-content\/uploads\/2025\/05\/cropped-logo-nuevo2.jpg","width":305,"height":305,"caption":"Nuevo Digital de Escobar"},"image":{"@id":"https:\/\/nuevodigitaldeescobar.com.ar\/#\/schema\/logo\/image\/"},"sameAs":["https:\/\/www.facebook.com\/NUEVODigitalDeEscobar","https:\/\/x.com\/nuevodigescobar","https:\/\/www.instagram.com\/nuevodigitaldeescobar"]},{"@type":"Person","@id":"https:\/\/nuevodigitaldeescobar.com.ar\/#\/schema\/person\/035e90a8efe9a80e6eec22656ad6ea4c","name":"Redacci\u00f3n","image":{"@type":"ImageObject","inLanguage":"es","@id":"https:\/\/nuevodigitaldeescobar.com.ar\/#\/schema\/person\/image\/","url":"https:\/\/secure.gravatar.com\/avatar\/8af8f40000c24e9eef3034f2be5998a372bb1389e64b1a4a36b3a7979142220d?s=96&d=mm&r=g","contentUrl":"https:\/\/secure.gravatar.com\/avatar\/8af8f40000c24e9eef3034f2be5998a372bb1389e64b1a4a36b3a7979142220d?s=96&d=mm&r=g","caption":"Redacci\u00f3n"},"sameAs":["http:\/\/nuevodigitaldeescobar.com.ar"],"url":"https:\/\/nuevodigitaldeescobar.com.ar\/?author=1"}]}},"featured_image_urls":{"full":["https:\/\/nuevodigitaldeescobar.com.ar\/wp-content\/uploads\/2025\/08\/riquelme-tapia-101-9970331-20240917010758-53a1bc_1600_1067-UlXcvs.jpg",1600,1067,false],"thumbnail":["https:\/\/nuevodigitaldeescobar.com.ar\/wp-content\/uploads\/2025\/08\/riquelme-tapia-101-9970331-20240917010758-53a1bc_1600_1067-UlXcvs-150x150.jpg",150,150,true],"medium":["https:\/\/nuevodigitaldeescobar.com.ar\/wp-content\/uploads\/2025\/08\/riquelme-tapia-101-9970331-20240917010758-53a1bc_1600_1067-UlXcvs-300x200.jpg",300,200,true],"medium_large":["https:\/\/nuevodigitaldeescobar.com.ar\/wp-content\/uploads\/2025\/08\/riquelme-tapia-101-9970331-20240917010758-53a1bc_1600_1067-UlXcvs-768x512.jpg",640,427,true],"large":["https:\/\/nuevodigitaldeescobar.com.ar\/wp-content\/uploads\/2025\/08\/riquelme-tapia-101-9970331-20240917010758-53a1bc_1600_1067-UlXcvs-1024x683.jpg",640,427,true],"1536x1536":["https:\/\/nuevodigitaldeescobar.com.ar\/wp-content\/uploads\/2025\/08\/riquelme-tapia-101-9970331-20240917010758-53a1bc_1600_1067-UlXcvs-1536x1024.jpg",1536,1024,true],"2048x2048":["https:\/\/nuevodigitaldeescobar.com.ar\/wp-content\/uploads\/2025\/08\/riquelme-tapia-101-9970331-20240917010758-53a1bc_1600_1067-UlXcvs.jpg",1600,1067,false]},"author_info":{"display_name":"Redacci\u00f3n","author_link":"https:\/\/nuevodigitaldeescobar.com.ar\/?author=1"},"category_info":"<a href=\"https:\/\/nuevodigitaldeescobar.com.ar\/?cat=8\" rel=\"category\">Deportes<\/a>","tag_info":"Deportes","comment_count":"0","_links":{"self":[{"href":"https:\/\/nuevodigitaldeescobar.com.ar\/index.php?rest_route=\/wp\/v2\/posts\/16934","targetHints":{"allow":["GET"]}}],"collection":[{"href":"https:\/\/nuevodigitaldeescobar.com.ar\/index.php?rest_route=\/wp\/v2\/posts"}],"about":[{"href":"https:\/\/nuevodigitaldeescobar.com.ar\/index.php?rest_route=\/wp\/v2\/types\/post"}],"author":[{"embeddable":true,"href":"https:\/\/nuevodigitaldeescobar.com.ar\/index.php?rest_route=\/wp\/v2\/users\/1"}],"replies":[{"embeddable":true,"href":"https:\/\/nuevodigitaldeescobar.com.ar\/index.php?rest_route=%2Fwp%2Fv2%2Fcomments&post=16934"}],"version-history":[{"count":0,"href":"https:\/\/nuevodigitaldeescobar.com.ar\/index.php?rest_route=\/wp\/v2\/posts\/16934\/revisions"}],"wp:featuredmedia":[{"embeddable":true,"href":"https:\/\/nuevodigitaldeescobar.com.ar\/index.php?rest_route=\/wp\/v2\/media\/16935"}],"wp:attachment":[{"href":"https:\/\/nuevodigitaldeescobar.com.ar\/index.php?rest_route=%2Fwp%2Fv2%2Fmedia&parent=16934"}],"wp:term":[{"taxonomy":"category","embeddable":true,"href":"https:\/\/nuevodigitaldeescobar.com.ar\/index.php?rest_route=%2Fwp%2Fv2%2Fcategories&post=16934"},{"taxonomy":"post_tag","embeddable":true,"href":"https:\/\/nuevodigitaldeescobar.com.ar\/index.php?rest_route=%2Fwp%2Fv2%2Ftags&post=16934"}],"curies":[{"name":"wp","href":"https:\/\/api.w.org\/{rel}","templated":true}]}}