{"id":16936,"date":"2025-08-04T02:03:39","date_gmt":"2025-08-04T05:03:39","guid":{"rendered":"https:\/\/nuevodigitaldeescobar.com.ar\/?p=16936"},"modified":"2025-08-04T02:03:42","modified_gmt":"2025-08-04T05:03:42","slug":"tragedia-en-chile-hallaron-sin-vida-al-ultimo-minero-desaparecido-en-el-teniente","status":"publish","type":"post","link":"https:\/\/nuevodigitaldeescobar.com.ar\/?p=16936","title":{"rendered":"Tragedia en Chile: hallaron sin vida al \u00faltimo minero desaparecido en El Teniente"},"content":{"rendered":"\n<p class=\"has-vivid-cyan-blue-color has-text-color has-link-color wp-elements-645f8c4708471c4de00fd6d5a52c375b\"><strong><em>Concluy\u00f3 la b\u00fasqueda en la mina subterr\u00e1nea m\u00e1s grande del mundo. No hubo sobrevivientes. Tras intensos d\u00edas de trabajo en condiciones extremas, los equipos de rescate chilenos hallaron el cuerpo sin vida de Mois\u00e9s Pavez, el \u00faltimo de los cinco mineros que permanec\u00eda desaparecido luego del colapso ocurrido el pasado jueves en la mina El Teniente, ubicada en la regi\u00f3n de O\u2019Higgins, a unos 120 kil\u00f3metros al sur de Santiago de Chile.<\/em><\/strong><\/p>\n\n\n\n<!--more-->\n\n\n\n<p>La informaci\u00f3n fue confirmada este domingo por el fiscal regional <strong>Aquiles Cubillos<\/strong>, quien detall\u00f3 que el hallazgo se produjo alrededor de las 15:30. <em>\u201cHemos encontrado al \u00faltimo trabajador de la mina El Teniente que estaba desaparecido. Se trata del trabajador Mois\u00e9s Pavez\u201d<\/em>, inform\u00f3 en conferencia de prensa. Tambi\u00e9n destac\u00f3 el riesgo que implicaron las maniobras de rescate, valorando el r\u00e1pido accionar del personal involucrado.<\/p>\n\n\n\n<h3 class=\"wp-block-heading has-text-color has-link-color wp-elements-d0719839d3049bca5c36ba2e8a765173\" style=\"color:#0d32bc\">Cinco vidas perdidas<\/h3>\n\n\n\n<p>Con esta confirmaci\u00f3n, <strong>se cierra una de las b\u00fasquedas m\u00e1s dif\u00edciles del a\u00f1o para el sector minero chileno<\/strong>, que termina con un saldo tr\u00e1gico: <strong>cinco trabajadores fallecidos y nueve heridos<\/strong>.<\/p>\n\n\n\n<p>Las v\u00edctimas fatales fueron identificadas como <strong>Gonzalo N\u00fa\u00f1ez, Carlos Arancibia, Alex Araya, Jean Miranda y Mois\u00e9s Pavez<\/strong>, todos operarios de la divisi\u00f3n Andesita, un sector a 500 metros de profundidad dentro del yacimiento.<\/p>\n\n\n\n<h3 class=\"wp-block-heading has-text-color has-link-color wp-elements-5d99aca022100b12b0689a87529de981\" style=\"color:#0d32bc\">El accidente y la incertidumbre<\/h3>\n\n\n\n<p>Todo comenz\u00f3 el jueves a las 17:34, cuando un <strong>sismo de magnitud 4,2<\/strong> provoc\u00f3 el derrumbe de una galer\u00eda de unos 90 metros de extensi\u00f3n. Seg\u00fan las investigaciones preliminares, el temblor habr\u00eda estado relacionado con tareas de perforaci\u00f3n realizadas en la zona.<\/p>\n\n\n\n<p>Aunque dos cuerpos fueron recuperados casi de inmediato y se evacuaron a los trabajadores heridos, <strong>cinco mineros quedaron atrapados bajo toneladas de escombros<\/strong>, generando una angustiante b\u00fasqueda que mantuvo en vilo al pa\u00eds entero.<\/p>\n\n\n\n<h3 class=\"wp-block-heading has-text-color has-link-color wp-elements-7c95f9b5e5be6c127b84a2ff8be709ef\" style=\"color:#0d32bc\">Un operativo con experiencia hist\u00f3rica<\/h3>\n\n\n\n<p>El presidente chileno <strong>Gabriel Boric<\/strong> viaj\u00f3 el s\u00e1bado a Rancagua para seguir de cerca la operaci\u00f3n. <em>\u201cChile es uno solo en estos momentos. Lo fundamental ahora es el rescate. Lo dem\u00e1s se determinar\u00e1 despu\u00e9s\u201d<\/em>, declar\u00f3.<\/p>\n\n\n\n<p>En ese marco, el mandatario anunci\u00f3 la incorporaci\u00f3n de <strong>Laurence Golborne<\/strong> y <strong>Andr\u00e9s Sougarret<\/strong>, reconocidos por haber liderado el hist\u00f3rico rescate de los 33 mineros de la mina San Jos\u00e9 en 2010. <em>\u201cToda la maquinaria del Estado est\u00e1 al servicio de este operativo\u201d<\/em>, remarc\u00f3 Boric.<\/p>\n\n\n\n<p>El presidente de Codelco, <strong>M\u00e1ximo Pacheco<\/strong>, reconoci\u00f3 que una hip\u00f3tesis en an\u00e1lisis es que el colapso haya sido <strong>inducido por trabajos de perforaci\u00f3n<\/strong>, aunque por ahora no hay confirmaciones oficiales.<\/p>\n\n\n\n<h3 class=\"wp-block-heading has-text-color has-link-color wp-elements-33ecc652f75bc96012986dab0560f7e5\" style=\"color:#0d32bc\">La seguridad minera en debate<\/h3>\n\n\n\n<p>Aunque Chile es uno de los pa\u00edses con miner\u00eda m\u00e1s tecnificada del mundo, los accidentes siguen siendo una amenaza constante. En lo que va de 2025, <strong>ya se registraron siete muertes<\/strong> en distintos yacimientos del pa\u00eds, seg\u00fan datos oficiales, principalmente en las regiones de Antofagasta y Valpara\u00edso.<\/p>\n\n\n\n<p>Lo ocurrido en El Teniente vuelve a poner el foco en la <strong>seguridad laboral en el sector minero<\/strong>, en un pa\u00eds donde la actividad extractiva representa una de las principales fuentes de ingresos econ\u00f3micos.<\/p>\n\n\n\n<p>Las faenas en la mina contin\u00faan bajo estrictos protocolos, mientras se realizan las pericias correspondientes y se asiste a las familias de las v\u00edctimas. <em>\u201cEsto no ha cesado ni cesar\u00e1\u201d<\/em>, expres\u00f3 el fiscal Cubillos, dejando en claro que la investigaci\u00f3n para determinar responsabilidades est\u00e1 en marcha.<\/p>\n","protected":false},"excerpt":{"rendered":"<p>Concluy\u00f3 la b\u00fasqueda en la mina subterr\u00e1nea m\u00e1s grande del mundo. No hubo sobrevivientes. Tras intensos d\u00edas de trabajo en condiciones extremas, los equipos de [&hellip;]<\/p>\n","protected":false},"author":1,"featured_media":16937,"comment_status":"open","ping_status":"open","sticky":false,"template":"","format":"standard","meta":{"footnotes":""},"categories":[285],"tags":[],"class_list":["post-16936","post","type-post","status-publish","format-standard","has-post-thumbnail","hentry","category-internacionales"],"better_featured_image":{"id":16937,"alt_text":"","caption":"","description":"","media_type":"image","media_details":{"width":794,"height":536,"file":"2025\/08\/mineroschile445.png","filesize":843606,"sizes":{"medium":{"file":"mineroschile445-300x203.png","width":300,"height":203,"mime-type":"image\/png","filesize":47078,"source_url":"https:\/\/nuevodigitaldeescobar.com.ar\/wp-content\/uploads\/2025\/08\/mineroschile445-300x203.png"},"thumbnail":{"file":"mineroschile445-150x150.png","width":150,"height":150,"mime-type":"image\/png","filesize":20124,"source_url":"https:\/\/nuevodigitaldeescobar.com.ar\/wp-content\/uploads\/2025\/08\/mineroschile445-150x150.png"},"medium_large":{"file":"mineroschile445-768x518.png","width":768,"height":518,"mime-type":"image\/png","filesize":236356,"source_url":"https:\/\/nuevodigitaldeescobar.com.ar\/wp-content\/uploads\/2025\/08\/mineroschile445-768x518.png"}},"image_meta":{"aperture":"0","credit":"","camera":"","caption":"","created_timestamp":"0","copyright":"","focal_length":"0","iso":"0","shutter_speed":"0","title":"","orientation":"0","keywords":[]}},"post":16936,"source_url":"https:\/\/nuevodigitaldeescobar.com.ar\/wp-content\/uploads\/2025\/08\/mineroschile445.png"},"yoast_head":"<!-- This site is optimized with the Yoast SEO plugin v26.1.1 - https:\/\/yoast.com\/wordpress\/plugins\/seo\/ -->\n<title>Tragedia en Chile: hallaron sin vida al \u00faltimo minero desaparecido en El Teniente - Nuevo Digital de Escobar<\/title>\n<meta name=\"robots\" content=\"index, follow, max-snippet:-1, max-image-preview:large, max-video-preview:-1\" \/>\n<link rel=\"canonical\" href=\"https:\/\/nuevodigitaldeescobar.com.ar\/?p=16936\" \/>\n<meta property=\"og:locale\" content=\"es_ES\" \/>\n<meta property=\"og:type\" content=\"article\" \/>\n<meta property=\"og:title\" content=\"Tragedia en Chile: hallaron sin vida al \u00faltimo minero desaparecido en El Teniente - Nuevo Digital de Escobar\" \/>\n<meta property=\"og:description\" content=\"Concluy\u00f3 la b\u00fasqueda en la mina subterr\u00e1nea m\u00e1s grande del mundo. No hubo sobrevivientes. Tras intensos d\u00edas de trabajo en condiciones extremas, los equipos de [&hellip;]\" \/>\n<meta property=\"og:url\" content=\"https:\/\/nuevodigitaldeescobar.com.ar\/?p=16936\" \/>\n<meta property=\"og:site_name\" content=\"Nuevo Digital de Escobar\" \/>\n<meta property=\"article:publisher\" content=\"https:\/\/www.facebook.com\/NUEVODigitalDeEscobar\" \/>\n<meta property=\"article:published_time\" content=\"2025-08-04T05:03:39+00:00\" \/>\n<meta property=\"article:modified_time\" content=\"2025-08-04T05:03:42+00:00\" \/>\n<meta property=\"og:image\" content=\"http:\/\/nuevodigitaldeescobar.com.ar\/wp-content\/uploads\/2025\/08\/mineroschile445.png\" \/>\n\t<meta property=\"og:image:width\" content=\"794\" \/>\n\t<meta property=\"og:image:height\" content=\"536\" \/>\n\t<meta property=\"og:image:type\" content=\"image\/png\" \/>\n<meta name=\"author\" content=\"Redacci\u00f3n\" \/>\n<meta name=\"twitter:card\" content=\"summary_large_image\" \/>\n<meta name=\"twitter:creator\" content=\"@nuevodigescobar\" \/>\n<meta name=\"twitter:site\" content=\"@nuevodigescobar\" \/>\n<meta name=\"twitter:label1\" content=\"Escrito por\" \/>\n\t<meta name=\"twitter:data1\" content=\"Redacci\u00f3n\" \/>\n\t<meta name=\"twitter:label2\" content=\"Tiempo de lectura\" \/>\n\t<meta name=\"twitter:data2\" content=\"3 minutos\" \/>\n<script type=\"application\/ld+json\" class=\"yoast-schema-graph\">{\"@context\":\"https:\/\/schema.org\",\"@graph\":[{\"@type\":\"Article\",\"@id\":\"https:\/\/nuevodigitaldeescobar.com.ar\/?p=16936#article\",\"isPartOf\":{\"@id\":\"https:\/\/nuevodigitaldeescobar.com.ar\/?p=16936\"},\"author\":{\"name\":\"Redacci\u00f3n\",\"@id\":\"https:\/\/nuevodigitaldeescobar.com.ar\/#\/schema\/person\/035e90a8efe9a80e6eec22656ad6ea4c\"},\"headline\":\"Tragedia en Chile: hallaron sin vida al \u00faltimo minero desaparecido en El Teniente\",\"datePublished\":\"2025-08-04T05:03:39+00:00\",\"dateModified\":\"2025-08-04T05:03:42+00:00\",\"mainEntityOfPage\":{\"@id\":\"https:\/\/nuevodigitaldeescobar.com.ar\/?p=16936\"},\"wordCount\":587,\"commentCount\":0,\"publisher\":{\"@id\":\"https:\/\/nuevodigitaldeescobar.com.ar\/#organization\"},\"image\":{\"@id\":\"https:\/\/nuevodigitaldeescobar.com.ar\/?p=16936#primaryimage\"},\"thumbnailUrl\":\"https:\/\/nuevodigitaldeescobar.com.ar\/wp-content\/uploads\/2025\/08\/mineroschile445.png\",\"articleSection\":[\"Internacionales\"],\"inLanguage\":\"es\",\"potentialAction\":[{\"@type\":\"CommentAction\",\"name\":\"Comment\",\"target\":[\"https:\/\/nuevodigitaldeescobar.com.ar\/?p=16936#respond\"]}]},{\"@type\":\"WebPage\",\"@id\":\"https:\/\/nuevodigitaldeescobar.com.ar\/?p=16936\",\"url\":\"https:\/\/nuevodigitaldeescobar.com.ar\/?p=16936\",\"name\":\"Tragedia en Chile: hallaron sin vida al \u00faltimo minero desaparecido en El Teniente - Nuevo Digital de Escobar\",\"isPartOf\":{\"@id\":\"https:\/\/nuevodigitaldeescobar.com.ar\/#website\"},\"primaryImageOfPage\":{\"@id\":\"https:\/\/nuevodigitaldeescobar.com.ar\/?p=16936#primaryimage\"},\"image\":{\"@id\":\"https:\/\/nuevodigitaldeescobar.com.ar\/?p=16936#primaryimage\"},\"thumbnailUrl\":\"https:\/\/nuevodigitaldeescobar.com.ar\/wp-content\/uploads\/2025\/08\/mineroschile445.png\",\"datePublished\":\"2025-08-04T05:03:39+00:00\",\"dateModified\":\"2025-08-04T05:03:42+00:00\",\"breadcrumb\":{\"@id\":\"https:\/\/nuevodigitaldeescobar.com.ar\/?p=16936#breadcrumb\"},\"inLanguage\":\"es\",\"potentialAction\":[{\"@type\":\"ReadAction\",\"target\":[\"https:\/\/nuevodigitaldeescobar.com.ar\/?p=16936\"]}]},{\"@type\":\"ImageObject\",\"inLanguage\":\"es\",\"@id\":\"https:\/\/nuevodigitaldeescobar.com.ar\/?p=16936#primaryimage\",\"url\":\"https:\/\/nuevodigitaldeescobar.com.ar\/wp-content\/uploads\/2025\/08\/mineroschile445.png\",\"contentUrl\":\"https:\/\/nuevodigitaldeescobar.com.ar\/wp-content\/uploads\/2025\/08\/mineroschile445.png\",\"width\":794,\"height\":536},{\"@type\":\"BreadcrumbList\",\"@id\":\"https:\/\/nuevodigitaldeescobar.com.ar\/?p=16936#breadcrumb\",\"itemListElement\":[{\"@type\":\"ListItem\",\"position\":1,\"name\":\"Portada\",\"item\":\"https:\/\/nuevodigitaldeescobar.com.ar\/\"},{\"@type\":\"ListItem\",\"position\":2,\"name\":\"Tragedia en Chile: hallaron sin vida al \u00faltimo minero desaparecido en El Teniente\"}]},{\"@type\":\"WebSite\",\"@id\":\"https:\/\/nuevodigitaldeescobar.com.ar\/#website\",\"url\":\"https:\/\/nuevodigitaldeescobar.com.ar\/\",\"name\":\"Nuevo Digital de Escobar\",\"description\":\"La vida escobarense. Directora: Rosana Brunner\",\"publisher\":{\"@id\":\"https:\/\/nuevodigitaldeescobar.com.ar\/#organization\"},\"potentialAction\":[{\"@type\":\"SearchAction\",\"target\":{\"@type\":\"EntryPoint\",\"urlTemplate\":\"https:\/\/nuevodigitaldeescobar.com.ar\/?s={search_term_string}\"},\"query-input\":{\"@type\":\"PropertyValueSpecification\",\"valueRequired\":true,\"valueName\":\"search_term_string\"}}],\"inLanguage\":\"es\"},{\"@type\":\"Organization\",\"@id\":\"https:\/\/nuevodigitaldeescobar.com.ar\/#organization\",\"name\":\"Nuevo Digital de Escobar\",\"url\":\"https:\/\/nuevodigitaldeescobar.com.ar\/\",\"logo\":{\"@type\":\"ImageObject\",\"inLanguage\":\"es\",\"@id\":\"https:\/\/nuevodigitaldeescobar.com.ar\/#\/schema\/logo\/image\/\",\"url\":\"https:\/\/nuevodigitaldeescobar.com.ar\/wp-content\/uploads\/2025\/05\/cropped-logo-nuevo2.jpg\",\"contentUrl\":\"https:\/\/nuevodigitaldeescobar.com.ar\/wp-content\/uploads\/2025\/05\/cropped-logo-nuevo2.jpg\",\"width\":305,\"height\":305,\"caption\":\"Nuevo Digital de Escobar\"},\"image\":{\"@id\":\"https:\/\/nuevodigitaldeescobar.com.ar\/#\/schema\/logo\/image\/\"},\"sameAs\":[\"https:\/\/www.facebook.com\/NUEVODigitalDeEscobar\",\"https:\/\/x.com\/nuevodigescobar\",\"https:\/\/www.instagram.com\/nuevodigitaldeescobar\"]},{\"@type\":\"Person\",\"@id\":\"https:\/\/nuevodigitaldeescobar.com.ar\/#\/schema\/person\/035e90a8efe9a80e6eec22656ad6ea4c\",\"name\":\"Redacci\u00f3n\",\"image\":{\"@type\":\"ImageObject\",\"inLanguage\":\"es\",\"@id\":\"https:\/\/nuevodigitaldeescobar.com.ar\/#\/schema\/person\/image\/\",\"url\":\"https:\/\/secure.gravatar.com\/avatar\/8af8f40000c24e9eef3034f2be5998a372bb1389e64b1a4a36b3a7979142220d?s=96&d=mm&r=g\",\"contentUrl\":\"https:\/\/secure.gravatar.com\/avatar\/8af8f40000c24e9eef3034f2be5998a372bb1389e64b1a4a36b3a7979142220d?s=96&d=mm&r=g\",\"caption\":\"Redacci\u00f3n\"},\"sameAs\":[\"http:\/\/nuevodigitaldeescobar.com.ar\"],\"url\":\"https:\/\/nuevodigitaldeescobar.com.ar\/?author=1\"}]}<\/script>\n<!-- \/ Yoast SEO plugin. -->","yoast_head_json":{"title":"Tragedia en Chile: hallaron sin vida al \u00faltimo minero desaparecido en El Teniente - Nuevo Digital de Escobar","robots":{"index":"index","follow":"follow","max-snippet":"max-snippet:-1","max-image-preview":"max-image-preview:large","max-video-preview":"max-video-preview:-1"},"canonical":"https:\/\/nuevodigitaldeescobar.com.ar\/?p=16936","og_locale":"es_ES","og_type":"article","og_title":"Tragedia en Chile: hallaron sin vida al \u00faltimo minero desaparecido en El Teniente - Nuevo Digital de Escobar","og_description":"Concluy\u00f3 la b\u00fasqueda en la mina subterr\u00e1nea m\u00e1s grande del mundo. No hubo sobrevivientes. Tras intensos d\u00edas de trabajo en condiciones extremas, los equipos de [&hellip;]","og_url":"https:\/\/nuevodigitaldeescobar.com.ar\/?p=16936","og_site_name":"Nuevo Digital de Escobar","article_publisher":"https:\/\/www.facebook.com\/NUEVODigitalDeEscobar","article_published_time":"2025-08-04T05:03:39+00:00","article_modified_time":"2025-08-04T05:03:42+00:00","og_image":[{"width":794,"height":536,"url":"http:\/\/nuevodigitaldeescobar.com.ar\/wp-content\/uploads\/2025\/08\/mineroschile445.png","type":"image\/png"}],"author":"Redacci\u00f3n","twitter_card":"summary_large_image","twitter_creator":"@nuevodigescobar","twitter_site":"@nuevodigescobar","twitter_misc":{"Escrito por":"Redacci\u00f3n","Tiempo de lectura":"3 minutos"},"schema":{"@context":"https:\/\/schema.org","@graph":[{"@type":"Article","@id":"https:\/\/nuevodigitaldeescobar.com.ar\/?p=16936#article","isPartOf":{"@id":"https:\/\/nuevodigitaldeescobar.com.ar\/?p=16936"},"author":{"name":"Redacci\u00f3n","@id":"https:\/\/nuevodigitaldeescobar.com.ar\/#\/schema\/person\/035e90a8efe9a80e6eec22656ad6ea4c"},"headline":"Tragedia en Chile: hallaron sin vida al \u00faltimo minero desaparecido en El Teniente","datePublished":"2025-08-04T05:03:39+00:00","dateModified":"2025-08-04T05:03:42+00:00","mainEntityOfPage":{"@id":"https:\/\/nuevodigitaldeescobar.com.ar\/?p=16936"},"wordCount":587,"commentCount":0,"publisher":{"@id":"https:\/\/nuevodigitaldeescobar.com.ar\/#organization"},"image":{"@id":"https:\/\/nuevodigitaldeescobar.com.ar\/?p=16936#primaryimage"},"thumbnailUrl":"https:\/\/nuevodigitaldeescobar.com.ar\/wp-content\/uploads\/2025\/08\/mineroschile445.png","articleSection":["Internacionales"],"inLanguage":"es","potentialAction":[{"@type":"CommentAction","name":"Comment","target":["https:\/\/nuevodigitaldeescobar.com.ar\/?p=16936#respond"]}]},{"@type":"WebPage","@id":"https:\/\/nuevodigitaldeescobar.com.ar\/?p=16936","url":"https:\/\/nuevodigitaldeescobar.com.ar\/?p=16936","name":"Tragedia en Chile: hallaron sin vida al \u00faltimo minero desaparecido en El Teniente - Nuevo Digital de Escobar","isPartOf":{"@id":"https:\/\/nuevodigitaldeescobar.com.ar\/#website"},"primaryImageOfPage":{"@id":"https:\/\/nuevodigitaldeescobar.com.ar\/?p=16936#primaryimage"},"image":{"@id":"https:\/\/nuevodigitaldeescobar.com.ar\/?p=16936#primaryimage"},"thumbnailUrl":"https:\/\/nuevodigitaldeescobar.com.ar\/wp-content\/uploads\/2025\/08\/mineroschile445.png","datePublished":"2025-08-04T05:03:39+00:00","dateModified":"2025-08-04T05:03:42+00:00","breadcrumb":{"@id":"https:\/\/nuevodigitaldeescobar.com.ar\/?p=16936#breadcrumb"},"inLanguage":"es","potentialAction":[{"@type":"ReadAction","target":["https:\/\/nuevodigitaldeescobar.com.ar\/?p=16936"]}]},{"@type":"ImageObject","inLanguage":"es","@id":"https:\/\/nuevodigitaldeescobar.com.ar\/?p=16936#primaryimage","url":"https:\/\/nuevodigitaldeescobar.com.ar\/wp-content\/uploads\/2025\/08\/mineroschile445.png","contentUrl":"https:\/\/nuevodigitaldeescobar.com.ar\/wp-content\/uploads\/2025\/08\/mineroschile445.png","width":794,"height":536},{"@type":"BreadcrumbList","@id":"https:\/\/nuevodigitaldeescobar.com.ar\/?p=16936#breadcrumb","itemListElement":[{"@type":"ListItem","position":1,"name":"Portada","item":"https:\/\/nuevodigitaldeescobar.com.ar\/"},{"@type":"ListItem","position":2,"name":"Tragedia en Chile: hallaron sin vida al \u00faltimo minero desaparecido en El Teniente"}]},{"@type":"WebSite","@id":"https:\/\/nuevodigitaldeescobar.com.ar\/#website","url":"https:\/\/nuevodigitaldeescobar.com.ar\/","name":"Nuevo Digital de Escobar","description":"La vida escobarense. Directora: Rosana Brunner","publisher":{"@id":"https:\/\/nuevodigitaldeescobar.com.ar\/#organization"},"potentialAction":[{"@type":"SearchAction","target":{"@type":"EntryPoint","urlTemplate":"https:\/\/nuevodigitaldeescobar.com.ar\/?s={search_term_string}"},"query-input":{"@type":"PropertyValueSpecification","valueRequired":true,"valueName":"search_term_string"}}],"inLanguage":"es"},{"@type":"Organization","@id":"https:\/\/nuevodigitaldeescobar.com.ar\/#organization","name":"Nuevo Digital de Escobar","url":"https:\/\/nuevodigitaldeescobar.com.ar\/","logo":{"@type":"ImageObject","inLanguage":"es","@id":"https:\/\/nuevodigitaldeescobar.com.ar\/#\/schema\/logo\/image\/","url":"https:\/\/nuevodigitaldeescobar.com.ar\/wp-content\/uploads\/2025\/05\/cropped-logo-nuevo2.jpg","contentUrl":"https:\/\/nuevodigitaldeescobar.com.ar\/wp-content\/uploads\/2025\/05\/cropped-logo-nuevo2.jpg","width":305,"height":305,"caption":"Nuevo Digital de Escobar"},"image":{"@id":"https:\/\/nuevodigitaldeescobar.com.ar\/#\/schema\/logo\/image\/"},"sameAs":["https:\/\/www.facebook.com\/NUEVODigitalDeEscobar","https:\/\/x.com\/nuevodigescobar","https:\/\/www.instagram.com\/nuevodigitaldeescobar"]},{"@type":"Person","@id":"https:\/\/nuevodigitaldeescobar.com.ar\/#\/schema\/person\/035e90a8efe9a80e6eec22656ad6ea4c","name":"Redacci\u00f3n","image":{"@type":"ImageObject","inLanguage":"es","@id":"https:\/\/nuevodigitaldeescobar.com.ar\/#\/schema\/person\/image\/","url":"https:\/\/secure.gravatar.com\/avatar\/8af8f40000c24e9eef3034f2be5998a372bb1389e64b1a4a36b3a7979142220d?s=96&d=mm&r=g","contentUrl":"https:\/\/secure.gravatar.com\/avatar\/8af8f40000c24e9eef3034f2be5998a372bb1389e64b1a4a36b3a7979142220d?s=96&d=mm&r=g","caption":"Redacci\u00f3n"},"sameAs":["http:\/\/nuevodigitaldeescobar.com.ar"],"url":"https:\/\/nuevodigitaldeescobar.com.ar\/?author=1"}]}},"featured_image_urls":{"full":["https:\/\/nuevodigitaldeescobar.com.ar\/wp-content\/uploads\/2025\/08\/mineroschile445.png",794,536,false],"thumbnail":["https:\/\/nuevodigitaldeescobar.com.ar\/wp-content\/uploads\/2025\/08\/mineroschile445-150x150.png",150,150,true],"medium":["https:\/\/nuevodigitaldeescobar.com.ar\/wp-content\/uploads\/2025\/08\/mineroschile445-300x203.png",300,203,true],"medium_large":["https:\/\/nuevodigitaldeescobar.com.ar\/wp-content\/uploads\/2025\/08\/mineroschile445-768x518.png",640,432,true],"large":["https:\/\/nuevodigitaldeescobar.com.ar\/wp-content\/uploads\/2025\/08\/mineroschile445.png",640,432,false],"1536x1536":["https:\/\/nuevodigitaldeescobar.com.ar\/wp-content\/uploads\/2025\/08\/mineroschile445.png",794,536,false],"2048x2048":["https:\/\/nuevodigitaldeescobar.com.ar\/wp-content\/uploads\/2025\/08\/mineroschile445.png",794,536,false]},"author_info":{"display_name":"Redacci\u00f3n","author_link":"https:\/\/nuevodigitaldeescobar.com.ar\/?author=1"},"category_info":"<a href=\"https:\/\/nuevodigitaldeescobar.com.ar\/?cat=285\" rel=\"category\">Internacionales<\/a>","tag_info":"Internacionales","comment_count":"0","_links":{"self":[{"href":"https:\/\/nuevodigitaldeescobar.com.ar\/index.php?rest_route=\/wp\/v2\/posts\/16936","targetHints":{"allow":["GET"]}}],"collection":[{"href":"https:\/\/nuevodigitaldeescobar.com.ar\/index.php?rest_route=\/wp\/v2\/posts"}],"about":[{"href":"https:\/\/nuevodigitaldeescobar.com.ar\/index.php?rest_route=\/wp\/v2\/types\/post"}],"author":[{"embeddable":true,"href":"https:\/\/nuevodigitaldeescobar.com.ar\/index.php?rest_route=\/wp\/v2\/users\/1"}],"replies":[{"embeddable":true,"href":"https:\/\/nuevodigitaldeescobar.com.ar\/index.php?rest_route=%2Fwp%2Fv2%2Fcomments&post=16936"}],"version-history":[{"count":1,"href":"https:\/\/nuevodigitaldeescobar.com.ar\/index.php?rest_route=\/wp\/v2\/posts\/16936\/revisions"}],"predecessor-version":[{"id":16938,"href":"https:\/\/nuevodigitaldeescobar.com.ar\/index.php?rest_route=\/wp\/v2\/posts\/16936\/revisions\/16938"}],"wp:featuredmedia":[{"embeddable":true,"href":"https:\/\/nuevodigitaldeescobar.com.ar\/index.php?rest_route=\/wp\/v2\/media\/16937"}],"wp:attachment":[{"href":"https:\/\/nuevodigitaldeescobar.com.ar\/index.php?rest_route=%2Fwp%2Fv2%2Fmedia&parent=16936"}],"wp:term":[{"taxonomy":"category","embeddable":true,"href":"https:\/\/nuevodigitaldeescobar.com.ar\/index.php?rest_route=%2Fwp%2Fv2%2Fcategories&post=16936"},{"taxonomy":"post_tag","embeddable":true,"href":"https:\/\/nuevodigitaldeescobar.com.ar\/index.php?rest_route=%2Fwp%2Fv2%2Ftags&post=16936"}],"curies":[{"name":"wp","href":"https:\/\/api.w.org\/{rel}","templated":true}]}}