{"id":16994,"date":"2025-08-06T02:17:00","date_gmt":"2025-08-06T05:17:00","guid":{"rendered":"https:\/\/nuevodigitaldeescobar.com.ar\/?p=16994"},"modified":"2025-08-05T23:28:34","modified_gmt":"2025-08-06T02:28:34","slug":"detectaron-en-argentina-la-variante-frankenstein-del-covid-que-se-sabe-y-cuales-son-sus-sintomas","status":"publish","type":"post","link":"https:\/\/nuevodigitaldeescobar.com.ar\/?p=16994","title":{"rendered":"Detectaron en Argentina la variante \u201cFrankenstein\u201d del COVID: qu\u00e9 se sabe y cu\u00e1les son sus s\u00edntomas"},"content":{"rendered":"\n<p class=\"has-vivid-cyan-blue-color has-text-color has-link-color wp-elements-790d6fbad91926311a11a880d723375c\"><strong><em>El Ministerio de Salud de la Naci\u00f3n confirm\u00f3 la detecci\u00f3n de tres casos de la variante XFG, tambi\u00e9n conocida como \u201cFrankenstein\u201d o \u201cStratus\u201d, una nueva subvariante del COVID-19 que ya circula en varios pa\u00edses del mundo.<\/em><\/strong><\/p>\n\n\n\n<!--more-->\n\n\n\n<p>La identificaci\u00f3n fue reportada en el \u00faltimo Bolet\u00edn Epidemiol\u00f3gico Nacional, correspondiente a las semanas 26 y 27 de este a\u00f1o. El an\u00e1lisis gen\u00f3mico fue realizado por el Laboratorio Nacional de Referencia de SARS-CoV-2 del Instituto Malbr\u00e1n, en coordinaci\u00f3n con la Red Nacional de Virus Respiratorios. Seg\u00fan se inform\u00f3, los casos fueron detectados entre 164 muestras secuenciadas en 14 provincias.<\/p>\n\n\n\n<h3 class=\"wp-block-heading has-text-color has-link-color wp-elements-9294764b400f8b67a8b3250e408e8a09\" style=\"color:#0e1dc8\">\u00bfQu\u00e9 es la variante XFG?<\/h3>\n\n\n\n<p>XFG es un sublinaje de la variante \u00d3micron que surgi\u00f3 por la recombinaci\u00f3n gen\u00e9tica de dos linajes previos: <strong>LF.7 y LP.8.1.2<\/strong>. Este fen\u00f3meno, natural en la evoluci\u00f3n viral, le permite al virus adquirir nuevas caracter\u00edsticas. Su denominaci\u00f3n popular como \u201cFrankenstein\u201d alude a su origen h\u00edbrido, similar al personaje literario creado a partir de partes diferentes.<\/p>\n\n\n\n<p>Aunque su presencia se ha expandido r\u00e1pidamente en Asia, Europa y Am\u00e9rica Latina \u2014incluido Brasil\u2014, tanto la Organizaci\u00f3n Mundial de la Salud (OMS) como autoridades sanitarias locales coinciden en que <strong>el riesgo sanitario adicional de XFG es bajo<\/strong>. No se ha detectado mayor gravedad en los cuadros cl\u00ednicos ni mayor transmisibilidad en comparaci\u00f3n con otras variantes de \u00d3micron.<\/p>\n\n\n\n<h3 class=\"wp-block-heading has-text-color has-link-color wp-elements-1495f9163518e3d0fca9a6dd089cc1ee\" style=\"color:#0e1dc8\">S\u00edntomas de la variante \u201cFrankenstein\u201d<\/h3>\n\n\n\n<p>Los s\u00edntomas m\u00e1s comunes asociados a la variante XFG son:<\/p>\n\n\n\n<ul class=\"wp-block-list\">\n<li>Ronquera o afon\u00eda (s\u00edntoma distintivo)<\/li>\n\n\n\n<li>Fiebre<\/li>\n\n\n\n<li>Dolor de garganta<\/li>\n\n\n\n<li>Tos seca<\/li>\n\n\n\n<li>Fatiga<\/li>\n\n\n\n<li>Malestar general<\/li>\n<\/ul>\n\n\n\n<p>Seg\u00fan explic\u00f3 el infect\u00f3logo Ricardo Teijeiro, miembro de la Sociedad Argentina de Infectolog\u00eda, esta variante <em>\u201cno genera mayor riesgo para la poblaci\u00f3n general\u201d<\/em>, aunque puede tener un impacto m\u00e1s marcado en personas inmunocomprometidas o sin vacunaci\u00f3n.<\/p>\n\n\n\n<p>Tambi\u00e9n el doctor Hugo Pizzi, epidemi\u00f3logo y profesor en la Universidad Nacional de C\u00f3rdoba, subray\u00f3 la importancia de mantener al d\u00eda el esquema de vacunaci\u00f3n: <em>\u201cQuienes est\u00e1n vacunados pueden tener s\u00edntomas leves, pero no derivan en cuadros graves\u201d<\/em>.<\/p>\n\n\n\n<hr class=\"wp-block-separator has-alpha-channel-opacity\"\/>\n\n\n\n<h3 class=\"wp-block-heading has-text-color has-link-color wp-elements-7591aa892bcf9e577b9240ccc85d354c\" style=\"color:#0e1dc8\">Variantes de \u00d3micron en circulaci\u00f3n en Argentina<\/h3>\n\n\n\n<p>El sistema nacional de vigilancia gen\u00f3mica identific\u00f3 las siguientes variantes bajo observaci\u00f3n en el pa\u00eds:<\/p>\n\n\n\n<figure class=\"wp-block-table aligncenter is-style-regular\"><table class=\"has-black-color has-light-green-cyan-background-color has-text-color has-background has-link-color has-fixed-layout\"><thead><tr><th>Variante<\/th><th>Clasificaci\u00f3n<\/th><th>Caracter\u00edsticas principales<\/th><\/tr><\/thead><tbody><tr><td>JN.1<\/td><td>VOI<\/td><td>Alta circulaci\u00f3n previa, base para vacunas actualizadas<\/td><\/tr><tr><td>KP.3<\/td><td>VUM<\/td><td>Subvariante reciente, en seguimiento por su expansi\u00f3n<\/td><\/tr><tr><td>KP.3.1.1<\/td><td>VUM<\/td><td>Derivada de KP.3, a\u00fan sin evidencia de mayor gravedad<\/td><\/tr><tr><td>XEC<\/td><td>VUM<\/td><td>Circulaci\u00f3n en varias provincias, sin aumento de hospitalizaciones<\/td><\/tr><tr><td>LP.8.1<\/td><td>VUM<\/td><td>Una de las predominantes en el pa\u00eds actualmente<\/td><\/tr><tr><td>NB.1.8.1<\/td><td>VUM<\/td><td>Presente en otras regiones, vigilancia activa<\/td><\/tr><tr><td><strong>XFG<\/strong><\/td><td><strong>VUM<\/strong><\/td><td>Apodada \u201cFrankenstein\u201d; s\u00edntomas leves y distintivos<\/td><\/tr><\/tbody><\/table><\/figure>\n\n\n\n<p><em>VOI: Variante de Inter\u00e9s \u2013 VUM: Variante Bajo Monitoreo<\/em><\/p>\n\n\n\n<hr class=\"wp-block-separator has-alpha-channel-opacity\"\/>\n\n\n\n<h3 class=\"wp-block-heading has-text-color has-link-color wp-elements-445e7cc177b1bc7959fe0a2aeebd659e\" style=\"color:#0e1dc8\">\u00bfHay que preocuparse?<\/h3>\n\n\n\n<p>No. Hasta el momento, las autoridades sanitarias coinciden en que XFG <strong>no presenta mayor riesgo para la salud p\u00fablica<\/strong>. Sin embargo, recomiendan a la poblaci\u00f3n <strong>actualizar sus esquemas de vacunaci\u00f3n<\/strong>, especialmente si pas\u00f3 m\u00e1s de un a\u00f1o desde la \u00faltima dosis o si pertenecen a grupos de riesgo.<\/p>\n\n\n\n<p><strong>Conclusi\u00f3n:<\/strong> el virus sigue en circulaci\u00f3n, pero las herramientas de prevenci\u00f3n siguen siendo efectivas. Consult\u00e1 con tu m\u00e9dico y asegurate de estar protegido.<\/p>\n","protected":false},"excerpt":{"rendered":"<p>El Ministerio de Salud de la Naci\u00f3n confirm\u00f3 la detecci\u00f3n de tres casos de la variante XFG, tambi\u00e9n conocida como \u201cFrankenstein\u201d o \u201cStratus\u201d, una nueva [&hellip;]<\/p>\n","protected":false},"author":1,"featured_media":16995,"comment_status":"open","ping_status":"open","sticky":false,"template":"","format":"standard","meta":{"footnotes":""},"categories":[3],"tags":[],"class_list":["post-16994","post","type-post","status-publish","format-standard","has-post-thumbnail","hentry","category-nutricion"],"better_featured_image":{"id":16995,"alt_text":"","caption":"","description":"","media_type":"image","media_details":{"width":1006,"height":596,"file":"2025\/08\/virus67.png","filesize":1376339,"sizes":{"medium":{"file":"virus67-300x178.png","width":300,"height":178,"mime-type":"image\/png","filesize":44540,"source_url":"https:\/\/nuevodigitaldeescobar.com.ar\/wp-content\/uploads\/2025\/08\/virus67-300x178.png"},"thumbnail":{"file":"virus67-150x150.png","width":150,"height":150,"mime-type":"image\/png","filesize":21773,"source_url":"https:\/\/nuevodigitaldeescobar.com.ar\/wp-content\/uploads\/2025\/08\/virus67-150x150.png"},"medium_large":{"file":"virus67-768x455.png","width":768,"height":455,"mime-type":"image\/png","filesize":238410,"source_url":"https:\/\/nuevodigitaldeescobar.com.ar\/wp-content\/uploads\/2025\/08\/virus67-768x455.png"}},"image_meta":{"aperture":"0","credit":"","camera":"","caption":"","created_timestamp":"0","copyright":"","focal_length":"0","iso":"0","shutter_speed":"0","title":"","orientation":"0","keywords":[]}},"post":16994,"source_url":"https:\/\/nuevodigitaldeescobar.com.ar\/wp-content\/uploads\/2025\/08\/virus67.png"},"yoast_head":"<!-- This site is optimized with the Yoast SEO plugin v26.1.1 - https:\/\/yoast.com\/wordpress\/plugins\/seo\/ -->\n<title>Detectaron en Argentina la variante \u201cFrankenstein\u201d del COVID: qu\u00e9 se sabe y cu\u00e1les son sus s\u00edntomas - Nuevo Digital de Escobar<\/title>\n<meta name=\"robots\" content=\"index, follow, max-snippet:-1, max-image-preview:large, max-video-preview:-1\" \/>\n<link rel=\"canonical\" href=\"https:\/\/nuevodigitaldeescobar.com.ar\/?p=16994\" \/>\n<meta property=\"og:locale\" content=\"es_ES\" \/>\n<meta property=\"og:type\" content=\"article\" \/>\n<meta property=\"og:title\" content=\"Detectaron en Argentina la variante \u201cFrankenstein\u201d del COVID: qu\u00e9 se sabe y cu\u00e1les son sus s\u00edntomas - Nuevo Digital de Escobar\" \/>\n<meta property=\"og:description\" content=\"El Ministerio de Salud de la Naci\u00f3n confirm\u00f3 la detecci\u00f3n de tres casos de la variante XFG, tambi\u00e9n conocida como \u201cFrankenstein\u201d o \u201cStratus\u201d, una nueva [&hellip;]\" \/>\n<meta property=\"og:url\" content=\"https:\/\/nuevodigitaldeescobar.com.ar\/?p=16994\" \/>\n<meta property=\"og:site_name\" content=\"Nuevo Digital de Escobar\" \/>\n<meta property=\"article:publisher\" content=\"https:\/\/www.facebook.com\/NUEVODigitalDeEscobar\" \/>\n<meta property=\"article:published_time\" content=\"2025-08-06T05:17:00+00:00\" \/>\n<meta property=\"og:image\" content=\"https:\/\/nuevodigitaldeescobar.com.ar\/wp-content\/uploads\/2025\/08\/virus67.png\" \/>\n\t<meta property=\"og:image:width\" content=\"1006\" \/>\n\t<meta property=\"og:image:height\" content=\"596\" \/>\n\t<meta property=\"og:image:type\" content=\"image\/png\" \/>\n<meta name=\"author\" content=\"Redacci\u00f3n\" \/>\n<meta name=\"twitter:card\" content=\"summary_large_image\" \/>\n<meta name=\"twitter:creator\" content=\"@nuevodigescobar\" \/>\n<meta name=\"twitter:site\" content=\"@nuevodigescobar\" \/>\n<meta name=\"twitter:label1\" content=\"Escrito por\" \/>\n\t<meta name=\"twitter:data1\" content=\"Redacci\u00f3n\" \/>\n\t<meta name=\"twitter:label2\" content=\"Tiempo de lectura\" \/>\n\t<meta name=\"twitter:data2\" content=\"3 minutos\" \/>\n<script type=\"application\/ld+json\" class=\"yoast-schema-graph\">{\"@context\":\"https:\/\/schema.org\",\"@graph\":[{\"@type\":\"Article\",\"@id\":\"https:\/\/nuevodigitaldeescobar.com.ar\/?p=16994#article\",\"isPartOf\":{\"@id\":\"https:\/\/nuevodigitaldeescobar.com.ar\/?p=16994\"},\"author\":{\"name\":\"Redacci\u00f3n\",\"@id\":\"https:\/\/nuevodigitaldeescobar.com.ar\/#\/schema\/person\/035e90a8efe9a80e6eec22656ad6ea4c\"},\"headline\":\"Detectaron en Argentina la variante \u201cFrankenstein\u201d del COVID: qu\u00e9 se sabe y cu\u00e1les son sus s\u00edntomas\",\"datePublished\":\"2025-08-06T05:17:00+00:00\",\"mainEntityOfPage\":{\"@id\":\"https:\/\/nuevodigitaldeescobar.com.ar\/?p=16994\"},\"wordCount\":568,\"commentCount\":0,\"publisher\":{\"@id\":\"https:\/\/nuevodigitaldeescobar.com.ar\/#organization\"},\"image\":{\"@id\":\"https:\/\/nuevodigitaldeescobar.com.ar\/?p=16994#primaryimage\"},\"thumbnailUrl\":\"https:\/\/nuevodigitaldeescobar.com.ar\/wp-content\/uploads\/2025\/08\/virus67.png\",\"articleSection\":[\"Salud y Nutrici\u00f3n\"],\"inLanguage\":\"es\",\"potentialAction\":[{\"@type\":\"CommentAction\",\"name\":\"Comment\",\"target\":[\"https:\/\/nuevodigitaldeescobar.com.ar\/?p=16994#respond\"]}]},{\"@type\":\"WebPage\",\"@id\":\"https:\/\/nuevodigitaldeescobar.com.ar\/?p=16994\",\"url\":\"https:\/\/nuevodigitaldeescobar.com.ar\/?p=16994\",\"name\":\"Detectaron en Argentina la variante \u201cFrankenstein\u201d del COVID: qu\u00e9 se sabe y cu\u00e1les son sus s\u00edntomas - Nuevo Digital de Escobar\",\"isPartOf\":{\"@id\":\"https:\/\/nuevodigitaldeescobar.com.ar\/#website\"},\"primaryImageOfPage\":{\"@id\":\"https:\/\/nuevodigitaldeescobar.com.ar\/?p=16994#primaryimage\"},\"image\":{\"@id\":\"https:\/\/nuevodigitaldeescobar.com.ar\/?p=16994#primaryimage\"},\"thumbnailUrl\":\"https:\/\/nuevodigitaldeescobar.com.ar\/wp-content\/uploads\/2025\/08\/virus67.png\",\"datePublished\":\"2025-08-06T05:17:00+00:00\",\"breadcrumb\":{\"@id\":\"https:\/\/nuevodigitaldeescobar.com.ar\/?p=16994#breadcrumb\"},\"inLanguage\":\"es\",\"potentialAction\":[{\"@type\":\"ReadAction\",\"target\":[\"https:\/\/nuevodigitaldeescobar.com.ar\/?p=16994\"]}]},{\"@type\":\"ImageObject\",\"inLanguage\":\"es\",\"@id\":\"https:\/\/nuevodigitaldeescobar.com.ar\/?p=16994#primaryimage\",\"url\":\"https:\/\/nuevodigitaldeescobar.com.ar\/wp-content\/uploads\/2025\/08\/virus67.png\",\"contentUrl\":\"https:\/\/nuevodigitaldeescobar.com.ar\/wp-content\/uploads\/2025\/08\/virus67.png\",\"width\":1006,\"height\":596},{\"@type\":\"BreadcrumbList\",\"@id\":\"https:\/\/nuevodigitaldeescobar.com.ar\/?p=16994#breadcrumb\",\"itemListElement\":[{\"@type\":\"ListItem\",\"position\":1,\"name\":\"Portada\",\"item\":\"https:\/\/nuevodigitaldeescobar.com.ar\/\"},{\"@type\":\"ListItem\",\"position\":2,\"name\":\"Detectaron en Argentina la variante \u201cFrankenstein\u201d del COVID: qu\u00e9 se sabe y cu\u00e1les son sus s\u00edntomas\"}]},{\"@type\":\"WebSite\",\"@id\":\"https:\/\/nuevodigitaldeescobar.com.ar\/#website\",\"url\":\"https:\/\/nuevodigitaldeescobar.com.ar\/\",\"name\":\"Nuevo Digital de Escobar\",\"description\":\"La vida escobarense. Directora: Rosana Brunner\",\"publisher\":{\"@id\":\"https:\/\/nuevodigitaldeescobar.com.ar\/#organization\"},\"potentialAction\":[{\"@type\":\"SearchAction\",\"target\":{\"@type\":\"EntryPoint\",\"urlTemplate\":\"https:\/\/nuevodigitaldeescobar.com.ar\/?s={search_term_string}\"},\"query-input\":{\"@type\":\"PropertyValueSpecification\",\"valueRequired\":true,\"valueName\":\"search_term_string\"}}],\"inLanguage\":\"es\"},{\"@type\":\"Organization\",\"@id\":\"https:\/\/nuevodigitaldeescobar.com.ar\/#organization\",\"name\":\"Nuevo Digital de Escobar\",\"url\":\"https:\/\/nuevodigitaldeescobar.com.ar\/\",\"logo\":{\"@type\":\"ImageObject\",\"inLanguage\":\"es\",\"@id\":\"https:\/\/nuevodigitaldeescobar.com.ar\/#\/schema\/logo\/image\/\",\"url\":\"https:\/\/nuevodigitaldeescobar.com.ar\/wp-content\/uploads\/2025\/05\/cropped-logo-nuevo2.jpg\",\"contentUrl\":\"https:\/\/nuevodigitaldeescobar.com.ar\/wp-content\/uploads\/2025\/05\/cropped-logo-nuevo2.jpg\",\"width\":305,\"height\":305,\"caption\":\"Nuevo Digital de Escobar\"},\"image\":{\"@id\":\"https:\/\/nuevodigitaldeescobar.com.ar\/#\/schema\/logo\/image\/\"},\"sameAs\":[\"https:\/\/www.facebook.com\/NUEVODigitalDeEscobar\",\"https:\/\/x.com\/nuevodigescobar\",\"https:\/\/www.instagram.com\/nuevodigitaldeescobar\"]},{\"@type\":\"Person\",\"@id\":\"https:\/\/nuevodigitaldeescobar.com.ar\/#\/schema\/person\/035e90a8efe9a80e6eec22656ad6ea4c\",\"name\":\"Redacci\u00f3n\",\"image\":{\"@type\":\"ImageObject\",\"inLanguage\":\"es\",\"@id\":\"https:\/\/nuevodigitaldeescobar.com.ar\/#\/schema\/person\/image\/\",\"url\":\"https:\/\/secure.gravatar.com\/avatar\/8af8f40000c24e9eef3034f2be5998a372bb1389e64b1a4a36b3a7979142220d?s=96&d=mm&r=g\",\"contentUrl\":\"https:\/\/secure.gravatar.com\/avatar\/8af8f40000c24e9eef3034f2be5998a372bb1389e64b1a4a36b3a7979142220d?s=96&d=mm&r=g\",\"caption\":\"Redacci\u00f3n\"},\"sameAs\":[\"http:\/\/nuevodigitaldeescobar.com.ar\"],\"url\":\"https:\/\/nuevodigitaldeescobar.com.ar\/?author=1\"}]}<\/script>\n<!-- \/ Yoast SEO plugin. -->","yoast_head_json":{"title":"Detectaron en Argentina la variante \u201cFrankenstein\u201d del COVID: qu\u00e9 se sabe y cu\u00e1les son sus s\u00edntomas - Nuevo Digital de Escobar","robots":{"index":"index","follow":"follow","max-snippet":"max-snippet:-1","max-image-preview":"max-image-preview:large","max-video-preview":"max-video-preview:-1"},"canonical":"https:\/\/nuevodigitaldeescobar.com.ar\/?p=16994","og_locale":"es_ES","og_type":"article","og_title":"Detectaron en Argentina la variante \u201cFrankenstein\u201d del COVID: qu\u00e9 se sabe y cu\u00e1les son sus s\u00edntomas - Nuevo Digital de Escobar","og_description":"El Ministerio de Salud de la Naci\u00f3n confirm\u00f3 la detecci\u00f3n de tres casos de la variante XFG, tambi\u00e9n conocida como \u201cFrankenstein\u201d o \u201cStratus\u201d, una nueva [&hellip;]","og_url":"https:\/\/nuevodigitaldeescobar.com.ar\/?p=16994","og_site_name":"Nuevo Digital de Escobar","article_publisher":"https:\/\/www.facebook.com\/NUEVODigitalDeEscobar","article_published_time":"2025-08-06T05:17:00+00:00","og_image":[{"width":1006,"height":596,"url":"https:\/\/nuevodigitaldeescobar.com.ar\/wp-content\/uploads\/2025\/08\/virus67.png","type":"image\/png"}],"author":"Redacci\u00f3n","twitter_card":"summary_large_image","twitter_creator":"@nuevodigescobar","twitter_site":"@nuevodigescobar","twitter_misc":{"Escrito por":"Redacci\u00f3n","Tiempo de lectura":"3 minutos"},"schema":{"@context":"https:\/\/schema.org","@graph":[{"@type":"Article","@id":"https:\/\/nuevodigitaldeescobar.com.ar\/?p=16994#article","isPartOf":{"@id":"https:\/\/nuevodigitaldeescobar.com.ar\/?p=16994"},"author":{"name":"Redacci\u00f3n","@id":"https:\/\/nuevodigitaldeescobar.com.ar\/#\/schema\/person\/035e90a8efe9a80e6eec22656ad6ea4c"},"headline":"Detectaron en Argentina la variante \u201cFrankenstein\u201d del COVID: qu\u00e9 se sabe y cu\u00e1les son sus s\u00edntomas","datePublished":"2025-08-06T05:17:00+00:00","mainEntityOfPage":{"@id":"https:\/\/nuevodigitaldeescobar.com.ar\/?p=16994"},"wordCount":568,"commentCount":0,"publisher":{"@id":"https:\/\/nuevodigitaldeescobar.com.ar\/#organization"},"image":{"@id":"https:\/\/nuevodigitaldeescobar.com.ar\/?p=16994#primaryimage"},"thumbnailUrl":"https:\/\/nuevodigitaldeescobar.com.ar\/wp-content\/uploads\/2025\/08\/virus67.png","articleSection":["Salud y Nutrici\u00f3n"],"inLanguage":"es","potentialAction":[{"@type":"CommentAction","name":"Comment","target":["https:\/\/nuevodigitaldeescobar.com.ar\/?p=16994#respond"]}]},{"@type":"WebPage","@id":"https:\/\/nuevodigitaldeescobar.com.ar\/?p=16994","url":"https:\/\/nuevodigitaldeescobar.com.ar\/?p=16994","name":"Detectaron en Argentina la variante \u201cFrankenstein\u201d del COVID: qu\u00e9 se sabe y cu\u00e1les son sus s\u00edntomas - Nuevo Digital de Escobar","isPartOf":{"@id":"https:\/\/nuevodigitaldeescobar.com.ar\/#website"},"primaryImageOfPage":{"@id":"https:\/\/nuevodigitaldeescobar.com.ar\/?p=16994#primaryimage"},"image":{"@id":"https:\/\/nuevodigitaldeescobar.com.ar\/?p=16994#primaryimage"},"thumbnailUrl":"https:\/\/nuevodigitaldeescobar.com.ar\/wp-content\/uploads\/2025\/08\/virus67.png","datePublished":"2025-08-06T05:17:00+00:00","breadcrumb":{"@id":"https:\/\/nuevodigitaldeescobar.com.ar\/?p=16994#breadcrumb"},"inLanguage":"es","potentialAction":[{"@type":"ReadAction","target":["https:\/\/nuevodigitaldeescobar.com.ar\/?p=16994"]}]},{"@type":"ImageObject","inLanguage":"es","@id":"https:\/\/nuevodigitaldeescobar.com.ar\/?p=16994#primaryimage","url":"https:\/\/nuevodigitaldeescobar.com.ar\/wp-content\/uploads\/2025\/08\/virus67.png","contentUrl":"https:\/\/nuevodigitaldeescobar.com.ar\/wp-content\/uploads\/2025\/08\/virus67.png","width":1006,"height":596},{"@type":"BreadcrumbList","@id":"https:\/\/nuevodigitaldeescobar.com.ar\/?p=16994#breadcrumb","itemListElement":[{"@type":"ListItem","position":1,"name":"Portada","item":"https:\/\/nuevodigitaldeescobar.com.ar\/"},{"@type":"ListItem","position":2,"name":"Detectaron en Argentina la variante \u201cFrankenstein\u201d del COVID: qu\u00e9 se sabe y cu\u00e1les son sus s\u00edntomas"}]},{"@type":"WebSite","@id":"https:\/\/nuevodigitaldeescobar.com.ar\/#website","url":"https:\/\/nuevodigitaldeescobar.com.ar\/","name":"Nuevo Digital de Escobar","description":"La vida escobarense. Directora: Rosana Brunner","publisher":{"@id":"https:\/\/nuevodigitaldeescobar.com.ar\/#organization"},"potentialAction":[{"@type":"SearchAction","target":{"@type":"EntryPoint","urlTemplate":"https:\/\/nuevodigitaldeescobar.com.ar\/?s={search_term_string}"},"query-input":{"@type":"PropertyValueSpecification","valueRequired":true,"valueName":"search_term_string"}}],"inLanguage":"es"},{"@type":"Organization","@id":"https:\/\/nuevodigitaldeescobar.com.ar\/#organization","name":"Nuevo Digital de Escobar","url":"https:\/\/nuevodigitaldeescobar.com.ar\/","logo":{"@type":"ImageObject","inLanguage":"es","@id":"https:\/\/nuevodigitaldeescobar.com.ar\/#\/schema\/logo\/image\/","url":"https:\/\/nuevodigitaldeescobar.com.ar\/wp-content\/uploads\/2025\/05\/cropped-logo-nuevo2.jpg","contentUrl":"https:\/\/nuevodigitaldeescobar.com.ar\/wp-content\/uploads\/2025\/05\/cropped-logo-nuevo2.jpg","width":305,"height":305,"caption":"Nuevo Digital de Escobar"},"image":{"@id":"https:\/\/nuevodigitaldeescobar.com.ar\/#\/schema\/logo\/image\/"},"sameAs":["https:\/\/www.facebook.com\/NUEVODigitalDeEscobar","https:\/\/x.com\/nuevodigescobar","https:\/\/www.instagram.com\/nuevodigitaldeescobar"]},{"@type":"Person","@id":"https:\/\/nuevodigitaldeescobar.com.ar\/#\/schema\/person\/035e90a8efe9a80e6eec22656ad6ea4c","name":"Redacci\u00f3n","image":{"@type":"ImageObject","inLanguage":"es","@id":"https:\/\/nuevodigitaldeescobar.com.ar\/#\/schema\/person\/image\/","url":"https:\/\/secure.gravatar.com\/avatar\/8af8f40000c24e9eef3034f2be5998a372bb1389e64b1a4a36b3a7979142220d?s=96&d=mm&r=g","contentUrl":"https:\/\/secure.gravatar.com\/avatar\/8af8f40000c24e9eef3034f2be5998a372bb1389e64b1a4a36b3a7979142220d?s=96&d=mm&r=g","caption":"Redacci\u00f3n"},"sameAs":["http:\/\/nuevodigitaldeescobar.com.ar"],"url":"https:\/\/nuevodigitaldeescobar.com.ar\/?author=1"}]}},"featured_image_urls":{"full":["https:\/\/nuevodigitaldeescobar.com.ar\/wp-content\/uploads\/2025\/08\/virus67.png",1006,596,false],"thumbnail":["https:\/\/nuevodigitaldeescobar.com.ar\/wp-content\/uploads\/2025\/08\/virus67-150x150.png",150,150,true],"medium":["https:\/\/nuevodigitaldeescobar.com.ar\/wp-content\/uploads\/2025\/08\/virus67-300x178.png",300,178,true],"medium_large":["https:\/\/nuevodigitaldeescobar.com.ar\/wp-content\/uploads\/2025\/08\/virus67-768x455.png",640,379,true],"large":["https:\/\/nuevodigitaldeescobar.com.ar\/wp-content\/uploads\/2025\/08\/virus67.png",640,379,false],"1536x1536":["https:\/\/nuevodigitaldeescobar.com.ar\/wp-content\/uploads\/2025\/08\/virus67.png",1006,596,false],"2048x2048":["https:\/\/nuevodigitaldeescobar.com.ar\/wp-content\/uploads\/2025\/08\/virus67.png",1006,596,false]},"author_info":{"display_name":"Redacci\u00f3n","author_link":"https:\/\/nuevodigitaldeescobar.com.ar\/?author=1"},"category_info":"<a href=\"https:\/\/nuevodigitaldeescobar.com.ar\/?cat=3\" rel=\"category\">Salud y Nutrici\u00f3n<\/a>","tag_info":"Salud y Nutrici\u00f3n","comment_count":"0","_links":{"self":[{"href":"https:\/\/nuevodigitaldeescobar.com.ar\/index.php?rest_route=\/wp\/v2\/posts\/16994","targetHints":{"allow":["GET"]}}],"collection":[{"href":"https:\/\/nuevodigitaldeescobar.com.ar\/index.php?rest_route=\/wp\/v2\/posts"}],"about":[{"href":"https:\/\/nuevodigitaldeescobar.com.ar\/index.php?rest_route=\/wp\/v2\/types\/post"}],"author":[{"embeddable":true,"href":"https:\/\/nuevodigitaldeescobar.com.ar\/index.php?rest_route=\/wp\/v2\/users\/1"}],"replies":[{"embeddable":true,"href":"https:\/\/nuevodigitaldeescobar.com.ar\/index.php?rest_route=%2Fwp%2Fv2%2Fcomments&post=16994"}],"version-history":[{"count":1,"href":"https:\/\/nuevodigitaldeescobar.com.ar\/index.php?rest_route=\/wp\/v2\/posts\/16994\/revisions"}],"predecessor-version":[{"id":16996,"href":"https:\/\/nuevodigitaldeescobar.com.ar\/index.php?rest_route=\/wp\/v2\/posts\/16994\/revisions\/16996"}],"wp:featuredmedia":[{"embeddable":true,"href":"https:\/\/nuevodigitaldeescobar.com.ar\/index.php?rest_route=\/wp\/v2\/media\/16995"}],"wp:attachment":[{"href":"https:\/\/nuevodigitaldeescobar.com.ar\/index.php?rest_route=%2Fwp%2Fv2%2Fmedia&parent=16994"}],"wp:term":[{"taxonomy":"category","embeddable":true,"href":"https:\/\/nuevodigitaldeescobar.com.ar\/index.php?rest_route=%2Fwp%2Fv2%2Fcategories&post=16994"},{"taxonomy":"post_tag","embeddable":true,"href":"https:\/\/nuevodigitaldeescobar.com.ar\/index.php?rest_route=%2Fwp%2Fv2%2Ftags&post=16994"}],"curies":[{"name":"wp","href":"https:\/\/api.w.org\/{rel}","templated":true}]}}