{"id":17010,"date":"2025-08-06T11:20:43","date_gmt":"2025-08-06T14:20:43","guid":{"rendered":"https:\/\/nuevodigitaldeescobar.com.ar\/?p=17010"},"modified":"2025-08-06T11:20:43","modified_gmt":"2025-08-06T14:20:43","slug":"formula-1-franco-colapinto-tuvo-un-accidente-en-las-pruebas-de-neumaticos-en-hungria","status":"publish","type":"post","link":"https:\/\/nuevodigitaldeescobar.com.ar\/?p=17010","title":{"rendered":"F\u00f3rmula 1: Franco Colapinto tuvo un accidente en las pruebas de neum\u00e1ticos en Hungr\u00eda"},"content":{"rendered":"<p><a href=\"https:\/\/derechadiario.com.ar\/deportes\/alpine-inicio-investigacion-para-determinar-los-fallos-las-paradas-colapinto\" title=\"Alpine inici\u00f3 una investigaci\u00f3n para determinar los fallos en las paradas de Colapinto\"><u><strong>Franco Colapinto<\/strong><\/u><\/a>\u00a0<strong>protagoniz\u00f3 un percance este martes durante las pruebas de <a href=\"https:\/\/derechadiario.com.ar\/deportes\/renault-tiene-nuevo-ceo-y-ya-presiono-alpine-necesitamos-mejorar\" title=\"Renault tiene un nuevo CEO y ya presion\u00f3 a Alpine: 'Necesitamos mejorar'\"><u>Alpine<\/u><\/a> de los neum\u00e1ticos Pirelli<\/strong>\u00a0 para la pr\u00f3xima temporada de F\u00f3rmula 1 en el circuito del <a href=\"https:\/\/derechadiario.com.ar\/deportes\/gp-hungria-norris-vuelve-al-triunfo-y-colapinto-sufre-por-culpa-sus-mecanicos\" title=\"GP de Hungr\u00eda: Norris vuelve al triunfo y Colapinto sufre por culpa de sus mec\u00e1nicos\"><u><strong>Gran Premio de Hungr\u00eda<\/strong><\/u><\/a>. El piloto de 22 a\u00f1os \u00a0<strong>se despist\u00f3 en la curva 11<\/strong>, una de las m\u00e1s r\u00e1pidas de las 14 que componen el trazado del Hungaroring, escenario que el pasado fin de semana alberg\u00f3 la 14\u00aa fecha del campeonato 2025.<\/p>\n<p>Las im\u00e1genes que circularon en la red social X muestran que el impacto <strong>da\u00f1\u00f3 principalmente el lateral derecho del A525<\/strong> que conduc\u00eda. Colapinto, visiblemente en buen estado, se par\u00f3 junto al monoplaza para analizar lo sucedido antes de ser trasladado por precauci\u00f3n al centro m\u00e9dico del circuito. All\u00ed <strong>fue evaluado por el personal sanitario y recibi\u00f3 el alta poco despu\u00e9s<\/strong>.<\/p>\n<div class=\"inter_image image_vertical\">\n<img decoding=\"async\" src=\"https:\/\/derechadiario.com.ar\/filesedc\/uploads\/image\/post\/2025\/08\/gxqdsqmxsaa6ycs_1200_1600.webp\" class=\"img-responsive lazyload\" alt=\"Monoplaza de carreras chocado contra una barrera de protecci\u00f3n azul y naranja en una pista de automovilismo\" title=\"Monoplaza de carreras chocado contra una barrera de protecci\u00f3n azul y naranja en una pista de automovilismo\" \/>\n<div>\n<span class=\"img_footer\">As\u00ed qued\u00f3 el monoplaza de Colapinto <\/span>| <span class=\"img_author\">La Derecha Diario<\/span>\n<\/div>\n<\/div>\n<h2><strong>Comunicado de Alpine<\/strong><\/h2>\n<p>Luego del susto inicial, la escuder\u00eda emiti\u00f3 un breve mensaje confirmando la situaci\u00f3n: \u00ab<em>Durante la ma\u00f1ana del segundo d\u00eda de pruebas de neum\u00e1ticos Pirelli en el Hungaroring, Franco Colapinto sufri\u00f3 un incidente en la curva 11. Fue evaluado en el centro m\u00e9dico del circuito y <strong>se encuentra bien<\/strong><\/em>\u00ab.<\/p>\n<figure><img decoding=\"async\" src=\"https:\/\/derechadiario.com.ar\/filesedc\/uploads\/image\/post\/2025\/08\/3-1754483039475_1200_800.webp\" class=\"img-responsive lazyload\" alt=\"Publicaci\u00f3n de Alpine F1 Team informando que Franco Colapinto tuvo un incidente en la curva 11 durante pruebas de neum\u00e1ticos en Hungaroring, fue evaluado en el centro m\u00e9dico y se encuentra bien\" title=\"Publicaci\u00f3n de Alpine F1 Team informando que Franco Colapinto tuvo un incidente en la curva 11 durante pruebas de neum\u00e1ticos en Hungaroring, fue evaluado en el centro m\u00e9dico y se encuentra bien\" \/><\/figure>\n<p>Colapinto estaba participando en una jornada de ensayos organizada por Pirelli al mando de un monoplaza A525 adaptado a las regulaciones de 2026, que <strong>el lunes hab\u00eda sido pilotado por el estonio Paul Aron<\/strong>, piloto de reserva del equipo. Adem\u00e1s, Alpine aprovechaba la ocasi\u00f3n para realizar un TPC (Test of Previous Cars) con el modelo de 2023, el <strong>A523<\/strong>.<\/p>\n<aside class=\"are-you-interested-container-photo\"><\/aside>\n<h2><strong>Planes interrumpidos<\/strong><\/h2>\n<p>En esta segunda unidad estaba al volante <strong>Pierre Gasly<\/strong>, con la idea de que m\u00e1s tarde intercambiara su asiento con Colapinto. Por ahora <strong>no est\u00e1 confirmado si el argentino podr\u00e1 retomar la actividad ni si el A525 podr\u00e1 ser reparado a tiempo para que Gasly tambi\u00e9n lo utilice<\/strong>.<\/p>\n<aside class=\"whatsappChannelText\"><a href=\"https:\/\/whatsapp.com\/channel\/0029VagEjILGE56eKjedWF2U\" rel=\"nofollow\" title=\"WhatsApp Link\"><img alt=\"Logo de WhatsApp\" class=\"lazyload\" data-src=\"\/filesedc\/uploads\/other\/whatsapp_icon_mid_article.png\" width=\"32\" height=\"32\" \/><\/a> <a href=\"https:\/\/whatsapp.com\/channel\/0029VagEjILGE56eKjedWF2U\" rel=\"nofollow\" title=\"WhatsApp Link\"><strong>NO SE PIERDAN NINGUNA NOTICIA<\/strong>: Click aqu\u00ed para sumarte <strong>GRATIS<\/strong> al canal de noticias de <strong>La Derecha Diario en WhatsApp.<\/strong><\/a><\/aside>\n<p>Este mi\u00e9rcoles, <strong>Alpine comparte la pista con Ferrari<\/strong>, que tiene a <strong>Charles Leclerc<\/strong>\u00a0 probando un <strong>SF-25 modificado<\/strong>. Ayer, adem\u00e1s de la escuder\u00eda francesa (que complet\u00f3 159 vueltas con Aron), giraron <strong>McLaren<\/strong>\u00a0 con <strong>Lando Norris<\/strong> (144 vueltas) y <strong>Racing Bulls<\/strong> con <strong>Liam Lawson<\/strong> (143 vueltas).<\/p>","protected":false},"excerpt":{"rendered":"<p>Franco Colapinto\u00a0protagoniz\u00f3 un percance este martes durante las pruebas de Alpine de los neum\u00e1ticos Pirelli\u00a0 para la pr\u00f3xima temporada de F\u00f3rmula 1 en el circuito [&hellip;]<\/p>\n","protected":false},"author":1,"featured_media":17011,"comment_status":"open","ping_status":"open","sticky":false,"template":"","format":"standard","meta":{"footnotes":""},"categories":[8],"tags":[],"class_list":["post-17010","post","type-post","status-publish","format-standard","has-post-thumbnail","hentry","category-deportes"],"better_featured_image":{"id":17011,"alt_text":"","caption":"","description":"","media_type":"image","media_details":{"width":1600,"height":1067,"file":"2025\/08\/franco-colapinto-1754483269113_1600_1067-QXTRwe.jpg","filesize":67488,"sizes":{"medium":{"file":"franco-colapinto-1754483269113_1600_1067-QXTRwe-300x200.jpg","width":300,"height":200,"mime-type":"image\/jpeg","filesize":9525,"source_url":"https:\/\/nuevodigitaldeescobar.com.ar\/wp-content\/uploads\/2025\/08\/franco-colapinto-1754483269113_1600_1067-QXTRwe-300x200.jpg"},"large":{"file":"franco-colapinto-1754483269113_1600_1067-QXTRwe-1024x683.jpg","width":1024,"height":683,"mime-type":"image\/jpeg","filesize":54943,"source_url":"https:\/\/nuevodigitaldeescobar.com.ar\/wp-content\/uploads\/2025\/08\/franco-colapinto-1754483269113_1600_1067-QXTRwe-1024x683.jpg"},"thumbnail":{"file":"franco-colapinto-1754483269113_1600_1067-QXTRwe-150x150.jpg","width":150,"height":150,"mime-type":"image\/jpeg","filesize":5264,"source_url":"https:\/\/nuevodigitaldeescobar.com.ar\/wp-content\/uploads\/2025\/08\/franco-colapinto-1754483269113_1600_1067-QXTRwe-150x150.jpg"},"medium_large":{"file":"franco-colapinto-1754483269113_1600_1067-QXTRwe-768x512.jpg","width":768,"height":512,"mime-type":"image\/jpeg","filesize":36186,"source_url":"https:\/\/nuevodigitaldeescobar.com.ar\/wp-content\/uploads\/2025\/08\/franco-colapinto-1754483269113_1600_1067-QXTRwe-768x512.jpg"},"1536x1536":{"file":"franco-colapinto-1754483269113_1600_1067-QXTRwe-1536x1024.jpg","width":1536,"height":1024,"mime-type":"image\/jpeg","filesize":94457,"source_url":"https:\/\/nuevodigitaldeescobar.com.ar\/wp-content\/uploads\/2025\/08\/franco-colapinto-1754483269113_1600_1067-QXTRwe-1536x1024.jpg"}},"image_meta":{"aperture":"0","credit":"","camera":"","caption":"","created_timestamp":"0","copyright":"","focal_length":"0","iso":"0","shutter_speed":"0","title":"","orientation":"0","keywords":[]}},"post":17010,"source_url":"https:\/\/nuevodigitaldeescobar.com.ar\/wp-content\/uploads\/2025\/08\/franco-colapinto-1754483269113_1600_1067-QXTRwe.jpg"},"yoast_head":"<!-- This site is optimized with the Yoast SEO plugin v26.1.1 - https:\/\/yoast.com\/wordpress\/plugins\/seo\/ -->\n<title>F\u00f3rmula 1: Franco Colapinto tuvo un accidente en las pruebas de neum\u00e1ticos en Hungr\u00eda - Nuevo Digital de Escobar<\/title>\n<meta name=\"robots\" content=\"index, follow, max-snippet:-1, max-image-preview:large, max-video-preview:-1\" \/>\n<link rel=\"canonical\" href=\"https:\/\/nuevodigitaldeescobar.com.ar\/?p=17010\" \/>\n<meta property=\"og:locale\" content=\"es_ES\" \/>\n<meta property=\"og:type\" content=\"article\" \/>\n<meta property=\"og:title\" content=\"F\u00f3rmula 1: Franco Colapinto tuvo un accidente en las pruebas de neum\u00e1ticos en Hungr\u00eda - Nuevo Digital de Escobar\" \/>\n<meta property=\"og:description\" content=\"Franco Colapinto\u00a0protagoniz\u00f3 un percance este martes durante las pruebas de Alpine de los neum\u00e1ticos Pirelli\u00a0 para la pr\u00f3xima temporada de F\u00f3rmula 1 en el circuito [&hellip;]\" \/>\n<meta property=\"og:url\" content=\"https:\/\/nuevodigitaldeescobar.com.ar\/?p=17010\" \/>\n<meta property=\"og:site_name\" content=\"Nuevo Digital de Escobar\" \/>\n<meta property=\"article:publisher\" content=\"https:\/\/www.facebook.com\/NUEVODigitalDeEscobar\" \/>\n<meta property=\"article:published_time\" content=\"2025-08-06T14:20:43+00:00\" \/>\n<meta property=\"og:image\" content=\"https:\/\/derechadiario.com.ar\/filesedc\/uploads\/image\/post\/2025\/08\/gxqdsqmxsaa6ycs_1200_1600.webp\" \/>\n<meta name=\"author\" content=\"Redacci\u00f3n\" \/>\n<meta name=\"twitter:card\" content=\"summary_large_image\" \/>\n<meta name=\"twitter:creator\" content=\"@nuevodigescobar\" \/>\n<meta name=\"twitter:site\" content=\"@nuevodigescobar\" \/>\n<meta name=\"twitter:label1\" content=\"Escrito por\" \/>\n\t<meta name=\"twitter:data1\" content=\"Redacci\u00f3n\" \/>\n\t<meta name=\"twitter:label2\" content=\"Tiempo de lectura\" \/>\n\t<meta name=\"twitter:data2\" content=\"2 minutos\" \/>\n<script type=\"application\/ld+json\" class=\"yoast-schema-graph\">{\"@context\":\"https:\/\/schema.org\",\"@graph\":[{\"@type\":\"Article\",\"@id\":\"https:\/\/nuevodigitaldeescobar.com.ar\/?p=17010#article\",\"isPartOf\":{\"@id\":\"https:\/\/nuevodigitaldeescobar.com.ar\/?p=17010\"},\"author\":{\"name\":\"Redacci\u00f3n\",\"@id\":\"https:\/\/nuevodigitaldeescobar.com.ar\/#\/schema\/person\/035e90a8efe9a80e6eec22656ad6ea4c\"},\"headline\":\"F\u00f3rmula 1: Franco Colapinto tuvo un accidente en las pruebas de neum\u00e1ticos en Hungr\u00eda\",\"datePublished\":\"2025-08-06T14:20:43+00:00\",\"mainEntityOfPage\":{\"@id\":\"https:\/\/nuevodigitaldeescobar.com.ar\/?p=17010\"},\"wordCount\":393,\"commentCount\":0,\"publisher\":{\"@id\":\"https:\/\/nuevodigitaldeescobar.com.ar\/#organization\"},\"image\":{\"@id\":\"https:\/\/nuevodigitaldeescobar.com.ar\/?p=17010#primaryimage\"},\"thumbnailUrl\":\"https:\/\/nuevodigitaldeescobar.com.ar\/wp-content\/uploads\/2025\/08\/franco-colapinto-1754483269113_1600_1067-QXTRwe.jpg\",\"articleSection\":[\"Deportes\"],\"inLanguage\":\"es\",\"potentialAction\":[{\"@type\":\"CommentAction\",\"name\":\"Comment\",\"target\":[\"https:\/\/nuevodigitaldeescobar.com.ar\/?p=17010#respond\"]}]},{\"@type\":\"WebPage\",\"@id\":\"https:\/\/nuevodigitaldeescobar.com.ar\/?p=17010\",\"url\":\"https:\/\/nuevodigitaldeescobar.com.ar\/?p=17010\",\"name\":\"F\u00f3rmula 1: Franco Colapinto tuvo un accidente en las pruebas de neum\u00e1ticos en Hungr\u00eda - Nuevo Digital de Escobar\",\"isPartOf\":{\"@id\":\"https:\/\/nuevodigitaldeescobar.com.ar\/#website\"},\"primaryImageOfPage\":{\"@id\":\"https:\/\/nuevodigitaldeescobar.com.ar\/?p=17010#primaryimage\"},\"image\":{\"@id\":\"https:\/\/nuevodigitaldeescobar.com.ar\/?p=17010#primaryimage\"},\"thumbnailUrl\":\"https:\/\/nuevodigitaldeescobar.com.ar\/wp-content\/uploads\/2025\/08\/franco-colapinto-1754483269113_1600_1067-QXTRwe.jpg\",\"datePublished\":\"2025-08-06T14:20:43+00:00\",\"breadcrumb\":{\"@id\":\"https:\/\/nuevodigitaldeescobar.com.ar\/?p=17010#breadcrumb\"},\"inLanguage\":\"es\",\"potentialAction\":[{\"@type\":\"ReadAction\",\"target\":[\"https:\/\/nuevodigitaldeescobar.com.ar\/?p=17010\"]}]},{\"@type\":\"ImageObject\",\"inLanguage\":\"es\",\"@id\":\"https:\/\/nuevodigitaldeescobar.com.ar\/?p=17010#primaryimage\",\"url\":\"https:\/\/nuevodigitaldeescobar.com.ar\/wp-content\/uploads\/2025\/08\/franco-colapinto-1754483269113_1600_1067-QXTRwe.jpg\",\"contentUrl\":\"https:\/\/nuevodigitaldeescobar.com.ar\/wp-content\/uploads\/2025\/08\/franco-colapinto-1754483269113_1600_1067-QXTRwe.jpg\",\"width\":1600,\"height\":1067},{\"@type\":\"BreadcrumbList\",\"@id\":\"https:\/\/nuevodigitaldeescobar.com.ar\/?p=17010#breadcrumb\",\"itemListElement\":[{\"@type\":\"ListItem\",\"position\":1,\"name\":\"Portada\",\"item\":\"https:\/\/nuevodigitaldeescobar.com.ar\/\"},{\"@type\":\"ListItem\",\"position\":2,\"name\":\"F\u00f3rmula 1: Franco Colapinto tuvo un accidente en las pruebas de neum\u00e1ticos en Hungr\u00eda\"}]},{\"@type\":\"WebSite\",\"@id\":\"https:\/\/nuevodigitaldeescobar.com.ar\/#website\",\"url\":\"https:\/\/nuevodigitaldeescobar.com.ar\/\",\"name\":\"Nuevo Digital de Escobar\",\"description\":\"La vida escobarense. Directora: Rosana Brunner\",\"publisher\":{\"@id\":\"https:\/\/nuevodigitaldeescobar.com.ar\/#organization\"},\"potentialAction\":[{\"@type\":\"SearchAction\",\"target\":{\"@type\":\"EntryPoint\",\"urlTemplate\":\"https:\/\/nuevodigitaldeescobar.com.ar\/?s={search_term_string}\"},\"query-input\":{\"@type\":\"PropertyValueSpecification\",\"valueRequired\":true,\"valueName\":\"search_term_string\"}}],\"inLanguage\":\"es\"},{\"@type\":\"Organization\",\"@id\":\"https:\/\/nuevodigitaldeescobar.com.ar\/#organization\",\"name\":\"Nuevo Digital de Escobar\",\"url\":\"https:\/\/nuevodigitaldeescobar.com.ar\/\",\"logo\":{\"@type\":\"ImageObject\",\"inLanguage\":\"es\",\"@id\":\"https:\/\/nuevodigitaldeescobar.com.ar\/#\/schema\/logo\/image\/\",\"url\":\"https:\/\/nuevodigitaldeescobar.com.ar\/wp-content\/uploads\/2025\/05\/cropped-logo-nuevo2.jpg\",\"contentUrl\":\"https:\/\/nuevodigitaldeescobar.com.ar\/wp-content\/uploads\/2025\/05\/cropped-logo-nuevo2.jpg\",\"width\":305,\"height\":305,\"caption\":\"Nuevo Digital de Escobar\"},\"image\":{\"@id\":\"https:\/\/nuevodigitaldeescobar.com.ar\/#\/schema\/logo\/image\/\"},\"sameAs\":[\"https:\/\/www.facebook.com\/NUEVODigitalDeEscobar\",\"https:\/\/x.com\/nuevodigescobar\",\"https:\/\/www.instagram.com\/nuevodigitaldeescobar\"]},{\"@type\":\"Person\",\"@id\":\"https:\/\/nuevodigitaldeescobar.com.ar\/#\/schema\/person\/035e90a8efe9a80e6eec22656ad6ea4c\",\"name\":\"Redacci\u00f3n\",\"image\":{\"@type\":\"ImageObject\",\"inLanguage\":\"es\",\"@id\":\"https:\/\/nuevodigitaldeescobar.com.ar\/#\/schema\/person\/image\/\",\"url\":\"https:\/\/secure.gravatar.com\/avatar\/8af8f40000c24e9eef3034f2be5998a372bb1389e64b1a4a36b3a7979142220d?s=96&d=mm&r=g\",\"contentUrl\":\"https:\/\/secure.gravatar.com\/avatar\/8af8f40000c24e9eef3034f2be5998a372bb1389e64b1a4a36b3a7979142220d?s=96&d=mm&r=g\",\"caption\":\"Redacci\u00f3n\"},\"sameAs\":[\"http:\/\/nuevodigitaldeescobar.com.ar\"],\"url\":\"https:\/\/nuevodigitaldeescobar.com.ar\/?author=1\"}]}<\/script>\n<!-- \/ Yoast SEO plugin. -->","yoast_head_json":{"title":"F\u00f3rmula 1: Franco Colapinto tuvo un accidente en las pruebas de neum\u00e1ticos en Hungr\u00eda - Nuevo Digital de Escobar","robots":{"index":"index","follow":"follow","max-snippet":"max-snippet:-1","max-image-preview":"max-image-preview:large","max-video-preview":"max-video-preview:-1"},"canonical":"https:\/\/nuevodigitaldeescobar.com.ar\/?p=17010","og_locale":"es_ES","og_type":"article","og_title":"F\u00f3rmula 1: Franco Colapinto tuvo un accidente en las pruebas de neum\u00e1ticos en Hungr\u00eda - Nuevo Digital de Escobar","og_description":"Franco Colapinto\u00a0protagoniz\u00f3 un percance este martes durante las pruebas de Alpine de los neum\u00e1ticos Pirelli\u00a0 para la pr\u00f3xima temporada de F\u00f3rmula 1 en el circuito [&hellip;]","og_url":"https:\/\/nuevodigitaldeescobar.com.ar\/?p=17010","og_site_name":"Nuevo Digital de Escobar","article_publisher":"https:\/\/www.facebook.com\/NUEVODigitalDeEscobar","article_published_time":"2025-08-06T14:20:43+00:00","og_image":[{"url":"https:\/\/derechadiario.com.ar\/filesedc\/uploads\/image\/post\/2025\/08\/gxqdsqmxsaa6ycs_1200_1600.webp","type":"","width":"","height":""}],"author":"Redacci\u00f3n","twitter_card":"summary_large_image","twitter_creator":"@nuevodigescobar","twitter_site":"@nuevodigescobar","twitter_misc":{"Escrito por":"Redacci\u00f3n","Tiempo de lectura":"2 minutos"},"schema":{"@context":"https:\/\/schema.org","@graph":[{"@type":"Article","@id":"https:\/\/nuevodigitaldeescobar.com.ar\/?p=17010#article","isPartOf":{"@id":"https:\/\/nuevodigitaldeescobar.com.ar\/?p=17010"},"author":{"name":"Redacci\u00f3n","@id":"https:\/\/nuevodigitaldeescobar.com.ar\/#\/schema\/person\/035e90a8efe9a80e6eec22656ad6ea4c"},"headline":"F\u00f3rmula 1: Franco Colapinto tuvo un accidente en las pruebas de neum\u00e1ticos en Hungr\u00eda","datePublished":"2025-08-06T14:20:43+00:00","mainEntityOfPage":{"@id":"https:\/\/nuevodigitaldeescobar.com.ar\/?p=17010"},"wordCount":393,"commentCount":0,"publisher":{"@id":"https:\/\/nuevodigitaldeescobar.com.ar\/#organization"},"image":{"@id":"https:\/\/nuevodigitaldeescobar.com.ar\/?p=17010#primaryimage"},"thumbnailUrl":"https:\/\/nuevodigitaldeescobar.com.ar\/wp-content\/uploads\/2025\/08\/franco-colapinto-1754483269113_1600_1067-QXTRwe.jpg","articleSection":["Deportes"],"inLanguage":"es","potentialAction":[{"@type":"CommentAction","name":"Comment","target":["https:\/\/nuevodigitaldeescobar.com.ar\/?p=17010#respond"]}]},{"@type":"WebPage","@id":"https:\/\/nuevodigitaldeescobar.com.ar\/?p=17010","url":"https:\/\/nuevodigitaldeescobar.com.ar\/?p=17010","name":"F\u00f3rmula 1: Franco Colapinto tuvo un accidente en las pruebas de neum\u00e1ticos en Hungr\u00eda - Nuevo Digital de Escobar","isPartOf":{"@id":"https:\/\/nuevodigitaldeescobar.com.ar\/#website"},"primaryImageOfPage":{"@id":"https:\/\/nuevodigitaldeescobar.com.ar\/?p=17010#primaryimage"},"image":{"@id":"https:\/\/nuevodigitaldeescobar.com.ar\/?p=17010#primaryimage"},"thumbnailUrl":"https:\/\/nuevodigitaldeescobar.com.ar\/wp-content\/uploads\/2025\/08\/franco-colapinto-1754483269113_1600_1067-QXTRwe.jpg","datePublished":"2025-08-06T14:20:43+00:00","breadcrumb":{"@id":"https:\/\/nuevodigitaldeescobar.com.ar\/?p=17010#breadcrumb"},"inLanguage":"es","potentialAction":[{"@type":"ReadAction","target":["https:\/\/nuevodigitaldeescobar.com.ar\/?p=17010"]}]},{"@type":"ImageObject","inLanguage":"es","@id":"https:\/\/nuevodigitaldeescobar.com.ar\/?p=17010#primaryimage","url":"https:\/\/nuevodigitaldeescobar.com.ar\/wp-content\/uploads\/2025\/08\/franco-colapinto-1754483269113_1600_1067-QXTRwe.jpg","contentUrl":"https:\/\/nuevodigitaldeescobar.com.ar\/wp-content\/uploads\/2025\/08\/franco-colapinto-1754483269113_1600_1067-QXTRwe.jpg","width":1600,"height":1067},{"@type":"BreadcrumbList","@id":"https:\/\/nuevodigitaldeescobar.com.ar\/?p=17010#breadcrumb","itemListElement":[{"@type":"ListItem","position":1,"name":"Portada","item":"https:\/\/nuevodigitaldeescobar.com.ar\/"},{"@type":"ListItem","position":2,"name":"F\u00f3rmula 1: Franco Colapinto tuvo un accidente en las pruebas de neum\u00e1ticos en Hungr\u00eda"}]},{"@type":"WebSite","@id":"https:\/\/nuevodigitaldeescobar.com.ar\/#website","url":"https:\/\/nuevodigitaldeescobar.com.ar\/","name":"Nuevo Digital de Escobar","description":"La vida escobarense. Directora: Rosana Brunner","publisher":{"@id":"https:\/\/nuevodigitaldeescobar.com.ar\/#organization"},"potentialAction":[{"@type":"SearchAction","target":{"@type":"EntryPoint","urlTemplate":"https:\/\/nuevodigitaldeescobar.com.ar\/?s={search_term_string}"},"query-input":{"@type":"PropertyValueSpecification","valueRequired":true,"valueName":"search_term_string"}}],"inLanguage":"es"},{"@type":"Organization","@id":"https:\/\/nuevodigitaldeescobar.com.ar\/#organization","name":"Nuevo Digital de Escobar","url":"https:\/\/nuevodigitaldeescobar.com.ar\/","logo":{"@type":"ImageObject","inLanguage":"es","@id":"https:\/\/nuevodigitaldeescobar.com.ar\/#\/schema\/logo\/image\/","url":"https:\/\/nuevodigitaldeescobar.com.ar\/wp-content\/uploads\/2025\/05\/cropped-logo-nuevo2.jpg","contentUrl":"https:\/\/nuevodigitaldeescobar.com.ar\/wp-content\/uploads\/2025\/05\/cropped-logo-nuevo2.jpg","width":305,"height":305,"caption":"Nuevo Digital de Escobar"},"image":{"@id":"https:\/\/nuevodigitaldeescobar.com.ar\/#\/schema\/logo\/image\/"},"sameAs":["https:\/\/www.facebook.com\/NUEVODigitalDeEscobar","https:\/\/x.com\/nuevodigescobar","https:\/\/www.instagram.com\/nuevodigitaldeescobar"]},{"@type":"Person","@id":"https:\/\/nuevodigitaldeescobar.com.ar\/#\/schema\/person\/035e90a8efe9a80e6eec22656ad6ea4c","name":"Redacci\u00f3n","image":{"@type":"ImageObject","inLanguage":"es","@id":"https:\/\/nuevodigitaldeescobar.com.ar\/#\/schema\/person\/image\/","url":"https:\/\/secure.gravatar.com\/avatar\/8af8f40000c24e9eef3034f2be5998a372bb1389e64b1a4a36b3a7979142220d?s=96&d=mm&r=g","contentUrl":"https:\/\/secure.gravatar.com\/avatar\/8af8f40000c24e9eef3034f2be5998a372bb1389e64b1a4a36b3a7979142220d?s=96&d=mm&r=g","caption":"Redacci\u00f3n"},"sameAs":["http:\/\/nuevodigitaldeescobar.com.ar"],"url":"https:\/\/nuevodigitaldeescobar.com.ar\/?author=1"}]}},"featured_image_urls":{"full":["https:\/\/nuevodigitaldeescobar.com.ar\/wp-content\/uploads\/2025\/08\/franco-colapinto-1754483269113_1600_1067-QXTRwe.jpg",1600,1067,false],"thumbnail":["https:\/\/nuevodigitaldeescobar.com.ar\/wp-content\/uploads\/2025\/08\/franco-colapinto-1754483269113_1600_1067-QXTRwe-150x150.jpg",150,150,true],"medium":["https:\/\/nuevodigitaldeescobar.com.ar\/wp-content\/uploads\/2025\/08\/franco-colapinto-1754483269113_1600_1067-QXTRwe-300x200.jpg",300,200,true],"medium_large":["https:\/\/nuevodigitaldeescobar.com.ar\/wp-content\/uploads\/2025\/08\/franco-colapinto-1754483269113_1600_1067-QXTRwe-768x512.jpg",640,427,true],"large":["https:\/\/nuevodigitaldeescobar.com.ar\/wp-content\/uploads\/2025\/08\/franco-colapinto-1754483269113_1600_1067-QXTRwe-1024x683.jpg",640,427,true],"1536x1536":["https:\/\/nuevodigitaldeescobar.com.ar\/wp-content\/uploads\/2025\/08\/franco-colapinto-1754483269113_1600_1067-QXTRwe-1536x1024.jpg",1536,1024,true],"2048x2048":["https:\/\/nuevodigitaldeescobar.com.ar\/wp-content\/uploads\/2025\/08\/franco-colapinto-1754483269113_1600_1067-QXTRwe.jpg",1600,1067,false]},"author_info":{"display_name":"Redacci\u00f3n","author_link":"https:\/\/nuevodigitaldeescobar.com.ar\/?author=1"},"category_info":"<a href=\"https:\/\/nuevodigitaldeescobar.com.ar\/?cat=8\" rel=\"category\">Deportes<\/a>","tag_info":"Deportes","comment_count":"0","_links":{"self":[{"href":"https:\/\/nuevodigitaldeescobar.com.ar\/index.php?rest_route=\/wp\/v2\/posts\/17010","targetHints":{"allow":["GET"]}}],"collection":[{"href":"https:\/\/nuevodigitaldeescobar.com.ar\/index.php?rest_route=\/wp\/v2\/posts"}],"about":[{"href":"https:\/\/nuevodigitaldeescobar.com.ar\/index.php?rest_route=\/wp\/v2\/types\/post"}],"author":[{"embeddable":true,"href":"https:\/\/nuevodigitaldeescobar.com.ar\/index.php?rest_route=\/wp\/v2\/users\/1"}],"replies":[{"embeddable":true,"href":"https:\/\/nuevodigitaldeescobar.com.ar\/index.php?rest_route=%2Fwp%2Fv2%2Fcomments&post=17010"}],"version-history":[{"count":0,"href":"https:\/\/nuevodigitaldeescobar.com.ar\/index.php?rest_route=\/wp\/v2\/posts\/17010\/revisions"}],"wp:featuredmedia":[{"embeddable":true,"href":"https:\/\/nuevodigitaldeescobar.com.ar\/index.php?rest_route=\/wp\/v2\/media\/17011"}],"wp:attachment":[{"href":"https:\/\/nuevodigitaldeescobar.com.ar\/index.php?rest_route=%2Fwp%2Fv2%2Fmedia&parent=17010"}],"wp:term":[{"taxonomy":"category","embeddable":true,"href":"https:\/\/nuevodigitaldeescobar.com.ar\/index.php?rest_route=%2Fwp%2Fv2%2Fcategories&post=17010"},{"taxonomy":"post_tag","embeddable":true,"href":"https:\/\/nuevodigitaldeescobar.com.ar\/index.php?rest_route=%2Fwp%2Fv2%2Ftags&post=17010"}],"curies":[{"name":"wp","href":"https:\/\/api.w.org\/{rel}","templated":true}]}}