{"id":17024,"date":"2025-08-07T03:23:00","date_gmt":"2025-08-07T06:23:00","guid":{"rendered":"https:\/\/nuevodigitaldeescobar.com.ar\/?p=17024"},"modified":"2025-08-06T23:28:32","modified_gmt":"2025-08-07T02:28:32","slug":"privatizacion-del-belgrano-cargas-las-cerealeras-mas-poderosas-del-pais-quieren-quedarse-con-el-control-ferroviario","status":"publish","type":"post","link":"https:\/\/nuevodigitaldeescobar.com.ar\/?p=17024","title":{"rendered":"Privatizaci\u00f3n del Belgrano Cargas: las cerealeras m\u00e1s poderosas del pa\u00eds quieren quedarse con el control ferroviario"},"content":{"rendered":"\n<p class=\"has-vivid-cyan-blue-color has-text-color has-link-color wp-elements-0722f3dccf460d8ef3daf4cb13eb12b4\"><em><strong>Cinco de las empresas agroexportadoras m\u00e1s influyentes de la Argentina \u2014Bunge, Cargill, Louis Dreyfus, Aceitera General Deheza y ACA\u2014 anunciaron su intenci\u00f3n de competir por la concesi\u00f3n del ferrocarril Belgrano Cargas, en el marco del plan de privatizaciones que impulsa el Gobierno nacional tras la aprobaci\u00f3n de la Ley Bases.<\/strong><\/em><\/p>\n\n\n\n<!--more-->\n\n\n\n<p>Las compa\u00f1\u00edas, claves en el comercio internacional de granos, trabajan de manera coordinada en una <strong>propuesta conjunta<\/strong> para gestionar esta estrat\u00e9gica red ferroviaria, vital tanto para el sector agroindustrial como para el desarrollo de la miner\u00eda en el norte y noroeste del pa\u00eds.<\/p>\n\n\n\n<h3 class=\"wp-block-heading has-text-color has-link-color wp-elements-2ea8584c8e92f039c7917e13faf45d92\" style=\"color:#1537d0\"><em>Reuni\u00f3n clave en Rosario<\/em><\/h3>\n\n\n\n<p>El anuncio fue realizado tras una reuni\u00f3n encabezada por <strong>Miguel Simioni<\/strong>, presidente de la <strong>Bolsa de Comercio de Rosario (BCR)<\/strong>, junto a representantes de las empresas interesadas. Durante el encuentro, se remarc\u00f3 el objetivo de <strong>mejorar la eficiencia log\u00edstica<\/strong> en regiones alejadas de los puertos, especialmente en el NOA, mediante un sistema ferroviario moderno y competitivo.<\/p>\n\n\n\n<p>Desde la BCR tambi\u00e9n insistieron en la <strong>urgente necesidad de finalizar el circunvalar ferroviario de Santa Fe<\/strong>, obra que permitir\u00eda optimizar los tiempos y costos de transporte hacia los puertos del Gran Rosario.<\/p>\n\n\n\n<h3 class=\"wp-block-heading has-text-color has-link-color wp-elements-8365d5155ce1ae36d656fe3132c1b486\" style=\"color:#1537d0\"><em>Avance del plan de privatizaci\u00f3n<\/em><\/h3>\n\n\n\n<p>La empresa estatal <strong>Belgrano Cargas y Log\u00edstica (BCYL)<\/strong> opera actualmente una red de <strong>7.600 kil\u00f3metros de v\u00edas en 17 provincias<\/strong>, conectando zonas productivas claves con los centros portuarios. Seg\u00fan fuentes oficiales, el Gobierno avanza hacia una <strong>\u201cdesintegraci\u00f3n vertical\u201d de la compa\u00f1\u00eda<\/strong>, separando sus unidades de negocio para facilitar la licitaci\u00f3n por partes.<\/p>\n\n\n\n<p>El proceso est\u00e1 en manos de <strong>Diego Chaer<\/strong>, titular de la Agencia de Transformaci\u00f3n de Empresas P\u00fablicas, dependiente del Ministerio de Econom\u00eda. El esquema de privatizaci\u00f3n incluir\u00e1 la concesi\u00f3n de la infraestructura ferroviaria \u2014que seguir\u00e1 siendo propiedad del Estado\u2014, el uso de talleres, y la <strong>venta del material rodante mediante subastas p\u00fablicas<\/strong>.<\/p>\n\n\n\n<p>El modelo contempla una <strong>concesi\u00f3n de acceso abierto<\/strong>, lo que obligar\u00e1 al operador adjudicatario a permitir la circulaci\u00f3n de otras empresas mediante el pago de tarifas reguladas.<\/p>\n\n\n\n<h3 class=\"wp-block-heading has-text-color has-link-color wp-elements-26d7c6d4b010de3d7c2b5f624a2f940f\" style=\"color:#1537d0\"><em>Inter\u00e9s tambi\u00e9n de empresas mineras<\/em><\/h3>\n\n\n\n<p>Adem\u00e1s del agro, el sector minero tambi\u00e9n se muestra atento al futuro del Belgrano Cargas. Firmas internacionales como <strong>R\u00edo Tinto<\/strong> ya expresaron su inter\u00e9s en aprovechar la red ferroviaria para transportar minerales desde zonas cordilleranas hacia los puertos de exportaci\u00f3n.<\/p>\n\n\n\n<p>Por ahora, el Gobierno no tiene previsto reactivar los tramos que se encuentran clausurados, ya que eso implicar\u00eda evaluaciones sociales y urban\u00edsticas que exceden el alcance inmediato del plan de privatizaci\u00f3n.<\/p>\n\n\n\n<h3 class=\"wp-block-heading has-text-color has-link-color wp-elements-7301a5556d4f2ed0a2e35d918b3b67c3\" style=\"color:#1537d0\"><em>Una puja con peso econ\u00f3mico y geopol\u00edtico<\/em><\/h3>\n\n\n\n<p>La futura concesi\u00f3n del Belgrano Cargas se perfila como un punto de inflexi\u00f3n en la infraestructura log\u00edstica del pa\u00eds. Con el ingreso de actores privados nacionales e internacionales, la red ferroviaria podr\u00eda modernizarse, pero tambi\u00e9n concentrar a\u00fan m\u00e1s poder en manos de los grandes exportadores.<\/p>\n","protected":false},"excerpt":{"rendered":"<p>Cinco de las empresas agroexportadoras m\u00e1s influyentes de la Argentina \u2014Bunge, Cargill, Louis Dreyfus, Aceitera General Deheza y ACA\u2014 anunciaron su intenci\u00f3n de competir por [&hellip;]<\/p>\n","protected":false},"author":1,"featured_media":17025,"comment_status":"open","ping_status":"open","sticky":false,"template":"","format":"standard","meta":{"footnotes":""},"categories":[10],"tags":[],"class_list":["post-17024","post","type-post","status-publish","format-standard","has-post-thumbnail","hentry","category-economia"],"better_featured_image":{"id":17025,"alt_text":"","caption":"","description":"","media_type":"image","media_details":{"width":1047,"height":673,"file":"2025\/08\/belgranocargas45.png","filesize":1534842,"sizes":{"medium":{"file":"belgranocargas45-300x193.png","width":300,"height":193,"mime-type":"image\/png","filesize":43666,"source_url":"https:\/\/nuevodigitaldeescobar.com.ar\/wp-content\/uploads\/2025\/08\/belgranocargas45-300x193.png"},"large":{"file":"belgranocargas45-1024x658.png","width":1024,"height":658,"mime-type":"image\/png","filesize":403630,"source_url":"https:\/\/nuevodigitaldeescobar.com.ar\/wp-content\/uploads\/2025\/08\/belgranocargas45-1024x658.png"},"thumbnail":{"file":"belgranocargas45-150x150.png","width":150,"height":150,"mime-type":"image\/png","filesize":19232,"source_url":"https:\/\/nuevodigitaldeescobar.com.ar\/wp-content\/uploads\/2025\/08\/belgranocargas45-150x150.png"},"medium_large":{"file":"belgranocargas45-768x494.png","width":768,"height":494,"mime-type":"image\/png","filesize":234785,"source_url":"https:\/\/nuevodigitaldeescobar.com.ar\/wp-content\/uploads\/2025\/08\/belgranocargas45-768x494.png"}},"image_meta":{"aperture":"0","credit":"","camera":"","caption":"","created_timestamp":"0","copyright":"","focal_length":"0","iso":"0","shutter_speed":"0","title":"","orientation":"0","keywords":[]}},"post":17024,"source_url":"https:\/\/nuevodigitaldeescobar.com.ar\/wp-content\/uploads\/2025\/08\/belgranocargas45.png"},"yoast_head":"<!-- This site is optimized with the Yoast SEO plugin v26.1.1 - https:\/\/yoast.com\/wordpress\/plugins\/seo\/ -->\n<title>Privatizaci\u00f3n del Belgrano Cargas: las cerealeras m\u00e1s poderosas del pa\u00eds quieren quedarse con el control ferroviario - Nuevo Digital de Escobar<\/title>\n<meta name=\"robots\" content=\"index, follow, max-snippet:-1, max-image-preview:large, max-video-preview:-1\" \/>\n<link rel=\"canonical\" href=\"https:\/\/nuevodigitaldeescobar.com.ar\/?p=17024\" \/>\n<meta property=\"og:locale\" content=\"es_ES\" \/>\n<meta property=\"og:type\" content=\"article\" \/>\n<meta property=\"og:title\" content=\"Privatizaci\u00f3n del Belgrano Cargas: las cerealeras m\u00e1s poderosas del pa\u00eds quieren quedarse con el control ferroviario - Nuevo Digital de Escobar\" \/>\n<meta property=\"og:description\" content=\"Cinco de las empresas agroexportadoras m\u00e1s influyentes de la Argentina \u2014Bunge, Cargill, Louis Dreyfus, Aceitera General Deheza y ACA\u2014 anunciaron su intenci\u00f3n de competir por [&hellip;]\" \/>\n<meta property=\"og:url\" content=\"https:\/\/nuevodigitaldeescobar.com.ar\/?p=17024\" \/>\n<meta property=\"og:site_name\" content=\"Nuevo Digital de Escobar\" \/>\n<meta property=\"article:publisher\" content=\"https:\/\/www.facebook.com\/NUEVODigitalDeEscobar\" \/>\n<meta property=\"article:published_time\" content=\"2025-08-07T06:23:00+00:00\" \/>\n<meta property=\"og:image\" content=\"https:\/\/nuevodigitaldeescobar.com.ar\/wp-content\/uploads\/2025\/08\/belgranocargas45.png\" \/>\n\t<meta property=\"og:image:width\" content=\"1047\" \/>\n\t<meta property=\"og:image:height\" content=\"673\" \/>\n\t<meta property=\"og:image:type\" content=\"image\/png\" \/>\n<meta name=\"author\" content=\"Redacci\u00f3n\" \/>\n<meta name=\"twitter:card\" content=\"summary_large_image\" \/>\n<meta name=\"twitter:creator\" content=\"@nuevodigescobar\" \/>\n<meta name=\"twitter:site\" content=\"@nuevodigescobar\" \/>\n<meta name=\"twitter:label1\" content=\"Escrito por\" \/>\n\t<meta name=\"twitter:data1\" content=\"Redacci\u00f3n\" \/>\n\t<meta name=\"twitter:label2\" content=\"Tiempo de lectura\" \/>\n\t<meta name=\"twitter:data2\" content=\"3 minutos\" \/>\n<script type=\"application\/ld+json\" class=\"yoast-schema-graph\">{\"@context\":\"https:\/\/schema.org\",\"@graph\":[{\"@type\":\"Article\",\"@id\":\"https:\/\/nuevodigitaldeescobar.com.ar\/?p=17024#article\",\"isPartOf\":{\"@id\":\"https:\/\/nuevodigitaldeescobar.com.ar\/?p=17024\"},\"author\":{\"name\":\"Redacci\u00f3n\",\"@id\":\"https:\/\/nuevodigitaldeescobar.com.ar\/#\/schema\/person\/035e90a8efe9a80e6eec22656ad6ea4c\"},\"headline\":\"Privatizaci\u00f3n del Belgrano Cargas: las cerealeras m\u00e1s poderosas del pa\u00eds quieren quedarse con el control ferroviario\",\"datePublished\":\"2025-08-07T06:23:00+00:00\",\"mainEntityOfPage\":{\"@id\":\"https:\/\/nuevodigitaldeescobar.com.ar\/?p=17024\"},\"wordCount\":516,\"commentCount\":0,\"publisher\":{\"@id\":\"https:\/\/nuevodigitaldeescobar.com.ar\/#organization\"},\"image\":{\"@id\":\"https:\/\/nuevodigitaldeescobar.com.ar\/?p=17024#primaryimage\"},\"thumbnailUrl\":\"https:\/\/nuevodigitaldeescobar.com.ar\/wp-content\/uploads\/2025\/08\/belgranocargas45.png\",\"articleSection\":[\"Econom\u00eda\"],\"inLanguage\":\"es\",\"potentialAction\":[{\"@type\":\"CommentAction\",\"name\":\"Comment\",\"target\":[\"https:\/\/nuevodigitaldeescobar.com.ar\/?p=17024#respond\"]}]},{\"@type\":\"WebPage\",\"@id\":\"https:\/\/nuevodigitaldeescobar.com.ar\/?p=17024\",\"url\":\"https:\/\/nuevodigitaldeescobar.com.ar\/?p=17024\",\"name\":\"Privatizaci\u00f3n del Belgrano Cargas: las cerealeras m\u00e1s poderosas del pa\u00eds quieren quedarse con el control ferroviario - Nuevo Digital de Escobar\",\"isPartOf\":{\"@id\":\"https:\/\/nuevodigitaldeescobar.com.ar\/#website\"},\"primaryImageOfPage\":{\"@id\":\"https:\/\/nuevodigitaldeescobar.com.ar\/?p=17024#primaryimage\"},\"image\":{\"@id\":\"https:\/\/nuevodigitaldeescobar.com.ar\/?p=17024#primaryimage\"},\"thumbnailUrl\":\"https:\/\/nuevodigitaldeescobar.com.ar\/wp-content\/uploads\/2025\/08\/belgranocargas45.png\",\"datePublished\":\"2025-08-07T06:23:00+00:00\",\"breadcrumb\":{\"@id\":\"https:\/\/nuevodigitaldeescobar.com.ar\/?p=17024#breadcrumb\"},\"inLanguage\":\"es\",\"potentialAction\":[{\"@type\":\"ReadAction\",\"target\":[\"https:\/\/nuevodigitaldeescobar.com.ar\/?p=17024\"]}]},{\"@type\":\"ImageObject\",\"inLanguage\":\"es\",\"@id\":\"https:\/\/nuevodigitaldeescobar.com.ar\/?p=17024#primaryimage\",\"url\":\"https:\/\/nuevodigitaldeescobar.com.ar\/wp-content\/uploads\/2025\/08\/belgranocargas45.png\",\"contentUrl\":\"https:\/\/nuevodigitaldeescobar.com.ar\/wp-content\/uploads\/2025\/08\/belgranocargas45.png\",\"width\":1047,\"height\":673},{\"@type\":\"BreadcrumbList\",\"@id\":\"https:\/\/nuevodigitaldeescobar.com.ar\/?p=17024#breadcrumb\",\"itemListElement\":[{\"@type\":\"ListItem\",\"position\":1,\"name\":\"Portada\",\"item\":\"https:\/\/nuevodigitaldeescobar.com.ar\/\"},{\"@type\":\"ListItem\",\"position\":2,\"name\":\"Privatizaci\u00f3n del Belgrano Cargas: las cerealeras m\u00e1s poderosas del pa\u00eds quieren quedarse con el control ferroviario\"}]},{\"@type\":\"WebSite\",\"@id\":\"https:\/\/nuevodigitaldeescobar.com.ar\/#website\",\"url\":\"https:\/\/nuevodigitaldeescobar.com.ar\/\",\"name\":\"Nuevo Digital de Escobar\",\"description\":\"La vida escobarense. Directora: Rosana Brunner\",\"publisher\":{\"@id\":\"https:\/\/nuevodigitaldeescobar.com.ar\/#organization\"},\"potentialAction\":[{\"@type\":\"SearchAction\",\"target\":{\"@type\":\"EntryPoint\",\"urlTemplate\":\"https:\/\/nuevodigitaldeescobar.com.ar\/?s={search_term_string}\"},\"query-input\":{\"@type\":\"PropertyValueSpecification\",\"valueRequired\":true,\"valueName\":\"search_term_string\"}}],\"inLanguage\":\"es\"},{\"@type\":\"Organization\",\"@id\":\"https:\/\/nuevodigitaldeescobar.com.ar\/#organization\",\"name\":\"Nuevo Digital de Escobar\",\"url\":\"https:\/\/nuevodigitaldeescobar.com.ar\/\",\"logo\":{\"@type\":\"ImageObject\",\"inLanguage\":\"es\",\"@id\":\"https:\/\/nuevodigitaldeescobar.com.ar\/#\/schema\/logo\/image\/\",\"url\":\"https:\/\/nuevodigitaldeescobar.com.ar\/wp-content\/uploads\/2025\/05\/cropped-logo-nuevo2.jpg\",\"contentUrl\":\"https:\/\/nuevodigitaldeescobar.com.ar\/wp-content\/uploads\/2025\/05\/cropped-logo-nuevo2.jpg\",\"width\":305,\"height\":305,\"caption\":\"Nuevo Digital de Escobar\"},\"image\":{\"@id\":\"https:\/\/nuevodigitaldeescobar.com.ar\/#\/schema\/logo\/image\/\"},\"sameAs\":[\"https:\/\/www.facebook.com\/NUEVODigitalDeEscobar\",\"https:\/\/x.com\/nuevodigescobar\",\"https:\/\/www.instagram.com\/nuevodigitaldeescobar\"]},{\"@type\":\"Person\",\"@id\":\"https:\/\/nuevodigitaldeescobar.com.ar\/#\/schema\/person\/035e90a8efe9a80e6eec22656ad6ea4c\",\"name\":\"Redacci\u00f3n\",\"image\":{\"@type\":\"ImageObject\",\"inLanguage\":\"es\",\"@id\":\"https:\/\/nuevodigitaldeescobar.com.ar\/#\/schema\/person\/image\/\",\"url\":\"https:\/\/secure.gravatar.com\/avatar\/8af8f40000c24e9eef3034f2be5998a372bb1389e64b1a4a36b3a7979142220d?s=96&d=mm&r=g\",\"contentUrl\":\"https:\/\/secure.gravatar.com\/avatar\/8af8f40000c24e9eef3034f2be5998a372bb1389e64b1a4a36b3a7979142220d?s=96&d=mm&r=g\",\"caption\":\"Redacci\u00f3n\"},\"sameAs\":[\"http:\/\/nuevodigitaldeescobar.com.ar\"],\"url\":\"https:\/\/nuevodigitaldeescobar.com.ar\/?author=1\"}]}<\/script>\n<!-- \/ Yoast SEO plugin. -->","yoast_head_json":{"title":"Privatizaci\u00f3n del Belgrano Cargas: las cerealeras m\u00e1s poderosas del pa\u00eds quieren quedarse con el control ferroviario - Nuevo Digital de Escobar","robots":{"index":"index","follow":"follow","max-snippet":"max-snippet:-1","max-image-preview":"max-image-preview:large","max-video-preview":"max-video-preview:-1"},"canonical":"https:\/\/nuevodigitaldeescobar.com.ar\/?p=17024","og_locale":"es_ES","og_type":"article","og_title":"Privatizaci\u00f3n del Belgrano Cargas: las cerealeras m\u00e1s poderosas del pa\u00eds quieren quedarse con el control ferroviario - Nuevo Digital de Escobar","og_description":"Cinco de las empresas agroexportadoras m\u00e1s influyentes de la Argentina \u2014Bunge, Cargill, Louis Dreyfus, Aceitera General Deheza y ACA\u2014 anunciaron su intenci\u00f3n de competir por [&hellip;]","og_url":"https:\/\/nuevodigitaldeescobar.com.ar\/?p=17024","og_site_name":"Nuevo Digital de Escobar","article_publisher":"https:\/\/www.facebook.com\/NUEVODigitalDeEscobar","article_published_time":"2025-08-07T06:23:00+00:00","og_image":[{"width":1047,"height":673,"url":"https:\/\/nuevodigitaldeescobar.com.ar\/wp-content\/uploads\/2025\/08\/belgranocargas45.png","type":"image\/png"}],"author":"Redacci\u00f3n","twitter_card":"summary_large_image","twitter_creator":"@nuevodigescobar","twitter_site":"@nuevodigescobar","twitter_misc":{"Escrito por":"Redacci\u00f3n","Tiempo de lectura":"3 minutos"},"schema":{"@context":"https:\/\/schema.org","@graph":[{"@type":"Article","@id":"https:\/\/nuevodigitaldeescobar.com.ar\/?p=17024#article","isPartOf":{"@id":"https:\/\/nuevodigitaldeescobar.com.ar\/?p=17024"},"author":{"name":"Redacci\u00f3n","@id":"https:\/\/nuevodigitaldeescobar.com.ar\/#\/schema\/person\/035e90a8efe9a80e6eec22656ad6ea4c"},"headline":"Privatizaci\u00f3n del Belgrano Cargas: las cerealeras m\u00e1s poderosas del pa\u00eds quieren quedarse con el control ferroviario","datePublished":"2025-08-07T06:23:00+00:00","mainEntityOfPage":{"@id":"https:\/\/nuevodigitaldeescobar.com.ar\/?p=17024"},"wordCount":516,"commentCount":0,"publisher":{"@id":"https:\/\/nuevodigitaldeescobar.com.ar\/#organization"},"image":{"@id":"https:\/\/nuevodigitaldeescobar.com.ar\/?p=17024#primaryimage"},"thumbnailUrl":"https:\/\/nuevodigitaldeescobar.com.ar\/wp-content\/uploads\/2025\/08\/belgranocargas45.png","articleSection":["Econom\u00eda"],"inLanguage":"es","potentialAction":[{"@type":"CommentAction","name":"Comment","target":["https:\/\/nuevodigitaldeescobar.com.ar\/?p=17024#respond"]}]},{"@type":"WebPage","@id":"https:\/\/nuevodigitaldeescobar.com.ar\/?p=17024","url":"https:\/\/nuevodigitaldeescobar.com.ar\/?p=17024","name":"Privatizaci\u00f3n del Belgrano Cargas: las cerealeras m\u00e1s poderosas del pa\u00eds quieren quedarse con el control ferroviario - Nuevo Digital de Escobar","isPartOf":{"@id":"https:\/\/nuevodigitaldeescobar.com.ar\/#website"},"primaryImageOfPage":{"@id":"https:\/\/nuevodigitaldeescobar.com.ar\/?p=17024#primaryimage"},"image":{"@id":"https:\/\/nuevodigitaldeescobar.com.ar\/?p=17024#primaryimage"},"thumbnailUrl":"https:\/\/nuevodigitaldeescobar.com.ar\/wp-content\/uploads\/2025\/08\/belgranocargas45.png","datePublished":"2025-08-07T06:23:00+00:00","breadcrumb":{"@id":"https:\/\/nuevodigitaldeescobar.com.ar\/?p=17024#breadcrumb"},"inLanguage":"es","potentialAction":[{"@type":"ReadAction","target":["https:\/\/nuevodigitaldeescobar.com.ar\/?p=17024"]}]},{"@type":"ImageObject","inLanguage":"es","@id":"https:\/\/nuevodigitaldeescobar.com.ar\/?p=17024#primaryimage","url":"https:\/\/nuevodigitaldeescobar.com.ar\/wp-content\/uploads\/2025\/08\/belgranocargas45.png","contentUrl":"https:\/\/nuevodigitaldeescobar.com.ar\/wp-content\/uploads\/2025\/08\/belgranocargas45.png","width":1047,"height":673},{"@type":"BreadcrumbList","@id":"https:\/\/nuevodigitaldeescobar.com.ar\/?p=17024#breadcrumb","itemListElement":[{"@type":"ListItem","position":1,"name":"Portada","item":"https:\/\/nuevodigitaldeescobar.com.ar\/"},{"@type":"ListItem","position":2,"name":"Privatizaci\u00f3n del Belgrano Cargas: las cerealeras m\u00e1s poderosas del pa\u00eds quieren quedarse con el control ferroviario"}]},{"@type":"WebSite","@id":"https:\/\/nuevodigitaldeescobar.com.ar\/#website","url":"https:\/\/nuevodigitaldeescobar.com.ar\/","name":"Nuevo Digital de Escobar","description":"La vida escobarense. Directora: Rosana Brunner","publisher":{"@id":"https:\/\/nuevodigitaldeescobar.com.ar\/#organization"},"potentialAction":[{"@type":"SearchAction","target":{"@type":"EntryPoint","urlTemplate":"https:\/\/nuevodigitaldeescobar.com.ar\/?s={search_term_string}"},"query-input":{"@type":"PropertyValueSpecification","valueRequired":true,"valueName":"search_term_string"}}],"inLanguage":"es"},{"@type":"Organization","@id":"https:\/\/nuevodigitaldeescobar.com.ar\/#organization","name":"Nuevo Digital de Escobar","url":"https:\/\/nuevodigitaldeescobar.com.ar\/","logo":{"@type":"ImageObject","inLanguage":"es","@id":"https:\/\/nuevodigitaldeescobar.com.ar\/#\/schema\/logo\/image\/","url":"https:\/\/nuevodigitaldeescobar.com.ar\/wp-content\/uploads\/2025\/05\/cropped-logo-nuevo2.jpg","contentUrl":"https:\/\/nuevodigitaldeescobar.com.ar\/wp-content\/uploads\/2025\/05\/cropped-logo-nuevo2.jpg","width":305,"height":305,"caption":"Nuevo Digital de Escobar"},"image":{"@id":"https:\/\/nuevodigitaldeescobar.com.ar\/#\/schema\/logo\/image\/"},"sameAs":["https:\/\/www.facebook.com\/NUEVODigitalDeEscobar","https:\/\/x.com\/nuevodigescobar","https:\/\/www.instagram.com\/nuevodigitaldeescobar"]},{"@type":"Person","@id":"https:\/\/nuevodigitaldeescobar.com.ar\/#\/schema\/person\/035e90a8efe9a80e6eec22656ad6ea4c","name":"Redacci\u00f3n","image":{"@type":"ImageObject","inLanguage":"es","@id":"https:\/\/nuevodigitaldeescobar.com.ar\/#\/schema\/person\/image\/","url":"https:\/\/secure.gravatar.com\/avatar\/8af8f40000c24e9eef3034f2be5998a372bb1389e64b1a4a36b3a7979142220d?s=96&d=mm&r=g","contentUrl":"https:\/\/secure.gravatar.com\/avatar\/8af8f40000c24e9eef3034f2be5998a372bb1389e64b1a4a36b3a7979142220d?s=96&d=mm&r=g","caption":"Redacci\u00f3n"},"sameAs":["http:\/\/nuevodigitaldeescobar.com.ar"],"url":"https:\/\/nuevodigitaldeescobar.com.ar\/?author=1"}]}},"featured_image_urls":{"full":["https:\/\/nuevodigitaldeescobar.com.ar\/wp-content\/uploads\/2025\/08\/belgranocargas45.png",1047,673,false],"thumbnail":["https:\/\/nuevodigitaldeescobar.com.ar\/wp-content\/uploads\/2025\/08\/belgranocargas45-150x150.png",150,150,true],"medium":["https:\/\/nuevodigitaldeescobar.com.ar\/wp-content\/uploads\/2025\/08\/belgranocargas45-300x193.png",300,193,true],"medium_large":["https:\/\/nuevodigitaldeescobar.com.ar\/wp-content\/uploads\/2025\/08\/belgranocargas45-768x494.png",640,412,true],"large":["https:\/\/nuevodigitaldeescobar.com.ar\/wp-content\/uploads\/2025\/08\/belgranocargas45-1024x658.png",640,411,true],"1536x1536":["https:\/\/nuevodigitaldeescobar.com.ar\/wp-content\/uploads\/2025\/08\/belgranocargas45.png",1047,673,false],"2048x2048":["https:\/\/nuevodigitaldeescobar.com.ar\/wp-content\/uploads\/2025\/08\/belgranocargas45.png",1047,673,false]},"author_info":{"display_name":"Redacci\u00f3n","author_link":"https:\/\/nuevodigitaldeescobar.com.ar\/?author=1"},"category_info":"<a href=\"https:\/\/nuevodigitaldeescobar.com.ar\/?cat=10\" rel=\"category\">Econom\u00eda<\/a>","tag_info":"Econom\u00eda","comment_count":"0","_links":{"self":[{"href":"https:\/\/nuevodigitaldeescobar.com.ar\/index.php?rest_route=\/wp\/v2\/posts\/17024","targetHints":{"allow":["GET"]}}],"collection":[{"href":"https:\/\/nuevodigitaldeescobar.com.ar\/index.php?rest_route=\/wp\/v2\/posts"}],"about":[{"href":"https:\/\/nuevodigitaldeescobar.com.ar\/index.php?rest_route=\/wp\/v2\/types\/post"}],"author":[{"embeddable":true,"href":"https:\/\/nuevodigitaldeescobar.com.ar\/index.php?rest_route=\/wp\/v2\/users\/1"}],"replies":[{"embeddable":true,"href":"https:\/\/nuevodigitaldeescobar.com.ar\/index.php?rest_route=%2Fwp%2Fv2%2Fcomments&post=17024"}],"version-history":[{"count":1,"href":"https:\/\/nuevodigitaldeescobar.com.ar\/index.php?rest_route=\/wp\/v2\/posts\/17024\/revisions"}],"predecessor-version":[{"id":17026,"href":"https:\/\/nuevodigitaldeescobar.com.ar\/index.php?rest_route=\/wp\/v2\/posts\/17024\/revisions\/17026"}],"wp:featuredmedia":[{"embeddable":true,"href":"https:\/\/nuevodigitaldeescobar.com.ar\/index.php?rest_route=\/wp\/v2\/media\/17025"}],"wp:attachment":[{"href":"https:\/\/nuevodigitaldeescobar.com.ar\/index.php?rest_route=%2Fwp%2Fv2%2Fmedia&parent=17024"}],"wp:term":[{"taxonomy":"category","embeddable":true,"href":"https:\/\/nuevodigitaldeescobar.com.ar\/index.php?rest_route=%2Fwp%2Fv2%2Fcategories&post=17024"},{"taxonomy":"post_tag","embeddable":true,"href":"https:\/\/nuevodigitaldeescobar.com.ar\/index.php?rest_route=%2Fwp%2Fv2%2Ftags&post=17024"}],"curies":[{"name":"wp","href":"https:\/\/api.w.org\/{rel}","templated":true}]}}