{"id":1704,"date":"2023-12-10T07:00:00","date_gmt":"2023-12-10T10:00:00","guid":{"rendered":"https:\/\/nuevodigitaldeescobar.com.ar\/?p=1704"},"modified":"2023-12-09T12:51:07","modified_gmt":"2023-12-09T15:51:07","slug":"dolar-inflacion-y-reservas-el-critico-escenario-economico-que-deja-el-gobierno-de-alberto-fernandez","status":"publish","type":"post","link":"https:\/\/nuevodigitaldeescobar.com.ar\/?p=1704","title":{"rendered":"D\u00f3lar, inflaci\u00f3n y reservas: el cr\u00edtico escenario econ\u00f3mico que deja el gobierno de Alberto Fern\u00e1ndez"},"content":{"rendered":"<p><span style=\"color: #003366;\"><strong><em>Los principales indicadores financieros llegaron a fin del mandato bajo estr\u00e9s. Entre las alternativas cambiarias, el tipo de cambio informal fue el que m\u00e1s aument\u00f3 en cuatro a\u00f1os.<\/em><\/strong><\/span><\/p>\n<p><!--more--><\/p>\n<hr \/>\n<p>En t\u00e9rminos financieros, el gobierno de Alberto Fern\u00e1ndez termin\u00f3 este jueves cuando son\u00f3 la campana de cierre del mercado. Al revisar los n\u00fameros con los que el Frente de Todos entr\u00f3 a Casa Rosada y aquellos que deja al salir, se pueden inferir algunas de las razones que llevaron a la mayor\u00eda de los argentinos a optar por la alternativa no oficialista en el balotaje.<\/p>\n<p>La inflaci\u00f3n acumulada, la suba del d\u00f3lar y el crecimiento de los pasivos remunerados del Banco Central, entre otros puntos, hablan de una gesti\u00f3n con pocos resultados positivos para mostrar. A continuaci\u00f3n, un desglose por las cifras que pusieron en jaque a la econom\u00eda durante los \u00faltimos cuatro a\u00f1os.<\/p>\n<h3><span style=\"color: #003366;\"><strong>1. Inflaci\u00f3n: 900%<\/strong><\/span><\/h3>\n<p>Cuando Alberto Fern\u00e1ndez lleg\u00f3 al poder, la inflaci\u00f3n interanual (a octubre de 2019) hab\u00eda sido de 42,2%. En el mismo mes de este a\u00f1o, los precios hab\u00edan acumulado un alza interanual de 142,7% que probablemente haya escalado en noviembre -aunque el dato oficial se conocer\u00e1 el mi\u00e9rcoles que viene-.<\/p>\n<figure id=\"attachment_1708\" aria-describedby=\"caption-attachment-1708\" style=\"width: 767px\" class=\"wp-caption alignnone\"><img fetchpriority=\"high\" decoding=\"async\" class=\"size-full wp-image-1708\" src=\"http:\/\/nuevodigitaldeescobar.com.ar\/wp-content\/uploads\/2023\/12\/epi-1-alimentos.jpg\" alt=\"\" width=\"767\" height=\"430\" \/><figcaption id=\"caption-attachment-1708\" class=\"wp-caption-text\">Los alimentos fueron uno de los rubros que m\u00e1s sufri\u00f3 el aumento de precios. (Foto: Reuters\/Agustin Marcarianc).<\/figcaption><\/figure>\n<p><em>\u201cMientras que en los cuatro a\u00f1os de la administraci\u00f3n de Cambiemos los precios se hab\u00edan multiplicado por 4, en la gesti\u00f3n Fern\u00e1ndez (proyectando noviembre con 11,5%), el \u00cdndice de Precios al Consumidor se multiplic\u00f3 por 10,2. Es decir, la inflaci\u00f3n acumulada fue 919%\u201d<\/em>, estim\u00f3 GMA Capital.<\/p>\n<h3><span style=\"color: #003366;\"><strong>2. D\u00f3lar oficial: 500% m\u00e1s caro<\/strong><\/span><\/h3>\n<p>La gesti\u00f3n de Alberto Fern\u00e1ndez -especialmente durante el tiempo que Mart\u00edn Guzm\u00e1n estuvo al frente del ministerio de Econom\u00eda- se esforz\u00f3 por evitar un salto cambiario brusco en el valor del oficial. Si bien multiplic\u00f3 la cantidad de recargos e impuestos sobre la divisa para encarecer el acceso minorista al billete estadounidense, el segmento mayorista se desliz\u00f3 lentamente la mayor parte del tiempo.<\/p>\n<p>Este a\u00f1o, ya con Sergio Massa en el Palacio de Hacienda, hubo una devaluaci\u00f3n de 22% en el tipo de cambio oficial el d\u00eda posterior a las PASO -para luego congelar el valor por tres meses- y en la \u00faltima jornada cambiaria de la gesti\u00f3n, el mercado se sorprendi\u00f3 con una depreciaci\u00f3n de 5,9% en el peso.<\/p>\n<figure id=\"attachment_1707\" aria-describedby=\"caption-attachment-1707\" style=\"width: 767px\" class=\"wp-caption alignnone\"><img decoding=\"async\" class=\"size-full wp-image-1707\" src=\"http:\/\/nuevodigitaldeescobar.com.ar\/wp-content\/uploads\/2023\/12\/epi-2-sergio-massa.jpg\" alt=\"\" width=\"767\" height=\"431\" srcset=\"https:\/\/nuevodigitaldeescobar.com.ar\/wp-content\/uploads\/2023\/12\/epi-2-sergio-massa.jpg 767w, https:\/\/nuevodigitaldeescobar.com.ar\/wp-content\/uploads\/2023\/12\/epi-2-sergio-massa-300x169.jpg 300w\" sizes=\"(max-width: 767px) 100vw, 767px\" \/><figcaption id=\"caption-attachment-1707\" class=\"wp-caption-text\">El ministro de Econom\u00eda, Sergio Massa, convalid\u00f3 una devaluaci\u00f3n del 22% despu\u00e9s de las PASO. (Foto: prensa Massa).<\/figcaption><\/figure>\n<p>A pesar de los esfuerzos de contenci\u00f3n, el gobierno saliente hab\u00eda asumido con un tipo de cambio mayorista de $63 y se fue con uno de $385. Esto signific\u00f3 un alza de 511% en el valor del d\u00f3lar oficial.<\/p>\n<h3><span style=\"color: #003366;\"><strong>3. D\u00f3lar blue: +1300% arriba<\/strong><\/span><\/h3>\n<p>En el mercado paralelo, el d\u00f3lar blue cotizaba $69,50 en diciembre de 2019 y finaliz\u00f3 el \u00faltimo jueves a $990. As\u00ed, la suba acumulada en cuatro a\u00f1os fue de 1324% y le gan\u00f3 tanto a la inflaci\u00f3n como al tipo de cambio oficial.<\/p>\n<figure id=\"attachment_1706\" aria-describedby=\"caption-attachment-1706\" style=\"width: 767px\" class=\"wp-caption alignnone\"><img decoding=\"async\" class=\"size-full wp-image-1706\" src=\"http:\/\/nuevodigitaldeescobar.com.ar\/wp-content\/uploads\/2023\/12\/epi-3-controles-afip-casas-de-cambio.jpg\" alt=\"\" width=\"767\" height=\"430\" srcset=\"https:\/\/nuevodigitaldeescobar.com.ar\/wp-content\/uploads\/2023\/12\/epi-3-controles-afip-casas-de-cambio.jpg 767w, https:\/\/nuevodigitaldeescobar.com.ar\/wp-content\/uploads\/2023\/12\/epi-3-controles-afip-casas-de-cambio-300x168.jpg 300w\" sizes=\"(max-width: 767px) 100vw, 767px\" \/><figcaption id=\"caption-attachment-1706\" class=\"wp-caption-text\">A pesar de los controles y allanamientos, el d\u00f3lar blue subi\u00f3 m\u00e1s que la inflaci\u00f3n en los \u00faltimos cuatro a\u00f1os. (Foto: AFIP).<\/figcaption><\/figure>\n<p>Las cotizaciones que surgen de comprar y vender bonos en la Bolsa tambi\u00e9n treparon m\u00e1s de 1000% durante la gesti\u00f3n saliente. A pesar de las m\u00faltiples regulaciones, trabas e intervenciones, el d\u00f3lar MEP escal\u00f3 1255% y pas\u00f3 de $72,79 a $986,37. Por su parte, el precio del contado con liquidaci\u00f3n fue de $76,60 a $991,40, es decir, que avanz\u00f3 1194%.<\/p>\n<h3><span style=\"color: #003366;\"><strong>4. Stock de Leliq: creci\u00f3 1900%<\/strong><\/span><\/h3>\n<p>Los n\u00fameros del Banco Central tambi\u00e9n mostraron un deterioro importante en los \u00faltimos cuatro a\u00f1os. Prueba de ello es la escalada de 1900% en el stock de pasivos remunerados, es decir, Leliq y pases. Al cierre del mandato, la deuda del organismo rondaba los $22 billones frente al $1,1 bill\u00f3n que hab\u00eda dejado la gesti\u00f3n anterior.<\/p>\n<p>En parte, ese crecimiento se explica por la suba de la tasa de referencia, que pas\u00f3 de 63% nominal anual a 133%. Este aumento de 70 puntos porcentuales gener\u00f3 que los intereses que paga la deuda del Banco Central sean cada vez mayores, aun cuando la tasa no le gan\u00f3 a la inflaci\u00f3n.<\/p>\n<h3><span style=\"color: #003366;\"><strong>5. Reservas netas: US$22.600 millones menos<\/strong><\/span><\/h3>\n<p>Otra cifra que preocupa a los analistas es la de reservas. Las arcas del Banco Central retrocedieron US$22.577 millones, ya que pasaron de US$43.785 millones el 10 de diciembre de 2019 a US$21.208 millones este jueves.<\/p>\n<figure id=\"attachment_1705\" aria-describedby=\"caption-attachment-1705\" style=\"width: 767px\" class=\"wp-caption alignnone\"><img loading=\"lazy\" decoding=\"async\" class=\"size-full wp-image-1705\" src=\"http:\/\/nuevodigitaldeescobar.com.ar\/wp-content\/uploads\/2023\/12\/epi-4-banco-central.jpg\" alt=\"\" width=\"767\" height=\"430\" srcset=\"https:\/\/nuevodigitaldeescobar.com.ar\/wp-content\/uploads\/2023\/12\/epi-4-banco-central.jpg 767w, https:\/\/nuevodigitaldeescobar.com.ar\/wp-content\/uploads\/2023\/12\/epi-4-banco-central-300x168.jpg 300w\" sizes=\"(max-width: 767px) 100vw, 767px\" \/><figcaption id=\"caption-attachment-1705\" class=\"wp-caption-text\">Seg\u00fan estimaciones privadas, las reservas netas del Banco Central son negativas por m\u00e1s de US$10.000 millones. (Foto: NA).<\/figcaption><\/figure>\n<p>En t\u00e9rminos netos, en tanto, se encuentran en terreno negativo desde hace varios meses. Sobre este punto, GMA Capital detall\u00f3: <em>\u201cMacri termin\u00f3 su mandato con un stock de reservas netas de US$12.000 millones. Por su parte, la gesti\u00f3n del Frente de Todos entregar\u00e1 el mando con reservas netas de -US$10.600 millones, representando una erosi\u00f3n de US$22.600 millones\u201d<\/em>.<\/p>\n<p>La escasez de reservas fue agudizada durante el gobierno del Frente de Todos por los pagos de deuda y la fuerte sequ\u00eda. Ese contexto oblig\u00f3 al gobierno saliente a ajustar varias veces el cepo cambiario, as\u00ed como a trabar las importaciones.<\/p>\n<p><em>(TN)<\/em><\/p>\n","protected":false},"excerpt":{"rendered":"<p>Los principales indicadores financieros llegaron a fin del mandato bajo estr\u00e9s. Entre las alternativas cambiarias, el tipo de cambio informal fue el que m\u00e1s aument\u00f3 [&hellip;]<\/p>\n","protected":false},"author":1,"featured_media":1709,"comment_status":"open","ping_status":"closed","sticky":false,"template":"","format":"standard","meta":{"footnotes":""},"categories":[10,6],"tags":[],"class_list":["post-1704","post","type-post","status-publish","format-standard","has-post-thumbnail","hentry","category-economia","category-politica"],"better_featured_image":{"id":1709,"alt_text":"","caption":"","description":"","media_type":"image","media_details":{"width":767,"height":430,"file":"2023\/12\/alberto-fernandez-1.jpg","filesize":37792,"sizes":{"medium":{"file":"alberto-fernandez-1-300x168.jpg","width":300,"height":168,"mime-type":"image\/jpeg","filesize":8184,"source_url":"https:\/\/nuevodigitaldeescobar.com.ar\/wp-content\/uploads\/2023\/12\/alberto-fernandez-1-300x168.jpg"},"thumbnail":{"file":"alberto-fernandez-1-150x150.jpg","width":150,"height":150,"mime-type":"image\/jpeg","filesize":4706,"source_url":"https:\/\/nuevodigitaldeescobar.com.ar\/wp-content\/uploads\/2023\/12\/alberto-fernandez-1-150x150.jpg"},"covernews-medium":{"file":"alberto-fernandez-1-540x340.jpg","width":540,"height":340,"mime-type":"image\/jpeg","filesize":20716,"source_url":"https:\/\/nuevodigitaldeescobar.com.ar\/wp-content\/uploads\/2023\/12\/alberto-fernandez-1-540x340.jpg"},"covernews-medium-square":{"file":"alberto-fernandez-1-400x250.jpg","width":400,"height":250,"mime-type":"image\/jpeg","filesize":13402,"source_url":"https:\/\/nuevodigitaldeescobar.com.ar\/wp-content\/uploads\/2023\/12\/alberto-fernandez-1-400x250.jpg"}},"image_meta":{"aperture":"0","credit":"","camera":"","caption":"","created_timestamp":"0","copyright":"","focal_length":"0","iso":"0","shutter_speed":"0","title":"","orientation":"0","keywords":[]}},"post":1704,"source_url":"https:\/\/nuevodigitaldeescobar.com.ar\/wp-content\/uploads\/2023\/12\/alberto-fernandez-1.jpg"},"yoast_head":"<!-- This site is optimized with the Yoast SEO plugin v26.1.1 - https:\/\/yoast.com\/wordpress\/plugins\/seo\/ -->\n<title>D\u00f3lar, inflaci\u00f3n y reservas: el cr\u00edtico escenario econ\u00f3mico que deja el gobierno de Alberto Fern\u00e1ndez - Nuevo Digital de Escobar<\/title>\n<meta name=\"robots\" content=\"index, follow, max-snippet:-1, max-image-preview:large, max-video-preview:-1\" \/>\n<link rel=\"canonical\" href=\"https:\/\/nuevodigitaldeescobar.com.ar\/?p=1704\" \/>\n<meta property=\"og:locale\" content=\"es_ES\" \/>\n<meta property=\"og:type\" content=\"article\" \/>\n<meta property=\"og:title\" content=\"D\u00f3lar, inflaci\u00f3n y reservas: el cr\u00edtico escenario econ\u00f3mico que deja el gobierno de Alberto Fern\u00e1ndez - Nuevo Digital de Escobar\" \/>\n<meta property=\"og:description\" content=\"Los principales indicadores financieros llegaron a fin del mandato bajo estr\u00e9s. Entre las alternativas cambiarias, el tipo de cambio informal fue el que m\u00e1s aument\u00f3 [&hellip;]\" \/>\n<meta property=\"og:url\" content=\"https:\/\/nuevodigitaldeescobar.com.ar\/?p=1704\" \/>\n<meta property=\"og:site_name\" content=\"Nuevo Digital de Escobar\" \/>\n<meta property=\"article:publisher\" content=\"https:\/\/www.facebook.com\/NUEVODigitalDeEscobar\" \/>\n<meta property=\"article:published_time\" content=\"2023-12-10T10:00:00+00:00\" \/>\n<meta property=\"og:image\" content=\"https:\/\/nuevodigitaldeescobar.com.ar\/wp-content\/uploads\/2023\/12\/alberto-fernandez-1.jpg\" \/>\n\t<meta property=\"og:image:width\" content=\"767\" \/>\n\t<meta property=\"og:image:height\" content=\"430\" \/>\n\t<meta property=\"og:image:type\" content=\"image\/jpeg\" \/>\n<meta name=\"author\" content=\"Redacci\u00f3n\" \/>\n<meta name=\"twitter:card\" content=\"summary_large_image\" \/>\n<meta name=\"twitter:creator\" content=\"@nuevodigescobar\" \/>\n<meta name=\"twitter:site\" content=\"@nuevodigescobar\" \/>\n<meta name=\"twitter:label1\" content=\"Escrito por\" \/>\n\t<meta name=\"twitter:data1\" content=\"Redacci\u00f3n\" \/>\n\t<meta name=\"twitter:label2\" content=\"Tiempo de lectura\" \/>\n\t<meta name=\"twitter:data2\" content=\"5 minutos\" \/>\n<script type=\"application\/ld+json\" class=\"yoast-schema-graph\">{\"@context\":\"https:\/\/schema.org\",\"@graph\":[{\"@type\":\"Article\",\"@id\":\"https:\/\/nuevodigitaldeescobar.com.ar\/?p=1704#article\",\"isPartOf\":{\"@id\":\"https:\/\/nuevodigitaldeescobar.com.ar\/?p=1704\"},\"author\":{\"name\":\"Redacci\u00f3n\",\"@id\":\"https:\/\/nuevodigitaldeescobar.com.ar\/#\/schema\/person\/035e90a8efe9a80e6eec22656ad6ea4c\"},\"headline\":\"D\u00f3lar, inflaci\u00f3n y reservas: el cr\u00edtico escenario econ\u00f3mico que deja el gobierno de Alberto Fern\u00e1ndez\",\"datePublished\":\"2023-12-10T10:00:00+00:00\",\"mainEntityOfPage\":{\"@id\":\"https:\/\/nuevodigitaldeescobar.com.ar\/?p=1704\"},\"wordCount\":924,\"commentCount\":0,\"publisher\":{\"@id\":\"https:\/\/nuevodigitaldeescobar.com.ar\/#organization\"},\"image\":{\"@id\":\"https:\/\/nuevodigitaldeescobar.com.ar\/?p=1704#primaryimage\"},\"thumbnailUrl\":\"https:\/\/nuevodigitaldeescobar.com.ar\/wp-content\/uploads\/2023\/12\/alberto-fernandez-1.jpg\",\"articleSection\":[\"Econom\u00eda\",\"Pol\u00edtica\"],\"inLanguage\":\"es\",\"potentialAction\":[{\"@type\":\"CommentAction\",\"name\":\"Comment\",\"target\":[\"https:\/\/nuevodigitaldeescobar.com.ar\/?p=1704#respond\"]}]},{\"@type\":\"WebPage\",\"@id\":\"https:\/\/nuevodigitaldeescobar.com.ar\/?p=1704\",\"url\":\"https:\/\/nuevodigitaldeescobar.com.ar\/?p=1704\",\"name\":\"D\u00f3lar, inflaci\u00f3n y reservas: el cr\u00edtico escenario econ\u00f3mico que deja el gobierno de Alberto Fern\u00e1ndez - Nuevo Digital de Escobar\",\"isPartOf\":{\"@id\":\"https:\/\/nuevodigitaldeescobar.com.ar\/#website\"},\"primaryImageOfPage\":{\"@id\":\"https:\/\/nuevodigitaldeescobar.com.ar\/?p=1704#primaryimage\"},\"image\":{\"@id\":\"https:\/\/nuevodigitaldeescobar.com.ar\/?p=1704#primaryimage\"},\"thumbnailUrl\":\"https:\/\/nuevodigitaldeescobar.com.ar\/wp-content\/uploads\/2023\/12\/alberto-fernandez-1.jpg\",\"datePublished\":\"2023-12-10T10:00:00+00:00\",\"breadcrumb\":{\"@id\":\"https:\/\/nuevodigitaldeescobar.com.ar\/?p=1704#breadcrumb\"},\"inLanguage\":\"es\",\"potentialAction\":[{\"@type\":\"ReadAction\",\"target\":[\"https:\/\/nuevodigitaldeescobar.com.ar\/?p=1704\"]}]},{\"@type\":\"ImageObject\",\"inLanguage\":\"es\",\"@id\":\"https:\/\/nuevodigitaldeescobar.com.ar\/?p=1704#primaryimage\",\"url\":\"https:\/\/nuevodigitaldeescobar.com.ar\/wp-content\/uploads\/2023\/12\/alberto-fernandez-1.jpg\",\"contentUrl\":\"https:\/\/nuevodigitaldeescobar.com.ar\/wp-content\/uploads\/2023\/12\/alberto-fernandez-1.jpg\",\"width\":767,\"height\":430},{\"@type\":\"BreadcrumbList\",\"@id\":\"https:\/\/nuevodigitaldeescobar.com.ar\/?p=1704#breadcrumb\",\"itemListElement\":[{\"@type\":\"ListItem\",\"position\":1,\"name\":\"Portada\",\"item\":\"https:\/\/nuevodigitaldeescobar.com.ar\/\"},{\"@type\":\"ListItem\",\"position\":2,\"name\":\"D\u00f3lar, inflaci\u00f3n y reservas: el cr\u00edtico escenario econ\u00f3mico que deja el gobierno de Alberto Fern\u00e1ndez\"}]},{\"@type\":\"WebSite\",\"@id\":\"https:\/\/nuevodigitaldeescobar.com.ar\/#website\",\"url\":\"https:\/\/nuevodigitaldeescobar.com.ar\/\",\"name\":\"Nuevo Digital de Escobar\",\"description\":\"La vida escobarense. Directora: Rosana Brunner\",\"publisher\":{\"@id\":\"https:\/\/nuevodigitaldeescobar.com.ar\/#organization\"},\"potentialAction\":[{\"@type\":\"SearchAction\",\"target\":{\"@type\":\"EntryPoint\",\"urlTemplate\":\"https:\/\/nuevodigitaldeescobar.com.ar\/?s={search_term_string}\"},\"query-input\":{\"@type\":\"PropertyValueSpecification\",\"valueRequired\":true,\"valueName\":\"search_term_string\"}}],\"inLanguage\":\"es\"},{\"@type\":\"Organization\",\"@id\":\"https:\/\/nuevodigitaldeescobar.com.ar\/#organization\",\"name\":\"Nuevo Digital de Escobar\",\"url\":\"https:\/\/nuevodigitaldeescobar.com.ar\/\",\"logo\":{\"@type\":\"ImageObject\",\"inLanguage\":\"es\",\"@id\":\"https:\/\/nuevodigitaldeescobar.com.ar\/#\/schema\/logo\/image\/\",\"url\":\"https:\/\/nuevodigitaldeescobar.com.ar\/wp-content\/uploads\/2025\/05\/cropped-logo-nuevo2.jpg\",\"contentUrl\":\"https:\/\/nuevodigitaldeescobar.com.ar\/wp-content\/uploads\/2025\/05\/cropped-logo-nuevo2.jpg\",\"width\":305,\"height\":305,\"caption\":\"Nuevo Digital de Escobar\"},\"image\":{\"@id\":\"https:\/\/nuevodigitaldeescobar.com.ar\/#\/schema\/logo\/image\/\"},\"sameAs\":[\"https:\/\/www.facebook.com\/NUEVODigitalDeEscobar\",\"https:\/\/x.com\/nuevodigescobar\",\"https:\/\/www.instagram.com\/nuevodigitaldeescobar\"]},{\"@type\":\"Person\",\"@id\":\"https:\/\/nuevodigitaldeescobar.com.ar\/#\/schema\/person\/035e90a8efe9a80e6eec22656ad6ea4c\",\"name\":\"Redacci\u00f3n\",\"image\":{\"@type\":\"ImageObject\",\"inLanguage\":\"es\",\"@id\":\"https:\/\/nuevodigitaldeescobar.com.ar\/#\/schema\/person\/image\/\",\"url\":\"https:\/\/secure.gravatar.com\/avatar\/8af8f40000c24e9eef3034f2be5998a372bb1389e64b1a4a36b3a7979142220d?s=96&d=mm&r=g\",\"contentUrl\":\"https:\/\/secure.gravatar.com\/avatar\/8af8f40000c24e9eef3034f2be5998a372bb1389e64b1a4a36b3a7979142220d?s=96&d=mm&r=g\",\"caption\":\"Redacci\u00f3n\"},\"sameAs\":[\"http:\/\/nuevodigitaldeescobar.com.ar\"],\"url\":\"https:\/\/nuevodigitaldeescobar.com.ar\/?author=1\"}]}<\/script>\n<!-- \/ Yoast SEO plugin. -->","yoast_head_json":{"title":"D\u00f3lar, inflaci\u00f3n y reservas: el cr\u00edtico escenario econ\u00f3mico que deja el gobierno de Alberto Fern\u00e1ndez - Nuevo Digital de Escobar","robots":{"index":"index","follow":"follow","max-snippet":"max-snippet:-1","max-image-preview":"max-image-preview:large","max-video-preview":"max-video-preview:-1"},"canonical":"https:\/\/nuevodigitaldeescobar.com.ar\/?p=1704","og_locale":"es_ES","og_type":"article","og_title":"D\u00f3lar, inflaci\u00f3n y reservas: el cr\u00edtico escenario econ\u00f3mico que deja el gobierno de Alberto Fern\u00e1ndez - Nuevo Digital de Escobar","og_description":"Los principales indicadores financieros llegaron a fin del mandato bajo estr\u00e9s. Entre las alternativas cambiarias, el tipo de cambio informal fue el que m\u00e1s aument\u00f3 [&hellip;]","og_url":"https:\/\/nuevodigitaldeescobar.com.ar\/?p=1704","og_site_name":"Nuevo Digital de Escobar","article_publisher":"https:\/\/www.facebook.com\/NUEVODigitalDeEscobar","article_published_time":"2023-12-10T10:00:00+00:00","og_image":[{"width":767,"height":430,"url":"https:\/\/nuevodigitaldeescobar.com.ar\/wp-content\/uploads\/2023\/12\/alberto-fernandez-1.jpg","type":"image\/jpeg"}],"author":"Redacci\u00f3n","twitter_card":"summary_large_image","twitter_creator":"@nuevodigescobar","twitter_site":"@nuevodigescobar","twitter_misc":{"Escrito por":"Redacci\u00f3n","Tiempo de lectura":"5 minutos"},"schema":{"@context":"https:\/\/schema.org","@graph":[{"@type":"Article","@id":"https:\/\/nuevodigitaldeescobar.com.ar\/?p=1704#article","isPartOf":{"@id":"https:\/\/nuevodigitaldeescobar.com.ar\/?p=1704"},"author":{"name":"Redacci\u00f3n","@id":"https:\/\/nuevodigitaldeescobar.com.ar\/#\/schema\/person\/035e90a8efe9a80e6eec22656ad6ea4c"},"headline":"D\u00f3lar, inflaci\u00f3n y reservas: el cr\u00edtico escenario econ\u00f3mico que deja el gobierno de Alberto Fern\u00e1ndez","datePublished":"2023-12-10T10:00:00+00:00","mainEntityOfPage":{"@id":"https:\/\/nuevodigitaldeescobar.com.ar\/?p=1704"},"wordCount":924,"commentCount":0,"publisher":{"@id":"https:\/\/nuevodigitaldeescobar.com.ar\/#organization"},"image":{"@id":"https:\/\/nuevodigitaldeescobar.com.ar\/?p=1704#primaryimage"},"thumbnailUrl":"https:\/\/nuevodigitaldeescobar.com.ar\/wp-content\/uploads\/2023\/12\/alberto-fernandez-1.jpg","articleSection":["Econom\u00eda","Pol\u00edtica"],"inLanguage":"es","potentialAction":[{"@type":"CommentAction","name":"Comment","target":["https:\/\/nuevodigitaldeescobar.com.ar\/?p=1704#respond"]}]},{"@type":"WebPage","@id":"https:\/\/nuevodigitaldeescobar.com.ar\/?p=1704","url":"https:\/\/nuevodigitaldeescobar.com.ar\/?p=1704","name":"D\u00f3lar, inflaci\u00f3n y reservas: el cr\u00edtico escenario econ\u00f3mico que deja el gobierno de Alberto Fern\u00e1ndez - Nuevo Digital de Escobar","isPartOf":{"@id":"https:\/\/nuevodigitaldeescobar.com.ar\/#website"},"primaryImageOfPage":{"@id":"https:\/\/nuevodigitaldeescobar.com.ar\/?p=1704#primaryimage"},"image":{"@id":"https:\/\/nuevodigitaldeescobar.com.ar\/?p=1704#primaryimage"},"thumbnailUrl":"https:\/\/nuevodigitaldeescobar.com.ar\/wp-content\/uploads\/2023\/12\/alberto-fernandez-1.jpg","datePublished":"2023-12-10T10:00:00+00:00","breadcrumb":{"@id":"https:\/\/nuevodigitaldeescobar.com.ar\/?p=1704#breadcrumb"},"inLanguage":"es","potentialAction":[{"@type":"ReadAction","target":["https:\/\/nuevodigitaldeescobar.com.ar\/?p=1704"]}]},{"@type":"ImageObject","inLanguage":"es","@id":"https:\/\/nuevodigitaldeescobar.com.ar\/?p=1704#primaryimage","url":"https:\/\/nuevodigitaldeescobar.com.ar\/wp-content\/uploads\/2023\/12\/alberto-fernandez-1.jpg","contentUrl":"https:\/\/nuevodigitaldeescobar.com.ar\/wp-content\/uploads\/2023\/12\/alberto-fernandez-1.jpg","width":767,"height":430},{"@type":"BreadcrumbList","@id":"https:\/\/nuevodigitaldeescobar.com.ar\/?p=1704#breadcrumb","itemListElement":[{"@type":"ListItem","position":1,"name":"Portada","item":"https:\/\/nuevodigitaldeescobar.com.ar\/"},{"@type":"ListItem","position":2,"name":"D\u00f3lar, inflaci\u00f3n y reservas: el cr\u00edtico escenario econ\u00f3mico que deja el gobierno de Alberto Fern\u00e1ndez"}]},{"@type":"WebSite","@id":"https:\/\/nuevodigitaldeescobar.com.ar\/#website","url":"https:\/\/nuevodigitaldeescobar.com.ar\/","name":"Nuevo Digital de Escobar","description":"La vida escobarense. Directora: Rosana Brunner","publisher":{"@id":"https:\/\/nuevodigitaldeescobar.com.ar\/#organization"},"potentialAction":[{"@type":"SearchAction","target":{"@type":"EntryPoint","urlTemplate":"https:\/\/nuevodigitaldeescobar.com.ar\/?s={search_term_string}"},"query-input":{"@type":"PropertyValueSpecification","valueRequired":true,"valueName":"search_term_string"}}],"inLanguage":"es"},{"@type":"Organization","@id":"https:\/\/nuevodigitaldeescobar.com.ar\/#organization","name":"Nuevo Digital de Escobar","url":"https:\/\/nuevodigitaldeescobar.com.ar\/","logo":{"@type":"ImageObject","inLanguage":"es","@id":"https:\/\/nuevodigitaldeescobar.com.ar\/#\/schema\/logo\/image\/","url":"https:\/\/nuevodigitaldeescobar.com.ar\/wp-content\/uploads\/2025\/05\/cropped-logo-nuevo2.jpg","contentUrl":"https:\/\/nuevodigitaldeescobar.com.ar\/wp-content\/uploads\/2025\/05\/cropped-logo-nuevo2.jpg","width":305,"height":305,"caption":"Nuevo Digital de Escobar"},"image":{"@id":"https:\/\/nuevodigitaldeescobar.com.ar\/#\/schema\/logo\/image\/"},"sameAs":["https:\/\/www.facebook.com\/NUEVODigitalDeEscobar","https:\/\/x.com\/nuevodigescobar","https:\/\/www.instagram.com\/nuevodigitaldeescobar"]},{"@type":"Person","@id":"https:\/\/nuevodigitaldeescobar.com.ar\/#\/schema\/person\/035e90a8efe9a80e6eec22656ad6ea4c","name":"Redacci\u00f3n","image":{"@type":"ImageObject","inLanguage":"es","@id":"https:\/\/nuevodigitaldeescobar.com.ar\/#\/schema\/person\/image\/","url":"https:\/\/secure.gravatar.com\/avatar\/8af8f40000c24e9eef3034f2be5998a372bb1389e64b1a4a36b3a7979142220d?s=96&d=mm&r=g","contentUrl":"https:\/\/secure.gravatar.com\/avatar\/8af8f40000c24e9eef3034f2be5998a372bb1389e64b1a4a36b3a7979142220d?s=96&d=mm&r=g","caption":"Redacci\u00f3n"},"sameAs":["http:\/\/nuevodigitaldeescobar.com.ar"],"url":"https:\/\/nuevodigitaldeescobar.com.ar\/?author=1"}]}},"featured_image_urls":{"full":["https:\/\/nuevodigitaldeescobar.com.ar\/wp-content\/uploads\/2023\/12\/alberto-fernandez-1.jpg",767,430,false],"thumbnail":["https:\/\/nuevodigitaldeescobar.com.ar\/wp-content\/uploads\/2023\/12\/alberto-fernandez-1-150x150.jpg",150,150,true],"medium":["https:\/\/nuevodigitaldeescobar.com.ar\/wp-content\/uploads\/2023\/12\/alberto-fernandez-1-300x168.jpg",300,168,true],"medium_large":["https:\/\/nuevodigitaldeescobar.com.ar\/wp-content\/uploads\/2023\/12\/alberto-fernandez-1.jpg",640,359,false],"large":["https:\/\/nuevodigitaldeescobar.com.ar\/wp-content\/uploads\/2023\/12\/alberto-fernandez-1.jpg",640,359,false],"1536x1536":["https:\/\/nuevodigitaldeescobar.com.ar\/wp-content\/uploads\/2023\/12\/alberto-fernandez-1.jpg",767,430,false],"2048x2048":["https:\/\/nuevodigitaldeescobar.com.ar\/wp-content\/uploads\/2023\/12\/alberto-fernandez-1.jpg",767,430,false]},"author_info":{"display_name":"Redacci\u00f3n","author_link":"https:\/\/nuevodigitaldeescobar.com.ar\/?author=1"},"category_info":"<a href=\"https:\/\/nuevodigitaldeescobar.com.ar\/?cat=10\" rel=\"category\">Econom\u00eda<\/a> <a href=\"https:\/\/nuevodigitaldeescobar.com.ar\/?cat=6\" rel=\"category\">Pol\u00edtica<\/a>","tag_info":"Pol\u00edtica","comment_count":"0","_links":{"self":[{"href":"https:\/\/nuevodigitaldeescobar.com.ar\/index.php?rest_route=\/wp\/v2\/posts\/1704","targetHints":{"allow":["GET"]}}],"collection":[{"href":"https:\/\/nuevodigitaldeescobar.com.ar\/index.php?rest_route=\/wp\/v2\/posts"}],"about":[{"href":"https:\/\/nuevodigitaldeescobar.com.ar\/index.php?rest_route=\/wp\/v2\/types\/post"}],"author":[{"embeddable":true,"href":"https:\/\/nuevodigitaldeescobar.com.ar\/index.php?rest_route=\/wp\/v2\/users\/1"}],"replies":[{"embeddable":true,"href":"https:\/\/nuevodigitaldeescobar.com.ar\/index.php?rest_route=%2Fwp%2Fv2%2Fcomments&post=1704"}],"version-history":[{"count":1,"href":"https:\/\/nuevodigitaldeescobar.com.ar\/index.php?rest_route=\/wp\/v2\/posts\/1704\/revisions"}],"predecessor-version":[{"id":1710,"href":"https:\/\/nuevodigitaldeescobar.com.ar\/index.php?rest_route=\/wp\/v2\/posts\/1704\/revisions\/1710"}],"wp:featuredmedia":[{"embeddable":true,"href":"https:\/\/nuevodigitaldeescobar.com.ar\/index.php?rest_route=\/wp\/v2\/media\/1709"}],"wp:attachment":[{"href":"https:\/\/nuevodigitaldeescobar.com.ar\/index.php?rest_route=%2Fwp%2Fv2%2Fmedia&parent=1704"}],"wp:term":[{"taxonomy":"category","embeddable":true,"href":"https:\/\/nuevodigitaldeescobar.com.ar\/index.php?rest_route=%2Fwp%2Fv2%2Fcategories&post=1704"},{"taxonomy":"post_tag","embeddable":true,"href":"https:\/\/nuevodigitaldeescobar.com.ar\/index.php?rest_route=%2Fwp%2Fv2%2Ftags&post=1704"}],"curies":[{"name":"wp","href":"https:\/\/api.w.org\/{rel}","templated":true}]}}