{"id":17041,"date":"2025-08-07T08:20:22","date_gmt":"2025-08-07T11:20:22","guid":{"rendered":"https:\/\/nuevodigitaldeescobar.com.ar\/?p=17041"},"modified":"2025-08-07T08:20:22","modified_gmt":"2025-08-07T11:20:22","slug":"partidazo-asi-fue-la-presentacion-de-los-pumas-all-blacks-en-cordoba","status":"publish","type":"post","link":"https:\/\/nuevodigitaldeescobar.com.ar\/?p=17041","title":{"rendered":"Partidazo: as\u00ed fue la presentaci\u00f3n de Los Pumas-All Blacks en C\u00f3rdoba"},"content":{"rendered":"<p>Comenz\u00f3 la cuenta regresiva para un evento hist\u00f3rico para el deporte de <a href=\"https:\/\/derechadiario.com.ar\/tags\/cordoba\" title=\"C\u00f3rdoba\"><strong>C\u00f3rdoba<\/strong><\/a>: por primera vez se enfrentar\u00e1n en esta provincia <a href=\"https:\/\/derechadiario.com.ar\/deportes\/lista-los-pumas-para-partido-rugby-historico-cordoba\" title=\"La lista de Los Pumas para un partido de rugby hist\u00f3rico en C\u00f3rdoba\"><strong>Los Pumas y los m\u00edticos All Blacks<\/strong><\/a>.<\/p>\n<p>Ser\u00e1 el s\u00e1bado 16 de agosto a partir de las 18 en el <strong>estadio Mario Alberto Kempes, por la primera fecha del Rugby Championship.<\/strong><\/p>\n<p>El partido tendr\u00e1 la particularidad de que <a href=\"https:\/\/derechadiario.com.ar\/deportes\/lista-los-pumas-para-partido-rugby-historico-cordoba\" title=\"La lista de Los Pumas para un partido de rugby hist\u00f3rico en C\u00f3rdoba\"><strong>el plantel albiceleste<\/strong>\u00a0 <\/a>que dirige <strong>Felipe Contepomi<\/strong> est\u00e1 plagado de jugadores cordobeses, entre los que se destacan <strong>Juan Cruz Mall\u00eda y Santiago Carreras.<\/strong>\u00a0<\/p>\n<div class=\"inter_image image_horizontal\">\n<img decoding=\"async\" src=\"https:\/\/derechadiario.com.ar\/filesedc\/uploads\/image\/post\/2025\/08\/pumas-all-blacks-1975567-1600-1067_1200_800.webp\" class=\"img-responsive lazyload\" alt=\"Jugador de rugby argentino salta para atrapar la pelota durante un partido contra un equipo vestido de negro\" title=\"Jugador de rugby argentino salta para atrapar la pelota durante un partido contra un equipo vestido de negro\" \/>\n<div>\n<span class=\"img_footer\">Los Pumas jugar\u00e1n por primera vez ante los All Blacks en C\u00f3rdoba. <\/span>| <span class=\"img_author\">La Derecha Diario<\/span>\n<\/div>\n<\/div>\n<p><strong>Este jueves llegar\u00e1 la delegaci\u00f3n argentina, que se hospedar\u00e1 en el Quorum Hotel<\/strong>, sobre la avenida La Voz del Interior y que se entrenar\u00e1 en el club Palermo Bajo.<\/p>\n<aside class=\"are-you-interested-container-photo\"><\/aside>\n<h2>La agenda de Los Pumas en C\u00f3rdoba<\/h2>\n<p>En tanto, \u00a0<strong>los neocelandeses har\u00e1n base en Buenos Aires y s\u00f3lo dos d\u00edas antes del duelo llegar\u00e1n a la Docta<\/strong>. Pernoctar\u00e1n en el hotel Quinto Centenario, cerca del centro.<\/p>\n<p>Este mi\u00e9rcoles fue la presentaci\u00f3n oficial del partido. Para la ocasi\u00f3n se realiz\u00f3 una conferencia de prensa en la que el <strong>ministro de Gobierno de la provincia de C\u00f3rdoba, Manuel Calvo, mostr\u00f3 su satisfacci\u00f3n por la organizaci\u00f3n de un evento de semejante magnitud.<\/strong><\/p>\n<figure><img decoding=\"async\" src=\"https:\/\/derechadiario.com.ar\/filesedc\/uploads\/image\/post\/2025\/08\/los-pumas-vs-all-blacks-1600-1067_1200_800.webp\" class=\"img-responsive lazyload\" alt=\"Jugadores de rugby de Argentina y Nueva Zelanda forcejean por el bal\u00f3n durante un partido en un estadio lleno de espectadores.\" title=\"Jugadores de rugby de Argentina y Nueva Zelanda forcejean por el bal\u00f3n durante un partido en un estadio lleno de espectadores.\" \/><\/figure>\n<p>El funcionario destac\u00f3 que el partido de rugby derramar\u00e1 una serie de beneficios econ\u00f3micos en los sectores de hoteler\u00eda, gastronom\u00eda y transporte, entre otros.<\/p>\n<aside class=\"whatsappChannelText\"><a href=\"https:\/\/whatsapp.com\/channel\/0029VagEjILGE56eKjedWF2U\" rel=\"nofollow\" title=\"WhatsApp Link\"><img alt=\"Logo de WhatsApp\" class=\"lazyload\" data-src=\"\/filesedc\/uploads\/other\/whatsapp_icon_mid_article.png\" width=\"32\" height=\"32\" \/><\/a> <a href=\"https:\/\/whatsapp.com\/channel\/0029VagEjILGE56eKjedWF2U\" rel=\"nofollow\" title=\"WhatsApp Link\"><strong>NO SE PIERDAN NINGUNA NOTICIA<\/strong>: Click aqu\u00ed para sumarte <strong>GRATIS<\/strong> al canal de noticias de <strong>La Derecha Diario en WhatsApp.<\/strong><\/a><\/aside>\n<p>Tambi\u00e9n estuvieron presentes el \u00a0<strong>presidente de la Agencia C\u00f3rdoba Deportes, Agust\u00edn Calleri, y autoridades\u00a0como Oscar \u00abPichi\u00bb Campana y Marcelo Rodio.<\/strong>\u00a0<\/p>\n<p>El cordob\u00e9s <strong>F\u00e9lix P\u00e1ez Molina, vicepresidente de la Uni\u00f3n Argentina de Rugby, destac\u00f3 la labor de los clubes amateurs<\/strong>\u00a0 que son los que alimentan al seleccionado nacional.<\/p>\n<p>Tambi\u00e9n estuvieron <strong>Fernando P\u00e9rez, vice de la Uni\u00f3n Cordobesa de Rugby, y Rodrigo Escribano, CEO de BS Group<\/strong>, la empresa de managment deportivo encargada de la comercializaci\u00f3n del evento.<\/p>\n<h2>El c\u00e9sped del Kempes para los Pumas-All Blacks<\/h2>\n<p><strong>La Derecha Diario C\u00f3rdoba<\/strong> pudo comprobar que el c\u00e9sped del estadio Mario Kempes <strong>se encuentra en \u00f3ptimas condiciones.<\/strong>\u00a0 \u00abLo dejamos un poco m\u00e1s alto que los partidos de f\u00fatbol\u00bb, cont\u00f3 un empleado de la <strong>Agencia C\u00f3rdoba Deportes.<\/strong><\/p>\n<p>Talleres, que este viernes recibir\u00e1 a Lan\u00fcs, ser\u00e1 el \u00faltimo en utilizarlo antes del gran \u00a0<strong>duelo de rugby entre Argentina y Nueva Zelanda.<\/strong><\/p>","protected":false},"excerpt":{"rendered":"<p>Comenz\u00f3 la cuenta regresiva para un evento hist\u00f3rico para el deporte de C\u00f3rdoba: por primera vez se enfrentar\u00e1n en esta provincia Los Pumas y los [&hellip;]<\/p>\n","protected":false},"author":1,"featured_media":17042,"comment_status":"open","ping_status":"open","sticky":false,"template":"","format":"standard","meta":{"footnotes":""},"categories":[8],"tags":[],"class_list":["post-17041","post","type-post","status-publish","format-standard","has-post-thumbnail","hentry","category-deportes"],"better_featured_image":{"id":17042,"alt_text":"","caption":"","description":"","media_type":"image","media_details":{"width":1600,"height":1067,"file":"2025\/08\/bs-gr_1600_1067-vTbj0m.jpg","filesize":205768,"sizes":{"medium":{"file":"bs-gr_1600_1067-vTbj0m-300x200.jpg","width":300,"height":200,"mime-type":"image\/jpeg","filesize":19962,"source_url":"https:\/\/nuevodigitaldeescobar.com.ar\/wp-content\/uploads\/2025\/08\/bs-gr_1600_1067-vTbj0m-300x200.jpg"},"large":{"file":"bs-gr_1600_1067-vTbj0m-1024x683.jpg","width":1024,"height":683,"mime-type":"image\/jpeg","filesize":149149,"source_url":"https:\/\/nuevodigitaldeescobar.com.ar\/wp-content\/uploads\/2025\/08\/bs-gr_1600_1067-vTbj0m-1024x683.jpg"},"thumbnail":{"file":"bs-gr_1600_1067-vTbj0m-150x150.jpg","width":150,"height":150,"mime-type":"image\/jpeg","filesize":9173,"source_url":"https:\/\/nuevodigitaldeescobar.com.ar\/wp-content\/uploads\/2025\/08\/bs-gr_1600_1067-vTbj0m-150x150.jpg"},"medium_large":{"file":"bs-gr_1600_1067-vTbj0m-768x512.jpg","width":768,"height":512,"mime-type":"image\/jpeg","filesize":93302,"source_url":"https:\/\/nuevodigitaldeescobar.com.ar\/wp-content\/uploads\/2025\/08\/bs-gr_1600_1067-vTbj0m-768x512.jpg"},"1536x1536":{"file":"bs-gr_1600_1067-vTbj0m-1536x1024.jpg","width":1536,"height":1024,"mime-type":"image\/jpeg","filesize":276251,"source_url":"https:\/\/nuevodigitaldeescobar.com.ar\/wp-content\/uploads\/2025\/08\/bs-gr_1600_1067-vTbj0m-1536x1024.jpg"}},"image_meta":{"aperture":"0","credit":"","camera":"","caption":"","created_timestamp":"0","copyright":"","focal_length":"0","iso":"0","shutter_speed":"0","title":"","orientation":"0","keywords":[]}},"post":17041,"source_url":"https:\/\/nuevodigitaldeescobar.com.ar\/wp-content\/uploads\/2025\/08\/bs-gr_1600_1067-vTbj0m.jpg"},"yoast_head":"<!-- This site is optimized with the Yoast SEO plugin v26.1.1 - https:\/\/yoast.com\/wordpress\/plugins\/seo\/ -->\n<title>Partidazo: as\u00ed fue la presentaci\u00f3n de Los Pumas-All Blacks en C\u00f3rdoba - Nuevo Digital de Escobar<\/title>\n<meta name=\"robots\" content=\"index, follow, max-snippet:-1, max-image-preview:large, max-video-preview:-1\" \/>\n<link rel=\"canonical\" href=\"https:\/\/nuevodigitaldeescobar.com.ar\/?p=17041\" \/>\n<meta property=\"og:locale\" content=\"es_ES\" \/>\n<meta property=\"og:type\" content=\"article\" \/>\n<meta property=\"og:title\" content=\"Partidazo: as\u00ed fue la presentaci\u00f3n de Los Pumas-All Blacks en C\u00f3rdoba - Nuevo Digital de Escobar\" \/>\n<meta property=\"og:description\" content=\"Comenz\u00f3 la cuenta regresiva para un evento hist\u00f3rico para el deporte de C\u00f3rdoba: por primera vez se enfrentar\u00e1n en esta provincia Los Pumas y los [&hellip;]\" \/>\n<meta property=\"og:url\" content=\"https:\/\/nuevodigitaldeescobar.com.ar\/?p=17041\" \/>\n<meta property=\"og:site_name\" content=\"Nuevo Digital de Escobar\" \/>\n<meta property=\"article:publisher\" content=\"https:\/\/www.facebook.com\/NUEVODigitalDeEscobar\" \/>\n<meta property=\"article:published_time\" content=\"2025-08-07T11:20:22+00:00\" \/>\n<meta property=\"og:image\" content=\"https:\/\/derechadiario.com.ar\/filesedc\/uploads\/image\/post\/2025\/08\/pumas-all-blacks-1975567-1600-1067_1200_800.webp\" \/>\n<meta name=\"author\" content=\"Redacci\u00f3n\" \/>\n<meta name=\"twitter:card\" content=\"summary_large_image\" \/>\n<meta name=\"twitter:creator\" content=\"@nuevodigescobar\" \/>\n<meta name=\"twitter:site\" content=\"@nuevodigescobar\" \/>\n<meta name=\"twitter:label1\" content=\"Escrito por\" \/>\n\t<meta name=\"twitter:data1\" content=\"Redacci\u00f3n\" \/>\n\t<meta name=\"twitter:label2\" content=\"Tiempo de lectura\" \/>\n\t<meta name=\"twitter:data2\" content=\"2 minutos\" \/>\n<script type=\"application\/ld+json\" class=\"yoast-schema-graph\">{\"@context\":\"https:\/\/schema.org\",\"@graph\":[{\"@type\":\"Article\",\"@id\":\"https:\/\/nuevodigitaldeescobar.com.ar\/?p=17041#article\",\"isPartOf\":{\"@id\":\"https:\/\/nuevodigitaldeescobar.com.ar\/?p=17041\"},\"author\":{\"name\":\"Redacci\u00f3n\",\"@id\":\"https:\/\/nuevodigitaldeescobar.com.ar\/#\/schema\/person\/035e90a8efe9a80e6eec22656ad6ea4c\"},\"headline\":\"Partidazo: as\u00ed fue la presentaci\u00f3n de Los Pumas-All Blacks en C\u00f3rdoba\",\"datePublished\":\"2025-08-07T11:20:22+00:00\",\"mainEntityOfPage\":{\"@id\":\"https:\/\/nuevodigitaldeescobar.com.ar\/?p=17041\"},\"wordCount\":447,\"commentCount\":0,\"publisher\":{\"@id\":\"https:\/\/nuevodigitaldeescobar.com.ar\/#organization\"},\"image\":{\"@id\":\"https:\/\/nuevodigitaldeescobar.com.ar\/?p=17041#primaryimage\"},\"thumbnailUrl\":\"https:\/\/nuevodigitaldeescobar.com.ar\/wp-content\/uploads\/2025\/08\/bs-gr_1600_1067-vTbj0m.jpg\",\"articleSection\":[\"Deportes\"],\"inLanguage\":\"es\",\"potentialAction\":[{\"@type\":\"CommentAction\",\"name\":\"Comment\",\"target\":[\"https:\/\/nuevodigitaldeescobar.com.ar\/?p=17041#respond\"]}]},{\"@type\":\"WebPage\",\"@id\":\"https:\/\/nuevodigitaldeescobar.com.ar\/?p=17041\",\"url\":\"https:\/\/nuevodigitaldeescobar.com.ar\/?p=17041\",\"name\":\"Partidazo: as\u00ed fue la presentaci\u00f3n de Los Pumas-All Blacks en C\u00f3rdoba - Nuevo Digital de Escobar\",\"isPartOf\":{\"@id\":\"https:\/\/nuevodigitaldeescobar.com.ar\/#website\"},\"primaryImageOfPage\":{\"@id\":\"https:\/\/nuevodigitaldeescobar.com.ar\/?p=17041#primaryimage\"},\"image\":{\"@id\":\"https:\/\/nuevodigitaldeescobar.com.ar\/?p=17041#primaryimage\"},\"thumbnailUrl\":\"https:\/\/nuevodigitaldeescobar.com.ar\/wp-content\/uploads\/2025\/08\/bs-gr_1600_1067-vTbj0m.jpg\",\"datePublished\":\"2025-08-07T11:20:22+00:00\",\"breadcrumb\":{\"@id\":\"https:\/\/nuevodigitaldeescobar.com.ar\/?p=17041#breadcrumb\"},\"inLanguage\":\"es\",\"potentialAction\":[{\"@type\":\"ReadAction\",\"target\":[\"https:\/\/nuevodigitaldeescobar.com.ar\/?p=17041\"]}]},{\"@type\":\"ImageObject\",\"inLanguage\":\"es\",\"@id\":\"https:\/\/nuevodigitaldeescobar.com.ar\/?p=17041#primaryimage\",\"url\":\"https:\/\/nuevodigitaldeescobar.com.ar\/wp-content\/uploads\/2025\/08\/bs-gr_1600_1067-vTbj0m.jpg\",\"contentUrl\":\"https:\/\/nuevodigitaldeescobar.com.ar\/wp-content\/uploads\/2025\/08\/bs-gr_1600_1067-vTbj0m.jpg\",\"width\":1600,\"height\":1067},{\"@type\":\"BreadcrumbList\",\"@id\":\"https:\/\/nuevodigitaldeescobar.com.ar\/?p=17041#breadcrumb\",\"itemListElement\":[{\"@type\":\"ListItem\",\"position\":1,\"name\":\"Portada\",\"item\":\"https:\/\/nuevodigitaldeescobar.com.ar\/\"},{\"@type\":\"ListItem\",\"position\":2,\"name\":\"Partidazo: as\u00ed fue la presentaci\u00f3n de Los Pumas-All Blacks en C\u00f3rdoba\"}]},{\"@type\":\"WebSite\",\"@id\":\"https:\/\/nuevodigitaldeescobar.com.ar\/#website\",\"url\":\"https:\/\/nuevodigitaldeescobar.com.ar\/\",\"name\":\"Nuevo Digital de Escobar\",\"description\":\"La vida escobarense. Directora: Rosana Brunner\",\"publisher\":{\"@id\":\"https:\/\/nuevodigitaldeescobar.com.ar\/#organization\"},\"potentialAction\":[{\"@type\":\"SearchAction\",\"target\":{\"@type\":\"EntryPoint\",\"urlTemplate\":\"https:\/\/nuevodigitaldeescobar.com.ar\/?s={search_term_string}\"},\"query-input\":{\"@type\":\"PropertyValueSpecification\",\"valueRequired\":true,\"valueName\":\"search_term_string\"}}],\"inLanguage\":\"es\"},{\"@type\":\"Organization\",\"@id\":\"https:\/\/nuevodigitaldeescobar.com.ar\/#organization\",\"name\":\"Nuevo Digital de Escobar\",\"url\":\"https:\/\/nuevodigitaldeescobar.com.ar\/\",\"logo\":{\"@type\":\"ImageObject\",\"inLanguage\":\"es\",\"@id\":\"https:\/\/nuevodigitaldeescobar.com.ar\/#\/schema\/logo\/image\/\",\"url\":\"https:\/\/nuevodigitaldeescobar.com.ar\/wp-content\/uploads\/2025\/05\/cropped-logo-nuevo2.jpg\",\"contentUrl\":\"https:\/\/nuevodigitaldeescobar.com.ar\/wp-content\/uploads\/2025\/05\/cropped-logo-nuevo2.jpg\",\"width\":305,\"height\":305,\"caption\":\"Nuevo Digital de Escobar\"},\"image\":{\"@id\":\"https:\/\/nuevodigitaldeescobar.com.ar\/#\/schema\/logo\/image\/\"},\"sameAs\":[\"https:\/\/www.facebook.com\/NUEVODigitalDeEscobar\",\"https:\/\/x.com\/nuevodigescobar\",\"https:\/\/www.instagram.com\/nuevodigitaldeescobar\"]},{\"@type\":\"Person\",\"@id\":\"https:\/\/nuevodigitaldeescobar.com.ar\/#\/schema\/person\/035e90a8efe9a80e6eec22656ad6ea4c\",\"name\":\"Redacci\u00f3n\",\"image\":{\"@type\":\"ImageObject\",\"inLanguage\":\"es\",\"@id\":\"https:\/\/nuevodigitaldeescobar.com.ar\/#\/schema\/person\/image\/\",\"url\":\"https:\/\/secure.gravatar.com\/avatar\/8af8f40000c24e9eef3034f2be5998a372bb1389e64b1a4a36b3a7979142220d?s=96&d=mm&r=g\",\"contentUrl\":\"https:\/\/secure.gravatar.com\/avatar\/8af8f40000c24e9eef3034f2be5998a372bb1389e64b1a4a36b3a7979142220d?s=96&d=mm&r=g\",\"caption\":\"Redacci\u00f3n\"},\"sameAs\":[\"http:\/\/nuevodigitaldeescobar.com.ar\"],\"url\":\"https:\/\/nuevodigitaldeescobar.com.ar\/?author=1\"}]}<\/script>\n<!-- \/ Yoast SEO plugin. -->","yoast_head_json":{"title":"Partidazo: as\u00ed fue la presentaci\u00f3n de Los Pumas-All Blacks en C\u00f3rdoba - Nuevo Digital de Escobar","robots":{"index":"index","follow":"follow","max-snippet":"max-snippet:-1","max-image-preview":"max-image-preview:large","max-video-preview":"max-video-preview:-1"},"canonical":"https:\/\/nuevodigitaldeescobar.com.ar\/?p=17041","og_locale":"es_ES","og_type":"article","og_title":"Partidazo: as\u00ed fue la presentaci\u00f3n de Los Pumas-All Blacks en C\u00f3rdoba - Nuevo Digital de Escobar","og_description":"Comenz\u00f3 la cuenta regresiva para un evento hist\u00f3rico para el deporte de C\u00f3rdoba: por primera vez se enfrentar\u00e1n en esta provincia Los Pumas y los [&hellip;]","og_url":"https:\/\/nuevodigitaldeescobar.com.ar\/?p=17041","og_site_name":"Nuevo Digital de Escobar","article_publisher":"https:\/\/www.facebook.com\/NUEVODigitalDeEscobar","article_published_time":"2025-08-07T11:20:22+00:00","og_image":[{"url":"https:\/\/derechadiario.com.ar\/filesedc\/uploads\/image\/post\/2025\/08\/pumas-all-blacks-1975567-1600-1067_1200_800.webp","type":"","width":"","height":""}],"author":"Redacci\u00f3n","twitter_card":"summary_large_image","twitter_creator":"@nuevodigescobar","twitter_site":"@nuevodigescobar","twitter_misc":{"Escrito por":"Redacci\u00f3n","Tiempo de lectura":"2 minutos"},"schema":{"@context":"https:\/\/schema.org","@graph":[{"@type":"Article","@id":"https:\/\/nuevodigitaldeescobar.com.ar\/?p=17041#article","isPartOf":{"@id":"https:\/\/nuevodigitaldeescobar.com.ar\/?p=17041"},"author":{"name":"Redacci\u00f3n","@id":"https:\/\/nuevodigitaldeescobar.com.ar\/#\/schema\/person\/035e90a8efe9a80e6eec22656ad6ea4c"},"headline":"Partidazo: as\u00ed fue la presentaci\u00f3n de Los Pumas-All Blacks en C\u00f3rdoba","datePublished":"2025-08-07T11:20:22+00:00","mainEntityOfPage":{"@id":"https:\/\/nuevodigitaldeescobar.com.ar\/?p=17041"},"wordCount":447,"commentCount":0,"publisher":{"@id":"https:\/\/nuevodigitaldeescobar.com.ar\/#organization"},"image":{"@id":"https:\/\/nuevodigitaldeescobar.com.ar\/?p=17041#primaryimage"},"thumbnailUrl":"https:\/\/nuevodigitaldeescobar.com.ar\/wp-content\/uploads\/2025\/08\/bs-gr_1600_1067-vTbj0m.jpg","articleSection":["Deportes"],"inLanguage":"es","potentialAction":[{"@type":"CommentAction","name":"Comment","target":["https:\/\/nuevodigitaldeescobar.com.ar\/?p=17041#respond"]}]},{"@type":"WebPage","@id":"https:\/\/nuevodigitaldeescobar.com.ar\/?p=17041","url":"https:\/\/nuevodigitaldeescobar.com.ar\/?p=17041","name":"Partidazo: as\u00ed fue la presentaci\u00f3n de Los Pumas-All Blacks en C\u00f3rdoba - Nuevo Digital de Escobar","isPartOf":{"@id":"https:\/\/nuevodigitaldeescobar.com.ar\/#website"},"primaryImageOfPage":{"@id":"https:\/\/nuevodigitaldeescobar.com.ar\/?p=17041#primaryimage"},"image":{"@id":"https:\/\/nuevodigitaldeescobar.com.ar\/?p=17041#primaryimage"},"thumbnailUrl":"https:\/\/nuevodigitaldeescobar.com.ar\/wp-content\/uploads\/2025\/08\/bs-gr_1600_1067-vTbj0m.jpg","datePublished":"2025-08-07T11:20:22+00:00","breadcrumb":{"@id":"https:\/\/nuevodigitaldeescobar.com.ar\/?p=17041#breadcrumb"},"inLanguage":"es","potentialAction":[{"@type":"ReadAction","target":["https:\/\/nuevodigitaldeescobar.com.ar\/?p=17041"]}]},{"@type":"ImageObject","inLanguage":"es","@id":"https:\/\/nuevodigitaldeescobar.com.ar\/?p=17041#primaryimage","url":"https:\/\/nuevodigitaldeescobar.com.ar\/wp-content\/uploads\/2025\/08\/bs-gr_1600_1067-vTbj0m.jpg","contentUrl":"https:\/\/nuevodigitaldeescobar.com.ar\/wp-content\/uploads\/2025\/08\/bs-gr_1600_1067-vTbj0m.jpg","width":1600,"height":1067},{"@type":"BreadcrumbList","@id":"https:\/\/nuevodigitaldeescobar.com.ar\/?p=17041#breadcrumb","itemListElement":[{"@type":"ListItem","position":1,"name":"Portada","item":"https:\/\/nuevodigitaldeescobar.com.ar\/"},{"@type":"ListItem","position":2,"name":"Partidazo: as\u00ed fue la presentaci\u00f3n de Los Pumas-All Blacks en C\u00f3rdoba"}]},{"@type":"WebSite","@id":"https:\/\/nuevodigitaldeescobar.com.ar\/#website","url":"https:\/\/nuevodigitaldeescobar.com.ar\/","name":"Nuevo Digital de Escobar","description":"La vida escobarense. Directora: Rosana Brunner","publisher":{"@id":"https:\/\/nuevodigitaldeescobar.com.ar\/#organization"},"potentialAction":[{"@type":"SearchAction","target":{"@type":"EntryPoint","urlTemplate":"https:\/\/nuevodigitaldeescobar.com.ar\/?s={search_term_string}"},"query-input":{"@type":"PropertyValueSpecification","valueRequired":true,"valueName":"search_term_string"}}],"inLanguage":"es"},{"@type":"Organization","@id":"https:\/\/nuevodigitaldeescobar.com.ar\/#organization","name":"Nuevo Digital de Escobar","url":"https:\/\/nuevodigitaldeescobar.com.ar\/","logo":{"@type":"ImageObject","inLanguage":"es","@id":"https:\/\/nuevodigitaldeescobar.com.ar\/#\/schema\/logo\/image\/","url":"https:\/\/nuevodigitaldeescobar.com.ar\/wp-content\/uploads\/2025\/05\/cropped-logo-nuevo2.jpg","contentUrl":"https:\/\/nuevodigitaldeescobar.com.ar\/wp-content\/uploads\/2025\/05\/cropped-logo-nuevo2.jpg","width":305,"height":305,"caption":"Nuevo Digital de Escobar"},"image":{"@id":"https:\/\/nuevodigitaldeescobar.com.ar\/#\/schema\/logo\/image\/"},"sameAs":["https:\/\/www.facebook.com\/NUEVODigitalDeEscobar","https:\/\/x.com\/nuevodigescobar","https:\/\/www.instagram.com\/nuevodigitaldeescobar"]},{"@type":"Person","@id":"https:\/\/nuevodigitaldeescobar.com.ar\/#\/schema\/person\/035e90a8efe9a80e6eec22656ad6ea4c","name":"Redacci\u00f3n","image":{"@type":"ImageObject","inLanguage":"es","@id":"https:\/\/nuevodigitaldeescobar.com.ar\/#\/schema\/person\/image\/","url":"https:\/\/secure.gravatar.com\/avatar\/8af8f40000c24e9eef3034f2be5998a372bb1389e64b1a4a36b3a7979142220d?s=96&d=mm&r=g","contentUrl":"https:\/\/secure.gravatar.com\/avatar\/8af8f40000c24e9eef3034f2be5998a372bb1389e64b1a4a36b3a7979142220d?s=96&d=mm&r=g","caption":"Redacci\u00f3n"},"sameAs":["http:\/\/nuevodigitaldeescobar.com.ar"],"url":"https:\/\/nuevodigitaldeescobar.com.ar\/?author=1"}]}},"featured_image_urls":{"full":["https:\/\/nuevodigitaldeescobar.com.ar\/wp-content\/uploads\/2025\/08\/bs-gr_1600_1067-vTbj0m.jpg",1600,1067,false],"thumbnail":["https:\/\/nuevodigitaldeescobar.com.ar\/wp-content\/uploads\/2025\/08\/bs-gr_1600_1067-vTbj0m-150x150.jpg",150,150,true],"medium":["https:\/\/nuevodigitaldeescobar.com.ar\/wp-content\/uploads\/2025\/08\/bs-gr_1600_1067-vTbj0m-300x200.jpg",300,200,true],"medium_large":["https:\/\/nuevodigitaldeescobar.com.ar\/wp-content\/uploads\/2025\/08\/bs-gr_1600_1067-vTbj0m-768x512.jpg",640,427,true],"large":["https:\/\/nuevodigitaldeescobar.com.ar\/wp-content\/uploads\/2025\/08\/bs-gr_1600_1067-vTbj0m-1024x683.jpg",640,427,true],"1536x1536":["https:\/\/nuevodigitaldeescobar.com.ar\/wp-content\/uploads\/2025\/08\/bs-gr_1600_1067-vTbj0m-1536x1024.jpg",1536,1024,true],"2048x2048":["https:\/\/nuevodigitaldeescobar.com.ar\/wp-content\/uploads\/2025\/08\/bs-gr_1600_1067-vTbj0m.jpg",1600,1067,false]},"author_info":{"display_name":"Redacci\u00f3n","author_link":"https:\/\/nuevodigitaldeescobar.com.ar\/?author=1"},"category_info":"<a href=\"https:\/\/nuevodigitaldeescobar.com.ar\/?cat=8\" rel=\"category\">Deportes<\/a>","tag_info":"Deportes","comment_count":"0","_links":{"self":[{"href":"https:\/\/nuevodigitaldeescobar.com.ar\/index.php?rest_route=\/wp\/v2\/posts\/17041","targetHints":{"allow":["GET"]}}],"collection":[{"href":"https:\/\/nuevodigitaldeescobar.com.ar\/index.php?rest_route=\/wp\/v2\/posts"}],"about":[{"href":"https:\/\/nuevodigitaldeescobar.com.ar\/index.php?rest_route=\/wp\/v2\/types\/post"}],"author":[{"embeddable":true,"href":"https:\/\/nuevodigitaldeescobar.com.ar\/index.php?rest_route=\/wp\/v2\/users\/1"}],"replies":[{"embeddable":true,"href":"https:\/\/nuevodigitaldeescobar.com.ar\/index.php?rest_route=%2Fwp%2Fv2%2Fcomments&post=17041"}],"version-history":[{"count":0,"href":"https:\/\/nuevodigitaldeescobar.com.ar\/index.php?rest_route=\/wp\/v2\/posts\/17041\/revisions"}],"wp:featuredmedia":[{"embeddable":true,"href":"https:\/\/nuevodigitaldeescobar.com.ar\/index.php?rest_route=\/wp\/v2\/media\/17042"}],"wp:attachment":[{"href":"https:\/\/nuevodigitaldeescobar.com.ar\/index.php?rest_route=%2Fwp%2Fv2%2Fmedia&parent=17041"}],"wp:term":[{"taxonomy":"category","embeddable":true,"href":"https:\/\/nuevodigitaldeescobar.com.ar\/index.php?rest_route=%2Fwp%2Fv2%2Fcategories&post=17041"},{"taxonomy":"post_tag","embeddable":true,"href":"https:\/\/nuevodigitaldeescobar.com.ar\/index.php?rest_route=%2Fwp%2Fv2%2Ftags&post=17041"}],"curies":[{"name":"wp","href":"https:\/\/api.w.org\/{rel}","templated":true}]}}