{"id":17045,"date":"2025-08-07T12:20:41","date_gmt":"2025-08-07T15:20:41","guid":{"rendered":"https:\/\/nuevodigitaldeescobar.com.ar\/?p=17045"},"modified":"2025-08-07T12:20:41","modified_gmt":"2025-08-07T15:20:41","slug":"balon-de-oro-2025-todos-los-nominados-la-fecha-de-entrega-y-los-premios","status":"publish","type":"post","link":"https:\/\/nuevodigitaldeescobar.com.ar\/?p=17045","title":{"rendered":"Bal\u00f3n de Oro 2025: todos los nominados, la fecha de entrega y los premios"},"content":{"rendered":"<p>Este jueves 7 de agosto, a poco m\u00e1s de un mes de la entrega del Bal\u00f3n de Oro, se dieron a conocer a los <strong>ternados para el trofeo m\u00e1s importante del mundo a nivel individual<\/strong>. Y como siempre sucede, hubo nombres que se esperaban y otros que sorprendieron.<\/p>\n<p><strong>Reci\u00e9n el 22 de septiembre se conocer\u00e1 al heredero de Rodri Hern\u00e1ndez<\/strong>, ganador de la edici\u00f3n 2024. Por ende, ser\u00e1n casi <strong>siete semanas de pura especulaci\u00f3n<\/strong> respecto a qui\u00e9n ganar\u00e1 el Bal\u00f3n de Oro de este a\u00f1o, en una edici\u00f3n que se prev\u00e9\u00a0m\u00e1s abierta que de costumbre.<\/p>\n<p>Cabe destacar que la entrega del BdO <strong>se da como premio a quien tuvo mejor temporada y no un a\u00f1o calendario<\/strong>. Es decir, el periodo comprendido desde el <strong>1 de agosto del 2024 hasta el 31 de julio del 2025<\/strong>.<\/p>\n<p>En esta edici\u00f3n, Argentina tendr\u00e1 tres representantes entre los distintos premios individuales. \u00a0<strong>Alexis Mac Allister<\/strong> (Liverpool) y <strong>Lautaro Mart\u00ednez<\/strong> (Inter de Mil\u00e1n) est\u00e1n nominados al <strong>Bal\u00f3n de Oro masculino<\/strong>, mientras que\u00a0<strong>Emiliano \u00abDibu\u00bb Mart\u00ednez<\/strong> (Aston Villa) aparece entre los candidatos al <strong>Trofeo Yashin<\/strong>, que reconoce al mejor arquero del a\u00f1o.<\/p>\n<div class=\"inter_image image_horizontal\">\n<img decoding=\"async\" src=\"https:\/\/derechadiario.com.ar\/filesedc\/uploads\/image\/post\/2025\/08\/3-5-1754576772369_1200_800.webp\" class=\"img-responsive lazyload\" alt=\"Tres futbolistas argentinos con uniformes de Liverpool, Inter de Mil\u00e1n y Aston Villa\" title=\"Tres futbolistas argentinos con uniformes de Liverpool, Inter de Mil\u00e1n y Aston Villa\" \/>\n<div>\n<span class=\"img_footer\">Mac Allister, Lautaro y Dibu son los \u00fanicos argentinos nominados <\/span>| <span class=\"img_author\">La Derecha Diario<\/span>\n<\/div>\n<\/div>\n<h2><strong>Los 30 nominados al Bal\u00f3n de Oro masculino<\/strong><\/h2>\n<figure><img decoding=\"async\" src=\"https:\/\/derechadiario.com.ar\/filesedc\/uploads\/image\/post\/2025\/08\/gxwkp5iwaaa515g_1200_1600.webp\" class=\"img-responsive lazyload\" alt=\"Lista de nominados al Bal\u00f3n de Oro 2025 en la categor\u00eda masculina con nombres de futbolistas destacados sobre un fondo negro\" title=\"Lista de nominados al Bal\u00f3n de Oro 2025 en la categor\u00eda masculina con nombres de futbolistas destacados sobre un fondo negro\" \/><\/figure>\n<ul>\n<li>Ousmane Demb\u00e9l\u00e9 (Francia \/ PSG)<\/li>\n<li>Jude Bellingham (Inglaterra \/ Real Madrid)<\/li>\n<li>Gianluigi Donnarumma (Italia \/ PSG)<\/li>\n<li>D\u00e9sir\u00e9 Dou\u00e9 (Francia \/ PSG)<\/li>\n<li>Denzel Dumfries (Pa\u00edses Bajos \/ Inter de Mil\u00e1n)<\/li>\n<li>Serhou Guirassy (Guinea \/ Borussia Dortmund)<\/li>\n<li>Erling Haaland (Noruega \/ Manchester City)<\/li>\n<li>Viktor Gy\u00f6keres (Suecia \/ Sporting Lisboa)<\/li>\n<li>Achraf Hakimi (Marruecos \/ PSG)<\/li>\n<li>Harry Kane (Inglaterra \/ Bayern M\u00fanich)<\/li>\n<li>Khvicha Kvaratskhelia (Georgia \/ Napoli y PSG)<\/li>\n<li>Robert Lewandowski (Polonia \/ FC Barcelona)<\/li>\n<li>\n<strong>Alexis Mac Allister<\/strong> (Argentina \/ Liverpool)<\/li>\n<li>\n<strong>Lautaro Mart\u00ednez<\/strong> (Argentina \/ Inter de Mil\u00e1n)<\/li>\n<li>Scott McTominay (Escocia \/ Napoli)<\/li>\n<li>Kylian Mbapp\u00e9 (Francia \/ Real Madrid)<\/li>\n<li>Nuno Mendes (Portugal \/ PSG)<\/li>\n<li>Jo\u00e3o Neves (Portugal \/ PSG)<\/li>\n<li>Pedri (Espa\u00f1a \/ FC Barcelona)<\/li>\n<li>Cole Palmer (Inglaterra \/ Chelsea)<\/li>\n<li>Michael Olise (Francia \/ Bayern M\u00fanich)<\/li>\n<li>Declan Rice (Inglaterra \/ Arsenal)<\/li>\n<li>Raphinha (Brasil \/ FC Barcelona)<\/li>\n<li>Fabi\u00e1n Ruiz (Espa\u00f1a \/ PSG)<\/li>\n<li>Virgil van Dijk (Pa\u00edses Bajos \/ Liverpool)<\/li>\n<li>Vin\u00edcius Jr. (Brasil \/ Real Madrid)<\/li>\n<li>Mohamed Salah (Egipto \/ Liverpool)<\/li>\n<li>Vitinha (Portugal \/ PSG)<\/li>\n<li>Florian Wirtz (Alemania \/ Bayer Leverkusen)<\/li>\n<li>Lamine Yamal (Espa\u00f1a \/ FC Barcelona)<\/li>\n<\/ul>\n<h2><strong>Las 30 nominadas al Bal\u00f3n de Oro femenino<\/strong><\/h2>\n<figure><img decoding=\"async\" src=\"https:\/\/derechadiario.com.ar\/filesedc\/uploads\/image\/post\/2025\/08\/gxwhdlxxcaex67p_1200_1600.webp\" class=\"img-responsive lazyload\" alt=\"Lista de nominadas al Bal\u00f3n de Oro Femenino 2025 con nombres destacados en negrita sobre un fondo negro\" title=\"Lista de nominadas al Bal\u00f3n de Oro Femenino 2025 con nombres destacados en negrita sobre un fondo negro\" \/><\/figure>\n<ul>\n<li>Lucy Bronze (Inglaterra \/ Chelsea)<\/li>\n<li>Barbra Banda (Zambia \/ Orlando Pride)<\/li>\n<li>Aitana Bonmat\u00ed (Espa\u00f1a \/ FC Barcelona)<\/li>\n<li>Sandy Baltimore (Francia \/ Chelsea)<\/li>\n<li>Mariona Caldentey (Espa\u00f1a \/ Arsenal)<\/li>\n<li>Klara B\u00fchl (Alemania \/ Bayern M\u00fanich)<\/li>\n<li>Sof\u00eda Cantore (Italia \/ Juventus y Washington Spirit)<\/li>\n<li>Steph Catley (Australia \/ Arsenal)<\/li>\n<li>Melchie Dumornay (Hait\u00ed \/ Olympique Lyon)<\/li>\n<li>Temwa Chawinga (Malawi \/ Kansas City Current)<\/li>\n<li>Emily Fox (Estados Unidos \/ Arsenal)<\/li>\n<li>Cristiana Girelli (Italia \/ Juventus)<\/li>\n<li>Esther Gonz\u00e1lez (Espa\u00f1a \/ Gotham FC)<\/li>\n<li>Caroline Graham Hansen (Noruega \/ FC Barcelona)<\/li>\n<li>Patri Guijarro (Espa\u00f1a \/ FC Barcelona)<\/li>\n<li>Amanda Gutierres (Brasil \/ Palmeiras)<\/li>\n<li>Hannah Hampton (Inglaterra \/ Chelsea)<\/li>\n<li>Pernille Harder (Dinamarca \/ Bayern M\u00fanich)<\/li>\n<li>Lindsey Horan (Estados Unidos \/ Olympique Lyon)<\/li>\n<li>Chloe Kelly (Inglaterra \/ Manchester City y Arsenal)<\/li>\n<li>Marta (Brasil \/ Orlando Pride)<\/li>\n<li>Frida Maanum (Noruega \/ Arsenal)<\/li>\n<li>Ewa Pajor (Polonia \/ FC Barcelona)<\/li>\n<li>Clara Mateo (Francia \/ Paris FC)<\/li>\n<li>Alessia Russo (Inglaterra \/ Arsenal)<\/li>\n<li>Claudia Pina (Espa\u00f1a \/ FC Barcelona)<\/li>\n<li>Alexia Putellas (Espa\u00f1a \/ FC Barcelona)<\/li>\n<li>Johanna Rytting Kaneryd (Suecia \/ Chelsea)<\/li>\n<li>Caroline Weir (Escocia \/ Real Madrid)<\/li>\n<li>Leah Williamson (Inglaterra \/ Arsenal)<\/li>\n<\/ul>\n<h2><strong>Trofeo Kopa (mejor jugador joven)<\/strong><\/h2>\n<figure><img decoding=\"async\" src=\"https:\/\/derechadiario.com.ar\/filesedc\/uploads\/image\/post\/2025\/08\/3-2-1754575607109_1200_800.webp\" class=\"img-responsive lazyload\" alt=\"Imagen con los nominados al Trofeo Kopa del Bal\u00f3n de Oro 2024, mostrando los rostros de j\u00f3venes futbolistas de diferentes equipos europeos.\" title=\"Imagen con los nominados al Trofeo Kopa del Bal\u00f3n de Oro 2024, mostrando los rostros de j\u00f3venes futbolistas de diferentes equipos europeos.\" \/><\/figure>\n<ul>\n<li>Lamine Yamal (Espa\u00f1a \/ FC Barcelona)<\/li>\n<li>Ayyoub Bouaddi (Francia \/ Lille)<\/li>\n<li>Pau Cubars\u00ed (Espa\u00f1a \/ FC Barcelona)<\/li>\n<li>D\u00e9sir\u00e9 Dou\u00e9 (Francia \/ PSG)<\/li>\n<li>Estev\u00e3o Willian (Brasil \/ Palmeiras)<\/li>\n<li>Dean Huijsen (Pa\u00edses Bajos \/ AFC Bournemouth, Inglaterra y Real Madrid, Espa\u00f1a)<\/li>\n<li>Myles Lewis-Skelly (Inglaterra \/ Arsenal)<\/li>\n<li>Rodrigo Mora (Portugal \/ FC Porto)<\/li>\n<li>Jo\u00e3o Neves (Portugal \/ PSG)<\/li>\n<li>Kenan Yildiz (Alemania \/ Juventus, Italia)<\/li>\n<\/ul>\n<h2><strong>Trofeo Kopa (mejor jugadora joven)<\/strong><\/h2>\n<figure><img decoding=\"async\" src=\"https:\/\/derechadiario.com.ar\/filesedc\/uploads\/image\/post\/2025\/08\/gxvknvwxiaarg7x_1200_1600.webp\" class=\"img-responsive lazyload\" alt=\"Imagen con fondo negro que muestra a cinco futbolistas nominadas al trofeo Kopa del Bal\u00f3n de Oro, con sus nombres y fotos, entre ellas Michelle Agyemang, Linda Caicedo, Wieke Kaptein, Vicky L\u00f3pez y Claudia Mart\u00ednez Ovando\" title=\"Imagen con fondo negro que muestra a cinco futbolistas nominadas al trofeo Kopa del Bal\u00f3n de Oro, con sus nombres y fotos, entre ellas Michelle Agyemang, Linda Caicedo, Wieke Kaptein, Vicky L\u00f3pez y Claudia Mart\u00ednez Ovando\" \/><\/figure>\n<ul>\n<li>Michelle Agyemang (Inglaterra \/ Arsenal y Brighton)<\/li>\n<li>Linda Caicedo (Colombia \/ Real Madrid, Espa\u00f1a)<\/li>\n<li>Wieke Kaptein (Pa\u00edses Bajos \/ Chelsea, Inglaterra)<\/li>\n<li>Vicky L\u00f3pez (Espa\u00f1a \/ FC Barcelona)<\/li>\n<li>Claudia Mart\u00ednez Ovando (Paraguay \/ Club Olimpia)<\/li>\n<\/ul>\n<h2><strong>Trofeo Yashin (mejor arquero)<\/strong><\/h2>\n<figure><img decoding=\"async\" src=\"https:\/\/derechadiario.com.ar\/filesedc\/uploads\/image\/post\/2025\/08\/3-1-1754575671308_1200_800.webp\" class=\"img-responsive lazyload\" alt=\"Imagen que muestra a los nominados al Trofeo Yashin del Bal\u00f3n de Oro 2023 con fotos de los porteros Alisson Becker, Yassine Bounou, Emiliano Mart\u00ednez, Jan Oblak, Lucas Chevalier, Thibaut Courtois, Gianluigi Donnarumma, David Raya, Matz Sels y Yann Sommer\" title=\"Imagen que muestra a los nominados al Trofeo Yashin del Bal\u00f3n de Oro 2023 con fotos de los porteros Alisson Becker, Yassine Bounou, Emiliano Mart\u00ednez, Jan Oblak, Lucas Chevalier, Thibaut Courtois, Gianluigi Donnarumma, David Raya, Matz Sels y Yann Sommer\" \/><\/figure>\n<ul>\n<li>\n<strong>Emiliano Mart\u00ednez<\/strong> (Argentina \/ Aston Villa, Inglaterra)<\/li>\n<li>Alisson Becker (Brasil \/ Liverpool, Inglaterra)<\/li>\n<li>Yassine Bounou (Marruecos \/ Al-Hilal, Arabia Saudita)<\/li>\n<li>Lucas Chevalier (Francia \/ Lille, Francia)<\/li>\n<li>Thibaut Courtois (B\u00e9lgica \/ Real Madrid, Espa\u00f1a)<\/li>\n<li>Gianluigi Donnarumma (Italia \/ PSG, Francia)<\/li>\n<li>Jan Oblak (Eslovenia \/ Atl\u00e9tico de Madrid, Espa\u00f1a)<\/li>\n<li>David Raya (Espa\u00f1a \/ Arsenal, Inglaterra)<\/li>\n<li>Matz Sels (B\u00e9lgica \/ Nottingham Forest, Inglaterra)<\/li>\n<li>Yann Sommer (Suiza \/ Inter de Mil\u00e1n, Italia)<\/li>\n<\/ul>\n<h2><strong>Trofeo Yashin (femenino)<\/strong><\/h2>\n<figure><img decoding=\"async\" src=\"https:\/\/derechadiario.com.ar\/filesedc\/uploads\/image\/post\/2025\/08\/gxvre0jwuaada79_1200_1600.webp\" class=\"img-responsive lazyload\" alt=\"Cinco porteras nominadas al Trofeo Yachine del Bal\u00f3n de Oro aparecen en la imagen, cada una con su uniforme y nombre, junto al logo del premio.\" title=\"Cinco porteras nominadas al Trofeo Yachine del Bal\u00f3n de Oro aparecen en la imagen, cada una con su uniforme y nombre, junto al logo del premio.\" \/><\/figure>\n<ul>\n<li>Chiamaka Nnadozie (Nigeria \/ Paris FC, Francia y Brighton, Inglaterra)<\/li>\n<li>Daphne van Domselaar (Pa\u00edses Bajos \/ Arsenal, Inglaterra)<\/li>\n<li>Hannah Hampton (Inglaterra \/ Chelsea, Inglaterra)<\/li>\n<li>Cata Coll (Espa\u00f1a \/ FC Barcelona)<\/li>\n<li>Ann-Katrin Berger (Alemania \/ Gotham FC, Estados Unidos)<\/li>\n<\/ul>\n<h2><strong>Mejor entrenador del a\u00f1o (masculino)<\/strong><\/h2>\n<figure><img decoding=\"async\" src=\"https:\/\/derechadiario.com.ar\/filesedc\/uploads\/image\/post\/2025\/08\/gxv2duexqaaksfw_1200_1600.webp\" class=\"img-responsive lazyload\" alt=\"Cinco entrenadores nominados al trofeo Johan Cruyff masculino del Bal\u00f3n de Oro aparecen en la imagen, cada uno con su nombre y fotograf\u00eda, junto al logo del premio.\" title=\"Cinco entrenadores nominados al trofeo Johan Cruyff masculino del Bal\u00f3n de Oro aparecen en la imagen, cada uno con su nombre y fotograf\u00eda, junto al logo del premio.\" \/><\/figure>\n<ul>\n<li>Antonio Conte (Italia \/ Napoli)<\/li>\n<li>Luis Enrique (Espa\u00f1a \/ PSG, Francia)<\/li>\n<li>Hansi Flick (Alemania \/ FC Barcelona, Espa\u00f1a)<\/li>\n<li>Enzo Maresca (Italia \/ Chelsea, Inglaterra)<\/li>\n<li>Arne Slot (Pa\u00edses Bajos \/ Liverpool, Inglaterra)<\/li>\n<\/ul>\n<h2><strong>Mejor entrenador\u00a0del a\u00f1o (femenino)<\/strong><\/h2>\n<figure><img decoding=\"async\" src=\"https:\/\/derechadiario.com.ar\/filesedc\/uploads\/image\/post\/2025\/08\/gxv0cljweaaqc3h_1200_1600.webp\" class=\"img-responsive lazyload\" alt=\"Cinco entrenadores nominados al trofeo Women's Johan Cruyff del Bal\u00f3n de Oro aparecen en la imagen, cada uno con su nombre y fotograf\u00eda sobre un fondo negro.\" title=\"Cinco entrenadores nominados al trofeo Women's Johan Cruyff del Bal\u00f3n de Oro aparecen en la imagen, cada uno con su nombre y fotograf\u00eda sobre un fondo negro.\" \/><\/figure>\n<ul>\n<li>Sonia Bompastor (Francia \/ Chelsea, Inglaterra)<\/li>\n<li>Arthur Elias (Brasil \/ Selecci\u00f3n femenina de Brasil)<\/li>\n<li>Justine Madugu (Nigeria \/ Selecci\u00f3n femenina de Nigeria)<\/li>\n<li>Ren\u00e9e Slegers (Pa\u00edses Bajos \/ Arsenal, Inglaterra)<\/li>\n<li>Sarina Wiegman (Pa\u00edses Bajos \/ Selecci\u00f3n femenina de Inglaterra)<\/li>\n<\/ul>\n<h2><strong>Clubes nominados a equipo del a\u00f1o (masculino)<\/strong><\/h2>\n<aside class=\"whatsappChannelText\"><a href=\"https:\/\/whatsapp.com\/channel\/0029VagEjILGE56eKjedWF2U\" rel=\"nofollow\" title=\"WhatsApp Link\"><img alt=\"Logo de WhatsApp\" class=\"lazyload\" data-src=\"\/filesedc\/uploads\/other\/whatsapp_icon_mid_article.png\" width=\"32\" height=\"32\" \/><\/a> <a href=\"https:\/\/whatsapp.com\/channel\/0029VagEjILGE56eKjedWF2U\" rel=\"nofollow\" title=\"WhatsApp Link\"><strong>NO SE PIERDAN NINGUNA NOTICIA<\/strong>: Click aqu\u00ed para sumarte <strong>GRATIS<\/strong> al canal de noticias de <strong>La Derecha Diario en WhatsApp.<\/strong><\/a><\/aside>\n<figure><img decoding=\"async\" src=\"https:\/\/derechadiario.com.ar\/filesedc\/uploads\/image\/post\/2025\/08\/3-3-1754576342197_1200_800.webp\" class=\"img-responsive lazyload\" alt=\"Imagen con los escudos de FC Barcelona, Botafogo, Chelsea, Liverpool y Paris Saint-Germain como nominados al club masculino del a\u00f1o en los premios Ballon d'Or\" title=\"Imagen con los escudos de FC Barcelona, Botafogo, Chelsea, Liverpool y Paris Saint-Germain como nominados al club masculino del a\u00f1o en los premios Ballon d'Or\" \/><\/figure>\n<ul>\n<li>FC Barcelona (Espa\u00f1a)<\/li>\n<li>Botafogo (Brasil)<\/li>\n<li>Liverpool (Inglaterra)<\/li>\n<li>PSG (Francia)<\/li>\n<li>Chelsea (Inglaterra)<\/li>\n<\/ul>\n<h2><strong>Clubes nominados a equipo del a\u00f1o (femenino)<\/strong><\/h2>\n<figure><img decoding=\"async\" src=\"https:\/\/derechadiario.com.ar\/filesedc\/uploads\/image\/post\/2025\/08\/3-4-1754576328120_1200_800.webp\" class=\"img-responsive lazyload\" alt=\"Imagen con los escudos de los equipos nominados a club femenino del a\u00f1o en el Bal\u00f3n de Oro, incluyendo Arsenal, FC Barcelona, Chelsea, OL Lyonnes y Orlando Pride\" title=\"Imagen con los escudos de los equipos nominados a club femenino del a\u00f1o en el Bal\u00f3n de Oro, incluyendo Arsenal, FC Barcelona, Chelsea, OL Lyonnes y Orlando Pride\" \/><\/figure>\n<ul>\n<li>Arsenal (Inglaterra)<\/li>\n<li>FC Barcelona (Espa\u00f1a)<\/li>\n<li>Chelsea (Inglaterra)<\/li>\n<li>Olympique Lyon (Francia)<\/li>\n<li>Orlando Pride (Estados Unidos)<\/li>\n<\/ul>","protected":false},"excerpt":{"rendered":"<p>Este jueves 7 de agosto, a poco m\u00e1s de un mes de la entrega del Bal\u00f3n de Oro, se dieron a conocer a los ternados [&hellip;]<\/p>\n","protected":false},"author":1,"featured_media":17046,"comment_status":"open","ping_status":"open","sticky":false,"template":"","format":"standard","meta":{"footnotes":""},"categories":[8],"tags":[],"class_list":["post-17045","post","type-post","status-publish","format-standard","has-post-thumbnail","hentry","category-deportes"],"better_featured_image":{"id":17046,"alt_text":"","caption":"","description":"","media_type":"image","media_details":{"width":1600,"height":1067,"file":"2025\/08\/balon-de-oro-2021-1199mc93ccyp21f9h4db74nz8m_1600_1067-jii1EX.jpg","filesize":120846,"sizes":{"medium":{"file":"balon-de-oro-2021-1199mc93ccyp21f9h4db74nz8m_1600_1067-jii1EX-300x200.jpg","width":300,"height":200,"mime-type":"image\/jpeg","filesize":15030,"source_url":"https:\/\/nuevodigitaldeescobar.com.ar\/wp-content\/uploads\/2025\/08\/balon-de-oro-2021-1199mc93ccyp21f9h4db74nz8m_1600_1067-jii1EX-300x200.jpg"},"large":{"file":"balon-de-oro-2021-1199mc93ccyp21f9h4db74nz8m_1600_1067-jii1EX-1024x683.jpg","width":1024,"height":683,"mime-type":"image\/jpeg","filesize":93532,"source_url":"https:\/\/nuevodigitaldeescobar.com.ar\/wp-content\/uploads\/2025\/08\/balon-de-oro-2021-1199mc93ccyp21f9h4db74nz8m_1600_1067-jii1EX-1024x683.jpg"},"thumbnail":{"file":"balon-de-oro-2021-1199mc93ccyp21f9h4db74nz8m_1600_1067-jii1EX-150x150.jpg","width":150,"height":150,"mime-type":"image\/jpeg","filesize":8310,"source_url":"https:\/\/nuevodigitaldeescobar.com.ar\/wp-content\/uploads\/2025\/08\/balon-de-oro-2021-1199mc93ccyp21f9h4db74nz8m_1600_1067-jii1EX-150x150.jpg"},"medium_large":{"file":"balon-de-oro-2021-1199mc93ccyp21f9h4db74nz8m_1600_1067-jii1EX-768x512.jpg","width":768,"height":512,"mime-type":"image\/jpeg","filesize":61581,"source_url":"https:\/\/nuevodigitaldeescobar.com.ar\/wp-content\/uploads\/2025\/08\/balon-de-oro-2021-1199mc93ccyp21f9h4db74nz8m_1600_1067-jii1EX-768x512.jpg"},"1536x1536":{"file":"balon-de-oro-2021-1199mc93ccyp21f9h4db74nz8m_1600_1067-jii1EX-1536x1024.jpg","width":1536,"height":1024,"mime-type":"image\/jpeg","filesize":165791,"source_url":"https:\/\/nuevodigitaldeescobar.com.ar\/wp-content\/uploads\/2025\/08\/balon-de-oro-2021-1199mc93ccyp21f9h4db74nz8m_1600_1067-jii1EX-1536x1024.jpg"}},"image_meta":{"aperture":"0","credit":"","camera":"","caption":"","created_timestamp":"0","copyright":"","focal_length":"0","iso":"0","shutter_speed":"0","title":"","orientation":"0","keywords":[]}},"post":17045,"source_url":"https:\/\/nuevodigitaldeescobar.com.ar\/wp-content\/uploads\/2025\/08\/balon-de-oro-2021-1199mc93ccyp21f9h4db74nz8m_1600_1067-jii1EX.jpg"},"yoast_head":"<!-- This site is optimized with the Yoast SEO plugin v26.1.1 - https:\/\/yoast.com\/wordpress\/plugins\/seo\/ -->\n<title>Bal\u00f3n de Oro 2025: todos los nominados, la fecha de entrega y los premios - Nuevo Digital de Escobar<\/title>\n<meta name=\"robots\" content=\"index, follow, max-snippet:-1, max-image-preview:large, max-video-preview:-1\" \/>\n<link rel=\"canonical\" href=\"https:\/\/nuevodigitaldeescobar.com.ar\/?p=17045\" \/>\n<meta property=\"og:locale\" content=\"es_ES\" \/>\n<meta property=\"og:type\" content=\"article\" \/>\n<meta property=\"og:title\" content=\"Bal\u00f3n de Oro 2025: todos los nominados, la fecha de entrega y los premios - Nuevo Digital de Escobar\" \/>\n<meta property=\"og:description\" content=\"Este jueves 7 de agosto, a poco m\u00e1s de un mes de la entrega del Bal\u00f3n de Oro, se dieron a conocer a los ternados [&hellip;]\" \/>\n<meta property=\"og:url\" content=\"https:\/\/nuevodigitaldeescobar.com.ar\/?p=17045\" \/>\n<meta property=\"og:site_name\" content=\"Nuevo Digital de Escobar\" \/>\n<meta property=\"article:publisher\" content=\"https:\/\/www.facebook.com\/NUEVODigitalDeEscobar\" \/>\n<meta property=\"article:published_time\" content=\"2025-08-07T15:20:41+00:00\" \/>\n<meta property=\"og:image\" content=\"https:\/\/derechadiario.com.ar\/filesedc\/uploads\/image\/post\/2025\/08\/3-5-1754576772369_1200_800.webp\" \/>\n<meta name=\"author\" content=\"Redacci\u00f3n\" \/>\n<meta name=\"twitter:card\" content=\"summary_large_image\" \/>\n<meta name=\"twitter:creator\" content=\"@nuevodigescobar\" \/>\n<meta name=\"twitter:site\" content=\"@nuevodigescobar\" \/>\n<meta name=\"twitter:label1\" content=\"Escrito por\" \/>\n\t<meta name=\"twitter:data1\" content=\"Redacci\u00f3n\" \/>\n\t<meta name=\"twitter:label2\" content=\"Tiempo de lectura\" \/>\n\t<meta name=\"twitter:data2\" content=\"4 minutos\" \/>\n<script type=\"application\/ld+json\" class=\"yoast-schema-graph\">{\"@context\":\"https:\/\/schema.org\",\"@graph\":[{\"@type\":\"Article\",\"@id\":\"https:\/\/nuevodigitaldeescobar.com.ar\/?p=17045#article\",\"isPartOf\":{\"@id\":\"https:\/\/nuevodigitaldeescobar.com.ar\/?p=17045\"},\"author\":{\"name\":\"Redacci\u00f3n\",\"@id\":\"https:\/\/nuevodigitaldeescobar.com.ar\/#\/schema\/person\/035e90a8efe9a80e6eec22656ad6ea4c\"},\"headline\":\"Bal\u00f3n de Oro 2025: todos los nominados, la fecha de entrega y los premios\",\"datePublished\":\"2025-08-07T15:20:41+00:00\",\"mainEntityOfPage\":{\"@id\":\"https:\/\/nuevodigitaldeescobar.com.ar\/?p=17045\"},\"wordCount\":909,\"commentCount\":0,\"publisher\":{\"@id\":\"https:\/\/nuevodigitaldeescobar.com.ar\/#organization\"},\"image\":{\"@id\":\"https:\/\/nuevodigitaldeescobar.com.ar\/?p=17045#primaryimage\"},\"thumbnailUrl\":\"https:\/\/nuevodigitaldeescobar.com.ar\/wp-content\/uploads\/2025\/08\/balon-de-oro-2021-1199mc93ccyp21f9h4db74nz8m_1600_1067-jii1EX.jpg\",\"articleSection\":[\"Deportes\"],\"inLanguage\":\"es\",\"potentialAction\":[{\"@type\":\"CommentAction\",\"name\":\"Comment\",\"target\":[\"https:\/\/nuevodigitaldeescobar.com.ar\/?p=17045#respond\"]}]},{\"@type\":\"WebPage\",\"@id\":\"https:\/\/nuevodigitaldeescobar.com.ar\/?p=17045\",\"url\":\"https:\/\/nuevodigitaldeescobar.com.ar\/?p=17045\",\"name\":\"Bal\u00f3n de Oro 2025: todos los nominados, la fecha de entrega y los premios - Nuevo Digital de Escobar\",\"isPartOf\":{\"@id\":\"https:\/\/nuevodigitaldeescobar.com.ar\/#website\"},\"primaryImageOfPage\":{\"@id\":\"https:\/\/nuevodigitaldeescobar.com.ar\/?p=17045#primaryimage\"},\"image\":{\"@id\":\"https:\/\/nuevodigitaldeescobar.com.ar\/?p=17045#primaryimage\"},\"thumbnailUrl\":\"https:\/\/nuevodigitaldeescobar.com.ar\/wp-content\/uploads\/2025\/08\/balon-de-oro-2021-1199mc93ccyp21f9h4db74nz8m_1600_1067-jii1EX.jpg\",\"datePublished\":\"2025-08-07T15:20:41+00:00\",\"breadcrumb\":{\"@id\":\"https:\/\/nuevodigitaldeescobar.com.ar\/?p=17045#breadcrumb\"},\"inLanguage\":\"es\",\"potentialAction\":[{\"@type\":\"ReadAction\",\"target\":[\"https:\/\/nuevodigitaldeescobar.com.ar\/?p=17045\"]}]},{\"@type\":\"ImageObject\",\"inLanguage\":\"es\",\"@id\":\"https:\/\/nuevodigitaldeescobar.com.ar\/?p=17045#primaryimage\",\"url\":\"https:\/\/nuevodigitaldeescobar.com.ar\/wp-content\/uploads\/2025\/08\/balon-de-oro-2021-1199mc93ccyp21f9h4db74nz8m_1600_1067-jii1EX.jpg\",\"contentUrl\":\"https:\/\/nuevodigitaldeescobar.com.ar\/wp-content\/uploads\/2025\/08\/balon-de-oro-2021-1199mc93ccyp21f9h4db74nz8m_1600_1067-jii1EX.jpg\",\"width\":1600,\"height\":1067},{\"@type\":\"BreadcrumbList\",\"@id\":\"https:\/\/nuevodigitaldeescobar.com.ar\/?p=17045#breadcrumb\",\"itemListElement\":[{\"@type\":\"ListItem\",\"position\":1,\"name\":\"Portada\",\"item\":\"https:\/\/nuevodigitaldeescobar.com.ar\/\"},{\"@type\":\"ListItem\",\"position\":2,\"name\":\"Bal\u00f3n de Oro 2025: todos los nominados, la fecha de entrega y los premios\"}]},{\"@type\":\"WebSite\",\"@id\":\"https:\/\/nuevodigitaldeescobar.com.ar\/#website\",\"url\":\"https:\/\/nuevodigitaldeescobar.com.ar\/\",\"name\":\"Nuevo Digital de Escobar\",\"description\":\"La vida escobarense. Directora: Rosana Brunner\",\"publisher\":{\"@id\":\"https:\/\/nuevodigitaldeescobar.com.ar\/#organization\"},\"potentialAction\":[{\"@type\":\"SearchAction\",\"target\":{\"@type\":\"EntryPoint\",\"urlTemplate\":\"https:\/\/nuevodigitaldeescobar.com.ar\/?s={search_term_string}\"},\"query-input\":{\"@type\":\"PropertyValueSpecification\",\"valueRequired\":true,\"valueName\":\"search_term_string\"}}],\"inLanguage\":\"es\"},{\"@type\":\"Organization\",\"@id\":\"https:\/\/nuevodigitaldeescobar.com.ar\/#organization\",\"name\":\"Nuevo Digital de Escobar\",\"url\":\"https:\/\/nuevodigitaldeescobar.com.ar\/\",\"logo\":{\"@type\":\"ImageObject\",\"inLanguage\":\"es\",\"@id\":\"https:\/\/nuevodigitaldeescobar.com.ar\/#\/schema\/logo\/image\/\",\"url\":\"https:\/\/nuevodigitaldeescobar.com.ar\/wp-content\/uploads\/2025\/05\/cropped-logo-nuevo2.jpg\",\"contentUrl\":\"https:\/\/nuevodigitaldeescobar.com.ar\/wp-content\/uploads\/2025\/05\/cropped-logo-nuevo2.jpg\",\"width\":305,\"height\":305,\"caption\":\"Nuevo Digital de Escobar\"},\"image\":{\"@id\":\"https:\/\/nuevodigitaldeescobar.com.ar\/#\/schema\/logo\/image\/\"},\"sameAs\":[\"https:\/\/www.facebook.com\/NUEVODigitalDeEscobar\",\"https:\/\/x.com\/nuevodigescobar\",\"https:\/\/www.instagram.com\/nuevodigitaldeescobar\"]},{\"@type\":\"Person\",\"@id\":\"https:\/\/nuevodigitaldeescobar.com.ar\/#\/schema\/person\/035e90a8efe9a80e6eec22656ad6ea4c\",\"name\":\"Redacci\u00f3n\",\"image\":{\"@type\":\"ImageObject\",\"inLanguage\":\"es\",\"@id\":\"https:\/\/nuevodigitaldeescobar.com.ar\/#\/schema\/person\/image\/\",\"url\":\"https:\/\/secure.gravatar.com\/avatar\/8af8f40000c24e9eef3034f2be5998a372bb1389e64b1a4a36b3a7979142220d?s=96&d=mm&r=g\",\"contentUrl\":\"https:\/\/secure.gravatar.com\/avatar\/8af8f40000c24e9eef3034f2be5998a372bb1389e64b1a4a36b3a7979142220d?s=96&d=mm&r=g\",\"caption\":\"Redacci\u00f3n\"},\"sameAs\":[\"http:\/\/nuevodigitaldeescobar.com.ar\"],\"url\":\"https:\/\/nuevodigitaldeescobar.com.ar\/?author=1\"}]}<\/script>\n<!-- \/ Yoast SEO plugin. -->","yoast_head_json":{"title":"Bal\u00f3n de Oro 2025: todos los nominados, la fecha de entrega y los premios - Nuevo Digital de Escobar","robots":{"index":"index","follow":"follow","max-snippet":"max-snippet:-1","max-image-preview":"max-image-preview:large","max-video-preview":"max-video-preview:-1"},"canonical":"https:\/\/nuevodigitaldeescobar.com.ar\/?p=17045","og_locale":"es_ES","og_type":"article","og_title":"Bal\u00f3n de Oro 2025: todos los nominados, la fecha de entrega y los premios - Nuevo Digital de Escobar","og_description":"Este jueves 7 de agosto, a poco m\u00e1s de un mes de la entrega del Bal\u00f3n de Oro, se dieron a conocer a los ternados [&hellip;]","og_url":"https:\/\/nuevodigitaldeescobar.com.ar\/?p=17045","og_site_name":"Nuevo Digital de Escobar","article_publisher":"https:\/\/www.facebook.com\/NUEVODigitalDeEscobar","article_published_time":"2025-08-07T15:20:41+00:00","og_image":[{"url":"https:\/\/derechadiario.com.ar\/filesedc\/uploads\/image\/post\/2025\/08\/3-5-1754576772369_1200_800.webp","type":"","width":"","height":""}],"author":"Redacci\u00f3n","twitter_card":"summary_large_image","twitter_creator":"@nuevodigescobar","twitter_site":"@nuevodigescobar","twitter_misc":{"Escrito por":"Redacci\u00f3n","Tiempo de lectura":"4 minutos"},"schema":{"@context":"https:\/\/schema.org","@graph":[{"@type":"Article","@id":"https:\/\/nuevodigitaldeescobar.com.ar\/?p=17045#article","isPartOf":{"@id":"https:\/\/nuevodigitaldeescobar.com.ar\/?p=17045"},"author":{"name":"Redacci\u00f3n","@id":"https:\/\/nuevodigitaldeescobar.com.ar\/#\/schema\/person\/035e90a8efe9a80e6eec22656ad6ea4c"},"headline":"Bal\u00f3n de Oro 2025: todos los nominados, la fecha de entrega y los premios","datePublished":"2025-08-07T15:20:41+00:00","mainEntityOfPage":{"@id":"https:\/\/nuevodigitaldeescobar.com.ar\/?p=17045"},"wordCount":909,"commentCount":0,"publisher":{"@id":"https:\/\/nuevodigitaldeescobar.com.ar\/#organization"},"image":{"@id":"https:\/\/nuevodigitaldeescobar.com.ar\/?p=17045#primaryimage"},"thumbnailUrl":"https:\/\/nuevodigitaldeescobar.com.ar\/wp-content\/uploads\/2025\/08\/balon-de-oro-2021-1199mc93ccyp21f9h4db74nz8m_1600_1067-jii1EX.jpg","articleSection":["Deportes"],"inLanguage":"es","potentialAction":[{"@type":"CommentAction","name":"Comment","target":["https:\/\/nuevodigitaldeescobar.com.ar\/?p=17045#respond"]}]},{"@type":"WebPage","@id":"https:\/\/nuevodigitaldeescobar.com.ar\/?p=17045","url":"https:\/\/nuevodigitaldeescobar.com.ar\/?p=17045","name":"Bal\u00f3n de Oro 2025: todos los nominados, la fecha de entrega y los premios - Nuevo Digital de Escobar","isPartOf":{"@id":"https:\/\/nuevodigitaldeescobar.com.ar\/#website"},"primaryImageOfPage":{"@id":"https:\/\/nuevodigitaldeescobar.com.ar\/?p=17045#primaryimage"},"image":{"@id":"https:\/\/nuevodigitaldeescobar.com.ar\/?p=17045#primaryimage"},"thumbnailUrl":"https:\/\/nuevodigitaldeescobar.com.ar\/wp-content\/uploads\/2025\/08\/balon-de-oro-2021-1199mc93ccyp21f9h4db74nz8m_1600_1067-jii1EX.jpg","datePublished":"2025-08-07T15:20:41+00:00","breadcrumb":{"@id":"https:\/\/nuevodigitaldeescobar.com.ar\/?p=17045#breadcrumb"},"inLanguage":"es","potentialAction":[{"@type":"ReadAction","target":["https:\/\/nuevodigitaldeescobar.com.ar\/?p=17045"]}]},{"@type":"ImageObject","inLanguage":"es","@id":"https:\/\/nuevodigitaldeescobar.com.ar\/?p=17045#primaryimage","url":"https:\/\/nuevodigitaldeescobar.com.ar\/wp-content\/uploads\/2025\/08\/balon-de-oro-2021-1199mc93ccyp21f9h4db74nz8m_1600_1067-jii1EX.jpg","contentUrl":"https:\/\/nuevodigitaldeescobar.com.ar\/wp-content\/uploads\/2025\/08\/balon-de-oro-2021-1199mc93ccyp21f9h4db74nz8m_1600_1067-jii1EX.jpg","width":1600,"height":1067},{"@type":"BreadcrumbList","@id":"https:\/\/nuevodigitaldeescobar.com.ar\/?p=17045#breadcrumb","itemListElement":[{"@type":"ListItem","position":1,"name":"Portada","item":"https:\/\/nuevodigitaldeescobar.com.ar\/"},{"@type":"ListItem","position":2,"name":"Bal\u00f3n de Oro 2025: todos los nominados, la fecha de entrega y los premios"}]},{"@type":"WebSite","@id":"https:\/\/nuevodigitaldeescobar.com.ar\/#website","url":"https:\/\/nuevodigitaldeescobar.com.ar\/","name":"Nuevo Digital de Escobar","description":"La vida escobarense. Directora: Rosana Brunner","publisher":{"@id":"https:\/\/nuevodigitaldeescobar.com.ar\/#organization"},"potentialAction":[{"@type":"SearchAction","target":{"@type":"EntryPoint","urlTemplate":"https:\/\/nuevodigitaldeescobar.com.ar\/?s={search_term_string}"},"query-input":{"@type":"PropertyValueSpecification","valueRequired":true,"valueName":"search_term_string"}}],"inLanguage":"es"},{"@type":"Organization","@id":"https:\/\/nuevodigitaldeescobar.com.ar\/#organization","name":"Nuevo Digital de Escobar","url":"https:\/\/nuevodigitaldeescobar.com.ar\/","logo":{"@type":"ImageObject","inLanguage":"es","@id":"https:\/\/nuevodigitaldeescobar.com.ar\/#\/schema\/logo\/image\/","url":"https:\/\/nuevodigitaldeescobar.com.ar\/wp-content\/uploads\/2025\/05\/cropped-logo-nuevo2.jpg","contentUrl":"https:\/\/nuevodigitaldeescobar.com.ar\/wp-content\/uploads\/2025\/05\/cropped-logo-nuevo2.jpg","width":305,"height":305,"caption":"Nuevo Digital de Escobar"},"image":{"@id":"https:\/\/nuevodigitaldeescobar.com.ar\/#\/schema\/logo\/image\/"},"sameAs":["https:\/\/www.facebook.com\/NUEVODigitalDeEscobar","https:\/\/x.com\/nuevodigescobar","https:\/\/www.instagram.com\/nuevodigitaldeescobar"]},{"@type":"Person","@id":"https:\/\/nuevodigitaldeescobar.com.ar\/#\/schema\/person\/035e90a8efe9a80e6eec22656ad6ea4c","name":"Redacci\u00f3n","image":{"@type":"ImageObject","inLanguage":"es","@id":"https:\/\/nuevodigitaldeescobar.com.ar\/#\/schema\/person\/image\/","url":"https:\/\/secure.gravatar.com\/avatar\/8af8f40000c24e9eef3034f2be5998a372bb1389e64b1a4a36b3a7979142220d?s=96&d=mm&r=g","contentUrl":"https:\/\/secure.gravatar.com\/avatar\/8af8f40000c24e9eef3034f2be5998a372bb1389e64b1a4a36b3a7979142220d?s=96&d=mm&r=g","caption":"Redacci\u00f3n"},"sameAs":["http:\/\/nuevodigitaldeescobar.com.ar"],"url":"https:\/\/nuevodigitaldeescobar.com.ar\/?author=1"}]}},"featured_image_urls":{"full":["https:\/\/nuevodigitaldeescobar.com.ar\/wp-content\/uploads\/2025\/08\/balon-de-oro-2021-1199mc93ccyp21f9h4db74nz8m_1600_1067-jii1EX.jpg",1600,1067,false],"thumbnail":["https:\/\/nuevodigitaldeescobar.com.ar\/wp-content\/uploads\/2025\/08\/balon-de-oro-2021-1199mc93ccyp21f9h4db74nz8m_1600_1067-jii1EX-150x150.jpg",150,150,true],"medium":["https:\/\/nuevodigitaldeescobar.com.ar\/wp-content\/uploads\/2025\/08\/balon-de-oro-2021-1199mc93ccyp21f9h4db74nz8m_1600_1067-jii1EX-300x200.jpg",300,200,true],"medium_large":["https:\/\/nuevodigitaldeescobar.com.ar\/wp-content\/uploads\/2025\/08\/balon-de-oro-2021-1199mc93ccyp21f9h4db74nz8m_1600_1067-jii1EX-768x512.jpg",640,427,true],"large":["https:\/\/nuevodigitaldeescobar.com.ar\/wp-content\/uploads\/2025\/08\/balon-de-oro-2021-1199mc93ccyp21f9h4db74nz8m_1600_1067-jii1EX-1024x683.jpg",640,427,true],"1536x1536":["https:\/\/nuevodigitaldeescobar.com.ar\/wp-content\/uploads\/2025\/08\/balon-de-oro-2021-1199mc93ccyp21f9h4db74nz8m_1600_1067-jii1EX-1536x1024.jpg",1536,1024,true],"2048x2048":["https:\/\/nuevodigitaldeescobar.com.ar\/wp-content\/uploads\/2025\/08\/balon-de-oro-2021-1199mc93ccyp21f9h4db74nz8m_1600_1067-jii1EX.jpg",1600,1067,false]},"author_info":{"display_name":"Redacci\u00f3n","author_link":"https:\/\/nuevodigitaldeescobar.com.ar\/?author=1"},"category_info":"<a href=\"https:\/\/nuevodigitaldeescobar.com.ar\/?cat=8\" rel=\"category\">Deportes<\/a>","tag_info":"Deportes","comment_count":"0","_links":{"self":[{"href":"https:\/\/nuevodigitaldeescobar.com.ar\/index.php?rest_route=\/wp\/v2\/posts\/17045","targetHints":{"allow":["GET"]}}],"collection":[{"href":"https:\/\/nuevodigitaldeescobar.com.ar\/index.php?rest_route=\/wp\/v2\/posts"}],"about":[{"href":"https:\/\/nuevodigitaldeescobar.com.ar\/index.php?rest_route=\/wp\/v2\/types\/post"}],"author":[{"embeddable":true,"href":"https:\/\/nuevodigitaldeescobar.com.ar\/index.php?rest_route=\/wp\/v2\/users\/1"}],"replies":[{"embeddable":true,"href":"https:\/\/nuevodigitaldeescobar.com.ar\/index.php?rest_route=%2Fwp%2Fv2%2Fcomments&post=17045"}],"version-history":[{"count":0,"href":"https:\/\/nuevodigitaldeescobar.com.ar\/index.php?rest_route=\/wp\/v2\/posts\/17045\/revisions"}],"wp:featuredmedia":[{"embeddable":true,"href":"https:\/\/nuevodigitaldeescobar.com.ar\/index.php?rest_route=\/wp\/v2\/media\/17046"}],"wp:attachment":[{"href":"https:\/\/nuevodigitaldeescobar.com.ar\/index.php?rest_route=%2Fwp%2Fv2%2Fmedia&parent=17045"}],"wp:term":[{"taxonomy":"category","embeddable":true,"href":"https:\/\/nuevodigitaldeescobar.com.ar\/index.php?rest_route=%2Fwp%2Fv2%2Fcategories&post=17045"},{"taxonomy":"post_tag","embeddable":true,"href":"https:\/\/nuevodigitaldeescobar.com.ar\/index.php?rest_route=%2Fwp%2Fv2%2Ftags&post=17045"}],"curies":[{"name":"wp","href":"https:\/\/api.w.org\/{rel}","templated":true}]}}