{"id":17063,"date":"2025-08-08T16:49:08","date_gmt":"2025-08-08T19:49:08","guid":{"rendered":"https:\/\/nuevodigitaldeescobar.com.ar\/?p=17063"},"modified":"2025-08-08T16:49:14","modified_gmt":"2025-08-08T19:49:14","slug":"incendio-en-una-vivienda-de-matheu-intervencion-rapida-de-bomberos-voluntarios-evito-una-tragedia","status":"publish","type":"post","link":"https:\/\/nuevodigitaldeescobar.com.ar\/?p=17063","title":{"rendered":"Incendio en una vivienda de Matheu: intervenci\u00f3n r\u00e1pida de Bomberos Voluntarios evit\u00f3 una tragedia"},"content":{"rendered":"\n<p class=\"has-vivid-cyan-blue-color has-text-color has-link-color wp-elements-ddb88e64b043766a38faba9cedcdcb30\"><strong><em>En la madrugada de este viernes, un incendio en una vivienda de la localidad de Matheu moviliz\u00f3 a los Bomberos Voluntarios de Escobar. El siniestro se registr\u00f3 alrededor de las 03:30 horas en la intersecci\u00f3n de Juan B. Justo y Viraro.<\/em><\/strong><\/p>\n\n\n\n<!--more-->\n\n\n\n<p>Seg\u00fan informaron desde el <strong>Destacamento N\u00ba 1 de Matheu<\/strong>, al lugar acudieron dos m\u00f3viles, el <strong>A-2<\/strong>, a cargo del Comandante <strong>Mart\u00edn Maldonado<\/strong>, y el <strong>A-29<\/strong>, bajo la responsabilidad del Suboficial <strong>V\u00edctor Aranda<\/strong>.<\/p>\n\n\n\n<div class=\"wp-block-blockspare-blockspare-carousel blockspare-3ff4c125-19b3-4\" blockspare-animation=\"\"><style>.blockspare-3ff4c125-19b3-4 .blockspare-carousel-wrap span:before,.blockspare-3ff4c125-19b3-4 .blockspare-carousel-wrap ul li button{color:#000}.blockspare-3ff4c125-19b3-4 .blockspare-carousel-wrap .slick-slider .slick-dots > li button{background-color:#000}.blockspare-3ff4c125-19b3-4 .blockspare-carousel-wrap .blockspare-gallery-figure{border-radius:0px}.blockspare-3ff4c125-19b3-4 .slick-slider .slick-arrow:after{background-color:#fff}.blockspare-3ff4c125-19b3-4 .blockspare-carousel-wrap{margin-top:30px;margin-bottom:30px}<\/style><div class=\"blockspare-blocks blockspare-carousel-wrap has-gutter-space-1 blockspare-original blockspare-navigation-small lpc-navigation-1 bs-has-equal-height blockspare-slides-2\"><div class=\"blockspare-carousel-items\"><div data-next=\"fas fa-chevron-right\" data-prev=\"fas fa-chevron-left\" data-slick=\"{&quot;loop&quot;:true,&quot;autoplay&quot;:true,&quot;slidesToShow&quot;:2,&quot;speed&quot;:&quot;1000&quot;,&quot;arrows&quot;:true,&quot;dots&quot;:false}\"><div><div class=\"blockspare-gallery-figure blockspare-hover-item\"><img decoding=\"async\" src=\"http:\/\/nuevodigitaldeescobar.com.ar\/wp-content\/uploads\/2025\/08\/bomberosmatheu22-980x1024.jpg\"\/><\/div><\/div><div><div class=\"blockspare-gallery-figure blockspare-hover-item\"><img decoding=\"async\" src=\"http:\/\/nuevodigitaldeescobar.com.ar\/wp-content\/uploads\/2025\/08\/incendmatheu02-774x1024.jpg\"\/><\/div><\/div><\/div><\/div><\/div><\/div>\n\n\n\n<p>Gracias a la r\u00e1pida intervenci\u00f3n de las dotaciones, se logr\u00f3 controlar el fuego y evitar que las llamas se extendieran a construcciones lindantes. No se registraron heridos, aunque los da\u00f1os materiales fueron significativos. Las causas del incendio se encuentran bajo investigaci\u00f3n.<\/p>\n","protected":false},"excerpt":{"rendered":"<p>En la madrugada de este viernes, un incendio en una vivienda de la localidad de Matheu moviliz\u00f3 a los Bomberos Voluntarios de Escobar. El siniestro [&hellip;]<\/p>\n","protected":false},"author":1,"featured_media":17064,"comment_status":"open","ping_status":"open","sticky":false,"template":"","format":"standard","meta":{"footnotes":""},"categories":[7],"tags":[],"class_list":["post-17063","post","type-post","status-publish","format-standard","has-post-thumbnail","hentry","category-interes-general"],"better_featured_image":{"id":17064,"alt_text":"","caption":"","description":"","media_type":"image","media_details":{"width":2048,"height":1538,"file":"2025\/08\/incendmatheu01.jpg","filesize":900164,"sizes":{"medium":{"file":"incendmatheu01-300x225.jpg","width":300,"height":225,"mime-type":"image\/jpeg","filesize":13733,"source_url":"https:\/\/nuevodigitaldeescobar.com.ar\/wp-content\/uploads\/2025\/08\/incendmatheu01-300x225.jpg"},"large":{"file":"incendmatheu01-1024x769.jpg","width":1024,"height":769,"mime-type":"image\/jpeg","filesize":114132,"source_url":"https:\/\/nuevodigitaldeescobar.com.ar\/wp-content\/uploads\/2025\/08\/incendmatheu01-1024x769.jpg"},"thumbnail":{"file":"incendmatheu01-150x150.jpg","width":150,"height":150,"mime-type":"image\/jpeg","filesize":6013,"source_url":"https:\/\/nuevodigitaldeescobar.com.ar\/wp-content\/uploads\/2025\/08\/incendmatheu01-150x150.jpg"},"medium_large":{"file":"incendmatheu01-768x577.jpg","width":768,"height":577,"mime-type":"image\/jpeg","filesize":66362,"source_url":"https:\/\/nuevodigitaldeescobar.com.ar\/wp-content\/uploads\/2025\/08\/incendmatheu01-768x577.jpg"},"1536x1536":{"file":"incendmatheu01-1536x1154.jpg","width":1536,"height":1154,"mime-type":"image\/jpeg","filesize":264638,"source_url":"https:\/\/nuevodigitaldeescobar.com.ar\/wp-content\/uploads\/2025\/08\/incendmatheu01-1536x1154.jpg"}},"image_meta":{"aperture":"0","credit":"","camera":"","caption":"","created_timestamp":"0","copyright":"","focal_length":"0","iso":"0","shutter_speed":"0","title":"","orientation":"0","keywords":[]}},"post":17063,"source_url":"https:\/\/nuevodigitaldeescobar.com.ar\/wp-content\/uploads\/2025\/08\/incendmatheu01.jpg"},"yoast_head":"<!-- This site is optimized with the Yoast SEO plugin v26.1.1 - https:\/\/yoast.com\/wordpress\/plugins\/seo\/ -->\n<title>Incendio en una vivienda de Matheu: intervenci\u00f3n r\u00e1pida de Bomberos Voluntarios evit\u00f3 una tragedia - Nuevo Digital de Escobar<\/title>\n<meta name=\"robots\" content=\"index, follow, max-snippet:-1, max-image-preview:large, max-video-preview:-1\" \/>\n<link rel=\"canonical\" href=\"https:\/\/nuevodigitaldeescobar.com.ar\/?p=17063\" \/>\n<meta property=\"og:locale\" content=\"es_ES\" \/>\n<meta property=\"og:type\" content=\"article\" \/>\n<meta property=\"og:title\" content=\"Incendio en una vivienda de Matheu: intervenci\u00f3n r\u00e1pida de Bomberos Voluntarios evit\u00f3 una tragedia - Nuevo Digital de Escobar\" \/>\n<meta property=\"og:description\" content=\"En la madrugada de este viernes, un incendio en una vivienda de la localidad de Matheu moviliz\u00f3 a los Bomberos Voluntarios de Escobar. El siniestro [&hellip;]\" \/>\n<meta property=\"og:url\" content=\"https:\/\/nuevodigitaldeescobar.com.ar\/?p=17063\" \/>\n<meta property=\"og:site_name\" content=\"Nuevo Digital de Escobar\" \/>\n<meta property=\"article:publisher\" content=\"https:\/\/www.facebook.com\/NUEVODigitalDeEscobar\" \/>\n<meta property=\"article:published_time\" content=\"2025-08-08T19:49:08+00:00\" \/>\n<meta property=\"article:modified_time\" content=\"2025-08-08T19:49:14+00:00\" \/>\n<meta property=\"og:image\" content=\"http:\/\/nuevodigitaldeescobar.com.ar\/wp-content\/uploads\/2025\/08\/incendmatheu01.jpg\" \/>\n\t<meta property=\"og:image:width\" content=\"2048\" \/>\n\t<meta property=\"og:image:height\" content=\"1538\" \/>\n\t<meta property=\"og:image:type\" content=\"image\/jpeg\" \/>\n<meta name=\"author\" content=\"Redacci\u00f3n\" \/>\n<meta name=\"twitter:card\" content=\"summary_large_image\" \/>\n<meta name=\"twitter:creator\" content=\"@nuevodigescobar\" \/>\n<meta name=\"twitter:site\" content=\"@nuevodigescobar\" \/>\n<meta name=\"twitter:label1\" content=\"Escrito por\" \/>\n\t<meta name=\"twitter:data1\" content=\"Redacci\u00f3n\" \/>\n\t<meta name=\"twitter:label2\" content=\"Tiempo de lectura\" \/>\n\t<meta name=\"twitter:data2\" content=\"2 minutos\" \/>\n<script type=\"application\/ld+json\" class=\"yoast-schema-graph\">{\"@context\":\"https:\/\/schema.org\",\"@graph\":[{\"@type\":\"Article\",\"@id\":\"https:\/\/nuevodigitaldeescobar.com.ar\/?p=17063#article\",\"isPartOf\":{\"@id\":\"https:\/\/nuevodigitaldeescobar.com.ar\/?p=17063\"},\"author\":{\"name\":\"Redacci\u00f3n\",\"@id\":\"https:\/\/nuevodigitaldeescobar.com.ar\/#\/schema\/person\/035e90a8efe9a80e6eec22656ad6ea4c\"},\"headline\":\"Incendio en una vivienda de Matheu: intervenci\u00f3n r\u00e1pida de Bomberos Voluntarios evit\u00f3 una tragedia\",\"datePublished\":\"2025-08-08T19:49:08+00:00\",\"dateModified\":\"2025-08-08T19:49:14+00:00\",\"mainEntityOfPage\":{\"@id\":\"https:\/\/nuevodigitaldeescobar.com.ar\/?p=17063\"},\"wordCount\":137,\"commentCount\":0,\"publisher\":{\"@id\":\"https:\/\/nuevodigitaldeescobar.com.ar\/#organization\"},\"image\":{\"@id\":\"https:\/\/nuevodigitaldeescobar.com.ar\/?p=17063#primaryimage\"},\"thumbnailUrl\":\"https:\/\/nuevodigitaldeescobar.com.ar\/wp-content\/uploads\/2025\/08\/incendmatheu01.jpg\",\"articleSection\":[\"Inter\u00e9s general\"],\"inLanguage\":\"es\",\"potentialAction\":[{\"@type\":\"CommentAction\",\"name\":\"Comment\",\"target\":[\"https:\/\/nuevodigitaldeescobar.com.ar\/?p=17063#respond\"]}]},{\"@type\":\"WebPage\",\"@id\":\"https:\/\/nuevodigitaldeescobar.com.ar\/?p=17063\",\"url\":\"https:\/\/nuevodigitaldeescobar.com.ar\/?p=17063\",\"name\":\"Incendio en una vivienda de Matheu: intervenci\u00f3n r\u00e1pida de Bomberos Voluntarios evit\u00f3 una tragedia - Nuevo Digital de Escobar\",\"isPartOf\":{\"@id\":\"https:\/\/nuevodigitaldeescobar.com.ar\/#website\"},\"primaryImageOfPage\":{\"@id\":\"https:\/\/nuevodigitaldeescobar.com.ar\/?p=17063#primaryimage\"},\"image\":{\"@id\":\"https:\/\/nuevodigitaldeescobar.com.ar\/?p=17063#primaryimage\"},\"thumbnailUrl\":\"https:\/\/nuevodigitaldeescobar.com.ar\/wp-content\/uploads\/2025\/08\/incendmatheu01.jpg\",\"datePublished\":\"2025-08-08T19:49:08+00:00\",\"dateModified\":\"2025-08-08T19:49:14+00:00\",\"breadcrumb\":{\"@id\":\"https:\/\/nuevodigitaldeescobar.com.ar\/?p=17063#breadcrumb\"},\"inLanguage\":\"es\",\"potentialAction\":[{\"@type\":\"ReadAction\",\"target\":[\"https:\/\/nuevodigitaldeescobar.com.ar\/?p=17063\"]}]},{\"@type\":\"ImageObject\",\"inLanguage\":\"es\",\"@id\":\"https:\/\/nuevodigitaldeescobar.com.ar\/?p=17063#primaryimage\",\"url\":\"https:\/\/nuevodigitaldeescobar.com.ar\/wp-content\/uploads\/2025\/08\/incendmatheu01.jpg\",\"contentUrl\":\"https:\/\/nuevodigitaldeescobar.com.ar\/wp-content\/uploads\/2025\/08\/incendmatheu01.jpg\",\"width\":2048,\"height\":1538},{\"@type\":\"BreadcrumbList\",\"@id\":\"https:\/\/nuevodigitaldeescobar.com.ar\/?p=17063#breadcrumb\",\"itemListElement\":[{\"@type\":\"ListItem\",\"position\":1,\"name\":\"Portada\",\"item\":\"https:\/\/nuevodigitaldeescobar.com.ar\/\"},{\"@type\":\"ListItem\",\"position\":2,\"name\":\"Incendio en una vivienda de Matheu: intervenci\u00f3n r\u00e1pida de Bomberos Voluntarios evit\u00f3 una tragedia\"}]},{\"@type\":\"WebSite\",\"@id\":\"https:\/\/nuevodigitaldeescobar.com.ar\/#website\",\"url\":\"https:\/\/nuevodigitaldeescobar.com.ar\/\",\"name\":\"Nuevo Digital de Escobar\",\"description\":\"La vida escobarense. Directora: Rosana Brunner\",\"publisher\":{\"@id\":\"https:\/\/nuevodigitaldeescobar.com.ar\/#organization\"},\"potentialAction\":[{\"@type\":\"SearchAction\",\"target\":{\"@type\":\"EntryPoint\",\"urlTemplate\":\"https:\/\/nuevodigitaldeescobar.com.ar\/?s={search_term_string}\"},\"query-input\":{\"@type\":\"PropertyValueSpecification\",\"valueRequired\":true,\"valueName\":\"search_term_string\"}}],\"inLanguage\":\"es\"},{\"@type\":\"Organization\",\"@id\":\"https:\/\/nuevodigitaldeescobar.com.ar\/#organization\",\"name\":\"Nuevo Digital de Escobar\",\"url\":\"https:\/\/nuevodigitaldeescobar.com.ar\/\",\"logo\":{\"@type\":\"ImageObject\",\"inLanguage\":\"es\",\"@id\":\"https:\/\/nuevodigitaldeescobar.com.ar\/#\/schema\/logo\/image\/\",\"url\":\"https:\/\/nuevodigitaldeescobar.com.ar\/wp-content\/uploads\/2025\/05\/cropped-logo-nuevo2.jpg\",\"contentUrl\":\"https:\/\/nuevodigitaldeescobar.com.ar\/wp-content\/uploads\/2025\/05\/cropped-logo-nuevo2.jpg\",\"width\":305,\"height\":305,\"caption\":\"Nuevo Digital de Escobar\"},\"image\":{\"@id\":\"https:\/\/nuevodigitaldeescobar.com.ar\/#\/schema\/logo\/image\/\"},\"sameAs\":[\"https:\/\/www.facebook.com\/NUEVODigitalDeEscobar\",\"https:\/\/x.com\/nuevodigescobar\",\"https:\/\/www.instagram.com\/nuevodigitaldeescobar\"]},{\"@type\":\"Person\",\"@id\":\"https:\/\/nuevodigitaldeescobar.com.ar\/#\/schema\/person\/035e90a8efe9a80e6eec22656ad6ea4c\",\"name\":\"Redacci\u00f3n\",\"image\":{\"@type\":\"ImageObject\",\"inLanguage\":\"es\",\"@id\":\"https:\/\/nuevodigitaldeescobar.com.ar\/#\/schema\/person\/image\/\",\"url\":\"https:\/\/secure.gravatar.com\/avatar\/8af8f40000c24e9eef3034f2be5998a372bb1389e64b1a4a36b3a7979142220d?s=96&d=mm&r=g\",\"contentUrl\":\"https:\/\/secure.gravatar.com\/avatar\/8af8f40000c24e9eef3034f2be5998a372bb1389e64b1a4a36b3a7979142220d?s=96&d=mm&r=g\",\"caption\":\"Redacci\u00f3n\"},\"sameAs\":[\"http:\/\/nuevodigitaldeescobar.com.ar\"],\"url\":\"https:\/\/nuevodigitaldeescobar.com.ar\/?author=1\"}]}<\/script>\n<!-- \/ Yoast SEO plugin. -->","yoast_head_json":{"title":"Incendio en una vivienda de Matheu: intervenci\u00f3n r\u00e1pida de Bomberos Voluntarios evit\u00f3 una tragedia - Nuevo Digital de Escobar","robots":{"index":"index","follow":"follow","max-snippet":"max-snippet:-1","max-image-preview":"max-image-preview:large","max-video-preview":"max-video-preview:-1"},"canonical":"https:\/\/nuevodigitaldeescobar.com.ar\/?p=17063","og_locale":"es_ES","og_type":"article","og_title":"Incendio en una vivienda de Matheu: intervenci\u00f3n r\u00e1pida de Bomberos Voluntarios evit\u00f3 una tragedia - Nuevo Digital de Escobar","og_description":"En la madrugada de este viernes, un incendio en una vivienda de la localidad de Matheu moviliz\u00f3 a los Bomberos Voluntarios de Escobar. El siniestro [&hellip;]","og_url":"https:\/\/nuevodigitaldeescobar.com.ar\/?p=17063","og_site_name":"Nuevo Digital de Escobar","article_publisher":"https:\/\/www.facebook.com\/NUEVODigitalDeEscobar","article_published_time":"2025-08-08T19:49:08+00:00","article_modified_time":"2025-08-08T19:49:14+00:00","og_image":[{"width":2048,"height":1538,"url":"http:\/\/nuevodigitaldeescobar.com.ar\/wp-content\/uploads\/2025\/08\/incendmatheu01.jpg","type":"image\/jpeg"}],"author":"Redacci\u00f3n","twitter_card":"summary_large_image","twitter_creator":"@nuevodigescobar","twitter_site":"@nuevodigescobar","twitter_misc":{"Escrito por":"Redacci\u00f3n","Tiempo de lectura":"2 minutos"},"schema":{"@context":"https:\/\/schema.org","@graph":[{"@type":"Article","@id":"https:\/\/nuevodigitaldeescobar.com.ar\/?p=17063#article","isPartOf":{"@id":"https:\/\/nuevodigitaldeescobar.com.ar\/?p=17063"},"author":{"name":"Redacci\u00f3n","@id":"https:\/\/nuevodigitaldeescobar.com.ar\/#\/schema\/person\/035e90a8efe9a80e6eec22656ad6ea4c"},"headline":"Incendio en una vivienda de Matheu: intervenci\u00f3n r\u00e1pida de Bomberos Voluntarios evit\u00f3 una tragedia","datePublished":"2025-08-08T19:49:08+00:00","dateModified":"2025-08-08T19:49:14+00:00","mainEntityOfPage":{"@id":"https:\/\/nuevodigitaldeescobar.com.ar\/?p=17063"},"wordCount":137,"commentCount":0,"publisher":{"@id":"https:\/\/nuevodigitaldeescobar.com.ar\/#organization"},"image":{"@id":"https:\/\/nuevodigitaldeescobar.com.ar\/?p=17063#primaryimage"},"thumbnailUrl":"https:\/\/nuevodigitaldeescobar.com.ar\/wp-content\/uploads\/2025\/08\/incendmatheu01.jpg","articleSection":["Inter\u00e9s general"],"inLanguage":"es","potentialAction":[{"@type":"CommentAction","name":"Comment","target":["https:\/\/nuevodigitaldeescobar.com.ar\/?p=17063#respond"]}]},{"@type":"WebPage","@id":"https:\/\/nuevodigitaldeescobar.com.ar\/?p=17063","url":"https:\/\/nuevodigitaldeescobar.com.ar\/?p=17063","name":"Incendio en una vivienda de Matheu: intervenci\u00f3n r\u00e1pida de Bomberos Voluntarios evit\u00f3 una tragedia - Nuevo Digital de Escobar","isPartOf":{"@id":"https:\/\/nuevodigitaldeescobar.com.ar\/#website"},"primaryImageOfPage":{"@id":"https:\/\/nuevodigitaldeescobar.com.ar\/?p=17063#primaryimage"},"image":{"@id":"https:\/\/nuevodigitaldeescobar.com.ar\/?p=17063#primaryimage"},"thumbnailUrl":"https:\/\/nuevodigitaldeescobar.com.ar\/wp-content\/uploads\/2025\/08\/incendmatheu01.jpg","datePublished":"2025-08-08T19:49:08+00:00","dateModified":"2025-08-08T19:49:14+00:00","breadcrumb":{"@id":"https:\/\/nuevodigitaldeescobar.com.ar\/?p=17063#breadcrumb"},"inLanguage":"es","potentialAction":[{"@type":"ReadAction","target":["https:\/\/nuevodigitaldeescobar.com.ar\/?p=17063"]}]},{"@type":"ImageObject","inLanguage":"es","@id":"https:\/\/nuevodigitaldeescobar.com.ar\/?p=17063#primaryimage","url":"https:\/\/nuevodigitaldeescobar.com.ar\/wp-content\/uploads\/2025\/08\/incendmatheu01.jpg","contentUrl":"https:\/\/nuevodigitaldeescobar.com.ar\/wp-content\/uploads\/2025\/08\/incendmatheu01.jpg","width":2048,"height":1538},{"@type":"BreadcrumbList","@id":"https:\/\/nuevodigitaldeescobar.com.ar\/?p=17063#breadcrumb","itemListElement":[{"@type":"ListItem","position":1,"name":"Portada","item":"https:\/\/nuevodigitaldeescobar.com.ar\/"},{"@type":"ListItem","position":2,"name":"Incendio en una vivienda de Matheu: intervenci\u00f3n r\u00e1pida de Bomberos Voluntarios evit\u00f3 una tragedia"}]},{"@type":"WebSite","@id":"https:\/\/nuevodigitaldeescobar.com.ar\/#website","url":"https:\/\/nuevodigitaldeescobar.com.ar\/","name":"Nuevo Digital de Escobar","description":"La vida escobarense. Directora: Rosana Brunner","publisher":{"@id":"https:\/\/nuevodigitaldeescobar.com.ar\/#organization"},"potentialAction":[{"@type":"SearchAction","target":{"@type":"EntryPoint","urlTemplate":"https:\/\/nuevodigitaldeescobar.com.ar\/?s={search_term_string}"},"query-input":{"@type":"PropertyValueSpecification","valueRequired":true,"valueName":"search_term_string"}}],"inLanguage":"es"},{"@type":"Organization","@id":"https:\/\/nuevodigitaldeescobar.com.ar\/#organization","name":"Nuevo Digital de Escobar","url":"https:\/\/nuevodigitaldeescobar.com.ar\/","logo":{"@type":"ImageObject","inLanguage":"es","@id":"https:\/\/nuevodigitaldeescobar.com.ar\/#\/schema\/logo\/image\/","url":"https:\/\/nuevodigitaldeescobar.com.ar\/wp-content\/uploads\/2025\/05\/cropped-logo-nuevo2.jpg","contentUrl":"https:\/\/nuevodigitaldeescobar.com.ar\/wp-content\/uploads\/2025\/05\/cropped-logo-nuevo2.jpg","width":305,"height":305,"caption":"Nuevo Digital de Escobar"},"image":{"@id":"https:\/\/nuevodigitaldeescobar.com.ar\/#\/schema\/logo\/image\/"},"sameAs":["https:\/\/www.facebook.com\/NUEVODigitalDeEscobar","https:\/\/x.com\/nuevodigescobar","https:\/\/www.instagram.com\/nuevodigitaldeescobar"]},{"@type":"Person","@id":"https:\/\/nuevodigitaldeescobar.com.ar\/#\/schema\/person\/035e90a8efe9a80e6eec22656ad6ea4c","name":"Redacci\u00f3n","image":{"@type":"ImageObject","inLanguage":"es","@id":"https:\/\/nuevodigitaldeescobar.com.ar\/#\/schema\/person\/image\/","url":"https:\/\/secure.gravatar.com\/avatar\/8af8f40000c24e9eef3034f2be5998a372bb1389e64b1a4a36b3a7979142220d?s=96&d=mm&r=g","contentUrl":"https:\/\/secure.gravatar.com\/avatar\/8af8f40000c24e9eef3034f2be5998a372bb1389e64b1a4a36b3a7979142220d?s=96&d=mm&r=g","caption":"Redacci\u00f3n"},"sameAs":["http:\/\/nuevodigitaldeescobar.com.ar"],"url":"https:\/\/nuevodigitaldeescobar.com.ar\/?author=1"}]}},"featured_image_urls":{"full":["https:\/\/nuevodigitaldeescobar.com.ar\/wp-content\/uploads\/2025\/08\/incendmatheu01.jpg",2048,1538,false],"thumbnail":["https:\/\/nuevodigitaldeescobar.com.ar\/wp-content\/uploads\/2025\/08\/incendmatheu01-150x150.jpg",150,150,true],"medium":["https:\/\/nuevodigitaldeescobar.com.ar\/wp-content\/uploads\/2025\/08\/incendmatheu01-300x225.jpg",300,225,true],"medium_large":["https:\/\/nuevodigitaldeescobar.com.ar\/wp-content\/uploads\/2025\/08\/incendmatheu01-768x577.jpg",640,481,true],"large":["https:\/\/nuevodigitaldeescobar.com.ar\/wp-content\/uploads\/2025\/08\/incendmatheu01-1024x769.jpg",640,481,true],"1536x1536":["https:\/\/nuevodigitaldeescobar.com.ar\/wp-content\/uploads\/2025\/08\/incendmatheu01-1536x1154.jpg",1536,1154,true],"2048x2048":["https:\/\/nuevodigitaldeescobar.com.ar\/wp-content\/uploads\/2025\/08\/incendmatheu01.jpg",2048,1538,false]},"author_info":{"display_name":"Redacci\u00f3n","author_link":"https:\/\/nuevodigitaldeescobar.com.ar\/?author=1"},"category_info":"<a href=\"https:\/\/nuevodigitaldeescobar.com.ar\/?cat=7\" rel=\"category\">Inter\u00e9s general<\/a>","tag_info":"Inter\u00e9s general","comment_count":"0","_links":{"self":[{"href":"https:\/\/nuevodigitaldeescobar.com.ar\/index.php?rest_route=\/wp\/v2\/posts\/17063","targetHints":{"allow":["GET"]}}],"collection":[{"href":"https:\/\/nuevodigitaldeescobar.com.ar\/index.php?rest_route=\/wp\/v2\/posts"}],"about":[{"href":"https:\/\/nuevodigitaldeescobar.com.ar\/index.php?rest_route=\/wp\/v2\/types\/post"}],"author":[{"embeddable":true,"href":"https:\/\/nuevodigitaldeescobar.com.ar\/index.php?rest_route=\/wp\/v2\/users\/1"}],"replies":[{"embeddable":true,"href":"https:\/\/nuevodigitaldeescobar.com.ar\/index.php?rest_route=%2Fwp%2Fv2%2Fcomments&post=17063"}],"version-history":[{"count":1,"href":"https:\/\/nuevodigitaldeescobar.com.ar\/index.php?rest_route=\/wp\/v2\/posts\/17063\/revisions"}],"predecessor-version":[{"id":17067,"href":"https:\/\/nuevodigitaldeescobar.com.ar\/index.php?rest_route=\/wp\/v2\/posts\/17063\/revisions\/17067"}],"wp:featuredmedia":[{"embeddable":true,"href":"https:\/\/nuevodigitaldeescobar.com.ar\/index.php?rest_route=\/wp\/v2\/media\/17064"}],"wp:attachment":[{"href":"https:\/\/nuevodigitaldeescobar.com.ar\/index.php?rest_route=%2Fwp%2Fv2%2Fmedia&parent=17063"}],"wp:term":[{"taxonomy":"category","embeddable":true,"href":"https:\/\/nuevodigitaldeescobar.com.ar\/index.php?rest_route=%2Fwp%2Fv2%2Fcategories&post=17063"},{"taxonomy":"post_tag","embeddable":true,"href":"https:\/\/nuevodigitaldeescobar.com.ar\/index.php?rest_route=%2Fwp%2Fv2%2Ftags&post=17063"}],"curies":[{"name":"wp","href":"https:\/\/api.w.org\/{rel}","templated":true}]}}