{"id":17100,"date":"2025-08-10T14:20:20","date_gmt":"2025-08-10T17:20:20","guid":{"rendered":"https:\/\/nuevodigitaldeescobar.com.ar\/?p=17100"},"modified":"2025-08-10T14:20:20","modified_gmt":"2025-08-10T17:20:20","slug":"mas-dolores-de-cabeza-para-river-german-pezzella-se-pierde-el-resto-de-la-temporada","status":"publish","type":"post","link":"https:\/\/nuevodigitaldeescobar.com.ar\/?p=17100","title":{"rendered":"M\u00e1s dolores de cabeza para River: Germ\u00e1n Pezzella se pierde el resto de la temporada"},"content":{"rendered":"<p><a href=\"https:\/\/derechadiario.com.ar\/deportes\/ya-se-sabe-cual-posible-dorsal-que-usaria-franco-mastantuono-real-madrid\" title=\"Ya se sabe cu\u00e1l es la posible dorsal que usar\u00eda Franco Mastantuono en el Real Madrid\"><u><strong>River<\/strong><\/u><\/a> recibi\u00f3 una muy mala noticia tras el empate 0-0 ante Independiente en Avellaneda.\u00a0<strong>Germ\u00e1n Pezzella sufri\u00f3 un rotura del ligamento cruzado anterior de su rodilla izquierda y quedar\u00e1 descartado para\u00a0el resto de la temporada y gran parte del primer semestre del pr\u00f3ximo a\u00f1o<\/strong>.<\/p>\n<p>Sobre el final del primer tiempo, <strong>el zaguero cometi\u00f3 una falta sobre Walter Mazzantti, qued\u00f3 enganchado y sufri\u00f3 un movimiento en la rodilla que lo dej\u00f3 tendido en el campo<\/strong>. Fue r\u00e1pidamente atendido y pidi\u00f3 el cambio, saliendo llorando desconsolado mientras sus compa\u00f1eros se acercaban a contenerlo.<\/p>\n<p><strong>El defensor deber\u00e1 ser intervenido quir\u00fargicamente en los pr\u00f3ximos d\u00edas<\/strong> y la recuperaci\u00f3n demandar\u00e1 aproximadamente <strong>ocho meses<\/strong>. De esta forma, Pezzella se perder\u00e1 lo que queda del a\u00f1o y el inicio de la siguiente temporada.<\/p>\n<div class=\"inter_image image_horizontal\">\n<img decoding=\"async\" src=\"https:\/\/derechadiario.com.ar\/filesedc\/uploads\/image\/post\/2025\/08\/pezzella-2077542_1200_800.webp\" class=\"img-responsive lazyload\" alt=\"Jugador de River Plate comete una falta sujetando a un rival durante un partido de f\u00fatbol mientras otros jugadores observan desde la banda\" title=\"Jugador de River Plate comete una falta sujetando a un rival durante un partido de f\u00fatbol mientras otros jugadores observan desde la banda\" \/>\n<div>\n<span class=\"img_footer\">Pezzella se lesion\u00f3 en la disputa con Mazzanti <\/span>| <span class=\"img_author\">La Derecha Diario<\/span>\n<\/div>\n<\/div>\n<h2><strong>La opini\u00f3n de Gallardo<\/strong><\/h2>\n<p>En la conferencia de prensa posterior al cl\u00e1sico con el Rojo, el \u00a0<strong>DT millonario fue consultado sobre la gran cantidad de lesionados en el plantel<\/strong>.<\/p>\n<p>\u00ab<em><strong>Tuvimos una mala racha que hoy continu\u00f3 con la lesi\u00f3n de Germ\u00e1n Pezzella<\/strong>, sobre lo cual ser\u00e9 cauto para esperar los resultados. Se le suma a Mart\u00ednez Quarta, Salas, Driussi\u2026 son varios futbolistas que estamos intentando recuperar. Lo de Paulo D\u00edaz estuvo con la rodilla inflamada estos d\u00edas y veremos c\u00f3mo llega al jueves<\/em>\u00ab, expres\u00f3 el Mu\u00f1eco sobre la larga lista de nombres que ocupan la enfermer\u00eda del club.<\/p>\n<figure><img decoding=\"async\" src=\"https:\/\/derechadiario.com.ar\/filesedc\/uploads\/image\/post\/2025\/08\/captura-de-pantalla-2025-08-10-095206_1200_800.webp\" class=\"img-responsive lazyload\" alt=\"Hombre de cabello corto y canoso hablando frente a un micr\u00f3fono en una conferencia de prensa con fondo rojo y logotipos de marcas.\" title=\"Hombre de cabello corto y canoso hablando frente a un micr\u00f3fono en una conferencia de prensa con fondo rojo y logotipos de marcas.\" \/><\/figure>\n<p>En ese sentido, dej\u00f3 abierta la puerta a un posible cambio de \u00faltimo momento para su visita a Paraguay. \u00ab<em>Ante esta excepci\u00f3n, que es una necesidad, <strong>veremos el caso de Portillo<\/strong>. Se recuper\u00f3 de la dolencia con la que vino, pero no entren\u00f3 por mucho tiempo y buscamos su mejor puesta a punto. <strong>Lo hab\u00edamos pensado para el partido siguiente, contra Godoy Cruz. Veremos si se suma, tenemos que evaluar de ac\u00e1 al mi\u00e9rcoles<\/strong><\/em>\u00ab, anticip\u00f3 el entrenador Millonario.<\/p>\n<aside class=\"whatsappChannelText\"><a href=\"https:\/\/whatsapp.com\/channel\/0029VagEjILGE56eKjedWF2U\" rel=\"nofollow\" title=\"WhatsApp Link\"><img alt=\"Logo de WhatsApp\" class=\"lazyload\" data-src=\"\/filesedc\/uploads\/other\/whatsapp_icon_mid_article.png\" width=\"32\" height=\"32\" \/><\/a> <a href=\"https:\/\/whatsapp.com\/channel\/0029VagEjILGE56eKjedWF2U\" rel=\"nofollow\" title=\"WhatsApp Link\"><strong>NO SE PIERDAN NINGUNA NOTICIA<\/strong>: Click aqu\u00ed para sumarte <strong>GRATIS<\/strong> al canal de noticias de <strong>La Derecha Diario en WhatsApp.<\/strong><\/a><\/aside>\n<p>Los del Mu\u00f1eco enfrentar\u00e1n la ida de la serie copera <strong>sin uno de sus pilares defensivos<\/strong>, en un momento clave de la temporada y con varios jugadores en la enfermer\u00eda.<\/p>","protected":false},"excerpt":{"rendered":"<p>River recibi\u00f3 una muy mala noticia tras el empate 0-0 ante Independiente en Avellaneda.\u00a0Germ\u00e1n Pezzella sufri\u00f3 un rotura del ligamento cruzado anterior de su rodilla [&hellip;]<\/p>\n","protected":false},"author":1,"featured_media":17102,"comment_status":"open","ping_status":"open","sticky":false,"template":"","format":"standard","meta":{"footnotes":""},"categories":[8],"tags":[],"class_list":["post-17100","post","type-post","status-publish","format-standard","has-post-thumbnail","hentry","category-deportes"],"better_featured_image":{"id":17102,"alt_text":"","caption":"","description":"","media_type":"image","media_details":{"width":1600,"height":1067,"file":"2025\/08\/pezzella-2077540_1600_1067-ifMJVt.jpg","filesize":124336,"sizes":{"medium":{"file":"pezzella-2077540_1600_1067-ifMJVt-300x200.jpg","width":300,"height":200,"mime-type":"image\/jpeg","filesize":17672,"source_url":"https:\/\/nuevodigitaldeescobar.com.ar\/wp-content\/uploads\/2025\/08\/pezzella-2077540_1600_1067-ifMJVt-300x200.jpg"},"large":{"file":"pezzella-2077540_1600_1067-ifMJVt-1024x683.jpg","width":1024,"height":683,"mime-type":"image\/jpeg","filesize":99341,"source_url":"https:\/\/nuevodigitaldeescobar.com.ar\/wp-content\/uploads\/2025\/08\/pezzella-2077540_1600_1067-ifMJVt-1024x683.jpg"},"thumbnail":{"file":"pezzella-2077540_1600_1067-ifMJVt-150x150.jpg","width":150,"height":150,"mime-type":"image\/jpeg","filesize":8501,"source_url":"https:\/\/nuevodigitaldeescobar.com.ar\/wp-content\/uploads\/2025\/08\/pezzella-2077540_1600_1067-ifMJVt-150x150.jpg"},"medium_large":{"file":"pezzella-2077540_1600_1067-ifMJVt-768x512.jpg","width":768,"height":512,"mime-type":"image\/jpeg","filesize":66330,"source_url":"https:\/\/nuevodigitaldeescobar.com.ar\/wp-content\/uploads\/2025\/08\/pezzella-2077540_1600_1067-ifMJVt-768x512.jpg"},"1536x1536":{"file":"pezzella-2077540_1600_1067-ifMJVt-1536x1024.jpg","width":1536,"height":1024,"mime-type":"image\/jpeg","filesize":174999,"source_url":"https:\/\/nuevodigitaldeescobar.com.ar\/wp-content\/uploads\/2025\/08\/pezzella-2077540_1600_1067-ifMJVt-1536x1024.jpg"}},"image_meta":{"aperture":"0","credit":"","camera":"","caption":"","created_timestamp":"0","copyright":"","focal_length":"0","iso":"0","shutter_speed":"0","title":"","orientation":"0","keywords":[]}},"post":17100,"source_url":"https:\/\/nuevodigitaldeescobar.com.ar\/wp-content\/uploads\/2025\/08\/pezzella-2077540_1600_1067-ifMJVt.jpg"},"yoast_head":"<!-- This site is optimized with the Yoast SEO plugin v26.1.1 - https:\/\/yoast.com\/wordpress\/plugins\/seo\/ -->\n<title>M\u00e1s dolores de cabeza para River: Germ\u00e1n Pezzella se pierde el resto de la temporada - Nuevo Digital de Escobar<\/title>\n<meta name=\"robots\" content=\"index, follow, max-snippet:-1, max-image-preview:large, max-video-preview:-1\" \/>\n<link rel=\"canonical\" href=\"https:\/\/nuevodigitaldeescobar.com.ar\/?p=17100\" \/>\n<meta property=\"og:locale\" content=\"es_ES\" \/>\n<meta property=\"og:type\" content=\"article\" \/>\n<meta property=\"og:title\" content=\"M\u00e1s dolores de cabeza para River: Germ\u00e1n Pezzella se pierde el resto de la temporada - Nuevo Digital de Escobar\" \/>\n<meta property=\"og:description\" content=\"River recibi\u00f3 una muy mala noticia tras el empate 0-0 ante Independiente en Avellaneda.\u00a0Germ\u00e1n Pezzella sufri\u00f3 un rotura del ligamento cruzado anterior de su rodilla [&hellip;]\" \/>\n<meta property=\"og:url\" content=\"https:\/\/nuevodigitaldeescobar.com.ar\/?p=17100\" \/>\n<meta property=\"og:site_name\" content=\"Nuevo Digital de Escobar\" \/>\n<meta property=\"article:publisher\" content=\"https:\/\/www.facebook.com\/NUEVODigitalDeEscobar\" \/>\n<meta property=\"article:published_time\" content=\"2025-08-10T17:20:20+00:00\" \/>\n<meta property=\"og:image\" content=\"https:\/\/derechadiario.com.ar\/filesedc\/uploads\/image\/post\/2025\/08\/pezzella-2077542_1200_800.webp\" \/>\n<meta name=\"author\" content=\"Redacci\u00f3n\" \/>\n<meta name=\"twitter:card\" content=\"summary_large_image\" \/>\n<meta name=\"twitter:creator\" content=\"@nuevodigescobar\" \/>\n<meta name=\"twitter:site\" content=\"@nuevodigescobar\" \/>\n<meta name=\"twitter:label1\" content=\"Escrito por\" \/>\n\t<meta name=\"twitter:data1\" content=\"Redacci\u00f3n\" \/>\n\t<meta name=\"twitter:label2\" content=\"Tiempo de lectura\" \/>\n\t<meta name=\"twitter:data2\" content=\"2 minutos\" \/>\n<script type=\"application\/ld+json\" class=\"yoast-schema-graph\">{\"@context\":\"https:\/\/schema.org\",\"@graph\":[{\"@type\":\"Article\",\"@id\":\"https:\/\/nuevodigitaldeescobar.com.ar\/?p=17100#article\",\"isPartOf\":{\"@id\":\"https:\/\/nuevodigitaldeescobar.com.ar\/?p=17100\"},\"author\":{\"name\":\"Redacci\u00f3n\",\"@id\":\"https:\/\/nuevodigitaldeescobar.com.ar\/#\/schema\/person\/035e90a8efe9a80e6eec22656ad6ea4c\"},\"headline\":\"M\u00e1s dolores de cabeza para River: Germ\u00e1n Pezzella se pierde el resto de la temporada\",\"datePublished\":\"2025-08-10T17:20:20+00:00\",\"mainEntityOfPage\":{\"@id\":\"https:\/\/nuevodigitaldeescobar.com.ar\/?p=17100\"},\"wordCount\":407,\"commentCount\":0,\"publisher\":{\"@id\":\"https:\/\/nuevodigitaldeescobar.com.ar\/#organization\"},\"image\":{\"@id\":\"https:\/\/nuevodigitaldeescobar.com.ar\/?p=17100#primaryimage\"},\"thumbnailUrl\":\"https:\/\/nuevodigitaldeescobar.com.ar\/wp-content\/uploads\/2025\/08\/pezzella-2077540_1600_1067-ifMJVt.jpg\",\"articleSection\":[\"Deportes\"],\"inLanguage\":\"es\",\"potentialAction\":[{\"@type\":\"CommentAction\",\"name\":\"Comment\",\"target\":[\"https:\/\/nuevodigitaldeescobar.com.ar\/?p=17100#respond\"]}]},{\"@type\":\"WebPage\",\"@id\":\"https:\/\/nuevodigitaldeescobar.com.ar\/?p=17100\",\"url\":\"https:\/\/nuevodigitaldeescobar.com.ar\/?p=17100\",\"name\":\"M\u00e1s dolores de cabeza para River: Germ\u00e1n Pezzella se pierde el resto de la temporada - Nuevo Digital de Escobar\",\"isPartOf\":{\"@id\":\"https:\/\/nuevodigitaldeescobar.com.ar\/#website\"},\"primaryImageOfPage\":{\"@id\":\"https:\/\/nuevodigitaldeescobar.com.ar\/?p=17100#primaryimage\"},\"image\":{\"@id\":\"https:\/\/nuevodigitaldeescobar.com.ar\/?p=17100#primaryimage\"},\"thumbnailUrl\":\"https:\/\/nuevodigitaldeescobar.com.ar\/wp-content\/uploads\/2025\/08\/pezzella-2077540_1600_1067-ifMJVt.jpg\",\"datePublished\":\"2025-08-10T17:20:20+00:00\",\"breadcrumb\":{\"@id\":\"https:\/\/nuevodigitaldeescobar.com.ar\/?p=17100#breadcrumb\"},\"inLanguage\":\"es\",\"potentialAction\":[{\"@type\":\"ReadAction\",\"target\":[\"https:\/\/nuevodigitaldeescobar.com.ar\/?p=17100\"]}]},{\"@type\":\"ImageObject\",\"inLanguage\":\"es\",\"@id\":\"https:\/\/nuevodigitaldeescobar.com.ar\/?p=17100#primaryimage\",\"url\":\"https:\/\/nuevodigitaldeescobar.com.ar\/wp-content\/uploads\/2025\/08\/pezzella-2077540_1600_1067-ifMJVt.jpg\",\"contentUrl\":\"https:\/\/nuevodigitaldeescobar.com.ar\/wp-content\/uploads\/2025\/08\/pezzella-2077540_1600_1067-ifMJVt.jpg\",\"width\":1600,\"height\":1067},{\"@type\":\"BreadcrumbList\",\"@id\":\"https:\/\/nuevodigitaldeescobar.com.ar\/?p=17100#breadcrumb\",\"itemListElement\":[{\"@type\":\"ListItem\",\"position\":1,\"name\":\"Portada\",\"item\":\"https:\/\/nuevodigitaldeescobar.com.ar\/\"},{\"@type\":\"ListItem\",\"position\":2,\"name\":\"M\u00e1s dolores de cabeza para River: Germ\u00e1n Pezzella se pierde el resto de la temporada\"}]},{\"@type\":\"WebSite\",\"@id\":\"https:\/\/nuevodigitaldeescobar.com.ar\/#website\",\"url\":\"https:\/\/nuevodigitaldeescobar.com.ar\/\",\"name\":\"Nuevo Digital de Escobar\",\"description\":\"La vida escobarense. Directora: Rosana Brunner\",\"publisher\":{\"@id\":\"https:\/\/nuevodigitaldeescobar.com.ar\/#organization\"},\"potentialAction\":[{\"@type\":\"SearchAction\",\"target\":{\"@type\":\"EntryPoint\",\"urlTemplate\":\"https:\/\/nuevodigitaldeescobar.com.ar\/?s={search_term_string}\"},\"query-input\":{\"@type\":\"PropertyValueSpecification\",\"valueRequired\":true,\"valueName\":\"search_term_string\"}}],\"inLanguage\":\"es\"},{\"@type\":\"Organization\",\"@id\":\"https:\/\/nuevodigitaldeescobar.com.ar\/#organization\",\"name\":\"Nuevo Digital de Escobar\",\"url\":\"https:\/\/nuevodigitaldeescobar.com.ar\/\",\"logo\":{\"@type\":\"ImageObject\",\"inLanguage\":\"es\",\"@id\":\"https:\/\/nuevodigitaldeescobar.com.ar\/#\/schema\/logo\/image\/\",\"url\":\"https:\/\/nuevodigitaldeescobar.com.ar\/wp-content\/uploads\/2025\/05\/cropped-logo-nuevo2.jpg\",\"contentUrl\":\"https:\/\/nuevodigitaldeescobar.com.ar\/wp-content\/uploads\/2025\/05\/cropped-logo-nuevo2.jpg\",\"width\":305,\"height\":305,\"caption\":\"Nuevo Digital de Escobar\"},\"image\":{\"@id\":\"https:\/\/nuevodigitaldeescobar.com.ar\/#\/schema\/logo\/image\/\"},\"sameAs\":[\"https:\/\/www.facebook.com\/NUEVODigitalDeEscobar\",\"https:\/\/x.com\/nuevodigescobar\",\"https:\/\/www.instagram.com\/nuevodigitaldeescobar\"]},{\"@type\":\"Person\",\"@id\":\"https:\/\/nuevodigitaldeescobar.com.ar\/#\/schema\/person\/035e90a8efe9a80e6eec22656ad6ea4c\",\"name\":\"Redacci\u00f3n\",\"image\":{\"@type\":\"ImageObject\",\"inLanguage\":\"es\",\"@id\":\"https:\/\/nuevodigitaldeescobar.com.ar\/#\/schema\/person\/image\/\",\"url\":\"https:\/\/secure.gravatar.com\/avatar\/8af8f40000c24e9eef3034f2be5998a372bb1389e64b1a4a36b3a7979142220d?s=96&d=mm&r=g\",\"contentUrl\":\"https:\/\/secure.gravatar.com\/avatar\/8af8f40000c24e9eef3034f2be5998a372bb1389e64b1a4a36b3a7979142220d?s=96&d=mm&r=g\",\"caption\":\"Redacci\u00f3n\"},\"sameAs\":[\"http:\/\/nuevodigitaldeescobar.com.ar\"],\"url\":\"https:\/\/nuevodigitaldeescobar.com.ar\/?author=1\"}]}<\/script>\n<!-- \/ Yoast SEO plugin. -->","yoast_head_json":{"title":"M\u00e1s dolores de cabeza para River: Germ\u00e1n Pezzella se pierde el resto de la temporada - Nuevo Digital de Escobar","robots":{"index":"index","follow":"follow","max-snippet":"max-snippet:-1","max-image-preview":"max-image-preview:large","max-video-preview":"max-video-preview:-1"},"canonical":"https:\/\/nuevodigitaldeescobar.com.ar\/?p=17100","og_locale":"es_ES","og_type":"article","og_title":"M\u00e1s dolores de cabeza para River: Germ\u00e1n Pezzella se pierde el resto de la temporada - Nuevo Digital de Escobar","og_description":"River recibi\u00f3 una muy mala noticia tras el empate 0-0 ante Independiente en Avellaneda.\u00a0Germ\u00e1n Pezzella sufri\u00f3 un rotura del ligamento cruzado anterior de su rodilla [&hellip;]","og_url":"https:\/\/nuevodigitaldeescobar.com.ar\/?p=17100","og_site_name":"Nuevo Digital de Escobar","article_publisher":"https:\/\/www.facebook.com\/NUEVODigitalDeEscobar","article_published_time":"2025-08-10T17:20:20+00:00","og_image":[{"url":"https:\/\/derechadiario.com.ar\/filesedc\/uploads\/image\/post\/2025\/08\/pezzella-2077542_1200_800.webp","type":"","width":"","height":""}],"author":"Redacci\u00f3n","twitter_card":"summary_large_image","twitter_creator":"@nuevodigescobar","twitter_site":"@nuevodigescobar","twitter_misc":{"Escrito por":"Redacci\u00f3n","Tiempo de lectura":"2 minutos"},"schema":{"@context":"https:\/\/schema.org","@graph":[{"@type":"Article","@id":"https:\/\/nuevodigitaldeescobar.com.ar\/?p=17100#article","isPartOf":{"@id":"https:\/\/nuevodigitaldeescobar.com.ar\/?p=17100"},"author":{"name":"Redacci\u00f3n","@id":"https:\/\/nuevodigitaldeescobar.com.ar\/#\/schema\/person\/035e90a8efe9a80e6eec22656ad6ea4c"},"headline":"M\u00e1s dolores de cabeza para River: Germ\u00e1n Pezzella se pierde el resto de la temporada","datePublished":"2025-08-10T17:20:20+00:00","mainEntityOfPage":{"@id":"https:\/\/nuevodigitaldeescobar.com.ar\/?p=17100"},"wordCount":407,"commentCount":0,"publisher":{"@id":"https:\/\/nuevodigitaldeescobar.com.ar\/#organization"},"image":{"@id":"https:\/\/nuevodigitaldeescobar.com.ar\/?p=17100#primaryimage"},"thumbnailUrl":"https:\/\/nuevodigitaldeescobar.com.ar\/wp-content\/uploads\/2025\/08\/pezzella-2077540_1600_1067-ifMJVt.jpg","articleSection":["Deportes"],"inLanguage":"es","potentialAction":[{"@type":"CommentAction","name":"Comment","target":["https:\/\/nuevodigitaldeescobar.com.ar\/?p=17100#respond"]}]},{"@type":"WebPage","@id":"https:\/\/nuevodigitaldeescobar.com.ar\/?p=17100","url":"https:\/\/nuevodigitaldeescobar.com.ar\/?p=17100","name":"M\u00e1s dolores de cabeza para River: Germ\u00e1n Pezzella se pierde el resto de la temporada - Nuevo Digital de Escobar","isPartOf":{"@id":"https:\/\/nuevodigitaldeescobar.com.ar\/#website"},"primaryImageOfPage":{"@id":"https:\/\/nuevodigitaldeescobar.com.ar\/?p=17100#primaryimage"},"image":{"@id":"https:\/\/nuevodigitaldeescobar.com.ar\/?p=17100#primaryimage"},"thumbnailUrl":"https:\/\/nuevodigitaldeescobar.com.ar\/wp-content\/uploads\/2025\/08\/pezzella-2077540_1600_1067-ifMJVt.jpg","datePublished":"2025-08-10T17:20:20+00:00","breadcrumb":{"@id":"https:\/\/nuevodigitaldeescobar.com.ar\/?p=17100#breadcrumb"},"inLanguage":"es","potentialAction":[{"@type":"ReadAction","target":["https:\/\/nuevodigitaldeescobar.com.ar\/?p=17100"]}]},{"@type":"ImageObject","inLanguage":"es","@id":"https:\/\/nuevodigitaldeescobar.com.ar\/?p=17100#primaryimage","url":"https:\/\/nuevodigitaldeescobar.com.ar\/wp-content\/uploads\/2025\/08\/pezzella-2077540_1600_1067-ifMJVt.jpg","contentUrl":"https:\/\/nuevodigitaldeescobar.com.ar\/wp-content\/uploads\/2025\/08\/pezzella-2077540_1600_1067-ifMJVt.jpg","width":1600,"height":1067},{"@type":"BreadcrumbList","@id":"https:\/\/nuevodigitaldeescobar.com.ar\/?p=17100#breadcrumb","itemListElement":[{"@type":"ListItem","position":1,"name":"Portada","item":"https:\/\/nuevodigitaldeescobar.com.ar\/"},{"@type":"ListItem","position":2,"name":"M\u00e1s dolores de cabeza para River: Germ\u00e1n Pezzella se pierde el resto de la temporada"}]},{"@type":"WebSite","@id":"https:\/\/nuevodigitaldeescobar.com.ar\/#website","url":"https:\/\/nuevodigitaldeescobar.com.ar\/","name":"Nuevo Digital de Escobar","description":"La vida escobarense. Directora: Rosana Brunner","publisher":{"@id":"https:\/\/nuevodigitaldeescobar.com.ar\/#organization"},"potentialAction":[{"@type":"SearchAction","target":{"@type":"EntryPoint","urlTemplate":"https:\/\/nuevodigitaldeescobar.com.ar\/?s={search_term_string}"},"query-input":{"@type":"PropertyValueSpecification","valueRequired":true,"valueName":"search_term_string"}}],"inLanguage":"es"},{"@type":"Organization","@id":"https:\/\/nuevodigitaldeescobar.com.ar\/#organization","name":"Nuevo Digital de Escobar","url":"https:\/\/nuevodigitaldeescobar.com.ar\/","logo":{"@type":"ImageObject","inLanguage":"es","@id":"https:\/\/nuevodigitaldeescobar.com.ar\/#\/schema\/logo\/image\/","url":"https:\/\/nuevodigitaldeescobar.com.ar\/wp-content\/uploads\/2025\/05\/cropped-logo-nuevo2.jpg","contentUrl":"https:\/\/nuevodigitaldeescobar.com.ar\/wp-content\/uploads\/2025\/05\/cropped-logo-nuevo2.jpg","width":305,"height":305,"caption":"Nuevo Digital de Escobar"},"image":{"@id":"https:\/\/nuevodigitaldeescobar.com.ar\/#\/schema\/logo\/image\/"},"sameAs":["https:\/\/www.facebook.com\/NUEVODigitalDeEscobar","https:\/\/x.com\/nuevodigescobar","https:\/\/www.instagram.com\/nuevodigitaldeescobar"]},{"@type":"Person","@id":"https:\/\/nuevodigitaldeescobar.com.ar\/#\/schema\/person\/035e90a8efe9a80e6eec22656ad6ea4c","name":"Redacci\u00f3n","image":{"@type":"ImageObject","inLanguage":"es","@id":"https:\/\/nuevodigitaldeescobar.com.ar\/#\/schema\/person\/image\/","url":"https:\/\/secure.gravatar.com\/avatar\/8af8f40000c24e9eef3034f2be5998a372bb1389e64b1a4a36b3a7979142220d?s=96&d=mm&r=g","contentUrl":"https:\/\/secure.gravatar.com\/avatar\/8af8f40000c24e9eef3034f2be5998a372bb1389e64b1a4a36b3a7979142220d?s=96&d=mm&r=g","caption":"Redacci\u00f3n"},"sameAs":["http:\/\/nuevodigitaldeescobar.com.ar"],"url":"https:\/\/nuevodigitaldeescobar.com.ar\/?author=1"}]}},"featured_image_urls":{"full":["https:\/\/nuevodigitaldeescobar.com.ar\/wp-content\/uploads\/2025\/08\/pezzella-2077540_1600_1067-ifMJVt.jpg",1600,1067,false],"thumbnail":["https:\/\/nuevodigitaldeescobar.com.ar\/wp-content\/uploads\/2025\/08\/pezzella-2077540_1600_1067-ifMJVt-150x150.jpg",150,150,true],"medium":["https:\/\/nuevodigitaldeescobar.com.ar\/wp-content\/uploads\/2025\/08\/pezzella-2077540_1600_1067-ifMJVt-300x200.jpg",300,200,true],"medium_large":["https:\/\/nuevodigitaldeescobar.com.ar\/wp-content\/uploads\/2025\/08\/pezzella-2077540_1600_1067-ifMJVt-768x512.jpg",640,427,true],"large":["https:\/\/nuevodigitaldeescobar.com.ar\/wp-content\/uploads\/2025\/08\/pezzella-2077540_1600_1067-ifMJVt-1024x683.jpg",640,427,true],"1536x1536":["https:\/\/nuevodigitaldeescobar.com.ar\/wp-content\/uploads\/2025\/08\/pezzella-2077540_1600_1067-ifMJVt-1536x1024.jpg",1536,1024,true],"2048x2048":["https:\/\/nuevodigitaldeescobar.com.ar\/wp-content\/uploads\/2025\/08\/pezzella-2077540_1600_1067-ifMJVt.jpg",1600,1067,false]},"author_info":{"display_name":"Redacci\u00f3n","author_link":"https:\/\/nuevodigitaldeescobar.com.ar\/?author=1"},"category_info":"<a href=\"https:\/\/nuevodigitaldeescobar.com.ar\/?cat=8\" rel=\"category\">Deportes<\/a>","tag_info":"Deportes","comment_count":"0","_links":{"self":[{"href":"https:\/\/nuevodigitaldeescobar.com.ar\/index.php?rest_route=\/wp\/v2\/posts\/17100","targetHints":{"allow":["GET"]}}],"collection":[{"href":"https:\/\/nuevodigitaldeescobar.com.ar\/index.php?rest_route=\/wp\/v2\/posts"}],"about":[{"href":"https:\/\/nuevodigitaldeescobar.com.ar\/index.php?rest_route=\/wp\/v2\/types\/post"}],"author":[{"embeddable":true,"href":"https:\/\/nuevodigitaldeescobar.com.ar\/index.php?rest_route=\/wp\/v2\/users\/1"}],"replies":[{"embeddable":true,"href":"https:\/\/nuevodigitaldeescobar.com.ar\/index.php?rest_route=%2Fwp%2Fv2%2Fcomments&post=17100"}],"version-history":[{"count":0,"href":"https:\/\/nuevodigitaldeescobar.com.ar\/index.php?rest_route=\/wp\/v2\/posts\/17100\/revisions"}],"wp:featuredmedia":[{"embeddable":true,"href":"https:\/\/nuevodigitaldeescobar.com.ar\/index.php?rest_route=\/wp\/v2\/media\/17102"}],"wp:attachment":[{"href":"https:\/\/nuevodigitaldeescobar.com.ar\/index.php?rest_route=%2Fwp%2Fv2%2Fmedia&parent=17100"}],"wp:term":[{"taxonomy":"category","embeddable":true,"href":"https:\/\/nuevodigitaldeescobar.com.ar\/index.php?rest_route=%2Fwp%2Fv2%2Fcategories&post=17100"},{"taxonomy":"post_tag","embeddable":true,"href":"https:\/\/nuevodigitaldeescobar.com.ar\/index.php?rest_route=%2Fwp%2Fv2%2Ftags&post=17100"}],"curies":[{"name":"wp","href":"https:\/\/api.w.org\/{rel}","templated":true}]}}