{"id":17101,"date":"2025-08-10T14:21:39","date_gmt":"2025-08-10T17:21:39","guid":{"rendered":"https:\/\/nuevodigitaldeescobar.com.ar\/?p=17101"},"modified":"2025-08-10T14:21:51","modified_gmt":"2025-08-10T17:21:51","slug":"avanza-la-causa-contra-alberto-fernandez-la-fiscalia-pedira-enviarlo-a-juicio-oral-por-violencia-de-genero-contra-fabiola-yanez","status":"publish","type":"post","link":"https:\/\/nuevodigitaldeescobar.com.ar\/?p=17101","title":{"rendered":"Avanza la causa contra Alberto Fern\u00e1ndez: la fiscal\u00eda pedir\u00e1 enviarlo a juicio oral por violencia de g\u00e9nero contra Fabiola Ya\u00f1ez"},"content":{"rendered":"\n<p class=\"has-vivid-cyan-blue-color has-text-color has-link-color wp-elements-218643cceecf45aa9c44c0880e282b57\"><strong><em>La investigaci\u00f3n judicial que involucra al expresidente Alberto Fern\u00e1ndez por presuntos hechos de violencia de g\u00e9nero contra su expareja y ex primera dama, Fabiola Ya\u00f1ez, est\u00e1 a punto de entrar en una nueva etapa decisiva. El fiscal federal Ramiro Gonz\u00e1lez prepara el dictamen para solicitar que la causa sea elevada a juicio oral y p\u00fablico, luego de considerar que la instrucci\u00f3n ya est\u00e1 completa y no quedan pruebas pendientes.<\/em><\/strong><\/p>\n\n\n\n<!--more-->\n\n\n\n<p>Seg\u00fan fuentes judiciales, el pedido ser\u00e1 presentado en los pr\u00f3ximos d\u00edas ante el juez federal Juli\u00e1n Ercolini. La querella, representada por el abogado Mauricio D\u2019Alessandro, ya hab\u00eda solicitado el avance a juicio hace tres semanas. Ahora ser\u00e1 el turno de la fiscal\u00eda, y posteriormente deber\u00e1 expedirse la defensa del exmandatario, encabezada por la abogada Silvina Carreira, que podr\u00eda oponerse a la elevaci\u00f3n.<\/p>\n\n\n\n<p>Fern\u00e1ndez est\u00e1 procesado por <strong>lesiones leves y graves agravadas por violencia de g\u00e9nero<\/strong>, adem\u00e1s de <strong>amenazas coactivas<\/strong>, delitos que podr\u00edan implicar hasta <strong>18 a\u00f1os de prisi\u00f3n<\/strong> en caso de condena. El expediente describe al menos dos episodios en los que, de acuerdo a la investigaci\u00f3n, Ya\u00f1ez habr\u00eda sufrido golpes que le provocaron moretones en el brazo y en el ojo derecho, as\u00ed como presiones para que no radicara la denuncia.<\/p>\n\n\n\n<h3 class=\"wp-block-heading has-text-color has-link-color wp-elements-a3c08acfcd9a3128698e901f61104f6a\" style=\"color:#1019ca\">Un caso que surgi\u00f3 de otra investigaci\u00f3n por corrupci\u00f3n<\/h3>\n\n\n\n<p>La causa naci\u00f3 en agosto de 2024 como desprendimiento de un expediente por presunta corrupci\u00f3n en la contrataci\u00f3n de seguros durante el gobierno de Fern\u00e1ndez. All\u00ed, el peritaje del celular de su exsecretaria privada, Mar\u00eda Cantero, revel\u00f3 mensajes y fotos enviadas por Ya\u00f1ez, mostrando lesiones y relatando agresiones.<\/p>\n\n\n\n<p>Inicialmente, Ya\u00f1ez opt\u00f3 por no denunciar, pero tras la repercusi\u00f3n p\u00fablica del caso, present\u00f3 la acusaci\u00f3n formal y se inici\u00f3 la investigaci\u00f3n. Testimonios de familiares, m\u00e9dicos y personal de la Quinta de Olivos reforzaron la hip\u00f3tesis de un contexto de <strong>desigualdad de poder y aislamiento<\/strong> de la v\u00edctima, tal como lo se\u00f1alaron los jueces de la C\u00e1mara Federal al confirmar el procesamiento en abril de este a\u00f1o.<\/p>\n\n\n\n<p>Con todos los pasos procesales cumplidos y sin nuevas pruebas surgidas del peritaje de los dispositivos electr\u00f3nicos secuestrados al expresidente, el caso qued\u00f3 listo para ser sorteado entre los Tribunales Orales Federales de Comodoro Py, donde se definir\u00e1 si Fern\u00e1ndez se sienta en el banquillo para responder por los cargos.<\/p>\n","protected":false},"excerpt":{"rendered":"<p>La investigaci\u00f3n judicial que involucra al expresidente Alberto Fern\u00e1ndez por presuntos hechos de violencia de g\u00e9nero contra su expareja y ex primera dama, Fabiola Ya\u00f1ez, [&hellip;]<\/p>\n","protected":false},"author":1,"featured_media":9790,"comment_status":"open","ping_status":"open","sticky":false,"template":"","format":"standard","meta":{"footnotes":""},"categories":[235],"tags":[],"class_list":["post-17101","post","type-post","status-publish","format-standard","has-post-thumbnail","hentry","category-judiciales"],"better_featured_image":{"id":9790,"alt_text":"","caption":"","description":"","media_type":"image","media_details":{"width":720,"height":540,"file":"2024\/11\/alberto-fernandez-e1732578031578.jpg","filesize":80988,"sizes":{"medium":{"file":"alberto-fernandez-300x225.jpg","width":300,"height":225,"mime-type":"image\/jpeg","filesize":10756,"source_url":"https:\/\/nuevodigitaldeescobar.com.ar\/wp-content\/uploads\/2024\/11\/alberto-fernandez-300x225.jpg"},"thumbnail":{"file":"alberto-fernandez-150x150.jpg","width":150,"height":150,"mime-type":"image\/jpeg","filesize":5003,"source_url":"https:\/\/nuevodigitaldeescobar.com.ar\/wp-content\/uploads\/2024\/11\/alberto-fernandez-150x150.jpg"},"medium_large":{"file":"alberto-fernandez-768x576.jpg","width":768,"height":576,"mime-type":"image\/jpeg","filesize":41351,"source_url":"https:\/\/nuevodigitaldeescobar.com.ar\/wp-content\/uploads\/2024\/11\/alberto-fernandez-768x576.jpg"}},"image_meta":{"aperture":"0","credit":"","camera":"","caption":"","created_timestamp":"0","copyright":"","focal_length":"0","iso":"0","shutter_speed":"0","title":"","orientation":"0","keywords":[]}},"post":null,"source_url":"https:\/\/nuevodigitaldeescobar.com.ar\/wp-content\/uploads\/2024\/11\/alberto-fernandez-e1732578031578.jpg"},"yoast_head":"<!-- This site is optimized with the Yoast SEO plugin v26.1.1 - https:\/\/yoast.com\/wordpress\/plugins\/seo\/ -->\n<title>Avanza la causa contra Alberto Fern\u00e1ndez: la fiscal\u00eda pedir\u00e1 enviarlo a juicio oral por violencia de g\u00e9nero contra Fabiola Ya\u00f1ez - Nuevo Digital de Escobar<\/title>\n<meta name=\"robots\" content=\"index, follow, max-snippet:-1, max-image-preview:large, max-video-preview:-1\" \/>\n<link rel=\"canonical\" href=\"https:\/\/nuevodigitaldeescobar.com.ar\/?p=17101\" \/>\n<meta property=\"og:locale\" content=\"es_ES\" \/>\n<meta property=\"og:type\" content=\"article\" \/>\n<meta property=\"og:title\" content=\"Avanza la causa contra Alberto Fern\u00e1ndez: la fiscal\u00eda pedir\u00e1 enviarlo a juicio oral por violencia de g\u00e9nero contra Fabiola Ya\u00f1ez - Nuevo Digital de Escobar\" \/>\n<meta property=\"og:description\" content=\"La investigaci\u00f3n judicial que involucra al expresidente Alberto Fern\u00e1ndez por presuntos hechos de violencia de g\u00e9nero contra su expareja y ex primera dama, Fabiola Ya\u00f1ez, [&hellip;]\" \/>\n<meta property=\"og:url\" content=\"https:\/\/nuevodigitaldeescobar.com.ar\/?p=17101\" \/>\n<meta property=\"og:site_name\" content=\"Nuevo Digital de Escobar\" \/>\n<meta property=\"article:publisher\" content=\"https:\/\/www.facebook.com\/NUEVODigitalDeEscobar\" \/>\n<meta property=\"article:published_time\" content=\"2025-08-10T17:21:39+00:00\" \/>\n<meta property=\"article:modified_time\" content=\"2025-08-10T17:21:51+00:00\" \/>\n<meta property=\"og:image\" content=\"http:\/\/nuevodigitaldeescobar.com.ar\/wp-content\/uploads\/2024\/11\/alberto-fernandez-e1732578031578.jpg\" \/>\n\t<meta property=\"og:image:width\" content=\"720\" \/>\n\t<meta property=\"og:image:height\" content=\"540\" \/>\n\t<meta property=\"og:image:type\" content=\"image\/jpeg\" \/>\n<meta name=\"author\" content=\"Redacci\u00f3n\" \/>\n<meta name=\"twitter:card\" content=\"summary_large_image\" \/>\n<meta name=\"twitter:creator\" content=\"@nuevodigescobar\" \/>\n<meta name=\"twitter:site\" content=\"@nuevodigescobar\" \/>\n<meta name=\"twitter:label1\" content=\"Escrito por\" \/>\n\t<meta name=\"twitter:data1\" content=\"Redacci\u00f3n\" \/>\n\t<meta name=\"twitter:label2\" content=\"Tiempo de lectura\" \/>\n\t<meta name=\"twitter:data2\" content=\"2 minutos\" \/>\n<script type=\"application\/ld+json\" class=\"yoast-schema-graph\">{\"@context\":\"https:\/\/schema.org\",\"@graph\":[{\"@type\":\"Article\",\"@id\":\"https:\/\/nuevodigitaldeescobar.com.ar\/?p=17101#article\",\"isPartOf\":{\"@id\":\"https:\/\/nuevodigitaldeescobar.com.ar\/?p=17101\"},\"author\":{\"name\":\"Redacci\u00f3n\",\"@id\":\"https:\/\/nuevodigitaldeescobar.com.ar\/#\/schema\/person\/035e90a8efe9a80e6eec22656ad6ea4c\"},\"headline\":\"Avanza la causa contra Alberto Fern\u00e1ndez: la fiscal\u00eda pedir\u00e1 enviarlo a juicio oral por violencia de g\u00e9nero contra Fabiola Ya\u00f1ez\",\"datePublished\":\"2025-08-10T17:21:39+00:00\",\"dateModified\":\"2025-08-10T17:21:51+00:00\",\"mainEntityOfPage\":{\"@id\":\"https:\/\/nuevodigitaldeescobar.com.ar\/?p=17101\"},\"wordCount\":442,\"commentCount\":0,\"publisher\":{\"@id\":\"https:\/\/nuevodigitaldeescobar.com.ar\/#organization\"},\"image\":{\"@id\":\"https:\/\/nuevodigitaldeescobar.com.ar\/?p=17101#primaryimage\"},\"thumbnailUrl\":\"https:\/\/nuevodigitaldeescobar.com.ar\/wp-content\/uploads\/2024\/11\/alberto-fernandez-e1732578031578.jpg\",\"articleSection\":[\"Judiciales\"],\"inLanguage\":\"es\",\"potentialAction\":[{\"@type\":\"CommentAction\",\"name\":\"Comment\",\"target\":[\"https:\/\/nuevodigitaldeescobar.com.ar\/?p=17101#respond\"]}]},{\"@type\":\"WebPage\",\"@id\":\"https:\/\/nuevodigitaldeescobar.com.ar\/?p=17101\",\"url\":\"https:\/\/nuevodigitaldeescobar.com.ar\/?p=17101\",\"name\":\"Avanza la causa contra Alberto Fern\u00e1ndez: la fiscal\u00eda pedir\u00e1 enviarlo a juicio oral por violencia de g\u00e9nero contra Fabiola Ya\u00f1ez - Nuevo Digital de Escobar\",\"isPartOf\":{\"@id\":\"https:\/\/nuevodigitaldeescobar.com.ar\/#website\"},\"primaryImageOfPage\":{\"@id\":\"https:\/\/nuevodigitaldeescobar.com.ar\/?p=17101#primaryimage\"},\"image\":{\"@id\":\"https:\/\/nuevodigitaldeescobar.com.ar\/?p=17101#primaryimage\"},\"thumbnailUrl\":\"https:\/\/nuevodigitaldeescobar.com.ar\/wp-content\/uploads\/2024\/11\/alberto-fernandez-e1732578031578.jpg\",\"datePublished\":\"2025-08-10T17:21:39+00:00\",\"dateModified\":\"2025-08-10T17:21:51+00:00\",\"breadcrumb\":{\"@id\":\"https:\/\/nuevodigitaldeescobar.com.ar\/?p=17101#breadcrumb\"},\"inLanguage\":\"es\",\"potentialAction\":[{\"@type\":\"ReadAction\",\"target\":[\"https:\/\/nuevodigitaldeescobar.com.ar\/?p=17101\"]}]},{\"@type\":\"ImageObject\",\"inLanguage\":\"es\",\"@id\":\"https:\/\/nuevodigitaldeescobar.com.ar\/?p=17101#primaryimage\",\"url\":\"https:\/\/nuevodigitaldeescobar.com.ar\/wp-content\/uploads\/2024\/11\/alberto-fernandez-e1732578031578.jpg\",\"contentUrl\":\"https:\/\/nuevodigitaldeescobar.com.ar\/wp-content\/uploads\/2024\/11\/alberto-fernandez-e1732578031578.jpg\",\"width\":720,\"height\":540},{\"@type\":\"BreadcrumbList\",\"@id\":\"https:\/\/nuevodigitaldeescobar.com.ar\/?p=17101#breadcrumb\",\"itemListElement\":[{\"@type\":\"ListItem\",\"position\":1,\"name\":\"Portada\",\"item\":\"https:\/\/nuevodigitaldeescobar.com.ar\/\"},{\"@type\":\"ListItem\",\"position\":2,\"name\":\"Avanza la causa contra Alberto Fern\u00e1ndez: la fiscal\u00eda pedir\u00e1 enviarlo a juicio oral por violencia de g\u00e9nero contra Fabiola Ya\u00f1ez\"}]},{\"@type\":\"WebSite\",\"@id\":\"https:\/\/nuevodigitaldeescobar.com.ar\/#website\",\"url\":\"https:\/\/nuevodigitaldeescobar.com.ar\/\",\"name\":\"Nuevo Digital de Escobar\",\"description\":\"La vida escobarense. Directora: Rosana Brunner\",\"publisher\":{\"@id\":\"https:\/\/nuevodigitaldeescobar.com.ar\/#organization\"},\"potentialAction\":[{\"@type\":\"SearchAction\",\"target\":{\"@type\":\"EntryPoint\",\"urlTemplate\":\"https:\/\/nuevodigitaldeescobar.com.ar\/?s={search_term_string}\"},\"query-input\":{\"@type\":\"PropertyValueSpecification\",\"valueRequired\":true,\"valueName\":\"search_term_string\"}}],\"inLanguage\":\"es\"},{\"@type\":\"Organization\",\"@id\":\"https:\/\/nuevodigitaldeescobar.com.ar\/#organization\",\"name\":\"Nuevo Digital de Escobar\",\"url\":\"https:\/\/nuevodigitaldeescobar.com.ar\/\",\"logo\":{\"@type\":\"ImageObject\",\"inLanguage\":\"es\",\"@id\":\"https:\/\/nuevodigitaldeescobar.com.ar\/#\/schema\/logo\/image\/\",\"url\":\"https:\/\/nuevodigitaldeescobar.com.ar\/wp-content\/uploads\/2025\/05\/cropped-logo-nuevo2.jpg\",\"contentUrl\":\"https:\/\/nuevodigitaldeescobar.com.ar\/wp-content\/uploads\/2025\/05\/cropped-logo-nuevo2.jpg\",\"width\":305,\"height\":305,\"caption\":\"Nuevo Digital de Escobar\"},\"image\":{\"@id\":\"https:\/\/nuevodigitaldeescobar.com.ar\/#\/schema\/logo\/image\/\"},\"sameAs\":[\"https:\/\/www.facebook.com\/NUEVODigitalDeEscobar\",\"https:\/\/x.com\/nuevodigescobar\",\"https:\/\/www.instagram.com\/nuevodigitaldeescobar\"]},{\"@type\":\"Person\",\"@id\":\"https:\/\/nuevodigitaldeescobar.com.ar\/#\/schema\/person\/035e90a8efe9a80e6eec22656ad6ea4c\",\"name\":\"Redacci\u00f3n\",\"image\":{\"@type\":\"ImageObject\",\"inLanguage\":\"es\",\"@id\":\"https:\/\/nuevodigitaldeescobar.com.ar\/#\/schema\/person\/image\/\",\"url\":\"https:\/\/secure.gravatar.com\/avatar\/8af8f40000c24e9eef3034f2be5998a372bb1389e64b1a4a36b3a7979142220d?s=96&d=mm&r=g\",\"contentUrl\":\"https:\/\/secure.gravatar.com\/avatar\/8af8f40000c24e9eef3034f2be5998a372bb1389e64b1a4a36b3a7979142220d?s=96&d=mm&r=g\",\"caption\":\"Redacci\u00f3n\"},\"sameAs\":[\"http:\/\/nuevodigitaldeescobar.com.ar\"],\"url\":\"https:\/\/nuevodigitaldeescobar.com.ar\/?author=1\"}]}<\/script>\n<!-- \/ Yoast SEO plugin. -->","yoast_head_json":{"title":"Avanza la causa contra Alberto Fern\u00e1ndez: la fiscal\u00eda pedir\u00e1 enviarlo a juicio oral por violencia de g\u00e9nero contra Fabiola Ya\u00f1ez - Nuevo Digital de Escobar","robots":{"index":"index","follow":"follow","max-snippet":"max-snippet:-1","max-image-preview":"max-image-preview:large","max-video-preview":"max-video-preview:-1"},"canonical":"https:\/\/nuevodigitaldeescobar.com.ar\/?p=17101","og_locale":"es_ES","og_type":"article","og_title":"Avanza la causa contra Alberto Fern\u00e1ndez: la fiscal\u00eda pedir\u00e1 enviarlo a juicio oral por violencia de g\u00e9nero contra Fabiola Ya\u00f1ez - Nuevo Digital de Escobar","og_description":"La investigaci\u00f3n judicial que involucra al expresidente Alberto Fern\u00e1ndez por presuntos hechos de violencia de g\u00e9nero contra su expareja y ex primera dama, Fabiola Ya\u00f1ez, [&hellip;]","og_url":"https:\/\/nuevodigitaldeescobar.com.ar\/?p=17101","og_site_name":"Nuevo Digital de Escobar","article_publisher":"https:\/\/www.facebook.com\/NUEVODigitalDeEscobar","article_published_time":"2025-08-10T17:21:39+00:00","article_modified_time":"2025-08-10T17:21:51+00:00","og_image":[{"width":720,"height":540,"url":"http:\/\/nuevodigitaldeescobar.com.ar\/wp-content\/uploads\/2024\/11\/alberto-fernandez-e1732578031578.jpg","type":"image\/jpeg"}],"author":"Redacci\u00f3n","twitter_card":"summary_large_image","twitter_creator":"@nuevodigescobar","twitter_site":"@nuevodigescobar","twitter_misc":{"Escrito por":"Redacci\u00f3n","Tiempo de lectura":"2 minutos"},"schema":{"@context":"https:\/\/schema.org","@graph":[{"@type":"Article","@id":"https:\/\/nuevodigitaldeescobar.com.ar\/?p=17101#article","isPartOf":{"@id":"https:\/\/nuevodigitaldeescobar.com.ar\/?p=17101"},"author":{"name":"Redacci\u00f3n","@id":"https:\/\/nuevodigitaldeescobar.com.ar\/#\/schema\/person\/035e90a8efe9a80e6eec22656ad6ea4c"},"headline":"Avanza la causa contra Alberto Fern\u00e1ndez: la fiscal\u00eda pedir\u00e1 enviarlo a juicio oral por violencia de g\u00e9nero contra Fabiola Ya\u00f1ez","datePublished":"2025-08-10T17:21:39+00:00","dateModified":"2025-08-10T17:21:51+00:00","mainEntityOfPage":{"@id":"https:\/\/nuevodigitaldeescobar.com.ar\/?p=17101"},"wordCount":442,"commentCount":0,"publisher":{"@id":"https:\/\/nuevodigitaldeescobar.com.ar\/#organization"},"image":{"@id":"https:\/\/nuevodigitaldeescobar.com.ar\/?p=17101#primaryimage"},"thumbnailUrl":"https:\/\/nuevodigitaldeescobar.com.ar\/wp-content\/uploads\/2024\/11\/alberto-fernandez-e1732578031578.jpg","articleSection":["Judiciales"],"inLanguage":"es","potentialAction":[{"@type":"CommentAction","name":"Comment","target":["https:\/\/nuevodigitaldeescobar.com.ar\/?p=17101#respond"]}]},{"@type":"WebPage","@id":"https:\/\/nuevodigitaldeescobar.com.ar\/?p=17101","url":"https:\/\/nuevodigitaldeescobar.com.ar\/?p=17101","name":"Avanza la causa contra Alberto Fern\u00e1ndez: la fiscal\u00eda pedir\u00e1 enviarlo a juicio oral por violencia de g\u00e9nero contra Fabiola Ya\u00f1ez - Nuevo Digital de Escobar","isPartOf":{"@id":"https:\/\/nuevodigitaldeescobar.com.ar\/#website"},"primaryImageOfPage":{"@id":"https:\/\/nuevodigitaldeescobar.com.ar\/?p=17101#primaryimage"},"image":{"@id":"https:\/\/nuevodigitaldeescobar.com.ar\/?p=17101#primaryimage"},"thumbnailUrl":"https:\/\/nuevodigitaldeescobar.com.ar\/wp-content\/uploads\/2024\/11\/alberto-fernandez-e1732578031578.jpg","datePublished":"2025-08-10T17:21:39+00:00","dateModified":"2025-08-10T17:21:51+00:00","breadcrumb":{"@id":"https:\/\/nuevodigitaldeescobar.com.ar\/?p=17101#breadcrumb"},"inLanguage":"es","potentialAction":[{"@type":"ReadAction","target":["https:\/\/nuevodigitaldeescobar.com.ar\/?p=17101"]}]},{"@type":"ImageObject","inLanguage":"es","@id":"https:\/\/nuevodigitaldeescobar.com.ar\/?p=17101#primaryimage","url":"https:\/\/nuevodigitaldeescobar.com.ar\/wp-content\/uploads\/2024\/11\/alberto-fernandez-e1732578031578.jpg","contentUrl":"https:\/\/nuevodigitaldeescobar.com.ar\/wp-content\/uploads\/2024\/11\/alberto-fernandez-e1732578031578.jpg","width":720,"height":540},{"@type":"BreadcrumbList","@id":"https:\/\/nuevodigitaldeescobar.com.ar\/?p=17101#breadcrumb","itemListElement":[{"@type":"ListItem","position":1,"name":"Portada","item":"https:\/\/nuevodigitaldeescobar.com.ar\/"},{"@type":"ListItem","position":2,"name":"Avanza la causa contra Alberto Fern\u00e1ndez: la fiscal\u00eda pedir\u00e1 enviarlo a juicio oral por violencia de g\u00e9nero contra Fabiola Ya\u00f1ez"}]},{"@type":"WebSite","@id":"https:\/\/nuevodigitaldeescobar.com.ar\/#website","url":"https:\/\/nuevodigitaldeescobar.com.ar\/","name":"Nuevo Digital de Escobar","description":"La vida escobarense. Directora: Rosana Brunner","publisher":{"@id":"https:\/\/nuevodigitaldeescobar.com.ar\/#organization"},"potentialAction":[{"@type":"SearchAction","target":{"@type":"EntryPoint","urlTemplate":"https:\/\/nuevodigitaldeescobar.com.ar\/?s={search_term_string}"},"query-input":{"@type":"PropertyValueSpecification","valueRequired":true,"valueName":"search_term_string"}}],"inLanguage":"es"},{"@type":"Organization","@id":"https:\/\/nuevodigitaldeescobar.com.ar\/#organization","name":"Nuevo Digital de Escobar","url":"https:\/\/nuevodigitaldeescobar.com.ar\/","logo":{"@type":"ImageObject","inLanguage":"es","@id":"https:\/\/nuevodigitaldeescobar.com.ar\/#\/schema\/logo\/image\/","url":"https:\/\/nuevodigitaldeescobar.com.ar\/wp-content\/uploads\/2025\/05\/cropped-logo-nuevo2.jpg","contentUrl":"https:\/\/nuevodigitaldeescobar.com.ar\/wp-content\/uploads\/2025\/05\/cropped-logo-nuevo2.jpg","width":305,"height":305,"caption":"Nuevo Digital de Escobar"},"image":{"@id":"https:\/\/nuevodigitaldeescobar.com.ar\/#\/schema\/logo\/image\/"},"sameAs":["https:\/\/www.facebook.com\/NUEVODigitalDeEscobar","https:\/\/x.com\/nuevodigescobar","https:\/\/www.instagram.com\/nuevodigitaldeescobar"]},{"@type":"Person","@id":"https:\/\/nuevodigitaldeescobar.com.ar\/#\/schema\/person\/035e90a8efe9a80e6eec22656ad6ea4c","name":"Redacci\u00f3n","image":{"@type":"ImageObject","inLanguage":"es","@id":"https:\/\/nuevodigitaldeescobar.com.ar\/#\/schema\/person\/image\/","url":"https:\/\/secure.gravatar.com\/avatar\/8af8f40000c24e9eef3034f2be5998a372bb1389e64b1a4a36b3a7979142220d?s=96&d=mm&r=g","contentUrl":"https:\/\/secure.gravatar.com\/avatar\/8af8f40000c24e9eef3034f2be5998a372bb1389e64b1a4a36b3a7979142220d?s=96&d=mm&r=g","caption":"Redacci\u00f3n"},"sameAs":["http:\/\/nuevodigitaldeescobar.com.ar"],"url":"https:\/\/nuevodigitaldeescobar.com.ar\/?author=1"}]}},"featured_image_urls":{"full":["https:\/\/nuevodigitaldeescobar.com.ar\/wp-content\/uploads\/2024\/11\/alberto-fernandez-e1732578031578.jpg",720,540,false],"thumbnail":["https:\/\/nuevodigitaldeescobar.com.ar\/wp-content\/uploads\/2024\/11\/alberto-fernandez-150x150.jpg",150,150,true],"medium":["https:\/\/nuevodigitaldeescobar.com.ar\/wp-content\/uploads\/2024\/11\/alberto-fernandez-300x225.jpg",300,225,true],"medium_large":["https:\/\/nuevodigitaldeescobar.com.ar\/wp-content\/uploads\/2024\/11\/alberto-fernandez-768x576.jpg",640,480,true],"large":["https:\/\/nuevodigitaldeescobar.com.ar\/wp-content\/uploads\/2024\/11\/alberto-fernandez-e1732578031578.jpg",640,480,false],"1536x1536":["https:\/\/nuevodigitaldeescobar.com.ar\/wp-content\/uploads\/2024\/11\/alberto-fernandez-e1732578031578.jpg",720,540,false],"2048x2048":["https:\/\/nuevodigitaldeescobar.com.ar\/wp-content\/uploads\/2024\/11\/alberto-fernandez-e1732578031578.jpg",720,540,false]},"author_info":{"display_name":"Redacci\u00f3n","author_link":"https:\/\/nuevodigitaldeescobar.com.ar\/?author=1"},"category_info":"<a href=\"https:\/\/nuevodigitaldeescobar.com.ar\/?cat=235\" rel=\"category\">Judiciales<\/a>","tag_info":"Judiciales","comment_count":"0","_links":{"self":[{"href":"https:\/\/nuevodigitaldeescobar.com.ar\/index.php?rest_route=\/wp\/v2\/posts\/17101","targetHints":{"allow":["GET"]}}],"collection":[{"href":"https:\/\/nuevodigitaldeescobar.com.ar\/index.php?rest_route=\/wp\/v2\/posts"}],"about":[{"href":"https:\/\/nuevodigitaldeescobar.com.ar\/index.php?rest_route=\/wp\/v2\/types\/post"}],"author":[{"embeddable":true,"href":"https:\/\/nuevodigitaldeescobar.com.ar\/index.php?rest_route=\/wp\/v2\/users\/1"}],"replies":[{"embeddable":true,"href":"https:\/\/nuevodigitaldeescobar.com.ar\/index.php?rest_route=%2Fwp%2Fv2%2Fcomments&post=17101"}],"version-history":[{"count":1,"href":"https:\/\/nuevodigitaldeescobar.com.ar\/index.php?rest_route=\/wp\/v2\/posts\/17101\/revisions"}],"predecessor-version":[{"id":17103,"href":"https:\/\/nuevodigitaldeescobar.com.ar\/index.php?rest_route=\/wp\/v2\/posts\/17101\/revisions\/17103"}],"wp:featuredmedia":[{"embeddable":true,"href":"https:\/\/nuevodigitaldeescobar.com.ar\/index.php?rest_route=\/wp\/v2\/media\/9790"}],"wp:attachment":[{"href":"https:\/\/nuevodigitaldeescobar.com.ar\/index.php?rest_route=%2Fwp%2Fv2%2Fmedia&parent=17101"}],"wp:term":[{"taxonomy":"category","embeddable":true,"href":"https:\/\/nuevodigitaldeescobar.com.ar\/index.php?rest_route=%2Fwp%2Fv2%2Fcategories&post=17101"},{"taxonomy":"post_tag","embeddable":true,"href":"https:\/\/nuevodigitaldeescobar.com.ar\/index.php?rest_route=%2Fwp%2Fv2%2Ftags&post=17101"}],"curies":[{"name":"wp","href":"https:\/\/api.w.org\/{rel}","templated":true}]}}