{"id":1711,"date":"2023-12-09T12:59:52","date_gmt":"2023-12-09T15:59:52","guid":{"rendered":"https:\/\/nuevodigitaldeescobar.com.ar\/?p=1711"},"modified":"2023-12-09T13:00:04","modified_gmt":"2023-12-09T16:00:04","slug":"de-la-inflacion-a-la-deuda-externa-10-desafios-que-enfrentara-javier-milei-en-su-mandato","status":"publish","type":"post","link":"https:\/\/nuevodigitaldeescobar.com.ar\/?p=1711","title":{"rendered":"De la inflaci\u00f3n a la deuda externa, 10 desaf\u00edos que enfrentar\u00e1 Javier Milei en su mandato"},"content":{"rendered":"<p><span style=\"color: #003366;\"><strong><em>El libertario asume este domingo en medio de una crisis econ\u00f3mica, inestabilidad monetaria y una inflaci\u00f3n desmedida. Un repaso por las pruebas cruciales que tendr\u00e1 en los \u00e1mbitos econ\u00f3mico, social, judicial y de pol\u00edtica exterior.<\/em><\/strong><\/span><\/p>\n<p><!--more--><\/p>\n<hr \/>\n<p>Este 10 de diciembre, exactamente 40 a\u00f1os despu\u00e9s de un hito crucial en la historia argentina, se llevar\u00e1 a cabo la asunci\u00f3n de Javier Milei como presidente. En un contexto nacional e internacional complejo, el presidente electo enfrentar\u00e1 desaf\u00edos multifac\u00e9ticos que exigir\u00e1n soluciones innovadoras y efectivas.<\/p>\n<p>Milei recibe de Alberto Fern\u00e1ndez un pa\u00eds con una inflaci\u00f3n interanual 143%, aumentos generalizados de precios, reservas en negativo, la necesidad de renegociar la deuda con el FMI y con un frente judicial abierto a nivel internacional por el caso YPF.<\/p>\n<h3><span style=\"color: #003366;\"><strong>Los 10 desaf\u00edos del mandato de Javier Milei<\/strong><\/span><\/h3>\n<p>Su gesti\u00f3n, que promete marcar un punto de inflexi\u00f3n en la pol\u00edtica argentina, se enfrentar\u00e1 a una serie de pruebas cruciales en los \u00e1mbitos econ\u00f3mico, social, judicial y de pol\u00edtica exterior. A continuaci\u00f3n, exploramos los 10 desaf\u00edos principales que definir\u00e1n su mandato y, por extensi\u00f3n, el futuro del pa\u00eds.<\/p>\n<ol>\n<li><span style=\"color: #003366;\"><strong>Inflaci\u00f3n y estabilizaci\u00f3n monetaria.<\/strong> <\/span>Con la Argentina atrapada en una inflaci\u00f3n galopante, la presidencia de Milei deber\u00e1 implementar medidas monetarias estrictas. La colaboraci\u00f3n con el Banco Central para estabilizar la moneda ser\u00e1 un paso cr\u00edtico hacia la recuperaci\u00f3n econ\u00f3mica.<\/li>\n<li><span style=\"color: #003366;\"><strong>Crecimiento econ\u00f3mico y empleo.<\/strong> <\/span>Enfrentando un alto desempleo, las pol\u00edticas de Milei deber\u00e1n centrarse en la liberalizaci\u00f3n econ\u00f3mica. La reducci\u00f3n de la burocracia y la promoci\u00f3n de la inversi\u00f3n extranjera ser\u00e1n clave para revitalizar el mercado laboral.<\/li>\n<li><span style=\"color: #003366;\"><strong>Deuda externa y relaciones con Organismos Internacionales.<\/strong> <\/span>La renegociaci\u00f3n de la deuda externa y la gesti\u00f3n de relaciones con entidades como el FMI ser\u00e1n cruciales para mantener la estabilidad econ\u00f3mica sin comprometer el crecimiento.<\/li>\n<li><span style=\"color: #003366;\"><strong>Pobreza y desigualdad.<\/strong> <\/span>La administraci\u00f3n Milei enfrenta el reto de implementar programas efectivos para combatir la pobreza y la desigualdad. Esto requerir\u00e1 una combinaci\u00f3n de asistencia directa y estrategias de desarrollo comunitario.<\/li>\n<li><span style=\"color: #003366;\"><strong>Educaci\u00f3n y capacitaci\u00f3n laboral.<\/strong> <\/span>Mejorar la calidad educativa y su relevancia para el mercado laboral ser\u00e1 esencial. La formaci\u00f3n t\u00e9cnica y profesional aparece como una soluci\u00f3n prometedora.<\/li>\n<li><span style=\"color: #003366;\"><strong>Salud p\u00fablica.<\/strong><\/span> La inversi\u00f3n en el sistema de salud, especialmente en el contexto pospandemia, ser\u00e1 una prioridad, asegurando el acceso a servicios de calidad en todo el pa\u00eds. Finalmente, el presidente electo defini\u00f3 este viernes que el \u00e1rea siga siendo un Ministerio, que estar\u00e1 a cargo de Miguel Russo.<\/li>\n<li><span style=\"color: #003366;\"><strong>Relaciones bilaterales y comercio internacional.<\/strong> <\/span>El fortalecimiento de las relaciones bilaterales y la exploraci\u00f3n de nuevos acuerdos comerciales ser\u00e1n fundamentales para potenciar la econom\u00eda argentina en el escenario mundial.<\/li>\n<li><span style=\"color: #003366;\"><strong>Reforma judicial y transparencia.<\/strong> <\/span>La reforma del sistema judicial, enfocada en la independencia y la eficiencia, ser\u00e1 vital para fortalecer la democracia y la confianza p\u00fablica en las instituciones.<\/li>\n<li><span style=\"color: #003366;\"><strong>Lucha contra la corrupci\u00f3n.<\/strong><\/span> La implementaci\u00f3n de medidas rigurosas contra la corrupci\u00f3n y la promoci\u00f3n de la transparencia en la administraci\u00f3n p\u00fablica ser\u00e1n indispensables para una gobernanza efectiva.<\/li>\n<li><span style=\"color: #003366;\"><strong>Seguridad y pol\u00edticas de prevenci\u00f3n del crimen.<\/strong><\/span> El desarrollo de pol\u00edticas de seguridad integral que combinen prevenci\u00f3n y acci\u00f3n ser\u00e1 clave para mejorar la seguridad ciudadana.<\/li>\n<\/ol>\n<p>Otra de las definiciones clave sobre el Gabinete se confirm\u00f3 el viernes, a horas de la asunci\u00f3n presidencial. Las secretar\u00edas de Energ\u00eda y de Miner\u00eda quedar\u00e1n bajo la \u00f3rbita del Ministerio de Econom\u00eda. Eso significa que Caputo manejar\u00e1 un tema sensible: la quita de subsidios y la suba de las tarifas de los servicios de luz, gas y agua y su consecuente impacto en la inflaci\u00f3n.<\/p>\n<p>El Gobierno posterg\u00f3 cualquier aumento de tarifas energ\u00e9ticas y de transporte tras perder las PASO. De esta manera, la responsabilidad caer\u00e1 en Caputo, el hombre elegido por Milei para una de las carteras m\u00e1s importantes de su Gabinete.<\/p>\n<p>El traspaso de esas \u00e1reas al futuro Ministerio de Infraestructura, que conducir\u00e1 Guillermo Ferraro, quedar\u00eda para m\u00e1s adelante.<\/p>\n<p>La presidencia de Javier Milei se presenta como un punto de inflexi\u00f3n para la Argentina. Cada uno de estos desaf\u00edos no solo pone a prueba la habilidad de Milei para navegar en aguas turbulentas, sino que tambi\u00e9n ofrece oportunidades para un cambio significativo. Su capacidad para abordar estas cuestiones cr\u00edticas determinar\u00e1 en gran medida la trayectoria de Argentina en la pr\u00f3xima d\u00e9cada.<\/p>\n<p><em>(Gonzalo Aziz. TN)<\/em><\/p>\n","protected":false},"excerpt":{"rendered":"<p>El libertario asume este domingo en medio de una crisis econ\u00f3mica, inestabilidad monetaria y una inflaci\u00f3n desmedida. Un repaso por las pruebas cruciales que tendr\u00e1 [&hellip;]<\/p>\n","protected":false},"author":1,"featured_media":1712,"comment_status":"open","ping_status":"closed","sticky":false,"template":"","format":"standard","meta":{"footnotes":""},"categories":[48,6],"tags":[],"class_list":["post-1711","post","type-post","status-publish","format-standard","has-post-thumbnail","hentry","category-opinion","category-politica"],"better_featured_image":{"id":1712,"alt_text":"","caption":"","description":"","media_type":"image","media_details":{"width":767,"height":430,"file":"2023\/12\/javier-milei.jpg","filesize":63987,"sizes":{"medium":{"file":"javier-milei-300x168.jpg","width":300,"height":168,"mime-type":"image\/jpeg","filesize":11397,"source_url":"https:\/\/nuevodigitaldeescobar.com.ar\/wp-content\/uploads\/2023\/12\/javier-milei-300x168.jpg"},"thumbnail":{"file":"javier-milei-150x150.jpg","width":150,"height":150,"mime-type":"image\/jpeg","filesize":5510,"source_url":"https:\/\/nuevodigitaldeescobar.com.ar\/wp-content\/uploads\/2023\/12\/javier-milei-150x150.jpg"},"covernews-medium":{"file":"javier-milei-540x340.jpg","width":540,"height":340,"mime-type":"image\/jpeg","filesize":31096,"source_url":"https:\/\/nuevodigitaldeescobar.com.ar\/wp-content\/uploads\/2023\/12\/javier-milei-540x340.jpg"},"covernews-medium-square":{"file":"javier-milei-400x250.jpg","width":400,"height":250,"mime-type":"image\/jpeg","filesize":19099,"source_url":"https:\/\/nuevodigitaldeescobar.com.ar\/wp-content\/uploads\/2023\/12\/javier-milei-400x250.jpg"}},"image_meta":{"aperture":"0","credit":"","camera":"","caption":"","created_timestamp":"0","copyright":"","focal_length":"0","iso":"0","shutter_speed":"0","title":"","orientation":"0","keywords":[]}},"post":1711,"source_url":"https:\/\/nuevodigitaldeescobar.com.ar\/wp-content\/uploads\/2023\/12\/javier-milei.jpg"},"yoast_head":"<!-- This site is optimized with the Yoast SEO plugin v26.1.1 - https:\/\/yoast.com\/wordpress\/plugins\/seo\/ -->\n<title>De la inflaci\u00f3n a la deuda externa, 10 desaf\u00edos que enfrentar\u00e1 Javier Milei en su mandato - Nuevo Digital de Escobar<\/title>\n<meta name=\"robots\" content=\"index, follow, max-snippet:-1, max-image-preview:large, max-video-preview:-1\" \/>\n<link rel=\"canonical\" href=\"https:\/\/nuevodigitaldeescobar.com.ar\/?p=1711\" \/>\n<meta property=\"og:locale\" content=\"es_ES\" \/>\n<meta property=\"og:type\" content=\"article\" \/>\n<meta property=\"og:title\" content=\"De la inflaci\u00f3n a la deuda externa, 10 desaf\u00edos que enfrentar\u00e1 Javier Milei en su mandato - Nuevo Digital de Escobar\" \/>\n<meta property=\"og:description\" content=\"El libertario asume este domingo en medio de una crisis econ\u00f3mica, inestabilidad monetaria y una inflaci\u00f3n desmedida. Un repaso por las pruebas cruciales que tendr\u00e1 [&hellip;]\" \/>\n<meta property=\"og:url\" content=\"https:\/\/nuevodigitaldeescobar.com.ar\/?p=1711\" \/>\n<meta property=\"og:site_name\" content=\"Nuevo Digital de Escobar\" \/>\n<meta property=\"article:publisher\" content=\"https:\/\/www.facebook.com\/NUEVODigitalDeEscobar\" \/>\n<meta property=\"article:published_time\" content=\"2023-12-09T15:59:52+00:00\" \/>\n<meta property=\"article:modified_time\" content=\"2023-12-09T16:00:04+00:00\" \/>\n<meta property=\"og:image\" content=\"https:\/\/nuevodigitaldeescobar.com.ar\/wp-content\/uploads\/2023\/12\/javier-milei.jpg\" \/>\n\t<meta property=\"og:image:width\" content=\"767\" \/>\n\t<meta property=\"og:image:height\" content=\"430\" \/>\n\t<meta property=\"og:image:type\" content=\"image\/jpeg\" \/>\n<meta name=\"author\" content=\"Redacci\u00f3n\" \/>\n<meta name=\"twitter:card\" content=\"summary_large_image\" \/>\n<meta name=\"twitter:creator\" content=\"@nuevodigescobar\" \/>\n<meta name=\"twitter:site\" content=\"@nuevodigescobar\" \/>\n<meta name=\"twitter:label1\" content=\"Escrito por\" \/>\n\t<meta name=\"twitter:data1\" content=\"Redacci\u00f3n\" \/>\n\t<meta name=\"twitter:label2\" content=\"Tiempo de lectura\" \/>\n\t<meta name=\"twitter:data2\" content=\"4 minutos\" \/>\n<script type=\"application\/ld+json\" class=\"yoast-schema-graph\">{\"@context\":\"https:\/\/schema.org\",\"@graph\":[{\"@type\":\"Article\",\"@id\":\"https:\/\/nuevodigitaldeescobar.com.ar\/?p=1711#article\",\"isPartOf\":{\"@id\":\"https:\/\/nuevodigitaldeescobar.com.ar\/?p=1711\"},\"author\":{\"name\":\"Redacci\u00f3n\",\"@id\":\"https:\/\/nuevodigitaldeescobar.com.ar\/#\/schema\/person\/035e90a8efe9a80e6eec22656ad6ea4c\"},\"headline\":\"De la inflaci\u00f3n a la deuda externa, 10 desaf\u00edos que enfrentar\u00e1 Javier Milei en su mandato\",\"datePublished\":\"2023-12-09T15:59:52+00:00\",\"dateModified\":\"2023-12-09T16:00:04+00:00\",\"mainEntityOfPage\":{\"@id\":\"https:\/\/nuevodigitaldeescobar.com.ar\/?p=1711\"},\"wordCount\":795,\"commentCount\":0,\"publisher\":{\"@id\":\"https:\/\/nuevodigitaldeescobar.com.ar\/#organization\"},\"image\":{\"@id\":\"https:\/\/nuevodigitaldeescobar.com.ar\/?p=1711#primaryimage\"},\"thumbnailUrl\":\"https:\/\/nuevodigitaldeescobar.com.ar\/wp-content\/uploads\/2023\/12\/javier-milei.jpg\",\"articleSection\":[\"Opini\u00f3n\",\"Pol\u00edtica\"],\"inLanguage\":\"es\",\"potentialAction\":[{\"@type\":\"CommentAction\",\"name\":\"Comment\",\"target\":[\"https:\/\/nuevodigitaldeescobar.com.ar\/?p=1711#respond\"]}]},{\"@type\":\"WebPage\",\"@id\":\"https:\/\/nuevodigitaldeescobar.com.ar\/?p=1711\",\"url\":\"https:\/\/nuevodigitaldeescobar.com.ar\/?p=1711\",\"name\":\"De la inflaci\u00f3n a la deuda externa, 10 desaf\u00edos que enfrentar\u00e1 Javier Milei en su mandato - Nuevo Digital de Escobar\",\"isPartOf\":{\"@id\":\"https:\/\/nuevodigitaldeescobar.com.ar\/#website\"},\"primaryImageOfPage\":{\"@id\":\"https:\/\/nuevodigitaldeescobar.com.ar\/?p=1711#primaryimage\"},\"image\":{\"@id\":\"https:\/\/nuevodigitaldeescobar.com.ar\/?p=1711#primaryimage\"},\"thumbnailUrl\":\"https:\/\/nuevodigitaldeescobar.com.ar\/wp-content\/uploads\/2023\/12\/javier-milei.jpg\",\"datePublished\":\"2023-12-09T15:59:52+00:00\",\"dateModified\":\"2023-12-09T16:00:04+00:00\",\"breadcrumb\":{\"@id\":\"https:\/\/nuevodigitaldeescobar.com.ar\/?p=1711#breadcrumb\"},\"inLanguage\":\"es\",\"potentialAction\":[{\"@type\":\"ReadAction\",\"target\":[\"https:\/\/nuevodigitaldeescobar.com.ar\/?p=1711\"]}]},{\"@type\":\"ImageObject\",\"inLanguage\":\"es\",\"@id\":\"https:\/\/nuevodigitaldeescobar.com.ar\/?p=1711#primaryimage\",\"url\":\"https:\/\/nuevodigitaldeescobar.com.ar\/wp-content\/uploads\/2023\/12\/javier-milei.jpg\",\"contentUrl\":\"https:\/\/nuevodigitaldeescobar.com.ar\/wp-content\/uploads\/2023\/12\/javier-milei.jpg\",\"width\":767,\"height\":430},{\"@type\":\"BreadcrumbList\",\"@id\":\"https:\/\/nuevodigitaldeescobar.com.ar\/?p=1711#breadcrumb\",\"itemListElement\":[{\"@type\":\"ListItem\",\"position\":1,\"name\":\"Portada\",\"item\":\"https:\/\/nuevodigitaldeescobar.com.ar\/\"},{\"@type\":\"ListItem\",\"position\":2,\"name\":\"De la inflaci\u00f3n a la deuda externa, 10 desaf\u00edos que enfrentar\u00e1 Javier Milei en su mandato\"}]},{\"@type\":\"WebSite\",\"@id\":\"https:\/\/nuevodigitaldeescobar.com.ar\/#website\",\"url\":\"https:\/\/nuevodigitaldeescobar.com.ar\/\",\"name\":\"Nuevo Digital de Escobar\",\"description\":\"La vida escobarense. Directora: Rosana Brunner\",\"publisher\":{\"@id\":\"https:\/\/nuevodigitaldeescobar.com.ar\/#organization\"},\"potentialAction\":[{\"@type\":\"SearchAction\",\"target\":{\"@type\":\"EntryPoint\",\"urlTemplate\":\"https:\/\/nuevodigitaldeescobar.com.ar\/?s={search_term_string}\"},\"query-input\":{\"@type\":\"PropertyValueSpecification\",\"valueRequired\":true,\"valueName\":\"search_term_string\"}}],\"inLanguage\":\"es\"},{\"@type\":\"Organization\",\"@id\":\"https:\/\/nuevodigitaldeescobar.com.ar\/#organization\",\"name\":\"Nuevo Digital de Escobar\",\"url\":\"https:\/\/nuevodigitaldeescobar.com.ar\/\",\"logo\":{\"@type\":\"ImageObject\",\"inLanguage\":\"es\",\"@id\":\"https:\/\/nuevodigitaldeescobar.com.ar\/#\/schema\/logo\/image\/\",\"url\":\"https:\/\/nuevodigitaldeescobar.com.ar\/wp-content\/uploads\/2025\/05\/cropped-logo-nuevo2.jpg\",\"contentUrl\":\"https:\/\/nuevodigitaldeescobar.com.ar\/wp-content\/uploads\/2025\/05\/cropped-logo-nuevo2.jpg\",\"width\":305,\"height\":305,\"caption\":\"Nuevo Digital de Escobar\"},\"image\":{\"@id\":\"https:\/\/nuevodigitaldeescobar.com.ar\/#\/schema\/logo\/image\/\"},\"sameAs\":[\"https:\/\/www.facebook.com\/NUEVODigitalDeEscobar\",\"https:\/\/x.com\/nuevodigescobar\",\"https:\/\/www.instagram.com\/nuevodigitaldeescobar\"]},{\"@type\":\"Person\",\"@id\":\"https:\/\/nuevodigitaldeescobar.com.ar\/#\/schema\/person\/035e90a8efe9a80e6eec22656ad6ea4c\",\"name\":\"Redacci\u00f3n\",\"image\":{\"@type\":\"ImageObject\",\"inLanguage\":\"es\",\"@id\":\"https:\/\/nuevodigitaldeescobar.com.ar\/#\/schema\/person\/image\/\",\"url\":\"https:\/\/secure.gravatar.com\/avatar\/8af8f40000c24e9eef3034f2be5998a372bb1389e64b1a4a36b3a7979142220d?s=96&d=mm&r=g\",\"contentUrl\":\"https:\/\/secure.gravatar.com\/avatar\/8af8f40000c24e9eef3034f2be5998a372bb1389e64b1a4a36b3a7979142220d?s=96&d=mm&r=g\",\"caption\":\"Redacci\u00f3n\"},\"sameAs\":[\"http:\/\/nuevodigitaldeescobar.com.ar\"],\"url\":\"https:\/\/nuevodigitaldeescobar.com.ar\/?author=1\"}]}<\/script>\n<!-- \/ Yoast SEO plugin. -->","yoast_head_json":{"title":"De la inflaci\u00f3n a la deuda externa, 10 desaf\u00edos que enfrentar\u00e1 Javier Milei en su mandato - Nuevo Digital de Escobar","robots":{"index":"index","follow":"follow","max-snippet":"max-snippet:-1","max-image-preview":"max-image-preview:large","max-video-preview":"max-video-preview:-1"},"canonical":"https:\/\/nuevodigitaldeescobar.com.ar\/?p=1711","og_locale":"es_ES","og_type":"article","og_title":"De la inflaci\u00f3n a la deuda externa, 10 desaf\u00edos que enfrentar\u00e1 Javier Milei en su mandato - Nuevo Digital de Escobar","og_description":"El libertario asume este domingo en medio de una crisis econ\u00f3mica, inestabilidad monetaria y una inflaci\u00f3n desmedida. Un repaso por las pruebas cruciales que tendr\u00e1 [&hellip;]","og_url":"https:\/\/nuevodigitaldeescobar.com.ar\/?p=1711","og_site_name":"Nuevo Digital de Escobar","article_publisher":"https:\/\/www.facebook.com\/NUEVODigitalDeEscobar","article_published_time":"2023-12-09T15:59:52+00:00","article_modified_time":"2023-12-09T16:00:04+00:00","og_image":[{"width":767,"height":430,"url":"https:\/\/nuevodigitaldeescobar.com.ar\/wp-content\/uploads\/2023\/12\/javier-milei.jpg","type":"image\/jpeg"}],"author":"Redacci\u00f3n","twitter_card":"summary_large_image","twitter_creator":"@nuevodigescobar","twitter_site":"@nuevodigescobar","twitter_misc":{"Escrito por":"Redacci\u00f3n","Tiempo de lectura":"4 minutos"},"schema":{"@context":"https:\/\/schema.org","@graph":[{"@type":"Article","@id":"https:\/\/nuevodigitaldeescobar.com.ar\/?p=1711#article","isPartOf":{"@id":"https:\/\/nuevodigitaldeescobar.com.ar\/?p=1711"},"author":{"name":"Redacci\u00f3n","@id":"https:\/\/nuevodigitaldeescobar.com.ar\/#\/schema\/person\/035e90a8efe9a80e6eec22656ad6ea4c"},"headline":"De la inflaci\u00f3n a la deuda externa, 10 desaf\u00edos que enfrentar\u00e1 Javier Milei en su mandato","datePublished":"2023-12-09T15:59:52+00:00","dateModified":"2023-12-09T16:00:04+00:00","mainEntityOfPage":{"@id":"https:\/\/nuevodigitaldeescobar.com.ar\/?p=1711"},"wordCount":795,"commentCount":0,"publisher":{"@id":"https:\/\/nuevodigitaldeescobar.com.ar\/#organization"},"image":{"@id":"https:\/\/nuevodigitaldeescobar.com.ar\/?p=1711#primaryimage"},"thumbnailUrl":"https:\/\/nuevodigitaldeescobar.com.ar\/wp-content\/uploads\/2023\/12\/javier-milei.jpg","articleSection":["Opini\u00f3n","Pol\u00edtica"],"inLanguage":"es","potentialAction":[{"@type":"CommentAction","name":"Comment","target":["https:\/\/nuevodigitaldeescobar.com.ar\/?p=1711#respond"]}]},{"@type":"WebPage","@id":"https:\/\/nuevodigitaldeescobar.com.ar\/?p=1711","url":"https:\/\/nuevodigitaldeescobar.com.ar\/?p=1711","name":"De la inflaci\u00f3n a la deuda externa, 10 desaf\u00edos que enfrentar\u00e1 Javier Milei en su mandato - Nuevo Digital de Escobar","isPartOf":{"@id":"https:\/\/nuevodigitaldeescobar.com.ar\/#website"},"primaryImageOfPage":{"@id":"https:\/\/nuevodigitaldeescobar.com.ar\/?p=1711#primaryimage"},"image":{"@id":"https:\/\/nuevodigitaldeescobar.com.ar\/?p=1711#primaryimage"},"thumbnailUrl":"https:\/\/nuevodigitaldeescobar.com.ar\/wp-content\/uploads\/2023\/12\/javier-milei.jpg","datePublished":"2023-12-09T15:59:52+00:00","dateModified":"2023-12-09T16:00:04+00:00","breadcrumb":{"@id":"https:\/\/nuevodigitaldeescobar.com.ar\/?p=1711#breadcrumb"},"inLanguage":"es","potentialAction":[{"@type":"ReadAction","target":["https:\/\/nuevodigitaldeescobar.com.ar\/?p=1711"]}]},{"@type":"ImageObject","inLanguage":"es","@id":"https:\/\/nuevodigitaldeescobar.com.ar\/?p=1711#primaryimage","url":"https:\/\/nuevodigitaldeescobar.com.ar\/wp-content\/uploads\/2023\/12\/javier-milei.jpg","contentUrl":"https:\/\/nuevodigitaldeescobar.com.ar\/wp-content\/uploads\/2023\/12\/javier-milei.jpg","width":767,"height":430},{"@type":"BreadcrumbList","@id":"https:\/\/nuevodigitaldeescobar.com.ar\/?p=1711#breadcrumb","itemListElement":[{"@type":"ListItem","position":1,"name":"Portada","item":"https:\/\/nuevodigitaldeescobar.com.ar\/"},{"@type":"ListItem","position":2,"name":"De la inflaci\u00f3n a la deuda externa, 10 desaf\u00edos que enfrentar\u00e1 Javier Milei en su mandato"}]},{"@type":"WebSite","@id":"https:\/\/nuevodigitaldeescobar.com.ar\/#website","url":"https:\/\/nuevodigitaldeescobar.com.ar\/","name":"Nuevo Digital de Escobar","description":"La vida escobarense. Directora: Rosana Brunner","publisher":{"@id":"https:\/\/nuevodigitaldeescobar.com.ar\/#organization"},"potentialAction":[{"@type":"SearchAction","target":{"@type":"EntryPoint","urlTemplate":"https:\/\/nuevodigitaldeescobar.com.ar\/?s={search_term_string}"},"query-input":{"@type":"PropertyValueSpecification","valueRequired":true,"valueName":"search_term_string"}}],"inLanguage":"es"},{"@type":"Organization","@id":"https:\/\/nuevodigitaldeescobar.com.ar\/#organization","name":"Nuevo Digital de Escobar","url":"https:\/\/nuevodigitaldeescobar.com.ar\/","logo":{"@type":"ImageObject","inLanguage":"es","@id":"https:\/\/nuevodigitaldeescobar.com.ar\/#\/schema\/logo\/image\/","url":"https:\/\/nuevodigitaldeescobar.com.ar\/wp-content\/uploads\/2025\/05\/cropped-logo-nuevo2.jpg","contentUrl":"https:\/\/nuevodigitaldeescobar.com.ar\/wp-content\/uploads\/2025\/05\/cropped-logo-nuevo2.jpg","width":305,"height":305,"caption":"Nuevo Digital de Escobar"},"image":{"@id":"https:\/\/nuevodigitaldeescobar.com.ar\/#\/schema\/logo\/image\/"},"sameAs":["https:\/\/www.facebook.com\/NUEVODigitalDeEscobar","https:\/\/x.com\/nuevodigescobar","https:\/\/www.instagram.com\/nuevodigitaldeescobar"]},{"@type":"Person","@id":"https:\/\/nuevodigitaldeescobar.com.ar\/#\/schema\/person\/035e90a8efe9a80e6eec22656ad6ea4c","name":"Redacci\u00f3n","image":{"@type":"ImageObject","inLanguage":"es","@id":"https:\/\/nuevodigitaldeescobar.com.ar\/#\/schema\/person\/image\/","url":"https:\/\/secure.gravatar.com\/avatar\/8af8f40000c24e9eef3034f2be5998a372bb1389e64b1a4a36b3a7979142220d?s=96&d=mm&r=g","contentUrl":"https:\/\/secure.gravatar.com\/avatar\/8af8f40000c24e9eef3034f2be5998a372bb1389e64b1a4a36b3a7979142220d?s=96&d=mm&r=g","caption":"Redacci\u00f3n"},"sameAs":["http:\/\/nuevodigitaldeescobar.com.ar"],"url":"https:\/\/nuevodigitaldeescobar.com.ar\/?author=1"}]}},"featured_image_urls":{"full":["https:\/\/nuevodigitaldeescobar.com.ar\/wp-content\/uploads\/2023\/12\/javier-milei.jpg",767,430,false],"thumbnail":["https:\/\/nuevodigitaldeescobar.com.ar\/wp-content\/uploads\/2023\/12\/javier-milei-150x150.jpg",150,150,true],"medium":["https:\/\/nuevodigitaldeescobar.com.ar\/wp-content\/uploads\/2023\/12\/javier-milei-300x168.jpg",300,168,true],"medium_large":["https:\/\/nuevodigitaldeescobar.com.ar\/wp-content\/uploads\/2023\/12\/javier-milei.jpg",640,359,false],"large":["https:\/\/nuevodigitaldeescobar.com.ar\/wp-content\/uploads\/2023\/12\/javier-milei.jpg",640,359,false],"1536x1536":["https:\/\/nuevodigitaldeescobar.com.ar\/wp-content\/uploads\/2023\/12\/javier-milei.jpg",767,430,false],"2048x2048":["https:\/\/nuevodigitaldeescobar.com.ar\/wp-content\/uploads\/2023\/12\/javier-milei.jpg",767,430,false]},"author_info":{"display_name":"Redacci\u00f3n","author_link":"https:\/\/nuevodigitaldeescobar.com.ar\/?author=1"},"category_info":"<a href=\"https:\/\/nuevodigitaldeescobar.com.ar\/?cat=48\" rel=\"category\">Opini\u00f3n<\/a> <a href=\"https:\/\/nuevodigitaldeescobar.com.ar\/?cat=6\" rel=\"category\">Pol\u00edtica<\/a>","tag_info":"Pol\u00edtica","comment_count":"0","_links":{"self":[{"href":"https:\/\/nuevodigitaldeescobar.com.ar\/index.php?rest_route=\/wp\/v2\/posts\/1711","targetHints":{"allow":["GET"]}}],"collection":[{"href":"https:\/\/nuevodigitaldeescobar.com.ar\/index.php?rest_route=\/wp\/v2\/posts"}],"about":[{"href":"https:\/\/nuevodigitaldeescobar.com.ar\/index.php?rest_route=\/wp\/v2\/types\/post"}],"author":[{"embeddable":true,"href":"https:\/\/nuevodigitaldeescobar.com.ar\/index.php?rest_route=\/wp\/v2\/users\/1"}],"replies":[{"embeddable":true,"href":"https:\/\/nuevodigitaldeescobar.com.ar\/index.php?rest_route=%2Fwp%2Fv2%2Fcomments&post=1711"}],"version-history":[{"count":1,"href":"https:\/\/nuevodigitaldeescobar.com.ar\/index.php?rest_route=\/wp\/v2\/posts\/1711\/revisions"}],"predecessor-version":[{"id":1713,"href":"https:\/\/nuevodigitaldeescobar.com.ar\/index.php?rest_route=\/wp\/v2\/posts\/1711\/revisions\/1713"}],"wp:featuredmedia":[{"embeddable":true,"href":"https:\/\/nuevodigitaldeescobar.com.ar\/index.php?rest_route=\/wp\/v2\/media\/1712"}],"wp:attachment":[{"href":"https:\/\/nuevodigitaldeescobar.com.ar\/index.php?rest_route=%2Fwp%2Fv2%2Fmedia&parent=1711"}],"wp:term":[{"taxonomy":"category","embeddable":true,"href":"https:\/\/nuevodigitaldeescobar.com.ar\/index.php?rest_route=%2Fwp%2Fv2%2Fcategories&post=1711"},{"taxonomy":"post_tag","embeddable":true,"href":"https:\/\/nuevodigitaldeescobar.com.ar\/index.php?rest_route=%2Fwp%2Fv2%2Ftags&post=1711"}],"curies":[{"name":"wp","href":"https:\/\/api.w.org\/{rel}","templated":true}]}}