{"id":17147,"date":"2025-08-11T13:20:21","date_gmt":"2025-08-11T16:20:21","guid":{"rendered":"https:\/\/nuevodigitaldeescobar.com.ar\/?p=17147"},"modified":"2025-08-11T13:20:21","modified_gmt":"2025-08-11T16:20:21","slug":"marcos-rojo-podra-estar-en-la-libertadores-pero-afa-no-le-permitira-jugar-el-clausura","status":"publish","type":"post","link":"https:\/\/nuevodigitaldeescobar.com.ar\/?p=17147","title":{"rendered":"Marcos Rojo podr\u00e1 estar en la Libertadores, pero AFA no le permitir\u00e1 jugar el Clausura"},"content":{"rendered":"<p>La llegada de <a href=\"https:\/\/derechadiario.com.ar\/deportes\/rojo-ya-fue-presentado-como-refuerzo-y-firmo-contrato-con-racing-hay-problema\" title=\"Rojo fue presentado como refuerzo de Racing y firm\u00f3 contrato, pero hay un problema\"><u><strong>Marcos Rojo a Racing<\/strong><\/u><\/a>, tras la rescisi\u00f3n de com\u00fan acuerdo de su contrato con <a href=\"https:\/\/derechadiario.com.ar\/deportes\/postura-pekerman-ante-posible-llamado-roman-para-sumarse-boca\" title=\"La postura de P\u00e9kerman ante un posible llamado de Rom\u00e1n para sumarse a Boca\"><u><strong>Boca<\/strong><\/u><\/a>, trajo un inconveniente inesperado para la Academia.\u00a0Seg\u00fan el art\u00edculo 19.2.4 de AFA, <strong>los jugadores libres solo pueden ser inscriptos en otro club antes del 24 de julio<\/strong>. Rojo firm\u00f3 el 7 de agosto y, aunque ya fue presentado oficialmente, \u00a0<strong>no podr\u00e1 jugar el Torneo Clausura por no cumplir con ese requisito<\/strong>.<\/p>\n<p>Ante esta situaci\u00f3n, la dirigencia de <a href=\"https:\/\/derechadiario.com.ar\/deportes\/flavio-azzaro-estallo-contra-arbitro-ramirez-tras-empate-boca-y-racing\" title=\"Flavio Azzaro estall\u00f3 contra el \u00e1rbitro Ram\u00edrez tras el empate entre Boca y Racing\"><u><strong>Racing<\/strong><\/u><\/a>, liderada por Diego Milito, busc\u00f3 soluciones: <strong>consultaron a Boca para revertir la rescisi\u00f3n y pidieron un permiso especial a la AFA<\/strong>. Sin embargo, el periodista de ESPN Esteban Edul confirm\u00f3 que desde el ente que preside Claudio Chiqui Tapia le negaron la posibilidad de dejarlo jugar: \u00ab<strong><em>no hay forma legal de habilitar a Rojo para que juegue el torneo<\/em><\/strong>\u00ab.<\/p>\n<div class=\"inter_image image_vertical\">\n<img decoding=\"async\" src=\"https:\/\/derechadiario.com.ar\/filesedc\/uploads\/image\/post\/2025\/08\/md-1754926795884_1200_1600.webp\" class=\"img-responsive lazyload\" alt=\"Tres hombres sonr\u00eden mientras el del centro sostiene una camiseta de f\u00fatbol celeste y blanca con el nombre Marcos R. y el n\u00famero 6.\" title=\"Tres hombres sonr\u00eden mientras el del centro sostiene una camiseta de f\u00fatbol celeste y blanca con el nombre Marcos R. y el n\u00famero 6.\" \/>\n<div>\n<span class=\"img_footer\">No hay forma legal para que Rojo juege el Clausura con Racing <\/span>| <span class=\"img_author\">La Derecha Diario<\/span>\n<\/div>\n<\/div>\n<p>Adem\u00e1s, <strong>el asunto tambi\u00e9n involucra a la Liga Profesional<\/strong>, por lo que Gustavo Costas \u00a0<strong>no podr\u00e1 contar con el defensor en el Clausura<\/strong>, limitando su participaci\u00f3n al <strong>\u00e1mbito internacional<\/strong>\u00a0 y en la <strong>Copa Argentina<\/strong>.<\/p>\n<p>La situaci\u00f3n deja a Racing en un escenario complejo, ya que si bien sumaron un refuerzo de jerarqu\u00eda, \u00a0<strong>la limitaci\u00f3n reglamentaria obliga a ajustar la planificaci\u00f3n para el Clausura<\/strong>.<\/p>\n<h2><strong>El \u00abS\u00ed\u00bb de CONMEBOL<\/strong><\/h2>\n<p>M\u00e1s all\u00e1 del problema en el plano dom\u00e9stico, Racing recibi\u00f3 una noticia alentadora desde la <strong>CONMEBOL<\/strong>, ya que <strong>la entidad autoriz\u00f3 la inscripci\u00f3n de Rojo para disputar la Copa Libertadores<\/strong>. Esto significa que <strong>el defensor podr\u00e1 formar parte de la lista de convocados para el duelo de octavos de final ante Pe\u00f1arol<\/strong>, con el partido de ida en Montevideo y la vuelta en Avellaneda.<\/p>\n<aside class=\"whatsappChannelText\"><a href=\"https:\/\/whatsapp.com\/channel\/0029VagEjILGE56eKjedWF2U\" rel=\"nofollow\" title=\"WhatsApp Link\"><img alt=\"Logo de WhatsApp\" class=\"lazyload\" data-src=\"\/filesedc\/uploads\/other\/whatsapp_icon_mid_article.png\" width=\"32\" height=\"32\" \/><\/a> <a href=\"https:\/\/whatsapp.com\/channel\/0029VagEjILGE56eKjedWF2U\" rel=\"nofollow\" title=\"WhatsApp Link\"><strong>NO SE PIERDAN NINGUNA NOTICIA<\/strong>: Click aqu\u00ed para sumarte <strong>GRATIS<\/strong> al canal de noticias de <strong>La Derecha Diario en WhatsApp.<\/strong><\/a><\/aside>\n<figure><img decoding=\"async\" src=\"https:\/\/derechadiario.com.ar\/filesedc\/uploads\/image\/post\/2025\/08\/marcos-rojo-1_1200_800.webp\" class=\"img-responsive lazyload\" alt=\"Futbolista sonriente con la camiseta de Racing Club en un estadio vac\u00edo\" title=\"Futbolista sonriente con la camiseta de Racing Club en un estadio vac\u00edo\" \/><\/figure>\n<p>Aunque no podr\u00e1 jugar en el torneo local, <strong>esta excepci\u00f3n a nivel internacional le permitir\u00e1 al entrenador Gustavo Costas contar con una alternativa en la defensa<\/strong>.<\/p>","protected":false},"excerpt":{"rendered":"<p>La llegada de Marcos Rojo a Racing, tras la rescisi\u00f3n de com\u00fan acuerdo de su contrato con Boca, trajo un inconveniente inesperado para la Academia.\u00a0Seg\u00fan [&hellip;]<\/p>\n","protected":false},"author":1,"featured_media":17148,"comment_status":"open","ping_status":"open","sticky":false,"template":"","format":"standard","meta":{"footnotes":""},"categories":[8],"tags":[],"class_list":["post-17147","post","type-post","status-publish","format-standard","has-post-thumbnail","hentry","category-deportes"],"better_featured_image":{"id":17148,"alt_text":"","caption":"","description":"","media_type":"image","media_details":{"width":1600,"height":1067,"file":"2025\/08\/marcos-rojo-racing_1600_1067-vYX6Ab.jpg","filesize":128585,"sizes":{"medium":{"file":"marcos-rojo-racing_1600_1067-vYX6Ab-300x200.jpg","width":300,"height":200,"mime-type":"image\/jpeg","filesize":15851,"source_url":"https:\/\/nuevodigitaldeescobar.com.ar\/wp-content\/uploads\/2025\/08\/marcos-rojo-racing_1600_1067-vYX6Ab-300x200.jpg"},"large":{"file":"marcos-rojo-racing_1600_1067-vYX6Ab-1024x683.jpg","width":1024,"height":683,"mime-type":"image\/jpeg","filesize":99241,"source_url":"https:\/\/nuevodigitaldeescobar.com.ar\/wp-content\/uploads\/2025\/08\/marcos-rojo-racing_1600_1067-vYX6Ab-1024x683.jpg"},"thumbnail":{"file":"marcos-rojo-racing_1600_1067-vYX6Ab-150x150.jpg","width":150,"height":150,"mime-type":"image\/jpeg","filesize":7923,"source_url":"https:\/\/nuevodigitaldeescobar.com.ar\/wp-content\/uploads\/2025\/08\/marcos-rojo-racing_1600_1067-vYX6Ab-150x150.jpg"},"medium_large":{"file":"marcos-rojo-racing_1600_1067-vYX6Ab-768x512.jpg","width":768,"height":512,"mime-type":"image\/jpeg","filesize":64450,"source_url":"https:\/\/nuevodigitaldeescobar.com.ar\/wp-content\/uploads\/2025\/08\/marcos-rojo-racing_1600_1067-vYX6Ab-768x512.jpg"},"1536x1536":{"file":"marcos-rojo-racing_1600_1067-vYX6Ab-1536x1024.jpg","width":1536,"height":1024,"mime-type":"image\/jpeg","filesize":177738,"source_url":"https:\/\/nuevodigitaldeescobar.com.ar\/wp-content\/uploads\/2025\/08\/marcos-rojo-racing_1600_1067-vYX6Ab-1536x1024.jpg"}},"image_meta":{"aperture":"0","credit":"","camera":"","caption":"","created_timestamp":"0","copyright":"","focal_length":"0","iso":"0","shutter_speed":"0","title":"","orientation":"0","keywords":[]}},"post":17147,"source_url":"https:\/\/nuevodigitaldeescobar.com.ar\/wp-content\/uploads\/2025\/08\/marcos-rojo-racing_1600_1067-vYX6Ab.jpg"},"yoast_head":"<!-- This site is optimized with the Yoast SEO plugin v26.1.1 - https:\/\/yoast.com\/wordpress\/plugins\/seo\/ -->\n<title>Marcos Rojo podr\u00e1 estar en la Libertadores, pero AFA no le permitir\u00e1 jugar el Clausura - Nuevo Digital de Escobar<\/title>\n<meta name=\"robots\" content=\"index, follow, max-snippet:-1, max-image-preview:large, max-video-preview:-1\" \/>\n<link rel=\"canonical\" href=\"https:\/\/nuevodigitaldeescobar.com.ar\/?p=17147\" \/>\n<meta property=\"og:locale\" content=\"es_ES\" \/>\n<meta property=\"og:type\" content=\"article\" \/>\n<meta property=\"og:title\" content=\"Marcos Rojo podr\u00e1 estar en la Libertadores, pero AFA no le permitir\u00e1 jugar el Clausura - Nuevo Digital de Escobar\" \/>\n<meta property=\"og:description\" content=\"La llegada de Marcos Rojo a Racing, tras la rescisi\u00f3n de com\u00fan acuerdo de su contrato con Boca, trajo un inconveniente inesperado para la Academia.\u00a0Seg\u00fan [&hellip;]\" \/>\n<meta property=\"og:url\" content=\"https:\/\/nuevodigitaldeescobar.com.ar\/?p=17147\" \/>\n<meta property=\"og:site_name\" content=\"Nuevo Digital de Escobar\" \/>\n<meta property=\"article:publisher\" content=\"https:\/\/www.facebook.com\/NUEVODigitalDeEscobar\" \/>\n<meta property=\"article:published_time\" content=\"2025-08-11T16:20:21+00:00\" \/>\n<meta property=\"og:image\" content=\"https:\/\/derechadiario.com.ar\/filesedc\/uploads\/image\/post\/2025\/08\/md-1754926795884_1200_1600.webp\" \/>\n<meta name=\"author\" content=\"Redacci\u00f3n\" \/>\n<meta name=\"twitter:card\" content=\"summary_large_image\" \/>\n<meta name=\"twitter:creator\" content=\"@nuevodigescobar\" \/>\n<meta name=\"twitter:site\" content=\"@nuevodigescobar\" \/>\n<meta name=\"twitter:label1\" content=\"Escrito por\" \/>\n\t<meta name=\"twitter:data1\" content=\"Redacci\u00f3n\" \/>\n\t<meta name=\"twitter:label2\" content=\"Tiempo de lectura\" \/>\n\t<meta name=\"twitter:data2\" content=\"2 minutos\" \/>\n<script type=\"application\/ld+json\" class=\"yoast-schema-graph\">{\"@context\":\"https:\/\/schema.org\",\"@graph\":[{\"@type\":\"Article\",\"@id\":\"https:\/\/nuevodigitaldeescobar.com.ar\/?p=17147#article\",\"isPartOf\":{\"@id\":\"https:\/\/nuevodigitaldeescobar.com.ar\/?p=17147\"},\"author\":{\"name\":\"Redacci\u00f3n\",\"@id\":\"https:\/\/nuevodigitaldeescobar.com.ar\/#\/schema\/person\/035e90a8efe9a80e6eec22656ad6ea4c\"},\"headline\":\"Marcos Rojo podr\u00e1 estar en la Libertadores, pero AFA no le permitir\u00e1 jugar el Clausura\",\"datePublished\":\"2025-08-11T16:20:21+00:00\",\"mainEntityOfPage\":{\"@id\":\"https:\/\/nuevodigitaldeescobar.com.ar\/?p=17147\"},\"wordCount\":358,\"commentCount\":0,\"publisher\":{\"@id\":\"https:\/\/nuevodigitaldeescobar.com.ar\/#organization\"},\"image\":{\"@id\":\"https:\/\/nuevodigitaldeescobar.com.ar\/?p=17147#primaryimage\"},\"thumbnailUrl\":\"https:\/\/nuevodigitaldeescobar.com.ar\/wp-content\/uploads\/2025\/08\/marcos-rojo-racing_1600_1067-vYX6Ab.jpg\",\"articleSection\":[\"Deportes\"],\"inLanguage\":\"es\",\"potentialAction\":[{\"@type\":\"CommentAction\",\"name\":\"Comment\",\"target\":[\"https:\/\/nuevodigitaldeescobar.com.ar\/?p=17147#respond\"]}]},{\"@type\":\"WebPage\",\"@id\":\"https:\/\/nuevodigitaldeescobar.com.ar\/?p=17147\",\"url\":\"https:\/\/nuevodigitaldeescobar.com.ar\/?p=17147\",\"name\":\"Marcos Rojo podr\u00e1 estar en la Libertadores, pero AFA no le permitir\u00e1 jugar el Clausura - Nuevo Digital de Escobar\",\"isPartOf\":{\"@id\":\"https:\/\/nuevodigitaldeescobar.com.ar\/#website\"},\"primaryImageOfPage\":{\"@id\":\"https:\/\/nuevodigitaldeescobar.com.ar\/?p=17147#primaryimage\"},\"image\":{\"@id\":\"https:\/\/nuevodigitaldeescobar.com.ar\/?p=17147#primaryimage\"},\"thumbnailUrl\":\"https:\/\/nuevodigitaldeescobar.com.ar\/wp-content\/uploads\/2025\/08\/marcos-rojo-racing_1600_1067-vYX6Ab.jpg\",\"datePublished\":\"2025-08-11T16:20:21+00:00\",\"breadcrumb\":{\"@id\":\"https:\/\/nuevodigitaldeescobar.com.ar\/?p=17147#breadcrumb\"},\"inLanguage\":\"es\",\"potentialAction\":[{\"@type\":\"ReadAction\",\"target\":[\"https:\/\/nuevodigitaldeescobar.com.ar\/?p=17147\"]}]},{\"@type\":\"ImageObject\",\"inLanguage\":\"es\",\"@id\":\"https:\/\/nuevodigitaldeescobar.com.ar\/?p=17147#primaryimage\",\"url\":\"https:\/\/nuevodigitaldeescobar.com.ar\/wp-content\/uploads\/2025\/08\/marcos-rojo-racing_1600_1067-vYX6Ab.jpg\",\"contentUrl\":\"https:\/\/nuevodigitaldeescobar.com.ar\/wp-content\/uploads\/2025\/08\/marcos-rojo-racing_1600_1067-vYX6Ab.jpg\",\"width\":1600,\"height\":1067},{\"@type\":\"BreadcrumbList\",\"@id\":\"https:\/\/nuevodigitaldeescobar.com.ar\/?p=17147#breadcrumb\",\"itemListElement\":[{\"@type\":\"ListItem\",\"position\":1,\"name\":\"Portada\",\"item\":\"https:\/\/nuevodigitaldeescobar.com.ar\/\"},{\"@type\":\"ListItem\",\"position\":2,\"name\":\"Marcos Rojo podr\u00e1 estar en la Libertadores, pero AFA no le permitir\u00e1 jugar el Clausura\"}]},{\"@type\":\"WebSite\",\"@id\":\"https:\/\/nuevodigitaldeescobar.com.ar\/#website\",\"url\":\"https:\/\/nuevodigitaldeescobar.com.ar\/\",\"name\":\"Nuevo Digital de Escobar\",\"description\":\"La vida escobarense. Directora: Rosana Brunner\",\"publisher\":{\"@id\":\"https:\/\/nuevodigitaldeescobar.com.ar\/#organization\"},\"potentialAction\":[{\"@type\":\"SearchAction\",\"target\":{\"@type\":\"EntryPoint\",\"urlTemplate\":\"https:\/\/nuevodigitaldeescobar.com.ar\/?s={search_term_string}\"},\"query-input\":{\"@type\":\"PropertyValueSpecification\",\"valueRequired\":true,\"valueName\":\"search_term_string\"}}],\"inLanguage\":\"es\"},{\"@type\":\"Organization\",\"@id\":\"https:\/\/nuevodigitaldeescobar.com.ar\/#organization\",\"name\":\"Nuevo Digital de Escobar\",\"url\":\"https:\/\/nuevodigitaldeescobar.com.ar\/\",\"logo\":{\"@type\":\"ImageObject\",\"inLanguage\":\"es\",\"@id\":\"https:\/\/nuevodigitaldeescobar.com.ar\/#\/schema\/logo\/image\/\",\"url\":\"https:\/\/nuevodigitaldeescobar.com.ar\/wp-content\/uploads\/2025\/05\/cropped-logo-nuevo2.jpg\",\"contentUrl\":\"https:\/\/nuevodigitaldeescobar.com.ar\/wp-content\/uploads\/2025\/05\/cropped-logo-nuevo2.jpg\",\"width\":305,\"height\":305,\"caption\":\"Nuevo Digital de Escobar\"},\"image\":{\"@id\":\"https:\/\/nuevodigitaldeescobar.com.ar\/#\/schema\/logo\/image\/\"},\"sameAs\":[\"https:\/\/www.facebook.com\/NUEVODigitalDeEscobar\",\"https:\/\/x.com\/nuevodigescobar\",\"https:\/\/www.instagram.com\/nuevodigitaldeescobar\"]},{\"@type\":\"Person\",\"@id\":\"https:\/\/nuevodigitaldeescobar.com.ar\/#\/schema\/person\/035e90a8efe9a80e6eec22656ad6ea4c\",\"name\":\"Redacci\u00f3n\",\"image\":{\"@type\":\"ImageObject\",\"inLanguage\":\"es\",\"@id\":\"https:\/\/nuevodigitaldeescobar.com.ar\/#\/schema\/person\/image\/\",\"url\":\"https:\/\/secure.gravatar.com\/avatar\/8af8f40000c24e9eef3034f2be5998a372bb1389e64b1a4a36b3a7979142220d?s=96&d=mm&r=g\",\"contentUrl\":\"https:\/\/secure.gravatar.com\/avatar\/8af8f40000c24e9eef3034f2be5998a372bb1389e64b1a4a36b3a7979142220d?s=96&d=mm&r=g\",\"caption\":\"Redacci\u00f3n\"},\"sameAs\":[\"http:\/\/nuevodigitaldeescobar.com.ar\"],\"url\":\"https:\/\/nuevodigitaldeescobar.com.ar\/?author=1\"}]}<\/script>\n<!-- \/ Yoast SEO plugin. -->","yoast_head_json":{"title":"Marcos Rojo podr\u00e1 estar en la Libertadores, pero AFA no le permitir\u00e1 jugar el Clausura - Nuevo Digital de Escobar","robots":{"index":"index","follow":"follow","max-snippet":"max-snippet:-1","max-image-preview":"max-image-preview:large","max-video-preview":"max-video-preview:-1"},"canonical":"https:\/\/nuevodigitaldeescobar.com.ar\/?p=17147","og_locale":"es_ES","og_type":"article","og_title":"Marcos Rojo podr\u00e1 estar en la Libertadores, pero AFA no le permitir\u00e1 jugar el Clausura - Nuevo Digital de Escobar","og_description":"La llegada de Marcos Rojo a Racing, tras la rescisi\u00f3n de com\u00fan acuerdo de su contrato con Boca, trajo un inconveniente inesperado para la Academia.\u00a0Seg\u00fan [&hellip;]","og_url":"https:\/\/nuevodigitaldeescobar.com.ar\/?p=17147","og_site_name":"Nuevo Digital de Escobar","article_publisher":"https:\/\/www.facebook.com\/NUEVODigitalDeEscobar","article_published_time":"2025-08-11T16:20:21+00:00","og_image":[{"url":"https:\/\/derechadiario.com.ar\/filesedc\/uploads\/image\/post\/2025\/08\/md-1754926795884_1200_1600.webp","type":"","width":"","height":""}],"author":"Redacci\u00f3n","twitter_card":"summary_large_image","twitter_creator":"@nuevodigescobar","twitter_site":"@nuevodigescobar","twitter_misc":{"Escrito por":"Redacci\u00f3n","Tiempo de lectura":"2 minutos"},"schema":{"@context":"https:\/\/schema.org","@graph":[{"@type":"Article","@id":"https:\/\/nuevodigitaldeescobar.com.ar\/?p=17147#article","isPartOf":{"@id":"https:\/\/nuevodigitaldeescobar.com.ar\/?p=17147"},"author":{"name":"Redacci\u00f3n","@id":"https:\/\/nuevodigitaldeescobar.com.ar\/#\/schema\/person\/035e90a8efe9a80e6eec22656ad6ea4c"},"headline":"Marcos Rojo podr\u00e1 estar en la Libertadores, pero AFA no le permitir\u00e1 jugar el Clausura","datePublished":"2025-08-11T16:20:21+00:00","mainEntityOfPage":{"@id":"https:\/\/nuevodigitaldeescobar.com.ar\/?p=17147"},"wordCount":358,"commentCount":0,"publisher":{"@id":"https:\/\/nuevodigitaldeescobar.com.ar\/#organization"},"image":{"@id":"https:\/\/nuevodigitaldeescobar.com.ar\/?p=17147#primaryimage"},"thumbnailUrl":"https:\/\/nuevodigitaldeescobar.com.ar\/wp-content\/uploads\/2025\/08\/marcos-rojo-racing_1600_1067-vYX6Ab.jpg","articleSection":["Deportes"],"inLanguage":"es","potentialAction":[{"@type":"CommentAction","name":"Comment","target":["https:\/\/nuevodigitaldeescobar.com.ar\/?p=17147#respond"]}]},{"@type":"WebPage","@id":"https:\/\/nuevodigitaldeescobar.com.ar\/?p=17147","url":"https:\/\/nuevodigitaldeescobar.com.ar\/?p=17147","name":"Marcos Rojo podr\u00e1 estar en la Libertadores, pero AFA no le permitir\u00e1 jugar el Clausura - Nuevo Digital de Escobar","isPartOf":{"@id":"https:\/\/nuevodigitaldeescobar.com.ar\/#website"},"primaryImageOfPage":{"@id":"https:\/\/nuevodigitaldeescobar.com.ar\/?p=17147#primaryimage"},"image":{"@id":"https:\/\/nuevodigitaldeescobar.com.ar\/?p=17147#primaryimage"},"thumbnailUrl":"https:\/\/nuevodigitaldeescobar.com.ar\/wp-content\/uploads\/2025\/08\/marcos-rojo-racing_1600_1067-vYX6Ab.jpg","datePublished":"2025-08-11T16:20:21+00:00","breadcrumb":{"@id":"https:\/\/nuevodigitaldeescobar.com.ar\/?p=17147#breadcrumb"},"inLanguage":"es","potentialAction":[{"@type":"ReadAction","target":["https:\/\/nuevodigitaldeescobar.com.ar\/?p=17147"]}]},{"@type":"ImageObject","inLanguage":"es","@id":"https:\/\/nuevodigitaldeescobar.com.ar\/?p=17147#primaryimage","url":"https:\/\/nuevodigitaldeescobar.com.ar\/wp-content\/uploads\/2025\/08\/marcos-rojo-racing_1600_1067-vYX6Ab.jpg","contentUrl":"https:\/\/nuevodigitaldeescobar.com.ar\/wp-content\/uploads\/2025\/08\/marcos-rojo-racing_1600_1067-vYX6Ab.jpg","width":1600,"height":1067},{"@type":"BreadcrumbList","@id":"https:\/\/nuevodigitaldeescobar.com.ar\/?p=17147#breadcrumb","itemListElement":[{"@type":"ListItem","position":1,"name":"Portada","item":"https:\/\/nuevodigitaldeescobar.com.ar\/"},{"@type":"ListItem","position":2,"name":"Marcos Rojo podr\u00e1 estar en la Libertadores, pero AFA no le permitir\u00e1 jugar el Clausura"}]},{"@type":"WebSite","@id":"https:\/\/nuevodigitaldeescobar.com.ar\/#website","url":"https:\/\/nuevodigitaldeescobar.com.ar\/","name":"Nuevo Digital de Escobar","description":"La vida escobarense. Directora: Rosana Brunner","publisher":{"@id":"https:\/\/nuevodigitaldeescobar.com.ar\/#organization"},"potentialAction":[{"@type":"SearchAction","target":{"@type":"EntryPoint","urlTemplate":"https:\/\/nuevodigitaldeescobar.com.ar\/?s={search_term_string}"},"query-input":{"@type":"PropertyValueSpecification","valueRequired":true,"valueName":"search_term_string"}}],"inLanguage":"es"},{"@type":"Organization","@id":"https:\/\/nuevodigitaldeescobar.com.ar\/#organization","name":"Nuevo Digital de Escobar","url":"https:\/\/nuevodigitaldeescobar.com.ar\/","logo":{"@type":"ImageObject","inLanguage":"es","@id":"https:\/\/nuevodigitaldeescobar.com.ar\/#\/schema\/logo\/image\/","url":"https:\/\/nuevodigitaldeescobar.com.ar\/wp-content\/uploads\/2025\/05\/cropped-logo-nuevo2.jpg","contentUrl":"https:\/\/nuevodigitaldeescobar.com.ar\/wp-content\/uploads\/2025\/05\/cropped-logo-nuevo2.jpg","width":305,"height":305,"caption":"Nuevo Digital de Escobar"},"image":{"@id":"https:\/\/nuevodigitaldeescobar.com.ar\/#\/schema\/logo\/image\/"},"sameAs":["https:\/\/www.facebook.com\/NUEVODigitalDeEscobar","https:\/\/x.com\/nuevodigescobar","https:\/\/www.instagram.com\/nuevodigitaldeescobar"]},{"@type":"Person","@id":"https:\/\/nuevodigitaldeescobar.com.ar\/#\/schema\/person\/035e90a8efe9a80e6eec22656ad6ea4c","name":"Redacci\u00f3n","image":{"@type":"ImageObject","inLanguage":"es","@id":"https:\/\/nuevodigitaldeescobar.com.ar\/#\/schema\/person\/image\/","url":"https:\/\/secure.gravatar.com\/avatar\/8af8f40000c24e9eef3034f2be5998a372bb1389e64b1a4a36b3a7979142220d?s=96&d=mm&r=g","contentUrl":"https:\/\/secure.gravatar.com\/avatar\/8af8f40000c24e9eef3034f2be5998a372bb1389e64b1a4a36b3a7979142220d?s=96&d=mm&r=g","caption":"Redacci\u00f3n"},"sameAs":["http:\/\/nuevodigitaldeescobar.com.ar"],"url":"https:\/\/nuevodigitaldeescobar.com.ar\/?author=1"}]}},"featured_image_urls":{"full":["https:\/\/nuevodigitaldeescobar.com.ar\/wp-content\/uploads\/2025\/08\/marcos-rojo-racing_1600_1067-vYX6Ab.jpg",1600,1067,false],"thumbnail":["https:\/\/nuevodigitaldeescobar.com.ar\/wp-content\/uploads\/2025\/08\/marcos-rojo-racing_1600_1067-vYX6Ab-150x150.jpg",150,150,true],"medium":["https:\/\/nuevodigitaldeescobar.com.ar\/wp-content\/uploads\/2025\/08\/marcos-rojo-racing_1600_1067-vYX6Ab-300x200.jpg",300,200,true],"medium_large":["https:\/\/nuevodigitaldeescobar.com.ar\/wp-content\/uploads\/2025\/08\/marcos-rojo-racing_1600_1067-vYX6Ab-768x512.jpg",640,427,true],"large":["https:\/\/nuevodigitaldeescobar.com.ar\/wp-content\/uploads\/2025\/08\/marcos-rojo-racing_1600_1067-vYX6Ab-1024x683.jpg",640,427,true],"1536x1536":["https:\/\/nuevodigitaldeescobar.com.ar\/wp-content\/uploads\/2025\/08\/marcos-rojo-racing_1600_1067-vYX6Ab-1536x1024.jpg",1536,1024,true],"2048x2048":["https:\/\/nuevodigitaldeescobar.com.ar\/wp-content\/uploads\/2025\/08\/marcos-rojo-racing_1600_1067-vYX6Ab.jpg",1600,1067,false]},"author_info":{"display_name":"Redacci\u00f3n","author_link":"https:\/\/nuevodigitaldeescobar.com.ar\/?author=1"},"category_info":"<a href=\"https:\/\/nuevodigitaldeescobar.com.ar\/?cat=8\" rel=\"category\">Deportes<\/a>","tag_info":"Deportes","comment_count":"0","_links":{"self":[{"href":"https:\/\/nuevodigitaldeescobar.com.ar\/index.php?rest_route=\/wp\/v2\/posts\/17147","targetHints":{"allow":["GET"]}}],"collection":[{"href":"https:\/\/nuevodigitaldeescobar.com.ar\/index.php?rest_route=\/wp\/v2\/posts"}],"about":[{"href":"https:\/\/nuevodigitaldeescobar.com.ar\/index.php?rest_route=\/wp\/v2\/types\/post"}],"author":[{"embeddable":true,"href":"https:\/\/nuevodigitaldeescobar.com.ar\/index.php?rest_route=\/wp\/v2\/users\/1"}],"replies":[{"embeddable":true,"href":"https:\/\/nuevodigitaldeescobar.com.ar\/index.php?rest_route=%2Fwp%2Fv2%2Fcomments&post=17147"}],"version-history":[{"count":0,"href":"https:\/\/nuevodigitaldeescobar.com.ar\/index.php?rest_route=\/wp\/v2\/posts\/17147\/revisions"}],"wp:featuredmedia":[{"embeddable":true,"href":"https:\/\/nuevodigitaldeescobar.com.ar\/index.php?rest_route=\/wp\/v2\/media\/17148"}],"wp:attachment":[{"href":"https:\/\/nuevodigitaldeescobar.com.ar\/index.php?rest_route=%2Fwp%2Fv2%2Fmedia&parent=17147"}],"wp:term":[{"taxonomy":"category","embeddable":true,"href":"https:\/\/nuevodigitaldeescobar.com.ar\/index.php?rest_route=%2Fwp%2Fv2%2Fcategories&post=17147"},{"taxonomy":"post_tag","embeddable":true,"href":"https:\/\/nuevodigitaldeescobar.com.ar\/index.php?rest_route=%2Fwp%2Fv2%2Ftags&post=17147"}],"curies":[{"name":"wp","href":"https:\/\/api.w.org\/{rel}","templated":true}]}}