{"id":1715,"date":"2023-12-10T14:00:07","date_gmt":"2023-12-10T17:00:07","guid":{"rendered":"https:\/\/nuevodigitaldeescobar.com.ar\/?p=1715"},"modified":"2023-12-10T14:00:14","modified_gmt":"2023-12-10T17:00:14","slug":"milei-y-villarruel-juraron-en-el-congreso-y-ya-son-presidente-y-vice-de-la-nacion","status":"publish","type":"post","link":"https:\/\/nuevodigitaldeescobar.com.ar\/?p=1715","title":{"rendered":"Milei y Villarruel juraron en el Congreso y ya son Presidente y Vice de la Naci\u00f3n"},"content":{"rendered":"\n<p class=\"has-vivid-cyan-blue-color has-text-color has-link-color wp-elements-269a51fdc19fe4d779d185b24c799350\"><strong><em>El juramento fue tomado por Cristina Fern\u00e1ndez de Kirchner y Alberto Fern\u00e1ndez fue el encargado de entregarle la banda y el bast\u00f3n presidencial. \u00abViva la Libertad, carajo\u00bb, fue la arenga que escribi\u00f3 al firmar el libro de honor del Congreso de la Naci\u00f3n.<\/em><\/strong><\/p>\n\n\n\n<!--more-->\n\n\n\n<p><\/p>\n\n\n\n<p>Este domingo Javier Milei (53) jur\u00f3 a las 11.56 como Presidente de la Naci\u00f3n ante la Asamblea Legislativa reunida en el recinto de la C\u00e1mara de Diputados del Congreso nacional utilizando la f\u00f3rmula por \u00abla Patria y los Santos Evangelios\u00bb.<\/p>\n\n\n\n<p>El juramento fue tomado por la vicepresidenta saliente, Cristina Fern\u00e1ndez de Kirchner, mientras en el recinto los asistentes coreaban<strong>\u00a0\u00abLibertad, libertad\u00bb<\/strong>.<\/p>\n\n\n\n<figure class=\"wp-block-image size-large\"><img fetchpriority=\"high\" decoding=\"async\" width=\"1024\" height=\"576\" src=\"http:\/\/nuevodigitaldeescobar.com.ar\/wp-content\/uploads\/2023\/12\/6575d79658581_1200-1024x576.jpg\" alt=\"\" class=\"wp-image-1717\" srcset=\"https:\/\/nuevodigitaldeescobar.com.ar\/wp-content\/uploads\/2023\/12\/6575d79658581_1200-1024x576.jpg 1024w, https:\/\/nuevodigitaldeescobar.com.ar\/wp-content\/uploads\/2023\/12\/6575d79658581_1200-300x169.jpg 300w, https:\/\/nuevodigitaldeescobar.com.ar\/wp-content\/uploads\/2023\/12\/6575d79658581_1200-768x432.jpg 768w, https:\/\/nuevodigitaldeescobar.com.ar\/wp-content\/uploads\/2023\/12\/6575d79658581_1200.jpg 1200w\" sizes=\"(max-width: 1024px) 100vw, 1024px\" \/><\/figure>\n\n\n\n<p>Luego, Fern\u00e1ndez le coloc\u00f3 la banda presidencial y le entreg\u00f3 el bast\u00f3n de mando, y luego salud\u00f3 a Milei, quien en forma inmediata&nbsp;<strong>salud\u00f3 al exmandatario Mauricio Macri, quien estaba sentado junto a otros expresidentes<\/strong>&nbsp;y futuros ministros, en los palcos ubicados al lado estrado presidencial del recinto de la C\u00e1mara baja.<\/p>\n\n\n\n<p>Posteriormente, Victoria Villarruel (48) jur\u00f3 a las 12 como Vicepresidenta de la Naci\u00f3n para los pr\u00f3ximos cuatro a\u00f1os ante la Asamblea Legislativa reunida en el recinto de la C\u00e1mara de Diputados del Congreso nacional. Agradeci\u00f3 la presencia de los legisladores e invitados que hab\u00edan participado de la sesi\u00f3n y dijo que\u00a0<strong>este es un \u00abd\u00eda hist\u00f3rico, un momento que quedar\u00e1 para siempre en nuestros corazones\u201d<\/strong>, y dio por concluida la Asamblea Legislativa.<\/p>\n\n\n\n<p>La vicepresidenta&nbsp;<strong>Cristina Fern\u00e1ndez de Kirchner hab\u00eda abierto a las 11.15 la reuni\u00f3n plenaria de diputados y senadores<\/strong>&nbsp;que, como es de rigor, se realiza en el recinto de sesiones de la C\u00e1mara baja, en una ceremonia que cont\u00f3 con invitados especiales, embajadores, representantes de la justicia y de las Fuerzas Armadas, entre otros.<\/p>\n\n\n\n<p><strong>Milei lleg\u00f3 a las 11.45 acompa\u00f1ado por su hermana Karina\u00a0<\/strong>desde el Hotel Libertador, donde se aloja desde que triunf\u00f3 en el balotaje realizado el pasado 19 de noviembre, cuando venci\u00f3 por m\u00e1s del 55 por ciento de los votos al entonces candidato de Uni\u00f3n por La Patria, Sergio Massa.<\/p>\n\n\n\n<figure class=\"wp-block-image size-large\"><img decoding=\"async\" width=\"1024\" height=\"576\" src=\"http:\/\/nuevodigitaldeescobar.com.ar\/wp-content\/uploads\/2023\/12\/6575da7d8cb86_1200-1024x576.jpg\" alt=\"\" class=\"wp-image-1718\" srcset=\"https:\/\/nuevodigitaldeescobar.com.ar\/wp-content\/uploads\/2023\/12\/6575da7d8cb86_1200-1024x576.jpg 1024w, https:\/\/nuevodigitaldeescobar.com.ar\/wp-content\/uploads\/2023\/12\/6575da7d8cb86_1200-300x169.jpg 300w, https:\/\/nuevodigitaldeescobar.com.ar\/wp-content\/uploads\/2023\/12\/6575da7d8cb86_1200-768x432.jpg 768w, https:\/\/nuevodigitaldeescobar.com.ar\/wp-content\/uploads\/2023\/12\/6575da7d8cb86_1200.jpg 1200w\" sizes=\"(max-width: 1024px) 100vw, 1024px\" \/><\/figure>\n\n\n\n<p>Antes de ingresar a la Asamblea Legislativa, firm\u00f3 el\u00a0libro de honor del Congreso de la Naci\u00f3n con la arenga\u00a0<strong>\u00abViva la Libertad, carajo\u00bb.\u00a0<\/strong>Acompa\u00f1ado por Cristina Fern\u00e1ndez de Kirchner, Milei ingres\u00f3 al Sal\u00f3n de Pasos Perdidos para firmar los libros de honor, tal como ocurre en cada recambio presidencial.\u00a0A su lado, la ahora vicepresidenta,\u00a0<strong>Victoria Villarruel<\/strong>, escribi\u00f3 en el otro libro:\u00a0<strong>\u00abTodo por Argentina, Victoria\u00bb<\/strong>.<\/p>\n\n\n\n<p>Luego, Milei y Villarruel observaron el ejemplar original de la Constituci\u00f3n Nacional y pasaron al hemiciclo de la C\u00e1mara de Diputados para prestar juramento, como es de rigor, ante la Asamblea Legislativa.<\/p>\n\n\n\n<p><strong>Los palcos superiores fueron ocupados por familiares e invitados especiales y all\u00ed se pudo observar a los padres de Milei, y a su pareja F\u00e1tima Flores.<\/strong><\/p>\n\n\n\n<p>Al abrir la sesi\u00f3n,\u00a0<strong>Fern\u00e1ndez de Kirchner pidi\u00f3 al flamante titular de la C\u00e1mara de Diputados, Mart\u00edn Menem,<\/strong>\u00a0que realice el izamiento de la bandera nacional y luego llam\u00f3 a conformar las comisiones de interior y de exterior que recibieron a Milei.<\/p>\n\n\n\n<p>Al ingresar, el ahora mandatario argentino recibi\u00f3 el saludo de los diputados y senadores de la comisi\u00f3n de exterior los diputados del UxP Graciela Parola y Julio Pereyra, de la UCR Francisco Monti, de la Libertad Avanza Marcela Pagano y Gabriel Bornoroni, y los senadores de UxP Jos\u00e9 Neder, de la Libertad Avanza Vilma Vedia y Ezequiel Atauche,, de la UCR Gabriela Valenzuela y del Pro Alfredo De Angeli.<\/p>\n\n\n\n<figure class=\"wp-block-image size-large\"><img decoding=\"async\" width=\"1024\" height=\"576\" src=\"http:\/\/nuevodigitaldeescobar.com.ar\/wp-content\/uploads\/2023\/12\/6575da7dab90d_1200-1024x576.jpg\" alt=\"\" class=\"wp-image-1719\" srcset=\"https:\/\/nuevodigitaldeescobar.com.ar\/wp-content\/uploads\/2023\/12\/6575da7dab90d_1200-1024x576.jpg 1024w, https:\/\/nuevodigitaldeescobar.com.ar\/wp-content\/uploads\/2023\/12\/6575da7dab90d_1200-300x169.jpg 300w, https:\/\/nuevodigitaldeescobar.com.ar\/wp-content\/uploads\/2023\/12\/6575da7dab90d_1200-768x432.jpg 768w, https:\/\/nuevodigitaldeescobar.com.ar\/wp-content\/uploads\/2023\/12\/6575da7dab90d_1200.jpg 1200w\" sizes=\"(max-width: 1024px) 100vw, 1024px\" \/><\/figure>\n\n\n\n<p>En tanto, la comisi\u00f3n de Interior estuvo integrada por los senadores de UXP Marcelo Lewandowsky, Juliana Di Tullio y Mar\u00eda Eugenia Dure, de la UCR Victor, Lucila Crexell del MPN, y Victor Zummermann de la UCR, y los diputados de UxP Gladys Medina y Andrea Freites; Santiago Santurio Rodr\u00edguez y Lorena Villaverde de la Libertad Avanza y Cristian Ritondo del PRO.<\/p>\n\n\n\n<p><\/p>\n\n\n\n<h3 class=\"wp-block-heading\">MANDATARIOS EXTRANJEROS, GOBERNADORES, JUECES Y MINISTROS EN EL CONGRESO<\/h3>\n\n\n\n<p>Entre los asistentes a la jura presidencial de Javier Milei se vio en uno de los palcos a los padres del mandatario, Norberto y Alicia, y su pareja, la actriz F\u00e1tima Florez. Ellos fueron los primeros en arribar al reciento.<br><br><strong>Las delegaciones extranjeras tambi\u00e9n tuvieron su presencia.<\/strong>&nbsp;Entre ellos, el presidente de Uruguay, Luis Lacalle Pou; de Paraguay, Santiago Pe\u00f1a; y de Chile Gabriel Boric; en una de las bandejas ubicadas al costado del estrado junto con el mandatario ucraniano, Volodimir Zelenski; el Rey de Espa\u00f1a, Felipe VI, adem\u00e1s de otros mandatarios europeos, as\u00ed como el embajador de Estados Unidos, Marc Stanley, y el expresidente de Brasil, Jair Bolsonaro.<br><br>Entre&nbsp;<strong>los ministros concurrieron los designados<\/strong>&nbsp;canciller Diana Mondino; la ministra de Capital Humano, Sandra Pettovello, el de Interior, Guillermo Francos; de Econom\u00eda, Luis Caputo; de Justicia, Mariano C\u00faneo Libarona; de Defensa, Luis Petri; de Seguridad, Patricia Bullrich, y el jefe de Gabinete, Nicol\u00e1s Posse, entre otros.&nbsp;Adem\u00e1s, en uno de los palcos del primer piso se ubic\u00f3 el vocero presidencial Manuel Adorni.<br><br>Asimismo, en otro de los palcos estuvo el exsenador Eduardo Menem, padre del presidente de la C\u00e1mara de Diputados, Mart\u00edn Menem, y su prima Zulemita Menem, con sus dos hijos.<br><br>Tambi\u00e9n se encontraban presentes&nbsp;<strong>los jueces de la Corte Suprema<\/strong>, Carlos Rosenkrantz, Carlos Maqueda, Ricardo Lorenzetti y Carlos Rosatti. Adem\u00e1s estuvieron&nbsp;el jefe de Gobierno porte\u00f1o, Jorge Macri; los gobernadores de Entre R\u00edos, Rogelio Frigerio; de Mendoza, Alfredo Cornejo; y de Buenos Aires, Axel Kicillof; de La Pampa, Sergio Ziliotto; de Santa Fe, Maximiliano Pullaro; de Corrientes, Gustavo Vald\u00e9s, entre otros.<br><br>Finalmente,&nbsp;<strong>estuvieron los expresidentes&nbsp;<\/strong>Eduardo Duhalde, Mauricio Macri y Adolfo Rodr\u00edguez Sa\u00e1, que se ubicaron en primera fila de una de las bandejas ubicadas al lado del estrado principal.<\/p>\n\n\n\n<p><\/p>\n","protected":false},"excerpt":{"rendered":"<p>El juramento fue tomado por Cristina Fern\u00e1ndez de Kirchner y Alberto Fern\u00e1ndez fue el encargado de entregarle la banda y el bast\u00f3n presidencial. \u00abViva la [&hellip;]<\/p>\n","protected":false},"author":1,"featured_media":1716,"comment_status":"open","ping_status":"open","sticky":false,"template":"","format":"standard","meta":{"footnotes":""},"categories":[6],"tags":[76],"class_list":["post-1715","post","type-post","status-publish","format-standard","has-post-thumbnail","hentry","category-politica","tag-asuncion"],"better_featured_image":{"id":1716,"alt_text":"","caption":"","description":"","media_type":"image","media_details":{"width":1200,"height":675,"file":"2023\/12\/6575d79677f17_1200.jpg","filesize":60834,"sizes":{"medium":{"file":"6575d79677f17_1200-300x169.jpg","width":300,"height":169,"mime-type":"image\/jpeg","filesize":8854,"source_url":"https:\/\/nuevodigitaldeescobar.com.ar\/wp-content\/uploads\/2023\/12\/6575d79677f17_1200-300x169.jpg"},"large":{"file":"6575d79677f17_1200-1024x576.jpg","width":1024,"height":576,"mime-type":"image\/jpeg","filesize":53742,"source_url":"https:\/\/nuevodigitaldeescobar.com.ar\/wp-content\/uploads\/2023\/12\/6575d79677f17_1200-1024x576.jpg"},"thumbnail":{"file":"6575d79677f17_1200-150x150.jpg","width":150,"height":150,"mime-type":"image\/jpeg","filesize":4909,"source_url":"https:\/\/nuevodigitaldeescobar.com.ar\/wp-content\/uploads\/2023\/12\/6575d79677f17_1200-150x150.jpg"},"medium_large":{"file":"6575d79677f17_1200-768x432.jpg","width":768,"height":432,"mime-type":"image\/jpeg","filesize":34647,"source_url":"https:\/\/nuevodigitaldeescobar.com.ar\/wp-content\/uploads\/2023\/12\/6575d79677f17_1200-768x432.jpg"},"covernews-slider-full":{"file":"6575d79677f17_1200-1115x675.jpg","width":1115,"height":675,"mime-type":"image\/jpeg","filesize":69022,"source_url":"https:\/\/nuevodigitaldeescobar.com.ar\/wp-content\/uploads\/2023\/12\/6575d79677f17_1200-1115x675.jpg"},"covernews-slider-center":{"file":"6575d79677f17_1200-800x500.jpg","width":800,"height":500,"mime-type":"image\/jpeg","filesize":40149,"source_url":"https:\/\/nuevodigitaldeescobar.com.ar\/wp-content\/uploads\/2023\/12\/6575d79677f17_1200-800x500.jpg"},"covernews-featured":{"file":"6575d79677f17_1200-1024x576.jpg","width":1024,"height":576,"mime-type":"image\/jpeg","filesize":53742,"source_url":"https:\/\/nuevodigitaldeescobar.com.ar\/wp-content\/uploads\/2023\/12\/6575d79677f17_1200-1024x576.jpg"},"covernews-medium":{"file":"6575d79677f17_1200-540x340.jpg","width":540,"height":340,"mime-type":"image\/jpeg","filesize":22639,"source_url":"https:\/\/nuevodigitaldeescobar.com.ar\/wp-content\/uploads\/2023\/12\/6575d79677f17_1200-540x340.jpg"},"covernews-medium-square":{"file":"6575d79677f17_1200-400x250.jpg","width":400,"height":250,"mime-type":"image\/jpeg","filesize":14335,"source_url":"https:\/\/nuevodigitaldeescobar.com.ar\/wp-content\/uploads\/2023\/12\/6575d79677f17_1200-400x250.jpg"}},"image_meta":{"aperture":"0","credit":"","camera":"","caption":"","created_timestamp":"0","copyright":"","focal_length":"0","iso":"0","shutter_speed":"0","title":"","orientation":"0","keywords":[]}},"post":1715,"source_url":"https:\/\/nuevodigitaldeescobar.com.ar\/wp-content\/uploads\/2023\/12\/6575d79677f17_1200.jpg"},"yoast_head":"<!-- This site is optimized with the Yoast SEO plugin v26.1.1 - https:\/\/yoast.com\/wordpress\/plugins\/seo\/ -->\n<title>Milei y Villarruel juraron en el Congreso y ya son Presidente y Vice de la Naci\u00f3n - Nuevo Digital de Escobar<\/title>\n<meta name=\"robots\" content=\"index, follow, max-snippet:-1, max-image-preview:large, max-video-preview:-1\" \/>\n<link rel=\"canonical\" href=\"https:\/\/nuevodigitaldeescobar.com.ar\/?p=1715\" \/>\n<meta property=\"og:locale\" content=\"es_ES\" \/>\n<meta property=\"og:type\" content=\"article\" \/>\n<meta property=\"og:title\" content=\"Milei y Villarruel juraron en el Congreso y ya son Presidente y Vice de la Naci\u00f3n - Nuevo Digital de Escobar\" \/>\n<meta property=\"og:description\" content=\"El juramento fue tomado por Cristina Fern\u00e1ndez de Kirchner y Alberto Fern\u00e1ndez fue el encargado de entregarle la banda y el bast\u00f3n presidencial. \u00abViva la [&hellip;]\" \/>\n<meta property=\"og:url\" content=\"https:\/\/nuevodigitaldeescobar.com.ar\/?p=1715\" \/>\n<meta property=\"og:site_name\" content=\"Nuevo Digital de Escobar\" \/>\n<meta property=\"article:publisher\" content=\"https:\/\/www.facebook.com\/NUEVODigitalDeEscobar\" \/>\n<meta property=\"article:published_time\" content=\"2023-12-10T17:00:07+00:00\" \/>\n<meta property=\"article:modified_time\" content=\"2023-12-10T17:00:14+00:00\" \/>\n<meta property=\"og:image\" content=\"https:\/\/nuevodigitaldeescobar.com.ar\/wp-content\/uploads\/2023\/12\/6575d79677f17_1200.jpg\" \/>\n\t<meta property=\"og:image:width\" content=\"1200\" \/>\n\t<meta property=\"og:image:height\" content=\"675\" \/>\n\t<meta property=\"og:image:type\" content=\"image\/jpeg\" \/>\n<meta name=\"author\" content=\"Redacci\u00f3n\" \/>\n<meta name=\"twitter:card\" content=\"summary_large_image\" \/>\n<meta name=\"twitter:creator\" content=\"@nuevodigescobar\" \/>\n<meta name=\"twitter:site\" content=\"@nuevodigescobar\" \/>\n<meta name=\"twitter:label1\" content=\"Escrito por\" \/>\n\t<meta name=\"twitter:data1\" content=\"Redacci\u00f3n\" \/>\n\t<meta name=\"twitter:label2\" content=\"Tiempo de lectura\" \/>\n\t<meta name=\"twitter:data2\" content=\"5 minutos\" \/>\n<script type=\"application\/ld+json\" class=\"yoast-schema-graph\">{\"@context\":\"https:\/\/schema.org\",\"@graph\":[{\"@type\":\"Article\",\"@id\":\"https:\/\/nuevodigitaldeescobar.com.ar\/?p=1715#article\",\"isPartOf\":{\"@id\":\"https:\/\/nuevodigitaldeescobar.com.ar\/?p=1715\"},\"author\":{\"name\":\"Redacci\u00f3n\",\"@id\":\"https:\/\/nuevodigitaldeescobar.com.ar\/#\/schema\/person\/035e90a8efe9a80e6eec22656ad6ea4c\"},\"headline\":\"Milei y Villarruel juraron en el Congreso y ya son Presidente y Vice de la Naci\u00f3n\",\"datePublished\":\"2023-12-10T17:00:07+00:00\",\"dateModified\":\"2023-12-10T17:00:14+00:00\",\"mainEntityOfPage\":{\"@id\":\"https:\/\/nuevodigitaldeescobar.com.ar\/?p=1715\"},\"wordCount\":1009,\"commentCount\":0,\"publisher\":{\"@id\":\"https:\/\/nuevodigitaldeescobar.com.ar\/#organization\"},\"image\":{\"@id\":\"https:\/\/nuevodigitaldeescobar.com.ar\/?p=1715#primaryimage\"},\"thumbnailUrl\":\"https:\/\/nuevodigitaldeescobar.com.ar\/wp-content\/uploads\/2023\/12\/6575d79677f17_1200.jpg\",\"keywords\":[\"asunci\u00f3n\"],\"articleSection\":[\"Pol\u00edtica\"],\"inLanguage\":\"es\",\"potentialAction\":[{\"@type\":\"CommentAction\",\"name\":\"Comment\",\"target\":[\"https:\/\/nuevodigitaldeescobar.com.ar\/?p=1715#respond\"]}]},{\"@type\":\"WebPage\",\"@id\":\"https:\/\/nuevodigitaldeescobar.com.ar\/?p=1715\",\"url\":\"https:\/\/nuevodigitaldeescobar.com.ar\/?p=1715\",\"name\":\"Milei y Villarruel juraron en el Congreso y ya son Presidente y Vice de la Naci\u00f3n - Nuevo Digital de Escobar\",\"isPartOf\":{\"@id\":\"https:\/\/nuevodigitaldeescobar.com.ar\/#website\"},\"primaryImageOfPage\":{\"@id\":\"https:\/\/nuevodigitaldeescobar.com.ar\/?p=1715#primaryimage\"},\"image\":{\"@id\":\"https:\/\/nuevodigitaldeescobar.com.ar\/?p=1715#primaryimage\"},\"thumbnailUrl\":\"https:\/\/nuevodigitaldeescobar.com.ar\/wp-content\/uploads\/2023\/12\/6575d79677f17_1200.jpg\",\"datePublished\":\"2023-12-10T17:00:07+00:00\",\"dateModified\":\"2023-12-10T17:00:14+00:00\",\"breadcrumb\":{\"@id\":\"https:\/\/nuevodigitaldeescobar.com.ar\/?p=1715#breadcrumb\"},\"inLanguage\":\"es\",\"potentialAction\":[{\"@type\":\"ReadAction\",\"target\":[\"https:\/\/nuevodigitaldeescobar.com.ar\/?p=1715\"]}]},{\"@type\":\"ImageObject\",\"inLanguage\":\"es\",\"@id\":\"https:\/\/nuevodigitaldeescobar.com.ar\/?p=1715#primaryimage\",\"url\":\"https:\/\/nuevodigitaldeescobar.com.ar\/wp-content\/uploads\/2023\/12\/6575d79677f17_1200.jpg\",\"contentUrl\":\"https:\/\/nuevodigitaldeescobar.com.ar\/wp-content\/uploads\/2023\/12\/6575d79677f17_1200.jpg\",\"width\":1200,\"height\":675},{\"@type\":\"BreadcrumbList\",\"@id\":\"https:\/\/nuevodigitaldeescobar.com.ar\/?p=1715#breadcrumb\",\"itemListElement\":[{\"@type\":\"ListItem\",\"position\":1,\"name\":\"Portada\",\"item\":\"https:\/\/nuevodigitaldeescobar.com.ar\/\"},{\"@type\":\"ListItem\",\"position\":2,\"name\":\"Milei y Villarruel juraron en el Congreso y ya son Presidente y Vice de la Naci\u00f3n\"}]},{\"@type\":\"WebSite\",\"@id\":\"https:\/\/nuevodigitaldeescobar.com.ar\/#website\",\"url\":\"https:\/\/nuevodigitaldeescobar.com.ar\/\",\"name\":\"Nuevo Digital de Escobar\",\"description\":\"La vida escobarense. Directora: Rosana Brunner\",\"publisher\":{\"@id\":\"https:\/\/nuevodigitaldeescobar.com.ar\/#organization\"},\"potentialAction\":[{\"@type\":\"SearchAction\",\"target\":{\"@type\":\"EntryPoint\",\"urlTemplate\":\"https:\/\/nuevodigitaldeescobar.com.ar\/?s={search_term_string}\"},\"query-input\":{\"@type\":\"PropertyValueSpecification\",\"valueRequired\":true,\"valueName\":\"search_term_string\"}}],\"inLanguage\":\"es\"},{\"@type\":\"Organization\",\"@id\":\"https:\/\/nuevodigitaldeescobar.com.ar\/#organization\",\"name\":\"Nuevo Digital de Escobar\",\"url\":\"https:\/\/nuevodigitaldeescobar.com.ar\/\",\"logo\":{\"@type\":\"ImageObject\",\"inLanguage\":\"es\",\"@id\":\"https:\/\/nuevodigitaldeescobar.com.ar\/#\/schema\/logo\/image\/\",\"url\":\"https:\/\/nuevodigitaldeescobar.com.ar\/wp-content\/uploads\/2025\/05\/cropped-logo-nuevo2.jpg\",\"contentUrl\":\"https:\/\/nuevodigitaldeescobar.com.ar\/wp-content\/uploads\/2025\/05\/cropped-logo-nuevo2.jpg\",\"width\":305,\"height\":305,\"caption\":\"Nuevo Digital de Escobar\"},\"image\":{\"@id\":\"https:\/\/nuevodigitaldeescobar.com.ar\/#\/schema\/logo\/image\/\"},\"sameAs\":[\"https:\/\/www.facebook.com\/NUEVODigitalDeEscobar\",\"https:\/\/x.com\/nuevodigescobar\",\"https:\/\/www.instagram.com\/nuevodigitaldeescobar\"]},{\"@type\":\"Person\",\"@id\":\"https:\/\/nuevodigitaldeescobar.com.ar\/#\/schema\/person\/035e90a8efe9a80e6eec22656ad6ea4c\",\"name\":\"Redacci\u00f3n\",\"image\":{\"@type\":\"ImageObject\",\"inLanguage\":\"es\",\"@id\":\"https:\/\/nuevodigitaldeescobar.com.ar\/#\/schema\/person\/image\/\",\"url\":\"https:\/\/secure.gravatar.com\/avatar\/8af8f40000c24e9eef3034f2be5998a372bb1389e64b1a4a36b3a7979142220d?s=96&d=mm&r=g\",\"contentUrl\":\"https:\/\/secure.gravatar.com\/avatar\/8af8f40000c24e9eef3034f2be5998a372bb1389e64b1a4a36b3a7979142220d?s=96&d=mm&r=g\",\"caption\":\"Redacci\u00f3n\"},\"sameAs\":[\"http:\/\/nuevodigitaldeescobar.com.ar\"],\"url\":\"https:\/\/nuevodigitaldeescobar.com.ar\/?author=1\"}]}<\/script>\n<!-- \/ Yoast SEO plugin. -->","yoast_head_json":{"title":"Milei y Villarruel juraron en el Congreso y ya son Presidente y Vice de la Naci\u00f3n - Nuevo Digital de Escobar","robots":{"index":"index","follow":"follow","max-snippet":"max-snippet:-1","max-image-preview":"max-image-preview:large","max-video-preview":"max-video-preview:-1"},"canonical":"https:\/\/nuevodigitaldeescobar.com.ar\/?p=1715","og_locale":"es_ES","og_type":"article","og_title":"Milei y Villarruel juraron en el Congreso y ya son Presidente y Vice de la Naci\u00f3n - Nuevo Digital de Escobar","og_description":"El juramento fue tomado por Cristina Fern\u00e1ndez de Kirchner y Alberto Fern\u00e1ndez fue el encargado de entregarle la banda y el bast\u00f3n presidencial. \u00abViva la [&hellip;]","og_url":"https:\/\/nuevodigitaldeescobar.com.ar\/?p=1715","og_site_name":"Nuevo Digital de Escobar","article_publisher":"https:\/\/www.facebook.com\/NUEVODigitalDeEscobar","article_published_time":"2023-12-10T17:00:07+00:00","article_modified_time":"2023-12-10T17:00:14+00:00","og_image":[{"width":1200,"height":675,"url":"https:\/\/nuevodigitaldeescobar.com.ar\/wp-content\/uploads\/2023\/12\/6575d79677f17_1200.jpg","type":"image\/jpeg"}],"author":"Redacci\u00f3n","twitter_card":"summary_large_image","twitter_creator":"@nuevodigescobar","twitter_site":"@nuevodigescobar","twitter_misc":{"Escrito por":"Redacci\u00f3n","Tiempo de lectura":"5 minutos"},"schema":{"@context":"https:\/\/schema.org","@graph":[{"@type":"Article","@id":"https:\/\/nuevodigitaldeescobar.com.ar\/?p=1715#article","isPartOf":{"@id":"https:\/\/nuevodigitaldeescobar.com.ar\/?p=1715"},"author":{"name":"Redacci\u00f3n","@id":"https:\/\/nuevodigitaldeescobar.com.ar\/#\/schema\/person\/035e90a8efe9a80e6eec22656ad6ea4c"},"headline":"Milei y Villarruel juraron en el Congreso y ya son Presidente y Vice de la Naci\u00f3n","datePublished":"2023-12-10T17:00:07+00:00","dateModified":"2023-12-10T17:00:14+00:00","mainEntityOfPage":{"@id":"https:\/\/nuevodigitaldeescobar.com.ar\/?p=1715"},"wordCount":1009,"commentCount":0,"publisher":{"@id":"https:\/\/nuevodigitaldeescobar.com.ar\/#organization"},"image":{"@id":"https:\/\/nuevodigitaldeescobar.com.ar\/?p=1715#primaryimage"},"thumbnailUrl":"https:\/\/nuevodigitaldeescobar.com.ar\/wp-content\/uploads\/2023\/12\/6575d79677f17_1200.jpg","keywords":["asunci\u00f3n"],"articleSection":["Pol\u00edtica"],"inLanguage":"es","potentialAction":[{"@type":"CommentAction","name":"Comment","target":["https:\/\/nuevodigitaldeescobar.com.ar\/?p=1715#respond"]}]},{"@type":"WebPage","@id":"https:\/\/nuevodigitaldeescobar.com.ar\/?p=1715","url":"https:\/\/nuevodigitaldeescobar.com.ar\/?p=1715","name":"Milei y Villarruel juraron en el Congreso y ya son Presidente y Vice de la Naci\u00f3n - Nuevo Digital de Escobar","isPartOf":{"@id":"https:\/\/nuevodigitaldeescobar.com.ar\/#website"},"primaryImageOfPage":{"@id":"https:\/\/nuevodigitaldeescobar.com.ar\/?p=1715#primaryimage"},"image":{"@id":"https:\/\/nuevodigitaldeescobar.com.ar\/?p=1715#primaryimage"},"thumbnailUrl":"https:\/\/nuevodigitaldeescobar.com.ar\/wp-content\/uploads\/2023\/12\/6575d79677f17_1200.jpg","datePublished":"2023-12-10T17:00:07+00:00","dateModified":"2023-12-10T17:00:14+00:00","breadcrumb":{"@id":"https:\/\/nuevodigitaldeescobar.com.ar\/?p=1715#breadcrumb"},"inLanguage":"es","potentialAction":[{"@type":"ReadAction","target":["https:\/\/nuevodigitaldeescobar.com.ar\/?p=1715"]}]},{"@type":"ImageObject","inLanguage":"es","@id":"https:\/\/nuevodigitaldeescobar.com.ar\/?p=1715#primaryimage","url":"https:\/\/nuevodigitaldeescobar.com.ar\/wp-content\/uploads\/2023\/12\/6575d79677f17_1200.jpg","contentUrl":"https:\/\/nuevodigitaldeescobar.com.ar\/wp-content\/uploads\/2023\/12\/6575d79677f17_1200.jpg","width":1200,"height":675},{"@type":"BreadcrumbList","@id":"https:\/\/nuevodigitaldeescobar.com.ar\/?p=1715#breadcrumb","itemListElement":[{"@type":"ListItem","position":1,"name":"Portada","item":"https:\/\/nuevodigitaldeescobar.com.ar\/"},{"@type":"ListItem","position":2,"name":"Milei y Villarruel juraron en el Congreso y ya son Presidente y Vice de la Naci\u00f3n"}]},{"@type":"WebSite","@id":"https:\/\/nuevodigitaldeescobar.com.ar\/#website","url":"https:\/\/nuevodigitaldeescobar.com.ar\/","name":"Nuevo Digital de Escobar","description":"La vida escobarense. Directora: Rosana Brunner","publisher":{"@id":"https:\/\/nuevodigitaldeescobar.com.ar\/#organization"},"potentialAction":[{"@type":"SearchAction","target":{"@type":"EntryPoint","urlTemplate":"https:\/\/nuevodigitaldeescobar.com.ar\/?s={search_term_string}"},"query-input":{"@type":"PropertyValueSpecification","valueRequired":true,"valueName":"search_term_string"}}],"inLanguage":"es"},{"@type":"Organization","@id":"https:\/\/nuevodigitaldeescobar.com.ar\/#organization","name":"Nuevo Digital de Escobar","url":"https:\/\/nuevodigitaldeescobar.com.ar\/","logo":{"@type":"ImageObject","inLanguage":"es","@id":"https:\/\/nuevodigitaldeescobar.com.ar\/#\/schema\/logo\/image\/","url":"https:\/\/nuevodigitaldeescobar.com.ar\/wp-content\/uploads\/2025\/05\/cropped-logo-nuevo2.jpg","contentUrl":"https:\/\/nuevodigitaldeescobar.com.ar\/wp-content\/uploads\/2025\/05\/cropped-logo-nuevo2.jpg","width":305,"height":305,"caption":"Nuevo Digital de Escobar"},"image":{"@id":"https:\/\/nuevodigitaldeescobar.com.ar\/#\/schema\/logo\/image\/"},"sameAs":["https:\/\/www.facebook.com\/NUEVODigitalDeEscobar","https:\/\/x.com\/nuevodigescobar","https:\/\/www.instagram.com\/nuevodigitaldeescobar"]},{"@type":"Person","@id":"https:\/\/nuevodigitaldeescobar.com.ar\/#\/schema\/person\/035e90a8efe9a80e6eec22656ad6ea4c","name":"Redacci\u00f3n","image":{"@type":"ImageObject","inLanguage":"es","@id":"https:\/\/nuevodigitaldeescobar.com.ar\/#\/schema\/person\/image\/","url":"https:\/\/secure.gravatar.com\/avatar\/8af8f40000c24e9eef3034f2be5998a372bb1389e64b1a4a36b3a7979142220d?s=96&d=mm&r=g","contentUrl":"https:\/\/secure.gravatar.com\/avatar\/8af8f40000c24e9eef3034f2be5998a372bb1389e64b1a4a36b3a7979142220d?s=96&d=mm&r=g","caption":"Redacci\u00f3n"},"sameAs":["http:\/\/nuevodigitaldeescobar.com.ar"],"url":"https:\/\/nuevodigitaldeescobar.com.ar\/?author=1"}]}},"featured_image_urls":{"full":["https:\/\/nuevodigitaldeescobar.com.ar\/wp-content\/uploads\/2023\/12\/6575d79677f17_1200.jpg",1200,675,false],"thumbnail":["https:\/\/nuevodigitaldeescobar.com.ar\/wp-content\/uploads\/2023\/12\/6575d79677f17_1200-150x150.jpg",150,150,true],"medium":["https:\/\/nuevodigitaldeescobar.com.ar\/wp-content\/uploads\/2023\/12\/6575d79677f17_1200-300x169.jpg",300,169,true],"medium_large":["https:\/\/nuevodigitaldeescobar.com.ar\/wp-content\/uploads\/2023\/12\/6575d79677f17_1200-768x432.jpg",640,360,true],"large":["https:\/\/nuevodigitaldeescobar.com.ar\/wp-content\/uploads\/2023\/12\/6575d79677f17_1200-1024x576.jpg",640,360,true],"1536x1536":["https:\/\/nuevodigitaldeescobar.com.ar\/wp-content\/uploads\/2023\/12\/6575d79677f17_1200.jpg",1200,675,false],"2048x2048":["https:\/\/nuevodigitaldeescobar.com.ar\/wp-content\/uploads\/2023\/12\/6575d79677f17_1200.jpg",1200,675,false]},"author_info":{"display_name":"Redacci\u00f3n","author_link":"https:\/\/nuevodigitaldeescobar.com.ar\/?author=1"},"category_info":"<a href=\"https:\/\/nuevodigitaldeescobar.com.ar\/?cat=6\" rel=\"category\">Pol\u00edtica<\/a>","tag_info":"Pol\u00edtica","comment_count":"0","_links":{"self":[{"href":"https:\/\/nuevodigitaldeescobar.com.ar\/index.php?rest_route=\/wp\/v2\/posts\/1715","targetHints":{"allow":["GET"]}}],"collection":[{"href":"https:\/\/nuevodigitaldeescobar.com.ar\/index.php?rest_route=\/wp\/v2\/posts"}],"about":[{"href":"https:\/\/nuevodigitaldeescobar.com.ar\/index.php?rest_route=\/wp\/v2\/types\/post"}],"author":[{"embeddable":true,"href":"https:\/\/nuevodigitaldeescobar.com.ar\/index.php?rest_route=\/wp\/v2\/users\/1"}],"replies":[{"embeddable":true,"href":"https:\/\/nuevodigitaldeescobar.com.ar\/index.php?rest_route=%2Fwp%2Fv2%2Fcomments&post=1715"}],"version-history":[{"count":1,"href":"https:\/\/nuevodigitaldeescobar.com.ar\/index.php?rest_route=\/wp\/v2\/posts\/1715\/revisions"}],"predecessor-version":[{"id":1720,"href":"https:\/\/nuevodigitaldeescobar.com.ar\/index.php?rest_route=\/wp\/v2\/posts\/1715\/revisions\/1720"}],"wp:featuredmedia":[{"embeddable":true,"href":"https:\/\/nuevodigitaldeescobar.com.ar\/index.php?rest_route=\/wp\/v2\/media\/1716"}],"wp:attachment":[{"href":"https:\/\/nuevodigitaldeescobar.com.ar\/index.php?rest_route=%2Fwp%2Fv2%2Fmedia&parent=1715"}],"wp:term":[{"taxonomy":"category","embeddable":true,"href":"https:\/\/nuevodigitaldeescobar.com.ar\/index.php?rest_route=%2Fwp%2Fv2%2Fcategories&post=1715"},{"taxonomy":"post_tag","embeddable":true,"href":"https:\/\/nuevodigitaldeescobar.com.ar\/index.php?rest_route=%2Fwp%2Fv2%2Ftags&post=1715"}],"curies":[{"name":"wp","href":"https:\/\/api.w.org\/{rel}","templated":true}]}}