{"id":17161,"date":"2025-08-12T00:20:00","date_gmt":"2025-08-12T03:20:00","guid":{"rendered":"https:\/\/nuevodigitaldeescobar.com.ar\/?p=17161"},"modified":"2025-08-12T06:42:44","modified_gmt":"2025-08-12T09:42:44","slug":"murio-miguel-uribe-turbay-colombia-de-luto-y-nuevas-dudas-sobre-la-seguridad-politica","status":"publish","type":"post","link":"https:\/\/nuevodigitaldeescobar.com.ar\/?p=17161","title":{"rendered":"Muri\u00f3 Miguel Uribe Turbay: Colombia de luto y nuevas dudas sobre la seguridad pol\u00edtica"},"content":{"rendered":"\n<p class=\"has-vivid-cyan-blue-color has-text-color has-link-color wp-elements-14ed1b5805ba91ac1de4698dccd0993e\"><strong><em>Colombia despert\u00f3 este lunes con la noticia que nadie quer\u00eda escuchar: el senador y precandidato presidencial Miguel Uribe Turbay falleci\u00f3 en la madrugada, tras m\u00e1s de dos meses de lucha luego del atentado sicarial que sufri\u00f3 el 7 de junio en Bogot\u00e1.<\/em><\/strong><\/p>\n\n\n\n<!--more-->\n\n\n\n<p>El dirigente, de 38 a\u00f1os, muri\u00f3 en la <strong>Fundaci\u00f3n Santa Fe de Bogot\u00e1<\/strong> debido a complicaciones neurol\u00f3gicas derivadas de los disparos que recibi\u00f3 durante un acto pol\u00edtico. Uno de ellos, en la cabeza, le provoc\u00f3 severos da\u00f1os que, pese a m\u00faltiples cirug\u00edas y un breve periodo de mejor\u00eda, terminaron por costarle la vida.<\/p>\n\n\n\n<p>Su esposa, <strong>Mar\u00eda Claudia Tarazona<\/strong>, lo despidi\u00f3 con un mensaje cargado de amor y promesas:<\/p>\n\n\n\n<blockquote class=\"wp-block-quote is-layout-flow wp-block-quote-is-layout-flow\">\n<p><em>\u201cSiempre ser\u00e1s el amor de mi vida&#8230; cuidar\u00e9 de nuestros hijos hasta cumplir mi promesa y luego volveremos a encontrarnos\u201d<\/em>.<\/p>\n<\/blockquote>\n\n\n\n<h3 class=\"wp-block-heading has-text-color has-link-color wp-elements-ed5e8e0dddf80affe39791806ff16eb8\" style=\"color:#0e18c6\">El atentado que conmocion\u00f3 al pa\u00eds<\/h3>\n\n\n\n<p>El ataque ocurri\u00f3 en el barrio Modelia, en pleno acto de campa\u00f1a, cuando un adolescente de 15 a\u00f1os se mezcl\u00f3 entre la gente y dispar\u00f3 a corta distancia. El joven fue detenido en el lugar y confes\u00f3 que lo hizo <em>\u201cpor plata\u201d<\/em> y <em>\u201cpor su familia\u201d<\/em>.<\/p>\n\n\n\n<p>La Fiscal\u00eda detuvo tambi\u00e9n a otros cinco sospechosos, incluido <strong>Elder Jos\u00e9 Arteaga Hern\u00e1ndez, alias \u201cel Coste\u00f1o\u201d<\/strong>, acusado de coordinar el crimen.<\/p>\n\n\n\n<h3 class=\"wp-block-heading has-text-color has-link-color wp-elements-f63889fd43f08a7439c566ce9c4ebe01\" style=\"color:#0e18c6\">Reacciones y preocupaci\u00f3n<\/h3>\n\n\n\n<p>El asesinato gener\u00f3 un repudio generalizado y masivas marchas pac\u00edficas. Dirigentes como la senadora Mar\u00eda Fernanda Cabal y el expresidente \u00c1lvaro Uribe lamentaron la p\u00e9rdida, describiendo a Uribe Turbay como un hombre \u00edntegro y comprometido.<\/p>\n\n\n\n<p>Sin embargo, m\u00e1s all\u00e1 del dolor, el atentado vuelve a encender <strong>preguntas sobre la capacidad del Estado para proteger a sus l\u00edderes pol\u00edticos<\/strong>, y en algunos sectores ya circula de manera potencial la <strong>desconfianza hacia el poder de turno<\/strong>, ante la sospecha de que no se hayan tomado las medidas de seguridad necesarias en un contexto pol\u00edtico cada vez m\u00e1s tenso.<\/p>\n\n\n\n<h3 class=\"wp-block-heading has-text-color has-link-color wp-elements-4a4f519c20922451722343f18202ddb2\" style=\"color:#0e18c6\">Una vida marcada por la pol\u00edtica y la tragedia<\/h3>\n\n\n\n<p>Nacido en una familia con una profunda trayectoria pol\u00edtica \u2014nieto del expresidente Julio C\u00e9sar Turbay y del dirigente Rodrigo Uribe Echavarr\u00eda\u2014, Miguel perdi\u00f3 a su madre, la periodista Diana Turbay, a los 5 a\u00f1os, en un fallido operativo contra el narcotr\u00e1fico.<\/p>\n\n\n\n<p>Fue concejal de Bogot\u00e1, secretario de Gobierno y en 2022 se convirti\u00f3 en el senador m\u00e1s votado del pa\u00eds por el <strong>Centro Democr\u00e1tico<\/strong>. Hoy deja a su esposa y a su hijo Alejandro, y un vac\u00edo dif\u00edcil de llenar en la pol\u00edtica colombiana.<\/p>\n\n\n\n<p><\/p>\n","protected":false},"excerpt":{"rendered":"<p>Colombia despert\u00f3 este lunes con la noticia que nadie quer\u00eda escuchar: el senador y precandidato presidencial Miguel Uribe Turbay falleci\u00f3 en la madrugada, tras m\u00e1s [&hellip;]<\/p>\n","protected":false},"author":1,"featured_media":17162,"comment_status":"open","ping_status":"open","sticky":false,"template":"","format":"standard","meta":{"footnotes":""},"categories":[285],"tags":[],"class_list":["post-17161","post","type-post","status-publish","format-standard","has-post-thumbnail","hentry","category-internacionales"],"better_featured_image":{"id":17162,"alt_text":"","caption":"","description":"","media_type":"image","media_details":{"width":600,"height":314,"file":"2025\/08\/migueluribeturbay789.jpg","filesize":15144,"sizes":{"medium":{"file":"migueluribeturbay789-300x157.jpg","width":300,"height":157,"mime-type":"image\/jpeg","filesize":5856,"source_url":"https:\/\/nuevodigitaldeescobar.com.ar\/wp-content\/uploads\/2025\/08\/migueluribeturbay789-300x157.jpg"},"thumbnail":{"file":"migueluribeturbay789-150x150.jpg","width":150,"height":150,"mime-type":"image\/jpeg","filesize":3691,"source_url":"https:\/\/nuevodigitaldeescobar.com.ar\/wp-content\/uploads\/2025\/08\/migueluribeturbay789-150x150.jpg"}},"image_meta":{"aperture":"0","credit":"","camera":"","caption":"","created_timestamp":"0","copyright":"","focal_length":"0","iso":"0","shutter_speed":"0","title":"","orientation":"0","keywords":[]}},"post":17161,"source_url":"https:\/\/nuevodigitaldeescobar.com.ar\/wp-content\/uploads\/2025\/08\/migueluribeturbay789.jpg"},"yoast_head":"<!-- This site is optimized with the Yoast SEO plugin v26.1.1 - https:\/\/yoast.com\/wordpress\/plugins\/seo\/ -->\n<title>Muri\u00f3 Miguel Uribe Turbay: Colombia de luto y nuevas dudas sobre la seguridad pol\u00edtica - Nuevo Digital de Escobar<\/title>\n<meta name=\"robots\" content=\"index, follow, max-snippet:-1, max-image-preview:large, max-video-preview:-1\" \/>\n<link rel=\"canonical\" href=\"https:\/\/nuevodigitaldeescobar.com.ar\/?p=17161\" \/>\n<meta property=\"og:locale\" content=\"es_ES\" \/>\n<meta property=\"og:type\" content=\"article\" \/>\n<meta property=\"og:title\" content=\"Muri\u00f3 Miguel Uribe Turbay: Colombia de luto y nuevas dudas sobre la seguridad pol\u00edtica - Nuevo Digital de Escobar\" \/>\n<meta property=\"og:description\" content=\"Colombia despert\u00f3 este lunes con la noticia que nadie quer\u00eda escuchar: el senador y precandidato presidencial Miguel Uribe Turbay falleci\u00f3 en la madrugada, tras m\u00e1s [&hellip;]\" \/>\n<meta property=\"og:url\" content=\"https:\/\/nuevodigitaldeescobar.com.ar\/?p=17161\" \/>\n<meta property=\"og:site_name\" content=\"Nuevo Digital de Escobar\" \/>\n<meta property=\"article:publisher\" content=\"https:\/\/www.facebook.com\/NUEVODigitalDeEscobar\" \/>\n<meta property=\"article:published_time\" content=\"2025-08-12T03:20:00+00:00\" \/>\n<meta property=\"article:modified_time\" content=\"2025-08-12T09:42:44+00:00\" \/>\n<meta property=\"og:image\" content=\"http:\/\/nuevodigitaldeescobar.com.ar\/wp-content\/uploads\/2025\/08\/migueluribeturbay789.jpg\" \/>\n\t<meta property=\"og:image:width\" content=\"600\" \/>\n\t<meta property=\"og:image:height\" content=\"314\" \/>\n\t<meta property=\"og:image:type\" content=\"image\/jpeg\" \/>\n<meta name=\"author\" content=\"Redacci\u00f3n\" \/>\n<meta name=\"twitter:card\" content=\"summary_large_image\" \/>\n<meta name=\"twitter:creator\" content=\"@nuevodigescobar\" \/>\n<meta name=\"twitter:site\" content=\"@nuevodigescobar\" \/>\n<meta name=\"twitter:label1\" content=\"Escrito por\" \/>\n\t<meta name=\"twitter:data1\" content=\"Redacci\u00f3n\" \/>\n\t<meta name=\"twitter:label2\" content=\"Tiempo de lectura\" \/>\n\t<meta name=\"twitter:data2\" content=\"2 minutos\" \/>\n<script type=\"application\/ld+json\" class=\"yoast-schema-graph\">{\"@context\":\"https:\/\/schema.org\",\"@graph\":[{\"@type\":\"Article\",\"@id\":\"https:\/\/nuevodigitaldeescobar.com.ar\/?p=17161#article\",\"isPartOf\":{\"@id\":\"https:\/\/nuevodigitaldeescobar.com.ar\/?p=17161\"},\"author\":{\"name\":\"Redacci\u00f3n\",\"@id\":\"https:\/\/nuevodigitaldeescobar.com.ar\/#\/schema\/person\/035e90a8efe9a80e6eec22656ad6ea4c\"},\"headline\":\"Muri\u00f3 Miguel Uribe Turbay: Colombia de luto y nuevas dudas sobre la seguridad pol\u00edtica\",\"datePublished\":\"2025-08-12T03:20:00+00:00\",\"dateModified\":\"2025-08-12T09:42:44+00:00\",\"mainEntityOfPage\":{\"@id\":\"https:\/\/nuevodigitaldeescobar.com.ar\/?p=17161\"},\"wordCount\":445,\"commentCount\":0,\"publisher\":{\"@id\":\"https:\/\/nuevodigitaldeescobar.com.ar\/#organization\"},\"image\":{\"@id\":\"https:\/\/nuevodigitaldeescobar.com.ar\/?p=17161#primaryimage\"},\"thumbnailUrl\":\"https:\/\/nuevodigitaldeescobar.com.ar\/wp-content\/uploads\/2025\/08\/migueluribeturbay789.jpg\",\"articleSection\":[\"Internacionales\"],\"inLanguage\":\"es\",\"potentialAction\":[{\"@type\":\"CommentAction\",\"name\":\"Comment\",\"target\":[\"https:\/\/nuevodigitaldeescobar.com.ar\/?p=17161#respond\"]}]},{\"@type\":\"WebPage\",\"@id\":\"https:\/\/nuevodigitaldeescobar.com.ar\/?p=17161\",\"url\":\"https:\/\/nuevodigitaldeescobar.com.ar\/?p=17161\",\"name\":\"Muri\u00f3 Miguel Uribe Turbay: Colombia de luto y nuevas dudas sobre la seguridad pol\u00edtica - Nuevo Digital de Escobar\",\"isPartOf\":{\"@id\":\"https:\/\/nuevodigitaldeescobar.com.ar\/#website\"},\"primaryImageOfPage\":{\"@id\":\"https:\/\/nuevodigitaldeescobar.com.ar\/?p=17161#primaryimage\"},\"image\":{\"@id\":\"https:\/\/nuevodigitaldeescobar.com.ar\/?p=17161#primaryimage\"},\"thumbnailUrl\":\"https:\/\/nuevodigitaldeescobar.com.ar\/wp-content\/uploads\/2025\/08\/migueluribeturbay789.jpg\",\"datePublished\":\"2025-08-12T03:20:00+00:00\",\"dateModified\":\"2025-08-12T09:42:44+00:00\",\"breadcrumb\":{\"@id\":\"https:\/\/nuevodigitaldeescobar.com.ar\/?p=17161#breadcrumb\"},\"inLanguage\":\"es\",\"potentialAction\":[{\"@type\":\"ReadAction\",\"target\":[\"https:\/\/nuevodigitaldeescobar.com.ar\/?p=17161\"]}]},{\"@type\":\"ImageObject\",\"inLanguage\":\"es\",\"@id\":\"https:\/\/nuevodigitaldeescobar.com.ar\/?p=17161#primaryimage\",\"url\":\"https:\/\/nuevodigitaldeescobar.com.ar\/wp-content\/uploads\/2025\/08\/migueluribeturbay789.jpg\",\"contentUrl\":\"https:\/\/nuevodigitaldeescobar.com.ar\/wp-content\/uploads\/2025\/08\/migueluribeturbay789.jpg\",\"width\":600,\"height\":314},{\"@type\":\"BreadcrumbList\",\"@id\":\"https:\/\/nuevodigitaldeescobar.com.ar\/?p=17161#breadcrumb\",\"itemListElement\":[{\"@type\":\"ListItem\",\"position\":1,\"name\":\"Portada\",\"item\":\"https:\/\/nuevodigitaldeescobar.com.ar\/\"},{\"@type\":\"ListItem\",\"position\":2,\"name\":\"Muri\u00f3 Miguel Uribe Turbay: Colombia de luto y nuevas dudas sobre la seguridad pol\u00edtica\"}]},{\"@type\":\"WebSite\",\"@id\":\"https:\/\/nuevodigitaldeescobar.com.ar\/#website\",\"url\":\"https:\/\/nuevodigitaldeescobar.com.ar\/\",\"name\":\"Nuevo Digital de Escobar\",\"description\":\"La vida escobarense. Directora: Rosana Brunner\",\"publisher\":{\"@id\":\"https:\/\/nuevodigitaldeescobar.com.ar\/#organization\"},\"potentialAction\":[{\"@type\":\"SearchAction\",\"target\":{\"@type\":\"EntryPoint\",\"urlTemplate\":\"https:\/\/nuevodigitaldeescobar.com.ar\/?s={search_term_string}\"},\"query-input\":{\"@type\":\"PropertyValueSpecification\",\"valueRequired\":true,\"valueName\":\"search_term_string\"}}],\"inLanguage\":\"es\"},{\"@type\":\"Organization\",\"@id\":\"https:\/\/nuevodigitaldeescobar.com.ar\/#organization\",\"name\":\"Nuevo Digital de Escobar\",\"url\":\"https:\/\/nuevodigitaldeescobar.com.ar\/\",\"logo\":{\"@type\":\"ImageObject\",\"inLanguage\":\"es\",\"@id\":\"https:\/\/nuevodigitaldeescobar.com.ar\/#\/schema\/logo\/image\/\",\"url\":\"https:\/\/nuevodigitaldeescobar.com.ar\/wp-content\/uploads\/2025\/05\/cropped-logo-nuevo2.jpg\",\"contentUrl\":\"https:\/\/nuevodigitaldeescobar.com.ar\/wp-content\/uploads\/2025\/05\/cropped-logo-nuevo2.jpg\",\"width\":305,\"height\":305,\"caption\":\"Nuevo Digital de Escobar\"},\"image\":{\"@id\":\"https:\/\/nuevodigitaldeescobar.com.ar\/#\/schema\/logo\/image\/\"},\"sameAs\":[\"https:\/\/www.facebook.com\/NUEVODigitalDeEscobar\",\"https:\/\/x.com\/nuevodigescobar\",\"https:\/\/www.instagram.com\/nuevodigitaldeescobar\"]},{\"@type\":\"Person\",\"@id\":\"https:\/\/nuevodigitaldeescobar.com.ar\/#\/schema\/person\/035e90a8efe9a80e6eec22656ad6ea4c\",\"name\":\"Redacci\u00f3n\",\"image\":{\"@type\":\"ImageObject\",\"inLanguage\":\"es\",\"@id\":\"https:\/\/nuevodigitaldeescobar.com.ar\/#\/schema\/person\/image\/\",\"url\":\"https:\/\/secure.gravatar.com\/avatar\/8af8f40000c24e9eef3034f2be5998a372bb1389e64b1a4a36b3a7979142220d?s=96&d=mm&r=g\",\"contentUrl\":\"https:\/\/secure.gravatar.com\/avatar\/8af8f40000c24e9eef3034f2be5998a372bb1389e64b1a4a36b3a7979142220d?s=96&d=mm&r=g\",\"caption\":\"Redacci\u00f3n\"},\"sameAs\":[\"http:\/\/nuevodigitaldeescobar.com.ar\"],\"url\":\"https:\/\/nuevodigitaldeescobar.com.ar\/?author=1\"}]}<\/script>\n<!-- \/ Yoast SEO plugin. -->","yoast_head_json":{"title":"Muri\u00f3 Miguel Uribe Turbay: Colombia de luto y nuevas dudas sobre la seguridad pol\u00edtica - Nuevo Digital de Escobar","robots":{"index":"index","follow":"follow","max-snippet":"max-snippet:-1","max-image-preview":"max-image-preview:large","max-video-preview":"max-video-preview:-1"},"canonical":"https:\/\/nuevodigitaldeescobar.com.ar\/?p=17161","og_locale":"es_ES","og_type":"article","og_title":"Muri\u00f3 Miguel Uribe Turbay: Colombia de luto y nuevas dudas sobre la seguridad pol\u00edtica - Nuevo Digital de Escobar","og_description":"Colombia despert\u00f3 este lunes con la noticia que nadie quer\u00eda escuchar: el senador y precandidato presidencial Miguel Uribe Turbay falleci\u00f3 en la madrugada, tras m\u00e1s [&hellip;]","og_url":"https:\/\/nuevodigitaldeescobar.com.ar\/?p=17161","og_site_name":"Nuevo Digital de Escobar","article_publisher":"https:\/\/www.facebook.com\/NUEVODigitalDeEscobar","article_published_time":"2025-08-12T03:20:00+00:00","article_modified_time":"2025-08-12T09:42:44+00:00","og_image":[{"width":600,"height":314,"url":"http:\/\/nuevodigitaldeescobar.com.ar\/wp-content\/uploads\/2025\/08\/migueluribeturbay789.jpg","type":"image\/jpeg"}],"author":"Redacci\u00f3n","twitter_card":"summary_large_image","twitter_creator":"@nuevodigescobar","twitter_site":"@nuevodigescobar","twitter_misc":{"Escrito por":"Redacci\u00f3n","Tiempo de lectura":"2 minutos"},"schema":{"@context":"https:\/\/schema.org","@graph":[{"@type":"Article","@id":"https:\/\/nuevodigitaldeescobar.com.ar\/?p=17161#article","isPartOf":{"@id":"https:\/\/nuevodigitaldeescobar.com.ar\/?p=17161"},"author":{"name":"Redacci\u00f3n","@id":"https:\/\/nuevodigitaldeescobar.com.ar\/#\/schema\/person\/035e90a8efe9a80e6eec22656ad6ea4c"},"headline":"Muri\u00f3 Miguel Uribe Turbay: Colombia de luto y nuevas dudas sobre la seguridad pol\u00edtica","datePublished":"2025-08-12T03:20:00+00:00","dateModified":"2025-08-12T09:42:44+00:00","mainEntityOfPage":{"@id":"https:\/\/nuevodigitaldeescobar.com.ar\/?p=17161"},"wordCount":445,"commentCount":0,"publisher":{"@id":"https:\/\/nuevodigitaldeescobar.com.ar\/#organization"},"image":{"@id":"https:\/\/nuevodigitaldeescobar.com.ar\/?p=17161#primaryimage"},"thumbnailUrl":"https:\/\/nuevodigitaldeescobar.com.ar\/wp-content\/uploads\/2025\/08\/migueluribeturbay789.jpg","articleSection":["Internacionales"],"inLanguage":"es","potentialAction":[{"@type":"CommentAction","name":"Comment","target":["https:\/\/nuevodigitaldeescobar.com.ar\/?p=17161#respond"]}]},{"@type":"WebPage","@id":"https:\/\/nuevodigitaldeescobar.com.ar\/?p=17161","url":"https:\/\/nuevodigitaldeescobar.com.ar\/?p=17161","name":"Muri\u00f3 Miguel Uribe Turbay: Colombia de luto y nuevas dudas sobre la seguridad pol\u00edtica - Nuevo Digital de Escobar","isPartOf":{"@id":"https:\/\/nuevodigitaldeescobar.com.ar\/#website"},"primaryImageOfPage":{"@id":"https:\/\/nuevodigitaldeescobar.com.ar\/?p=17161#primaryimage"},"image":{"@id":"https:\/\/nuevodigitaldeescobar.com.ar\/?p=17161#primaryimage"},"thumbnailUrl":"https:\/\/nuevodigitaldeescobar.com.ar\/wp-content\/uploads\/2025\/08\/migueluribeturbay789.jpg","datePublished":"2025-08-12T03:20:00+00:00","dateModified":"2025-08-12T09:42:44+00:00","breadcrumb":{"@id":"https:\/\/nuevodigitaldeescobar.com.ar\/?p=17161#breadcrumb"},"inLanguage":"es","potentialAction":[{"@type":"ReadAction","target":["https:\/\/nuevodigitaldeescobar.com.ar\/?p=17161"]}]},{"@type":"ImageObject","inLanguage":"es","@id":"https:\/\/nuevodigitaldeescobar.com.ar\/?p=17161#primaryimage","url":"https:\/\/nuevodigitaldeescobar.com.ar\/wp-content\/uploads\/2025\/08\/migueluribeturbay789.jpg","contentUrl":"https:\/\/nuevodigitaldeescobar.com.ar\/wp-content\/uploads\/2025\/08\/migueluribeturbay789.jpg","width":600,"height":314},{"@type":"BreadcrumbList","@id":"https:\/\/nuevodigitaldeescobar.com.ar\/?p=17161#breadcrumb","itemListElement":[{"@type":"ListItem","position":1,"name":"Portada","item":"https:\/\/nuevodigitaldeescobar.com.ar\/"},{"@type":"ListItem","position":2,"name":"Muri\u00f3 Miguel Uribe Turbay: Colombia de luto y nuevas dudas sobre la seguridad pol\u00edtica"}]},{"@type":"WebSite","@id":"https:\/\/nuevodigitaldeescobar.com.ar\/#website","url":"https:\/\/nuevodigitaldeescobar.com.ar\/","name":"Nuevo Digital de Escobar","description":"La vida escobarense. Directora: Rosana Brunner","publisher":{"@id":"https:\/\/nuevodigitaldeescobar.com.ar\/#organization"},"potentialAction":[{"@type":"SearchAction","target":{"@type":"EntryPoint","urlTemplate":"https:\/\/nuevodigitaldeescobar.com.ar\/?s={search_term_string}"},"query-input":{"@type":"PropertyValueSpecification","valueRequired":true,"valueName":"search_term_string"}}],"inLanguage":"es"},{"@type":"Organization","@id":"https:\/\/nuevodigitaldeescobar.com.ar\/#organization","name":"Nuevo Digital de Escobar","url":"https:\/\/nuevodigitaldeescobar.com.ar\/","logo":{"@type":"ImageObject","inLanguage":"es","@id":"https:\/\/nuevodigitaldeescobar.com.ar\/#\/schema\/logo\/image\/","url":"https:\/\/nuevodigitaldeescobar.com.ar\/wp-content\/uploads\/2025\/05\/cropped-logo-nuevo2.jpg","contentUrl":"https:\/\/nuevodigitaldeescobar.com.ar\/wp-content\/uploads\/2025\/05\/cropped-logo-nuevo2.jpg","width":305,"height":305,"caption":"Nuevo Digital de Escobar"},"image":{"@id":"https:\/\/nuevodigitaldeescobar.com.ar\/#\/schema\/logo\/image\/"},"sameAs":["https:\/\/www.facebook.com\/NUEVODigitalDeEscobar","https:\/\/x.com\/nuevodigescobar","https:\/\/www.instagram.com\/nuevodigitaldeescobar"]},{"@type":"Person","@id":"https:\/\/nuevodigitaldeescobar.com.ar\/#\/schema\/person\/035e90a8efe9a80e6eec22656ad6ea4c","name":"Redacci\u00f3n","image":{"@type":"ImageObject","inLanguage":"es","@id":"https:\/\/nuevodigitaldeescobar.com.ar\/#\/schema\/person\/image\/","url":"https:\/\/secure.gravatar.com\/avatar\/8af8f40000c24e9eef3034f2be5998a372bb1389e64b1a4a36b3a7979142220d?s=96&d=mm&r=g","contentUrl":"https:\/\/secure.gravatar.com\/avatar\/8af8f40000c24e9eef3034f2be5998a372bb1389e64b1a4a36b3a7979142220d?s=96&d=mm&r=g","caption":"Redacci\u00f3n"},"sameAs":["http:\/\/nuevodigitaldeescobar.com.ar"],"url":"https:\/\/nuevodigitaldeescobar.com.ar\/?author=1"}]}},"featured_image_urls":{"full":["https:\/\/nuevodigitaldeescobar.com.ar\/wp-content\/uploads\/2025\/08\/migueluribeturbay789.jpg",600,314,false],"thumbnail":["https:\/\/nuevodigitaldeescobar.com.ar\/wp-content\/uploads\/2025\/08\/migueluribeturbay789-150x150.jpg",150,150,true],"medium":["https:\/\/nuevodigitaldeescobar.com.ar\/wp-content\/uploads\/2025\/08\/migueluribeturbay789-300x157.jpg",300,157,true],"medium_large":["https:\/\/nuevodigitaldeescobar.com.ar\/wp-content\/uploads\/2025\/08\/migueluribeturbay789.jpg",600,314,false],"large":["https:\/\/nuevodigitaldeescobar.com.ar\/wp-content\/uploads\/2025\/08\/migueluribeturbay789.jpg",600,314,false],"1536x1536":["https:\/\/nuevodigitaldeescobar.com.ar\/wp-content\/uploads\/2025\/08\/migueluribeturbay789.jpg",600,314,false],"2048x2048":["https:\/\/nuevodigitaldeescobar.com.ar\/wp-content\/uploads\/2025\/08\/migueluribeturbay789.jpg",600,314,false]},"author_info":{"display_name":"Redacci\u00f3n","author_link":"https:\/\/nuevodigitaldeescobar.com.ar\/?author=1"},"category_info":"<a href=\"https:\/\/nuevodigitaldeescobar.com.ar\/?cat=285\" rel=\"category\">Internacionales<\/a>","tag_info":"Internacionales","comment_count":"0","_links":{"self":[{"href":"https:\/\/nuevodigitaldeescobar.com.ar\/index.php?rest_route=\/wp\/v2\/posts\/17161","targetHints":{"allow":["GET"]}}],"collection":[{"href":"https:\/\/nuevodigitaldeescobar.com.ar\/index.php?rest_route=\/wp\/v2\/posts"}],"about":[{"href":"https:\/\/nuevodigitaldeescobar.com.ar\/index.php?rest_route=\/wp\/v2\/types\/post"}],"author":[{"embeddable":true,"href":"https:\/\/nuevodigitaldeescobar.com.ar\/index.php?rest_route=\/wp\/v2\/users\/1"}],"replies":[{"embeddable":true,"href":"https:\/\/nuevodigitaldeescobar.com.ar\/index.php?rest_route=%2Fwp%2Fv2%2Fcomments&post=17161"}],"version-history":[{"count":1,"href":"https:\/\/nuevodigitaldeescobar.com.ar\/index.php?rest_route=\/wp\/v2\/posts\/17161\/revisions"}],"predecessor-version":[{"id":17163,"href":"https:\/\/nuevodigitaldeescobar.com.ar\/index.php?rest_route=\/wp\/v2\/posts\/17161\/revisions\/17163"}],"wp:featuredmedia":[{"embeddable":true,"href":"https:\/\/nuevodigitaldeescobar.com.ar\/index.php?rest_route=\/wp\/v2\/media\/17162"}],"wp:attachment":[{"href":"https:\/\/nuevodigitaldeescobar.com.ar\/index.php?rest_route=%2Fwp%2Fv2%2Fmedia&parent=17161"}],"wp:term":[{"taxonomy":"category","embeddable":true,"href":"https:\/\/nuevodigitaldeescobar.com.ar\/index.php?rest_route=%2Fwp%2Fv2%2Fcategories&post=17161"},{"taxonomy":"post_tag","embeddable":true,"href":"https:\/\/nuevodigitaldeescobar.com.ar\/index.php?rest_route=%2Fwp%2Fv2%2Ftags&post=17161"}],"curies":[{"name":"wp","href":"https:\/\/api.w.org\/{rel}","templated":true}]}}