{"id":17192,"date":"2025-08-12T23:35:26","date_gmt":"2025-08-13T02:35:26","guid":{"rendered":"https:\/\/nuevodigitaldeescobar.com.ar\/?p=17192"},"modified":"2025-08-13T08:33:54","modified_gmt":"2025-08-13T11:33:54","slug":"se-inauguro-en-maschwitz-la-clinica-de-alta-complejidad-manuel-belgrano","status":"publish","type":"post","link":"https:\/\/nuevodigitaldeescobar.com.ar\/?p=17192","title":{"rendered":"Se inaugur\u00f3 en Maschwitz la Cl\u00ednica de Alta Complejidad Manuel Belgrano"},"content":{"rendered":"\n<p class=\"has-vivid-cyan-blue-color has-text-color has-link-color wp-elements-d467f7b6dea415781277d1566c9c7ea7\"><strong><em>Es para afiliados de IOMA. La semana pasada el gobernador hab\u00eda recorrido las instalaciones. La cl\u00ednica ofrece atenci\u00f3n integral y de alta complejidad con diversas especialidades.<\/em><\/strong><\/p>\n\n\n\n<!--more-->\n\n\n\n<p><\/p>\n\n\n\n<p>El intendente Ariel Sujarchuk, junto al ministro de Salud de la provincia de Buenos Aires, Nicol\u00e1s Kreplak, inaugur\u00f3 la Cl\u00ednica de Alta Complejidad Manuel Belgrano, un centro de atenci\u00f3n integral con 83 camas de internaci\u00f3n y equipamiento de \u00faltima generaci\u00f3n. La cl\u00ednica cuenta con cuatro quir\u00f3fanos totalmente equipados para cirug\u00edas de alta, mediana y baja complejidad, y fue dise\u00f1ada bajo el modelo de cuidados progresivos, que integra de manera eficaz servicios cr\u00edticos, diagn\u00f3sticos y quir\u00fargicos.<\/p>\n\n\n\n<p>Ubicada en Ingeniero Maschwitz a un kil\u00f3metro de la Autopista Panamericana (Ruta 26, entre Carhu\u00e9 y Palmers) la cl\u00ednica recibir\u00e1 derivaciones de pacientes de IOMA de Escobar y toda la Regi\u00f3n Norte. Cuenta con una superficie total de 3.860 m\u00b2 distribuidos en tres plantas.&nbsp;<\/p>\n\n\n\n<p>\u201cHemos puesto una creatividad enorme como Municipio, junto con el Ministerio de Salud de la Provincia y el equipo de IOMA, para garantizar la salud a miles y miles de vecinos. Tenemos equipos de alta complejidad con una calidad enorme y tambi\u00e9n un personal altamente especializado. La gesti\u00f3n de salud del partido de Escobar a m\u00ed me llena de emoci\u00f3n, juro que nunca imagin\u00e9 que \u00edbamos a llegar tan lejos, pero tampoco vamos a parar\u201d, expres\u00f3 Sujarchuk durante la inauguraci\u00f3n.<\/p>\n\n\n\n<p>Tambi\u00e9n estuvieron presentes el presidente de IOMA, Homero Giles, el diputado provincial Leonardo Moreno y el Secretario de Salud de Escobar Juan Manuel Ordo\u00f1ez, entre otros.<\/p>\n\n\n\n<p>Nicol\u00e1s Kreplak destac\u00f3 que \u201cla comunidad est\u00e1 viendo c\u00f3mo el gobierno local, con el intendente y su equipo, hacen un trabajo extraordinario junto con la provincia de Buenos Aires para pensar c\u00f3mo mejoramos la salud\u201d. Tambi\u00e9n subray\u00f3 que la ciudad cuenta con \u201cun intendente y un equipo con mucha capacidad de trabajo, de planificaci\u00f3n, pero sobre todo, de mucha sensibilidad\u201d.<\/p>\n\n\n\n<p>Por otra parte, Giles se\u00f1al\u00f3 que \u201cesta obra es posible gracias a la voluntad pol\u00edtica del intendente, del ministro y del gobernador, en un contexto econ\u00f3mico dif\u00edcil para el pa\u00eds. Crecimos much\u00edsimo en prestaciones y esto hace que todo cueste m\u00e1s, pero con la decisi\u00f3n de Ariel hoy podemos ofrecer esta prestaci\u00f3n de excelencia para nuestros afiliados\u201d.<\/p>\n\n\n\n<p>La cl\u00ednica ofrece atenci\u00f3n integral y de alta complejidad con especialidades ya en funcionamiento como cl\u00ednica m\u00e9dica, cardiolog\u00eda, terapia intensiva, diagn\u00f3stico por im\u00e1genes, laboratorio, hemoterapia, bacteriolog\u00eda, infectolog\u00eda, hemodinamia, kinesiolog\u00eda motora y respiratoria, cirug\u00eda y gastroenterolog\u00eda. De manera progresiva sumar\u00e1 otras \u00e1reas como neurolog\u00eda, hematolog\u00eda, otorrinolaringolog\u00eda, ginecolog\u00eda, oftalmolog\u00eda, urolog\u00eda, traumatolog\u00eda, cirug\u00eda de t\u00f3rax, nefrolog\u00eda, cirug\u00eda cardiovascular y neurocirug\u00eda.<\/p>\n\n\n\n<p>Entre sus servicios complementarios se destacan estudios de alta complejidad como angiograf\u00eda digital neurovascular y cardiovascular, tomograf\u00eda axial multicorte, ecograf\u00eda general y Doppler color, rayos X fijos y m\u00f3viles, sala de hemodinamia y laboratorio bioqu\u00edmico.<\/p>\n\n\n\n<p>El nuevo centro de salud no tiene guardias. Los turnos son por derivaci\u00f3n y tambi\u00e9n se pueden solicitar en la misma cl\u00ednica, a trav\u00e9s de la asistente virtual Flora, enviando un WhatsApp al 11 6813-1202, o en los consultorios Elena Rojas de Gar\u00edn (Boulevard Presidente Per\u00f3n 1079).<\/p>\n","protected":false},"excerpt":{"rendered":"<p>Es para afiliados de IOMA. La semana pasada el gobernador hab\u00eda recorrido las instalaciones. La cl\u00ednica ofrece atenci\u00f3n integral y de alta complejidad con diversas [&hellip;]<\/p>\n","protected":false},"author":1,"featured_media":17194,"comment_status":"open","ping_status":"open","sticky":false,"template":"","format":"standard","meta":{"footnotes":""},"categories":[3],"tags":[],"class_list":["post-17192","post","type-post","status-publish","format-standard","has-post-thumbnail","hentry","category-nutricion"],"better_featured_image":{"id":17194,"alt_text":"","caption":"","description":"","media_type":"image","media_details":{"width":1920,"height":1080,"file":"2025\/08\/whatsapp_image_2025_08_12_at_16_37_15.jpeg","filesize":512890,"sizes":{"medium":{"file":"whatsapp_image_2025_08_12_at_16_37_15-300x169.jpeg","width":300,"height":169,"mime-type":"image\/jpeg","filesize":17769,"source_url":"https:\/\/nuevodigitaldeescobar.com.ar\/wp-content\/uploads\/2025\/08\/whatsapp_image_2025_08_12_at_16_37_15-300x169.jpeg"},"large":{"file":"whatsapp_image_2025_08_12_at_16_37_15-1024x576.jpeg","width":1024,"height":576,"mime-type":"image\/jpeg","filesize":171894,"source_url":"https:\/\/nuevodigitaldeescobar.com.ar\/wp-content\/uploads\/2025\/08\/whatsapp_image_2025_08_12_at_16_37_15-1024x576.jpeg"},"thumbnail":{"file":"whatsapp_image_2025_08_12_at_16_37_15-150x150.jpeg","width":150,"height":150,"mime-type":"image\/jpeg","filesize":8438,"source_url":"https:\/\/nuevodigitaldeescobar.com.ar\/wp-content\/uploads\/2025\/08\/whatsapp_image_2025_08_12_at_16_37_15-150x150.jpeg"},"medium_large":{"file":"whatsapp_image_2025_08_12_at_16_37_15-768x432.jpeg","width":768,"height":432,"mime-type":"image\/jpeg","filesize":99142,"source_url":"https:\/\/nuevodigitaldeescobar.com.ar\/wp-content\/uploads\/2025\/08\/whatsapp_image_2025_08_12_at_16_37_15-768x432.jpeg"},"1536x1536":{"file":"whatsapp_image_2025_08_12_at_16_37_15-1536x864.jpeg","width":1536,"height":864,"mime-type":"image\/jpeg","filesize":361558,"source_url":"https:\/\/nuevodigitaldeescobar.com.ar\/wp-content\/uploads\/2025\/08\/whatsapp_image_2025_08_12_at_16_37_15-1536x864.jpeg"}},"image_meta":{"aperture":"0","credit":"","camera":"","caption":"","created_timestamp":"0","copyright":"","focal_length":"0","iso":"0","shutter_speed":"0","title":"","orientation":"0","keywords":[]}},"post":17192,"source_url":"https:\/\/nuevodigitaldeescobar.com.ar\/wp-content\/uploads\/2025\/08\/whatsapp_image_2025_08_12_at_16_37_15.jpeg"},"yoast_head":"<!-- This site is optimized with the Yoast SEO plugin v26.1.1 - https:\/\/yoast.com\/wordpress\/plugins\/seo\/ -->\n<title>Se inaugur\u00f3 en Maschwitz la Cl\u00ednica de Alta Complejidad Manuel Belgrano - Nuevo Digital de Escobar<\/title>\n<meta name=\"description\" content=\"Es para afiliados de PAMI. La semana pasada el gobernador hab\u00eda recorrido las instalaciones. La cl\u00ednica ofrece atenci\u00f3n integral y de alta complejidad con diversas especialidades.\" \/>\n<meta name=\"robots\" content=\"index, follow, max-snippet:-1, max-image-preview:large, max-video-preview:-1\" \/>\n<link rel=\"canonical\" href=\"https:\/\/nuevodigitaldeescobar.com.ar\/?p=17192\" \/>\n<meta property=\"og:locale\" content=\"es_ES\" \/>\n<meta property=\"og:type\" content=\"article\" \/>\n<meta property=\"og:title\" content=\"Se inaugur\u00f3 en Maschwitz la Cl\u00ednica de Alta Complejidad Manuel Belgrano\" \/>\n<meta property=\"og:description\" content=\"Es para afiliados de PAMI. La semana pasada el gobernador hab\u00eda recorrido las instalaciones. La cl\u00ednica ofrece atenci\u00f3n integral y de alta complejidad con diversas especialidades.\" \/>\n<meta property=\"og:url\" content=\"https:\/\/nuevodigitaldeescobar.com.ar\/?p=17192\" \/>\n<meta property=\"og:site_name\" content=\"Nuevo Digital de Escobar\" \/>\n<meta property=\"article:publisher\" content=\"https:\/\/www.facebook.com\/NUEVODigitalDeEscobar\" \/>\n<meta property=\"article:published_time\" content=\"2025-08-13T02:35:26+00:00\" \/>\n<meta property=\"article:modified_time\" content=\"2025-08-13T11:33:54+00:00\" \/>\n<meta property=\"og:image\" content=\"http:\/\/nuevodigitaldeescobar.com.ar\/wp-content\/uploads\/2025\/08\/whatsapp_image_2025_08_12_at_16_37_16.jpeg\" \/>\n\t<meta property=\"og:image:width\" content=\"1920\" \/>\n\t<meta property=\"og:image:height\" content=\"1278\" \/>\n\t<meta property=\"og:image:type\" content=\"image\/jpeg\" \/>\n<meta name=\"author\" content=\"Redacci\u00f3n\" \/>\n<meta name=\"twitter:card\" content=\"summary_large_image\" \/>\n<meta name=\"twitter:creator\" content=\"@nuevodigescobar\" \/>\n<meta name=\"twitter:site\" content=\"@nuevodigescobar\" \/>\n<meta name=\"twitter:label1\" content=\"Escrito por\" \/>\n\t<meta name=\"twitter:data1\" content=\"Redacci\u00f3n\" \/>\n\t<meta name=\"twitter:label2\" content=\"Tiempo de lectura\" \/>\n\t<meta name=\"twitter:data2\" content=\"3 minutos\" \/>\n<script type=\"application\/ld+json\" class=\"yoast-schema-graph\">{\"@context\":\"https:\/\/schema.org\",\"@graph\":[{\"@type\":\"Article\",\"@id\":\"https:\/\/nuevodigitaldeescobar.com.ar\/?p=17192#article\",\"isPartOf\":{\"@id\":\"https:\/\/nuevodigitaldeescobar.com.ar\/?p=17192\"},\"author\":{\"name\":\"Redacci\u00f3n\",\"@id\":\"https:\/\/nuevodigitaldeescobar.com.ar\/#\/schema\/person\/035e90a8efe9a80e6eec22656ad6ea4c\"},\"headline\":\"Se inaugur\u00f3 en Maschwitz la Cl\u00ednica de Alta Complejidad Manuel Belgrano\",\"datePublished\":\"2025-08-13T02:35:26+00:00\",\"dateModified\":\"2025-08-13T11:33:54+00:00\",\"mainEntityOfPage\":{\"@id\":\"https:\/\/nuevodigitaldeescobar.com.ar\/?p=17192\"},\"wordCount\":588,\"commentCount\":1,\"publisher\":{\"@id\":\"https:\/\/nuevodigitaldeescobar.com.ar\/#organization\"},\"image\":{\"@id\":\"https:\/\/nuevodigitaldeescobar.com.ar\/?p=17192#primaryimage\"},\"thumbnailUrl\":\"https:\/\/nuevodigitaldeescobar.com.ar\/wp-content\/uploads\/2025\/08\/whatsapp_image_2025_08_12_at_16_37_15.jpeg\",\"articleSection\":[\"Salud y Nutrici\u00f3n\"],\"inLanguage\":\"es\",\"potentialAction\":[{\"@type\":\"CommentAction\",\"name\":\"Comment\",\"target\":[\"https:\/\/nuevodigitaldeescobar.com.ar\/?p=17192#respond\"]}]},{\"@type\":\"WebPage\",\"@id\":\"https:\/\/nuevodigitaldeescobar.com.ar\/?p=17192\",\"url\":\"https:\/\/nuevodigitaldeescobar.com.ar\/?p=17192\",\"name\":\"Se inaugur\u00f3 en Maschwitz la Cl\u00ednica de Alta Complejidad Manuel Belgrano - Nuevo Digital de Escobar\",\"isPartOf\":{\"@id\":\"https:\/\/nuevodigitaldeescobar.com.ar\/#website\"},\"primaryImageOfPage\":{\"@id\":\"https:\/\/nuevodigitaldeescobar.com.ar\/?p=17192#primaryimage\"},\"image\":{\"@id\":\"https:\/\/nuevodigitaldeescobar.com.ar\/?p=17192#primaryimage\"},\"thumbnailUrl\":\"https:\/\/nuevodigitaldeescobar.com.ar\/wp-content\/uploads\/2025\/08\/whatsapp_image_2025_08_12_at_16_37_15.jpeg\",\"datePublished\":\"2025-08-13T02:35:26+00:00\",\"dateModified\":\"2025-08-13T11:33:54+00:00\",\"description\":\"Es para afiliados de PAMI. La semana pasada el gobernador hab\u00eda recorrido las instalaciones. La cl\u00ednica ofrece atenci\u00f3n integral y de alta complejidad con diversas especialidades.\",\"breadcrumb\":{\"@id\":\"https:\/\/nuevodigitaldeescobar.com.ar\/?p=17192#breadcrumb\"},\"inLanguage\":\"es\",\"potentialAction\":[{\"@type\":\"ReadAction\",\"target\":[\"https:\/\/nuevodigitaldeescobar.com.ar\/?p=17192\"]}]},{\"@type\":\"ImageObject\",\"inLanguage\":\"es\",\"@id\":\"https:\/\/nuevodigitaldeescobar.com.ar\/?p=17192#primaryimage\",\"url\":\"https:\/\/nuevodigitaldeescobar.com.ar\/wp-content\/uploads\/2025\/08\/whatsapp_image_2025_08_12_at_16_37_15.jpeg\",\"contentUrl\":\"https:\/\/nuevodigitaldeescobar.com.ar\/wp-content\/uploads\/2025\/08\/whatsapp_image_2025_08_12_at_16_37_15.jpeg\",\"width\":1920,\"height\":1080},{\"@type\":\"BreadcrumbList\",\"@id\":\"https:\/\/nuevodigitaldeescobar.com.ar\/?p=17192#breadcrumb\",\"itemListElement\":[{\"@type\":\"ListItem\",\"position\":1,\"name\":\"Portada\",\"item\":\"https:\/\/nuevodigitaldeescobar.com.ar\/\"},{\"@type\":\"ListItem\",\"position\":2,\"name\":\"Se inaugur\u00f3 en Maschwitz la Cl\u00ednica de Alta Complejidad Manuel Belgrano\"}]},{\"@type\":\"WebSite\",\"@id\":\"https:\/\/nuevodigitaldeescobar.com.ar\/#website\",\"url\":\"https:\/\/nuevodigitaldeescobar.com.ar\/\",\"name\":\"Nuevo Digital de Escobar\",\"description\":\"La vida escobarense. Directora: Rosana Brunner\",\"publisher\":{\"@id\":\"https:\/\/nuevodigitaldeescobar.com.ar\/#organization\"},\"potentialAction\":[{\"@type\":\"SearchAction\",\"target\":{\"@type\":\"EntryPoint\",\"urlTemplate\":\"https:\/\/nuevodigitaldeescobar.com.ar\/?s={search_term_string}\"},\"query-input\":{\"@type\":\"PropertyValueSpecification\",\"valueRequired\":true,\"valueName\":\"search_term_string\"}}],\"inLanguage\":\"es\"},{\"@type\":\"Organization\",\"@id\":\"https:\/\/nuevodigitaldeescobar.com.ar\/#organization\",\"name\":\"Nuevo Digital de Escobar\",\"url\":\"https:\/\/nuevodigitaldeescobar.com.ar\/\",\"logo\":{\"@type\":\"ImageObject\",\"inLanguage\":\"es\",\"@id\":\"https:\/\/nuevodigitaldeescobar.com.ar\/#\/schema\/logo\/image\/\",\"url\":\"https:\/\/nuevodigitaldeescobar.com.ar\/wp-content\/uploads\/2025\/05\/cropped-logo-nuevo2.jpg\",\"contentUrl\":\"https:\/\/nuevodigitaldeescobar.com.ar\/wp-content\/uploads\/2025\/05\/cropped-logo-nuevo2.jpg\",\"width\":305,\"height\":305,\"caption\":\"Nuevo Digital de Escobar\"},\"image\":{\"@id\":\"https:\/\/nuevodigitaldeescobar.com.ar\/#\/schema\/logo\/image\/\"},\"sameAs\":[\"https:\/\/www.facebook.com\/NUEVODigitalDeEscobar\",\"https:\/\/x.com\/nuevodigescobar\",\"https:\/\/www.instagram.com\/nuevodigitaldeescobar\"]},{\"@type\":\"Person\",\"@id\":\"https:\/\/nuevodigitaldeescobar.com.ar\/#\/schema\/person\/035e90a8efe9a80e6eec22656ad6ea4c\",\"name\":\"Redacci\u00f3n\",\"image\":{\"@type\":\"ImageObject\",\"inLanguage\":\"es\",\"@id\":\"https:\/\/nuevodigitaldeescobar.com.ar\/#\/schema\/person\/image\/\",\"url\":\"https:\/\/secure.gravatar.com\/avatar\/8af8f40000c24e9eef3034f2be5998a372bb1389e64b1a4a36b3a7979142220d?s=96&d=mm&r=g\",\"contentUrl\":\"https:\/\/secure.gravatar.com\/avatar\/8af8f40000c24e9eef3034f2be5998a372bb1389e64b1a4a36b3a7979142220d?s=96&d=mm&r=g\",\"caption\":\"Redacci\u00f3n\"},\"sameAs\":[\"http:\/\/nuevodigitaldeescobar.com.ar\"],\"url\":\"https:\/\/nuevodigitaldeescobar.com.ar\/?author=1\"}]}<\/script>\n<!-- \/ Yoast SEO plugin. -->","yoast_head_json":{"title":"Se inaugur\u00f3 en Maschwitz la Cl\u00ednica de Alta Complejidad Manuel Belgrano - Nuevo Digital de Escobar","description":"Es para afiliados de PAMI. La semana pasada el gobernador hab\u00eda recorrido las instalaciones. La cl\u00ednica ofrece atenci\u00f3n integral y de alta complejidad con diversas especialidades.","robots":{"index":"index","follow":"follow","max-snippet":"max-snippet:-1","max-image-preview":"max-image-preview:large","max-video-preview":"max-video-preview:-1"},"canonical":"https:\/\/nuevodigitaldeescobar.com.ar\/?p=17192","og_locale":"es_ES","og_type":"article","og_title":"Se inaugur\u00f3 en Maschwitz la Cl\u00ednica de Alta Complejidad Manuel Belgrano","og_description":"Es para afiliados de PAMI. La semana pasada el gobernador hab\u00eda recorrido las instalaciones. La cl\u00ednica ofrece atenci\u00f3n integral y de alta complejidad con diversas especialidades.","og_url":"https:\/\/nuevodigitaldeescobar.com.ar\/?p=17192","og_site_name":"Nuevo Digital de Escobar","article_publisher":"https:\/\/www.facebook.com\/NUEVODigitalDeEscobar","article_published_time":"2025-08-13T02:35:26+00:00","article_modified_time":"2025-08-13T11:33:54+00:00","og_image":[{"width":1920,"height":1278,"url":"http:\/\/nuevodigitaldeescobar.com.ar\/wp-content\/uploads\/2025\/08\/whatsapp_image_2025_08_12_at_16_37_16.jpeg","type":"image\/jpeg"}],"author":"Redacci\u00f3n","twitter_card":"summary_large_image","twitter_creator":"@nuevodigescobar","twitter_site":"@nuevodigescobar","twitter_misc":{"Escrito por":"Redacci\u00f3n","Tiempo de lectura":"3 minutos"},"schema":{"@context":"https:\/\/schema.org","@graph":[{"@type":"Article","@id":"https:\/\/nuevodigitaldeescobar.com.ar\/?p=17192#article","isPartOf":{"@id":"https:\/\/nuevodigitaldeescobar.com.ar\/?p=17192"},"author":{"name":"Redacci\u00f3n","@id":"https:\/\/nuevodigitaldeescobar.com.ar\/#\/schema\/person\/035e90a8efe9a80e6eec22656ad6ea4c"},"headline":"Se inaugur\u00f3 en Maschwitz la Cl\u00ednica de Alta Complejidad Manuel Belgrano","datePublished":"2025-08-13T02:35:26+00:00","dateModified":"2025-08-13T11:33:54+00:00","mainEntityOfPage":{"@id":"https:\/\/nuevodigitaldeescobar.com.ar\/?p=17192"},"wordCount":588,"commentCount":1,"publisher":{"@id":"https:\/\/nuevodigitaldeescobar.com.ar\/#organization"},"image":{"@id":"https:\/\/nuevodigitaldeescobar.com.ar\/?p=17192#primaryimage"},"thumbnailUrl":"https:\/\/nuevodigitaldeescobar.com.ar\/wp-content\/uploads\/2025\/08\/whatsapp_image_2025_08_12_at_16_37_15.jpeg","articleSection":["Salud y Nutrici\u00f3n"],"inLanguage":"es","potentialAction":[{"@type":"CommentAction","name":"Comment","target":["https:\/\/nuevodigitaldeescobar.com.ar\/?p=17192#respond"]}]},{"@type":"WebPage","@id":"https:\/\/nuevodigitaldeescobar.com.ar\/?p=17192","url":"https:\/\/nuevodigitaldeescobar.com.ar\/?p=17192","name":"Se inaugur\u00f3 en Maschwitz la Cl\u00ednica de Alta Complejidad Manuel Belgrano - Nuevo Digital de Escobar","isPartOf":{"@id":"https:\/\/nuevodigitaldeescobar.com.ar\/#website"},"primaryImageOfPage":{"@id":"https:\/\/nuevodigitaldeescobar.com.ar\/?p=17192#primaryimage"},"image":{"@id":"https:\/\/nuevodigitaldeescobar.com.ar\/?p=17192#primaryimage"},"thumbnailUrl":"https:\/\/nuevodigitaldeescobar.com.ar\/wp-content\/uploads\/2025\/08\/whatsapp_image_2025_08_12_at_16_37_15.jpeg","datePublished":"2025-08-13T02:35:26+00:00","dateModified":"2025-08-13T11:33:54+00:00","description":"Es para afiliados de PAMI. La semana pasada el gobernador hab\u00eda recorrido las instalaciones. La cl\u00ednica ofrece atenci\u00f3n integral y de alta complejidad con diversas especialidades.","breadcrumb":{"@id":"https:\/\/nuevodigitaldeescobar.com.ar\/?p=17192#breadcrumb"},"inLanguage":"es","potentialAction":[{"@type":"ReadAction","target":["https:\/\/nuevodigitaldeescobar.com.ar\/?p=17192"]}]},{"@type":"ImageObject","inLanguage":"es","@id":"https:\/\/nuevodigitaldeescobar.com.ar\/?p=17192#primaryimage","url":"https:\/\/nuevodigitaldeescobar.com.ar\/wp-content\/uploads\/2025\/08\/whatsapp_image_2025_08_12_at_16_37_15.jpeg","contentUrl":"https:\/\/nuevodigitaldeescobar.com.ar\/wp-content\/uploads\/2025\/08\/whatsapp_image_2025_08_12_at_16_37_15.jpeg","width":1920,"height":1080},{"@type":"BreadcrumbList","@id":"https:\/\/nuevodigitaldeescobar.com.ar\/?p=17192#breadcrumb","itemListElement":[{"@type":"ListItem","position":1,"name":"Portada","item":"https:\/\/nuevodigitaldeescobar.com.ar\/"},{"@type":"ListItem","position":2,"name":"Se inaugur\u00f3 en Maschwitz la Cl\u00ednica de Alta Complejidad Manuel Belgrano"}]},{"@type":"WebSite","@id":"https:\/\/nuevodigitaldeescobar.com.ar\/#website","url":"https:\/\/nuevodigitaldeescobar.com.ar\/","name":"Nuevo Digital de Escobar","description":"La vida escobarense. Directora: Rosana Brunner","publisher":{"@id":"https:\/\/nuevodigitaldeescobar.com.ar\/#organization"},"potentialAction":[{"@type":"SearchAction","target":{"@type":"EntryPoint","urlTemplate":"https:\/\/nuevodigitaldeescobar.com.ar\/?s={search_term_string}"},"query-input":{"@type":"PropertyValueSpecification","valueRequired":true,"valueName":"search_term_string"}}],"inLanguage":"es"},{"@type":"Organization","@id":"https:\/\/nuevodigitaldeescobar.com.ar\/#organization","name":"Nuevo Digital de Escobar","url":"https:\/\/nuevodigitaldeescobar.com.ar\/","logo":{"@type":"ImageObject","inLanguage":"es","@id":"https:\/\/nuevodigitaldeescobar.com.ar\/#\/schema\/logo\/image\/","url":"https:\/\/nuevodigitaldeescobar.com.ar\/wp-content\/uploads\/2025\/05\/cropped-logo-nuevo2.jpg","contentUrl":"https:\/\/nuevodigitaldeescobar.com.ar\/wp-content\/uploads\/2025\/05\/cropped-logo-nuevo2.jpg","width":305,"height":305,"caption":"Nuevo Digital de Escobar"},"image":{"@id":"https:\/\/nuevodigitaldeescobar.com.ar\/#\/schema\/logo\/image\/"},"sameAs":["https:\/\/www.facebook.com\/NUEVODigitalDeEscobar","https:\/\/x.com\/nuevodigescobar","https:\/\/www.instagram.com\/nuevodigitaldeescobar"]},{"@type":"Person","@id":"https:\/\/nuevodigitaldeescobar.com.ar\/#\/schema\/person\/035e90a8efe9a80e6eec22656ad6ea4c","name":"Redacci\u00f3n","image":{"@type":"ImageObject","inLanguage":"es","@id":"https:\/\/nuevodigitaldeescobar.com.ar\/#\/schema\/person\/image\/","url":"https:\/\/secure.gravatar.com\/avatar\/8af8f40000c24e9eef3034f2be5998a372bb1389e64b1a4a36b3a7979142220d?s=96&d=mm&r=g","contentUrl":"https:\/\/secure.gravatar.com\/avatar\/8af8f40000c24e9eef3034f2be5998a372bb1389e64b1a4a36b3a7979142220d?s=96&d=mm&r=g","caption":"Redacci\u00f3n"},"sameAs":["http:\/\/nuevodigitaldeescobar.com.ar"],"url":"https:\/\/nuevodigitaldeescobar.com.ar\/?author=1"}]}},"featured_image_urls":{"full":["https:\/\/nuevodigitaldeescobar.com.ar\/wp-content\/uploads\/2025\/08\/whatsapp_image_2025_08_12_at_16_37_15.jpeg",1920,1080,false],"thumbnail":["https:\/\/nuevodigitaldeescobar.com.ar\/wp-content\/uploads\/2025\/08\/whatsapp_image_2025_08_12_at_16_37_15-150x150.jpeg",150,150,true],"medium":["https:\/\/nuevodigitaldeescobar.com.ar\/wp-content\/uploads\/2025\/08\/whatsapp_image_2025_08_12_at_16_37_15-300x169.jpeg",300,169,true],"medium_large":["https:\/\/nuevodigitaldeescobar.com.ar\/wp-content\/uploads\/2025\/08\/whatsapp_image_2025_08_12_at_16_37_15-768x432.jpeg",640,360,true],"large":["https:\/\/nuevodigitaldeescobar.com.ar\/wp-content\/uploads\/2025\/08\/whatsapp_image_2025_08_12_at_16_37_15-1024x576.jpeg",640,360,true],"1536x1536":["https:\/\/nuevodigitaldeescobar.com.ar\/wp-content\/uploads\/2025\/08\/whatsapp_image_2025_08_12_at_16_37_15-1536x864.jpeg",1536,864,true],"2048x2048":["https:\/\/nuevodigitaldeescobar.com.ar\/wp-content\/uploads\/2025\/08\/whatsapp_image_2025_08_12_at_16_37_15.jpeg",1920,1080,false]},"author_info":{"display_name":"Redacci\u00f3n","author_link":"https:\/\/nuevodigitaldeescobar.com.ar\/?author=1"},"category_info":"<a href=\"https:\/\/nuevodigitaldeescobar.com.ar\/?cat=3\" rel=\"category\">Salud y Nutrici\u00f3n<\/a>","tag_info":"Salud y Nutrici\u00f3n","comment_count":"1","_links":{"self":[{"href":"https:\/\/nuevodigitaldeescobar.com.ar\/index.php?rest_route=\/wp\/v2\/posts\/17192","targetHints":{"allow":["GET"]}}],"collection":[{"href":"https:\/\/nuevodigitaldeescobar.com.ar\/index.php?rest_route=\/wp\/v2\/posts"}],"about":[{"href":"https:\/\/nuevodigitaldeescobar.com.ar\/index.php?rest_route=\/wp\/v2\/types\/post"}],"author":[{"embeddable":true,"href":"https:\/\/nuevodigitaldeescobar.com.ar\/index.php?rest_route=\/wp\/v2\/users\/1"}],"replies":[{"embeddable":true,"href":"https:\/\/nuevodigitaldeescobar.com.ar\/index.php?rest_route=%2Fwp%2Fv2%2Fcomments&post=17192"}],"version-history":[{"count":2,"href":"https:\/\/nuevodigitaldeescobar.com.ar\/index.php?rest_route=\/wp\/v2\/posts\/17192\/revisions"}],"predecessor-version":[{"id":17209,"href":"https:\/\/nuevodigitaldeescobar.com.ar\/index.php?rest_route=\/wp\/v2\/posts\/17192\/revisions\/17209"}],"wp:featuredmedia":[{"embeddable":true,"href":"https:\/\/nuevodigitaldeescobar.com.ar\/index.php?rest_route=\/wp\/v2\/media\/17194"}],"wp:attachment":[{"href":"https:\/\/nuevodigitaldeescobar.com.ar\/index.php?rest_route=%2Fwp%2Fv2%2Fmedia&parent=17192"}],"wp:term":[{"taxonomy":"category","embeddable":true,"href":"https:\/\/nuevodigitaldeescobar.com.ar\/index.php?rest_route=%2Fwp%2Fv2%2Fcategories&post=17192"},{"taxonomy":"post_tag","embeddable":true,"href":"https:\/\/nuevodigitaldeescobar.com.ar\/index.php?rest_route=%2Fwp%2Fv2%2Ftags&post=17192"}],"curies":[{"name":"wp","href":"https:\/\/api.w.org\/{rel}","templated":true}]}}