{"id":172,"date":"2023-10-17T22:04:50","date_gmt":"2023-10-17T20:04:50","guid":{"rendered":"https:\/\/nuevodigitaldeescobar.com.ar\/?p=172"},"modified":"2023-10-17T22:04:52","modified_gmt":"2023-10-17T20:04:52","slug":"bullrich-dejen-donde-dejen-a-la-argentina-la-vamos-a-sacar-del-pozo","status":"publish","type":"post","link":"https:\/\/nuevodigitaldeescobar.com.ar\/?p=172","title":{"rendered":"Bullrich: \u00abDejen donde dejen a la Argentina, la vamos a sacar del pozo\u00bb"},"content":{"rendered":"<p><span style=\"color: #ff6600;\"><strong><em>La candidata de Juntos por el Cambio aprovech\u00f3 para cuestionar al aspirante presidencial oficialista, Sergio Massa, al que acus\u00f3 de ser \u00abel peor ministro de Econom\u00eda de la historia\u00bb.<\/em><\/strong><\/span><\/p>\n<p><!--more--><\/p>\n<p>La candidata a presidenta de Juntos por el Cambio, Patricia Bullrich, protagoniz\u00f3 hoy uno de sus m\u00faltiples cierres de campa\u00f1a programado en el interior del pa\u00eds. Lo hizo en la provincia de San Juan, desde donde prometi\u00f3 <em>\u00absacar a la Argentina del pozo\u00bb<\/em> y firm\u00f3 un compromiso de mejoras para la regi\u00f3n junto al gobernador electo, Marcelo Orrego.<\/p>\n<p><em>\u00abDesde que asumi\u00f3 Massa se profundizaron todos los problemas. Ven\u00edamos haciendo un an\u00e1lisis con un d\u00e9ficit de dos puntos y hoy vemos que hoy est\u00e1n entre cuatro o cinco puntos, pero no sabemos d\u00f3nde va a terminar\u00bb<\/em>, denunci\u00f3 la titular del PRO en uso de licencia en conferencia de prensa.<\/p>\n<p>En la misma l\u00ednea, afirm\u00f3 que la inflaci\u00f3n es mayor a la notificada por el INDEC, que ronda el 138%, y asegur\u00f3 que <em>\u00abya hay desabastecimiento en naftas, productos, los precios cuidados ya no existen porque ha explotado todo\u00bb<\/em>.<\/p>\n<p><em>\u00abMassa ha ido generando devaluaciones parciales porque aplic\u00f3 parches\u00bb<\/em>, diagnostic\u00f3 Bullrich y ampli\u00f3: <em>\u00abAhora le dice a la gente que se saquen su propio subsidio. Eso es no tomar responsabilidades. Massa ha sido el peor ministro de Econom\u00eda, tendr\u00eda que intentar hacer bien las cosas ahora\u00bb<\/em>.<\/p>\n<p>Asimismo, plante\u00f3: <em>\u00abLa gente no sabe con cu\u00e1nta plata ir al supermercado. Hay tristeza y desolaci\u00f3n, pero queremos traerle tranquilidad a la gente. Dejen donde dejen la Argentina, que han profundizado el pozo, lo vamos a sacar. Tenemos equipo, intendentes, gobernadores, mayor\u00edas parlamentarias\u00bb<\/em>.<\/p>\n<p>En compa\u00f1\u00eda de su candidato a vice, Luis Petri, Bullrich pidi\u00f3 que la sociedad acompa\u00f1e la boleta de Juntos por el Cambio en las pr\u00f3ximas elecciones del 22 de octubre y prometi\u00f3 que el equipo que encabeza, <em>\u00abcon [Carlos] Melconian en econom\u00eda, con [Horacio] Rodr\u00edguez Larreta, con los gobernadores y los legisladores va a empezar dando la batalla contra la inflaci\u00f3n\u00bb<\/em>.<\/p>\n<p>Adem\u00e1s, revel\u00f3 que su Gabinete contar\u00e1 con un representante de San Juan, aunque evit\u00f3 dar mayores precisiones, y puntualiz\u00f3 que trabajar\u00e1 en desarrollar una correcta administraci\u00f3n a la explotaci\u00f3n minera y mejorar las rutas provinciales.<\/p>\n<p><em>\u00abCon inflaci\u00f3n no hay nada para planificar, sin inflaci\u00f3n llegar\u00e1n las inversiones. Es un globo que lo tiene ah\u00ed que en cualquier momento explota\u00bb<\/em>, insisti\u00f3 al respecto y complet\u00f3: <em>\u00abMassa, con su ambici\u00f3n de poder, ha seguido incrementando los problemas\u00bb<\/em>.<\/p>\n<p>Luego de ser aplaudida por el auditorio, Bullrich insisti\u00f3: <em>\u00abAcompa\u00f1ada de un gobierno nacional por un parlamento que acompa\u00f1e los cambios, Argentina vuela\u00bb<\/em>.<\/p>\n<p><em>\u00abSi me propuse para presidenta es porque puedo sacar al pa\u00eds de la situaci\u00f3n m\u00e1s dif\u00edcil. Lo mismo mi equipo, con overol y casco\u00bb<\/em>, enfatiz\u00f3.<\/p>\n<p>Consultada por primeras medidas que adoptar\u00e1, la ex ministra detall\u00f3: <em>\u00abTenemos que tener un concepto: el dinero debe llegar a la gente, no puede autoalimentar al mismo Estado. Tenemos que ir analizando todos los que son cargos pol\u00edticos que est\u00e1n de m\u00e1s, que no han entrado por m\u00e9rito\u00bb<\/em>.<\/p>\n<p><em>\u00abQueremos que el dinero vaya a lo fundamental: docentes, seguridad, salud, a las obras y a las fuerzas armadas\u00bb<\/em>, subray\u00f3 y prometi\u00f3: <em>\u00abVamos a bajar el costo pol\u00edtico y a ser el gobierno m\u00e1s austero de la historia\u00bb<\/em>.<\/p>\n<p>A cinco d\u00edas de las elecciones generales del 22 de octubre, confes\u00f3 que no quitar\u00e1 los planes sociales, sino que impulsar\u00e1 una <em>\u00abley plena del empleo que vamos a discutir con los gobernadores\u00bb<\/em>. <em>\u00abNadie se va a quedar sin un ingreso, pero nadie que pueda trabajar se va a quedar con un ingreso para toda la vida sin hacer el esfuerzo del trabajo\u00bb<\/em>, concluy\u00f3.<\/p>\n<p><em>(NA)<\/em><\/p>\n","protected":false},"excerpt":{"rendered":"<p>La candidata de Juntos por el Cambio aprovech\u00f3 para cuestionar al aspirante presidencial oficialista, Sergio Massa, al que acus\u00f3 de ser \u00abel peor ministro de [&hellip;]<\/p>\n","protected":false},"author":1,"featured_media":173,"comment_status":"open","ping_status":"closed","sticky":false,"template":"","format":"standard","meta":{"footnotes":""},"categories":[6],"tags":[],"class_list":["post-172","post","type-post","status-publish","format-standard","has-post-thumbnail","hentry","category-politica"],"better_featured_image":{"id":173,"alt_text":"","caption":"","description":"","media_type":"image","media_details":{"width":654,"height":328,"file":"2023\/10\/bulrich-cierre-campana-e1697573083967.jpg","filesize":77440,"sizes":{"medium":{"file":"bulrich-cierre-campana-e1697573083967-300x150.jpg","width":300,"height":150,"mime-type":"image\/jpeg","filesize":10961,"source_url":"https:\/\/nuevodigitaldeescobar.com.ar\/wp-content\/uploads\/2023\/10\/bulrich-cierre-campana-e1697573083967-300x150.jpg"},"thumbnail":{"file":"bulrich-cierre-campana-e1697573083967-150x150.jpg","width":150,"height":150,"mime-type":"image\/jpeg","filesize":6028,"source_url":"https:\/\/nuevodigitaldeescobar.com.ar\/wp-content\/uploads\/2023\/10\/bulrich-cierre-campana-e1697573083967-150x150.jpg"},"covernews-medium":{"file":"bulrich-cierre-campana-e1697573083967-540x328.jpg","width":540,"height":328,"mime-type":"image\/jpeg","filesize":37433,"source_url":"https:\/\/nuevodigitaldeescobar.com.ar\/wp-content\/uploads\/2023\/10\/bulrich-cierre-campana-e1697573083967-540x328.jpg"},"covernews-medium-square":{"file":"bulrich-cierre-campana-e1697573083967-400x250.jpg","width":400,"height":250,"mime-type":"image\/jpeg","filesize":20003,"source_url":"https:\/\/nuevodigitaldeescobar.com.ar\/wp-content\/uploads\/2023\/10\/bulrich-cierre-campana-e1697573083967-400x250.jpg"}},"image_meta":{"aperture":"0","credit":"","camera":"","caption":"","created_timestamp":"0","copyright":"","focal_length":"0","iso":"0","shutter_speed":"0","title":"","orientation":"0","keywords":[]}},"post":172,"source_url":"https:\/\/nuevodigitaldeescobar.com.ar\/wp-content\/uploads\/2023\/10\/bulrich-cierre-campana-e1697573083967.jpg"},"yoast_head":"<!-- This site is optimized with the Yoast SEO plugin v26.1.1 - https:\/\/yoast.com\/wordpress\/plugins\/seo\/ -->\n<title>Bullrich: &quot;Dejen donde dejen a la Argentina, la vamos a sacar del pozo&quot; - Nuevo Digital de Escobar<\/title>\n<meta name=\"robots\" content=\"index, follow, max-snippet:-1, max-image-preview:large, max-video-preview:-1\" \/>\n<link rel=\"canonical\" href=\"https:\/\/nuevodigitaldeescobar.com.ar\/?p=172\" \/>\n<meta property=\"og:locale\" content=\"es_ES\" \/>\n<meta property=\"og:type\" content=\"article\" \/>\n<meta property=\"og:title\" content=\"Bullrich: &quot;Dejen donde dejen a la Argentina, la vamos a sacar del pozo&quot; - Nuevo Digital de Escobar\" \/>\n<meta property=\"og:description\" content=\"La candidata de Juntos por el Cambio aprovech\u00f3 para cuestionar al aspirante presidencial oficialista, Sergio Massa, al que acus\u00f3 de ser \u00abel peor ministro de [&hellip;]\" \/>\n<meta property=\"og:url\" content=\"https:\/\/nuevodigitaldeescobar.com.ar\/?p=172\" \/>\n<meta property=\"og:site_name\" content=\"Nuevo Digital de Escobar\" \/>\n<meta property=\"article:publisher\" content=\"https:\/\/www.facebook.com\/NUEVODigitalDeEscobar\" \/>\n<meta property=\"article:published_time\" content=\"2023-10-17T20:04:50+00:00\" \/>\n<meta property=\"article:modified_time\" content=\"2023-10-17T20:04:52+00:00\" \/>\n<meta property=\"og:image\" content=\"https:\/\/nuevodigitaldeescobar.com.ar\/wp-content\/uploads\/2023\/10\/bulrich-cierre-campana-e1697573083967.jpg\" \/>\n\t<meta property=\"og:image:width\" content=\"654\" \/>\n\t<meta property=\"og:image:height\" content=\"328\" \/>\n\t<meta property=\"og:image:type\" content=\"image\/jpeg\" \/>\n<meta name=\"author\" content=\"Redacci\u00f3n\" \/>\n<meta name=\"twitter:card\" content=\"summary_large_image\" \/>\n<meta name=\"twitter:creator\" content=\"@nuevodigescobar\" \/>\n<meta name=\"twitter:site\" content=\"@nuevodigescobar\" \/>\n<meta name=\"twitter:label1\" content=\"Escrito por\" \/>\n\t<meta name=\"twitter:data1\" content=\"Redacci\u00f3n\" \/>\n\t<meta name=\"twitter:label2\" content=\"Tiempo de lectura\" \/>\n\t<meta name=\"twitter:data2\" content=\"3 minutos\" \/>\n<script type=\"application\/ld+json\" class=\"yoast-schema-graph\">{\"@context\":\"https:\/\/schema.org\",\"@graph\":[{\"@type\":\"Article\",\"@id\":\"https:\/\/nuevodigitaldeescobar.com.ar\/?p=172#article\",\"isPartOf\":{\"@id\":\"https:\/\/nuevodigitaldeescobar.com.ar\/?p=172\"},\"author\":{\"name\":\"Redacci\u00f3n\",\"@id\":\"https:\/\/nuevodigitaldeescobar.com.ar\/#\/schema\/person\/035e90a8efe9a80e6eec22656ad6ea4c\"},\"headline\":\"Bullrich: \u00abDejen donde dejen a la Argentina, la vamos a sacar del pozo\u00bb\",\"datePublished\":\"2023-10-17T20:04:50+00:00\",\"dateModified\":\"2023-10-17T20:04:52+00:00\",\"mainEntityOfPage\":{\"@id\":\"https:\/\/nuevodigitaldeescobar.com.ar\/?p=172\"},\"wordCount\":653,\"commentCount\":0,\"publisher\":{\"@id\":\"https:\/\/nuevodigitaldeescobar.com.ar\/#organization\"},\"image\":{\"@id\":\"https:\/\/nuevodigitaldeescobar.com.ar\/?p=172#primaryimage\"},\"thumbnailUrl\":\"https:\/\/nuevodigitaldeescobar.com.ar\/wp-content\/uploads\/2023\/10\/bulrich-cierre-campana-e1697573083967.jpg\",\"articleSection\":[\"Pol\u00edtica\"],\"inLanguage\":\"es\",\"potentialAction\":[{\"@type\":\"CommentAction\",\"name\":\"Comment\",\"target\":[\"https:\/\/nuevodigitaldeescobar.com.ar\/?p=172#respond\"]}]},{\"@type\":\"WebPage\",\"@id\":\"https:\/\/nuevodigitaldeescobar.com.ar\/?p=172\",\"url\":\"https:\/\/nuevodigitaldeescobar.com.ar\/?p=172\",\"name\":\"Bullrich: \\\"Dejen donde dejen a la Argentina, la vamos a sacar del pozo\\\" - Nuevo Digital de Escobar\",\"isPartOf\":{\"@id\":\"https:\/\/nuevodigitaldeescobar.com.ar\/#website\"},\"primaryImageOfPage\":{\"@id\":\"https:\/\/nuevodigitaldeescobar.com.ar\/?p=172#primaryimage\"},\"image\":{\"@id\":\"https:\/\/nuevodigitaldeescobar.com.ar\/?p=172#primaryimage\"},\"thumbnailUrl\":\"https:\/\/nuevodigitaldeescobar.com.ar\/wp-content\/uploads\/2023\/10\/bulrich-cierre-campana-e1697573083967.jpg\",\"datePublished\":\"2023-10-17T20:04:50+00:00\",\"dateModified\":\"2023-10-17T20:04:52+00:00\",\"breadcrumb\":{\"@id\":\"https:\/\/nuevodigitaldeescobar.com.ar\/?p=172#breadcrumb\"},\"inLanguage\":\"es\",\"potentialAction\":[{\"@type\":\"ReadAction\",\"target\":[\"https:\/\/nuevodigitaldeescobar.com.ar\/?p=172\"]}]},{\"@type\":\"ImageObject\",\"inLanguage\":\"es\",\"@id\":\"https:\/\/nuevodigitaldeescobar.com.ar\/?p=172#primaryimage\",\"url\":\"https:\/\/nuevodigitaldeescobar.com.ar\/wp-content\/uploads\/2023\/10\/bulrich-cierre-campana-e1697573083967.jpg\",\"contentUrl\":\"https:\/\/nuevodigitaldeescobar.com.ar\/wp-content\/uploads\/2023\/10\/bulrich-cierre-campana-e1697573083967.jpg\",\"width\":654,\"height\":328},{\"@type\":\"BreadcrumbList\",\"@id\":\"https:\/\/nuevodigitaldeescobar.com.ar\/?p=172#breadcrumb\",\"itemListElement\":[{\"@type\":\"ListItem\",\"position\":1,\"name\":\"Portada\",\"item\":\"https:\/\/nuevodigitaldeescobar.com.ar\/\"},{\"@type\":\"ListItem\",\"position\":2,\"name\":\"Bullrich: &#8220;Dejen donde dejen a la Argentina, la vamos a sacar del pozo&#8221;\"}]},{\"@type\":\"WebSite\",\"@id\":\"https:\/\/nuevodigitaldeescobar.com.ar\/#website\",\"url\":\"https:\/\/nuevodigitaldeescobar.com.ar\/\",\"name\":\"Nuevo Digital de Escobar\",\"description\":\"La vida escobarense. Directora: Rosana Brunner\",\"publisher\":{\"@id\":\"https:\/\/nuevodigitaldeescobar.com.ar\/#organization\"},\"potentialAction\":[{\"@type\":\"SearchAction\",\"target\":{\"@type\":\"EntryPoint\",\"urlTemplate\":\"https:\/\/nuevodigitaldeescobar.com.ar\/?s={search_term_string}\"},\"query-input\":{\"@type\":\"PropertyValueSpecification\",\"valueRequired\":true,\"valueName\":\"search_term_string\"}}],\"inLanguage\":\"es\"},{\"@type\":\"Organization\",\"@id\":\"https:\/\/nuevodigitaldeescobar.com.ar\/#organization\",\"name\":\"Nuevo Digital de Escobar\",\"url\":\"https:\/\/nuevodigitaldeescobar.com.ar\/\",\"logo\":{\"@type\":\"ImageObject\",\"inLanguage\":\"es\",\"@id\":\"https:\/\/nuevodigitaldeescobar.com.ar\/#\/schema\/logo\/image\/\",\"url\":\"https:\/\/nuevodigitaldeescobar.com.ar\/wp-content\/uploads\/2025\/05\/cropped-logo-nuevo2.jpg\",\"contentUrl\":\"https:\/\/nuevodigitaldeescobar.com.ar\/wp-content\/uploads\/2025\/05\/cropped-logo-nuevo2.jpg\",\"width\":305,\"height\":305,\"caption\":\"Nuevo Digital de Escobar\"},\"image\":{\"@id\":\"https:\/\/nuevodigitaldeescobar.com.ar\/#\/schema\/logo\/image\/\"},\"sameAs\":[\"https:\/\/www.facebook.com\/NUEVODigitalDeEscobar\",\"https:\/\/x.com\/nuevodigescobar\",\"https:\/\/www.instagram.com\/nuevodigitaldeescobar\"]},{\"@type\":\"Person\",\"@id\":\"https:\/\/nuevodigitaldeescobar.com.ar\/#\/schema\/person\/035e90a8efe9a80e6eec22656ad6ea4c\",\"name\":\"Redacci\u00f3n\",\"image\":{\"@type\":\"ImageObject\",\"inLanguage\":\"es\",\"@id\":\"https:\/\/nuevodigitaldeescobar.com.ar\/#\/schema\/person\/image\/\",\"url\":\"https:\/\/secure.gravatar.com\/avatar\/8af8f40000c24e9eef3034f2be5998a372bb1389e64b1a4a36b3a7979142220d?s=96&d=mm&r=g\",\"contentUrl\":\"https:\/\/secure.gravatar.com\/avatar\/8af8f40000c24e9eef3034f2be5998a372bb1389e64b1a4a36b3a7979142220d?s=96&d=mm&r=g\",\"caption\":\"Redacci\u00f3n\"},\"sameAs\":[\"http:\/\/nuevodigitaldeescobar.com.ar\"],\"url\":\"https:\/\/nuevodigitaldeescobar.com.ar\/?author=1\"}]}<\/script>\n<!-- \/ Yoast SEO plugin. -->","yoast_head_json":{"title":"Bullrich: \"Dejen donde dejen a la Argentina, la vamos a sacar del pozo\" - Nuevo Digital de Escobar","robots":{"index":"index","follow":"follow","max-snippet":"max-snippet:-1","max-image-preview":"max-image-preview:large","max-video-preview":"max-video-preview:-1"},"canonical":"https:\/\/nuevodigitaldeescobar.com.ar\/?p=172","og_locale":"es_ES","og_type":"article","og_title":"Bullrich: \"Dejen donde dejen a la Argentina, la vamos a sacar del pozo\" - Nuevo Digital de Escobar","og_description":"La candidata de Juntos por el Cambio aprovech\u00f3 para cuestionar al aspirante presidencial oficialista, Sergio Massa, al que acus\u00f3 de ser \u00abel peor ministro de [&hellip;]","og_url":"https:\/\/nuevodigitaldeescobar.com.ar\/?p=172","og_site_name":"Nuevo Digital de Escobar","article_publisher":"https:\/\/www.facebook.com\/NUEVODigitalDeEscobar","article_published_time":"2023-10-17T20:04:50+00:00","article_modified_time":"2023-10-17T20:04:52+00:00","og_image":[{"width":654,"height":328,"url":"https:\/\/nuevodigitaldeescobar.com.ar\/wp-content\/uploads\/2023\/10\/bulrich-cierre-campana-e1697573083967.jpg","type":"image\/jpeg"}],"author":"Redacci\u00f3n","twitter_card":"summary_large_image","twitter_creator":"@nuevodigescobar","twitter_site":"@nuevodigescobar","twitter_misc":{"Escrito por":"Redacci\u00f3n","Tiempo de lectura":"3 minutos"},"schema":{"@context":"https:\/\/schema.org","@graph":[{"@type":"Article","@id":"https:\/\/nuevodigitaldeescobar.com.ar\/?p=172#article","isPartOf":{"@id":"https:\/\/nuevodigitaldeescobar.com.ar\/?p=172"},"author":{"name":"Redacci\u00f3n","@id":"https:\/\/nuevodigitaldeescobar.com.ar\/#\/schema\/person\/035e90a8efe9a80e6eec22656ad6ea4c"},"headline":"Bullrich: \u00abDejen donde dejen a la Argentina, la vamos a sacar del pozo\u00bb","datePublished":"2023-10-17T20:04:50+00:00","dateModified":"2023-10-17T20:04:52+00:00","mainEntityOfPage":{"@id":"https:\/\/nuevodigitaldeescobar.com.ar\/?p=172"},"wordCount":653,"commentCount":0,"publisher":{"@id":"https:\/\/nuevodigitaldeescobar.com.ar\/#organization"},"image":{"@id":"https:\/\/nuevodigitaldeescobar.com.ar\/?p=172#primaryimage"},"thumbnailUrl":"https:\/\/nuevodigitaldeescobar.com.ar\/wp-content\/uploads\/2023\/10\/bulrich-cierre-campana-e1697573083967.jpg","articleSection":["Pol\u00edtica"],"inLanguage":"es","potentialAction":[{"@type":"CommentAction","name":"Comment","target":["https:\/\/nuevodigitaldeescobar.com.ar\/?p=172#respond"]}]},{"@type":"WebPage","@id":"https:\/\/nuevodigitaldeescobar.com.ar\/?p=172","url":"https:\/\/nuevodigitaldeescobar.com.ar\/?p=172","name":"Bullrich: \"Dejen donde dejen a la Argentina, la vamos a sacar del pozo\" - Nuevo Digital de Escobar","isPartOf":{"@id":"https:\/\/nuevodigitaldeescobar.com.ar\/#website"},"primaryImageOfPage":{"@id":"https:\/\/nuevodigitaldeescobar.com.ar\/?p=172#primaryimage"},"image":{"@id":"https:\/\/nuevodigitaldeescobar.com.ar\/?p=172#primaryimage"},"thumbnailUrl":"https:\/\/nuevodigitaldeescobar.com.ar\/wp-content\/uploads\/2023\/10\/bulrich-cierre-campana-e1697573083967.jpg","datePublished":"2023-10-17T20:04:50+00:00","dateModified":"2023-10-17T20:04:52+00:00","breadcrumb":{"@id":"https:\/\/nuevodigitaldeescobar.com.ar\/?p=172#breadcrumb"},"inLanguage":"es","potentialAction":[{"@type":"ReadAction","target":["https:\/\/nuevodigitaldeescobar.com.ar\/?p=172"]}]},{"@type":"ImageObject","inLanguage":"es","@id":"https:\/\/nuevodigitaldeescobar.com.ar\/?p=172#primaryimage","url":"https:\/\/nuevodigitaldeescobar.com.ar\/wp-content\/uploads\/2023\/10\/bulrich-cierre-campana-e1697573083967.jpg","contentUrl":"https:\/\/nuevodigitaldeescobar.com.ar\/wp-content\/uploads\/2023\/10\/bulrich-cierre-campana-e1697573083967.jpg","width":654,"height":328},{"@type":"BreadcrumbList","@id":"https:\/\/nuevodigitaldeescobar.com.ar\/?p=172#breadcrumb","itemListElement":[{"@type":"ListItem","position":1,"name":"Portada","item":"https:\/\/nuevodigitaldeescobar.com.ar\/"},{"@type":"ListItem","position":2,"name":"Bullrich: &#8220;Dejen donde dejen a la Argentina, la vamos a sacar del pozo&#8221;"}]},{"@type":"WebSite","@id":"https:\/\/nuevodigitaldeescobar.com.ar\/#website","url":"https:\/\/nuevodigitaldeescobar.com.ar\/","name":"Nuevo Digital de Escobar","description":"La vida escobarense. Directora: Rosana Brunner","publisher":{"@id":"https:\/\/nuevodigitaldeescobar.com.ar\/#organization"},"potentialAction":[{"@type":"SearchAction","target":{"@type":"EntryPoint","urlTemplate":"https:\/\/nuevodigitaldeescobar.com.ar\/?s={search_term_string}"},"query-input":{"@type":"PropertyValueSpecification","valueRequired":true,"valueName":"search_term_string"}}],"inLanguage":"es"},{"@type":"Organization","@id":"https:\/\/nuevodigitaldeescobar.com.ar\/#organization","name":"Nuevo Digital de Escobar","url":"https:\/\/nuevodigitaldeescobar.com.ar\/","logo":{"@type":"ImageObject","inLanguage":"es","@id":"https:\/\/nuevodigitaldeescobar.com.ar\/#\/schema\/logo\/image\/","url":"https:\/\/nuevodigitaldeescobar.com.ar\/wp-content\/uploads\/2025\/05\/cropped-logo-nuevo2.jpg","contentUrl":"https:\/\/nuevodigitaldeescobar.com.ar\/wp-content\/uploads\/2025\/05\/cropped-logo-nuevo2.jpg","width":305,"height":305,"caption":"Nuevo Digital de Escobar"},"image":{"@id":"https:\/\/nuevodigitaldeescobar.com.ar\/#\/schema\/logo\/image\/"},"sameAs":["https:\/\/www.facebook.com\/NUEVODigitalDeEscobar","https:\/\/x.com\/nuevodigescobar","https:\/\/www.instagram.com\/nuevodigitaldeescobar"]},{"@type":"Person","@id":"https:\/\/nuevodigitaldeescobar.com.ar\/#\/schema\/person\/035e90a8efe9a80e6eec22656ad6ea4c","name":"Redacci\u00f3n","image":{"@type":"ImageObject","inLanguage":"es","@id":"https:\/\/nuevodigitaldeescobar.com.ar\/#\/schema\/person\/image\/","url":"https:\/\/secure.gravatar.com\/avatar\/8af8f40000c24e9eef3034f2be5998a372bb1389e64b1a4a36b3a7979142220d?s=96&d=mm&r=g","contentUrl":"https:\/\/secure.gravatar.com\/avatar\/8af8f40000c24e9eef3034f2be5998a372bb1389e64b1a4a36b3a7979142220d?s=96&d=mm&r=g","caption":"Redacci\u00f3n"},"sameAs":["http:\/\/nuevodigitaldeescobar.com.ar"],"url":"https:\/\/nuevodigitaldeescobar.com.ar\/?author=1"}]}},"featured_image_urls":{"full":["https:\/\/nuevodigitaldeescobar.com.ar\/wp-content\/uploads\/2023\/10\/bulrich-cierre-campana-e1697573083967.jpg",654,328,false],"thumbnail":["https:\/\/nuevodigitaldeescobar.com.ar\/wp-content\/uploads\/2023\/10\/bulrich-cierre-campana-e1697573083967-150x150.jpg",150,150,true],"medium":["https:\/\/nuevodigitaldeescobar.com.ar\/wp-content\/uploads\/2023\/10\/bulrich-cierre-campana-e1697573083967-300x150.jpg",300,150,true],"medium_large":["https:\/\/nuevodigitaldeescobar.com.ar\/wp-content\/uploads\/2023\/10\/bulrich-cierre-campana-e1697573083967.jpg",640,321,false],"large":["https:\/\/nuevodigitaldeescobar.com.ar\/wp-content\/uploads\/2023\/10\/bulrich-cierre-campana-e1697573083967.jpg",640,321,false],"1536x1536":["https:\/\/nuevodigitaldeescobar.com.ar\/wp-content\/uploads\/2023\/10\/bulrich-cierre-campana-e1697573083967.jpg",654,328,false],"2048x2048":["https:\/\/nuevodigitaldeescobar.com.ar\/wp-content\/uploads\/2023\/10\/bulrich-cierre-campana-e1697573083967.jpg",654,328,false]},"author_info":{"display_name":"Redacci\u00f3n","author_link":"https:\/\/nuevodigitaldeescobar.com.ar\/?author=1"},"category_info":"<a href=\"https:\/\/nuevodigitaldeescobar.com.ar\/?cat=6\" rel=\"category\">Pol\u00edtica<\/a>","tag_info":"Pol\u00edtica","comment_count":"0","_links":{"self":[{"href":"https:\/\/nuevodigitaldeescobar.com.ar\/index.php?rest_route=\/wp\/v2\/posts\/172","targetHints":{"allow":["GET"]}}],"collection":[{"href":"https:\/\/nuevodigitaldeescobar.com.ar\/index.php?rest_route=\/wp\/v2\/posts"}],"about":[{"href":"https:\/\/nuevodigitaldeescobar.com.ar\/index.php?rest_route=\/wp\/v2\/types\/post"}],"author":[{"embeddable":true,"href":"https:\/\/nuevodigitaldeescobar.com.ar\/index.php?rest_route=\/wp\/v2\/users\/1"}],"replies":[{"embeddable":true,"href":"https:\/\/nuevodigitaldeescobar.com.ar\/index.php?rest_route=%2Fwp%2Fv2%2Fcomments&post=172"}],"version-history":[{"count":1,"href":"https:\/\/nuevodigitaldeescobar.com.ar\/index.php?rest_route=\/wp\/v2\/posts\/172\/revisions"}],"predecessor-version":[{"id":174,"href":"https:\/\/nuevodigitaldeescobar.com.ar\/index.php?rest_route=\/wp\/v2\/posts\/172\/revisions\/174"}],"wp:featuredmedia":[{"embeddable":true,"href":"https:\/\/nuevodigitaldeescobar.com.ar\/index.php?rest_route=\/wp\/v2\/media\/173"}],"wp:attachment":[{"href":"https:\/\/nuevodigitaldeescobar.com.ar\/index.php?rest_route=%2Fwp%2Fv2%2Fmedia&parent=172"}],"wp:term":[{"taxonomy":"category","embeddable":true,"href":"https:\/\/nuevodigitaldeescobar.com.ar\/index.php?rest_route=%2Fwp%2Fv2%2Fcategories&post=172"},{"taxonomy":"post_tag","embeddable":true,"href":"https:\/\/nuevodigitaldeescobar.com.ar\/index.php?rest_route=%2Fwp%2Fv2%2Ftags&post=172"}],"curies":[{"name":"wp","href":"https:\/\/api.w.org\/{rel}","templated":true}]}}