{"id":17206,"date":"2025-08-13T00:44:41","date_gmt":"2025-08-13T03:44:41","guid":{"rendered":"https:\/\/nuevodigitaldeescobar.com.ar\/?p=17206"},"modified":"2025-08-13T00:44:53","modified_gmt":"2025-08-13T03:44:53","slug":"valenzuela-en-escobar-apoyo-a-milei-criticas-a-kicillof-y-llamado-a-poner-un-freno-al-kirchnerismo","status":"publish","type":"post","link":"https:\/\/nuevodigitaldeescobar.com.ar\/?p=17206","title":{"rendered":"Valenzuela en Escobar: apoyo a Milei, cr\u00edticas a Kicillof y llamado a \u201cponer un freno al kirchnerismo\u201d"},"content":{"rendered":"\n<p class=\"has-vivid-cyan-blue-color has-text-color has-link-color wp-elements-9c243efa1469580dfcd1e559a5068cf3\"><strong><em>En plena campa\u00f1a rumbo a las elecciones legislativas del pr\u00f3ximo 7 de septiembre, el intendente de Tres de Febrero y primer candidato a senador provincial por La Libertad Avanza (LLA), Diego Valenzuela, visit\u00f3 este martes las localidades de Gar\u00edn e Ingeniero Maschwitz, donde respald\u00f3 al referente local del espacio, Eduardo Gianfrancesco, y lanz\u00f3 fuertes cr\u00edticas al gobernador bonaerense, Axel Kicillof.<\/em><\/strong><\/p>\n\n\n\n<!--more-->\n\n\n\n<p>Valenzuela destac\u00f3 que su gesti\u00f3n se basa en <em>\u201cseguridad jur\u00eddica\u201d<\/em> y pol\u00edticas de atracci\u00f3n de inversiones, citando casos como Mercado Libre, que generar\u00e1 400 empleos de calidad en Tres de Febrero. <em>\u201cSi ma\u00f1ana viene un intendente que quiere cambiar esto y subir las tasas, tendr\u00e1 que derogar la ordenanza. Las reglas claras son clave para el crecimiento\u201d<\/em>, afirm\u00f3.<\/p>\n\n\n\n<p>En contraste, se\u00f1al\u00f3 que en distritos vecinos como San Mart\u00edn, Mor\u00f3n y Pilar \u2014gobernados por el peronismo\u2014 las tasas municipales<em> \u201cson el doble\u201d<\/em> que en su municipio, lo que, seg\u00fan dijo, desalienta la llegada de nuevas empresas.<\/p>\n\n\n\n<h3 class=\"wp-block-heading\">Cr\u00edticas a candidaturas testimoniales y al kirchnerismo<\/h3>\n\n\n\n<p>Valenzuela cuestion\u00f3 las llamadas <em>\u201ccandidaturas testimoniales\u201d<\/em> de funcionarios que no planean asumir los cargos para los que se postulan. <em>\u201cMe parece burdo. Rompe la confianza de la sociedad en la pol\u00edtica\u201d<\/em>, dijo.<\/p>\n\n\n\n<p>Sobre las elecciones, anticip\u00f3 una <em>\u201cnacionalizaci\u00f3n\u201d<\/em> del voto: <em>\u201cLa gente va a decidir pensando en su barrio, pero tambi\u00e9n en frenar al kirchnerismo, que habla del Estado presente pero es una c\u00e1scara vac\u00eda. No mejoramos en seguridad, educaci\u00f3n, salud o rutas; al contrario, la gente vive con miedo\u201d<\/em>, expres\u00f3.<\/p>\n\n\n\n<h3 class=\"wp-block-heading\">Defensa de Milei y cr\u00edticas al sistema electoral bonaerense<\/h3>\n\n\n\n<p>Consultado por los vetos del presidente Javier Milei a leyes impulsadas por la oposici\u00f3n \u2014entre ellas la actualizaci\u00f3n de haberes jubilatorios y el aumento de recursos al Hospital Garrahan\u2014, Valenzuela respald\u00f3 su postura: <em>\u201cSe ve un presidente firme, defendiendo logros para el laburante. La baja en la pobreza es porque los ingresos le ganan a la inflaci\u00f3n, la AUH creci\u00f3 y la econom\u00eda empieza a reactivarse\u201d<\/em>.<\/p>\n\n\n\n<p>Tambi\u00e9n cuestion\u00f3 la vigencia de la boleta s\u00e1bana y pidi\u00f3 avanzar hacia la boleta \u00fanica: <em>\u201cEs m\u00e1s transparente, simplifica la elecci\u00f3n y evita maniobras pol\u00edticas. En la provincia estamos a contramano de la historia\u201d<\/em>, se\u00f1al\u00f3.<\/p>\n\n\n\n<h3 class=\"wp-block-heading\">Llamado al voto y actividades en Escobar<\/h3>\n\n\n\n<p>Acompa\u00f1ado por Gianfrancesco y el empresario local <strong>Mariano Castagnaro<\/strong>, Valenzuela llam\u00f3 a los vecinos a participar masivamente en las urnas: <em>\u201cEl 7 de septiembre hay que votar a full para frenar al kirchnerismo, y el 27 de octubre ganar la provincia para enchufarla al cambio nacional\u201d<\/em>.<\/p>\n\n\n\n<p>La jornada incluy\u00f3 una recorrida por la planta de <strong>Cambre<\/strong>, f\u00e1brica de materiales el\u00e9ctricos y electr\u00f3nicos ubicada en el Centro Industrial de Gar\u00edn, donde conversaron con empresarios y trabajadores.<\/p>\n","protected":false},"excerpt":{"rendered":"<p>En plena campa\u00f1a rumbo a las elecciones legislativas del pr\u00f3ximo 7 de septiembre, el intendente de Tres de Febrero y primer candidato a senador provincial [&hellip;]<\/p>\n","protected":false},"author":1,"featured_media":17207,"comment_status":"open","ping_status":"open","sticky":false,"template":"","format":"standard","meta":{"footnotes":""},"categories":[6],"tags":[],"class_list":["post-17206","post","type-post","status-publish","format-standard","has-post-thumbnail","hentry","category-politica"],"better_featured_image":{"id":17207,"alt_text":"","caption":"","description":"","media_type":"image","media_details":{"width":822,"height":546,"file":"2025\/08\/valenzuelagianf354.png","filesize":750926,"sizes":{"medium":{"file":"valenzuelagianf354-300x199.png","width":300,"height":199,"mime-type":"image\/png","filesize":46762,"source_url":"https:\/\/nuevodigitaldeescobar.com.ar\/wp-content\/uploads\/2025\/08\/valenzuelagianf354-300x199.png"},"thumbnail":{"file":"valenzuelagianf354-150x150.png","width":150,"height":150,"mime-type":"image\/png","filesize":19898,"source_url":"https:\/\/nuevodigitaldeescobar.com.ar\/wp-content\/uploads\/2025\/08\/valenzuelagianf354-150x150.png"},"medium_large":{"file":"valenzuelagianf354-768x510.png","width":768,"height":510,"mime-type":"image\/png","filesize":233785,"source_url":"https:\/\/nuevodigitaldeescobar.com.ar\/wp-content\/uploads\/2025\/08\/valenzuelagianf354-768x510.png"}},"image_meta":{"aperture":"0","credit":"","camera":"","caption":"","created_timestamp":"0","copyright":"","focal_length":"0","iso":"0","shutter_speed":"0","title":"","orientation":"0","keywords":[]}},"post":17206,"source_url":"https:\/\/nuevodigitaldeescobar.com.ar\/wp-content\/uploads\/2025\/08\/valenzuelagianf354.png"},"yoast_head":"<!-- This site is optimized with the Yoast SEO plugin v26.1.1 - https:\/\/yoast.com\/wordpress\/plugins\/seo\/ -->\n<title>Valenzuela en Escobar: apoyo a Milei, cr\u00edticas a Kicillof y llamado a \u201cponer un freno al kirchnerismo\u201d - Nuevo Digital de Escobar<\/title>\n<meta name=\"robots\" content=\"index, follow, max-snippet:-1, max-image-preview:large, max-video-preview:-1\" \/>\n<link rel=\"canonical\" href=\"https:\/\/nuevodigitaldeescobar.com.ar\/?p=17206\" \/>\n<meta property=\"og:locale\" content=\"es_ES\" \/>\n<meta property=\"og:type\" content=\"article\" \/>\n<meta property=\"og:title\" content=\"Valenzuela en Escobar: apoyo a Milei, cr\u00edticas a Kicillof y llamado a \u201cponer un freno al kirchnerismo\u201d - Nuevo Digital de Escobar\" \/>\n<meta property=\"og:description\" content=\"En plena campa\u00f1a rumbo a las elecciones legislativas del pr\u00f3ximo 7 de septiembre, el intendente de Tres de Febrero y primer candidato a senador provincial [&hellip;]\" \/>\n<meta property=\"og:url\" content=\"https:\/\/nuevodigitaldeescobar.com.ar\/?p=17206\" \/>\n<meta property=\"og:site_name\" content=\"Nuevo Digital de Escobar\" \/>\n<meta property=\"article:publisher\" content=\"https:\/\/www.facebook.com\/NUEVODigitalDeEscobar\" \/>\n<meta property=\"article:published_time\" content=\"2025-08-13T03:44:41+00:00\" \/>\n<meta property=\"article:modified_time\" content=\"2025-08-13T03:44:53+00:00\" \/>\n<meta property=\"og:image\" content=\"http:\/\/nuevodigitaldeescobar.com.ar\/wp-content\/uploads\/2025\/08\/valenzuelagianf354.png\" \/>\n\t<meta property=\"og:image:width\" content=\"822\" \/>\n\t<meta property=\"og:image:height\" content=\"546\" \/>\n\t<meta property=\"og:image:type\" content=\"image\/png\" \/>\n<meta name=\"author\" content=\"Redacci\u00f3n\" \/>\n<meta name=\"twitter:card\" content=\"summary_large_image\" \/>\n<meta name=\"twitter:creator\" content=\"@nuevodigescobar\" \/>\n<meta name=\"twitter:site\" content=\"@nuevodigescobar\" \/>\n<meta name=\"twitter:label1\" content=\"Escrito por\" \/>\n\t<meta name=\"twitter:data1\" content=\"Redacci\u00f3n\" \/>\n\t<meta name=\"twitter:label2\" content=\"Tiempo de lectura\" \/>\n\t<meta name=\"twitter:data2\" content=\"3 minutos\" \/>\n<script type=\"application\/ld+json\" class=\"yoast-schema-graph\">{\"@context\":\"https:\/\/schema.org\",\"@graph\":[{\"@type\":\"Article\",\"@id\":\"https:\/\/nuevodigitaldeescobar.com.ar\/?p=17206#article\",\"isPartOf\":{\"@id\":\"https:\/\/nuevodigitaldeescobar.com.ar\/?p=17206\"},\"author\":{\"name\":\"Redacci\u00f3n\",\"@id\":\"https:\/\/nuevodigitaldeescobar.com.ar\/#\/schema\/person\/035e90a8efe9a80e6eec22656ad6ea4c\"},\"headline\":\"Valenzuela en Escobar: apoyo a Milei, cr\u00edticas a Kicillof y llamado a \u201cponer un freno al kirchnerismo\u201d\",\"datePublished\":\"2025-08-13T03:44:41+00:00\",\"dateModified\":\"2025-08-13T03:44:53+00:00\",\"mainEntityOfPage\":{\"@id\":\"https:\/\/nuevodigitaldeescobar.com.ar\/?p=17206\"},\"wordCount\":485,\"commentCount\":0,\"publisher\":{\"@id\":\"https:\/\/nuevodigitaldeescobar.com.ar\/#organization\"},\"image\":{\"@id\":\"https:\/\/nuevodigitaldeescobar.com.ar\/?p=17206#primaryimage\"},\"thumbnailUrl\":\"https:\/\/nuevodigitaldeescobar.com.ar\/wp-content\/uploads\/2025\/08\/valenzuelagianf354.png\",\"articleSection\":[\"Pol\u00edtica\"],\"inLanguage\":\"es\",\"potentialAction\":[{\"@type\":\"CommentAction\",\"name\":\"Comment\",\"target\":[\"https:\/\/nuevodigitaldeescobar.com.ar\/?p=17206#respond\"]}]},{\"@type\":\"WebPage\",\"@id\":\"https:\/\/nuevodigitaldeescobar.com.ar\/?p=17206\",\"url\":\"https:\/\/nuevodigitaldeescobar.com.ar\/?p=17206\",\"name\":\"Valenzuela en Escobar: apoyo a Milei, cr\u00edticas a Kicillof y llamado a \u201cponer un freno al kirchnerismo\u201d - Nuevo Digital de Escobar\",\"isPartOf\":{\"@id\":\"https:\/\/nuevodigitaldeescobar.com.ar\/#website\"},\"primaryImageOfPage\":{\"@id\":\"https:\/\/nuevodigitaldeescobar.com.ar\/?p=17206#primaryimage\"},\"image\":{\"@id\":\"https:\/\/nuevodigitaldeescobar.com.ar\/?p=17206#primaryimage\"},\"thumbnailUrl\":\"https:\/\/nuevodigitaldeescobar.com.ar\/wp-content\/uploads\/2025\/08\/valenzuelagianf354.png\",\"datePublished\":\"2025-08-13T03:44:41+00:00\",\"dateModified\":\"2025-08-13T03:44:53+00:00\",\"breadcrumb\":{\"@id\":\"https:\/\/nuevodigitaldeescobar.com.ar\/?p=17206#breadcrumb\"},\"inLanguage\":\"es\",\"potentialAction\":[{\"@type\":\"ReadAction\",\"target\":[\"https:\/\/nuevodigitaldeescobar.com.ar\/?p=17206\"]}]},{\"@type\":\"ImageObject\",\"inLanguage\":\"es\",\"@id\":\"https:\/\/nuevodigitaldeescobar.com.ar\/?p=17206#primaryimage\",\"url\":\"https:\/\/nuevodigitaldeescobar.com.ar\/wp-content\/uploads\/2025\/08\/valenzuelagianf354.png\",\"contentUrl\":\"https:\/\/nuevodigitaldeescobar.com.ar\/wp-content\/uploads\/2025\/08\/valenzuelagianf354.png\",\"width\":822,\"height\":546},{\"@type\":\"BreadcrumbList\",\"@id\":\"https:\/\/nuevodigitaldeescobar.com.ar\/?p=17206#breadcrumb\",\"itemListElement\":[{\"@type\":\"ListItem\",\"position\":1,\"name\":\"Portada\",\"item\":\"https:\/\/nuevodigitaldeescobar.com.ar\/\"},{\"@type\":\"ListItem\",\"position\":2,\"name\":\"Valenzuela en Escobar: apoyo a Milei, cr\u00edticas a Kicillof y llamado a \u201cponer un freno al kirchnerismo\u201d\"}]},{\"@type\":\"WebSite\",\"@id\":\"https:\/\/nuevodigitaldeescobar.com.ar\/#website\",\"url\":\"https:\/\/nuevodigitaldeescobar.com.ar\/\",\"name\":\"Nuevo Digital de Escobar\",\"description\":\"La vida escobarense. Directora: Rosana Brunner\",\"publisher\":{\"@id\":\"https:\/\/nuevodigitaldeescobar.com.ar\/#organization\"},\"potentialAction\":[{\"@type\":\"SearchAction\",\"target\":{\"@type\":\"EntryPoint\",\"urlTemplate\":\"https:\/\/nuevodigitaldeescobar.com.ar\/?s={search_term_string}\"},\"query-input\":{\"@type\":\"PropertyValueSpecification\",\"valueRequired\":true,\"valueName\":\"search_term_string\"}}],\"inLanguage\":\"es\"},{\"@type\":\"Organization\",\"@id\":\"https:\/\/nuevodigitaldeescobar.com.ar\/#organization\",\"name\":\"Nuevo Digital de Escobar\",\"url\":\"https:\/\/nuevodigitaldeescobar.com.ar\/\",\"logo\":{\"@type\":\"ImageObject\",\"inLanguage\":\"es\",\"@id\":\"https:\/\/nuevodigitaldeescobar.com.ar\/#\/schema\/logo\/image\/\",\"url\":\"https:\/\/nuevodigitaldeescobar.com.ar\/wp-content\/uploads\/2025\/05\/cropped-logo-nuevo2.jpg\",\"contentUrl\":\"https:\/\/nuevodigitaldeescobar.com.ar\/wp-content\/uploads\/2025\/05\/cropped-logo-nuevo2.jpg\",\"width\":305,\"height\":305,\"caption\":\"Nuevo Digital de Escobar\"},\"image\":{\"@id\":\"https:\/\/nuevodigitaldeescobar.com.ar\/#\/schema\/logo\/image\/\"},\"sameAs\":[\"https:\/\/www.facebook.com\/NUEVODigitalDeEscobar\",\"https:\/\/x.com\/nuevodigescobar\",\"https:\/\/www.instagram.com\/nuevodigitaldeescobar\"]},{\"@type\":\"Person\",\"@id\":\"https:\/\/nuevodigitaldeescobar.com.ar\/#\/schema\/person\/035e90a8efe9a80e6eec22656ad6ea4c\",\"name\":\"Redacci\u00f3n\",\"image\":{\"@type\":\"ImageObject\",\"inLanguage\":\"es\",\"@id\":\"https:\/\/nuevodigitaldeescobar.com.ar\/#\/schema\/person\/image\/\",\"url\":\"https:\/\/secure.gravatar.com\/avatar\/8af8f40000c24e9eef3034f2be5998a372bb1389e64b1a4a36b3a7979142220d?s=96&d=mm&r=g\",\"contentUrl\":\"https:\/\/secure.gravatar.com\/avatar\/8af8f40000c24e9eef3034f2be5998a372bb1389e64b1a4a36b3a7979142220d?s=96&d=mm&r=g\",\"caption\":\"Redacci\u00f3n\"},\"sameAs\":[\"http:\/\/nuevodigitaldeescobar.com.ar\"],\"url\":\"https:\/\/nuevodigitaldeescobar.com.ar\/?author=1\"}]}<\/script>\n<!-- \/ Yoast SEO plugin. -->","yoast_head_json":{"title":"Valenzuela en Escobar: apoyo a Milei, cr\u00edticas a Kicillof y llamado a \u201cponer un freno al kirchnerismo\u201d - Nuevo Digital de Escobar","robots":{"index":"index","follow":"follow","max-snippet":"max-snippet:-1","max-image-preview":"max-image-preview:large","max-video-preview":"max-video-preview:-1"},"canonical":"https:\/\/nuevodigitaldeescobar.com.ar\/?p=17206","og_locale":"es_ES","og_type":"article","og_title":"Valenzuela en Escobar: apoyo a Milei, cr\u00edticas a Kicillof y llamado a \u201cponer un freno al kirchnerismo\u201d - Nuevo Digital de Escobar","og_description":"En plena campa\u00f1a rumbo a las elecciones legislativas del pr\u00f3ximo 7 de septiembre, el intendente de Tres de Febrero y primer candidato a senador provincial [&hellip;]","og_url":"https:\/\/nuevodigitaldeescobar.com.ar\/?p=17206","og_site_name":"Nuevo Digital de Escobar","article_publisher":"https:\/\/www.facebook.com\/NUEVODigitalDeEscobar","article_published_time":"2025-08-13T03:44:41+00:00","article_modified_time":"2025-08-13T03:44:53+00:00","og_image":[{"width":822,"height":546,"url":"http:\/\/nuevodigitaldeescobar.com.ar\/wp-content\/uploads\/2025\/08\/valenzuelagianf354.png","type":"image\/png"}],"author":"Redacci\u00f3n","twitter_card":"summary_large_image","twitter_creator":"@nuevodigescobar","twitter_site":"@nuevodigescobar","twitter_misc":{"Escrito por":"Redacci\u00f3n","Tiempo de lectura":"3 minutos"},"schema":{"@context":"https:\/\/schema.org","@graph":[{"@type":"Article","@id":"https:\/\/nuevodigitaldeescobar.com.ar\/?p=17206#article","isPartOf":{"@id":"https:\/\/nuevodigitaldeescobar.com.ar\/?p=17206"},"author":{"name":"Redacci\u00f3n","@id":"https:\/\/nuevodigitaldeescobar.com.ar\/#\/schema\/person\/035e90a8efe9a80e6eec22656ad6ea4c"},"headline":"Valenzuela en Escobar: apoyo a Milei, cr\u00edticas a Kicillof y llamado a \u201cponer un freno al kirchnerismo\u201d","datePublished":"2025-08-13T03:44:41+00:00","dateModified":"2025-08-13T03:44:53+00:00","mainEntityOfPage":{"@id":"https:\/\/nuevodigitaldeescobar.com.ar\/?p=17206"},"wordCount":485,"commentCount":0,"publisher":{"@id":"https:\/\/nuevodigitaldeescobar.com.ar\/#organization"},"image":{"@id":"https:\/\/nuevodigitaldeescobar.com.ar\/?p=17206#primaryimage"},"thumbnailUrl":"https:\/\/nuevodigitaldeescobar.com.ar\/wp-content\/uploads\/2025\/08\/valenzuelagianf354.png","articleSection":["Pol\u00edtica"],"inLanguage":"es","potentialAction":[{"@type":"CommentAction","name":"Comment","target":["https:\/\/nuevodigitaldeescobar.com.ar\/?p=17206#respond"]}]},{"@type":"WebPage","@id":"https:\/\/nuevodigitaldeescobar.com.ar\/?p=17206","url":"https:\/\/nuevodigitaldeescobar.com.ar\/?p=17206","name":"Valenzuela en Escobar: apoyo a Milei, cr\u00edticas a Kicillof y llamado a \u201cponer un freno al kirchnerismo\u201d - Nuevo Digital de Escobar","isPartOf":{"@id":"https:\/\/nuevodigitaldeescobar.com.ar\/#website"},"primaryImageOfPage":{"@id":"https:\/\/nuevodigitaldeescobar.com.ar\/?p=17206#primaryimage"},"image":{"@id":"https:\/\/nuevodigitaldeescobar.com.ar\/?p=17206#primaryimage"},"thumbnailUrl":"https:\/\/nuevodigitaldeescobar.com.ar\/wp-content\/uploads\/2025\/08\/valenzuelagianf354.png","datePublished":"2025-08-13T03:44:41+00:00","dateModified":"2025-08-13T03:44:53+00:00","breadcrumb":{"@id":"https:\/\/nuevodigitaldeescobar.com.ar\/?p=17206#breadcrumb"},"inLanguage":"es","potentialAction":[{"@type":"ReadAction","target":["https:\/\/nuevodigitaldeescobar.com.ar\/?p=17206"]}]},{"@type":"ImageObject","inLanguage":"es","@id":"https:\/\/nuevodigitaldeescobar.com.ar\/?p=17206#primaryimage","url":"https:\/\/nuevodigitaldeescobar.com.ar\/wp-content\/uploads\/2025\/08\/valenzuelagianf354.png","contentUrl":"https:\/\/nuevodigitaldeescobar.com.ar\/wp-content\/uploads\/2025\/08\/valenzuelagianf354.png","width":822,"height":546},{"@type":"BreadcrumbList","@id":"https:\/\/nuevodigitaldeescobar.com.ar\/?p=17206#breadcrumb","itemListElement":[{"@type":"ListItem","position":1,"name":"Portada","item":"https:\/\/nuevodigitaldeescobar.com.ar\/"},{"@type":"ListItem","position":2,"name":"Valenzuela en Escobar: apoyo a Milei, cr\u00edticas a Kicillof y llamado a \u201cponer un freno al kirchnerismo\u201d"}]},{"@type":"WebSite","@id":"https:\/\/nuevodigitaldeescobar.com.ar\/#website","url":"https:\/\/nuevodigitaldeescobar.com.ar\/","name":"Nuevo Digital de Escobar","description":"La vida escobarense. Directora: Rosana Brunner","publisher":{"@id":"https:\/\/nuevodigitaldeescobar.com.ar\/#organization"},"potentialAction":[{"@type":"SearchAction","target":{"@type":"EntryPoint","urlTemplate":"https:\/\/nuevodigitaldeescobar.com.ar\/?s={search_term_string}"},"query-input":{"@type":"PropertyValueSpecification","valueRequired":true,"valueName":"search_term_string"}}],"inLanguage":"es"},{"@type":"Organization","@id":"https:\/\/nuevodigitaldeescobar.com.ar\/#organization","name":"Nuevo Digital de Escobar","url":"https:\/\/nuevodigitaldeescobar.com.ar\/","logo":{"@type":"ImageObject","inLanguage":"es","@id":"https:\/\/nuevodigitaldeescobar.com.ar\/#\/schema\/logo\/image\/","url":"https:\/\/nuevodigitaldeescobar.com.ar\/wp-content\/uploads\/2025\/05\/cropped-logo-nuevo2.jpg","contentUrl":"https:\/\/nuevodigitaldeescobar.com.ar\/wp-content\/uploads\/2025\/05\/cropped-logo-nuevo2.jpg","width":305,"height":305,"caption":"Nuevo Digital de Escobar"},"image":{"@id":"https:\/\/nuevodigitaldeescobar.com.ar\/#\/schema\/logo\/image\/"},"sameAs":["https:\/\/www.facebook.com\/NUEVODigitalDeEscobar","https:\/\/x.com\/nuevodigescobar","https:\/\/www.instagram.com\/nuevodigitaldeescobar"]},{"@type":"Person","@id":"https:\/\/nuevodigitaldeescobar.com.ar\/#\/schema\/person\/035e90a8efe9a80e6eec22656ad6ea4c","name":"Redacci\u00f3n","image":{"@type":"ImageObject","inLanguage":"es","@id":"https:\/\/nuevodigitaldeescobar.com.ar\/#\/schema\/person\/image\/","url":"https:\/\/secure.gravatar.com\/avatar\/8af8f40000c24e9eef3034f2be5998a372bb1389e64b1a4a36b3a7979142220d?s=96&d=mm&r=g","contentUrl":"https:\/\/secure.gravatar.com\/avatar\/8af8f40000c24e9eef3034f2be5998a372bb1389e64b1a4a36b3a7979142220d?s=96&d=mm&r=g","caption":"Redacci\u00f3n"},"sameAs":["http:\/\/nuevodigitaldeescobar.com.ar"],"url":"https:\/\/nuevodigitaldeescobar.com.ar\/?author=1"}]}},"featured_image_urls":{"full":["https:\/\/nuevodigitaldeescobar.com.ar\/wp-content\/uploads\/2025\/08\/valenzuelagianf354.png",822,546,false],"thumbnail":["https:\/\/nuevodigitaldeescobar.com.ar\/wp-content\/uploads\/2025\/08\/valenzuelagianf354-150x150.png",150,150,true],"medium":["https:\/\/nuevodigitaldeescobar.com.ar\/wp-content\/uploads\/2025\/08\/valenzuelagianf354-300x199.png",300,199,true],"medium_large":["https:\/\/nuevodigitaldeescobar.com.ar\/wp-content\/uploads\/2025\/08\/valenzuelagianf354-768x510.png",640,425,true],"large":["https:\/\/nuevodigitaldeescobar.com.ar\/wp-content\/uploads\/2025\/08\/valenzuelagianf354.png",640,425,false],"1536x1536":["https:\/\/nuevodigitaldeescobar.com.ar\/wp-content\/uploads\/2025\/08\/valenzuelagianf354.png",822,546,false],"2048x2048":["https:\/\/nuevodigitaldeescobar.com.ar\/wp-content\/uploads\/2025\/08\/valenzuelagianf354.png",822,546,false]},"author_info":{"display_name":"Redacci\u00f3n","author_link":"https:\/\/nuevodigitaldeescobar.com.ar\/?author=1"},"category_info":"<a href=\"https:\/\/nuevodigitaldeescobar.com.ar\/?cat=6\" rel=\"category\">Pol\u00edtica<\/a>","tag_info":"Pol\u00edtica","comment_count":"0","_links":{"self":[{"href":"https:\/\/nuevodigitaldeescobar.com.ar\/index.php?rest_route=\/wp\/v2\/posts\/17206","targetHints":{"allow":["GET"]}}],"collection":[{"href":"https:\/\/nuevodigitaldeescobar.com.ar\/index.php?rest_route=\/wp\/v2\/posts"}],"about":[{"href":"https:\/\/nuevodigitaldeescobar.com.ar\/index.php?rest_route=\/wp\/v2\/types\/post"}],"author":[{"embeddable":true,"href":"https:\/\/nuevodigitaldeescobar.com.ar\/index.php?rest_route=\/wp\/v2\/users\/1"}],"replies":[{"embeddable":true,"href":"https:\/\/nuevodigitaldeescobar.com.ar\/index.php?rest_route=%2Fwp%2Fv2%2Fcomments&post=17206"}],"version-history":[{"count":1,"href":"https:\/\/nuevodigitaldeescobar.com.ar\/index.php?rest_route=\/wp\/v2\/posts\/17206\/revisions"}],"predecessor-version":[{"id":17208,"href":"https:\/\/nuevodigitaldeescobar.com.ar\/index.php?rest_route=\/wp\/v2\/posts\/17206\/revisions\/17208"}],"wp:featuredmedia":[{"embeddable":true,"href":"https:\/\/nuevodigitaldeescobar.com.ar\/index.php?rest_route=\/wp\/v2\/media\/17207"}],"wp:attachment":[{"href":"https:\/\/nuevodigitaldeescobar.com.ar\/index.php?rest_route=%2Fwp%2Fv2%2Fmedia&parent=17206"}],"wp:term":[{"taxonomy":"category","embeddable":true,"href":"https:\/\/nuevodigitaldeescobar.com.ar\/index.php?rest_route=%2Fwp%2Fv2%2Fcategories&post=17206"},{"taxonomy":"post_tag","embeddable":true,"href":"https:\/\/nuevodigitaldeescobar.com.ar\/index.php?rest_route=%2Fwp%2Fv2%2Ftags&post=17206"}],"curies":[{"name":"wp","href":"https:\/\/api.w.org\/{rel}","templated":true}]}}