{"id":17211,"date":"2025-08-13T11:20:22","date_gmt":"2025-08-13T14:20:22","guid":{"rendered":"https:\/\/nuevodigitaldeescobar.com.ar\/?p=17211"},"modified":"2025-08-13T11:20:22","modified_gmt":"2025-08-13T14:20:22","slug":"indignacion-en-racing-hinchas-retenidos-ocho-horas-en-el-campeon-del-siglo","status":"publish","type":"post","link":"https:\/\/nuevodigitaldeescobar.com.ar\/?p=17211","title":{"rendered":"Indignaci\u00f3n en Racing: hinchas retenidos ocho horas en el Campe\u00f3n del Siglo"},"content":{"rendered":"<p><strong><u>Racing<\/u> vivi\u00f3 una noche para el olvido en su visita a Pe\u00f1arol por la ida de los octavos de final de la Copa Libertadores<\/strong>. M\u00e1s all\u00e1 del resultado deportivo (derrota 1-0), la experiencia para los hinchas que viajaron hasta el Estadio Campe\u00f3n del Siglo estuvo marcada por \u00a0<strong>medidas ins\u00f3litas<\/strong> y un operativo de seguridad que deriv\u00f3 en <strong>tensi\u00f3n<\/strong>\u00a0 y <strong>violencia<\/strong>.<\/p>\n<div class=\"text-center\">\n<h3 class=\"dailyMotionTitle\">Los hinchas de Racing y la polic\u00eda<\/h3>\n<aside>\n<figure class=\"op-interactive\"><\/figure>\n<\/aside>\n<\/div>\n<p>Por disposici\u00f3n del <strong>Ministerio del Interior de Uruguay<\/strong>, la parcialidad visitante fue obligada a ingresar al estadio <strong>cuatro horas antes del inicio del partido<\/strong> y, una vez finalizado, \u00a0<strong>tuvo que permanecer en su lugar hasta las 1:30 de la madrugada<\/strong>, es decir, dos horas despu\u00e9s del pitazo final. En total, los hinchas de la Academia estuvieron <strong>ocho horas<\/strong>\u00a0 dentro del recinto.<\/p>\n<p>El argumento oficial fue \u00ab<strong><em>cuestiones de seguridad<\/em><\/strong>\u00ab. Sin embargo, a la salida se registraron \u00a0<strong>incidentes y represi\u00f3n policial<\/strong>, seg\u00fan videos que circularon en redes sociales. Ante esta situaci\u00f3n, \u00a0<strong>el t\u00e9cnico Gustavo Costas y el presidente Diego Milito ingresaron al campo de juego para interiorizarse sobre lo que ocurr\u00eda y exigir explicaciones<\/strong>.<\/p>\n<div class=\"text-center\">\n<h3 class=\"dailyMotionTitle\">Costas sale al campo de juego para ver la situaci\u00f3n de los hinchas<\/h3>\n<aside>\n<figure class=\"op-interactive\"><\/figure>\n<\/aside>\n<\/div>\n<p>La previa tambi\u00e9n tuvo un operativo estricto, ya que <strong>los hinchas fueron trasladados en micros dispuestos por las autoridades<\/strong>, sin posibilidad de llegar en autos particulares o a pie. Incluso, se advirti\u00f3 que quienes no cumplieran con el horario de ingreso <strong>ser\u00edan escoltados al estadio<\/strong>, pero con el partido ya iniciado.<\/p>\n<p>\u00ab<strong><em>Es una locura. Estamos en el estadio y no nos vamos a ir hasta que se vaya el \u00faltimo hincha de Racing. Nunca vivimos algo semejante<\/em><\/strong>\u00ab, expres\u00f3 Milito, quien adem\u00e1s se\u00f1al\u00f3 que el presidente de Pe\u00f1arol intentaba comunicarse con el Ministerio del Interior para destrabar la situaci\u00f3n, ya que entre los retenidos \u00a0<strong>hab\u00eda familiares de jugadores y dirigentes<\/strong>.<\/p>\n<h2><strong>Los hinchas enojados con la dirigencia<\/strong><\/h2>\n<p>En videos difundidos por los simpatizantes de la Acad\u00e9\u00a0desde las tribunas, se escucharon c\u00e1nticos contra la dirigencia, no solo contra <strong>Milito<\/strong>. \u00ab<strong><em>La Comisi\u00f3n, se va la pu\u2026 que lo pari\u00f3<\/em><\/strong>\u00bb reson\u00f3 en medio del silencio del estadio. <strong>Kevin Feldman<\/strong> y <strong>Diego Raiman<\/strong> tambi\u00e9n fueron apuntados por los hinchas, mientras que en redes sociales se multiplicaban los pedidos para que la dirigencia \u00ab<strong><em>haga algo m\u00e1s<\/em><\/strong>\u00ab.<\/p>\n<p>Finalmente, cuando se levant\u00f3 la prohibici\u00f3n de salir del estadio, los hinchas comenzaron a descender por las escaleras entonando \u00ab<strong><em>Y Milito d\u00f3nde est\u00e1<\/em><\/strong>\u00ab, como se\u00f1al de disconformidad con el trato recibido y en rechazo al accionar de la conducci\u00f3n del club.<\/p>\n<h2><strong>\u00bfCu\u00e1ndo se juega el partido de vuelta?<\/strong><\/h2>\n<p>Con el objetivo de revertir el global y conseguir su pase a los cuartos de final de la Copa Libertadores, <strong>Racing recibir\u00e1 a Pe\u00f1arol en el Cilindro de Avellaneda el pr\u00f3ximo martes 19 de agosto a las 21:30 horas<\/strong>.<\/p>\n<aside class=\"whatsappChannelText\"><a href=\"https:\/\/whatsapp.com\/channel\/0029VagEjILGE56eKjedWF2U\" rel=\"nofollow\" title=\"WhatsApp Link\"><img alt=\"Logo de WhatsApp\" class=\"lazyload\" data-src=\"\/filesedc\/uploads\/other\/whatsapp_icon_mid_article.png\" width=\"32\" height=\"32\" \/><\/a> <a href=\"https:\/\/whatsapp.com\/channel\/0029VagEjILGE56eKjedWF2U\" rel=\"nofollow\" title=\"WhatsApp Link\"><strong>NO SE PIERDAN NINGUNA NOTICIA<\/strong>: Click aqu\u00ed para sumarte <strong>GRATIS<\/strong> al canal de noticias de <strong>La Derecha Diario en WhatsApp.<\/strong><\/a><\/aside>\n<p>Si bien la diferencia es de solo un gol, el conjunto uruguayo demostr\u00f3 ser un rival duro de roer, por lo que la Academia \u00a0<strong>deber\u00e1 hacer pesar su condici\u00f3n de local si quiere seguir en carrera<\/strong>.<\/p>","protected":false},"excerpt":{"rendered":"<p>Racing vivi\u00f3 una noche para el olvido en su visita a Pe\u00f1arol por la ida de los octavos de final de la Copa Libertadores. M\u00e1s [&hellip;]<\/p>\n","protected":false},"author":1,"featured_media":17212,"comment_status":"open","ping_status":"open","sticky":false,"template":"","format":"standard","meta":{"footnotes":""},"categories":[8],"tags":[],"class_list":["post-17211","post","type-post","status-publish","format-standard","has-post-thumbnail","hentry","category-deportes"],"better_featured_image":{"id":17212,"alt_text":"","caption":"","description":"","media_type":"image","media_details":{"width":1600,"height":1067,"file":"2025\/08\/penarol-vs-racing-copa-libertadores-hinchas-racing_1600_1067-P3Dmy4.jpg","filesize":160890,"sizes":{"medium":{"file":"penarol-vs-racing-copa-libertadores-hinchas-racing_1600_1067-P3Dmy4-300x200.jpg","width":300,"height":200,"mime-type":"image\/jpeg","filesize":18985,"source_url":"https:\/\/nuevodigitaldeescobar.com.ar\/wp-content\/uploads\/2025\/08\/penarol-vs-racing-copa-libertadores-hinchas-racing_1600_1067-P3Dmy4-300x200.jpg"},"large":{"file":"penarol-vs-racing-copa-libertadores-hinchas-racing_1600_1067-P3Dmy4-1024x683.jpg","width":1024,"height":683,"mime-type":"image\/jpeg","filesize":121160,"source_url":"https:\/\/nuevodigitaldeescobar.com.ar\/wp-content\/uploads\/2025\/08\/penarol-vs-racing-copa-libertadores-hinchas-racing_1600_1067-P3Dmy4-1024x683.jpg"},"thumbnail":{"file":"penarol-vs-racing-copa-libertadores-hinchas-racing_1600_1067-P3Dmy4-150x150.jpg","width":150,"height":150,"mime-type":"image\/jpeg","filesize":8324,"source_url":"https:\/\/nuevodigitaldeescobar.com.ar\/wp-content\/uploads\/2025\/08\/penarol-vs-racing-copa-libertadores-hinchas-racing_1600_1067-P3Dmy4-150x150.jpg"},"medium_large":{"file":"penarol-vs-racing-copa-libertadores-hinchas-racing_1600_1067-P3Dmy4-768x512.jpg","width":768,"height":512,"mime-type":"image\/jpeg","filesize":79428,"source_url":"https:\/\/nuevodigitaldeescobar.com.ar\/wp-content\/uploads\/2025\/08\/penarol-vs-racing-copa-libertadores-hinchas-racing_1600_1067-P3Dmy4-768x512.jpg"},"1536x1536":{"file":"penarol-vs-racing-copa-libertadores-hinchas-racing_1600_1067-P3Dmy4-1536x1024.jpg","width":1536,"height":1024,"mime-type":"image\/jpeg","filesize":213671,"source_url":"https:\/\/nuevodigitaldeescobar.com.ar\/wp-content\/uploads\/2025\/08\/penarol-vs-racing-copa-libertadores-hinchas-racing_1600_1067-P3Dmy4-1536x1024.jpg"}},"image_meta":{"aperture":"0","credit":"","camera":"","caption":"","created_timestamp":"0","copyright":"","focal_length":"0","iso":"0","shutter_speed":"0","title":"","orientation":"0","keywords":[]}},"post":17211,"source_url":"https:\/\/nuevodigitaldeescobar.com.ar\/wp-content\/uploads\/2025\/08\/penarol-vs-racing-copa-libertadores-hinchas-racing_1600_1067-P3Dmy4.jpg"},"yoast_head":"<!-- This site is optimized with the Yoast SEO plugin v26.1.1 - https:\/\/yoast.com\/wordpress\/plugins\/seo\/ -->\n<title>Indignaci\u00f3n en Racing: hinchas retenidos ocho horas en el Campe\u00f3n del Siglo - Nuevo Digital de Escobar<\/title>\n<meta name=\"robots\" content=\"index, follow, max-snippet:-1, max-image-preview:large, max-video-preview:-1\" \/>\n<link rel=\"canonical\" href=\"https:\/\/nuevodigitaldeescobar.com.ar\/?p=17211\" \/>\n<meta property=\"og:locale\" content=\"es_ES\" \/>\n<meta property=\"og:type\" content=\"article\" \/>\n<meta property=\"og:title\" content=\"Indignaci\u00f3n en Racing: hinchas retenidos ocho horas en el Campe\u00f3n del Siglo - Nuevo Digital de Escobar\" \/>\n<meta property=\"og:description\" content=\"Racing vivi\u00f3 una noche para el olvido en su visita a Pe\u00f1arol por la ida de los octavos de final de la Copa Libertadores. M\u00e1s [&hellip;]\" \/>\n<meta property=\"og:url\" content=\"https:\/\/nuevodigitaldeescobar.com.ar\/?p=17211\" \/>\n<meta property=\"og:site_name\" content=\"Nuevo Digital de Escobar\" \/>\n<meta property=\"article:publisher\" content=\"https:\/\/www.facebook.com\/NUEVODigitalDeEscobar\" \/>\n<meta property=\"article:published_time\" content=\"2025-08-13T14:20:22+00:00\" \/>\n<meta name=\"author\" content=\"Redacci\u00f3n\" \/>\n<meta name=\"twitter:card\" content=\"summary_large_image\" \/>\n<meta name=\"twitter:creator\" content=\"@nuevodigescobar\" \/>\n<meta name=\"twitter:site\" content=\"@nuevodigescobar\" \/>\n<meta name=\"twitter:label1\" content=\"Escrito por\" \/>\n\t<meta name=\"twitter:data1\" content=\"Redacci\u00f3n\" \/>\n\t<meta name=\"twitter:label2\" content=\"Tiempo de lectura\" \/>\n\t<meta name=\"twitter:data2\" content=\"3 minutos\" \/>\n<script type=\"application\/ld+json\" class=\"yoast-schema-graph\">{\"@context\":\"https:\/\/schema.org\",\"@graph\":[{\"@type\":\"Article\",\"@id\":\"https:\/\/nuevodigitaldeescobar.com.ar\/?p=17211#article\",\"isPartOf\":{\"@id\":\"https:\/\/nuevodigitaldeescobar.com.ar\/?p=17211\"},\"author\":{\"name\":\"Redacci\u00f3n\",\"@id\":\"https:\/\/nuevodigitaldeescobar.com.ar\/#\/schema\/person\/035e90a8efe9a80e6eec22656ad6ea4c\"},\"headline\":\"Indignaci\u00f3n en Racing: hinchas retenidos ocho horas en el Campe\u00f3n del Siglo\",\"datePublished\":\"2025-08-13T14:20:22+00:00\",\"mainEntityOfPage\":{\"@id\":\"https:\/\/nuevodigitaldeescobar.com.ar\/?p=17211\"},\"wordCount\":559,\"commentCount\":0,\"publisher\":{\"@id\":\"https:\/\/nuevodigitaldeescobar.com.ar\/#organization\"},\"image\":{\"@id\":\"https:\/\/nuevodigitaldeescobar.com.ar\/?p=17211#primaryimage\"},\"thumbnailUrl\":\"https:\/\/nuevodigitaldeescobar.com.ar\/wp-content\/uploads\/2025\/08\/penarol-vs-racing-copa-libertadores-hinchas-racing_1600_1067-P3Dmy4.jpg\",\"articleSection\":[\"Deportes\"],\"inLanguage\":\"es\",\"potentialAction\":[{\"@type\":\"CommentAction\",\"name\":\"Comment\",\"target\":[\"https:\/\/nuevodigitaldeescobar.com.ar\/?p=17211#respond\"]}]},{\"@type\":\"WebPage\",\"@id\":\"https:\/\/nuevodigitaldeescobar.com.ar\/?p=17211\",\"url\":\"https:\/\/nuevodigitaldeescobar.com.ar\/?p=17211\",\"name\":\"Indignaci\u00f3n en Racing: hinchas retenidos ocho horas en el Campe\u00f3n del Siglo - Nuevo Digital de Escobar\",\"isPartOf\":{\"@id\":\"https:\/\/nuevodigitaldeescobar.com.ar\/#website\"},\"primaryImageOfPage\":{\"@id\":\"https:\/\/nuevodigitaldeescobar.com.ar\/?p=17211#primaryimage\"},\"image\":{\"@id\":\"https:\/\/nuevodigitaldeescobar.com.ar\/?p=17211#primaryimage\"},\"thumbnailUrl\":\"https:\/\/nuevodigitaldeescobar.com.ar\/wp-content\/uploads\/2025\/08\/penarol-vs-racing-copa-libertadores-hinchas-racing_1600_1067-P3Dmy4.jpg\",\"datePublished\":\"2025-08-13T14:20:22+00:00\",\"breadcrumb\":{\"@id\":\"https:\/\/nuevodigitaldeescobar.com.ar\/?p=17211#breadcrumb\"},\"inLanguage\":\"es\",\"potentialAction\":[{\"@type\":\"ReadAction\",\"target\":[\"https:\/\/nuevodigitaldeescobar.com.ar\/?p=17211\"]}]},{\"@type\":\"ImageObject\",\"inLanguage\":\"es\",\"@id\":\"https:\/\/nuevodigitaldeescobar.com.ar\/?p=17211#primaryimage\",\"url\":\"https:\/\/nuevodigitaldeescobar.com.ar\/wp-content\/uploads\/2025\/08\/penarol-vs-racing-copa-libertadores-hinchas-racing_1600_1067-P3Dmy4.jpg\",\"contentUrl\":\"https:\/\/nuevodigitaldeescobar.com.ar\/wp-content\/uploads\/2025\/08\/penarol-vs-racing-copa-libertadores-hinchas-racing_1600_1067-P3Dmy4.jpg\",\"width\":1600,\"height\":1067},{\"@type\":\"BreadcrumbList\",\"@id\":\"https:\/\/nuevodigitaldeescobar.com.ar\/?p=17211#breadcrumb\",\"itemListElement\":[{\"@type\":\"ListItem\",\"position\":1,\"name\":\"Portada\",\"item\":\"https:\/\/nuevodigitaldeescobar.com.ar\/\"},{\"@type\":\"ListItem\",\"position\":2,\"name\":\"Indignaci\u00f3n en Racing: hinchas retenidos ocho horas en el Campe\u00f3n del Siglo\"}]},{\"@type\":\"WebSite\",\"@id\":\"https:\/\/nuevodigitaldeescobar.com.ar\/#website\",\"url\":\"https:\/\/nuevodigitaldeescobar.com.ar\/\",\"name\":\"Nuevo Digital de Escobar\",\"description\":\"La vida escobarense. Directora: Rosana Brunner\",\"publisher\":{\"@id\":\"https:\/\/nuevodigitaldeescobar.com.ar\/#organization\"},\"potentialAction\":[{\"@type\":\"SearchAction\",\"target\":{\"@type\":\"EntryPoint\",\"urlTemplate\":\"https:\/\/nuevodigitaldeescobar.com.ar\/?s={search_term_string}\"},\"query-input\":{\"@type\":\"PropertyValueSpecification\",\"valueRequired\":true,\"valueName\":\"search_term_string\"}}],\"inLanguage\":\"es\"},{\"@type\":\"Organization\",\"@id\":\"https:\/\/nuevodigitaldeescobar.com.ar\/#organization\",\"name\":\"Nuevo Digital de Escobar\",\"url\":\"https:\/\/nuevodigitaldeescobar.com.ar\/\",\"logo\":{\"@type\":\"ImageObject\",\"inLanguage\":\"es\",\"@id\":\"https:\/\/nuevodigitaldeescobar.com.ar\/#\/schema\/logo\/image\/\",\"url\":\"https:\/\/nuevodigitaldeescobar.com.ar\/wp-content\/uploads\/2025\/05\/cropped-logo-nuevo2.jpg\",\"contentUrl\":\"https:\/\/nuevodigitaldeescobar.com.ar\/wp-content\/uploads\/2025\/05\/cropped-logo-nuevo2.jpg\",\"width\":305,\"height\":305,\"caption\":\"Nuevo Digital de Escobar\"},\"image\":{\"@id\":\"https:\/\/nuevodigitaldeescobar.com.ar\/#\/schema\/logo\/image\/\"},\"sameAs\":[\"https:\/\/www.facebook.com\/NUEVODigitalDeEscobar\",\"https:\/\/x.com\/nuevodigescobar\",\"https:\/\/www.instagram.com\/nuevodigitaldeescobar\"]},{\"@type\":\"Person\",\"@id\":\"https:\/\/nuevodigitaldeescobar.com.ar\/#\/schema\/person\/035e90a8efe9a80e6eec22656ad6ea4c\",\"name\":\"Redacci\u00f3n\",\"image\":{\"@type\":\"ImageObject\",\"inLanguage\":\"es\",\"@id\":\"https:\/\/nuevodigitaldeescobar.com.ar\/#\/schema\/person\/image\/\",\"url\":\"https:\/\/secure.gravatar.com\/avatar\/8af8f40000c24e9eef3034f2be5998a372bb1389e64b1a4a36b3a7979142220d?s=96&d=mm&r=g\",\"contentUrl\":\"https:\/\/secure.gravatar.com\/avatar\/8af8f40000c24e9eef3034f2be5998a372bb1389e64b1a4a36b3a7979142220d?s=96&d=mm&r=g\",\"caption\":\"Redacci\u00f3n\"},\"sameAs\":[\"http:\/\/nuevodigitaldeescobar.com.ar\"],\"url\":\"https:\/\/nuevodigitaldeescobar.com.ar\/?author=1\"}]}<\/script>\n<!-- \/ Yoast SEO plugin. -->","yoast_head_json":{"title":"Indignaci\u00f3n en Racing: hinchas retenidos ocho horas en el Campe\u00f3n del Siglo - Nuevo Digital de Escobar","robots":{"index":"index","follow":"follow","max-snippet":"max-snippet:-1","max-image-preview":"max-image-preview:large","max-video-preview":"max-video-preview:-1"},"canonical":"https:\/\/nuevodigitaldeescobar.com.ar\/?p=17211","og_locale":"es_ES","og_type":"article","og_title":"Indignaci\u00f3n en Racing: hinchas retenidos ocho horas en el Campe\u00f3n del Siglo - Nuevo Digital de Escobar","og_description":"Racing vivi\u00f3 una noche para el olvido en su visita a Pe\u00f1arol por la ida de los octavos de final de la Copa Libertadores. M\u00e1s [&hellip;]","og_url":"https:\/\/nuevodigitaldeescobar.com.ar\/?p=17211","og_site_name":"Nuevo Digital de Escobar","article_publisher":"https:\/\/www.facebook.com\/NUEVODigitalDeEscobar","article_published_time":"2025-08-13T14:20:22+00:00","author":"Redacci\u00f3n","twitter_card":"summary_large_image","twitter_creator":"@nuevodigescobar","twitter_site":"@nuevodigescobar","twitter_misc":{"Escrito por":"Redacci\u00f3n","Tiempo de lectura":"3 minutos"},"schema":{"@context":"https:\/\/schema.org","@graph":[{"@type":"Article","@id":"https:\/\/nuevodigitaldeescobar.com.ar\/?p=17211#article","isPartOf":{"@id":"https:\/\/nuevodigitaldeescobar.com.ar\/?p=17211"},"author":{"name":"Redacci\u00f3n","@id":"https:\/\/nuevodigitaldeescobar.com.ar\/#\/schema\/person\/035e90a8efe9a80e6eec22656ad6ea4c"},"headline":"Indignaci\u00f3n en Racing: hinchas retenidos ocho horas en el Campe\u00f3n del Siglo","datePublished":"2025-08-13T14:20:22+00:00","mainEntityOfPage":{"@id":"https:\/\/nuevodigitaldeescobar.com.ar\/?p=17211"},"wordCount":559,"commentCount":0,"publisher":{"@id":"https:\/\/nuevodigitaldeescobar.com.ar\/#organization"},"image":{"@id":"https:\/\/nuevodigitaldeescobar.com.ar\/?p=17211#primaryimage"},"thumbnailUrl":"https:\/\/nuevodigitaldeescobar.com.ar\/wp-content\/uploads\/2025\/08\/penarol-vs-racing-copa-libertadores-hinchas-racing_1600_1067-P3Dmy4.jpg","articleSection":["Deportes"],"inLanguage":"es","potentialAction":[{"@type":"CommentAction","name":"Comment","target":["https:\/\/nuevodigitaldeescobar.com.ar\/?p=17211#respond"]}]},{"@type":"WebPage","@id":"https:\/\/nuevodigitaldeescobar.com.ar\/?p=17211","url":"https:\/\/nuevodigitaldeescobar.com.ar\/?p=17211","name":"Indignaci\u00f3n en Racing: hinchas retenidos ocho horas en el Campe\u00f3n del Siglo - Nuevo Digital de Escobar","isPartOf":{"@id":"https:\/\/nuevodigitaldeescobar.com.ar\/#website"},"primaryImageOfPage":{"@id":"https:\/\/nuevodigitaldeescobar.com.ar\/?p=17211#primaryimage"},"image":{"@id":"https:\/\/nuevodigitaldeescobar.com.ar\/?p=17211#primaryimage"},"thumbnailUrl":"https:\/\/nuevodigitaldeescobar.com.ar\/wp-content\/uploads\/2025\/08\/penarol-vs-racing-copa-libertadores-hinchas-racing_1600_1067-P3Dmy4.jpg","datePublished":"2025-08-13T14:20:22+00:00","breadcrumb":{"@id":"https:\/\/nuevodigitaldeescobar.com.ar\/?p=17211#breadcrumb"},"inLanguage":"es","potentialAction":[{"@type":"ReadAction","target":["https:\/\/nuevodigitaldeescobar.com.ar\/?p=17211"]}]},{"@type":"ImageObject","inLanguage":"es","@id":"https:\/\/nuevodigitaldeescobar.com.ar\/?p=17211#primaryimage","url":"https:\/\/nuevodigitaldeescobar.com.ar\/wp-content\/uploads\/2025\/08\/penarol-vs-racing-copa-libertadores-hinchas-racing_1600_1067-P3Dmy4.jpg","contentUrl":"https:\/\/nuevodigitaldeescobar.com.ar\/wp-content\/uploads\/2025\/08\/penarol-vs-racing-copa-libertadores-hinchas-racing_1600_1067-P3Dmy4.jpg","width":1600,"height":1067},{"@type":"BreadcrumbList","@id":"https:\/\/nuevodigitaldeescobar.com.ar\/?p=17211#breadcrumb","itemListElement":[{"@type":"ListItem","position":1,"name":"Portada","item":"https:\/\/nuevodigitaldeescobar.com.ar\/"},{"@type":"ListItem","position":2,"name":"Indignaci\u00f3n en Racing: hinchas retenidos ocho horas en el Campe\u00f3n del Siglo"}]},{"@type":"WebSite","@id":"https:\/\/nuevodigitaldeescobar.com.ar\/#website","url":"https:\/\/nuevodigitaldeescobar.com.ar\/","name":"Nuevo Digital de Escobar","description":"La vida escobarense. Directora: Rosana Brunner","publisher":{"@id":"https:\/\/nuevodigitaldeescobar.com.ar\/#organization"},"potentialAction":[{"@type":"SearchAction","target":{"@type":"EntryPoint","urlTemplate":"https:\/\/nuevodigitaldeescobar.com.ar\/?s={search_term_string}"},"query-input":{"@type":"PropertyValueSpecification","valueRequired":true,"valueName":"search_term_string"}}],"inLanguage":"es"},{"@type":"Organization","@id":"https:\/\/nuevodigitaldeescobar.com.ar\/#organization","name":"Nuevo Digital de Escobar","url":"https:\/\/nuevodigitaldeescobar.com.ar\/","logo":{"@type":"ImageObject","inLanguage":"es","@id":"https:\/\/nuevodigitaldeescobar.com.ar\/#\/schema\/logo\/image\/","url":"https:\/\/nuevodigitaldeescobar.com.ar\/wp-content\/uploads\/2025\/05\/cropped-logo-nuevo2.jpg","contentUrl":"https:\/\/nuevodigitaldeescobar.com.ar\/wp-content\/uploads\/2025\/05\/cropped-logo-nuevo2.jpg","width":305,"height":305,"caption":"Nuevo Digital de Escobar"},"image":{"@id":"https:\/\/nuevodigitaldeescobar.com.ar\/#\/schema\/logo\/image\/"},"sameAs":["https:\/\/www.facebook.com\/NUEVODigitalDeEscobar","https:\/\/x.com\/nuevodigescobar","https:\/\/www.instagram.com\/nuevodigitaldeescobar"]},{"@type":"Person","@id":"https:\/\/nuevodigitaldeescobar.com.ar\/#\/schema\/person\/035e90a8efe9a80e6eec22656ad6ea4c","name":"Redacci\u00f3n","image":{"@type":"ImageObject","inLanguage":"es","@id":"https:\/\/nuevodigitaldeescobar.com.ar\/#\/schema\/person\/image\/","url":"https:\/\/secure.gravatar.com\/avatar\/8af8f40000c24e9eef3034f2be5998a372bb1389e64b1a4a36b3a7979142220d?s=96&d=mm&r=g","contentUrl":"https:\/\/secure.gravatar.com\/avatar\/8af8f40000c24e9eef3034f2be5998a372bb1389e64b1a4a36b3a7979142220d?s=96&d=mm&r=g","caption":"Redacci\u00f3n"},"sameAs":["http:\/\/nuevodigitaldeescobar.com.ar"],"url":"https:\/\/nuevodigitaldeescobar.com.ar\/?author=1"}]}},"featured_image_urls":{"full":["https:\/\/nuevodigitaldeescobar.com.ar\/wp-content\/uploads\/2025\/08\/penarol-vs-racing-copa-libertadores-hinchas-racing_1600_1067-P3Dmy4.jpg",1600,1067,false],"thumbnail":["https:\/\/nuevodigitaldeescobar.com.ar\/wp-content\/uploads\/2025\/08\/penarol-vs-racing-copa-libertadores-hinchas-racing_1600_1067-P3Dmy4-150x150.jpg",150,150,true],"medium":["https:\/\/nuevodigitaldeescobar.com.ar\/wp-content\/uploads\/2025\/08\/penarol-vs-racing-copa-libertadores-hinchas-racing_1600_1067-P3Dmy4-300x200.jpg",300,200,true],"medium_large":["https:\/\/nuevodigitaldeescobar.com.ar\/wp-content\/uploads\/2025\/08\/penarol-vs-racing-copa-libertadores-hinchas-racing_1600_1067-P3Dmy4-768x512.jpg",640,427,true],"large":["https:\/\/nuevodigitaldeescobar.com.ar\/wp-content\/uploads\/2025\/08\/penarol-vs-racing-copa-libertadores-hinchas-racing_1600_1067-P3Dmy4-1024x683.jpg",640,427,true],"1536x1536":["https:\/\/nuevodigitaldeescobar.com.ar\/wp-content\/uploads\/2025\/08\/penarol-vs-racing-copa-libertadores-hinchas-racing_1600_1067-P3Dmy4-1536x1024.jpg",1536,1024,true],"2048x2048":["https:\/\/nuevodigitaldeescobar.com.ar\/wp-content\/uploads\/2025\/08\/penarol-vs-racing-copa-libertadores-hinchas-racing_1600_1067-P3Dmy4.jpg",1600,1067,false]},"author_info":{"display_name":"Redacci\u00f3n","author_link":"https:\/\/nuevodigitaldeescobar.com.ar\/?author=1"},"category_info":"<a href=\"https:\/\/nuevodigitaldeescobar.com.ar\/?cat=8\" rel=\"category\">Deportes<\/a>","tag_info":"Deportes","comment_count":"0","_links":{"self":[{"href":"https:\/\/nuevodigitaldeescobar.com.ar\/index.php?rest_route=\/wp\/v2\/posts\/17211","targetHints":{"allow":["GET"]}}],"collection":[{"href":"https:\/\/nuevodigitaldeescobar.com.ar\/index.php?rest_route=\/wp\/v2\/posts"}],"about":[{"href":"https:\/\/nuevodigitaldeescobar.com.ar\/index.php?rest_route=\/wp\/v2\/types\/post"}],"author":[{"embeddable":true,"href":"https:\/\/nuevodigitaldeescobar.com.ar\/index.php?rest_route=\/wp\/v2\/users\/1"}],"replies":[{"embeddable":true,"href":"https:\/\/nuevodigitaldeescobar.com.ar\/index.php?rest_route=%2Fwp%2Fv2%2Fcomments&post=17211"}],"version-history":[{"count":0,"href":"https:\/\/nuevodigitaldeescobar.com.ar\/index.php?rest_route=\/wp\/v2\/posts\/17211\/revisions"}],"wp:featuredmedia":[{"embeddable":true,"href":"https:\/\/nuevodigitaldeescobar.com.ar\/index.php?rest_route=\/wp\/v2\/media\/17212"}],"wp:attachment":[{"href":"https:\/\/nuevodigitaldeescobar.com.ar\/index.php?rest_route=%2Fwp%2Fv2%2Fmedia&parent=17211"}],"wp:term":[{"taxonomy":"category","embeddable":true,"href":"https:\/\/nuevodigitaldeescobar.com.ar\/index.php?rest_route=%2Fwp%2Fv2%2Fcategories&post=17211"},{"taxonomy":"post_tag","embeddable":true,"href":"https:\/\/nuevodigitaldeescobar.com.ar\/index.php?rest_route=%2Fwp%2Fv2%2Ftags&post=17211"}],"curies":[{"name":"wp","href":"https:\/\/api.w.org\/{rel}","templated":true}]}}