{"id":17247,"date":"2025-08-15T00:48:40","date_gmt":"2025-08-15T03:48:40","guid":{"rendered":"https:\/\/nuevodigitaldeescobar.com.ar\/?p=17247"},"modified":"2025-08-15T00:48:52","modified_gmt":"2025-08-15T03:48:52","slug":"tragedia-por-fentanilo-el-gobierno-exige-la-detencion-del-empresario-ariel-garcia-furfaro-y-advierte-sobre-un-posible-conflicto-con-el-juez-kreplak","status":"publish","type":"post","link":"https:\/\/nuevodigitaldeescobar.com.ar\/?p=17247","title":{"rendered":"Tragedia por fentanilo: el Gobierno exige la detenci\u00f3n del empresario Ariel Garc\u00eda Furfaro y advierte sobre un posible conflicto con el juez Kreplak"},"content":{"rendered":"\n<p class=\"has-vivid-cyan-blue-color has-text-color has-link-color wp-elements-c6319946f8294aa3c75730d9f1be5de7\"><strong><em>El Gobierno nacional pidi\u00f3 la detenci\u00f3n inmediata de Ariel Garc\u00eda Furfaro, due\u00f1o del laboratorio HLB Pharma Group S.A., se\u00f1alado como responsable de producir el lote de fentanilo contaminado que provoc\u00f3 al menos 96 muertes en todo el pa\u00eds. Desde la Casa Rosada advirtieron que, si el magistrado a cargo de la causa, Ernesto Kreplak, no avanza con el procesamiento, podr\u00eda ser recusado por presunto conflicto de intereses.<\/em><\/strong><\/p>\n\n\n\n<!--more-->\n\n\n\n<p>La vocer\u00eda presidencial sostuvo que Furfaro <em>\u201cdeber\u00eda estar preso\u201d<\/em>, y lo describi\u00f3 como <em>\u201cun hombre vinculado a L\u00e1zaro B\u00e1ez, con antecedentes penales por intento de homicidio, que pas\u00f3 de verdulero a empresario farmac\u00e9utico millonario en pocos a\u00f1os, beneficiado por contratos estatales\u201d<\/em>.<\/p>\n\n\n\n<h3 class=\"wp-block-heading has-text-color has-link-color wp-elements-a01f06fb4741ad3daf401a9814031fc7\" style=\"color:#1126c6\">Deficiencias en los controles<\/h3>\n\n\n\n<p>Seg\u00fan el comunicado oficial, el laboratorio no era inspeccionado por la <strong>ANMAT<\/strong> desde febrero de 2020. En noviembre de 2024, el ministro de Salud, <strong>Mario Lugones<\/strong>, solicit\u00f3 una inspecci\u00f3n que, en febrero de este a\u00f1o, deriv\u00f3 en la <strong>inhabilitaci\u00f3n del laboratorio Ramallo<\/strong>. Tres meses despu\u00e9s, se produjo la primera muerte por fentanilo adulterado.<\/p>\n\n\n\n<p>En marzo, la ANMAT prohibi\u00f3 el uso y la distribuci\u00f3n del anest\u00e9sico <strong>Propofol HLB, lote 60000<\/strong>, decisi\u00f3n que \u2014seg\u00fan el Gobierno\u2014 evit\u00f3 nuevas muertes durante intervenciones quir\u00fargicas.<\/p>\n\n\n\n<h3 class=\"wp-block-heading has-text-color has-link-color wp-elements-a454331fb7857d6ab8f90929b2246632\" style=\"color:#1126c6\">Otras investigaciones<\/h3>\n\n\n\n<p>El Ministerio de Seguridad inici\u00f3 un expediente contra HLB Pharma por documentaci\u00f3n falsa en el registro RENPRE, mientras que la Agencia de Recaudaci\u00f3n de la Ciudad de Buenos Aires (ARCA) denunci\u00f3 a la empresa por <strong>evasi\u00f3n tributaria agravada<\/strong>.<\/p>\n\n\n\n<p>La Casa Rosada remarc\u00f3 que el <strong>Gobierno bonaerense<\/strong>, encabezado por <strong>Axel Kicillof<\/strong> y su ministro de Salud, <strong>Nicol\u00e1s Kreplak<\/strong>, es uno de los principales clientes del laboratorio. Por ese motivo, cuestionan la imparcialidad del juez Kreplak, pariente del funcionario provincial.<\/p>\n\n\n\n<h3 class=\"wp-block-heading has-text-color has-link-color wp-elements-bdd089d3381026c0becb00f51d5c1309\" style=\"color:#1126c6\">Investigaci\u00f3n en curso<\/h3>\n\n\n\n<p>La causa se centra en el lote n\u00famero <strong>31.202<\/strong>, producido el 18 de diciembre de 2024, que se convirti\u00f3 en el eje de lo que algunos ya califican como un <strong>\u201cCroma\u00f1\u00f3n sanitario\u201d<\/strong>. La cifra de fallecidos podr\u00eda aumentar en las pr\u00f3ximas semanas.<\/p>\n\n\n\n<p>El juez Kreplak, en di\u00e1logo con la prensa, asegur\u00f3: <em>\u201cEstamos trabajando a fondo, avanzamos r\u00e1pido y buscamos establecer las responsabilidades que corresponde\u201d<\/em>.<\/p>\n\n\n\n<hr class=\"wp-block-separator has-alpha-channel-opacity\"\/>\n\n\n\n<h3 class=\"wp-block-heading has-text-color has-link-color wp-elements-74b1bfbbfe67c1c0d60992c9de0235e2\" style=\"color:#1126c6\">Evoluci\u00f3n del caso: puntos clave<\/h3>\n\n\n\n<figure class=\"wp-block-table is-style-stripes\"><table class=\"has-vivid-cyan-blue-background-color has-background has-fixed-layout\"><thead><tr><th>Fecha<\/th><th>Hecho relevante<\/th><\/tr><\/thead><tbody><tr><td>Febrero 2020<\/td><td>\u00daltima inspecci\u00f3n de ANMAT a HLB Pharma antes de la crisis<\/td><\/tr><tr><td>Noviembre 2024<\/td><td>El Ministerio de Salud solicita nueva inspecci\u00f3n<\/td><\/tr><tr><td>Febrero 2025<\/td><td>ANMAT clausura laboratorio Ramallo<\/td><\/tr><tr><td>Marzo 2025<\/td><td>Prohibici\u00f3n del anest\u00e9sico Propofol HLB lote 60000<\/td><\/tr><tr><td>Agosto 2025<\/td><td>Primeras muertes por fentanilo contaminado<\/td><\/tr><tr><td>Agosto 2025<\/td><td>Gobierno pide la detenci\u00f3n de Furfaro<\/td><\/tr><\/tbody><\/table><\/figure>\n","protected":false},"excerpt":{"rendered":"<p>El Gobierno nacional pidi\u00f3 la detenci\u00f3n inmediata de Ariel Garc\u00eda Furfaro, due\u00f1o del laboratorio HLB Pharma Group S.A., se\u00f1alado como responsable de producir el lote [&hellip;]<\/p>\n","protected":false},"author":1,"featured_media":17248,"comment_status":"open","ping_status":"open","sticky":false,"template":"","format":"standard","meta":{"footnotes":""},"categories":[6],"tags":[],"class_list":["post-17247","post","type-post","status-publish","format-standard","has-post-thumbnail","hentry","category-politica"],"better_featured_image":{"id":17248,"alt_text":"","caption":"","description":"","media_type":"image","media_details":{"width":900,"height":505,"file":"2025\/08\/fentanilo66.webp","filesize":35694,"sizes":{"medium":{"file":"fentanilo66-300x168.webp","width":300,"height":168,"mime-type":"image\/webp","filesize":9532,"source_url":"https:\/\/nuevodigitaldeescobar.com.ar\/wp-content\/uploads\/2025\/08\/fentanilo66-300x168.webp"},"thumbnail":{"file":"fentanilo66-150x150.webp","width":150,"height":150,"mime-type":"image\/webp","filesize":5198,"source_url":"https:\/\/nuevodigitaldeescobar.com.ar\/wp-content\/uploads\/2025\/08\/fentanilo66-150x150.webp"},"medium_large":{"file":"fentanilo66-768x431.webp","width":768,"height":431,"mime-type":"image\/webp","filesize":38716,"source_url":"https:\/\/nuevodigitaldeescobar.com.ar\/wp-content\/uploads\/2025\/08\/fentanilo66-768x431.webp"}},"image_meta":{"aperture":"0","credit":"","camera":"","caption":"","created_timestamp":"0","copyright":"","focal_length":"0","iso":"0","shutter_speed":"0","title":"","orientation":"0","keywords":[]}},"post":17247,"source_url":"https:\/\/nuevodigitaldeescobar.com.ar\/wp-content\/uploads\/2025\/08\/fentanilo66.webp"},"yoast_head":"<!-- This site is optimized with the Yoast SEO plugin v26.1.1 - https:\/\/yoast.com\/wordpress\/plugins\/seo\/ -->\n<title>Tragedia por fentanilo: el Gobierno exige la detenci\u00f3n del empresario Ariel Garc\u00eda Furfaro y advierte sobre un posible conflicto con el juez Kreplak - Nuevo Digital de Escobar<\/title>\n<meta name=\"robots\" content=\"index, follow, max-snippet:-1, max-image-preview:large, max-video-preview:-1\" \/>\n<link rel=\"canonical\" href=\"https:\/\/nuevodigitaldeescobar.com.ar\/?p=17247\" \/>\n<meta property=\"og:locale\" content=\"es_ES\" \/>\n<meta property=\"og:type\" content=\"article\" \/>\n<meta property=\"og:title\" content=\"Tragedia por fentanilo: el Gobierno exige la detenci\u00f3n del empresario Ariel Garc\u00eda Furfaro y advierte sobre un posible conflicto con el juez Kreplak - Nuevo Digital de Escobar\" \/>\n<meta property=\"og:description\" content=\"El Gobierno nacional pidi\u00f3 la detenci\u00f3n inmediata de Ariel Garc\u00eda Furfaro, due\u00f1o del laboratorio HLB Pharma Group S.A., se\u00f1alado como responsable de producir el lote [&hellip;]\" \/>\n<meta property=\"og:url\" content=\"https:\/\/nuevodigitaldeescobar.com.ar\/?p=17247\" \/>\n<meta property=\"og:site_name\" content=\"Nuevo Digital de Escobar\" \/>\n<meta property=\"article:publisher\" content=\"https:\/\/www.facebook.com\/NUEVODigitalDeEscobar\" \/>\n<meta property=\"article:published_time\" content=\"2025-08-15T03:48:40+00:00\" \/>\n<meta property=\"article:modified_time\" content=\"2025-08-15T03:48:52+00:00\" \/>\n<meta property=\"og:image\" content=\"http:\/\/nuevodigitaldeescobar.com.ar\/wp-content\/uploads\/2025\/08\/fentanilo66.webp\" \/>\n\t<meta property=\"og:image:width\" content=\"900\" \/>\n\t<meta property=\"og:image:height\" content=\"505\" \/>\n\t<meta property=\"og:image:type\" content=\"image\/webp\" \/>\n<meta name=\"author\" content=\"Redacci\u00f3n\" \/>\n<meta name=\"twitter:card\" content=\"summary_large_image\" \/>\n<meta name=\"twitter:creator\" content=\"@nuevodigescobar\" \/>\n<meta name=\"twitter:site\" content=\"@nuevodigescobar\" \/>\n<meta name=\"twitter:label1\" content=\"Escrito por\" \/>\n\t<meta name=\"twitter:data1\" content=\"Redacci\u00f3n\" \/>\n\t<meta name=\"twitter:label2\" content=\"Tiempo de lectura\" \/>\n\t<meta name=\"twitter:data2\" content=\"3 minutos\" \/>\n<script type=\"application\/ld+json\" class=\"yoast-schema-graph\">{\"@context\":\"https:\/\/schema.org\",\"@graph\":[{\"@type\":\"Article\",\"@id\":\"https:\/\/nuevodigitaldeescobar.com.ar\/?p=17247#article\",\"isPartOf\":{\"@id\":\"https:\/\/nuevodigitaldeescobar.com.ar\/?p=17247\"},\"author\":{\"name\":\"Redacci\u00f3n\",\"@id\":\"https:\/\/nuevodigitaldeescobar.com.ar\/#\/schema\/person\/035e90a8efe9a80e6eec22656ad6ea4c\"},\"headline\":\"Tragedia por fentanilo: el Gobierno exige la detenci\u00f3n del empresario Ariel Garc\u00eda Furfaro y advierte sobre un posible conflicto con el juez Kreplak\",\"datePublished\":\"2025-08-15T03:48:40+00:00\",\"dateModified\":\"2025-08-15T03:48:52+00:00\",\"mainEntityOfPage\":{\"@id\":\"https:\/\/nuevodigitaldeescobar.com.ar\/?p=17247\"},\"wordCount\":450,\"commentCount\":0,\"publisher\":{\"@id\":\"https:\/\/nuevodigitaldeescobar.com.ar\/#organization\"},\"image\":{\"@id\":\"https:\/\/nuevodigitaldeescobar.com.ar\/?p=17247#primaryimage\"},\"thumbnailUrl\":\"https:\/\/nuevodigitaldeescobar.com.ar\/wp-content\/uploads\/2025\/08\/fentanilo66.webp\",\"articleSection\":[\"Pol\u00edtica\"],\"inLanguage\":\"es\",\"potentialAction\":[{\"@type\":\"CommentAction\",\"name\":\"Comment\",\"target\":[\"https:\/\/nuevodigitaldeescobar.com.ar\/?p=17247#respond\"]}]},{\"@type\":\"WebPage\",\"@id\":\"https:\/\/nuevodigitaldeescobar.com.ar\/?p=17247\",\"url\":\"https:\/\/nuevodigitaldeescobar.com.ar\/?p=17247\",\"name\":\"Tragedia por fentanilo: el Gobierno exige la detenci\u00f3n del empresario Ariel Garc\u00eda Furfaro y advierte sobre un posible conflicto con el juez Kreplak - Nuevo Digital de Escobar\",\"isPartOf\":{\"@id\":\"https:\/\/nuevodigitaldeescobar.com.ar\/#website\"},\"primaryImageOfPage\":{\"@id\":\"https:\/\/nuevodigitaldeescobar.com.ar\/?p=17247#primaryimage\"},\"image\":{\"@id\":\"https:\/\/nuevodigitaldeescobar.com.ar\/?p=17247#primaryimage\"},\"thumbnailUrl\":\"https:\/\/nuevodigitaldeescobar.com.ar\/wp-content\/uploads\/2025\/08\/fentanilo66.webp\",\"datePublished\":\"2025-08-15T03:48:40+00:00\",\"dateModified\":\"2025-08-15T03:48:52+00:00\",\"breadcrumb\":{\"@id\":\"https:\/\/nuevodigitaldeescobar.com.ar\/?p=17247#breadcrumb\"},\"inLanguage\":\"es\",\"potentialAction\":[{\"@type\":\"ReadAction\",\"target\":[\"https:\/\/nuevodigitaldeescobar.com.ar\/?p=17247\"]}]},{\"@type\":\"ImageObject\",\"inLanguage\":\"es\",\"@id\":\"https:\/\/nuevodigitaldeescobar.com.ar\/?p=17247#primaryimage\",\"url\":\"https:\/\/nuevodigitaldeescobar.com.ar\/wp-content\/uploads\/2025\/08\/fentanilo66.webp\",\"contentUrl\":\"https:\/\/nuevodigitaldeescobar.com.ar\/wp-content\/uploads\/2025\/08\/fentanilo66.webp\",\"width\":900,\"height\":505},{\"@type\":\"BreadcrumbList\",\"@id\":\"https:\/\/nuevodigitaldeescobar.com.ar\/?p=17247#breadcrumb\",\"itemListElement\":[{\"@type\":\"ListItem\",\"position\":1,\"name\":\"Portada\",\"item\":\"https:\/\/nuevodigitaldeescobar.com.ar\/\"},{\"@type\":\"ListItem\",\"position\":2,\"name\":\"Tragedia por fentanilo: el Gobierno exige la detenci\u00f3n del empresario Ariel Garc\u00eda Furfaro y advierte sobre un posible conflicto con el juez Kreplak\"}]},{\"@type\":\"WebSite\",\"@id\":\"https:\/\/nuevodigitaldeescobar.com.ar\/#website\",\"url\":\"https:\/\/nuevodigitaldeescobar.com.ar\/\",\"name\":\"Nuevo Digital de Escobar\",\"description\":\"La vida escobarense. Directora: Rosana Brunner\",\"publisher\":{\"@id\":\"https:\/\/nuevodigitaldeescobar.com.ar\/#organization\"},\"potentialAction\":[{\"@type\":\"SearchAction\",\"target\":{\"@type\":\"EntryPoint\",\"urlTemplate\":\"https:\/\/nuevodigitaldeescobar.com.ar\/?s={search_term_string}\"},\"query-input\":{\"@type\":\"PropertyValueSpecification\",\"valueRequired\":true,\"valueName\":\"search_term_string\"}}],\"inLanguage\":\"es\"},{\"@type\":\"Organization\",\"@id\":\"https:\/\/nuevodigitaldeescobar.com.ar\/#organization\",\"name\":\"Nuevo Digital de Escobar\",\"url\":\"https:\/\/nuevodigitaldeescobar.com.ar\/\",\"logo\":{\"@type\":\"ImageObject\",\"inLanguage\":\"es\",\"@id\":\"https:\/\/nuevodigitaldeescobar.com.ar\/#\/schema\/logo\/image\/\",\"url\":\"https:\/\/nuevodigitaldeescobar.com.ar\/wp-content\/uploads\/2025\/05\/cropped-logo-nuevo2.jpg\",\"contentUrl\":\"https:\/\/nuevodigitaldeescobar.com.ar\/wp-content\/uploads\/2025\/05\/cropped-logo-nuevo2.jpg\",\"width\":305,\"height\":305,\"caption\":\"Nuevo Digital de Escobar\"},\"image\":{\"@id\":\"https:\/\/nuevodigitaldeescobar.com.ar\/#\/schema\/logo\/image\/\"},\"sameAs\":[\"https:\/\/www.facebook.com\/NUEVODigitalDeEscobar\",\"https:\/\/x.com\/nuevodigescobar\",\"https:\/\/www.instagram.com\/nuevodigitaldeescobar\"]},{\"@type\":\"Person\",\"@id\":\"https:\/\/nuevodigitaldeescobar.com.ar\/#\/schema\/person\/035e90a8efe9a80e6eec22656ad6ea4c\",\"name\":\"Redacci\u00f3n\",\"image\":{\"@type\":\"ImageObject\",\"inLanguage\":\"es\",\"@id\":\"https:\/\/nuevodigitaldeescobar.com.ar\/#\/schema\/person\/image\/\",\"url\":\"https:\/\/secure.gravatar.com\/avatar\/8af8f40000c24e9eef3034f2be5998a372bb1389e64b1a4a36b3a7979142220d?s=96&d=mm&r=g\",\"contentUrl\":\"https:\/\/secure.gravatar.com\/avatar\/8af8f40000c24e9eef3034f2be5998a372bb1389e64b1a4a36b3a7979142220d?s=96&d=mm&r=g\",\"caption\":\"Redacci\u00f3n\"},\"sameAs\":[\"http:\/\/nuevodigitaldeescobar.com.ar\"],\"url\":\"https:\/\/nuevodigitaldeescobar.com.ar\/?author=1\"}]}<\/script>\n<!-- \/ Yoast SEO plugin. -->","yoast_head_json":{"title":"Tragedia por fentanilo: el Gobierno exige la detenci\u00f3n del empresario Ariel Garc\u00eda Furfaro y advierte sobre un posible conflicto con el juez Kreplak - Nuevo Digital de Escobar","robots":{"index":"index","follow":"follow","max-snippet":"max-snippet:-1","max-image-preview":"max-image-preview:large","max-video-preview":"max-video-preview:-1"},"canonical":"https:\/\/nuevodigitaldeescobar.com.ar\/?p=17247","og_locale":"es_ES","og_type":"article","og_title":"Tragedia por fentanilo: el Gobierno exige la detenci\u00f3n del empresario Ariel Garc\u00eda Furfaro y advierte sobre un posible conflicto con el juez Kreplak - Nuevo Digital de Escobar","og_description":"El Gobierno nacional pidi\u00f3 la detenci\u00f3n inmediata de Ariel Garc\u00eda Furfaro, due\u00f1o del laboratorio HLB Pharma Group S.A., se\u00f1alado como responsable de producir el lote [&hellip;]","og_url":"https:\/\/nuevodigitaldeescobar.com.ar\/?p=17247","og_site_name":"Nuevo Digital de Escobar","article_publisher":"https:\/\/www.facebook.com\/NUEVODigitalDeEscobar","article_published_time":"2025-08-15T03:48:40+00:00","article_modified_time":"2025-08-15T03:48:52+00:00","og_image":[{"width":900,"height":505,"url":"http:\/\/nuevodigitaldeescobar.com.ar\/wp-content\/uploads\/2025\/08\/fentanilo66.webp","type":"image\/webp"}],"author":"Redacci\u00f3n","twitter_card":"summary_large_image","twitter_creator":"@nuevodigescobar","twitter_site":"@nuevodigescobar","twitter_misc":{"Escrito por":"Redacci\u00f3n","Tiempo de lectura":"3 minutos"},"schema":{"@context":"https:\/\/schema.org","@graph":[{"@type":"Article","@id":"https:\/\/nuevodigitaldeescobar.com.ar\/?p=17247#article","isPartOf":{"@id":"https:\/\/nuevodigitaldeescobar.com.ar\/?p=17247"},"author":{"name":"Redacci\u00f3n","@id":"https:\/\/nuevodigitaldeescobar.com.ar\/#\/schema\/person\/035e90a8efe9a80e6eec22656ad6ea4c"},"headline":"Tragedia por fentanilo: el Gobierno exige la detenci\u00f3n del empresario Ariel Garc\u00eda Furfaro y advierte sobre un posible conflicto con el juez Kreplak","datePublished":"2025-08-15T03:48:40+00:00","dateModified":"2025-08-15T03:48:52+00:00","mainEntityOfPage":{"@id":"https:\/\/nuevodigitaldeescobar.com.ar\/?p=17247"},"wordCount":450,"commentCount":0,"publisher":{"@id":"https:\/\/nuevodigitaldeescobar.com.ar\/#organization"},"image":{"@id":"https:\/\/nuevodigitaldeescobar.com.ar\/?p=17247#primaryimage"},"thumbnailUrl":"https:\/\/nuevodigitaldeescobar.com.ar\/wp-content\/uploads\/2025\/08\/fentanilo66.webp","articleSection":["Pol\u00edtica"],"inLanguage":"es","potentialAction":[{"@type":"CommentAction","name":"Comment","target":["https:\/\/nuevodigitaldeescobar.com.ar\/?p=17247#respond"]}]},{"@type":"WebPage","@id":"https:\/\/nuevodigitaldeescobar.com.ar\/?p=17247","url":"https:\/\/nuevodigitaldeescobar.com.ar\/?p=17247","name":"Tragedia por fentanilo: el Gobierno exige la detenci\u00f3n del empresario Ariel Garc\u00eda Furfaro y advierte sobre un posible conflicto con el juez Kreplak - Nuevo Digital de Escobar","isPartOf":{"@id":"https:\/\/nuevodigitaldeescobar.com.ar\/#website"},"primaryImageOfPage":{"@id":"https:\/\/nuevodigitaldeescobar.com.ar\/?p=17247#primaryimage"},"image":{"@id":"https:\/\/nuevodigitaldeescobar.com.ar\/?p=17247#primaryimage"},"thumbnailUrl":"https:\/\/nuevodigitaldeescobar.com.ar\/wp-content\/uploads\/2025\/08\/fentanilo66.webp","datePublished":"2025-08-15T03:48:40+00:00","dateModified":"2025-08-15T03:48:52+00:00","breadcrumb":{"@id":"https:\/\/nuevodigitaldeescobar.com.ar\/?p=17247#breadcrumb"},"inLanguage":"es","potentialAction":[{"@type":"ReadAction","target":["https:\/\/nuevodigitaldeescobar.com.ar\/?p=17247"]}]},{"@type":"ImageObject","inLanguage":"es","@id":"https:\/\/nuevodigitaldeescobar.com.ar\/?p=17247#primaryimage","url":"https:\/\/nuevodigitaldeescobar.com.ar\/wp-content\/uploads\/2025\/08\/fentanilo66.webp","contentUrl":"https:\/\/nuevodigitaldeescobar.com.ar\/wp-content\/uploads\/2025\/08\/fentanilo66.webp","width":900,"height":505},{"@type":"BreadcrumbList","@id":"https:\/\/nuevodigitaldeescobar.com.ar\/?p=17247#breadcrumb","itemListElement":[{"@type":"ListItem","position":1,"name":"Portada","item":"https:\/\/nuevodigitaldeescobar.com.ar\/"},{"@type":"ListItem","position":2,"name":"Tragedia por fentanilo: el Gobierno exige la detenci\u00f3n del empresario Ariel Garc\u00eda Furfaro y advierte sobre un posible conflicto con el juez Kreplak"}]},{"@type":"WebSite","@id":"https:\/\/nuevodigitaldeescobar.com.ar\/#website","url":"https:\/\/nuevodigitaldeescobar.com.ar\/","name":"Nuevo Digital de Escobar","description":"La vida escobarense. Directora: Rosana Brunner","publisher":{"@id":"https:\/\/nuevodigitaldeescobar.com.ar\/#organization"},"potentialAction":[{"@type":"SearchAction","target":{"@type":"EntryPoint","urlTemplate":"https:\/\/nuevodigitaldeescobar.com.ar\/?s={search_term_string}"},"query-input":{"@type":"PropertyValueSpecification","valueRequired":true,"valueName":"search_term_string"}}],"inLanguage":"es"},{"@type":"Organization","@id":"https:\/\/nuevodigitaldeescobar.com.ar\/#organization","name":"Nuevo Digital de Escobar","url":"https:\/\/nuevodigitaldeescobar.com.ar\/","logo":{"@type":"ImageObject","inLanguage":"es","@id":"https:\/\/nuevodigitaldeescobar.com.ar\/#\/schema\/logo\/image\/","url":"https:\/\/nuevodigitaldeescobar.com.ar\/wp-content\/uploads\/2025\/05\/cropped-logo-nuevo2.jpg","contentUrl":"https:\/\/nuevodigitaldeescobar.com.ar\/wp-content\/uploads\/2025\/05\/cropped-logo-nuevo2.jpg","width":305,"height":305,"caption":"Nuevo Digital de Escobar"},"image":{"@id":"https:\/\/nuevodigitaldeescobar.com.ar\/#\/schema\/logo\/image\/"},"sameAs":["https:\/\/www.facebook.com\/NUEVODigitalDeEscobar","https:\/\/x.com\/nuevodigescobar","https:\/\/www.instagram.com\/nuevodigitaldeescobar"]},{"@type":"Person","@id":"https:\/\/nuevodigitaldeescobar.com.ar\/#\/schema\/person\/035e90a8efe9a80e6eec22656ad6ea4c","name":"Redacci\u00f3n","image":{"@type":"ImageObject","inLanguage":"es","@id":"https:\/\/nuevodigitaldeescobar.com.ar\/#\/schema\/person\/image\/","url":"https:\/\/secure.gravatar.com\/avatar\/8af8f40000c24e9eef3034f2be5998a372bb1389e64b1a4a36b3a7979142220d?s=96&d=mm&r=g","contentUrl":"https:\/\/secure.gravatar.com\/avatar\/8af8f40000c24e9eef3034f2be5998a372bb1389e64b1a4a36b3a7979142220d?s=96&d=mm&r=g","caption":"Redacci\u00f3n"},"sameAs":["http:\/\/nuevodigitaldeescobar.com.ar"],"url":"https:\/\/nuevodigitaldeescobar.com.ar\/?author=1"}]}},"featured_image_urls":{"full":["https:\/\/nuevodigitaldeescobar.com.ar\/wp-content\/uploads\/2025\/08\/fentanilo66.webp",900,505,false],"thumbnail":["https:\/\/nuevodigitaldeescobar.com.ar\/wp-content\/uploads\/2025\/08\/fentanilo66-150x150.webp",150,150,true],"medium":["https:\/\/nuevodigitaldeescobar.com.ar\/wp-content\/uploads\/2025\/08\/fentanilo66-300x168.webp",300,168,true],"medium_large":["https:\/\/nuevodigitaldeescobar.com.ar\/wp-content\/uploads\/2025\/08\/fentanilo66-768x431.webp",640,359,true],"large":["https:\/\/nuevodigitaldeescobar.com.ar\/wp-content\/uploads\/2025\/08\/fentanilo66.webp",640,359,false],"1536x1536":["https:\/\/nuevodigitaldeescobar.com.ar\/wp-content\/uploads\/2025\/08\/fentanilo66.webp",900,505,false],"2048x2048":["https:\/\/nuevodigitaldeescobar.com.ar\/wp-content\/uploads\/2025\/08\/fentanilo66.webp",900,505,false]},"author_info":{"display_name":"Redacci\u00f3n","author_link":"https:\/\/nuevodigitaldeescobar.com.ar\/?author=1"},"category_info":"<a href=\"https:\/\/nuevodigitaldeescobar.com.ar\/?cat=6\" rel=\"category\">Pol\u00edtica<\/a>","tag_info":"Pol\u00edtica","comment_count":"0","_links":{"self":[{"href":"https:\/\/nuevodigitaldeescobar.com.ar\/index.php?rest_route=\/wp\/v2\/posts\/17247","targetHints":{"allow":["GET"]}}],"collection":[{"href":"https:\/\/nuevodigitaldeescobar.com.ar\/index.php?rest_route=\/wp\/v2\/posts"}],"about":[{"href":"https:\/\/nuevodigitaldeescobar.com.ar\/index.php?rest_route=\/wp\/v2\/types\/post"}],"author":[{"embeddable":true,"href":"https:\/\/nuevodigitaldeescobar.com.ar\/index.php?rest_route=\/wp\/v2\/users\/1"}],"replies":[{"embeddable":true,"href":"https:\/\/nuevodigitaldeescobar.com.ar\/index.php?rest_route=%2Fwp%2Fv2%2Fcomments&post=17247"}],"version-history":[{"count":1,"href":"https:\/\/nuevodigitaldeescobar.com.ar\/index.php?rest_route=\/wp\/v2\/posts\/17247\/revisions"}],"predecessor-version":[{"id":17249,"href":"https:\/\/nuevodigitaldeescobar.com.ar\/index.php?rest_route=\/wp\/v2\/posts\/17247\/revisions\/17249"}],"wp:featuredmedia":[{"embeddable":true,"href":"https:\/\/nuevodigitaldeescobar.com.ar\/index.php?rest_route=\/wp\/v2\/media\/17248"}],"wp:attachment":[{"href":"https:\/\/nuevodigitaldeescobar.com.ar\/index.php?rest_route=%2Fwp%2Fv2%2Fmedia&parent=17247"}],"wp:term":[{"taxonomy":"category","embeddable":true,"href":"https:\/\/nuevodigitaldeescobar.com.ar\/index.php?rest_route=%2Fwp%2Fv2%2Fcategories&post=17247"},{"taxonomy":"post_tag","embeddable":true,"href":"https:\/\/nuevodigitaldeescobar.com.ar\/index.php?rest_route=%2Fwp%2Fv2%2Ftags&post=17247"}],"curies":[{"name":"wp","href":"https:\/\/api.w.org\/{rel}","templated":true}]}}