{"id":17296,"date":"2025-08-17T05:35:00","date_gmt":"2025-08-17T08:35:00","guid":{"rendered":"https:\/\/nuevodigitaldeescobar.com.ar\/?p=17296"},"modified":"2025-08-16T09:47:11","modified_gmt":"2025-08-16T12:47:11","slug":"vuelve-la-inestabilidad-que-clima-espera-escobar-esta-semana","status":"publish","type":"post","link":"https:\/\/nuevodigitaldeescobar.com.ar\/?p=17296","title":{"rendered":"Vuelve la inestabilidad: qu\u00e9 clima espera Escobar esta semana"},"content":{"rendered":"\n<p class=\"has-vivid-cyan-blue-color has-text-color has-link-color wp-elements-f32feba7b202f2b57a9d9022cb45c7c0\"><strong><em>Tras el descenso en las temperaturas, llega el pron\u00f3stico m\u00e1s gris del invierno.<\/em><\/strong><\/p>\n\n\n\n<!--more-->\n\n\n\n<h3 class=\"wp-block-heading has-text-color has-link-color wp-elements-39c8117598cec7ad34c0e4fde560b0c7\" style=\"color:#083ec4\">Domingo 17 de agosto \u2013 D\u00eda del Ni\u00f1o<\/h3>\n\n\n\n<ul class=\"wp-block-list\">\n<li><strong>Alivio parcial:<\/strong> se espera un martes algo m\u00e1s templado, con temperaturas entre 10 \u00b0C y 17 \u00b0C, pero el cielo permanecer\u00e1 mayormente nublado.<\/li>\n<\/ul>\n\n\n\n<h3 class=\"wp-block-heading has-text-color has-link-color wp-elements-c97d01b517406ae59cab48943170c2f3\" style=\"color:#083ec4\">Semana entrante: inestabilidad y mejora gradual<\/h3>\n\n\n\n<ul class=\"wp-block-list\">\n<li><strong>Lunes:<\/strong> contin\u00faa nublado, con algunas lloviznas dispersas. Max. cerca de 16 \u00b0C.<\/li>\n\n\n\n<li><strong>Martes:<\/strong> fuertes lluvias durante la ma\u00f1ana y vientos leves. M\u00e1xima de 16 \u00b0C.<\/li>\n\n\n\n<li><strong>Mi\u00e9rcoles:<\/strong> ma\u00f1anas lluviosas y tarde m\u00e1s despejada. Suba a 20 \u00b0C.<\/li>\n\n\n\n<li><strong>Jueves:<\/strong> cielo m\u00e1s limpio, con algunas nubes. M\u00e1xima de 21 \u00b0C.<\/li>\n<\/ul>\n\n\n\n<hr class=\"wp-block-separator has-alpha-channel-opacity\"\/>\n\n\n\n<h2 class=\"wp-block-heading has-text-color has-link-color wp-elements-926c532bbeeb3956f945f45881994b63\" style=\"color:#083ec4\">Resumen semanal: temperatura y lluvias<\/h2>\n\n\n\n<div class=\"wp-block-group\"><div class=\"wp-block-group__inner-container is-layout-constrained wp-block-group-is-layout-constrained\">\n<figure class=\"wp-block-table is-style-stripes\"><table class=\"has-fixed-layout\"><tbody><tr><td><img decoding=\"async\" width=\"30\" height=\"30\" src=\"https:\/\/cdn.oaistatic.com\/assets\/cloudy-disd26f3.webp\" alt=\"Nubosidad baja\"> Hoy<\/td><td>17\u00b010\u00b0<\/td><td>Nubosidad baja<\/td><\/tr><\/tbody><\/table><\/figure>\n\n\n\n<figure class=\"wp-block-table is-style-stripes\"><table class=\"has-fixed-layout\"><tbody><tr><td><img decoding=\"async\" width=\"30\" height=\"30\" src=\"https:\/\/cdn.oaistatic.com\/assets\/sun-shower-ldwl4jbp.webp\" alt=\"Nublado, con algunos chubascos\"> Lunes<\/td><td>16\u00b013\u00b0<\/td><td>Nublado, con algunos chubascos<\/td><\/tr><\/tbody><\/table><\/figure>\n\n\n\n<figure class=\"wp-block-table is-style-stripes\"><table class=\"has-fixed-layout\"><tbody><tr><td><img decoding=\"async\" width=\"30\" height=\"30\" src=\"https:\/\/cdn.oaistatic.com\/assets\/rain-ogayr6kt.webp\" alt=\"Lluvia; con brisa\"> Martes<\/td><td>16\u00b011\u00b0<\/td><td>Lluvia; con brisa<\/td><\/tr><\/tbody><\/table><\/figure>\n\n\n\n<figure class=\"wp-block-table is-style-stripes\"><table class=\"has-fixed-layout\"><tbody><tr><td><img loading=\"lazy\" decoding=\"async\" width=\"30\" height=\"30\" src=\"https:\/\/cdn.oaistatic.com\/assets\/sun-mostly-cloudy-e3pqqgs7.webp\" alt=\"Posibilidad de algunas lluvias en la ma\u00f1ana; torn\u00e1ndose soleado, con brisa y m\u00e1s c\u00e1lido\"> Mi\u00e9rcoles<\/td><td>20\u00b05\u00b0<\/td><td>Posibilidad de algunas lluvias en la ma\u00f1ana; torn\u00e1ndose soleado, con brisa y m\u00e1s c\u00e1lido<\/td><\/tr><\/tbody><\/table><\/figure>\n\n\n\n<figure class=\"wp-block-table is-style-stripes\"><table class=\"has-fixed-layout\"><tbody><tr><td><img loading=\"lazy\" decoding=\"async\" width=\"30\" height=\"30\" src=\"https:\/\/cdn.oaistatic.com\/assets\/sun-mostly-cloudy-e3pqqgs7.webp\" alt=\"Aumento de nubosidad\"> Jueves<\/td><td>21\u00b010\u00b0<\/td><td>Aumento de nubosidad<\/td><\/tr><\/tbody><\/table><\/figure>\n\n\n\n<figure class=\"wp-block-table is-style-stripes\"><table class=\"has-fixed-layout\"><tbody><tr><td><img loading=\"lazy\" decoding=\"async\" width=\"30\" height=\"30\" src=\"https:\/\/cdn.oaistatic.com\/assets\/sun-shower-ldwl4jbp.webp\" alt=\"Algunos chubascos en la ma\u00f1ana; cubierto y algo m\u00e1s fresco\"> Viernes<\/td><td>15\u00b04\u00b0<\/td><td>Algunos chubascos en la ma\u00f1ana; cubierto y algo m\u00e1s fresco<\/td><\/tr><\/tbody><\/table><\/figure>\n<\/div><\/div>\n\n\n\n<hr class=\"wp-block-separator has-alpha-channel-opacity\"\/>\n\n\n\n<h3 class=\"wp-block-heading has-text-color has-link-color wp-elements-f808faea6bca57bf55fbc813a5b523d3\" style=\"color:#083ec4\">\u00bfQu\u00e9 pod\u00e9s esperar y c\u00f3mo prepararte?<\/h3>\n\n\n\n<ul class=\"wp-block-list\">\n<li><strong>Fin de semana fresco y gris:<\/strong> ideal para planificar actividades indoor o llevar abrigo si plane\u00e1s salir a pasear con los chicos.<\/li>\n\n\n\n<li><strong>Semana cargada de lluvias:<\/strong> evit\u00e1 al m\u00e1ximo el uso del auto entre martes y mi\u00e9rcoles. Llev\u00e1 paraguas y cheque\u00e1 rutas antes de viajar.<\/li>\n\n\n\n<li><strong>Desde el mi\u00e9rcoles:<\/strong> se anticipa una mejora del clima con temperaturas m\u00e1s agradables y cielos m\u00e1s claros.<\/li>\n<\/ul>\n","protected":false},"excerpt":{"rendered":"<p>Tras el descenso en las temperaturas, llega el pron\u00f3stico m\u00e1s gris del invierno.<\/p>\n","protected":false},"author":1,"featured_media":17297,"comment_status":"open","ping_status":"open","sticky":false,"template":"","format":"standard","meta":{"footnotes":""},"categories":[14],"tags":[],"class_list":["post-17296","post","type-post","status-publish","format-standard","has-post-thumbnail","hentry","category-clima-medioambiente-y-sostenibilidad"],"better_featured_image":{"id":17297,"alt_text":"","caption":"","description":"","media_type":"image","media_details":{"width":1058,"height":572,"file":"2025\/08\/climainestable56.png","filesize":1087111,"sizes":{"medium":{"file":"climainestable56-300x162.png","width":300,"height":162,"mime-type":"image\/png","filesize":39820,"source_url":"https:\/\/nuevodigitaldeescobar.com.ar\/wp-content\/uploads\/2025\/08\/climainestable56-300x162.png"},"large":{"file":"climainestable56-1024x554.png","width":1024,"height":554,"mime-type":"image\/png","filesize":372311,"source_url":"https:\/\/nuevodigitaldeescobar.com.ar\/wp-content\/uploads\/2025\/08\/climainestable56-1024x554.png"},"thumbnail":{"file":"climainestable56-150x150.png","width":150,"height":150,"mime-type":"image\/png","filesize":19849,"source_url":"https:\/\/nuevodigitaldeescobar.com.ar\/wp-content\/uploads\/2025\/08\/climainestable56-150x150.png"},"medium_large":{"file":"climainestable56-768x415.png","width":768,"height":415,"mime-type":"image\/png","filesize":216906,"source_url":"https:\/\/nuevodigitaldeescobar.com.ar\/wp-content\/uploads\/2025\/08\/climainestable56-768x415.png"}},"image_meta":{"aperture":"0","credit":"","camera":"","caption":"","created_timestamp":"0","copyright":"","focal_length":"0","iso":"0","shutter_speed":"0","title":"","orientation":"0","keywords":[]}},"post":17296,"source_url":"https:\/\/nuevodigitaldeescobar.com.ar\/wp-content\/uploads\/2025\/08\/climainestable56.png"},"yoast_head":"<!-- This site is optimized with the Yoast SEO plugin v26.1.1 - https:\/\/yoast.com\/wordpress\/plugins\/seo\/ -->\n<title>Vuelve la inestabilidad: qu\u00e9 clima espera Escobar esta semana - Nuevo Digital de Escobar<\/title>\n<meta name=\"robots\" content=\"index, follow, max-snippet:-1, max-image-preview:large, max-video-preview:-1\" \/>\n<link rel=\"canonical\" href=\"https:\/\/nuevodigitaldeescobar.com.ar\/?p=17296\" \/>\n<meta property=\"og:locale\" content=\"es_ES\" \/>\n<meta property=\"og:type\" content=\"article\" \/>\n<meta property=\"og:title\" content=\"Vuelve la inestabilidad: qu\u00e9 clima espera Escobar esta semana - Nuevo Digital de Escobar\" \/>\n<meta property=\"og:description\" content=\"Tras el descenso en las temperaturas, llega el pron\u00f3stico m\u00e1s gris del invierno.\" \/>\n<meta property=\"og:url\" content=\"https:\/\/nuevodigitaldeescobar.com.ar\/?p=17296\" \/>\n<meta property=\"og:site_name\" content=\"Nuevo Digital de Escobar\" \/>\n<meta property=\"article:publisher\" content=\"https:\/\/www.facebook.com\/NUEVODigitalDeEscobar\" \/>\n<meta property=\"article:published_time\" content=\"2025-08-17T08:35:00+00:00\" \/>\n<meta property=\"og:image\" content=\"https:\/\/nuevodigitaldeescobar.com.ar\/wp-content\/uploads\/2025\/08\/climainestable56.png\" \/>\n\t<meta property=\"og:image:width\" content=\"1058\" \/>\n\t<meta property=\"og:image:height\" content=\"572\" \/>\n\t<meta property=\"og:image:type\" content=\"image\/png\" \/>\n<meta name=\"author\" content=\"Redacci\u00f3n\" \/>\n<meta name=\"twitter:card\" content=\"summary_large_image\" \/>\n<meta name=\"twitter:creator\" content=\"@nuevodigescobar\" \/>\n<meta name=\"twitter:site\" content=\"@nuevodigescobar\" \/>\n<meta name=\"twitter:label1\" content=\"Escrito por\" \/>\n\t<meta name=\"twitter:data1\" content=\"Redacci\u00f3n\" \/>\n\t<meta name=\"twitter:label2\" content=\"Tiempo de lectura\" \/>\n\t<meta name=\"twitter:data2\" content=\"3 minutos\" \/>\n<script type=\"application\/ld+json\" class=\"yoast-schema-graph\">{\"@context\":\"https:\/\/schema.org\",\"@graph\":[{\"@type\":\"Article\",\"@id\":\"https:\/\/nuevodigitaldeescobar.com.ar\/?p=17296#article\",\"isPartOf\":{\"@id\":\"https:\/\/nuevodigitaldeescobar.com.ar\/?p=17296\"},\"author\":{\"name\":\"Redacci\u00f3n\",\"@id\":\"https:\/\/nuevodigitaldeescobar.com.ar\/#\/schema\/person\/035e90a8efe9a80e6eec22656ad6ea4c\"},\"headline\":\"Vuelve la inestabilidad: qu\u00e9 clima espera Escobar esta semana\",\"datePublished\":\"2025-08-17T08:35:00+00:00\",\"mainEntityOfPage\":{\"@id\":\"https:\/\/nuevodigitaldeescobar.com.ar\/?p=17296\"},\"wordCount\":241,\"commentCount\":0,\"publisher\":{\"@id\":\"https:\/\/nuevodigitaldeescobar.com.ar\/#organization\"},\"image\":{\"@id\":\"https:\/\/nuevodigitaldeescobar.com.ar\/?p=17296#primaryimage\"},\"thumbnailUrl\":\"https:\/\/nuevodigitaldeescobar.com.ar\/wp-content\/uploads\/2025\/08\/climainestable56.png\",\"articleSection\":[\"Clima, Medioambiente y Sostenibilidad\"],\"inLanguage\":\"es\",\"potentialAction\":[{\"@type\":\"CommentAction\",\"name\":\"Comment\",\"target\":[\"https:\/\/nuevodigitaldeescobar.com.ar\/?p=17296#respond\"]}]},{\"@type\":\"WebPage\",\"@id\":\"https:\/\/nuevodigitaldeescobar.com.ar\/?p=17296\",\"url\":\"https:\/\/nuevodigitaldeescobar.com.ar\/?p=17296\",\"name\":\"Vuelve la inestabilidad: qu\u00e9 clima espera Escobar esta semana - Nuevo Digital de Escobar\",\"isPartOf\":{\"@id\":\"https:\/\/nuevodigitaldeescobar.com.ar\/#website\"},\"primaryImageOfPage\":{\"@id\":\"https:\/\/nuevodigitaldeescobar.com.ar\/?p=17296#primaryimage\"},\"image\":{\"@id\":\"https:\/\/nuevodigitaldeescobar.com.ar\/?p=17296#primaryimage\"},\"thumbnailUrl\":\"https:\/\/nuevodigitaldeescobar.com.ar\/wp-content\/uploads\/2025\/08\/climainestable56.png\",\"datePublished\":\"2025-08-17T08:35:00+00:00\",\"breadcrumb\":{\"@id\":\"https:\/\/nuevodigitaldeescobar.com.ar\/?p=17296#breadcrumb\"},\"inLanguage\":\"es\",\"potentialAction\":[{\"@type\":\"ReadAction\",\"target\":[\"https:\/\/nuevodigitaldeescobar.com.ar\/?p=17296\"]}]},{\"@type\":\"ImageObject\",\"inLanguage\":\"es\",\"@id\":\"https:\/\/nuevodigitaldeescobar.com.ar\/?p=17296#primaryimage\",\"url\":\"https:\/\/nuevodigitaldeescobar.com.ar\/wp-content\/uploads\/2025\/08\/climainestable56.png\",\"contentUrl\":\"https:\/\/nuevodigitaldeescobar.com.ar\/wp-content\/uploads\/2025\/08\/climainestable56.png\",\"width\":1058,\"height\":572},{\"@type\":\"BreadcrumbList\",\"@id\":\"https:\/\/nuevodigitaldeescobar.com.ar\/?p=17296#breadcrumb\",\"itemListElement\":[{\"@type\":\"ListItem\",\"position\":1,\"name\":\"Portada\",\"item\":\"https:\/\/nuevodigitaldeescobar.com.ar\/\"},{\"@type\":\"ListItem\",\"position\":2,\"name\":\"Vuelve la inestabilidad: qu\u00e9 clima espera Escobar esta semana\"}]},{\"@type\":\"WebSite\",\"@id\":\"https:\/\/nuevodigitaldeescobar.com.ar\/#website\",\"url\":\"https:\/\/nuevodigitaldeescobar.com.ar\/\",\"name\":\"Nuevo Digital de Escobar\",\"description\":\"La vida escobarense. Directora: Rosana Brunner\",\"publisher\":{\"@id\":\"https:\/\/nuevodigitaldeescobar.com.ar\/#organization\"},\"potentialAction\":[{\"@type\":\"SearchAction\",\"target\":{\"@type\":\"EntryPoint\",\"urlTemplate\":\"https:\/\/nuevodigitaldeescobar.com.ar\/?s={search_term_string}\"},\"query-input\":{\"@type\":\"PropertyValueSpecification\",\"valueRequired\":true,\"valueName\":\"search_term_string\"}}],\"inLanguage\":\"es\"},{\"@type\":\"Organization\",\"@id\":\"https:\/\/nuevodigitaldeescobar.com.ar\/#organization\",\"name\":\"Nuevo Digital de Escobar\",\"url\":\"https:\/\/nuevodigitaldeescobar.com.ar\/\",\"logo\":{\"@type\":\"ImageObject\",\"inLanguage\":\"es\",\"@id\":\"https:\/\/nuevodigitaldeescobar.com.ar\/#\/schema\/logo\/image\/\",\"url\":\"https:\/\/nuevodigitaldeescobar.com.ar\/wp-content\/uploads\/2025\/05\/cropped-logo-nuevo2.jpg\",\"contentUrl\":\"https:\/\/nuevodigitaldeescobar.com.ar\/wp-content\/uploads\/2025\/05\/cropped-logo-nuevo2.jpg\",\"width\":305,\"height\":305,\"caption\":\"Nuevo Digital de Escobar\"},\"image\":{\"@id\":\"https:\/\/nuevodigitaldeescobar.com.ar\/#\/schema\/logo\/image\/\"},\"sameAs\":[\"https:\/\/www.facebook.com\/NUEVODigitalDeEscobar\",\"https:\/\/x.com\/nuevodigescobar\",\"https:\/\/www.instagram.com\/nuevodigitaldeescobar\"]},{\"@type\":\"Person\",\"@id\":\"https:\/\/nuevodigitaldeescobar.com.ar\/#\/schema\/person\/035e90a8efe9a80e6eec22656ad6ea4c\",\"name\":\"Redacci\u00f3n\",\"image\":{\"@type\":\"ImageObject\",\"inLanguage\":\"es\",\"@id\":\"https:\/\/nuevodigitaldeescobar.com.ar\/#\/schema\/person\/image\/\",\"url\":\"https:\/\/secure.gravatar.com\/avatar\/8af8f40000c24e9eef3034f2be5998a372bb1389e64b1a4a36b3a7979142220d?s=96&d=mm&r=g\",\"contentUrl\":\"https:\/\/secure.gravatar.com\/avatar\/8af8f40000c24e9eef3034f2be5998a372bb1389e64b1a4a36b3a7979142220d?s=96&d=mm&r=g\",\"caption\":\"Redacci\u00f3n\"},\"sameAs\":[\"http:\/\/nuevodigitaldeescobar.com.ar\"],\"url\":\"https:\/\/nuevodigitaldeescobar.com.ar\/?author=1\"}]}<\/script>\n<!-- \/ Yoast SEO plugin. -->","yoast_head_json":{"title":"Vuelve la inestabilidad: qu\u00e9 clima espera Escobar esta semana - Nuevo Digital de Escobar","robots":{"index":"index","follow":"follow","max-snippet":"max-snippet:-1","max-image-preview":"max-image-preview:large","max-video-preview":"max-video-preview:-1"},"canonical":"https:\/\/nuevodigitaldeescobar.com.ar\/?p=17296","og_locale":"es_ES","og_type":"article","og_title":"Vuelve la inestabilidad: qu\u00e9 clima espera Escobar esta semana - Nuevo Digital de Escobar","og_description":"Tras el descenso en las temperaturas, llega el pron\u00f3stico m\u00e1s gris del invierno.","og_url":"https:\/\/nuevodigitaldeescobar.com.ar\/?p=17296","og_site_name":"Nuevo Digital de Escobar","article_publisher":"https:\/\/www.facebook.com\/NUEVODigitalDeEscobar","article_published_time":"2025-08-17T08:35:00+00:00","og_image":[{"width":1058,"height":572,"url":"https:\/\/nuevodigitaldeescobar.com.ar\/wp-content\/uploads\/2025\/08\/climainestable56.png","type":"image\/png"}],"author":"Redacci\u00f3n","twitter_card":"summary_large_image","twitter_creator":"@nuevodigescobar","twitter_site":"@nuevodigescobar","twitter_misc":{"Escrito por":"Redacci\u00f3n","Tiempo de lectura":"3 minutos"},"schema":{"@context":"https:\/\/schema.org","@graph":[{"@type":"Article","@id":"https:\/\/nuevodigitaldeescobar.com.ar\/?p=17296#article","isPartOf":{"@id":"https:\/\/nuevodigitaldeescobar.com.ar\/?p=17296"},"author":{"name":"Redacci\u00f3n","@id":"https:\/\/nuevodigitaldeescobar.com.ar\/#\/schema\/person\/035e90a8efe9a80e6eec22656ad6ea4c"},"headline":"Vuelve la inestabilidad: qu\u00e9 clima espera Escobar esta semana","datePublished":"2025-08-17T08:35:00+00:00","mainEntityOfPage":{"@id":"https:\/\/nuevodigitaldeescobar.com.ar\/?p=17296"},"wordCount":241,"commentCount":0,"publisher":{"@id":"https:\/\/nuevodigitaldeescobar.com.ar\/#organization"},"image":{"@id":"https:\/\/nuevodigitaldeescobar.com.ar\/?p=17296#primaryimage"},"thumbnailUrl":"https:\/\/nuevodigitaldeescobar.com.ar\/wp-content\/uploads\/2025\/08\/climainestable56.png","articleSection":["Clima, Medioambiente y Sostenibilidad"],"inLanguage":"es","potentialAction":[{"@type":"CommentAction","name":"Comment","target":["https:\/\/nuevodigitaldeescobar.com.ar\/?p=17296#respond"]}]},{"@type":"WebPage","@id":"https:\/\/nuevodigitaldeescobar.com.ar\/?p=17296","url":"https:\/\/nuevodigitaldeescobar.com.ar\/?p=17296","name":"Vuelve la inestabilidad: qu\u00e9 clima espera Escobar esta semana - Nuevo Digital de Escobar","isPartOf":{"@id":"https:\/\/nuevodigitaldeescobar.com.ar\/#website"},"primaryImageOfPage":{"@id":"https:\/\/nuevodigitaldeescobar.com.ar\/?p=17296#primaryimage"},"image":{"@id":"https:\/\/nuevodigitaldeescobar.com.ar\/?p=17296#primaryimage"},"thumbnailUrl":"https:\/\/nuevodigitaldeescobar.com.ar\/wp-content\/uploads\/2025\/08\/climainestable56.png","datePublished":"2025-08-17T08:35:00+00:00","breadcrumb":{"@id":"https:\/\/nuevodigitaldeescobar.com.ar\/?p=17296#breadcrumb"},"inLanguage":"es","potentialAction":[{"@type":"ReadAction","target":["https:\/\/nuevodigitaldeescobar.com.ar\/?p=17296"]}]},{"@type":"ImageObject","inLanguage":"es","@id":"https:\/\/nuevodigitaldeescobar.com.ar\/?p=17296#primaryimage","url":"https:\/\/nuevodigitaldeescobar.com.ar\/wp-content\/uploads\/2025\/08\/climainestable56.png","contentUrl":"https:\/\/nuevodigitaldeescobar.com.ar\/wp-content\/uploads\/2025\/08\/climainestable56.png","width":1058,"height":572},{"@type":"BreadcrumbList","@id":"https:\/\/nuevodigitaldeescobar.com.ar\/?p=17296#breadcrumb","itemListElement":[{"@type":"ListItem","position":1,"name":"Portada","item":"https:\/\/nuevodigitaldeescobar.com.ar\/"},{"@type":"ListItem","position":2,"name":"Vuelve la inestabilidad: qu\u00e9 clima espera Escobar esta semana"}]},{"@type":"WebSite","@id":"https:\/\/nuevodigitaldeescobar.com.ar\/#website","url":"https:\/\/nuevodigitaldeescobar.com.ar\/","name":"Nuevo Digital de Escobar","description":"La vida escobarense. Directora: Rosana Brunner","publisher":{"@id":"https:\/\/nuevodigitaldeescobar.com.ar\/#organization"},"potentialAction":[{"@type":"SearchAction","target":{"@type":"EntryPoint","urlTemplate":"https:\/\/nuevodigitaldeescobar.com.ar\/?s={search_term_string}"},"query-input":{"@type":"PropertyValueSpecification","valueRequired":true,"valueName":"search_term_string"}}],"inLanguage":"es"},{"@type":"Organization","@id":"https:\/\/nuevodigitaldeescobar.com.ar\/#organization","name":"Nuevo Digital de Escobar","url":"https:\/\/nuevodigitaldeescobar.com.ar\/","logo":{"@type":"ImageObject","inLanguage":"es","@id":"https:\/\/nuevodigitaldeescobar.com.ar\/#\/schema\/logo\/image\/","url":"https:\/\/nuevodigitaldeescobar.com.ar\/wp-content\/uploads\/2025\/05\/cropped-logo-nuevo2.jpg","contentUrl":"https:\/\/nuevodigitaldeescobar.com.ar\/wp-content\/uploads\/2025\/05\/cropped-logo-nuevo2.jpg","width":305,"height":305,"caption":"Nuevo Digital de Escobar"},"image":{"@id":"https:\/\/nuevodigitaldeescobar.com.ar\/#\/schema\/logo\/image\/"},"sameAs":["https:\/\/www.facebook.com\/NUEVODigitalDeEscobar","https:\/\/x.com\/nuevodigescobar","https:\/\/www.instagram.com\/nuevodigitaldeescobar"]},{"@type":"Person","@id":"https:\/\/nuevodigitaldeescobar.com.ar\/#\/schema\/person\/035e90a8efe9a80e6eec22656ad6ea4c","name":"Redacci\u00f3n","image":{"@type":"ImageObject","inLanguage":"es","@id":"https:\/\/nuevodigitaldeescobar.com.ar\/#\/schema\/person\/image\/","url":"https:\/\/secure.gravatar.com\/avatar\/8af8f40000c24e9eef3034f2be5998a372bb1389e64b1a4a36b3a7979142220d?s=96&d=mm&r=g","contentUrl":"https:\/\/secure.gravatar.com\/avatar\/8af8f40000c24e9eef3034f2be5998a372bb1389e64b1a4a36b3a7979142220d?s=96&d=mm&r=g","caption":"Redacci\u00f3n"},"sameAs":["http:\/\/nuevodigitaldeescobar.com.ar"],"url":"https:\/\/nuevodigitaldeescobar.com.ar\/?author=1"}]}},"featured_image_urls":{"full":["https:\/\/nuevodigitaldeescobar.com.ar\/wp-content\/uploads\/2025\/08\/climainestable56.png",1058,572,false],"thumbnail":["https:\/\/nuevodigitaldeescobar.com.ar\/wp-content\/uploads\/2025\/08\/climainestable56-150x150.png",150,150,true],"medium":["https:\/\/nuevodigitaldeescobar.com.ar\/wp-content\/uploads\/2025\/08\/climainestable56-300x162.png",300,162,true],"medium_large":["https:\/\/nuevodigitaldeescobar.com.ar\/wp-content\/uploads\/2025\/08\/climainestable56-768x415.png",640,346,true],"large":["https:\/\/nuevodigitaldeescobar.com.ar\/wp-content\/uploads\/2025\/08\/climainestable56-1024x554.png",640,346,true],"1536x1536":["https:\/\/nuevodigitaldeescobar.com.ar\/wp-content\/uploads\/2025\/08\/climainestable56.png",1058,572,false],"2048x2048":["https:\/\/nuevodigitaldeescobar.com.ar\/wp-content\/uploads\/2025\/08\/climainestable56.png",1058,572,false]},"author_info":{"display_name":"Redacci\u00f3n","author_link":"https:\/\/nuevodigitaldeescobar.com.ar\/?author=1"},"category_info":"<a href=\"https:\/\/nuevodigitaldeescobar.com.ar\/?cat=14\" rel=\"category\">Clima, Medioambiente y Sostenibilidad<\/a>","tag_info":"Clima, Medioambiente y Sostenibilidad","comment_count":"0","_links":{"self":[{"href":"https:\/\/nuevodigitaldeescobar.com.ar\/index.php?rest_route=\/wp\/v2\/posts\/17296","targetHints":{"allow":["GET"]}}],"collection":[{"href":"https:\/\/nuevodigitaldeescobar.com.ar\/index.php?rest_route=\/wp\/v2\/posts"}],"about":[{"href":"https:\/\/nuevodigitaldeescobar.com.ar\/index.php?rest_route=\/wp\/v2\/types\/post"}],"author":[{"embeddable":true,"href":"https:\/\/nuevodigitaldeescobar.com.ar\/index.php?rest_route=\/wp\/v2\/users\/1"}],"replies":[{"embeddable":true,"href":"https:\/\/nuevodigitaldeescobar.com.ar\/index.php?rest_route=%2Fwp%2Fv2%2Fcomments&post=17296"}],"version-history":[{"count":1,"href":"https:\/\/nuevodigitaldeescobar.com.ar\/index.php?rest_route=\/wp\/v2\/posts\/17296\/revisions"}],"predecessor-version":[{"id":17298,"href":"https:\/\/nuevodigitaldeescobar.com.ar\/index.php?rest_route=\/wp\/v2\/posts\/17296\/revisions\/17298"}],"wp:featuredmedia":[{"embeddable":true,"href":"https:\/\/nuevodigitaldeescobar.com.ar\/index.php?rest_route=\/wp\/v2\/media\/17297"}],"wp:attachment":[{"href":"https:\/\/nuevodigitaldeescobar.com.ar\/index.php?rest_route=%2Fwp%2Fv2%2Fmedia&parent=17296"}],"wp:term":[{"taxonomy":"category","embeddable":true,"href":"https:\/\/nuevodigitaldeescobar.com.ar\/index.php?rest_route=%2Fwp%2Fv2%2Fcategories&post=17296"},{"taxonomy":"post_tag","embeddable":true,"href":"https:\/\/nuevodigitaldeescobar.com.ar\/index.php?rest_route=%2Fwp%2Fv2%2Ftags&post=17296"}],"curies":[{"name":"wp","href":"https:\/\/api.w.org\/{rel}","templated":true}]}}