{"id":17323,"date":"2025-08-18T12:03:05","date_gmt":"2025-08-18T15:03:05","guid":{"rendered":"https:\/\/nuevodigitaldeescobar.com.ar\/?p=17323"},"modified":"2025-08-18T12:22:48","modified_gmt":"2025-08-18T15:22:48","slug":"despidieron-los-restos-de-alfredo-melidore-un-escobarense-de-los-que-ya-no-quedan","status":"publish","type":"post","link":"https:\/\/nuevodigitaldeescobar.com.ar\/?p=17323","title":{"rendered":"Despidieron los restos de Alfredo Melidore, un escobarense de los que ya no quedan"},"content":{"rendered":"\n<p class=\"has-vivid-cyan-blue-color has-text-color has-link-color wp-elements-8718aa380ac5ef2f71742a13b90d6501\"><strong><em>Amante del cine, Independiente de Avellaneda, del radicalismo de Illia y Alfons\u00edn, del Escobar de ayer, hoy y siempre. De sus historias, protagonistas y sus entidades. Alfredo Melidore dedic\u00f3 su vida a la historia y qued\u00f3 en ella.<\/em><\/strong><\/p>\n\n\n\n<!--more-->\n\n\n\n<p><\/p>\n\n\n\n<p>Este fin de semana falleci\u00f3 Alfredo Melidore, reconocido historiador escobarense. NyC. Un nacido y criado en Escobar. De hecho, naci\u00f3 en la casa donde vivi\u00f3 casi toda su vida, en la calle Travi, donde su padre fund\u00f3 una peluquer\u00eda y \u00e9l la continu\u00f3.<\/p>\n\n\n\n<p>La instalaci\u00f3n de edificios linderos a su propiedad hizo que la vendiera y se trasladara a unos metros del casco c\u00e9ntrico. All\u00ed continu\u00f3 cort\u00e1ndole el pelo a un pu\u00f1ado selecto de clientes. El corte era lo de menos: las largas charlas era el objetivo de cada uno que conoc\u00eda desde hace a\u00f1os a Alfredito.<\/p>\n\n\n\n<p>A metros de su sal\u00f3n estaba su escritorio, alejado del enorme y vasto archivo donde colecciona hasta lo m\u00e1s impensado. En su PC cada noche se sumerg\u00eda en un mundo nuevo: entre lo virtual, viajaba al pasado para traer a la actualidad eso que ya no volver\u00e1. <\/p>\n\n\n\n<p>Due\u00f1o de miles de documentos y otras tantas historias contadas en el boca a boca, mate de por medio. Mate de Independiente de Avellaneda, una de sus pasiones. Al igual que en el leiv motiv de Francella en la laureada pel\u00edcula El Secreto de sus Ojos, la pasi\u00f3n no se cambia. Aunque hubo dos que Melidore mengu\u00f3 con los a\u00f1os: el radicalismo y su amado equipo de f\u00fatbol.<\/p>\n\n\n\n<p>Aunque no lo dec\u00eda, cre\u00eda que todo tiempo pasado era mejor. Y claramente Bochini era mejor que lo que vino despu\u00e9s. Ni hablar de Arturo Illia y Ricardo Alfons\u00edn, en comparaci\u00f3n con los representantes de la UCR actual. \u00abRadicales de ca\u00f1a hueca\u00bb, repet\u00eda a los cercanos. Frase que no le pertenec\u00eda pero la hac\u00eda suya.<\/p>\n\n\n<div class=\"wp-block-image\">\n<figure class=\"aligncenter size-large\"><img fetchpriority=\"high\" decoding=\"async\" width=\"967\" height=\"1024\" src=\"http:\/\/nuevodigitaldeescobar.com.ar\/wp-content\/uploads\/2025\/08\/78638462_2174295516212166_5228296180848394240_n-1-967x1024.jpg\" alt=\"\" class=\"wp-image-17326\" srcset=\"https:\/\/nuevodigitaldeescobar.com.ar\/wp-content\/uploads\/2025\/08\/78638462_2174295516212166_5228296180848394240_n-1-967x1024.jpg 967w, https:\/\/nuevodigitaldeescobar.com.ar\/wp-content\/uploads\/2025\/08\/78638462_2174295516212166_5228296180848394240_n-1-283x300.jpg 283w, https:\/\/nuevodigitaldeescobar.com.ar\/wp-content\/uploads\/2025\/08\/78638462_2174295516212166_5228296180848394240_n-1-768x813.jpg 768w, https:\/\/nuevodigitaldeescobar.com.ar\/wp-content\/uploads\/2025\/08\/78638462_2174295516212166_5228296180848394240_n-1-1451x1536.jpg 1451w, https:\/\/nuevodigitaldeescobar.com.ar\/wp-content\/uploads\/2025\/08\/78638462_2174295516212166_5228296180848394240_n-1.jpg 1836w\" sizes=\"(max-width: 967px) 100vw, 967px\" \/><figcaption class=\"wp-element-caption\">Mates entre correligionarios. Aqu\u00ed, junto a Guillermito \u00c1lvarez.<\/figcaption><\/figure><\/div>\n\n\n<p>El cine y la radio AM lo segu\u00edan acompa\u00f1ando, al igual que su esposa Silvia Garc\u00eda Beliera, una descendiente directa de Do\u00f1a Eugenia Tapia de Cruz. <\/p>\n\n\n\n<p>Hace casi cinco meses sufri\u00f3 un ACV hemorr\u00e1gico mientras hac\u00eda la siesta en su casa. Fue operado de urgencia en el Hospital Erill, luego pas\u00f3 a la Cl\u00ednica F\u00e1tima, para permanecer internado hasta su fallecimiento en el Centro Kinesiol\u00f3gico de Matheu.<\/p>\n\n\n\n<p>Este s\u00e1bado por la tarde, tras varios d\u00edas de empeorar su cuadro por una pulmon\u00eda, dej\u00f3 este mundo. Fue despedido tras un responso en la sala velatoria municipal, acompa\u00f1ado de los m\u00e1s \u00edntimos. <\/p>\n\n\n\n<p><\/p>\n\n\n\n<p><strong>Vida y obra<\/strong><\/p>\n\n\n\n<p><\/p>\n\n\n\n<p>Alfredo Nicol\u00e1s Melidore naci\u00f3 en Escobar el 29 de noviembre de 1950. Es un respetado historiador que apunt\u00f3, en gran parte de su trabajo, en el estudio de la rica hist\u00f3rica escobarense.<\/p>\n\n\n\n<p>Es autor del libro \u201cApuntes hist\u00f3ricos de la Primera Escuela de Bel\u00e9n\u201d, en referencia a los 110 a\u00f1os de la Escuela N\u00b01 (1882-1992). Tambi\u00e9n de \u201cEscobar, un futuro en marcha\u201d, de Ediciones Proa (2000).<\/p>\n\n\n<div class=\"wp-block-image\">\n<figure class=\"aligncenter size-full\"><img decoding=\"async\" width=\"480\" height=\"423\" src=\"http:\/\/nuevodigitaldeescobar.com.ar\/wp-content\/uploads\/2025\/08\/luna.jpg\" alt=\"\" class=\"wp-image-17330\" srcset=\"https:\/\/nuevodigitaldeescobar.com.ar\/wp-content\/uploads\/2025\/08\/luna.jpg 480w, https:\/\/nuevodigitaldeescobar.com.ar\/wp-content\/uploads\/2025\/08\/luna-300x264.jpg 300w\" sizes=\"(max-width: 480px) 100vw, 480px\" \/><figcaption class=\"wp-element-caption\">Un amigo de la historia. Uno de sus encuentros con F\u00e9lix Luna.<\/figcaption><\/figure><\/div>\n\n\n<p>Tambi\u00e9n escribi\u00f3 los fasc\u00edculos \u201cS\u00edntesis hist\u00f3ricos sobre la Parroquia de Bel\u00e9n 1887-1987\u201d, \u201cEscuela N\u00b0 2: 100 a\u00f1os, una historia (1886-1986), \u201cApuntes hist\u00f3ricos sobre la semblanza del granadero Juan Mateo Gelvez\u201d (febrero de 1986), \u201cAportaciones y citas para la historia de Escobar (octubre de 1984), \u201cEl d\u00eda de San Roque en Escobar\u201d (agosto de 1981, segunda edici\u00f3n agosto de 1990), \u201cPrimer intento de emancipar Bel\u00e9n del Partido del Pilar (octubre de 1985), \u201cDon Francisco Laur\u00eda: vida y obra\u201d (junio de 1982), \u201cAportaciones para la historia de la Escuela N\u00b0 4 (marzo de 1984), \u201cSemblanza del Granadero Juan Mateo Gelves\u201d (marzo de 1979), \u201cPioneros y cultores del teatro escobarense\u201d (noviembre de 1992 primera edici\u00f3n, agosto de 1994 la segunda), \u201cEntrega de tierras a Don Alonso de Escobar\u201d (febrero de 1982), \u201cMonse\u00f1or Burdet, vida y obra\u201d (enero de 1984), \u201cHomenaje a Do\u00f1a Eugenia Tapia de Cruz en el centenario de su muerte\u201d (enero de 1989), \u201c1883-1\u00b0 de junio-1983 Centenario Escuela N\u00b0 1\u201d, \u201cHomenaje a Sergiani\u201d (mayo de 1982), \u201cEscobar, tiempo de historia\u201d (diciembre de 1991) y \u201c100 a\u00f1os de la Sociedad Italia de Socorros Mutuos de Escobar\u201d (octubre de 1989), entre otros.<\/p>\n\n\n\n<p>Dirigi\u00f3 la revista mensual \u201cHistoriando Escobar: la historia popular\u201d, desde abril de 2006 hasta julio de 2009. Este medio, que reflejaba la historia y los protagonistas del pueblo, fue declarado de Inter\u00e9s Legislativo por la Honorable C\u00e1mara de Senadores de la Provincia de Buenos Aires (noviembre de 2007) y por el Honorable Concejo Deliberante de Escobar (mayo de 2006).<\/p>\n\n\n\n<p>Fue parte de distintas exposiciones realizadas en su distrito, como en la \u201cPrimera exposici\u00f3n del ayer escobarense\u201d, llevada adelante en el sal\u00f3n \u201cFrancisco Laur\u00eda\u201d de la Sociedad Italia (junto de 1982), \u201cPioneros del teatro escobarense\u201d, en el Teatro Girona (agosto de 1984), exposici\u00f3n por las Bodas de oro del Instituto Secundario General Belgrano (mayo de 2003), Feria del Libro de 1991, en la sede de la Sociedad Fiesta de la Flor, Feria del Libro de la Casa de la Cultura (1986-1987), exposiciones en la Feria del Libro organizada por el Centro Cultural Macacha G\u00fcemes, en las ediciones 2013 y 2015.<\/p>\n\n\n\n<figure class=\"wp-block-image size-full\"><img decoding=\"async\" width=\"910\" height=\"765\" src=\"http:\/\/nuevodigitaldeescobar.com.ar\/wp-content\/uploads\/2025\/08\/484810089_3844518065800983_7488285014676073724_n.jpg\" alt=\"\" class=\"wp-image-17331\" srcset=\"https:\/\/nuevodigitaldeescobar.com.ar\/wp-content\/uploads\/2025\/08\/484810089_3844518065800983_7488285014676073724_n.jpg 910w, https:\/\/nuevodigitaldeescobar.com.ar\/wp-content\/uploads\/2025\/08\/484810089_3844518065800983_7488285014676073724_n-300x252.jpg 300w, https:\/\/nuevodigitaldeescobar.com.ar\/wp-content\/uploads\/2025\/08\/484810089_3844518065800983_7488285014676073724_n-768x646.jpg 768w\" sizes=\"(max-width: 910px) 100vw, 910px\" \/><figcaption class=\"wp-element-caption\">Con Rub\u00e9n Decima ten\u00edan dos pasiones en com\u00fan; la historia argentina y por ende, la de nuestro pueblo natal. <\/figcaption><\/figure>\n\n\n\n<p>Fue autor tambi\u00e9n del material volcado en la ordenanza sancionada el 23 de febrero de 1996 donde se decreta el 4 de marzo de 1877 como la fecha exacta de la creaci\u00f3n del Pueblo de Bel\u00e9n (expediente 2016\/1996 del Honorable Concejo Deliberante de Escobar).<\/p>\n\n\n\n<p>Junto a Rub\u00e9n Decima fue el autor del Grupo de Investigaci\u00f3n Hist\u00f3rica en la Sociedad Italia de Socorros Mutuos (10 de enero de 1976) y brind\u00f3 charlas en distintas escuelas primarias del Partido de Escobar.<\/p>\n\n\n\n<p>En 1980 organiz\u00f3 charlas hist\u00f3ricas a cargo de Hialmar Gammalsson, Antonio Carrizo, Eduardo Aliverti y Federico Kirbus.<\/p>\n\n\n\n<p>Tuvo participaci\u00f3n en programas radiales de la zona como en La Voz de Escobar, desde 1987 a 1992 (Historiando Escobar), en Radio Santa Mar\u00eda, desde el a\u00f1o 2000 hasta su cierre, en Radio Frecuencia 106, en micros televisivos como DAV Televisi\u00f3n Color, y en emisoras nacionales, como La Vida y el Canto (1999) de Antonio Carrizo (Radio Rivadavia), Bravo Continental (2013), con Fernando Bravo y en Radio Provincia, hablando sobre el nacimiento de Bel\u00e9n (2014).<\/p>\n\n\n\n<p>Fue, dentro de sus lazos con entidades de bien p\u00fablico, socio fundador del Ferroamigos Club Escobar, en noviembre de 1995, siendo director del \u00e1rea Archivo; integrante del Grupo de Teatro Vocacional Candilejas (1971-1976), integrante de la Cofrad\u00eda de San Roque (1981-2003), creador de la Comisi\u00f3n Permanente de Homenaje a Do\u00f1a Eugenia Tapia de Cruz (desde el a\u00f1o 2012), moderador de debates de los candidatos locales organizados por el Banco de la Ribera (1989-1993).<\/p>\n\n\n\n<p>Colabor\u00f3 desinteresadamente con el Teatro Seminari aportando material que se exhibe en el hall principal del edificio, a prop\u00f3sito de su reinauguraci\u00f3n en 2018. Su relaci\u00f3n con el hist\u00f3rico edificio de la calle Mitre es larga y rica, ya no solo como un espectador m\u00e1s, sino que desde adolescente estuvo relacionado con las distintas actividades del cine y teatro, ya sea como proyector o actuando sobre tablas.<\/p>\n\n\n\n<p><\/p>\n\n\n\n<p><strong>Gustavo Garc\u00eda<\/strong><\/p>\n","protected":false},"excerpt":{"rendered":"<p>Amante del cine, Independiente de Avellaneda, del radicalismo de Illia y Alfons\u00edn, del Escobar de ayer, hoy y siempre. De sus historias, protagonistas y sus [&hellip;]<\/p>\n","protected":false},"author":1,"featured_media":17324,"comment_status":"open","ping_status":"open","sticky":false,"template":"","format":"standard","meta":{"footnotes":""},"categories":[7],"tags":[433],"class_list":["post-17323","post","type-post","status-publish","format-standard","has-post-thumbnail","hentry","category-interes-general","tag-alfredo-melidore"],"better_featured_image":{"id":17324,"alt_text":"","caption":"","description":"","media_type":"image","media_details":{"width":768,"height":820,"file":"2025\/08\/84716350_2229089380732779_8794847550411636736_n-e1755488462808.jpg","filesize":115085,"sizes":{"medium":{"file":"84716350_2229089380732779_8794847550411636736_n-e1755488462808-281x300.jpg","width":281,"height":300,"mime-type":"image\/jpeg","filesize":22524,"source_url":"https:\/\/nuevodigitaldeescobar.com.ar\/wp-content\/uploads\/2025\/08\/84716350_2229089380732779_8794847550411636736_n-e1755488462808-281x300.jpg"},"thumbnail":{"file":"84716350_2229089380732779_8794847550411636736_n-e1755488462808-150x150.jpg","width":150,"height":150,"mime-type":"image\/jpeg","filesize":9643,"source_url":"https:\/\/nuevodigitaldeescobar.com.ar\/wp-content\/uploads\/2025\/08\/84716350_2229089380732779_8794847550411636736_n-e1755488462808-150x150.jpg"}},"image_meta":{"aperture":"0","credit":"","camera":"","caption":"","created_timestamp":"0","copyright":"","focal_length":"0","iso":"0","shutter_speed":"0","title":"","orientation":"0","keywords":[]}},"post":17323,"source_url":"https:\/\/nuevodigitaldeescobar.com.ar\/wp-content\/uploads\/2025\/08\/84716350_2229089380732779_8794847550411636736_n-e1755488462808.jpg"},"yoast_head":"<!-- This site is optimized with the Yoast SEO plugin v26.1.1 - https:\/\/yoast.com\/wordpress\/plugins\/seo\/ -->\n<title>Despidieron los restos de Alfredo Melidore, un escobarense de los que ya no quedan - Nuevo Digital de Escobar<\/title>\n<meta name=\"description\" content=\"Amante del cine, Independiente de Avellaneda, del radicalismo de Illia y Alfons\u00edn, del Escobar de ayer, hoy y siempre. De sus historias, protagonistas y sus entidades. Alfredo Melidore dedic\u00f3 su vida a la historia y qued\u00f3 en ella.\" \/>\n<meta name=\"robots\" content=\"index, follow, max-snippet:-1, max-image-preview:large, max-video-preview:-1\" \/>\n<link rel=\"canonical\" href=\"https:\/\/nuevodigitaldeescobar.com.ar\/?p=17323\" \/>\n<meta property=\"og:locale\" content=\"es_ES\" \/>\n<meta property=\"og:type\" content=\"article\" \/>\n<meta property=\"og:title\" content=\"Despidieron los restos de Alfredo Melidore, un escobarense de los que ya no quedan\" \/>\n<meta property=\"og:description\" content=\"Amante del cine, Independiente de Avellaneda, del radicalismo de Illia y Alfons\u00edn, del Escobar de ayer, hoy y siempre. De sus historias, protagonistas y sus entidades. Alfredo Melidore dedic\u00f3 su vida a la historia y qued\u00f3 en ella.\" \/>\n<meta property=\"og:url\" content=\"https:\/\/nuevodigitaldeescobar.com.ar\/?p=17323\" \/>\n<meta property=\"og:site_name\" content=\"Nuevo Digital de Escobar\" \/>\n<meta property=\"article:publisher\" content=\"https:\/\/www.facebook.com\/NUEVODigitalDeEscobar\" \/>\n<meta property=\"article:published_time\" content=\"2025-08-18T15:03:05+00:00\" \/>\n<meta property=\"article:modified_time\" content=\"2025-08-18T15:22:48+00:00\" \/>\n<meta property=\"og:image\" content=\"http:\/\/nuevodigitaldeescobar.com.ar\/wp-content\/uploads\/2025\/08\/84716350_2229089380732779_8794847550411636736_n-e1755488462808.jpg\" \/>\n\t<meta property=\"og:image:width\" content=\"768\" \/>\n\t<meta property=\"og:image:height\" content=\"820\" \/>\n\t<meta property=\"og:image:type\" content=\"image\/jpeg\" \/>\n<meta name=\"author\" content=\"Redacci\u00f3n\" \/>\n<meta name=\"twitter:card\" content=\"summary_large_image\" \/>\n<meta name=\"twitter:creator\" content=\"@nuevodigescobar\" \/>\n<meta name=\"twitter:site\" content=\"@nuevodigescobar\" \/>\n<meta name=\"twitter:label1\" content=\"Escrito por\" \/>\n\t<meta name=\"twitter:data1\" content=\"Redacci\u00f3n\" \/>\n\t<meta name=\"twitter:label2\" content=\"Tiempo de lectura\" \/>\n\t<meta name=\"twitter:data2\" content=\"7 minutos\" \/>\n<script type=\"application\/ld+json\" class=\"yoast-schema-graph\">{\"@context\":\"https:\/\/schema.org\",\"@graph\":[{\"@type\":\"Article\",\"@id\":\"https:\/\/nuevodigitaldeescobar.com.ar\/?p=17323#article\",\"isPartOf\":{\"@id\":\"https:\/\/nuevodigitaldeescobar.com.ar\/?p=17323\"},\"author\":{\"name\":\"Redacci\u00f3n\",\"@id\":\"https:\/\/nuevodigitaldeescobar.com.ar\/#\/schema\/person\/035e90a8efe9a80e6eec22656ad6ea4c\"},\"headline\":\"Despidieron los restos de Alfredo Melidore, un escobarense de los que ya no quedan\",\"datePublished\":\"2025-08-18T15:03:05+00:00\",\"dateModified\":\"2025-08-18T15:22:48+00:00\",\"mainEntityOfPage\":{\"@id\":\"https:\/\/nuevodigitaldeescobar.com.ar\/?p=17323\"},\"wordCount\":1229,\"commentCount\":0,\"publisher\":{\"@id\":\"https:\/\/nuevodigitaldeescobar.com.ar\/#organization\"},\"image\":{\"@id\":\"https:\/\/nuevodigitaldeescobar.com.ar\/?p=17323#primaryimage\"},\"thumbnailUrl\":\"https:\/\/nuevodigitaldeescobar.com.ar\/wp-content\/uploads\/2025\/08\/84716350_2229089380732779_8794847550411636736_n-e1755488462808.jpg\",\"keywords\":[\"Alfredo Melidore\"],\"articleSection\":[\"Inter\u00e9s general\"],\"inLanguage\":\"es\",\"potentialAction\":[{\"@type\":\"CommentAction\",\"name\":\"Comment\",\"target\":[\"https:\/\/nuevodigitaldeescobar.com.ar\/?p=17323#respond\"]}]},{\"@type\":\"WebPage\",\"@id\":\"https:\/\/nuevodigitaldeescobar.com.ar\/?p=17323\",\"url\":\"https:\/\/nuevodigitaldeescobar.com.ar\/?p=17323\",\"name\":\"Despidieron los restos de Alfredo Melidore, un escobarense de los que ya no quedan - Nuevo Digital de Escobar\",\"isPartOf\":{\"@id\":\"https:\/\/nuevodigitaldeescobar.com.ar\/#website\"},\"primaryImageOfPage\":{\"@id\":\"https:\/\/nuevodigitaldeescobar.com.ar\/?p=17323#primaryimage\"},\"image\":{\"@id\":\"https:\/\/nuevodigitaldeescobar.com.ar\/?p=17323#primaryimage\"},\"thumbnailUrl\":\"https:\/\/nuevodigitaldeescobar.com.ar\/wp-content\/uploads\/2025\/08\/84716350_2229089380732779_8794847550411636736_n-e1755488462808.jpg\",\"datePublished\":\"2025-08-18T15:03:05+00:00\",\"dateModified\":\"2025-08-18T15:22:48+00:00\",\"description\":\"Amante del cine, Independiente de Avellaneda, del radicalismo de Illia y Alfons\u00edn, del Escobar de ayer, hoy y siempre. De sus historias, protagonistas y sus entidades. Alfredo Melidore dedic\u00f3 su vida a la historia y qued\u00f3 en ella.\",\"breadcrumb\":{\"@id\":\"https:\/\/nuevodigitaldeescobar.com.ar\/?p=17323#breadcrumb\"},\"inLanguage\":\"es\",\"potentialAction\":[{\"@type\":\"ReadAction\",\"target\":[\"https:\/\/nuevodigitaldeescobar.com.ar\/?p=17323\"]}]},{\"@type\":\"ImageObject\",\"inLanguage\":\"es\",\"@id\":\"https:\/\/nuevodigitaldeescobar.com.ar\/?p=17323#primaryimage\",\"url\":\"https:\/\/nuevodigitaldeescobar.com.ar\/wp-content\/uploads\/2025\/08\/84716350_2229089380732779_8794847550411636736_n-e1755488462808.jpg\",\"contentUrl\":\"https:\/\/nuevodigitaldeescobar.com.ar\/wp-content\/uploads\/2025\/08\/84716350_2229089380732779_8794847550411636736_n-e1755488462808.jpg\",\"width\":768,\"height\":820},{\"@type\":\"BreadcrumbList\",\"@id\":\"https:\/\/nuevodigitaldeescobar.com.ar\/?p=17323#breadcrumb\",\"itemListElement\":[{\"@type\":\"ListItem\",\"position\":1,\"name\":\"Portada\",\"item\":\"https:\/\/nuevodigitaldeescobar.com.ar\/\"},{\"@type\":\"ListItem\",\"position\":2,\"name\":\"Despidieron los restos de Alfredo Melidore, un escobarense de los que ya no quedan\"}]},{\"@type\":\"WebSite\",\"@id\":\"https:\/\/nuevodigitaldeescobar.com.ar\/#website\",\"url\":\"https:\/\/nuevodigitaldeescobar.com.ar\/\",\"name\":\"Nuevo Digital de Escobar\",\"description\":\"La vida escobarense. Directora: Rosana Brunner\",\"publisher\":{\"@id\":\"https:\/\/nuevodigitaldeescobar.com.ar\/#organization\"},\"potentialAction\":[{\"@type\":\"SearchAction\",\"target\":{\"@type\":\"EntryPoint\",\"urlTemplate\":\"https:\/\/nuevodigitaldeescobar.com.ar\/?s={search_term_string}\"},\"query-input\":{\"@type\":\"PropertyValueSpecification\",\"valueRequired\":true,\"valueName\":\"search_term_string\"}}],\"inLanguage\":\"es\"},{\"@type\":\"Organization\",\"@id\":\"https:\/\/nuevodigitaldeescobar.com.ar\/#organization\",\"name\":\"Nuevo Digital de Escobar\",\"url\":\"https:\/\/nuevodigitaldeescobar.com.ar\/\",\"logo\":{\"@type\":\"ImageObject\",\"inLanguage\":\"es\",\"@id\":\"https:\/\/nuevodigitaldeescobar.com.ar\/#\/schema\/logo\/image\/\",\"url\":\"https:\/\/nuevodigitaldeescobar.com.ar\/wp-content\/uploads\/2025\/05\/cropped-logo-nuevo2.jpg\",\"contentUrl\":\"https:\/\/nuevodigitaldeescobar.com.ar\/wp-content\/uploads\/2025\/05\/cropped-logo-nuevo2.jpg\",\"width\":305,\"height\":305,\"caption\":\"Nuevo Digital de Escobar\"},\"image\":{\"@id\":\"https:\/\/nuevodigitaldeescobar.com.ar\/#\/schema\/logo\/image\/\"},\"sameAs\":[\"https:\/\/www.facebook.com\/NUEVODigitalDeEscobar\",\"https:\/\/x.com\/nuevodigescobar\",\"https:\/\/www.instagram.com\/nuevodigitaldeescobar\"]},{\"@type\":\"Person\",\"@id\":\"https:\/\/nuevodigitaldeescobar.com.ar\/#\/schema\/person\/035e90a8efe9a80e6eec22656ad6ea4c\",\"name\":\"Redacci\u00f3n\",\"image\":{\"@type\":\"ImageObject\",\"inLanguage\":\"es\",\"@id\":\"https:\/\/nuevodigitaldeescobar.com.ar\/#\/schema\/person\/image\/\",\"url\":\"https:\/\/secure.gravatar.com\/avatar\/8af8f40000c24e9eef3034f2be5998a372bb1389e64b1a4a36b3a7979142220d?s=96&d=mm&r=g\",\"contentUrl\":\"https:\/\/secure.gravatar.com\/avatar\/8af8f40000c24e9eef3034f2be5998a372bb1389e64b1a4a36b3a7979142220d?s=96&d=mm&r=g\",\"caption\":\"Redacci\u00f3n\"},\"sameAs\":[\"http:\/\/nuevodigitaldeescobar.com.ar\"],\"url\":\"https:\/\/nuevodigitaldeescobar.com.ar\/?author=1\"}]}<\/script>\n<!-- \/ Yoast SEO plugin. -->","yoast_head_json":{"title":"Despidieron los restos de Alfredo Melidore, un escobarense de los que ya no quedan - Nuevo Digital de Escobar","description":"Amante del cine, Independiente de Avellaneda, del radicalismo de Illia y Alfons\u00edn, del Escobar de ayer, hoy y siempre. De sus historias, protagonistas y sus entidades. Alfredo Melidore dedic\u00f3 su vida a la historia y qued\u00f3 en ella.","robots":{"index":"index","follow":"follow","max-snippet":"max-snippet:-1","max-image-preview":"max-image-preview:large","max-video-preview":"max-video-preview:-1"},"canonical":"https:\/\/nuevodigitaldeescobar.com.ar\/?p=17323","og_locale":"es_ES","og_type":"article","og_title":"Despidieron los restos de Alfredo Melidore, un escobarense de los que ya no quedan","og_description":"Amante del cine, Independiente de Avellaneda, del radicalismo de Illia y Alfons\u00edn, del Escobar de ayer, hoy y siempre. De sus historias, protagonistas y sus entidades. Alfredo Melidore dedic\u00f3 su vida a la historia y qued\u00f3 en ella.","og_url":"https:\/\/nuevodigitaldeescobar.com.ar\/?p=17323","og_site_name":"Nuevo Digital de Escobar","article_publisher":"https:\/\/www.facebook.com\/NUEVODigitalDeEscobar","article_published_time":"2025-08-18T15:03:05+00:00","article_modified_time":"2025-08-18T15:22:48+00:00","og_image":[{"width":768,"height":820,"url":"http:\/\/nuevodigitaldeescobar.com.ar\/wp-content\/uploads\/2025\/08\/84716350_2229089380732779_8794847550411636736_n-e1755488462808.jpg","type":"image\/jpeg"}],"author":"Redacci\u00f3n","twitter_card":"summary_large_image","twitter_creator":"@nuevodigescobar","twitter_site":"@nuevodigescobar","twitter_misc":{"Escrito por":"Redacci\u00f3n","Tiempo de lectura":"7 minutos"},"schema":{"@context":"https:\/\/schema.org","@graph":[{"@type":"Article","@id":"https:\/\/nuevodigitaldeescobar.com.ar\/?p=17323#article","isPartOf":{"@id":"https:\/\/nuevodigitaldeescobar.com.ar\/?p=17323"},"author":{"name":"Redacci\u00f3n","@id":"https:\/\/nuevodigitaldeescobar.com.ar\/#\/schema\/person\/035e90a8efe9a80e6eec22656ad6ea4c"},"headline":"Despidieron los restos de Alfredo Melidore, un escobarense de los que ya no quedan","datePublished":"2025-08-18T15:03:05+00:00","dateModified":"2025-08-18T15:22:48+00:00","mainEntityOfPage":{"@id":"https:\/\/nuevodigitaldeescobar.com.ar\/?p=17323"},"wordCount":1229,"commentCount":0,"publisher":{"@id":"https:\/\/nuevodigitaldeescobar.com.ar\/#organization"},"image":{"@id":"https:\/\/nuevodigitaldeescobar.com.ar\/?p=17323#primaryimage"},"thumbnailUrl":"https:\/\/nuevodigitaldeescobar.com.ar\/wp-content\/uploads\/2025\/08\/84716350_2229089380732779_8794847550411636736_n-e1755488462808.jpg","keywords":["Alfredo Melidore"],"articleSection":["Inter\u00e9s general"],"inLanguage":"es","potentialAction":[{"@type":"CommentAction","name":"Comment","target":["https:\/\/nuevodigitaldeescobar.com.ar\/?p=17323#respond"]}]},{"@type":"WebPage","@id":"https:\/\/nuevodigitaldeescobar.com.ar\/?p=17323","url":"https:\/\/nuevodigitaldeescobar.com.ar\/?p=17323","name":"Despidieron los restos de Alfredo Melidore, un escobarense de los que ya no quedan - Nuevo Digital de Escobar","isPartOf":{"@id":"https:\/\/nuevodigitaldeescobar.com.ar\/#website"},"primaryImageOfPage":{"@id":"https:\/\/nuevodigitaldeescobar.com.ar\/?p=17323#primaryimage"},"image":{"@id":"https:\/\/nuevodigitaldeescobar.com.ar\/?p=17323#primaryimage"},"thumbnailUrl":"https:\/\/nuevodigitaldeescobar.com.ar\/wp-content\/uploads\/2025\/08\/84716350_2229089380732779_8794847550411636736_n-e1755488462808.jpg","datePublished":"2025-08-18T15:03:05+00:00","dateModified":"2025-08-18T15:22:48+00:00","description":"Amante del cine, Independiente de Avellaneda, del radicalismo de Illia y Alfons\u00edn, del Escobar de ayer, hoy y siempre. De sus historias, protagonistas y sus entidades. Alfredo Melidore dedic\u00f3 su vida a la historia y qued\u00f3 en ella.","breadcrumb":{"@id":"https:\/\/nuevodigitaldeescobar.com.ar\/?p=17323#breadcrumb"},"inLanguage":"es","potentialAction":[{"@type":"ReadAction","target":["https:\/\/nuevodigitaldeescobar.com.ar\/?p=17323"]}]},{"@type":"ImageObject","inLanguage":"es","@id":"https:\/\/nuevodigitaldeescobar.com.ar\/?p=17323#primaryimage","url":"https:\/\/nuevodigitaldeescobar.com.ar\/wp-content\/uploads\/2025\/08\/84716350_2229089380732779_8794847550411636736_n-e1755488462808.jpg","contentUrl":"https:\/\/nuevodigitaldeescobar.com.ar\/wp-content\/uploads\/2025\/08\/84716350_2229089380732779_8794847550411636736_n-e1755488462808.jpg","width":768,"height":820},{"@type":"BreadcrumbList","@id":"https:\/\/nuevodigitaldeescobar.com.ar\/?p=17323#breadcrumb","itemListElement":[{"@type":"ListItem","position":1,"name":"Portada","item":"https:\/\/nuevodigitaldeescobar.com.ar\/"},{"@type":"ListItem","position":2,"name":"Despidieron los restos de Alfredo Melidore, un escobarense de los que ya no quedan"}]},{"@type":"WebSite","@id":"https:\/\/nuevodigitaldeescobar.com.ar\/#website","url":"https:\/\/nuevodigitaldeescobar.com.ar\/","name":"Nuevo Digital de Escobar","description":"La vida escobarense. Directora: Rosana Brunner","publisher":{"@id":"https:\/\/nuevodigitaldeescobar.com.ar\/#organization"},"potentialAction":[{"@type":"SearchAction","target":{"@type":"EntryPoint","urlTemplate":"https:\/\/nuevodigitaldeescobar.com.ar\/?s={search_term_string}"},"query-input":{"@type":"PropertyValueSpecification","valueRequired":true,"valueName":"search_term_string"}}],"inLanguage":"es"},{"@type":"Organization","@id":"https:\/\/nuevodigitaldeescobar.com.ar\/#organization","name":"Nuevo Digital de Escobar","url":"https:\/\/nuevodigitaldeescobar.com.ar\/","logo":{"@type":"ImageObject","inLanguage":"es","@id":"https:\/\/nuevodigitaldeescobar.com.ar\/#\/schema\/logo\/image\/","url":"https:\/\/nuevodigitaldeescobar.com.ar\/wp-content\/uploads\/2025\/05\/cropped-logo-nuevo2.jpg","contentUrl":"https:\/\/nuevodigitaldeescobar.com.ar\/wp-content\/uploads\/2025\/05\/cropped-logo-nuevo2.jpg","width":305,"height":305,"caption":"Nuevo Digital de Escobar"},"image":{"@id":"https:\/\/nuevodigitaldeescobar.com.ar\/#\/schema\/logo\/image\/"},"sameAs":["https:\/\/www.facebook.com\/NUEVODigitalDeEscobar","https:\/\/x.com\/nuevodigescobar","https:\/\/www.instagram.com\/nuevodigitaldeescobar"]},{"@type":"Person","@id":"https:\/\/nuevodigitaldeescobar.com.ar\/#\/schema\/person\/035e90a8efe9a80e6eec22656ad6ea4c","name":"Redacci\u00f3n","image":{"@type":"ImageObject","inLanguage":"es","@id":"https:\/\/nuevodigitaldeescobar.com.ar\/#\/schema\/person\/image\/","url":"https:\/\/secure.gravatar.com\/avatar\/8af8f40000c24e9eef3034f2be5998a372bb1389e64b1a4a36b3a7979142220d?s=96&d=mm&r=g","contentUrl":"https:\/\/secure.gravatar.com\/avatar\/8af8f40000c24e9eef3034f2be5998a372bb1389e64b1a4a36b3a7979142220d?s=96&d=mm&r=g","caption":"Redacci\u00f3n"},"sameAs":["http:\/\/nuevodigitaldeescobar.com.ar"],"url":"https:\/\/nuevodigitaldeescobar.com.ar\/?author=1"}]}},"featured_image_urls":{"full":["https:\/\/nuevodigitaldeescobar.com.ar\/wp-content\/uploads\/2025\/08\/84716350_2229089380732779_8794847550411636736_n-e1755488462808.jpg",768,820,false],"thumbnail":["https:\/\/nuevodigitaldeescobar.com.ar\/wp-content\/uploads\/2025\/08\/84716350_2229089380732779_8794847550411636736_n-e1755488462808-150x150.jpg",150,150,true],"medium":["https:\/\/nuevodigitaldeescobar.com.ar\/wp-content\/uploads\/2025\/08\/84716350_2229089380732779_8794847550411636736_n-e1755488462808-281x300.jpg",281,300,true],"medium_large":["https:\/\/nuevodigitaldeescobar.com.ar\/wp-content\/uploads\/2025\/08\/84716350_2229089380732779_8794847550411636736_n-e1755488462808.jpg",640,683,false],"large":["https:\/\/nuevodigitaldeescobar.com.ar\/wp-content\/uploads\/2025\/08\/84716350_2229089380732779_8794847550411636736_n-e1755488462808.jpg",640,683,false],"1536x1536":["https:\/\/nuevodigitaldeescobar.com.ar\/wp-content\/uploads\/2025\/08\/84716350_2229089380732779_8794847550411636736_n-e1755488462808.jpg",768,820,false],"2048x2048":["https:\/\/nuevodigitaldeescobar.com.ar\/wp-content\/uploads\/2025\/08\/84716350_2229089380732779_8794847550411636736_n-e1755488462808.jpg",768,820,false]},"author_info":{"display_name":"Redacci\u00f3n","author_link":"https:\/\/nuevodigitaldeescobar.com.ar\/?author=1"},"category_info":"<a href=\"https:\/\/nuevodigitaldeescobar.com.ar\/?cat=7\" rel=\"category\">Inter\u00e9s general<\/a>","tag_info":"Inter\u00e9s general","comment_count":"0","_links":{"self":[{"href":"https:\/\/nuevodigitaldeescobar.com.ar\/index.php?rest_route=\/wp\/v2\/posts\/17323","targetHints":{"allow":["GET"]}}],"collection":[{"href":"https:\/\/nuevodigitaldeescobar.com.ar\/index.php?rest_route=\/wp\/v2\/posts"}],"about":[{"href":"https:\/\/nuevodigitaldeescobar.com.ar\/index.php?rest_route=\/wp\/v2\/types\/post"}],"author":[{"embeddable":true,"href":"https:\/\/nuevodigitaldeescobar.com.ar\/index.php?rest_route=\/wp\/v2\/users\/1"}],"replies":[{"embeddable":true,"href":"https:\/\/nuevodigitaldeescobar.com.ar\/index.php?rest_route=%2Fwp%2Fv2%2Fcomments&post=17323"}],"version-history":[{"count":2,"href":"https:\/\/nuevodigitaldeescobar.com.ar\/index.php?rest_route=\/wp\/v2\/posts\/17323\/revisions"}],"predecessor-version":[{"id":17339,"href":"https:\/\/nuevodigitaldeescobar.com.ar\/index.php?rest_route=\/wp\/v2\/posts\/17323\/revisions\/17339"}],"wp:featuredmedia":[{"embeddable":true,"href":"https:\/\/nuevodigitaldeescobar.com.ar\/index.php?rest_route=\/wp\/v2\/media\/17324"}],"wp:attachment":[{"href":"https:\/\/nuevodigitaldeescobar.com.ar\/index.php?rest_route=%2Fwp%2Fv2%2Fmedia&parent=17323"}],"wp:term":[{"taxonomy":"category","embeddable":true,"href":"https:\/\/nuevodigitaldeescobar.com.ar\/index.php?rest_route=%2Fwp%2Fv2%2Fcategories&post=17323"},{"taxonomy":"post_tag","embeddable":true,"href":"https:\/\/nuevodigitaldeescobar.com.ar\/index.php?rest_route=%2Fwp%2Fv2%2Ftags&post=17323"}],"curies":[{"name":"wp","href":"https:\/\/api.w.org\/{rel}","templated":true}]}}