{"id":17327,"date":"2025-08-18T00:43:52","date_gmt":"2025-08-18T03:43:52","guid":{"rendered":"https:\/\/nuevodigitaldeescobar.com.ar\/?p=17327"},"modified":"2025-08-18T00:52:16","modified_gmt":"2025-08-18T03:52:16","slug":"cierre-de-listas-2025-quienes-son-los-candidatos-a-senadores-y-diputados-en-todo-el-pais","status":"publish","type":"post","link":"https:\/\/nuevodigitaldeescobar.com.ar\/?p=17327","title":{"rendered":"Cierre de listas 2025: qui\u00e9nes son los candidatos a senadores y diputados en todo el pa\u00eds"},"content":{"rendered":"\n<p class=\"has-vivid-cyan-blue-color has-text-color has-link-color wp-elements-b2ef79c386812dd591a52bb113ce5a07\"><strong><em>Con el cierre formal de listas, las principales fuerzas pol\u00edticas ya confirmaron sus candidatos para las elecciones legislativas del pr\u00f3ximo 26 de octubre, en las que estar\u00e1n en juego 127 bancas de Diputados y 24 del Senado.<\/em><\/strong><\/p>\n\n\n\n<!--more-->\n\n\n\n<p>Los distritos que renovar\u00e1n senadores son: <strong>R\u00edo Negro, Salta, Neuqu\u00e9n, Tierra del Fuego, Santiago del Estero, Entre R\u00edos, Chaco y Ciudad de Buenos Aires<\/strong>.<\/p>\n\n\n\n<p>A continuaci\u00f3n, un repaso <strong>provincia por provincia<\/strong> con los nombres confirmados:<\/p>\n\n\n\n<hr class=\"wp-block-separator has-alpha-channel-opacity\"\/>\n\n\n\n<h3 class=\"wp-block-heading\">\ud83d\udccc Ciudad de Buenos Aires<\/h3>\n\n\n\n<ul class=\"wp-block-list\">\n<li><strong>La Libertad Avanza<\/strong>:\n<ul class=\"wp-block-list\">\n<li>Senado: Patricia Bullrich, Agust\u00edn Monteverde, Pilar Ram\u00edrez.<\/li>\n\n\n\n<li>Diputados: Alejandro Fargosi, Patricia Holzman, Nicol\u00e1s Emma, Sabrina Ajmechet.<\/li>\n<\/ul>\n<\/li>\n\n\n\n<li><strong>Peronismo Unido<\/strong>:\n<ul class=\"wp-block-list\">\n<li>Senado: Mariano Recalde, Ana Arias.<\/li>\n\n\n\n<li>Diputados: Itai Hagman, Kelly Olmos, Santiago Roberto, Luc\u00eda C\u00e1mpora.<\/li>\n<\/ul>\n<\/li>\n\n\n\n<li><strong>Otras fuerzas<\/strong>:\n<ul class=\"wp-block-list\">\n<li>Ciudadanos Unidos: Graciela Oca\u00f1a (Senado), Mart\u00edn Lousteau (Diputados).<\/li>\n\n\n\n<li>Coalici\u00f3n C\u00edvica: Marcela Campagnoli (Senado), Hern\u00e1n Reyes (Diputados).<\/li>\n\n\n\n<li>Frente de Izquierda: Christian Castillo (Senado), Myriam Bregman (Diputados).<\/li>\n\n\n\n<li>UCEDE: Diego Guelar.<\/li>\n\n\n\n<li>Nuevo M\u00e1s: H\u00e9ctor Heberling (Senado), Federico Winokur (Diputados).<\/li>\n<\/ul>\n<\/li>\n<\/ul>\n\n\n\n<hr class=\"wp-block-separator has-alpha-channel-opacity\"\/>\n\n\n\n<h3 class=\"wp-block-heading\">\ud83d\udccc Provincia de Buenos Aires<\/h3>\n\n\n\n<ul class=\"wp-block-list\">\n<li><strong>Oficialismo (LLA)<\/strong>: Jos\u00e9 Luis Espert (Diputado), Karen Reichardt, Diego Santilli, Gladys Humenuk.<\/li>\n\n\n\n<li><strong>Peronismo<\/strong>: Jorge Taiana (Senado), Jimena L\u00f3pez, Juan Grabois, Vanesa Siley, Sergio Palazzo, Horacio Pietragalla.<\/li>\n\n\n\n<li><strong>Otras fuerzas<\/strong>:\n<ul class=\"wp-block-list\">\n<li>Provincias Unidas: Florencio Randazzo.<\/li>\n\n\n\n<li>Potencia: Mar\u00eda Eugenia Talerico.<\/li>\n\n\n\n<li>FIT: Nicol\u00e1s Del Ca\u00f1o.<\/li>\n\n\n\n<li>Nuevo M\u00e1s: Manuela Casta\u00f1eira.<\/li>\n\n\n\n<li>Santiago C\u00faneo con Ra\u00fal Biaggioni (Larry de Clay).<\/li>\n\n\n\n<li>Uni\u00f3n Liberal: Roberto Cachanosky.<\/li>\n<\/ul>\n<\/li>\n<\/ul>\n\n\n\n<hr class=\"wp-block-separator has-alpha-channel-opacity\"\/>\n\n\n\n<h3 class=\"wp-block-heading\">\ud83d\udccc C\u00f3rdoba<\/h3>\n\n\n\n<ul class=\"wp-block-list\">\n<li><strong>Provincias Unidas<\/strong>: Juan Schiaretti, Carolina Basualdo, Miguel Siciliano.<\/li>\n\n\n\n<li><strong>LLA<\/strong>: Gonzalo Roca.<\/li>\n\n\n\n<li><strong>Otros<\/strong>: Natalia de la Sota (Defendamos C\u00f3rdoba), Ram\u00f3n Mestre (UCR), Liliana Olivero (FIT).<\/li>\n<\/ul>\n\n\n\n<hr class=\"wp-block-separator has-alpha-channel-opacity\"\/>\n\n\n\n<h3 class=\"wp-block-heading\">\ud83d\udccc Santa Fe<\/h3>\n\n\n\n<ul class=\"wp-block-list\">\n<li><strong>LLA<\/strong>: Agust\u00edn Pellegrini.<\/li>\n\n\n\n<li><strong>Peronismo<\/strong>: Caren Tepp, Agust\u00edn Rossi.<\/li>\n\n\n\n<li><strong>Provincias Unidas<\/strong>: Gisela Scaglia.<\/li>\n\n\n\n<li><strong>FIT<\/strong>: Franco Casasola.<\/li>\n<\/ul>\n\n\n\n<hr class=\"wp-block-separator has-alpha-channel-opacity\"\/>\n\n\n\n<h3 class=\"wp-block-heading\">\ud83d\udccc Chaco<\/h3>\n\n\n\n<ul class=\"wp-block-list\">\n<li><strong>Fuerza Patria<\/strong>: Jorge Capitanich (Senado), Sergio Dolce (Diputados).<\/li>\n\n\n\n<li><strong>LLA<\/strong>: Juan Cruz Godoy, Silvana Schneider (Senado); Mercedes Goit\u00eda, Guillermo Ag\u00fcero (Diputados).<\/li>\n<\/ul>\n\n\n\n<hr class=\"wp-block-separator has-alpha-channel-opacity\"\/>\n\n\n\n<h3 class=\"wp-block-heading\">\ud83d\udccc Entre R\u00edos<\/h3>\n\n\n\n<ul class=\"wp-block-list\">\n<li><strong>LLA<\/strong>: Joaqu\u00edn Benegas Lynch, Romina Almeida (Senado); Andr\u00e9s Laumann, Alicia Fregonese (Diputados).<\/li>\n\n\n\n<li><strong>Fuerza Patria<\/strong>: Ad\u00e1n Bahl (Senado), Guillermo Michel (Diputados).<\/li>\n<\/ul>\n\n\n\n<hr class=\"wp-block-separator has-alpha-channel-opacity\"\/>\n\n\n\n<h3 class=\"wp-block-heading\">\ud83d\udccc Patagonia (resumen)<\/h3>\n\n\n\n<figure class=\"wp-block-table\"><table class=\"has-fixed-layout\"><thead><tr><th>Provincia<\/th><th>Senadores principales<\/th><th>Diputados principales<\/th><\/tr><\/thead><tbody><tr><td><strong>R\u00edo Negro<\/strong><\/td><td>Lorena Villaverde (LLA), Mart\u00edn Soria (Fuerza Patria)<\/td><td>An\u00edbal Tortoriello (LLA)<\/td><\/tr><tr><td><strong>Neuqu\u00e9n<\/strong><\/td><td>Nadia M\u00e1rquez (LLA), Silvia Sapag (Peronismo)<\/td><td>Gast\u00f3n Riesco (LLA), Beatriz Gentile (PJ)<\/td><\/tr><tr><td><strong>Tierra del Fuego<\/strong><\/td><td>Agust\u00edn Coto (LLA), Pablo Blanco (Provincias Unidas)<\/td><td>Miguel Rodr\u00edguez (LLA), Agust\u00edn Tita (Fuerza Patria)<\/td><\/tr><tr><td><strong>Chubut<\/strong><\/td><td>Ana Clara Romero (Despierta Chubut), Maira Fr\u00edas (LLA)<\/td><td>Juan Pablo Luque (Unidos Podemos)<\/td><\/tr><\/tbody><\/table><\/figure>\n\n\n\n<hr class=\"wp-block-separator has-alpha-channel-opacity\"\/>\n\n\n\n<h3 class=\"wp-block-heading\">\ud83d\udccc Otras provincias destacadas<\/h3>\n\n\n\n<ul class=\"wp-block-list\">\n<li><strong>Mendoza<\/strong>: Luis Petri (LLA), Emir F\u00e9lix (PJ), Jorge Difonso (Provincias Unidas).<\/li>\n\n\n\n<li><strong>San Luis<\/strong>: M\u00f3nica Becerra (LLA), Jorge \u201cGato\u201d Fern\u00e1ndez (PJ).<\/li>\n\n\n\n<li><strong>Tucum\u00e1n<\/strong>: Osvaldo Jaldo (Frente Tucum\u00e1n Primero), Federico Pelli (LLA).<\/li>\n\n\n\n<li><strong>Santa Cruz<\/strong>: Juan Carlos Molina (PJ), Jairo Henoch Guzm\u00e1n (LLA).<\/li>\n<\/ul>\n\n\n\n<hr class=\"wp-block-separator has-alpha-channel-opacity\"\/>\n\n\n\n<p><em>Con el tablero electoral definido, el camino hacia las elecciones legislativas ya est\u00e1 en marcha. Los pr\u00f3ximos meses ser\u00e1n clave para conocer c\u00f3mo se reconfigurar\u00e1 el Congreso a partir de diciembre.<\/em><\/p>\n","protected":false},"excerpt":{"rendered":"<p>Con el cierre formal de listas, las principales fuerzas pol\u00edticas ya confirmaron sus candidatos para las elecciones legislativas del pr\u00f3ximo 26 de octubre, en las [&hellip;]<\/p>\n","protected":false},"author":1,"featured_media":17328,"comment_status":"open","ping_status":"open","sticky":false,"template":"","format":"standard","meta":{"footnotes":""},"categories":[6],"tags":[],"class_list":["post-17327","post","type-post","status-publish","format-standard","has-post-thumbnail","hentry","category-politica"],"better_featured_image":{"id":17328,"alt_text":"","caption":"","description":"","media_type":"image","media_details":{"width":764,"height":511,"file":"2025\/08\/cierrelistas.png","filesize":427500,"sizes":{"medium":{"file":"cierrelistas-300x201.png","width":300,"height":201,"mime-type":"image\/png","filesize":42687,"source_url":"https:\/\/nuevodigitaldeescobar.com.ar\/wp-content\/uploads\/2025\/08\/cierrelistas-300x201.png"},"thumbnail":{"file":"cierrelistas-150x150.png","width":150,"height":150,"mime-type":"image\/png","filesize":18684,"source_url":"https:\/\/nuevodigitaldeescobar.com.ar\/wp-content\/uploads\/2025\/08\/cierrelistas-150x150.png"}},"image_meta":{"aperture":"0","credit":"","camera":"","caption":"","created_timestamp":"0","copyright":"","focal_length":"0","iso":"0","shutter_speed":"0","title":"","orientation":"0","keywords":[]}},"post":17327,"source_url":"https:\/\/nuevodigitaldeescobar.com.ar\/wp-content\/uploads\/2025\/08\/cierrelistas.png"},"yoast_head":"<!-- This site is optimized with the Yoast SEO plugin v26.1.1 - https:\/\/yoast.com\/wordpress\/plugins\/seo\/ -->\n<title>Cierre de listas 2025: qui\u00e9nes son los candidatos a senadores y diputados en todo el pa\u00eds - Nuevo Digital de Escobar<\/title>\n<meta name=\"robots\" content=\"index, follow, max-snippet:-1, max-image-preview:large, max-video-preview:-1\" \/>\n<link rel=\"canonical\" href=\"https:\/\/nuevodigitaldeescobar.com.ar\/?p=17327\" \/>\n<meta property=\"og:locale\" content=\"es_ES\" \/>\n<meta property=\"og:type\" content=\"article\" \/>\n<meta property=\"og:title\" content=\"Cierre de listas 2025: qui\u00e9nes son los candidatos a senadores y diputados en todo el pa\u00eds - Nuevo Digital de Escobar\" \/>\n<meta property=\"og:description\" content=\"Con el cierre formal de listas, las principales fuerzas pol\u00edticas ya confirmaron sus candidatos para las elecciones legislativas del pr\u00f3ximo 26 de octubre, en las [&hellip;]\" \/>\n<meta property=\"og:url\" content=\"https:\/\/nuevodigitaldeescobar.com.ar\/?p=17327\" \/>\n<meta property=\"og:site_name\" content=\"Nuevo Digital de Escobar\" \/>\n<meta property=\"article:publisher\" content=\"https:\/\/www.facebook.com\/NUEVODigitalDeEscobar\" \/>\n<meta property=\"article:published_time\" content=\"2025-08-18T03:43:52+00:00\" \/>\n<meta property=\"article:modified_time\" content=\"2025-08-18T03:52:16+00:00\" \/>\n<meta property=\"og:image\" content=\"http:\/\/nuevodigitaldeescobar.com.ar\/wp-content\/uploads\/2025\/08\/cierrelistas.png\" \/>\n\t<meta property=\"og:image:width\" content=\"764\" \/>\n\t<meta property=\"og:image:height\" content=\"511\" \/>\n\t<meta property=\"og:image:type\" content=\"image\/png\" \/>\n<meta name=\"author\" content=\"Redacci\u00f3n\" \/>\n<meta name=\"twitter:card\" content=\"summary_large_image\" \/>\n<meta name=\"twitter:creator\" content=\"@nuevodigescobar\" \/>\n<meta name=\"twitter:site\" content=\"@nuevodigescobar\" \/>\n<meta name=\"twitter:label1\" content=\"Escrito por\" \/>\n\t<meta name=\"twitter:data1\" content=\"Redacci\u00f3n\" \/>\n\t<meta name=\"twitter:label2\" content=\"Tiempo de lectura\" \/>\n\t<meta name=\"twitter:data2\" content=\"3 minutos\" \/>\n<script type=\"application\/ld+json\" class=\"yoast-schema-graph\">{\"@context\":\"https:\/\/schema.org\",\"@graph\":[{\"@type\":\"Article\",\"@id\":\"https:\/\/nuevodigitaldeescobar.com.ar\/?p=17327#article\",\"isPartOf\":{\"@id\":\"https:\/\/nuevodigitaldeescobar.com.ar\/?p=17327\"},\"author\":{\"name\":\"Redacci\u00f3n\",\"@id\":\"https:\/\/nuevodigitaldeescobar.com.ar\/#\/schema\/person\/035e90a8efe9a80e6eec22656ad6ea4c\"},\"headline\":\"Cierre de listas 2025: qui\u00e9nes son los candidatos a senadores y diputados en todo el pa\u00eds\",\"datePublished\":\"2025-08-18T03:43:52+00:00\",\"dateModified\":\"2025-08-18T03:52:16+00:00\",\"mainEntityOfPage\":{\"@id\":\"https:\/\/nuevodigitaldeescobar.com.ar\/?p=17327\"},\"wordCount\":503,\"commentCount\":0,\"publisher\":{\"@id\":\"https:\/\/nuevodigitaldeescobar.com.ar\/#organization\"},\"image\":{\"@id\":\"https:\/\/nuevodigitaldeescobar.com.ar\/?p=17327#primaryimage\"},\"thumbnailUrl\":\"https:\/\/nuevodigitaldeescobar.com.ar\/wp-content\/uploads\/2025\/08\/cierrelistas.png\",\"articleSection\":[\"Pol\u00edtica\"],\"inLanguage\":\"es\",\"potentialAction\":[{\"@type\":\"CommentAction\",\"name\":\"Comment\",\"target\":[\"https:\/\/nuevodigitaldeescobar.com.ar\/?p=17327#respond\"]}]},{\"@type\":\"WebPage\",\"@id\":\"https:\/\/nuevodigitaldeescobar.com.ar\/?p=17327\",\"url\":\"https:\/\/nuevodigitaldeescobar.com.ar\/?p=17327\",\"name\":\"Cierre de listas 2025: qui\u00e9nes son los candidatos a senadores y diputados en todo el pa\u00eds - Nuevo Digital de Escobar\",\"isPartOf\":{\"@id\":\"https:\/\/nuevodigitaldeescobar.com.ar\/#website\"},\"primaryImageOfPage\":{\"@id\":\"https:\/\/nuevodigitaldeescobar.com.ar\/?p=17327#primaryimage\"},\"image\":{\"@id\":\"https:\/\/nuevodigitaldeescobar.com.ar\/?p=17327#primaryimage\"},\"thumbnailUrl\":\"https:\/\/nuevodigitaldeescobar.com.ar\/wp-content\/uploads\/2025\/08\/cierrelistas.png\",\"datePublished\":\"2025-08-18T03:43:52+00:00\",\"dateModified\":\"2025-08-18T03:52:16+00:00\",\"breadcrumb\":{\"@id\":\"https:\/\/nuevodigitaldeescobar.com.ar\/?p=17327#breadcrumb\"},\"inLanguage\":\"es\",\"potentialAction\":[{\"@type\":\"ReadAction\",\"target\":[\"https:\/\/nuevodigitaldeescobar.com.ar\/?p=17327\"]}]},{\"@type\":\"ImageObject\",\"inLanguage\":\"es\",\"@id\":\"https:\/\/nuevodigitaldeescobar.com.ar\/?p=17327#primaryimage\",\"url\":\"https:\/\/nuevodigitaldeescobar.com.ar\/wp-content\/uploads\/2025\/08\/cierrelistas.png\",\"contentUrl\":\"https:\/\/nuevodigitaldeescobar.com.ar\/wp-content\/uploads\/2025\/08\/cierrelistas.png\",\"width\":764,\"height\":511},{\"@type\":\"BreadcrumbList\",\"@id\":\"https:\/\/nuevodigitaldeescobar.com.ar\/?p=17327#breadcrumb\",\"itemListElement\":[{\"@type\":\"ListItem\",\"position\":1,\"name\":\"Portada\",\"item\":\"https:\/\/nuevodigitaldeescobar.com.ar\/\"},{\"@type\":\"ListItem\",\"position\":2,\"name\":\"Cierre de listas 2025: qui\u00e9nes son los candidatos a senadores y diputados en todo el pa\u00eds\"}]},{\"@type\":\"WebSite\",\"@id\":\"https:\/\/nuevodigitaldeescobar.com.ar\/#website\",\"url\":\"https:\/\/nuevodigitaldeescobar.com.ar\/\",\"name\":\"Nuevo Digital de Escobar\",\"description\":\"La vida escobarense. Directora: Rosana Brunner\",\"publisher\":{\"@id\":\"https:\/\/nuevodigitaldeescobar.com.ar\/#organization\"},\"potentialAction\":[{\"@type\":\"SearchAction\",\"target\":{\"@type\":\"EntryPoint\",\"urlTemplate\":\"https:\/\/nuevodigitaldeescobar.com.ar\/?s={search_term_string}\"},\"query-input\":{\"@type\":\"PropertyValueSpecification\",\"valueRequired\":true,\"valueName\":\"search_term_string\"}}],\"inLanguage\":\"es\"},{\"@type\":\"Organization\",\"@id\":\"https:\/\/nuevodigitaldeescobar.com.ar\/#organization\",\"name\":\"Nuevo Digital de Escobar\",\"url\":\"https:\/\/nuevodigitaldeescobar.com.ar\/\",\"logo\":{\"@type\":\"ImageObject\",\"inLanguage\":\"es\",\"@id\":\"https:\/\/nuevodigitaldeescobar.com.ar\/#\/schema\/logo\/image\/\",\"url\":\"https:\/\/nuevodigitaldeescobar.com.ar\/wp-content\/uploads\/2025\/05\/cropped-logo-nuevo2.jpg\",\"contentUrl\":\"https:\/\/nuevodigitaldeescobar.com.ar\/wp-content\/uploads\/2025\/05\/cropped-logo-nuevo2.jpg\",\"width\":305,\"height\":305,\"caption\":\"Nuevo Digital de Escobar\"},\"image\":{\"@id\":\"https:\/\/nuevodigitaldeescobar.com.ar\/#\/schema\/logo\/image\/\"},\"sameAs\":[\"https:\/\/www.facebook.com\/NUEVODigitalDeEscobar\",\"https:\/\/x.com\/nuevodigescobar\",\"https:\/\/www.instagram.com\/nuevodigitaldeescobar\"]},{\"@type\":\"Person\",\"@id\":\"https:\/\/nuevodigitaldeescobar.com.ar\/#\/schema\/person\/035e90a8efe9a80e6eec22656ad6ea4c\",\"name\":\"Redacci\u00f3n\",\"image\":{\"@type\":\"ImageObject\",\"inLanguage\":\"es\",\"@id\":\"https:\/\/nuevodigitaldeescobar.com.ar\/#\/schema\/person\/image\/\",\"url\":\"https:\/\/secure.gravatar.com\/avatar\/8af8f40000c24e9eef3034f2be5998a372bb1389e64b1a4a36b3a7979142220d?s=96&d=mm&r=g\",\"contentUrl\":\"https:\/\/secure.gravatar.com\/avatar\/8af8f40000c24e9eef3034f2be5998a372bb1389e64b1a4a36b3a7979142220d?s=96&d=mm&r=g\",\"caption\":\"Redacci\u00f3n\"},\"sameAs\":[\"http:\/\/nuevodigitaldeescobar.com.ar\"],\"url\":\"https:\/\/nuevodigitaldeescobar.com.ar\/?author=1\"}]}<\/script>\n<!-- \/ Yoast SEO plugin. -->","yoast_head_json":{"title":"Cierre de listas 2025: qui\u00e9nes son los candidatos a senadores y diputados en todo el pa\u00eds - Nuevo Digital de Escobar","robots":{"index":"index","follow":"follow","max-snippet":"max-snippet:-1","max-image-preview":"max-image-preview:large","max-video-preview":"max-video-preview:-1"},"canonical":"https:\/\/nuevodigitaldeescobar.com.ar\/?p=17327","og_locale":"es_ES","og_type":"article","og_title":"Cierre de listas 2025: qui\u00e9nes son los candidatos a senadores y diputados en todo el pa\u00eds - Nuevo Digital de Escobar","og_description":"Con el cierre formal de listas, las principales fuerzas pol\u00edticas ya confirmaron sus candidatos para las elecciones legislativas del pr\u00f3ximo 26 de octubre, en las [&hellip;]","og_url":"https:\/\/nuevodigitaldeescobar.com.ar\/?p=17327","og_site_name":"Nuevo Digital de Escobar","article_publisher":"https:\/\/www.facebook.com\/NUEVODigitalDeEscobar","article_published_time":"2025-08-18T03:43:52+00:00","article_modified_time":"2025-08-18T03:52:16+00:00","og_image":[{"width":764,"height":511,"url":"http:\/\/nuevodigitaldeescobar.com.ar\/wp-content\/uploads\/2025\/08\/cierrelistas.png","type":"image\/png"}],"author":"Redacci\u00f3n","twitter_card":"summary_large_image","twitter_creator":"@nuevodigescobar","twitter_site":"@nuevodigescobar","twitter_misc":{"Escrito por":"Redacci\u00f3n","Tiempo de lectura":"3 minutos"},"schema":{"@context":"https:\/\/schema.org","@graph":[{"@type":"Article","@id":"https:\/\/nuevodigitaldeescobar.com.ar\/?p=17327#article","isPartOf":{"@id":"https:\/\/nuevodigitaldeescobar.com.ar\/?p=17327"},"author":{"name":"Redacci\u00f3n","@id":"https:\/\/nuevodigitaldeescobar.com.ar\/#\/schema\/person\/035e90a8efe9a80e6eec22656ad6ea4c"},"headline":"Cierre de listas 2025: qui\u00e9nes son los candidatos a senadores y diputados en todo el pa\u00eds","datePublished":"2025-08-18T03:43:52+00:00","dateModified":"2025-08-18T03:52:16+00:00","mainEntityOfPage":{"@id":"https:\/\/nuevodigitaldeescobar.com.ar\/?p=17327"},"wordCount":503,"commentCount":0,"publisher":{"@id":"https:\/\/nuevodigitaldeescobar.com.ar\/#organization"},"image":{"@id":"https:\/\/nuevodigitaldeescobar.com.ar\/?p=17327#primaryimage"},"thumbnailUrl":"https:\/\/nuevodigitaldeescobar.com.ar\/wp-content\/uploads\/2025\/08\/cierrelistas.png","articleSection":["Pol\u00edtica"],"inLanguage":"es","potentialAction":[{"@type":"CommentAction","name":"Comment","target":["https:\/\/nuevodigitaldeescobar.com.ar\/?p=17327#respond"]}]},{"@type":"WebPage","@id":"https:\/\/nuevodigitaldeescobar.com.ar\/?p=17327","url":"https:\/\/nuevodigitaldeescobar.com.ar\/?p=17327","name":"Cierre de listas 2025: qui\u00e9nes son los candidatos a senadores y diputados en todo el pa\u00eds - Nuevo Digital de Escobar","isPartOf":{"@id":"https:\/\/nuevodigitaldeescobar.com.ar\/#website"},"primaryImageOfPage":{"@id":"https:\/\/nuevodigitaldeescobar.com.ar\/?p=17327#primaryimage"},"image":{"@id":"https:\/\/nuevodigitaldeescobar.com.ar\/?p=17327#primaryimage"},"thumbnailUrl":"https:\/\/nuevodigitaldeescobar.com.ar\/wp-content\/uploads\/2025\/08\/cierrelistas.png","datePublished":"2025-08-18T03:43:52+00:00","dateModified":"2025-08-18T03:52:16+00:00","breadcrumb":{"@id":"https:\/\/nuevodigitaldeescobar.com.ar\/?p=17327#breadcrumb"},"inLanguage":"es","potentialAction":[{"@type":"ReadAction","target":["https:\/\/nuevodigitaldeescobar.com.ar\/?p=17327"]}]},{"@type":"ImageObject","inLanguage":"es","@id":"https:\/\/nuevodigitaldeescobar.com.ar\/?p=17327#primaryimage","url":"https:\/\/nuevodigitaldeescobar.com.ar\/wp-content\/uploads\/2025\/08\/cierrelistas.png","contentUrl":"https:\/\/nuevodigitaldeescobar.com.ar\/wp-content\/uploads\/2025\/08\/cierrelistas.png","width":764,"height":511},{"@type":"BreadcrumbList","@id":"https:\/\/nuevodigitaldeescobar.com.ar\/?p=17327#breadcrumb","itemListElement":[{"@type":"ListItem","position":1,"name":"Portada","item":"https:\/\/nuevodigitaldeescobar.com.ar\/"},{"@type":"ListItem","position":2,"name":"Cierre de listas 2025: qui\u00e9nes son los candidatos a senadores y diputados en todo el pa\u00eds"}]},{"@type":"WebSite","@id":"https:\/\/nuevodigitaldeescobar.com.ar\/#website","url":"https:\/\/nuevodigitaldeescobar.com.ar\/","name":"Nuevo Digital de Escobar","description":"La vida escobarense. Directora: Rosana Brunner","publisher":{"@id":"https:\/\/nuevodigitaldeescobar.com.ar\/#organization"},"potentialAction":[{"@type":"SearchAction","target":{"@type":"EntryPoint","urlTemplate":"https:\/\/nuevodigitaldeescobar.com.ar\/?s={search_term_string}"},"query-input":{"@type":"PropertyValueSpecification","valueRequired":true,"valueName":"search_term_string"}}],"inLanguage":"es"},{"@type":"Organization","@id":"https:\/\/nuevodigitaldeescobar.com.ar\/#organization","name":"Nuevo Digital de Escobar","url":"https:\/\/nuevodigitaldeescobar.com.ar\/","logo":{"@type":"ImageObject","inLanguage":"es","@id":"https:\/\/nuevodigitaldeescobar.com.ar\/#\/schema\/logo\/image\/","url":"https:\/\/nuevodigitaldeescobar.com.ar\/wp-content\/uploads\/2025\/05\/cropped-logo-nuevo2.jpg","contentUrl":"https:\/\/nuevodigitaldeescobar.com.ar\/wp-content\/uploads\/2025\/05\/cropped-logo-nuevo2.jpg","width":305,"height":305,"caption":"Nuevo Digital de Escobar"},"image":{"@id":"https:\/\/nuevodigitaldeescobar.com.ar\/#\/schema\/logo\/image\/"},"sameAs":["https:\/\/www.facebook.com\/NUEVODigitalDeEscobar","https:\/\/x.com\/nuevodigescobar","https:\/\/www.instagram.com\/nuevodigitaldeescobar"]},{"@type":"Person","@id":"https:\/\/nuevodigitaldeescobar.com.ar\/#\/schema\/person\/035e90a8efe9a80e6eec22656ad6ea4c","name":"Redacci\u00f3n","image":{"@type":"ImageObject","inLanguage":"es","@id":"https:\/\/nuevodigitaldeescobar.com.ar\/#\/schema\/person\/image\/","url":"https:\/\/secure.gravatar.com\/avatar\/8af8f40000c24e9eef3034f2be5998a372bb1389e64b1a4a36b3a7979142220d?s=96&d=mm&r=g","contentUrl":"https:\/\/secure.gravatar.com\/avatar\/8af8f40000c24e9eef3034f2be5998a372bb1389e64b1a4a36b3a7979142220d?s=96&d=mm&r=g","caption":"Redacci\u00f3n"},"sameAs":["http:\/\/nuevodigitaldeescobar.com.ar"],"url":"https:\/\/nuevodigitaldeescobar.com.ar\/?author=1"}]}},"featured_image_urls":{"full":["https:\/\/nuevodigitaldeescobar.com.ar\/wp-content\/uploads\/2025\/08\/cierrelistas.png",764,511,false],"thumbnail":["https:\/\/nuevodigitaldeescobar.com.ar\/wp-content\/uploads\/2025\/08\/cierrelistas-150x150.png",150,150,true],"medium":["https:\/\/nuevodigitaldeescobar.com.ar\/wp-content\/uploads\/2025\/08\/cierrelistas-300x201.png",300,201,true],"medium_large":["https:\/\/nuevodigitaldeescobar.com.ar\/wp-content\/uploads\/2025\/08\/cierrelistas.png",640,428,false],"large":["https:\/\/nuevodigitaldeescobar.com.ar\/wp-content\/uploads\/2025\/08\/cierrelistas.png",640,428,false],"1536x1536":["https:\/\/nuevodigitaldeescobar.com.ar\/wp-content\/uploads\/2025\/08\/cierrelistas.png",764,511,false],"2048x2048":["https:\/\/nuevodigitaldeescobar.com.ar\/wp-content\/uploads\/2025\/08\/cierrelistas.png",764,511,false]},"author_info":{"display_name":"Redacci\u00f3n","author_link":"https:\/\/nuevodigitaldeescobar.com.ar\/?author=1"},"category_info":"<a href=\"https:\/\/nuevodigitaldeescobar.com.ar\/?cat=6\" rel=\"category\">Pol\u00edtica<\/a>","tag_info":"Pol\u00edtica","comment_count":"0","_links":{"self":[{"href":"https:\/\/nuevodigitaldeescobar.com.ar\/index.php?rest_route=\/wp\/v2\/posts\/17327","targetHints":{"allow":["GET"]}}],"collection":[{"href":"https:\/\/nuevodigitaldeescobar.com.ar\/index.php?rest_route=\/wp\/v2\/posts"}],"about":[{"href":"https:\/\/nuevodigitaldeescobar.com.ar\/index.php?rest_route=\/wp\/v2\/types\/post"}],"author":[{"embeddable":true,"href":"https:\/\/nuevodigitaldeescobar.com.ar\/index.php?rest_route=\/wp\/v2\/users\/1"}],"replies":[{"embeddable":true,"href":"https:\/\/nuevodigitaldeescobar.com.ar\/index.php?rest_route=%2Fwp%2Fv2%2Fcomments&post=17327"}],"version-history":[{"count":1,"href":"https:\/\/nuevodigitaldeescobar.com.ar\/index.php?rest_route=\/wp\/v2\/posts\/17327\/revisions"}],"predecessor-version":[{"id":17329,"href":"https:\/\/nuevodigitaldeescobar.com.ar\/index.php?rest_route=\/wp\/v2\/posts\/17327\/revisions\/17329"}],"wp:featuredmedia":[{"embeddable":true,"href":"https:\/\/nuevodigitaldeescobar.com.ar\/index.php?rest_route=\/wp\/v2\/media\/17328"}],"wp:attachment":[{"href":"https:\/\/nuevodigitaldeescobar.com.ar\/index.php?rest_route=%2Fwp%2Fv2%2Fmedia&parent=17327"}],"wp:term":[{"taxonomy":"category","embeddable":true,"href":"https:\/\/nuevodigitaldeescobar.com.ar\/index.php?rest_route=%2Fwp%2Fv2%2Fcategories&post=17327"},{"taxonomy":"post_tag","embeddable":true,"href":"https:\/\/nuevodigitaldeescobar.com.ar\/index.php?rest_route=%2Fwp%2Fv2%2Ftags&post=17327"}],"curies":[{"name":"wp","href":"https:\/\/api.w.org\/{rel}","templated":true}]}}