{"id":17364,"date":"2025-08-18T23:21:02","date_gmt":"2025-08-19T02:21:02","guid":{"rendered":"https:\/\/nuevodigitaldeescobar.com.ar\/?p=17364"},"modified":"2025-08-18T23:21:02","modified_gmt":"2025-08-19T02:21:02","slug":"despues-del-record-de-publico-cordoba-quiere-otro-partido-de-los-pumas-en-2026","status":"publish","type":"post","link":"https:\/\/nuevodigitaldeescobar.com.ar\/?p=17364","title":{"rendered":"Despu\u00e9s del r\u00e9cord de p\u00fablico, C\u00f3rdoba quiere otro partido de los Pumas en 2026"},"content":{"rendered":"<p>l partido de los <a href=\"https:\/\/derechadiario.com.ar\/deportes\/agustin-pichot-sobre-los-pumas-all-blacks-cordoba-ya-no-hazana-ganarles\" title=\"Agust\u00edn Pichot sobre Los Pumas-All Blacks en C\u00f3rdoba: Ya no es una haza\u00f1a ganarles\"><strong>Pumas frente a los All Blacks por el Rugby Championship<\/strong><\/a> disputado en el estadio Mario Kempes de <a href=\"https:\/\/derechadiario.com.ar\/tags\/cordoba\" title=\"C\u00f3rdoba\"><strong>C\u00f3rdoba<\/strong>\u00a0 <\/a>registr\u00f3 un <strong>r\u00e9cord de asistencia a un partido de rugby en todo Sudam\u00e9rica.<\/strong><\/p>\n<p>Los <a href=\"https:\/\/derechadiario.com.ar\/deportes\/locura-por-los-pumas-all-blacks-partido-con-protagonistas-cordobeses\" title=\"Locura por Los Pumas-All Blacks, un partido con protagonistas cordobeses\"><strong>55.724 espectadores que presenciaron la derrota del seleccionado<\/strong><\/a> argentino \u00a0<strong>ante Nueva Zelanda por 41-24<\/strong> super\u00f3 a los 55 mil que estuvieron en el estadio de River en 2001 cuando se enfrentaron estos dos mismos rivales.<\/p>\n<p><strong>Los n\u00fameros que dej\u00f3 el partido fueron impresionantes<\/strong>\u00a0 e invitan a so\u00f1ar con la posibilidad de contar nuevamente en 2026 con un encuentro de los Pumas en territorio cordob\u00e9s.<\/p>\n<p><strong>Vale apuntar que hac\u00eda 11 a\u00f1os que los albicelestes no jugaban en la Docta.<\/strong><\/p>\n<aside class=\"are-you-interested-container-photo\"><\/aside>\n<p>Seg\u00fan la organizaci\u00f3n<strong>, el movimiento de dinero que gener\u00f3 este partido fue superior a 60 mil millones de pesos<\/strong> si se tiene en cuenta hoteler\u00eda, transporte y gastronom\u00eda.<\/p>\n<div class=\"inter_image image_horizontal\">\n<img decoding=\"async\" src=\"https:\/\/derechadiario.com.ar\/filesedc\/uploads\/image\/post\/2025\/08\/1755476108-lgwebp_1200_800.webp\" class=\"img-responsive lazyload\" alt=\"Jugadores de rugby vestidos de negro realizan la tradicional danza haka en el campo antes de un partido frente a una multitud\" title=\"Jugadores de rugby vestidos de negro realizan la tradicional danza haka en el campo antes de un partido frente a una multitud\" \/>\n<div>\n<span class=\"img_footer\">Los All Blacks vencieron a los Pumas ante una multitud en C\u00f3rdoba. <\/span>| <span class=\"img_author\">La Derecha Diario<\/span>\n<\/div>\n<\/div>\n<p>\u201c<strong>Hoteles, restaurantes y medios de transporte de la ciudad se vieron colapsados durante el fin de semana del partido<\/strong>, lo que sugiere un ingreso significativamente mayor al previsto. Se esperan los datos exactos esta semana\u201d, expres\u00f3 <strong>Rodrigo Escribano, CEO de BS Group<\/strong>, la empresa encargada de la organizaci\u00f3n del evento.<\/p>\n<h2>La posibilidad de un partido de los Pumas en C\u00f3rdoba en 2026<\/h2>\n<p>El empresario destac\u00f3 <strong>la intenci\u00f3n de volver a contar con un partido el a\u00f1o que viene.<\/strong><\/p>\n<p>\u201cNuestro proyecto como empresa era planteamos un plan a cinco a\u00f1os para C\u00f3rdoba. <strong>Est\u00e1 en nuestra intenci\u00f3n y en nuestro trabajo diario desde ya hace unos meses el objetivo de 2026\u201d<\/strong>, dijo.<\/p>\n<aside class=\"whatsappChannelText\"><a href=\"https:\/\/whatsapp.com\/channel\/0029VagEjILGE56eKjedWF2U\" rel=\"nofollow\" title=\"WhatsApp Link\"><img alt=\"Logo de WhatsApp\" class=\"lazyload\" data-src=\"\/filesedc\/uploads\/other\/whatsapp_icon_mid_article.png\" width=\"32\" height=\"32\" \/><\/a> <a href=\"https:\/\/whatsapp.com\/channel\/0029VagEjILGE56eKjedWF2U\" rel=\"nofollow\" title=\"WhatsApp Link\"><strong>NO SE PIERDAN NINGUNA NOTICIA<\/strong>: Click aqu\u00ed para sumarte <strong>GRATIS<\/strong> al canal de noticias de <strong>La Derecha Diario en WhatsApp.<\/strong><\/a><\/aside>\n<figure><img decoding=\"async\" src=\"https:\/\/derechadiario.com.ar\/filesedc\/uploads\/image\/post\/2025\/08\/whatsapp-image-2025-08-16-at-210237_1200_800.webp\" class=\"img-responsive lazyload\" alt=\"Jugadores de rugby celebran con un trofeo tras ganar el torneo The Rugby Championship, posando juntos frente a un cartel del campeonato con humo de fondo.\" title=\"Jugadores de rugby celebran con un trofeo tras ganar el torneo The Rugby Championship, posando juntos frente a un cartel del campeonato con humo de fondo.\" \/><\/figure>\n<p>Entre los factores que pueden contribuir a concretar ese anhelo, Escribano mencion\u00f3: \u201cEl acompa\u00f1amiento del Estado Provincial, que se espera sea positivo; <strong>la capacidad de la UAR (Uni\u00f3n Argentina de Rugby) para traer el partido; y la aceptaci\u00f3n del equipo extranjero rival<\/strong>. Se est\u00e1n proponiendo distintos escenarios y alternativas\u201d.<\/p>\n<p><strong>En 2026 no se disputar\u00e1 el Rugby Championship y los All Blacks no visitar\u00e1n Argentina.<\/strong><\/p>\n<figure><img decoding=\"async\" src=\"https:\/\/derechadiario.com.ar\/filesedc\/uploads\/image\/post\/2025\/08\/81480550-1_1200_800.webp\" class=\"img-responsive lazyload\" alt=\"Jugadores de rugby de dos equipos diferentes compiten por el bal\u00f3n durante un partido en el campo\" title=\"Jugadores de rugby de dos equipos diferentes compiten por el bal\u00f3n durante un partido en el campo\" \/><\/figure>\n<p>Pero <strong>s\u00ed lo har\u00e1n Sud\u00e1frica y Australia<\/strong>, y C\u00f3rdoba luchar\u00e1 por tener alguno de esos encuentros contra seleccionados poderosos del mundo del rugby.<\/p>\n<p><strong>En las pr\u00f3ximas semanas habr\u00e1 novedades al respecto.<\/strong><\/p>","protected":false},"excerpt":{"rendered":"<p>l partido de los Pumas frente a los All Blacks por el Rugby Championship disputado en el estadio Mario Kempes de C\u00f3rdoba\u00a0 registr\u00f3 un r\u00e9cord [&hellip;]<\/p>\n","protected":false},"author":1,"featured_media":17365,"comment_status":"open","ping_status":"open","sticky":false,"template":"","format":"standard","meta":{"footnotes":""},"categories":[8],"tags":[],"class_list":["post-17364","post","type-post","status-publish","format-standard","has-post-thumbnail","hentry","category-deportes"],"better_featured_image":{"id":17365,"alt_text":"","caption":"","description":"","media_type":"image","media_details":{"width":1600,"height":1067,"file":"2025\/08\/pumas-vs-all-blacks-acd-1024x544_1600_1067-zz3J5s.jpg","filesize":223543,"sizes":{"medium":{"file":"pumas-vs-all-blacks-acd-1024x544_1600_1067-zz3J5s-300x200.jpg","width":300,"height":200,"mime-type":"image\/jpeg","filesize":22476,"source_url":"https:\/\/nuevodigitaldeescobar.com.ar\/wp-content\/uploads\/2025\/08\/pumas-vs-all-blacks-acd-1024x544_1600_1067-zz3J5s-300x200.jpg"},"large":{"file":"pumas-vs-all-blacks-acd-1024x544_1600_1067-zz3J5s-1024x683.jpg","width":1024,"height":683,"mime-type":"image\/jpeg","filesize":166162,"source_url":"https:\/\/nuevodigitaldeescobar.com.ar\/wp-content\/uploads\/2025\/08\/pumas-vs-all-blacks-acd-1024x544_1600_1067-zz3J5s-1024x683.jpg"},"thumbnail":{"file":"pumas-vs-all-blacks-acd-1024x544_1600_1067-zz3J5s-150x150.jpg","width":150,"height":150,"mime-type":"image\/jpeg","filesize":8738,"source_url":"https:\/\/nuevodigitaldeescobar.com.ar\/wp-content\/uploads\/2025\/08\/pumas-vs-all-blacks-acd-1024x544_1600_1067-zz3J5s-150x150.jpg"},"medium_large":{"file":"pumas-vs-all-blacks-acd-1024x544_1600_1067-zz3J5s-768x512.jpg","width":768,"height":512,"mime-type":"image\/jpeg","filesize":106521,"source_url":"https:\/\/nuevodigitaldeescobar.com.ar\/wp-content\/uploads\/2025\/08\/pumas-vs-all-blacks-acd-1024x544_1600_1067-zz3J5s-768x512.jpg"},"1536x1536":{"file":"pumas-vs-all-blacks-acd-1024x544_1600_1067-zz3J5s-1536x1024.jpg","width":1536,"height":1024,"mime-type":"image\/jpeg","filesize":297176,"source_url":"https:\/\/nuevodigitaldeescobar.com.ar\/wp-content\/uploads\/2025\/08\/pumas-vs-all-blacks-acd-1024x544_1600_1067-zz3J5s-1536x1024.jpg"}},"image_meta":{"aperture":"0","credit":"","camera":"","caption":"","created_timestamp":"0","copyright":"","focal_length":"0","iso":"0","shutter_speed":"0","title":"","orientation":"0","keywords":[]}},"post":17364,"source_url":"https:\/\/nuevodigitaldeescobar.com.ar\/wp-content\/uploads\/2025\/08\/pumas-vs-all-blacks-acd-1024x544_1600_1067-zz3J5s.jpg"},"yoast_head":"<!-- This site is optimized with the Yoast SEO plugin v26.1.1 - https:\/\/yoast.com\/wordpress\/plugins\/seo\/ -->\n<title>Despu\u00e9s del r\u00e9cord de p\u00fablico, C\u00f3rdoba quiere otro partido de los Pumas en 2026 - Nuevo Digital de Escobar<\/title>\n<meta name=\"robots\" content=\"index, follow, max-snippet:-1, max-image-preview:large, max-video-preview:-1\" \/>\n<link rel=\"canonical\" href=\"https:\/\/nuevodigitaldeescobar.com.ar\/?p=17364\" \/>\n<meta property=\"og:locale\" content=\"es_ES\" \/>\n<meta property=\"og:type\" content=\"article\" \/>\n<meta property=\"og:title\" content=\"Despu\u00e9s del r\u00e9cord de p\u00fablico, C\u00f3rdoba quiere otro partido de los Pumas en 2026 - Nuevo Digital de Escobar\" \/>\n<meta property=\"og:description\" content=\"l partido de los Pumas frente a los All Blacks por el Rugby Championship disputado en el estadio Mario Kempes de C\u00f3rdoba\u00a0 registr\u00f3 un r\u00e9cord [&hellip;]\" \/>\n<meta property=\"og:url\" content=\"https:\/\/nuevodigitaldeescobar.com.ar\/?p=17364\" \/>\n<meta property=\"og:site_name\" content=\"Nuevo Digital de Escobar\" \/>\n<meta property=\"article:publisher\" content=\"https:\/\/www.facebook.com\/NUEVODigitalDeEscobar\" \/>\n<meta property=\"article:published_time\" content=\"2025-08-19T02:21:02+00:00\" \/>\n<meta property=\"og:image\" content=\"https:\/\/derechadiario.com.ar\/filesedc\/uploads\/image\/post\/2025\/08\/1755476108-lgwebp_1200_800.webp\" \/>\n<meta name=\"author\" content=\"Redacci\u00f3n\" \/>\n<meta name=\"twitter:card\" content=\"summary_large_image\" \/>\n<meta name=\"twitter:creator\" content=\"@nuevodigescobar\" \/>\n<meta name=\"twitter:site\" content=\"@nuevodigescobar\" \/>\n<meta name=\"twitter:label1\" content=\"Escrito por\" \/>\n\t<meta name=\"twitter:data1\" content=\"Redacci\u00f3n\" \/>\n\t<meta name=\"twitter:label2\" content=\"Tiempo de lectura\" \/>\n\t<meta name=\"twitter:data2\" content=\"2 minutos\" \/>\n<script type=\"application\/ld+json\" class=\"yoast-schema-graph\">{\"@context\":\"https:\/\/schema.org\",\"@graph\":[{\"@type\":\"Article\",\"@id\":\"https:\/\/nuevodigitaldeescobar.com.ar\/?p=17364#article\",\"isPartOf\":{\"@id\":\"https:\/\/nuevodigitaldeescobar.com.ar\/?p=17364\"},\"author\":{\"name\":\"Redacci\u00f3n\",\"@id\":\"https:\/\/nuevodigitaldeescobar.com.ar\/#\/schema\/person\/035e90a8efe9a80e6eec22656ad6ea4c\"},\"headline\":\"Despu\u00e9s del r\u00e9cord de p\u00fablico, C\u00f3rdoba quiere otro partido de los Pumas en 2026\",\"datePublished\":\"2025-08-19T02:21:02+00:00\",\"mainEntityOfPage\":{\"@id\":\"https:\/\/nuevodigitaldeescobar.com.ar\/?p=17364\"},\"wordCount\":419,\"commentCount\":0,\"publisher\":{\"@id\":\"https:\/\/nuevodigitaldeescobar.com.ar\/#organization\"},\"image\":{\"@id\":\"https:\/\/nuevodigitaldeescobar.com.ar\/?p=17364#primaryimage\"},\"thumbnailUrl\":\"https:\/\/nuevodigitaldeescobar.com.ar\/wp-content\/uploads\/2025\/08\/pumas-vs-all-blacks-acd-1024x544_1600_1067-zz3J5s.jpg\",\"articleSection\":[\"Deportes\"],\"inLanguage\":\"es\",\"potentialAction\":[{\"@type\":\"CommentAction\",\"name\":\"Comment\",\"target\":[\"https:\/\/nuevodigitaldeescobar.com.ar\/?p=17364#respond\"]}]},{\"@type\":\"WebPage\",\"@id\":\"https:\/\/nuevodigitaldeescobar.com.ar\/?p=17364\",\"url\":\"https:\/\/nuevodigitaldeescobar.com.ar\/?p=17364\",\"name\":\"Despu\u00e9s del r\u00e9cord de p\u00fablico, C\u00f3rdoba quiere otro partido de los Pumas en 2026 - Nuevo Digital de Escobar\",\"isPartOf\":{\"@id\":\"https:\/\/nuevodigitaldeescobar.com.ar\/#website\"},\"primaryImageOfPage\":{\"@id\":\"https:\/\/nuevodigitaldeescobar.com.ar\/?p=17364#primaryimage\"},\"image\":{\"@id\":\"https:\/\/nuevodigitaldeescobar.com.ar\/?p=17364#primaryimage\"},\"thumbnailUrl\":\"https:\/\/nuevodigitaldeescobar.com.ar\/wp-content\/uploads\/2025\/08\/pumas-vs-all-blacks-acd-1024x544_1600_1067-zz3J5s.jpg\",\"datePublished\":\"2025-08-19T02:21:02+00:00\",\"breadcrumb\":{\"@id\":\"https:\/\/nuevodigitaldeescobar.com.ar\/?p=17364#breadcrumb\"},\"inLanguage\":\"es\",\"potentialAction\":[{\"@type\":\"ReadAction\",\"target\":[\"https:\/\/nuevodigitaldeescobar.com.ar\/?p=17364\"]}]},{\"@type\":\"ImageObject\",\"inLanguage\":\"es\",\"@id\":\"https:\/\/nuevodigitaldeescobar.com.ar\/?p=17364#primaryimage\",\"url\":\"https:\/\/nuevodigitaldeescobar.com.ar\/wp-content\/uploads\/2025\/08\/pumas-vs-all-blacks-acd-1024x544_1600_1067-zz3J5s.jpg\",\"contentUrl\":\"https:\/\/nuevodigitaldeescobar.com.ar\/wp-content\/uploads\/2025\/08\/pumas-vs-all-blacks-acd-1024x544_1600_1067-zz3J5s.jpg\",\"width\":1600,\"height\":1067},{\"@type\":\"BreadcrumbList\",\"@id\":\"https:\/\/nuevodigitaldeescobar.com.ar\/?p=17364#breadcrumb\",\"itemListElement\":[{\"@type\":\"ListItem\",\"position\":1,\"name\":\"Portada\",\"item\":\"https:\/\/nuevodigitaldeescobar.com.ar\/\"},{\"@type\":\"ListItem\",\"position\":2,\"name\":\"Despu\u00e9s del r\u00e9cord de p\u00fablico, C\u00f3rdoba quiere otro partido de los Pumas en 2026\"}]},{\"@type\":\"WebSite\",\"@id\":\"https:\/\/nuevodigitaldeescobar.com.ar\/#website\",\"url\":\"https:\/\/nuevodigitaldeescobar.com.ar\/\",\"name\":\"Nuevo Digital de Escobar\",\"description\":\"La vida escobarense. Directora: Rosana Brunner\",\"publisher\":{\"@id\":\"https:\/\/nuevodigitaldeescobar.com.ar\/#organization\"},\"potentialAction\":[{\"@type\":\"SearchAction\",\"target\":{\"@type\":\"EntryPoint\",\"urlTemplate\":\"https:\/\/nuevodigitaldeescobar.com.ar\/?s={search_term_string}\"},\"query-input\":{\"@type\":\"PropertyValueSpecification\",\"valueRequired\":true,\"valueName\":\"search_term_string\"}}],\"inLanguage\":\"es\"},{\"@type\":\"Organization\",\"@id\":\"https:\/\/nuevodigitaldeescobar.com.ar\/#organization\",\"name\":\"Nuevo Digital de Escobar\",\"url\":\"https:\/\/nuevodigitaldeescobar.com.ar\/\",\"logo\":{\"@type\":\"ImageObject\",\"inLanguage\":\"es\",\"@id\":\"https:\/\/nuevodigitaldeescobar.com.ar\/#\/schema\/logo\/image\/\",\"url\":\"https:\/\/nuevodigitaldeescobar.com.ar\/wp-content\/uploads\/2025\/05\/cropped-logo-nuevo2.jpg\",\"contentUrl\":\"https:\/\/nuevodigitaldeescobar.com.ar\/wp-content\/uploads\/2025\/05\/cropped-logo-nuevo2.jpg\",\"width\":305,\"height\":305,\"caption\":\"Nuevo Digital de Escobar\"},\"image\":{\"@id\":\"https:\/\/nuevodigitaldeescobar.com.ar\/#\/schema\/logo\/image\/\"},\"sameAs\":[\"https:\/\/www.facebook.com\/NUEVODigitalDeEscobar\",\"https:\/\/x.com\/nuevodigescobar\",\"https:\/\/www.instagram.com\/nuevodigitaldeescobar\"]},{\"@type\":\"Person\",\"@id\":\"https:\/\/nuevodigitaldeescobar.com.ar\/#\/schema\/person\/035e90a8efe9a80e6eec22656ad6ea4c\",\"name\":\"Redacci\u00f3n\",\"image\":{\"@type\":\"ImageObject\",\"inLanguage\":\"es\",\"@id\":\"https:\/\/nuevodigitaldeescobar.com.ar\/#\/schema\/person\/image\/\",\"url\":\"https:\/\/secure.gravatar.com\/avatar\/8af8f40000c24e9eef3034f2be5998a372bb1389e64b1a4a36b3a7979142220d?s=96&d=mm&r=g\",\"contentUrl\":\"https:\/\/secure.gravatar.com\/avatar\/8af8f40000c24e9eef3034f2be5998a372bb1389e64b1a4a36b3a7979142220d?s=96&d=mm&r=g\",\"caption\":\"Redacci\u00f3n\"},\"sameAs\":[\"http:\/\/nuevodigitaldeescobar.com.ar\"],\"url\":\"https:\/\/nuevodigitaldeescobar.com.ar\/?author=1\"}]}<\/script>\n<!-- \/ Yoast SEO plugin. -->","yoast_head_json":{"title":"Despu\u00e9s del r\u00e9cord de p\u00fablico, C\u00f3rdoba quiere otro partido de los Pumas en 2026 - Nuevo Digital de Escobar","robots":{"index":"index","follow":"follow","max-snippet":"max-snippet:-1","max-image-preview":"max-image-preview:large","max-video-preview":"max-video-preview:-1"},"canonical":"https:\/\/nuevodigitaldeescobar.com.ar\/?p=17364","og_locale":"es_ES","og_type":"article","og_title":"Despu\u00e9s del r\u00e9cord de p\u00fablico, C\u00f3rdoba quiere otro partido de los Pumas en 2026 - Nuevo Digital de Escobar","og_description":"l partido de los Pumas frente a los All Blacks por el Rugby Championship disputado en el estadio Mario Kempes de C\u00f3rdoba\u00a0 registr\u00f3 un r\u00e9cord [&hellip;]","og_url":"https:\/\/nuevodigitaldeescobar.com.ar\/?p=17364","og_site_name":"Nuevo Digital de Escobar","article_publisher":"https:\/\/www.facebook.com\/NUEVODigitalDeEscobar","article_published_time":"2025-08-19T02:21:02+00:00","og_image":[{"url":"https:\/\/derechadiario.com.ar\/filesedc\/uploads\/image\/post\/2025\/08\/1755476108-lgwebp_1200_800.webp","type":"","width":"","height":""}],"author":"Redacci\u00f3n","twitter_card":"summary_large_image","twitter_creator":"@nuevodigescobar","twitter_site":"@nuevodigescobar","twitter_misc":{"Escrito por":"Redacci\u00f3n","Tiempo de lectura":"2 minutos"},"schema":{"@context":"https:\/\/schema.org","@graph":[{"@type":"Article","@id":"https:\/\/nuevodigitaldeescobar.com.ar\/?p=17364#article","isPartOf":{"@id":"https:\/\/nuevodigitaldeescobar.com.ar\/?p=17364"},"author":{"name":"Redacci\u00f3n","@id":"https:\/\/nuevodigitaldeescobar.com.ar\/#\/schema\/person\/035e90a8efe9a80e6eec22656ad6ea4c"},"headline":"Despu\u00e9s del r\u00e9cord de p\u00fablico, C\u00f3rdoba quiere otro partido de los Pumas en 2026","datePublished":"2025-08-19T02:21:02+00:00","mainEntityOfPage":{"@id":"https:\/\/nuevodigitaldeescobar.com.ar\/?p=17364"},"wordCount":419,"commentCount":0,"publisher":{"@id":"https:\/\/nuevodigitaldeescobar.com.ar\/#organization"},"image":{"@id":"https:\/\/nuevodigitaldeescobar.com.ar\/?p=17364#primaryimage"},"thumbnailUrl":"https:\/\/nuevodigitaldeescobar.com.ar\/wp-content\/uploads\/2025\/08\/pumas-vs-all-blacks-acd-1024x544_1600_1067-zz3J5s.jpg","articleSection":["Deportes"],"inLanguage":"es","potentialAction":[{"@type":"CommentAction","name":"Comment","target":["https:\/\/nuevodigitaldeescobar.com.ar\/?p=17364#respond"]}]},{"@type":"WebPage","@id":"https:\/\/nuevodigitaldeescobar.com.ar\/?p=17364","url":"https:\/\/nuevodigitaldeescobar.com.ar\/?p=17364","name":"Despu\u00e9s del r\u00e9cord de p\u00fablico, C\u00f3rdoba quiere otro partido de los Pumas en 2026 - Nuevo Digital de Escobar","isPartOf":{"@id":"https:\/\/nuevodigitaldeescobar.com.ar\/#website"},"primaryImageOfPage":{"@id":"https:\/\/nuevodigitaldeescobar.com.ar\/?p=17364#primaryimage"},"image":{"@id":"https:\/\/nuevodigitaldeescobar.com.ar\/?p=17364#primaryimage"},"thumbnailUrl":"https:\/\/nuevodigitaldeescobar.com.ar\/wp-content\/uploads\/2025\/08\/pumas-vs-all-blacks-acd-1024x544_1600_1067-zz3J5s.jpg","datePublished":"2025-08-19T02:21:02+00:00","breadcrumb":{"@id":"https:\/\/nuevodigitaldeescobar.com.ar\/?p=17364#breadcrumb"},"inLanguage":"es","potentialAction":[{"@type":"ReadAction","target":["https:\/\/nuevodigitaldeescobar.com.ar\/?p=17364"]}]},{"@type":"ImageObject","inLanguage":"es","@id":"https:\/\/nuevodigitaldeescobar.com.ar\/?p=17364#primaryimage","url":"https:\/\/nuevodigitaldeescobar.com.ar\/wp-content\/uploads\/2025\/08\/pumas-vs-all-blacks-acd-1024x544_1600_1067-zz3J5s.jpg","contentUrl":"https:\/\/nuevodigitaldeescobar.com.ar\/wp-content\/uploads\/2025\/08\/pumas-vs-all-blacks-acd-1024x544_1600_1067-zz3J5s.jpg","width":1600,"height":1067},{"@type":"BreadcrumbList","@id":"https:\/\/nuevodigitaldeescobar.com.ar\/?p=17364#breadcrumb","itemListElement":[{"@type":"ListItem","position":1,"name":"Portada","item":"https:\/\/nuevodigitaldeescobar.com.ar\/"},{"@type":"ListItem","position":2,"name":"Despu\u00e9s del r\u00e9cord de p\u00fablico, C\u00f3rdoba quiere otro partido de los Pumas en 2026"}]},{"@type":"WebSite","@id":"https:\/\/nuevodigitaldeescobar.com.ar\/#website","url":"https:\/\/nuevodigitaldeescobar.com.ar\/","name":"Nuevo Digital de Escobar","description":"La vida escobarense. Directora: Rosana Brunner","publisher":{"@id":"https:\/\/nuevodigitaldeescobar.com.ar\/#organization"},"potentialAction":[{"@type":"SearchAction","target":{"@type":"EntryPoint","urlTemplate":"https:\/\/nuevodigitaldeescobar.com.ar\/?s={search_term_string}"},"query-input":{"@type":"PropertyValueSpecification","valueRequired":true,"valueName":"search_term_string"}}],"inLanguage":"es"},{"@type":"Organization","@id":"https:\/\/nuevodigitaldeescobar.com.ar\/#organization","name":"Nuevo Digital de Escobar","url":"https:\/\/nuevodigitaldeescobar.com.ar\/","logo":{"@type":"ImageObject","inLanguage":"es","@id":"https:\/\/nuevodigitaldeescobar.com.ar\/#\/schema\/logo\/image\/","url":"https:\/\/nuevodigitaldeescobar.com.ar\/wp-content\/uploads\/2025\/05\/cropped-logo-nuevo2.jpg","contentUrl":"https:\/\/nuevodigitaldeescobar.com.ar\/wp-content\/uploads\/2025\/05\/cropped-logo-nuevo2.jpg","width":305,"height":305,"caption":"Nuevo Digital de Escobar"},"image":{"@id":"https:\/\/nuevodigitaldeescobar.com.ar\/#\/schema\/logo\/image\/"},"sameAs":["https:\/\/www.facebook.com\/NUEVODigitalDeEscobar","https:\/\/x.com\/nuevodigescobar","https:\/\/www.instagram.com\/nuevodigitaldeescobar"]},{"@type":"Person","@id":"https:\/\/nuevodigitaldeescobar.com.ar\/#\/schema\/person\/035e90a8efe9a80e6eec22656ad6ea4c","name":"Redacci\u00f3n","image":{"@type":"ImageObject","inLanguage":"es","@id":"https:\/\/nuevodigitaldeescobar.com.ar\/#\/schema\/person\/image\/","url":"https:\/\/secure.gravatar.com\/avatar\/8af8f40000c24e9eef3034f2be5998a372bb1389e64b1a4a36b3a7979142220d?s=96&d=mm&r=g","contentUrl":"https:\/\/secure.gravatar.com\/avatar\/8af8f40000c24e9eef3034f2be5998a372bb1389e64b1a4a36b3a7979142220d?s=96&d=mm&r=g","caption":"Redacci\u00f3n"},"sameAs":["http:\/\/nuevodigitaldeescobar.com.ar"],"url":"https:\/\/nuevodigitaldeescobar.com.ar\/?author=1"}]}},"featured_image_urls":{"full":["https:\/\/nuevodigitaldeescobar.com.ar\/wp-content\/uploads\/2025\/08\/pumas-vs-all-blacks-acd-1024x544_1600_1067-zz3J5s.jpg",1600,1067,false],"thumbnail":["https:\/\/nuevodigitaldeescobar.com.ar\/wp-content\/uploads\/2025\/08\/pumas-vs-all-blacks-acd-1024x544_1600_1067-zz3J5s-150x150.jpg",150,150,true],"medium":["https:\/\/nuevodigitaldeescobar.com.ar\/wp-content\/uploads\/2025\/08\/pumas-vs-all-blacks-acd-1024x544_1600_1067-zz3J5s-300x200.jpg",300,200,true],"medium_large":["https:\/\/nuevodigitaldeescobar.com.ar\/wp-content\/uploads\/2025\/08\/pumas-vs-all-blacks-acd-1024x544_1600_1067-zz3J5s-768x512.jpg",640,427,true],"large":["https:\/\/nuevodigitaldeescobar.com.ar\/wp-content\/uploads\/2025\/08\/pumas-vs-all-blacks-acd-1024x544_1600_1067-zz3J5s-1024x683.jpg",640,427,true],"1536x1536":["https:\/\/nuevodigitaldeescobar.com.ar\/wp-content\/uploads\/2025\/08\/pumas-vs-all-blacks-acd-1024x544_1600_1067-zz3J5s-1536x1024.jpg",1536,1024,true],"2048x2048":["https:\/\/nuevodigitaldeescobar.com.ar\/wp-content\/uploads\/2025\/08\/pumas-vs-all-blacks-acd-1024x544_1600_1067-zz3J5s.jpg",1600,1067,false]},"author_info":{"display_name":"Redacci\u00f3n","author_link":"https:\/\/nuevodigitaldeescobar.com.ar\/?author=1"},"category_info":"<a href=\"https:\/\/nuevodigitaldeescobar.com.ar\/?cat=8\" rel=\"category\">Deportes<\/a>","tag_info":"Deportes","comment_count":"0","_links":{"self":[{"href":"https:\/\/nuevodigitaldeescobar.com.ar\/index.php?rest_route=\/wp\/v2\/posts\/17364","targetHints":{"allow":["GET"]}}],"collection":[{"href":"https:\/\/nuevodigitaldeescobar.com.ar\/index.php?rest_route=\/wp\/v2\/posts"}],"about":[{"href":"https:\/\/nuevodigitaldeescobar.com.ar\/index.php?rest_route=\/wp\/v2\/types\/post"}],"author":[{"embeddable":true,"href":"https:\/\/nuevodigitaldeescobar.com.ar\/index.php?rest_route=\/wp\/v2\/users\/1"}],"replies":[{"embeddable":true,"href":"https:\/\/nuevodigitaldeescobar.com.ar\/index.php?rest_route=%2Fwp%2Fv2%2Fcomments&post=17364"}],"version-history":[{"count":0,"href":"https:\/\/nuevodigitaldeescobar.com.ar\/index.php?rest_route=\/wp\/v2\/posts\/17364\/revisions"}],"wp:featuredmedia":[{"embeddable":true,"href":"https:\/\/nuevodigitaldeescobar.com.ar\/index.php?rest_route=\/wp\/v2\/media\/17365"}],"wp:attachment":[{"href":"https:\/\/nuevodigitaldeescobar.com.ar\/index.php?rest_route=%2Fwp%2Fv2%2Fmedia&parent=17364"}],"wp:term":[{"taxonomy":"category","embeddable":true,"href":"https:\/\/nuevodigitaldeescobar.com.ar\/index.php?rest_route=%2Fwp%2Fv2%2Fcategories&post=17364"},{"taxonomy":"post_tag","embeddable":true,"href":"https:\/\/nuevodigitaldeescobar.com.ar\/index.php?rest_route=%2Fwp%2Fv2%2Ftags&post=17364"}],"curies":[{"name":"wp","href":"https:\/\/api.w.org\/{rel}","templated":true}]}}