{"id":17391,"date":"2025-08-20T08:26:48","date_gmt":"2025-08-20T11:26:48","guid":{"rendered":"https:\/\/nuevodigitaldeescobar.com.ar\/?p=17391"},"modified":"2025-08-20T08:27:00","modified_gmt":"2025-08-20T11:27:00","slug":"se-consolido-la-alianza-de-union-liberal-en-la-provincia-y-suman-a-la-boleta-a-cachanosky-para-debatir-con-espert","status":"publish","type":"post","link":"https:\/\/nuevodigitaldeescobar.com.ar\/?p=17391","title":{"rendered":"Se consolid\u00f3 la alianza de Uni\u00f3n Liberal en la Provincia y suman a la boleta a Cachanosky para debatir con Espert"},"content":{"rendered":"\n<p class=\"has-vivid-cyan-blue-color has-text-color has-link-color wp-elements-5b8c84924b32474f85ca30f8a30cc28b\"><em><strong>La boleta local, encabezada por German Galleguillo, expres\u00f3 su apoyo al economista, quien en octubre buscar\u00e1 una banca en el Congreso Nacional, acompa\u00f1ado por una vecina de Loma Verde, la edil Griselda Aristi.<\/strong><\/em><\/p>\n\n\n\n<!--more-->\n\n\n\n<hr class=\"wp-block-separator has-alpha-channel-opacity\"\/>\n\n\n\n<p>Tras el cierre de listas para las elecciones del 26 de octubre, se afianz\u00f3 la alianza entre una boleta local y la nacional. Se trata de la alianza Uni\u00f3n Liberal de Escobar con la facci\u00f3n del reconocido economista Roberto Cachanosky.<\/p>\n\n\n\n<p>\u201cEstamos convencidos de que esta uni\u00f3n representa una oportunidad para fortalecer la presencia de Escobar en el Congreso y llevar nuestras propuestas al \u00e1mbito nacional\u201d, asegur\u00f3 Galleguillo en declaraciones a la prensa local. Adem\u00e1s, destac\u00f3 la importancia de \u201cunir esfuerzos con referentes que compartan una visi\u00f3n clara sobre desarrollo econ\u00f3mico y transparencia en la gesti\u00f3n p\u00fablica\u201d.<\/p>\n\n\n\n<p>Desde su espacio nacional, Cachanosky tambi\u00e9n manifest\u00f3 su respaldo: \u201cEs fundamental que los vecinos de Escobar tengan representantes que defiendan pol\u00edticas de crecimiento, empleo y orden fiscal. German y Griselda comparten estos principios y ser\u00e1n un puente s\u00f3lido entre la localidad y el Congreso\u201d. El economista, reconocido por sus an\u00e1lisis sobre econom\u00eda argentina y propuestas de liberalizaci\u00f3n de mercados, busca con esta alianza consolidar un espacio liberal que alcance tanto a votantes locales como provinciales.<\/p>\n\n\n\n<p>La estrategia de la alianza contempla recorrer distintos barrios del partido para acercar las propuestas a los vecinos y generar debate sobre las principales problem\u00e1ticas locales, entre ellas seguridad, educaci\u00f3n y desarrollo econ\u00f3mico.<\/p>\n\n\n\n<p>Seg\u00fan fuentes de la campa\u00f1a, se prev\u00e9n charlas abiertas y encuentros con comerciantes y emprendedores de la zona. Varios dirigentes coinciden en que la combinaci\u00f3n de figuras conocidas a nivel municipal con un referente nacional puede generar un efecto de consolidaci\u00f3n del voto liberal en sectores donde la fuerza a\u00fan busca posicionarse. \u201cEs un movimiento estrat\u00e9gico que intenta capitalizar el reconocimiento local de Galleguillo y Aristi con la imagen nacional de Cachanosky\u201d, se\u00f1alaron.<\/p>\n\n\n\n<p><\/p>\n","protected":false},"excerpt":{"rendered":"<p>La boleta local, encabezada por German Galleguillo, expres\u00f3 su apoyo al economista, quien en octubre buscar\u00e1 una banca en el Congreso Nacional, acompa\u00f1ado por una [&hellip;]<\/p>\n","protected":false},"author":1,"featured_media":17392,"comment_status":"open","ping_status":"open","sticky":false,"template":"","format":"standard","meta":{"footnotes":""},"categories":[6],"tags":[434],"class_list":["post-17391","post","type-post","status-publish","format-standard","has-post-thumbnail","hentry","category-politica","tag-union-liberal"],"better_featured_image":{"id":17392,"alt_text":"","caption":"","description":"","media_type":"image","media_details":{"width":1600,"height":1183,"file":"2025\/08\/05a73aa6-4a7b-4216-be52-1411ee576f38.jpg","filesize":334614,"sizes":{"medium":{"file":"05a73aa6-4a7b-4216-be52-1411ee576f38-300x222.jpg","width":300,"height":222,"mime-type":"image\/jpeg","filesize":18676,"source_url":"https:\/\/nuevodigitaldeescobar.com.ar\/wp-content\/uploads\/2025\/08\/05a73aa6-4a7b-4216-be52-1411ee576f38-300x222.jpg"},"large":{"file":"05a73aa6-4a7b-4216-be52-1411ee576f38-1024x757.jpg","width":1024,"height":757,"mime-type":"image\/jpeg","filesize":116394,"source_url":"https:\/\/nuevodigitaldeescobar.com.ar\/wp-content\/uploads\/2025\/08\/05a73aa6-4a7b-4216-be52-1411ee576f38-1024x757.jpg"},"thumbnail":{"file":"05a73aa6-4a7b-4216-be52-1411ee576f38-150x150.jpg","width":150,"height":150,"mime-type":"image\/jpeg","filesize":8433,"source_url":"https:\/\/nuevodigitaldeescobar.com.ar\/wp-content\/uploads\/2025\/08\/05a73aa6-4a7b-4216-be52-1411ee576f38-150x150.jpg"},"medium_large":{"file":"05a73aa6-4a7b-4216-be52-1411ee576f38-768x568.jpg","width":768,"height":568,"mime-type":"image\/jpeg","filesize":78439,"source_url":"https:\/\/nuevodigitaldeescobar.com.ar\/wp-content\/uploads\/2025\/08\/05a73aa6-4a7b-4216-be52-1411ee576f38-768x568.jpg"},"1536x1536":{"file":"05a73aa6-4a7b-4216-be52-1411ee576f38-1536x1136.jpg","width":1536,"height":1136,"mime-type":"image\/jpeg","filesize":205907,"source_url":"https:\/\/nuevodigitaldeescobar.com.ar\/wp-content\/uploads\/2025\/08\/05a73aa6-4a7b-4216-be52-1411ee576f38-1536x1136.jpg"}},"image_meta":{"aperture":"0","credit":"","camera":"","caption":"","created_timestamp":"0","copyright":"","focal_length":"0","iso":"0","shutter_speed":"0","title":"","orientation":"0","keywords":[]}},"post":17391,"source_url":"https:\/\/nuevodigitaldeescobar.com.ar\/wp-content\/uploads\/2025\/08\/05a73aa6-4a7b-4216-be52-1411ee576f38.jpg"},"yoast_head":"<!-- This site is optimized with the Yoast SEO plugin v26.1.1 - https:\/\/yoast.com\/wordpress\/plugins\/seo\/ -->\n<title>Se consolid\u00f3 la alianza de Uni\u00f3n Liberal en la Provincia y suman a la boleta a Cachanosky para debatir con Espert - Nuevo Digital de Escobar<\/title>\n<meta name=\"description\" content=\"La boleta local, encabezada por German Galleguillo, expres\u00f3 su apoyo al economista, quien en octubre buscar\u00e1 una banca en el Congreso Nacional, acompa\u00f1ado por una vecina de Loma Verde, la edil Griselda Aristi.\" \/>\n<meta name=\"robots\" content=\"index, follow, max-snippet:-1, max-image-preview:large, max-video-preview:-1\" \/>\n<link rel=\"canonical\" href=\"https:\/\/nuevodigitaldeescobar.com.ar\/?p=17391\" \/>\n<meta property=\"og:locale\" content=\"es_ES\" \/>\n<meta property=\"og:type\" content=\"article\" \/>\n<meta property=\"og:title\" content=\"Se consolid\u00f3 la alianza de Uni\u00f3n Liberal en la Provincia y suman a la boleta a Cachanosky para debatir con Espert\" \/>\n<meta property=\"og:description\" content=\"La boleta local, encabezada por German Galleguillo, expres\u00f3 su apoyo al economista, quien en octubre buscar\u00e1 una banca en el Congreso Nacional, acompa\u00f1ado por una vecina de Loma Verde, la edil Griselda Aristi.\" \/>\n<meta property=\"og:url\" content=\"https:\/\/nuevodigitaldeescobar.com.ar\/?p=17391\" \/>\n<meta property=\"og:site_name\" content=\"Nuevo Digital de Escobar\" \/>\n<meta property=\"article:publisher\" content=\"https:\/\/www.facebook.com\/NUEVODigitalDeEscobar\" \/>\n<meta property=\"article:published_time\" content=\"2025-08-20T11:26:48+00:00\" \/>\n<meta property=\"article:modified_time\" content=\"2025-08-20T11:27:00+00:00\" \/>\n<meta property=\"og:image\" content=\"http:\/\/nuevodigitaldeescobar.com.ar\/wp-content\/uploads\/2025\/08\/05a73aa6-4a7b-4216-be52-1411ee576f38.jpg\" \/>\n\t<meta property=\"og:image:width\" content=\"1600\" \/>\n\t<meta property=\"og:image:height\" content=\"1183\" \/>\n\t<meta property=\"og:image:type\" content=\"image\/jpeg\" \/>\n<meta name=\"author\" content=\"Redacci\u00f3n\" \/>\n<meta name=\"twitter:card\" content=\"summary_large_image\" \/>\n<meta name=\"twitter:creator\" content=\"@nuevodigescobar\" \/>\n<meta name=\"twitter:site\" content=\"@nuevodigescobar\" \/>\n<meta name=\"twitter:label1\" content=\"Escrito por\" \/>\n\t<meta name=\"twitter:data1\" content=\"Redacci\u00f3n\" \/>\n\t<meta name=\"twitter:label2\" content=\"Tiempo de lectura\" \/>\n\t<meta name=\"twitter:data2\" content=\"2 minutos\" \/>\n<script type=\"application\/ld+json\" class=\"yoast-schema-graph\">{\"@context\":\"https:\/\/schema.org\",\"@graph\":[{\"@type\":\"Article\",\"@id\":\"https:\/\/nuevodigitaldeescobar.com.ar\/?p=17391#article\",\"isPartOf\":{\"@id\":\"https:\/\/nuevodigitaldeescobar.com.ar\/?p=17391\"},\"author\":{\"name\":\"Redacci\u00f3n\",\"@id\":\"https:\/\/nuevodigitaldeescobar.com.ar\/#\/schema\/person\/035e90a8efe9a80e6eec22656ad6ea4c\"},\"headline\":\"Se consolid\u00f3 la alianza de Uni\u00f3n Liberal en la Provincia y suman a la boleta a Cachanosky para debatir con Espert\",\"datePublished\":\"2025-08-20T11:26:48+00:00\",\"dateModified\":\"2025-08-20T11:27:00+00:00\",\"mainEntityOfPage\":{\"@id\":\"https:\/\/nuevodigitaldeescobar.com.ar\/?p=17391\"},\"wordCount\":358,\"commentCount\":0,\"publisher\":{\"@id\":\"https:\/\/nuevodigitaldeescobar.com.ar\/#organization\"},\"image\":{\"@id\":\"https:\/\/nuevodigitaldeescobar.com.ar\/?p=17391#primaryimage\"},\"thumbnailUrl\":\"https:\/\/nuevodigitaldeescobar.com.ar\/wp-content\/uploads\/2025\/08\/05a73aa6-4a7b-4216-be52-1411ee576f38.jpg\",\"keywords\":[\"Uni\u00f3n Liberal\"],\"articleSection\":[\"Pol\u00edtica\"],\"inLanguage\":\"es\",\"potentialAction\":[{\"@type\":\"CommentAction\",\"name\":\"Comment\",\"target\":[\"https:\/\/nuevodigitaldeescobar.com.ar\/?p=17391#respond\"]}]},{\"@type\":\"WebPage\",\"@id\":\"https:\/\/nuevodigitaldeescobar.com.ar\/?p=17391\",\"url\":\"https:\/\/nuevodigitaldeescobar.com.ar\/?p=17391\",\"name\":\"Se consolid\u00f3 la alianza de Uni\u00f3n Liberal en la Provincia y suman a la boleta a Cachanosky para debatir con Espert - Nuevo Digital de Escobar\",\"isPartOf\":{\"@id\":\"https:\/\/nuevodigitaldeescobar.com.ar\/#website\"},\"primaryImageOfPage\":{\"@id\":\"https:\/\/nuevodigitaldeescobar.com.ar\/?p=17391#primaryimage\"},\"image\":{\"@id\":\"https:\/\/nuevodigitaldeescobar.com.ar\/?p=17391#primaryimage\"},\"thumbnailUrl\":\"https:\/\/nuevodigitaldeescobar.com.ar\/wp-content\/uploads\/2025\/08\/05a73aa6-4a7b-4216-be52-1411ee576f38.jpg\",\"datePublished\":\"2025-08-20T11:26:48+00:00\",\"dateModified\":\"2025-08-20T11:27:00+00:00\",\"description\":\"La boleta local, encabezada por German Galleguillo, expres\u00f3 su apoyo al economista, quien en octubre buscar\u00e1 una banca en el Congreso Nacional, acompa\u00f1ado por una vecina de Loma Verde, la edil Griselda Aristi.\",\"breadcrumb\":{\"@id\":\"https:\/\/nuevodigitaldeescobar.com.ar\/?p=17391#breadcrumb\"},\"inLanguage\":\"es\",\"potentialAction\":[{\"@type\":\"ReadAction\",\"target\":[\"https:\/\/nuevodigitaldeescobar.com.ar\/?p=17391\"]}]},{\"@type\":\"ImageObject\",\"inLanguage\":\"es\",\"@id\":\"https:\/\/nuevodigitaldeescobar.com.ar\/?p=17391#primaryimage\",\"url\":\"https:\/\/nuevodigitaldeescobar.com.ar\/wp-content\/uploads\/2025\/08\/05a73aa6-4a7b-4216-be52-1411ee576f38.jpg\",\"contentUrl\":\"https:\/\/nuevodigitaldeescobar.com.ar\/wp-content\/uploads\/2025\/08\/05a73aa6-4a7b-4216-be52-1411ee576f38.jpg\",\"width\":1600,\"height\":1183},{\"@type\":\"BreadcrumbList\",\"@id\":\"https:\/\/nuevodigitaldeescobar.com.ar\/?p=17391#breadcrumb\",\"itemListElement\":[{\"@type\":\"ListItem\",\"position\":1,\"name\":\"Portada\",\"item\":\"https:\/\/nuevodigitaldeescobar.com.ar\/\"},{\"@type\":\"ListItem\",\"position\":2,\"name\":\"Se consolid\u00f3 la alianza de Uni\u00f3n Liberal en la Provincia y suman a la boleta a Cachanosky para debatir con Espert\"}]},{\"@type\":\"WebSite\",\"@id\":\"https:\/\/nuevodigitaldeescobar.com.ar\/#website\",\"url\":\"https:\/\/nuevodigitaldeescobar.com.ar\/\",\"name\":\"Nuevo Digital de Escobar\",\"description\":\"La vida escobarense. Directora: Rosana Brunner\",\"publisher\":{\"@id\":\"https:\/\/nuevodigitaldeescobar.com.ar\/#organization\"},\"potentialAction\":[{\"@type\":\"SearchAction\",\"target\":{\"@type\":\"EntryPoint\",\"urlTemplate\":\"https:\/\/nuevodigitaldeescobar.com.ar\/?s={search_term_string}\"},\"query-input\":{\"@type\":\"PropertyValueSpecification\",\"valueRequired\":true,\"valueName\":\"search_term_string\"}}],\"inLanguage\":\"es\"},{\"@type\":\"Organization\",\"@id\":\"https:\/\/nuevodigitaldeescobar.com.ar\/#organization\",\"name\":\"Nuevo Digital de Escobar\",\"url\":\"https:\/\/nuevodigitaldeescobar.com.ar\/\",\"logo\":{\"@type\":\"ImageObject\",\"inLanguage\":\"es\",\"@id\":\"https:\/\/nuevodigitaldeescobar.com.ar\/#\/schema\/logo\/image\/\",\"url\":\"https:\/\/nuevodigitaldeescobar.com.ar\/wp-content\/uploads\/2025\/05\/cropped-logo-nuevo2.jpg\",\"contentUrl\":\"https:\/\/nuevodigitaldeescobar.com.ar\/wp-content\/uploads\/2025\/05\/cropped-logo-nuevo2.jpg\",\"width\":305,\"height\":305,\"caption\":\"Nuevo Digital de Escobar\"},\"image\":{\"@id\":\"https:\/\/nuevodigitaldeescobar.com.ar\/#\/schema\/logo\/image\/\"},\"sameAs\":[\"https:\/\/www.facebook.com\/NUEVODigitalDeEscobar\",\"https:\/\/x.com\/nuevodigescobar\",\"https:\/\/www.instagram.com\/nuevodigitaldeescobar\"]},{\"@type\":\"Person\",\"@id\":\"https:\/\/nuevodigitaldeescobar.com.ar\/#\/schema\/person\/035e90a8efe9a80e6eec22656ad6ea4c\",\"name\":\"Redacci\u00f3n\",\"image\":{\"@type\":\"ImageObject\",\"inLanguage\":\"es\",\"@id\":\"https:\/\/nuevodigitaldeescobar.com.ar\/#\/schema\/person\/image\/\",\"url\":\"https:\/\/secure.gravatar.com\/avatar\/8af8f40000c24e9eef3034f2be5998a372bb1389e64b1a4a36b3a7979142220d?s=96&d=mm&r=g\",\"contentUrl\":\"https:\/\/secure.gravatar.com\/avatar\/8af8f40000c24e9eef3034f2be5998a372bb1389e64b1a4a36b3a7979142220d?s=96&d=mm&r=g\",\"caption\":\"Redacci\u00f3n\"},\"sameAs\":[\"http:\/\/nuevodigitaldeescobar.com.ar\"],\"url\":\"https:\/\/nuevodigitaldeescobar.com.ar\/?author=1\"}]}<\/script>\n<!-- \/ Yoast SEO plugin. -->","yoast_head_json":{"title":"Se consolid\u00f3 la alianza de Uni\u00f3n Liberal en la Provincia y suman a la boleta a Cachanosky para debatir con Espert - Nuevo Digital de Escobar","description":"La boleta local, encabezada por German Galleguillo, expres\u00f3 su apoyo al economista, quien en octubre buscar\u00e1 una banca en el Congreso Nacional, acompa\u00f1ado por una vecina de Loma Verde, la edil Griselda Aristi.","robots":{"index":"index","follow":"follow","max-snippet":"max-snippet:-1","max-image-preview":"max-image-preview:large","max-video-preview":"max-video-preview:-1"},"canonical":"https:\/\/nuevodigitaldeescobar.com.ar\/?p=17391","og_locale":"es_ES","og_type":"article","og_title":"Se consolid\u00f3 la alianza de Uni\u00f3n Liberal en la Provincia y suman a la boleta a Cachanosky para debatir con Espert","og_description":"La boleta local, encabezada por German Galleguillo, expres\u00f3 su apoyo al economista, quien en octubre buscar\u00e1 una banca en el Congreso Nacional, acompa\u00f1ado por una vecina de Loma Verde, la edil Griselda Aristi.","og_url":"https:\/\/nuevodigitaldeescobar.com.ar\/?p=17391","og_site_name":"Nuevo Digital de Escobar","article_publisher":"https:\/\/www.facebook.com\/NUEVODigitalDeEscobar","article_published_time":"2025-08-20T11:26:48+00:00","article_modified_time":"2025-08-20T11:27:00+00:00","og_image":[{"width":1600,"height":1183,"url":"http:\/\/nuevodigitaldeescobar.com.ar\/wp-content\/uploads\/2025\/08\/05a73aa6-4a7b-4216-be52-1411ee576f38.jpg","type":"image\/jpeg"}],"author":"Redacci\u00f3n","twitter_card":"summary_large_image","twitter_creator":"@nuevodigescobar","twitter_site":"@nuevodigescobar","twitter_misc":{"Escrito por":"Redacci\u00f3n","Tiempo de lectura":"2 minutos"},"schema":{"@context":"https:\/\/schema.org","@graph":[{"@type":"Article","@id":"https:\/\/nuevodigitaldeescobar.com.ar\/?p=17391#article","isPartOf":{"@id":"https:\/\/nuevodigitaldeescobar.com.ar\/?p=17391"},"author":{"name":"Redacci\u00f3n","@id":"https:\/\/nuevodigitaldeescobar.com.ar\/#\/schema\/person\/035e90a8efe9a80e6eec22656ad6ea4c"},"headline":"Se consolid\u00f3 la alianza de Uni\u00f3n Liberal en la Provincia y suman a la boleta a Cachanosky para debatir con Espert","datePublished":"2025-08-20T11:26:48+00:00","dateModified":"2025-08-20T11:27:00+00:00","mainEntityOfPage":{"@id":"https:\/\/nuevodigitaldeescobar.com.ar\/?p=17391"},"wordCount":358,"commentCount":0,"publisher":{"@id":"https:\/\/nuevodigitaldeescobar.com.ar\/#organization"},"image":{"@id":"https:\/\/nuevodigitaldeescobar.com.ar\/?p=17391#primaryimage"},"thumbnailUrl":"https:\/\/nuevodigitaldeescobar.com.ar\/wp-content\/uploads\/2025\/08\/05a73aa6-4a7b-4216-be52-1411ee576f38.jpg","keywords":["Uni\u00f3n Liberal"],"articleSection":["Pol\u00edtica"],"inLanguage":"es","potentialAction":[{"@type":"CommentAction","name":"Comment","target":["https:\/\/nuevodigitaldeescobar.com.ar\/?p=17391#respond"]}]},{"@type":"WebPage","@id":"https:\/\/nuevodigitaldeescobar.com.ar\/?p=17391","url":"https:\/\/nuevodigitaldeescobar.com.ar\/?p=17391","name":"Se consolid\u00f3 la alianza de Uni\u00f3n Liberal en la Provincia y suman a la boleta a Cachanosky para debatir con Espert - Nuevo Digital de Escobar","isPartOf":{"@id":"https:\/\/nuevodigitaldeescobar.com.ar\/#website"},"primaryImageOfPage":{"@id":"https:\/\/nuevodigitaldeescobar.com.ar\/?p=17391#primaryimage"},"image":{"@id":"https:\/\/nuevodigitaldeescobar.com.ar\/?p=17391#primaryimage"},"thumbnailUrl":"https:\/\/nuevodigitaldeescobar.com.ar\/wp-content\/uploads\/2025\/08\/05a73aa6-4a7b-4216-be52-1411ee576f38.jpg","datePublished":"2025-08-20T11:26:48+00:00","dateModified":"2025-08-20T11:27:00+00:00","description":"La boleta local, encabezada por German Galleguillo, expres\u00f3 su apoyo al economista, quien en octubre buscar\u00e1 una banca en el Congreso Nacional, acompa\u00f1ado por una vecina de Loma Verde, la edil Griselda Aristi.","breadcrumb":{"@id":"https:\/\/nuevodigitaldeescobar.com.ar\/?p=17391#breadcrumb"},"inLanguage":"es","potentialAction":[{"@type":"ReadAction","target":["https:\/\/nuevodigitaldeescobar.com.ar\/?p=17391"]}]},{"@type":"ImageObject","inLanguage":"es","@id":"https:\/\/nuevodigitaldeescobar.com.ar\/?p=17391#primaryimage","url":"https:\/\/nuevodigitaldeescobar.com.ar\/wp-content\/uploads\/2025\/08\/05a73aa6-4a7b-4216-be52-1411ee576f38.jpg","contentUrl":"https:\/\/nuevodigitaldeescobar.com.ar\/wp-content\/uploads\/2025\/08\/05a73aa6-4a7b-4216-be52-1411ee576f38.jpg","width":1600,"height":1183},{"@type":"BreadcrumbList","@id":"https:\/\/nuevodigitaldeescobar.com.ar\/?p=17391#breadcrumb","itemListElement":[{"@type":"ListItem","position":1,"name":"Portada","item":"https:\/\/nuevodigitaldeescobar.com.ar\/"},{"@type":"ListItem","position":2,"name":"Se consolid\u00f3 la alianza de Uni\u00f3n Liberal en la Provincia y suman a la boleta a Cachanosky para debatir con Espert"}]},{"@type":"WebSite","@id":"https:\/\/nuevodigitaldeescobar.com.ar\/#website","url":"https:\/\/nuevodigitaldeescobar.com.ar\/","name":"Nuevo Digital de Escobar","description":"La vida escobarense. Directora: Rosana Brunner","publisher":{"@id":"https:\/\/nuevodigitaldeescobar.com.ar\/#organization"},"potentialAction":[{"@type":"SearchAction","target":{"@type":"EntryPoint","urlTemplate":"https:\/\/nuevodigitaldeescobar.com.ar\/?s={search_term_string}"},"query-input":{"@type":"PropertyValueSpecification","valueRequired":true,"valueName":"search_term_string"}}],"inLanguage":"es"},{"@type":"Organization","@id":"https:\/\/nuevodigitaldeescobar.com.ar\/#organization","name":"Nuevo Digital de Escobar","url":"https:\/\/nuevodigitaldeescobar.com.ar\/","logo":{"@type":"ImageObject","inLanguage":"es","@id":"https:\/\/nuevodigitaldeescobar.com.ar\/#\/schema\/logo\/image\/","url":"https:\/\/nuevodigitaldeescobar.com.ar\/wp-content\/uploads\/2025\/05\/cropped-logo-nuevo2.jpg","contentUrl":"https:\/\/nuevodigitaldeescobar.com.ar\/wp-content\/uploads\/2025\/05\/cropped-logo-nuevo2.jpg","width":305,"height":305,"caption":"Nuevo Digital de Escobar"},"image":{"@id":"https:\/\/nuevodigitaldeescobar.com.ar\/#\/schema\/logo\/image\/"},"sameAs":["https:\/\/www.facebook.com\/NUEVODigitalDeEscobar","https:\/\/x.com\/nuevodigescobar","https:\/\/www.instagram.com\/nuevodigitaldeescobar"]},{"@type":"Person","@id":"https:\/\/nuevodigitaldeescobar.com.ar\/#\/schema\/person\/035e90a8efe9a80e6eec22656ad6ea4c","name":"Redacci\u00f3n","image":{"@type":"ImageObject","inLanguage":"es","@id":"https:\/\/nuevodigitaldeescobar.com.ar\/#\/schema\/person\/image\/","url":"https:\/\/secure.gravatar.com\/avatar\/8af8f40000c24e9eef3034f2be5998a372bb1389e64b1a4a36b3a7979142220d?s=96&d=mm&r=g","contentUrl":"https:\/\/secure.gravatar.com\/avatar\/8af8f40000c24e9eef3034f2be5998a372bb1389e64b1a4a36b3a7979142220d?s=96&d=mm&r=g","caption":"Redacci\u00f3n"},"sameAs":["http:\/\/nuevodigitaldeescobar.com.ar"],"url":"https:\/\/nuevodigitaldeescobar.com.ar\/?author=1"}]}},"featured_image_urls":{"full":["https:\/\/nuevodigitaldeescobar.com.ar\/wp-content\/uploads\/2025\/08\/05a73aa6-4a7b-4216-be52-1411ee576f38.jpg",1600,1183,false],"thumbnail":["https:\/\/nuevodigitaldeescobar.com.ar\/wp-content\/uploads\/2025\/08\/05a73aa6-4a7b-4216-be52-1411ee576f38-150x150.jpg",150,150,true],"medium":["https:\/\/nuevodigitaldeescobar.com.ar\/wp-content\/uploads\/2025\/08\/05a73aa6-4a7b-4216-be52-1411ee576f38-300x222.jpg",300,222,true],"medium_large":["https:\/\/nuevodigitaldeescobar.com.ar\/wp-content\/uploads\/2025\/08\/05a73aa6-4a7b-4216-be52-1411ee576f38-768x568.jpg",640,473,true],"large":["https:\/\/nuevodigitaldeescobar.com.ar\/wp-content\/uploads\/2025\/08\/05a73aa6-4a7b-4216-be52-1411ee576f38-1024x757.jpg",640,473,true],"1536x1536":["https:\/\/nuevodigitaldeescobar.com.ar\/wp-content\/uploads\/2025\/08\/05a73aa6-4a7b-4216-be52-1411ee576f38-1536x1136.jpg",1536,1136,true],"2048x2048":["https:\/\/nuevodigitaldeescobar.com.ar\/wp-content\/uploads\/2025\/08\/05a73aa6-4a7b-4216-be52-1411ee576f38.jpg",1600,1183,false]},"author_info":{"display_name":"Redacci\u00f3n","author_link":"https:\/\/nuevodigitaldeescobar.com.ar\/?author=1"},"category_info":"<a href=\"https:\/\/nuevodigitaldeescobar.com.ar\/?cat=6\" rel=\"category\">Pol\u00edtica<\/a>","tag_info":"Pol\u00edtica","comment_count":"0","_links":{"self":[{"href":"https:\/\/nuevodigitaldeescobar.com.ar\/index.php?rest_route=\/wp\/v2\/posts\/17391","targetHints":{"allow":["GET"]}}],"collection":[{"href":"https:\/\/nuevodigitaldeescobar.com.ar\/index.php?rest_route=\/wp\/v2\/posts"}],"about":[{"href":"https:\/\/nuevodigitaldeescobar.com.ar\/index.php?rest_route=\/wp\/v2\/types\/post"}],"author":[{"embeddable":true,"href":"https:\/\/nuevodigitaldeescobar.com.ar\/index.php?rest_route=\/wp\/v2\/users\/1"}],"replies":[{"embeddable":true,"href":"https:\/\/nuevodigitaldeescobar.com.ar\/index.php?rest_route=%2Fwp%2Fv2%2Fcomments&post=17391"}],"version-history":[{"count":1,"href":"https:\/\/nuevodigitaldeescobar.com.ar\/index.php?rest_route=\/wp\/v2\/posts\/17391\/revisions"}],"predecessor-version":[{"id":17393,"href":"https:\/\/nuevodigitaldeescobar.com.ar\/index.php?rest_route=\/wp\/v2\/posts\/17391\/revisions\/17393"}],"wp:featuredmedia":[{"embeddable":true,"href":"https:\/\/nuevodigitaldeescobar.com.ar\/index.php?rest_route=\/wp\/v2\/media\/17392"}],"wp:attachment":[{"href":"https:\/\/nuevodigitaldeescobar.com.ar\/index.php?rest_route=%2Fwp%2Fv2%2Fmedia&parent=17391"}],"wp:term":[{"taxonomy":"category","embeddable":true,"href":"https:\/\/nuevodigitaldeescobar.com.ar\/index.php?rest_route=%2Fwp%2Fv2%2Fcategories&post=17391"},{"taxonomy":"post_tag","embeddable":true,"href":"https:\/\/nuevodigitaldeescobar.com.ar\/index.php?rest_route=%2Fwp%2Fv2%2Ftags&post=17391"}],"curies":[{"name":"wp","href":"https:\/\/api.w.org\/{rel}","templated":true}]}}