{"id":17483,"date":"2025-08-25T01:54:00","date_gmt":"2025-08-25T04:54:00","guid":{"rendered":"https:\/\/nuevodigitaldeescobar.com.ar\/?p=17483"},"modified":"2025-08-24T20:16:01","modified_gmt":"2025-08-24T23:16:01","slug":"bariloche-bajo-viento-furioso-techos-volados-cortes-de-luz-y-calles-bloqueadas-por-un-temporal-historico","status":"publish","type":"post","link":"https:\/\/nuevodigitaldeescobar.com.ar\/?p=17483","title":{"rendered":"Bariloche bajo viento furioso: techos volados, cortes de luz y calles bloqueadas por un temporal hist\u00f3rico"},"content":{"rendered":"\n<p class=\"has-vivid-cyan-blue-color has-text-color has-link-color wp-elements-1a2ad77b104ed7a1ecb7f699910594d0\"><strong><em>San Carlos de Bariloche vivi\u00f3 este domingo una de las jornadas m\u00e1s intensas de los \u00faltimos meses, marcada por r\u00e1fagas de viento que alcanzaron los 115 km\/h, seg\u00fan datos del Servicio Meteorol\u00f3gico Nacional (SMN). El fen\u00f3meno, acompa\u00f1ado de lluvias, gener\u00f3 da\u00f1os estructurales, cortes de electricidad y complicaciones en la circulaci\u00f3n vehicular, lo que oblig\u00f3 a activar un amplio operativo de emergencia en toda la ciudad.<\/em><\/strong><\/p>\n\n\n\n<!--more-->\n\n\n\n<p>El temporal, anticipado por un <strong>alerta naranja por vientos y amarilla por lluvias<\/strong>, dej\u00f3 un saldo preliminar de <strong>siete voladuras de techos, m\u00faltiples ca\u00eddas de \u00e1rboles y decenas de familias afectadas<\/strong>.<\/p>\n\n\n\n<figure class=\"wp-block-video aligncenter\"><video controls src=\"https:\/\/nuevodigitaldeescobar.com.ar\/wp-content\/uploads\/2025\/08\/barilochesvientos4.mp4\"><\/video><\/figure>\n\n\n\n<p>Uno de los episodios m\u00e1s graves se registr\u00f3 en el barrio <strong>El \u00d1ireco<\/strong>, donde un fuerte viento arranc\u00f3 el techo completo de un edificio en la intersecci\u00f3n de Remedios de Escalada y avenida 12 de Octubre. All\u00ed funcionaba un sal\u00f3n de fiestas infantiles en el primer piso, pero afortunadamente <strong>no se reportaron heridos<\/strong>.<\/p>\n\n\n\n<p>En paralelo, <strong>Protecci\u00f3n Civil, Bomberos Voluntarios y brigadas municipales<\/strong> trabajaron en distintos sectores para despejar calles, asistir a vecinos y controlar situaciones de riesgo.<\/p>\n\n\n\n<h3 class=\"wp-block-heading has-text-color has-link-color wp-elements-e5c5c9649948d66e005f2d3e5d011969\" style=\"color:#0b20c0\">Cortes de luz y barrios m\u00e1s afectados<\/h3>\n\n\n\n<p>La <strong>Cooperativa de Electricidad Bariloche (CEB)<\/strong> inform\u00f3 que la ca\u00edda de \u00e1rboles sobre el tendido el\u00e9ctrico interrumpi\u00f3 el servicio en varias zonas, entre ellas <strong>Dina Huapi, barrio Hip\u00f3dromo y parte del Circuito Chico<\/strong>. En Dina Huapi, varios pinos derribados da\u00f1aron l\u00edneas de distribuci\u00f3n clave, lo que gener\u00f3 una afectaci\u00f3n prolongada.<\/p>\n\n\n\n<p><em>\u201cEl personal est\u00e1 trabajando al m\u00e1ximo para restituir el sistema, con refuerzos en todos los sectores afectados\u201d<\/em>, indic\u00f3 la entidad en un comunicado.<\/p>\n\n\n\n<h3 class=\"wp-block-heading has-text-color has-link-color wp-elements-b8bdd5ab2e54e6448498115819b84a03\" style=\"color:#0b20c0\">Medidas de seguridad y cierre de espacios p\u00fablicos<\/h3>\n\n\n\n<p>Las autoridades decidieron <strong>cerrar el Parque Municipal Llao Llao<\/strong> por el riesgo de ca\u00edda de ramas y \u00e1rboles. Adem\u00e1s, desde <strong>Protecci\u00f3n Civil<\/strong> difundieron recomendaciones a la poblaci\u00f3n: evitar caminatas por zonas arboladas, asegurar objetos en balcones y terrazas, y circular con extrema precauci\u00f3n en rutas y calles por posibles obst\u00e1culos.<\/p>\n\n\n\n<p>El <strong>Parque Nacional Nahuel Huapi<\/strong> tambi\u00e9n record\u00f3 la necesidad de consultar previamente el estado de senderos y accesos, que pueden cerrarse de manera preventiva.<\/p>\n\n\n\n<h3 class=\"wp-block-heading has-text-color has-link-color wp-elements-c72706924e6138a223e4294b18e7cf57\" style=\"color:#0b20c0\">Una alerta que se extiende en la Patagonia<\/h3>\n\n\n\n<p>El viento intenso y las lluvias continuaron hacia la noche del domingo, manteniendo en vilo a los vecinos y turistas. El regreso del <strong>frente fr\u00edo polar<\/strong> trajo consigo un escenario de <strong>clima extremo en gran parte de la cordillera patag\u00f3nica<\/strong>, con pron\u00f3sticos que indican que las condiciones adversas persistir\u00e1n en los pr\u00f3ximos d\u00edas.<\/p>\n\n\n\n<p>Bariloche enfrenta as\u00ed un temporal que quedar\u00e1 en la memoria reciente, no solo por la violencia del viento, sino tambi\u00e9n por la resiliencia de la comunidad que debi\u00f3 organizarse para atravesar la emergencia.<\/p>\n","protected":false},"excerpt":{"rendered":"<p>San Carlos de Bariloche vivi\u00f3 este domingo una de las jornadas m\u00e1s intensas de los \u00faltimos meses, marcada por r\u00e1fagas de viento que alcanzaron los [&hellip;]<\/p>\n","protected":false},"author":1,"featured_media":17484,"comment_status":"open","ping_status":"open","sticky":false,"template":"","format":"standard","meta":{"footnotes":""},"categories":[61],"tags":[],"class_list":["post-17483","post","type-post","status-publish","format-standard","has-post-thumbnail","hentry","category-nacionales"],"better_featured_image":{"id":17484,"alt_text":"","caption":"","description":"","media_type":"image","media_details":{"width":830,"height":457,"file":"2025\/08\/vientosbariloche221.png","filesize":1156962,"sizes":{"medium":{"file":"vientosbariloche221-300x165.png","width":300,"height":165,"mime-type":"image\/png","filesize":47269,"source_url":"https:\/\/nuevodigitaldeescobar.com.ar\/wp-content\/uploads\/2025\/08\/vientosbariloche221-300x165.png"},"thumbnail":{"file":"vientosbariloche221-150x150.png","width":150,"height":150,"mime-type":"image\/png","filesize":22841,"source_url":"https:\/\/nuevodigitaldeescobar.com.ar\/wp-content\/uploads\/2025\/08\/vientosbariloche221-150x150.png"},"medium_large":{"file":"vientosbariloche221-768x423.png","width":768,"height":423,"mime-type":"image\/png","filesize":279620,"source_url":"https:\/\/nuevodigitaldeescobar.com.ar\/wp-content\/uploads\/2025\/08\/vientosbariloche221-768x423.png"}},"image_meta":{"aperture":"0","credit":"","camera":"","caption":"","created_timestamp":"0","copyright":"","focal_length":"0","iso":"0","shutter_speed":"0","title":"","orientation":"0","keywords":[]}},"post":17483,"source_url":"https:\/\/nuevodigitaldeescobar.com.ar\/wp-content\/uploads\/2025\/08\/vientosbariloche221.png"},"yoast_head":"<!-- This site is optimized with the Yoast SEO plugin v26.1.1 - https:\/\/yoast.com\/wordpress\/plugins\/seo\/ -->\n<title>Bariloche bajo viento furioso: techos volados, cortes de luz y calles bloqueadas por un temporal hist\u00f3rico - Nuevo Digital de Escobar<\/title>\n<meta name=\"robots\" content=\"index, follow, max-snippet:-1, max-image-preview:large, max-video-preview:-1\" \/>\n<link rel=\"canonical\" href=\"https:\/\/nuevodigitaldeescobar.com.ar\/?p=17483\" \/>\n<meta property=\"og:locale\" content=\"es_ES\" \/>\n<meta property=\"og:type\" content=\"article\" \/>\n<meta property=\"og:title\" content=\"Bariloche bajo viento furioso: techos volados, cortes de luz y calles bloqueadas por un temporal hist\u00f3rico - Nuevo Digital de Escobar\" \/>\n<meta property=\"og:description\" content=\"San Carlos de Bariloche vivi\u00f3 este domingo una de las jornadas m\u00e1s intensas de los \u00faltimos meses, marcada por r\u00e1fagas de viento que alcanzaron los [&hellip;]\" \/>\n<meta property=\"og:url\" content=\"https:\/\/nuevodigitaldeescobar.com.ar\/?p=17483\" \/>\n<meta property=\"og:site_name\" content=\"Nuevo Digital de Escobar\" \/>\n<meta property=\"article:publisher\" content=\"https:\/\/www.facebook.com\/NUEVODigitalDeEscobar\" \/>\n<meta property=\"article:published_time\" content=\"2025-08-25T04:54:00+00:00\" \/>\n<meta property=\"og:image\" content=\"https:\/\/nuevodigitaldeescobar.com.ar\/wp-content\/uploads\/2025\/08\/vientosbariloche221.png\" \/>\n\t<meta property=\"og:image:width\" content=\"830\" \/>\n\t<meta property=\"og:image:height\" content=\"457\" \/>\n\t<meta property=\"og:image:type\" content=\"image\/png\" \/>\n<meta name=\"author\" content=\"Redacci\u00f3n\" \/>\n<meta name=\"twitter:card\" content=\"summary_large_image\" \/>\n<meta name=\"twitter:creator\" content=\"@nuevodigescobar\" \/>\n<meta name=\"twitter:site\" content=\"@nuevodigescobar\" \/>\n<meta name=\"twitter:label1\" content=\"Escrito por\" \/>\n\t<meta name=\"twitter:data1\" content=\"Redacci\u00f3n\" \/>\n\t<meta name=\"twitter:label2\" content=\"Tiempo de lectura\" \/>\n\t<meta name=\"twitter:data2\" content=\"3 minutos\" \/>\n<script type=\"application\/ld+json\" class=\"yoast-schema-graph\">{\"@context\":\"https:\/\/schema.org\",\"@graph\":[{\"@type\":\"Article\",\"@id\":\"https:\/\/nuevodigitaldeescobar.com.ar\/?p=17483#article\",\"isPartOf\":{\"@id\":\"https:\/\/nuevodigitaldeescobar.com.ar\/?p=17483\"},\"author\":{\"name\":\"Redacci\u00f3n\",\"@id\":\"https:\/\/nuevodigitaldeescobar.com.ar\/#\/schema\/person\/035e90a8efe9a80e6eec22656ad6ea4c\"},\"headline\":\"Bariloche bajo viento furioso: techos volados, cortes de luz y calles bloqueadas por un temporal hist\u00f3rico\",\"datePublished\":\"2025-08-25T04:54:00+00:00\",\"mainEntityOfPage\":{\"@id\":\"https:\/\/nuevodigitaldeescobar.com.ar\/?p=17483\"},\"wordCount\":483,\"commentCount\":0,\"publisher\":{\"@id\":\"https:\/\/nuevodigitaldeescobar.com.ar\/#organization\"},\"image\":{\"@id\":\"https:\/\/nuevodigitaldeescobar.com.ar\/?p=17483#primaryimage\"},\"thumbnailUrl\":\"https:\/\/nuevodigitaldeescobar.com.ar\/wp-content\/uploads\/2025\/08\/vientosbariloche221.png\",\"articleSection\":[\"Nacionales\"],\"inLanguage\":\"es\",\"potentialAction\":[{\"@type\":\"CommentAction\",\"name\":\"Comment\",\"target\":[\"https:\/\/nuevodigitaldeescobar.com.ar\/?p=17483#respond\"]}]},{\"@type\":\"WebPage\",\"@id\":\"https:\/\/nuevodigitaldeescobar.com.ar\/?p=17483\",\"url\":\"https:\/\/nuevodigitaldeescobar.com.ar\/?p=17483\",\"name\":\"Bariloche bajo viento furioso: techos volados, cortes de luz y calles bloqueadas por un temporal hist\u00f3rico - Nuevo Digital de Escobar\",\"isPartOf\":{\"@id\":\"https:\/\/nuevodigitaldeescobar.com.ar\/#website\"},\"primaryImageOfPage\":{\"@id\":\"https:\/\/nuevodigitaldeescobar.com.ar\/?p=17483#primaryimage\"},\"image\":{\"@id\":\"https:\/\/nuevodigitaldeescobar.com.ar\/?p=17483#primaryimage\"},\"thumbnailUrl\":\"https:\/\/nuevodigitaldeescobar.com.ar\/wp-content\/uploads\/2025\/08\/vientosbariloche221.png\",\"datePublished\":\"2025-08-25T04:54:00+00:00\",\"breadcrumb\":{\"@id\":\"https:\/\/nuevodigitaldeescobar.com.ar\/?p=17483#breadcrumb\"},\"inLanguage\":\"es\",\"potentialAction\":[{\"@type\":\"ReadAction\",\"target\":[\"https:\/\/nuevodigitaldeescobar.com.ar\/?p=17483\"]}]},{\"@type\":\"ImageObject\",\"inLanguage\":\"es\",\"@id\":\"https:\/\/nuevodigitaldeescobar.com.ar\/?p=17483#primaryimage\",\"url\":\"https:\/\/nuevodigitaldeescobar.com.ar\/wp-content\/uploads\/2025\/08\/vientosbariloche221.png\",\"contentUrl\":\"https:\/\/nuevodigitaldeescobar.com.ar\/wp-content\/uploads\/2025\/08\/vientosbariloche221.png\",\"width\":830,\"height\":457},{\"@type\":\"BreadcrumbList\",\"@id\":\"https:\/\/nuevodigitaldeescobar.com.ar\/?p=17483#breadcrumb\",\"itemListElement\":[{\"@type\":\"ListItem\",\"position\":1,\"name\":\"Portada\",\"item\":\"https:\/\/nuevodigitaldeescobar.com.ar\/\"},{\"@type\":\"ListItem\",\"position\":2,\"name\":\"Bariloche bajo viento furioso: techos volados, cortes de luz y calles bloqueadas por un temporal hist\u00f3rico\"}]},{\"@type\":\"WebSite\",\"@id\":\"https:\/\/nuevodigitaldeescobar.com.ar\/#website\",\"url\":\"https:\/\/nuevodigitaldeescobar.com.ar\/\",\"name\":\"Nuevo Digital de Escobar\",\"description\":\"La vida escobarense. Directora: Rosana Brunner\",\"publisher\":{\"@id\":\"https:\/\/nuevodigitaldeescobar.com.ar\/#organization\"},\"potentialAction\":[{\"@type\":\"SearchAction\",\"target\":{\"@type\":\"EntryPoint\",\"urlTemplate\":\"https:\/\/nuevodigitaldeescobar.com.ar\/?s={search_term_string}\"},\"query-input\":{\"@type\":\"PropertyValueSpecification\",\"valueRequired\":true,\"valueName\":\"search_term_string\"}}],\"inLanguage\":\"es\"},{\"@type\":\"Organization\",\"@id\":\"https:\/\/nuevodigitaldeescobar.com.ar\/#organization\",\"name\":\"Nuevo Digital de Escobar\",\"url\":\"https:\/\/nuevodigitaldeescobar.com.ar\/\",\"logo\":{\"@type\":\"ImageObject\",\"inLanguage\":\"es\",\"@id\":\"https:\/\/nuevodigitaldeescobar.com.ar\/#\/schema\/logo\/image\/\",\"url\":\"https:\/\/nuevodigitaldeescobar.com.ar\/wp-content\/uploads\/2025\/05\/cropped-logo-nuevo2.jpg\",\"contentUrl\":\"https:\/\/nuevodigitaldeescobar.com.ar\/wp-content\/uploads\/2025\/05\/cropped-logo-nuevo2.jpg\",\"width\":305,\"height\":305,\"caption\":\"Nuevo Digital de Escobar\"},\"image\":{\"@id\":\"https:\/\/nuevodigitaldeescobar.com.ar\/#\/schema\/logo\/image\/\"},\"sameAs\":[\"https:\/\/www.facebook.com\/NUEVODigitalDeEscobar\",\"https:\/\/x.com\/nuevodigescobar\",\"https:\/\/www.instagram.com\/nuevodigitaldeescobar\"]},{\"@type\":\"Person\",\"@id\":\"https:\/\/nuevodigitaldeescobar.com.ar\/#\/schema\/person\/035e90a8efe9a80e6eec22656ad6ea4c\",\"name\":\"Redacci\u00f3n\",\"image\":{\"@type\":\"ImageObject\",\"inLanguage\":\"es\",\"@id\":\"https:\/\/nuevodigitaldeescobar.com.ar\/#\/schema\/person\/image\/\",\"url\":\"https:\/\/secure.gravatar.com\/avatar\/8af8f40000c24e9eef3034f2be5998a372bb1389e64b1a4a36b3a7979142220d?s=96&d=mm&r=g\",\"contentUrl\":\"https:\/\/secure.gravatar.com\/avatar\/8af8f40000c24e9eef3034f2be5998a372bb1389e64b1a4a36b3a7979142220d?s=96&d=mm&r=g\",\"caption\":\"Redacci\u00f3n\"},\"sameAs\":[\"http:\/\/nuevodigitaldeescobar.com.ar\"],\"url\":\"https:\/\/nuevodigitaldeescobar.com.ar\/?author=1\"}]}<\/script>\n<!-- \/ Yoast SEO plugin. -->","yoast_head_json":{"title":"Bariloche bajo viento furioso: techos volados, cortes de luz y calles bloqueadas por un temporal hist\u00f3rico - Nuevo Digital de Escobar","robots":{"index":"index","follow":"follow","max-snippet":"max-snippet:-1","max-image-preview":"max-image-preview:large","max-video-preview":"max-video-preview:-1"},"canonical":"https:\/\/nuevodigitaldeescobar.com.ar\/?p=17483","og_locale":"es_ES","og_type":"article","og_title":"Bariloche bajo viento furioso: techos volados, cortes de luz y calles bloqueadas por un temporal hist\u00f3rico - Nuevo Digital de Escobar","og_description":"San Carlos de Bariloche vivi\u00f3 este domingo una de las jornadas m\u00e1s intensas de los \u00faltimos meses, marcada por r\u00e1fagas de viento que alcanzaron los [&hellip;]","og_url":"https:\/\/nuevodigitaldeescobar.com.ar\/?p=17483","og_site_name":"Nuevo Digital de Escobar","article_publisher":"https:\/\/www.facebook.com\/NUEVODigitalDeEscobar","article_published_time":"2025-08-25T04:54:00+00:00","og_image":[{"width":830,"height":457,"url":"https:\/\/nuevodigitaldeescobar.com.ar\/wp-content\/uploads\/2025\/08\/vientosbariloche221.png","type":"image\/png"}],"author":"Redacci\u00f3n","twitter_card":"summary_large_image","twitter_creator":"@nuevodigescobar","twitter_site":"@nuevodigescobar","twitter_misc":{"Escrito por":"Redacci\u00f3n","Tiempo de lectura":"3 minutos"},"schema":{"@context":"https:\/\/schema.org","@graph":[{"@type":"Article","@id":"https:\/\/nuevodigitaldeescobar.com.ar\/?p=17483#article","isPartOf":{"@id":"https:\/\/nuevodigitaldeescobar.com.ar\/?p=17483"},"author":{"name":"Redacci\u00f3n","@id":"https:\/\/nuevodigitaldeescobar.com.ar\/#\/schema\/person\/035e90a8efe9a80e6eec22656ad6ea4c"},"headline":"Bariloche bajo viento furioso: techos volados, cortes de luz y calles bloqueadas por un temporal hist\u00f3rico","datePublished":"2025-08-25T04:54:00+00:00","mainEntityOfPage":{"@id":"https:\/\/nuevodigitaldeescobar.com.ar\/?p=17483"},"wordCount":483,"commentCount":0,"publisher":{"@id":"https:\/\/nuevodigitaldeescobar.com.ar\/#organization"},"image":{"@id":"https:\/\/nuevodigitaldeescobar.com.ar\/?p=17483#primaryimage"},"thumbnailUrl":"https:\/\/nuevodigitaldeescobar.com.ar\/wp-content\/uploads\/2025\/08\/vientosbariloche221.png","articleSection":["Nacionales"],"inLanguage":"es","potentialAction":[{"@type":"CommentAction","name":"Comment","target":["https:\/\/nuevodigitaldeescobar.com.ar\/?p=17483#respond"]}]},{"@type":"WebPage","@id":"https:\/\/nuevodigitaldeescobar.com.ar\/?p=17483","url":"https:\/\/nuevodigitaldeescobar.com.ar\/?p=17483","name":"Bariloche bajo viento furioso: techos volados, cortes de luz y calles bloqueadas por un temporal hist\u00f3rico - Nuevo Digital de Escobar","isPartOf":{"@id":"https:\/\/nuevodigitaldeescobar.com.ar\/#website"},"primaryImageOfPage":{"@id":"https:\/\/nuevodigitaldeescobar.com.ar\/?p=17483#primaryimage"},"image":{"@id":"https:\/\/nuevodigitaldeescobar.com.ar\/?p=17483#primaryimage"},"thumbnailUrl":"https:\/\/nuevodigitaldeescobar.com.ar\/wp-content\/uploads\/2025\/08\/vientosbariloche221.png","datePublished":"2025-08-25T04:54:00+00:00","breadcrumb":{"@id":"https:\/\/nuevodigitaldeescobar.com.ar\/?p=17483#breadcrumb"},"inLanguage":"es","potentialAction":[{"@type":"ReadAction","target":["https:\/\/nuevodigitaldeescobar.com.ar\/?p=17483"]}]},{"@type":"ImageObject","inLanguage":"es","@id":"https:\/\/nuevodigitaldeescobar.com.ar\/?p=17483#primaryimage","url":"https:\/\/nuevodigitaldeescobar.com.ar\/wp-content\/uploads\/2025\/08\/vientosbariloche221.png","contentUrl":"https:\/\/nuevodigitaldeescobar.com.ar\/wp-content\/uploads\/2025\/08\/vientosbariloche221.png","width":830,"height":457},{"@type":"BreadcrumbList","@id":"https:\/\/nuevodigitaldeescobar.com.ar\/?p=17483#breadcrumb","itemListElement":[{"@type":"ListItem","position":1,"name":"Portada","item":"https:\/\/nuevodigitaldeescobar.com.ar\/"},{"@type":"ListItem","position":2,"name":"Bariloche bajo viento furioso: techos volados, cortes de luz y calles bloqueadas por un temporal hist\u00f3rico"}]},{"@type":"WebSite","@id":"https:\/\/nuevodigitaldeescobar.com.ar\/#website","url":"https:\/\/nuevodigitaldeescobar.com.ar\/","name":"Nuevo Digital de Escobar","description":"La vida escobarense. Directora: Rosana Brunner","publisher":{"@id":"https:\/\/nuevodigitaldeescobar.com.ar\/#organization"},"potentialAction":[{"@type":"SearchAction","target":{"@type":"EntryPoint","urlTemplate":"https:\/\/nuevodigitaldeescobar.com.ar\/?s={search_term_string}"},"query-input":{"@type":"PropertyValueSpecification","valueRequired":true,"valueName":"search_term_string"}}],"inLanguage":"es"},{"@type":"Organization","@id":"https:\/\/nuevodigitaldeescobar.com.ar\/#organization","name":"Nuevo Digital de Escobar","url":"https:\/\/nuevodigitaldeescobar.com.ar\/","logo":{"@type":"ImageObject","inLanguage":"es","@id":"https:\/\/nuevodigitaldeescobar.com.ar\/#\/schema\/logo\/image\/","url":"https:\/\/nuevodigitaldeescobar.com.ar\/wp-content\/uploads\/2025\/05\/cropped-logo-nuevo2.jpg","contentUrl":"https:\/\/nuevodigitaldeescobar.com.ar\/wp-content\/uploads\/2025\/05\/cropped-logo-nuevo2.jpg","width":305,"height":305,"caption":"Nuevo Digital de Escobar"},"image":{"@id":"https:\/\/nuevodigitaldeescobar.com.ar\/#\/schema\/logo\/image\/"},"sameAs":["https:\/\/www.facebook.com\/NUEVODigitalDeEscobar","https:\/\/x.com\/nuevodigescobar","https:\/\/www.instagram.com\/nuevodigitaldeescobar"]},{"@type":"Person","@id":"https:\/\/nuevodigitaldeescobar.com.ar\/#\/schema\/person\/035e90a8efe9a80e6eec22656ad6ea4c","name":"Redacci\u00f3n","image":{"@type":"ImageObject","inLanguage":"es","@id":"https:\/\/nuevodigitaldeescobar.com.ar\/#\/schema\/person\/image\/","url":"https:\/\/secure.gravatar.com\/avatar\/8af8f40000c24e9eef3034f2be5998a372bb1389e64b1a4a36b3a7979142220d?s=96&d=mm&r=g","contentUrl":"https:\/\/secure.gravatar.com\/avatar\/8af8f40000c24e9eef3034f2be5998a372bb1389e64b1a4a36b3a7979142220d?s=96&d=mm&r=g","caption":"Redacci\u00f3n"},"sameAs":["http:\/\/nuevodigitaldeescobar.com.ar"],"url":"https:\/\/nuevodigitaldeescobar.com.ar\/?author=1"}]}},"featured_image_urls":{"full":["https:\/\/nuevodigitaldeescobar.com.ar\/wp-content\/uploads\/2025\/08\/vientosbariloche221.png",830,457,false],"thumbnail":["https:\/\/nuevodigitaldeescobar.com.ar\/wp-content\/uploads\/2025\/08\/vientosbariloche221-150x150.png",150,150,true],"medium":["https:\/\/nuevodigitaldeescobar.com.ar\/wp-content\/uploads\/2025\/08\/vientosbariloche221-300x165.png",300,165,true],"medium_large":["https:\/\/nuevodigitaldeescobar.com.ar\/wp-content\/uploads\/2025\/08\/vientosbariloche221-768x423.png",640,353,true],"large":["https:\/\/nuevodigitaldeescobar.com.ar\/wp-content\/uploads\/2025\/08\/vientosbariloche221.png",640,352,false],"1536x1536":["https:\/\/nuevodigitaldeescobar.com.ar\/wp-content\/uploads\/2025\/08\/vientosbariloche221.png",830,457,false],"2048x2048":["https:\/\/nuevodigitaldeescobar.com.ar\/wp-content\/uploads\/2025\/08\/vientosbariloche221.png",830,457,false]},"author_info":{"display_name":"Redacci\u00f3n","author_link":"https:\/\/nuevodigitaldeescobar.com.ar\/?author=1"},"category_info":"<a href=\"https:\/\/nuevodigitaldeescobar.com.ar\/?cat=61\" rel=\"category\">Nacionales<\/a>","tag_info":"Nacionales","comment_count":"0","_links":{"self":[{"href":"https:\/\/nuevodigitaldeescobar.com.ar\/index.php?rest_route=\/wp\/v2\/posts\/17483","targetHints":{"allow":["GET"]}}],"collection":[{"href":"https:\/\/nuevodigitaldeescobar.com.ar\/index.php?rest_route=\/wp\/v2\/posts"}],"about":[{"href":"https:\/\/nuevodigitaldeescobar.com.ar\/index.php?rest_route=\/wp\/v2\/types\/post"}],"author":[{"embeddable":true,"href":"https:\/\/nuevodigitaldeescobar.com.ar\/index.php?rest_route=\/wp\/v2\/users\/1"}],"replies":[{"embeddable":true,"href":"https:\/\/nuevodigitaldeescobar.com.ar\/index.php?rest_route=%2Fwp%2Fv2%2Fcomments&post=17483"}],"version-history":[{"count":1,"href":"https:\/\/nuevodigitaldeescobar.com.ar\/index.php?rest_route=\/wp\/v2\/posts\/17483\/revisions"}],"predecessor-version":[{"id":17486,"href":"https:\/\/nuevodigitaldeescobar.com.ar\/index.php?rest_route=\/wp\/v2\/posts\/17483\/revisions\/17486"}],"wp:featuredmedia":[{"embeddable":true,"href":"https:\/\/nuevodigitaldeescobar.com.ar\/index.php?rest_route=\/wp\/v2\/media\/17484"}],"wp:attachment":[{"href":"https:\/\/nuevodigitaldeescobar.com.ar\/index.php?rest_route=%2Fwp%2Fv2%2Fmedia&parent=17483"}],"wp:term":[{"taxonomy":"category","embeddable":true,"href":"https:\/\/nuevodigitaldeescobar.com.ar\/index.php?rest_route=%2Fwp%2Fv2%2Fcategories&post=17483"},{"taxonomy":"post_tag","embeddable":true,"href":"https:\/\/nuevodigitaldeescobar.com.ar\/index.php?rest_route=%2Fwp%2Fv2%2Ftags&post=17483"}],"curies":[{"name":"wp","href":"https:\/\/api.w.org\/{rel}","templated":true}]}}