{"id":17487,"date":"2025-08-25T03:11:00","date_gmt":"2025-08-25T06:11:00","guid":{"rendered":"https:\/\/nuevodigitaldeescobar.com.ar\/?p=17487"},"modified":"2025-08-24T20:14:08","modified_gmt":"2025-08-24T23:14:08","slug":"semana-de-sol-y-temperaturas-agradables-en-escobar-y-el-amba-como-sigue-el-clima-dia-por-dia","status":"publish","type":"post","link":"https:\/\/nuevodigitaldeescobar.com.ar\/?p=17487","title":{"rendered":"Semana de sol y temperaturas agradables en Escobar y el AMBA: c\u00f3mo sigue el clima d\u00eda por d\u00eda"},"content":{"rendered":"\n<p class=\"has-vivid-cyan-blue-color has-text-color has-link-color wp-elements-56da460990cc377509a8cd09642796d7\"><em><strong>Tras un fin de semana marcado por el fr\u00edo y el viento en gran parte del pa\u00eds, el \u00c1rea Metropolitana de Buenos Aires (AMBA), y en particular el partido de Escobar, se prepara para una semana con condiciones primaverales anticipadas: jornadas soleadas, m\u00e1ximas en ascenso y sin lluvias previstas al menos hasta el s\u00e1bado.<\/strong><\/em><\/p>\n\n\n\n<!--more-->\n\n\n\n<p>Seg\u00fan el <strong>Servicio Meteorol\u00f3gico Nacional (SMN)<\/strong>, el tiempo en el norte bonaerense estar\u00e1 dominado por la estabilidad atmosf\u00e9rica, con predominio del sol y temperaturas que ir\u00e1n subiendo paulatinamente, aunque con ma\u00f1anas todav\u00eda frescas.<\/p>\n\n\n\n<hr class=\"wp-block-separator has-alpha-channel-opacity\"\/>\n\n\n\n<h3 class=\"wp-block-heading has-text-color has-link-color wp-elements-098e37895a06d1f78342341d7eaf7b62\" style=\"color:#0d1bbe\">\ud83d\udccd En Escobar: ma\u00f1anas frescas, tardes templadas y sin lluvias<\/h3>\n\n\n\n<p>El lunes marcar\u00e1 el inicio de una racha de <strong>cielo despejado<\/strong>, con m\u00ednima de 9 \u00b0C y m\u00e1xima de 20 \u00b0C. El martes repetir\u00e1 el esquema, con condiciones muy similares y escasa nubosidad.<\/p>\n\n\n\n<p>Entre el mi\u00e9rcoles y el viernes aumentar\u00e1 la nubosidad de forma progresiva, aunque sin lluvias. El viernes ser\u00e1 el d\u00eda m\u00e1s c\u00e1lido de la semana, con una m\u00e1xima prevista de <strong>22 \u00b0C<\/strong>. El s\u00e1bado se mantendr\u00e1n los valores agradables, aunque el cielo estar\u00e1 mayormente nublado y hay una baja probabilidad de precipitaciones hacia la tarde-noche.<\/p>\n\n\n\n<hr class=\"wp-block-separator has-alpha-channel-opacity\"\/>\n\n\n\n<h3 class=\"wp-block-heading has-text-color has-link-color wp-elements-7a39a05678fd801277e8eb16ef4813dc\" style=\"color:#0d1bbe\">\ud83d\udcca Pron\u00f3stico extendido para Escobar y AMBA<\/h3>\n\n\n\n<figure class=\"wp-block-table is-style-stripes\"><table class=\"has-vivid-cyan-blue-to-vivid-purple-gradient-background has-background has-fixed-layout\"><thead><tr><th>D\u00eda<\/th><th>Cielo<\/th><th>Temp. m\u00ednima<\/th><th>Temp. m\u00e1xima<\/th><th>Viento (km\/h) aprox.<\/th><th>Lluvias previstas<\/th><\/tr><\/thead><tbody><tr><td>Lunes<\/td><td>Despejado<\/td><td>9 \u00b0C<\/td><td>20 \u00b0C<\/td><td>10\u201320 (NO)<\/td><td>No<\/td><\/tr><tr><td>Martes<\/td><td>Despejado<\/td><td>9 \u00b0C<\/td><td>20 \u00b0C<\/td><td>10\u201320 (N)<\/td><td>No<\/td><\/tr><tr><td>Mi\u00e9rcoles<\/td><td>Algo nublado<\/td><td>10 \u00b0C<\/td><td>21 \u00b0C<\/td><td>15\u201325 (NE)<\/td><td>No<\/td><\/tr><tr><td>Jueves<\/td><td>Parcialmente nublado<\/td><td>11 \u00b0C<\/td><td>21 \u00b0C<\/td><td>15\u201325 (N)<\/td><td>No<\/td><\/tr><tr><td>Viernes<\/td><td>Parcialmente nublado<\/td><td>12 \u00b0C<\/td><td><strong>22 \u00b0C<\/strong><\/td><td>20\u201330 (N)<\/td><td>No<\/td><\/tr><tr><td>S\u00e1bado<\/td><td>Nublado a parcialmente nublado<\/td><td>13 \u00b0C<\/td><td>21 \u00b0C<\/td><td>15\u201325 (NO)<\/td><td>Baja (10 %)<\/td><\/tr><tr><td>Domingo<\/td><td>Parcialmente nublado<\/td><td>12 \u00b0C<\/td><td>20 \u00b0C<\/td><td>15\u201325 (SO)<\/td><td>No<\/td><\/tr><\/tbody><\/table><\/figure>\n\n\n\n<blockquote class=\"wp-block-quote is-layout-flow wp-block-quote-is-layout-flow\">\n<p><em>Datos estimados en base a informaci\u00f3n del SMN actualizada al domingo por la noche. Sujetos a modificaciones.<\/em><\/p>\n<\/blockquote>\n\n\n\n<hr class=\"wp-block-separator has-alpha-channel-opacity\"\/>\n\n\n\n<h3 class=\"wp-block-heading has-text-color has-link-color wp-elements-64bd0c13d3e4b78a8e7bd24c47d59b0d\" style=\"color:#0d1bbe\">\ud83d\udea8 Alertas en otras regiones del pa\u00eds<\/h3>\n\n\n\n<p>Mientras el centro y norte bonaerense disfrutan de esta \u201cprimavera anticipada\u201d, <strong>ocho provincias del pa\u00eds se encuentran bajo distintas alertas meteorol\u00f3gicas<\/strong>:<\/p>\n\n\n\n<ul class=\"wp-block-list\">\n<li>\ud83c\udf27\ufe0f <strong>Lluvias intensas<\/strong>: oeste de Neuqu\u00e9n, R\u00edo Negro y gran parte de Chubut (amarilla y naranja).<\/li>\n\n\n\n<li>\ud83c\udf2c\ufe0f <strong>Vientos fuertes<\/strong>: Tierra del Fuego, Santa Cruz, La Pampa, Buenos Aires (zona sur), Neuqu\u00e9n, R\u00edo Negro y Jujuy.<\/li>\n\n\n\n<li>\ud83e\uddca <strong>Temperaturas extremas fr\u00edas<\/strong>: norte de Salta, noreste de Misiones y noroeste de Corrientes.<\/li>\n\n\n\n<li>\ud83d\udd25 <strong>Viento Zonda<\/strong>: en sectores de Jujuy, con advertencia de riesgo por ca\u00edda de ramas, polvo en suspensi\u00f3n y baja visibilidad.<\/li>\n<\/ul>\n\n\n\n<p>Las autoridades nacionales recomiendan <strong>no circular por zonas arboladas<\/strong>, <strong>asegurar objetos sueltos<\/strong> y <strong>consultar el estado del tiempo antes de salir<\/strong>, especialmente en zonas cordilleranas o de clima severo.<\/p>\n\n\n\n<hr class=\"wp-block-separator has-alpha-channel-opacity\"\/>\n\n\n\n<h3 class=\"wp-block-heading has-text-color has-link-color wp-elements-46b42d05bfb23c4b42091ccc6a83a43d\" style=\"color:#0d1bbe\">\u2600\ufe0f \u00bfPrimavera adelantada o veranito enga\u00f1oso?<\/h3>\n\n\n\n<p>Aunque las temperaturas m\u00e1s c\u00e1lidas y los d\u00edas soleados entusiasman, los meteor\u00f3logos advierten que a\u00fan estamos en pleno invierno y pueden registrarse <strong>nuevas irrupciones de aire fr\u00edo polar en septiembre<\/strong>. Por eso, es importante <strong>no guardar todav\u00eda los abrigos<\/strong> y mantener la precauci\u00f3n, sobre todo en horarios nocturnos o de madrugada, donde las m\u00ednimas seguir\u00e1n rondando entre los <strong>8 \u00b0C y 13 \u00b0C<\/strong>.<\/p>\n","protected":false},"excerpt":{"rendered":"<p>Tras un fin de semana marcado por el fr\u00edo y el viento en gran parte del pa\u00eds, el \u00c1rea Metropolitana de Buenos Aires (AMBA), y [&hellip;]<\/p>\n","protected":false},"author":1,"featured_media":16926,"comment_status":"open","ping_status":"open","sticky":false,"template":"","format":"standard","meta":{"footnotes":""},"categories":[14],"tags":[],"class_list":["post-17487","post","type-post","status-publish","format-standard","has-post-thumbnail","hentry","category-clima-medioambiente-y-sostenibilidad"],"better_featured_image":{"id":16926,"alt_text":"","caption":"","description":"","media_type":"image","media_details":{"width":953,"height":556,"file":"2025\/08\/escobar456.png","filesize":880281,"sizes":{"medium":{"file":"escobar456-300x175.png","width":300,"height":175,"mime-type":"image\/png","filesize":42745,"source_url":"https:\/\/nuevodigitaldeescobar.com.ar\/wp-content\/uploads\/2025\/08\/escobar456-300x175.png"},"thumbnail":{"file":"escobar456-150x150.png","width":150,"height":150,"mime-type":"image\/png","filesize":19664,"source_url":"https:\/\/nuevodigitaldeescobar.com.ar\/wp-content\/uploads\/2025\/08\/escobar456-150x150.png"},"medium_large":{"file":"escobar456-768x448.png","width":768,"height":448,"mime-type":"image\/png","filesize":231144,"source_url":"https:\/\/nuevodigitaldeescobar.com.ar\/wp-content\/uploads\/2025\/08\/escobar456-768x448.png"}},"image_meta":{"aperture":"0","credit":"","camera":"","caption":"","created_timestamp":"0","copyright":"","focal_length":"0","iso":"0","shutter_speed":"0","title":"","orientation":"0","keywords":[]}},"post":16925,"source_url":"https:\/\/nuevodigitaldeescobar.com.ar\/wp-content\/uploads\/2025\/08\/escobar456.png"},"yoast_head":"<!-- This site is optimized with the Yoast SEO plugin v26.1.1 - https:\/\/yoast.com\/wordpress\/plugins\/seo\/ -->\n<title>Semana de sol y temperaturas agradables en Escobar y el AMBA: c\u00f3mo sigue el clima d\u00eda por d\u00eda - Nuevo Digital de Escobar<\/title>\n<meta name=\"robots\" content=\"index, follow, max-snippet:-1, max-image-preview:large, max-video-preview:-1\" \/>\n<link rel=\"canonical\" href=\"https:\/\/nuevodigitaldeescobar.com.ar\/?p=17487\" \/>\n<meta property=\"og:locale\" content=\"es_ES\" \/>\n<meta property=\"og:type\" content=\"article\" \/>\n<meta property=\"og:title\" content=\"Semana de sol y temperaturas agradables en Escobar y el AMBA: c\u00f3mo sigue el clima d\u00eda por d\u00eda - Nuevo Digital de Escobar\" \/>\n<meta property=\"og:description\" content=\"Tras un fin de semana marcado por el fr\u00edo y el viento en gran parte del pa\u00eds, el \u00c1rea Metropolitana de Buenos Aires (AMBA), y [&hellip;]\" \/>\n<meta property=\"og:url\" content=\"https:\/\/nuevodigitaldeescobar.com.ar\/?p=17487\" \/>\n<meta property=\"og:site_name\" content=\"Nuevo Digital de Escobar\" \/>\n<meta property=\"article:publisher\" content=\"https:\/\/www.facebook.com\/NUEVODigitalDeEscobar\" \/>\n<meta property=\"article:published_time\" content=\"2025-08-25T06:11:00+00:00\" \/>\n<meta property=\"og:image\" content=\"https:\/\/nuevodigitaldeescobar.com.ar\/wp-content\/uploads\/2025\/08\/escobar456.png\" \/>\n\t<meta property=\"og:image:width\" content=\"953\" \/>\n\t<meta property=\"og:image:height\" content=\"556\" \/>\n\t<meta property=\"og:image:type\" content=\"image\/png\" \/>\n<meta name=\"author\" content=\"Redacci\u00f3n\" \/>\n<meta name=\"twitter:card\" content=\"summary_large_image\" \/>\n<meta name=\"twitter:creator\" content=\"@nuevodigescobar\" \/>\n<meta name=\"twitter:site\" content=\"@nuevodigescobar\" \/>\n<meta name=\"twitter:label1\" content=\"Escrito por\" \/>\n\t<meta name=\"twitter:data1\" content=\"Redacci\u00f3n\" \/>\n\t<meta name=\"twitter:label2\" content=\"Tiempo de lectura\" \/>\n\t<meta name=\"twitter:data2\" content=\"3 minutos\" \/>\n<script type=\"application\/ld+json\" class=\"yoast-schema-graph\">{\"@context\":\"https:\/\/schema.org\",\"@graph\":[{\"@type\":\"Article\",\"@id\":\"https:\/\/nuevodigitaldeescobar.com.ar\/?p=17487#article\",\"isPartOf\":{\"@id\":\"https:\/\/nuevodigitaldeescobar.com.ar\/?p=17487\"},\"author\":{\"name\":\"Redacci\u00f3n\",\"@id\":\"https:\/\/nuevodigitaldeescobar.com.ar\/#\/schema\/person\/035e90a8efe9a80e6eec22656ad6ea4c\"},\"headline\":\"Semana de sol y temperaturas agradables en Escobar y el AMBA: c\u00f3mo sigue el clima d\u00eda por d\u00eda\",\"datePublished\":\"2025-08-25T06:11:00+00:00\",\"mainEntityOfPage\":{\"@id\":\"https:\/\/nuevodigitaldeescobar.com.ar\/?p=17487\"},\"wordCount\":522,\"commentCount\":0,\"publisher\":{\"@id\":\"https:\/\/nuevodigitaldeescobar.com.ar\/#organization\"},\"image\":{\"@id\":\"https:\/\/nuevodigitaldeescobar.com.ar\/?p=17487#primaryimage\"},\"thumbnailUrl\":\"https:\/\/nuevodigitaldeescobar.com.ar\/wp-content\/uploads\/2025\/08\/escobar456.png\",\"articleSection\":[\"Clima, Medioambiente y Sostenibilidad\"],\"inLanguage\":\"es\",\"potentialAction\":[{\"@type\":\"CommentAction\",\"name\":\"Comment\",\"target\":[\"https:\/\/nuevodigitaldeescobar.com.ar\/?p=17487#respond\"]}]},{\"@type\":\"WebPage\",\"@id\":\"https:\/\/nuevodigitaldeescobar.com.ar\/?p=17487\",\"url\":\"https:\/\/nuevodigitaldeescobar.com.ar\/?p=17487\",\"name\":\"Semana de sol y temperaturas agradables en Escobar y el AMBA: c\u00f3mo sigue el clima d\u00eda por d\u00eda - Nuevo Digital de Escobar\",\"isPartOf\":{\"@id\":\"https:\/\/nuevodigitaldeescobar.com.ar\/#website\"},\"primaryImageOfPage\":{\"@id\":\"https:\/\/nuevodigitaldeescobar.com.ar\/?p=17487#primaryimage\"},\"image\":{\"@id\":\"https:\/\/nuevodigitaldeescobar.com.ar\/?p=17487#primaryimage\"},\"thumbnailUrl\":\"https:\/\/nuevodigitaldeescobar.com.ar\/wp-content\/uploads\/2025\/08\/escobar456.png\",\"datePublished\":\"2025-08-25T06:11:00+00:00\",\"breadcrumb\":{\"@id\":\"https:\/\/nuevodigitaldeescobar.com.ar\/?p=17487#breadcrumb\"},\"inLanguage\":\"es\",\"potentialAction\":[{\"@type\":\"ReadAction\",\"target\":[\"https:\/\/nuevodigitaldeescobar.com.ar\/?p=17487\"]}]},{\"@type\":\"ImageObject\",\"inLanguage\":\"es\",\"@id\":\"https:\/\/nuevodigitaldeescobar.com.ar\/?p=17487#primaryimage\",\"url\":\"https:\/\/nuevodigitaldeescobar.com.ar\/wp-content\/uploads\/2025\/08\/escobar456.png\",\"contentUrl\":\"https:\/\/nuevodigitaldeescobar.com.ar\/wp-content\/uploads\/2025\/08\/escobar456.png\",\"width\":953,\"height\":556},{\"@type\":\"BreadcrumbList\",\"@id\":\"https:\/\/nuevodigitaldeescobar.com.ar\/?p=17487#breadcrumb\",\"itemListElement\":[{\"@type\":\"ListItem\",\"position\":1,\"name\":\"Portada\",\"item\":\"https:\/\/nuevodigitaldeescobar.com.ar\/\"},{\"@type\":\"ListItem\",\"position\":2,\"name\":\"Semana de sol y temperaturas agradables en Escobar y el AMBA: c\u00f3mo sigue el clima d\u00eda por d\u00eda\"}]},{\"@type\":\"WebSite\",\"@id\":\"https:\/\/nuevodigitaldeescobar.com.ar\/#website\",\"url\":\"https:\/\/nuevodigitaldeescobar.com.ar\/\",\"name\":\"Nuevo Digital de Escobar\",\"description\":\"La vida escobarense. Directora: Rosana Brunner\",\"publisher\":{\"@id\":\"https:\/\/nuevodigitaldeescobar.com.ar\/#organization\"},\"potentialAction\":[{\"@type\":\"SearchAction\",\"target\":{\"@type\":\"EntryPoint\",\"urlTemplate\":\"https:\/\/nuevodigitaldeescobar.com.ar\/?s={search_term_string}\"},\"query-input\":{\"@type\":\"PropertyValueSpecification\",\"valueRequired\":true,\"valueName\":\"search_term_string\"}}],\"inLanguage\":\"es\"},{\"@type\":\"Organization\",\"@id\":\"https:\/\/nuevodigitaldeescobar.com.ar\/#organization\",\"name\":\"Nuevo Digital de Escobar\",\"url\":\"https:\/\/nuevodigitaldeescobar.com.ar\/\",\"logo\":{\"@type\":\"ImageObject\",\"inLanguage\":\"es\",\"@id\":\"https:\/\/nuevodigitaldeescobar.com.ar\/#\/schema\/logo\/image\/\",\"url\":\"https:\/\/nuevodigitaldeescobar.com.ar\/wp-content\/uploads\/2025\/05\/cropped-logo-nuevo2.jpg\",\"contentUrl\":\"https:\/\/nuevodigitaldeescobar.com.ar\/wp-content\/uploads\/2025\/05\/cropped-logo-nuevo2.jpg\",\"width\":305,\"height\":305,\"caption\":\"Nuevo Digital de Escobar\"},\"image\":{\"@id\":\"https:\/\/nuevodigitaldeescobar.com.ar\/#\/schema\/logo\/image\/\"},\"sameAs\":[\"https:\/\/www.facebook.com\/NUEVODigitalDeEscobar\",\"https:\/\/x.com\/nuevodigescobar\",\"https:\/\/www.instagram.com\/nuevodigitaldeescobar\"]},{\"@type\":\"Person\",\"@id\":\"https:\/\/nuevodigitaldeescobar.com.ar\/#\/schema\/person\/035e90a8efe9a80e6eec22656ad6ea4c\",\"name\":\"Redacci\u00f3n\",\"image\":{\"@type\":\"ImageObject\",\"inLanguage\":\"es\",\"@id\":\"https:\/\/nuevodigitaldeescobar.com.ar\/#\/schema\/person\/image\/\",\"url\":\"https:\/\/secure.gravatar.com\/avatar\/8af8f40000c24e9eef3034f2be5998a372bb1389e64b1a4a36b3a7979142220d?s=96&d=mm&r=g\",\"contentUrl\":\"https:\/\/secure.gravatar.com\/avatar\/8af8f40000c24e9eef3034f2be5998a372bb1389e64b1a4a36b3a7979142220d?s=96&d=mm&r=g\",\"caption\":\"Redacci\u00f3n\"},\"sameAs\":[\"http:\/\/nuevodigitaldeescobar.com.ar\"],\"url\":\"https:\/\/nuevodigitaldeescobar.com.ar\/?author=1\"}]}<\/script>\n<!-- \/ Yoast SEO plugin. -->","yoast_head_json":{"title":"Semana de sol y temperaturas agradables en Escobar y el AMBA: c\u00f3mo sigue el clima d\u00eda por d\u00eda - Nuevo Digital de Escobar","robots":{"index":"index","follow":"follow","max-snippet":"max-snippet:-1","max-image-preview":"max-image-preview:large","max-video-preview":"max-video-preview:-1"},"canonical":"https:\/\/nuevodigitaldeescobar.com.ar\/?p=17487","og_locale":"es_ES","og_type":"article","og_title":"Semana de sol y temperaturas agradables en Escobar y el AMBA: c\u00f3mo sigue el clima d\u00eda por d\u00eda - Nuevo Digital de Escobar","og_description":"Tras un fin de semana marcado por el fr\u00edo y el viento en gran parte del pa\u00eds, el \u00c1rea Metropolitana de Buenos Aires (AMBA), y [&hellip;]","og_url":"https:\/\/nuevodigitaldeescobar.com.ar\/?p=17487","og_site_name":"Nuevo Digital de Escobar","article_publisher":"https:\/\/www.facebook.com\/NUEVODigitalDeEscobar","article_published_time":"2025-08-25T06:11:00+00:00","og_image":[{"width":953,"height":556,"url":"https:\/\/nuevodigitaldeescobar.com.ar\/wp-content\/uploads\/2025\/08\/escobar456.png","type":"image\/png"}],"author":"Redacci\u00f3n","twitter_card":"summary_large_image","twitter_creator":"@nuevodigescobar","twitter_site":"@nuevodigescobar","twitter_misc":{"Escrito por":"Redacci\u00f3n","Tiempo de lectura":"3 minutos"},"schema":{"@context":"https:\/\/schema.org","@graph":[{"@type":"Article","@id":"https:\/\/nuevodigitaldeescobar.com.ar\/?p=17487#article","isPartOf":{"@id":"https:\/\/nuevodigitaldeescobar.com.ar\/?p=17487"},"author":{"name":"Redacci\u00f3n","@id":"https:\/\/nuevodigitaldeescobar.com.ar\/#\/schema\/person\/035e90a8efe9a80e6eec22656ad6ea4c"},"headline":"Semana de sol y temperaturas agradables en Escobar y el AMBA: c\u00f3mo sigue el clima d\u00eda por d\u00eda","datePublished":"2025-08-25T06:11:00+00:00","mainEntityOfPage":{"@id":"https:\/\/nuevodigitaldeescobar.com.ar\/?p=17487"},"wordCount":522,"commentCount":0,"publisher":{"@id":"https:\/\/nuevodigitaldeescobar.com.ar\/#organization"},"image":{"@id":"https:\/\/nuevodigitaldeescobar.com.ar\/?p=17487#primaryimage"},"thumbnailUrl":"https:\/\/nuevodigitaldeescobar.com.ar\/wp-content\/uploads\/2025\/08\/escobar456.png","articleSection":["Clima, Medioambiente y Sostenibilidad"],"inLanguage":"es","potentialAction":[{"@type":"CommentAction","name":"Comment","target":["https:\/\/nuevodigitaldeescobar.com.ar\/?p=17487#respond"]}]},{"@type":"WebPage","@id":"https:\/\/nuevodigitaldeescobar.com.ar\/?p=17487","url":"https:\/\/nuevodigitaldeescobar.com.ar\/?p=17487","name":"Semana de sol y temperaturas agradables en Escobar y el AMBA: c\u00f3mo sigue el clima d\u00eda por d\u00eda - Nuevo Digital de Escobar","isPartOf":{"@id":"https:\/\/nuevodigitaldeescobar.com.ar\/#website"},"primaryImageOfPage":{"@id":"https:\/\/nuevodigitaldeescobar.com.ar\/?p=17487#primaryimage"},"image":{"@id":"https:\/\/nuevodigitaldeescobar.com.ar\/?p=17487#primaryimage"},"thumbnailUrl":"https:\/\/nuevodigitaldeescobar.com.ar\/wp-content\/uploads\/2025\/08\/escobar456.png","datePublished":"2025-08-25T06:11:00+00:00","breadcrumb":{"@id":"https:\/\/nuevodigitaldeescobar.com.ar\/?p=17487#breadcrumb"},"inLanguage":"es","potentialAction":[{"@type":"ReadAction","target":["https:\/\/nuevodigitaldeescobar.com.ar\/?p=17487"]}]},{"@type":"ImageObject","inLanguage":"es","@id":"https:\/\/nuevodigitaldeescobar.com.ar\/?p=17487#primaryimage","url":"https:\/\/nuevodigitaldeescobar.com.ar\/wp-content\/uploads\/2025\/08\/escobar456.png","contentUrl":"https:\/\/nuevodigitaldeescobar.com.ar\/wp-content\/uploads\/2025\/08\/escobar456.png","width":953,"height":556},{"@type":"BreadcrumbList","@id":"https:\/\/nuevodigitaldeescobar.com.ar\/?p=17487#breadcrumb","itemListElement":[{"@type":"ListItem","position":1,"name":"Portada","item":"https:\/\/nuevodigitaldeescobar.com.ar\/"},{"@type":"ListItem","position":2,"name":"Semana de sol y temperaturas agradables en Escobar y el AMBA: c\u00f3mo sigue el clima d\u00eda por d\u00eda"}]},{"@type":"WebSite","@id":"https:\/\/nuevodigitaldeescobar.com.ar\/#website","url":"https:\/\/nuevodigitaldeescobar.com.ar\/","name":"Nuevo Digital de Escobar","description":"La vida escobarense. Directora: Rosana Brunner","publisher":{"@id":"https:\/\/nuevodigitaldeescobar.com.ar\/#organization"},"potentialAction":[{"@type":"SearchAction","target":{"@type":"EntryPoint","urlTemplate":"https:\/\/nuevodigitaldeescobar.com.ar\/?s={search_term_string}"},"query-input":{"@type":"PropertyValueSpecification","valueRequired":true,"valueName":"search_term_string"}}],"inLanguage":"es"},{"@type":"Organization","@id":"https:\/\/nuevodigitaldeescobar.com.ar\/#organization","name":"Nuevo Digital de Escobar","url":"https:\/\/nuevodigitaldeescobar.com.ar\/","logo":{"@type":"ImageObject","inLanguage":"es","@id":"https:\/\/nuevodigitaldeescobar.com.ar\/#\/schema\/logo\/image\/","url":"https:\/\/nuevodigitaldeescobar.com.ar\/wp-content\/uploads\/2025\/05\/cropped-logo-nuevo2.jpg","contentUrl":"https:\/\/nuevodigitaldeescobar.com.ar\/wp-content\/uploads\/2025\/05\/cropped-logo-nuevo2.jpg","width":305,"height":305,"caption":"Nuevo Digital de Escobar"},"image":{"@id":"https:\/\/nuevodigitaldeescobar.com.ar\/#\/schema\/logo\/image\/"},"sameAs":["https:\/\/www.facebook.com\/NUEVODigitalDeEscobar","https:\/\/x.com\/nuevodigescobar","https:\/\/www.instagram.com\/nuevodigitaldeescobar"]},{"@type":"Person","@id":"https:\/\/nuevodigitaldeescobar.com.ar\/#\/schema\/person\/035e90a8efe9a80e6eec22656ad6ea4c","name":"Redacci\u00f3n","image":{"@type":"ImageObject","inLanguage":"es","@id":"https:\/\/nuevodigitaldeescobar.com.ar\/#\/schema\/person\/image\/","url":"https:\/\/secure.gravatar.com\/avatar\/8af8f40000c24e9eef3034f2be5998a372bb1389e64b1a4a36b3a7979142220d?s=96&d=mm&r=g","contentUrl":"https:\/\/secure.gravatar.com\/avatar\/8af8f40000c24e9eef3034f2be5998a372bb1389e64b1a4a36b3a7979142220d?s=96&d=mm&r=g","caption":"Redacci\u00f3n"},"sameAs":["http:\/\/nuevodigitaldeescobar.com.ar"],"url":"https:\/\/nuevodigitaldeescobar.com.ar\/?author=1"}]}},"featured_image_urls":{"full":["https:\/\/nuevodigitaldeescobar.com.ar\/wp-content\/uploads\/2025\/08\/escobar456.png",953,556,false],"thumbnail":["https:\/\/nuevodigitaldeescobar.com.ar\/wp-content\/uploads\/2025\/08\/escobar456-150x150.png",150,150,true],"medium":["https:\/\/nuevodigitaldeescobar.com.ar\/wp-content\/uploads\/2025\/08\/escobar456-300x175.png",300,175,true],"medium_large":["https:\/\/nuevodigitaldeescobar.com.ar\/wp-content\/uploads\/2025\/08\/escobar456-768x448.png",640,373,true],"large":["https:\/\/nuevodigitaldeescobar.com.ar\/wp-content\/uploads\/2025\/08\/escobar456.png",640,373,false],"1536x1536":["https:\/\/nuevodigitaldeescobar.com.ar\/wp-content\/uploads\/2025\/08\/escobar456.png",953,556,false],"2048x2048":["https:\/\/nuevodigitaldeescobar.com.ar\/wp-content\/uploads\/2025\/08\/escobar456.png",953,556,false]},"author_info":{"display_name":"Redacci\u00f3n","author_link":"https:\/\/nuevodigitaldeescobar.com.ar\/?author=1"},"category_info":"<a href=\"https:\/\/nuevodigitaldeescobar.com.ar\/?cat=14\" rel=\"category\">Clima, Medioambiente y Sostenibilidad<\/a>","tag_info":"Clima, Medioambiente y Sostenibilidad","comment_count":"0","_links":{"self":[{"href":"https:\/\/nuevodigitaldeescobar.com.ar\/index.php?rest_route=\/wp\/v2\/posts\/17487","targetHints":{"allow":["GET"]}}],"collection":[{"href":"https:\/\/nuevodigitaldeescobar.com.ar\/index.php?rest_route=\/wp\/v2\/posts"}],"about":[{"href":"https:\/\/nuevodigitaldeescobar.com.ar\/index.php?rest_route=\/wp\/v2\/types\/post"}],"author":[{"embeddable":true,"href":"https:\/\/nuevodigitaldeescobar.com.ar\/index.php?rest_route=\/wp\/v2\/users\/1"}],"replies":[{"embeddable":true,"href":"https:\/\/nuevodigitaldeescobar.com.ar\/index.php?rest_route=%2Fwp%2Fv2%2Fcomments&post=17487"}],"version-history":[{"count":1,"href":"https:\/\/nuevodigitaldeescobar.com.ar\/index.php?rest_route=\/wp\/v2\/posts\/17487\/revisions"}],"predecessor-version":[{"id":17488,"href":"https:\/\/nuevodigitaldeescobar.com.ar\/index.php?rest_route=\/wp\/v2\/posts\/17487\/revisions\/17488"}],"wp:featuredmedia":[{"embeddable":true,"href":"https:\/\/nuevodigitaldeescobar.com.ar\/index.php?rest_route=\/wp\/v2\/media\/16926"}],"wp:attachment":[{"href":"https:\/\/nuevodigitaldeescobar.com.ar\/index.php?rest_route=%2Fwp%2Fv2%2Fmedia&parent=17487"}],"wp:term":[{"taxonomy":"category","embeddable":true,"href":"https:\/\/nuevodigitaldeescobar.com.ar\/index.php?rest_route=%2Fwp%2Fv2%2Fcategories&post=17487"},{"taxonomy":"post_tag","embeddable":true,"href":"https:\/\/nuevodigitaldeescobar.com.ar\/index.php?rest_route=%2Fwp%2Fv2%2Ftags&post=17487"}],"curies":[{"name":"wp","href":"https:\/\/api.w.org\/{rel}","templated":true}]}}