{"id":17521,"date":"2025-08-26T04:33:00","date_gmt":"2025-08-26T07:33:00","guid":{"rendered":"https:\/\/nuevodigitaldeescobar.com.ar\/?p=17521"},"modified":"2025-08-25T18:37:35","modified_gmt":"2025-08-25T21:37:35","slug":"vuelven-a-escobar-la-feria-universitaria-y-la-feria-del-libro","status":"publish","type":"post","link":"https:\/\/nuevodigitaldeescobar.com.ar\/?p=17521","title":{"rendered":"Vuelven a Escobar la Feria Universitaria y la Feria del Libro"},"content":{"rendered":"\n<p>En el marco de la Semana de la Educaci\u00f3n, la Municipalidad de Escobar llevar\u00e1 adelante dos eventos gratuitos. El jueves 28 de agosto se realizar\u00e1 la Feria Universitaria 2025, mientras que en simult\u00e1neo tendr\u00e1 lugar la d\u00e9cima edici\u00f3n de la Feria del Libro de Escobar, la cual se extender\u00e1 hasta el s\u00e1bado 30. <\/p>\n\n\n\n<!--more-->\n\n\n\n<p>Ambos encuentros se desarrollar\u00e1n en la Plaza Lambertuchi, ubicada en Col\u00f3n y Ameghino, Bel\u00e9n de Escobar.<\/p>\n\n\n\n<p>La Feria Universitaria se llevar\u00e1 a cabo de 9 a 18 horas, con la participaci\u00f3n de universidades, facultades e institutos, tanto p\u00fablicos como privados, entre los que se encuentran lla &nbsp;UBA, UTN, UNTREF, USAL, UNLa, Universidad Siglo 21, entre muchas otras. Adem\u00e1s de los stands informativos, habr\u00e1 charlas sobre distintas carreras, clases abiertas y actividades al aire libre pensadas para que estudiantes y visitantes puedan conocer la amplia oferta acad\u00e9mica compartiendo una jornada educativa y recreativa.<\/p>\n\n\n<div class=\"wp-block-image\">\n<figure class=\"aligncenter size-large\"><img fetchpriority=\"high\" decoding=\"async\" width=\"1024\" height=\"682\" src=\"http:\/\/nuevodigitaldeescobar.com.ar\/wp-content\/uploads\/2025\/08\/whatsapp_image_2025_08_25_at_16_28_40-1024x682.jpeg\" alt=\"\" class=\"wp-image-17523\" srcset=\"https:\/\/nuevodigitaldeescobar.com.ar\/wp-content\/uploads\/2025\/08\/whatsapp_image_2025_08_25_at_16_28_40-1024x682.jpeg 1024w, https:\/\/nuevodigitaldeescobar.com.ar\/wp-content\/uploads\/2025\/08\/whatsapp_image_2025_08_25_at_16_28_40-300x200.jpeg 300w, https:\/\/nuevodigitaldeescobar.com.ar\/wp-content\/uploads\/2025\/08\/whatsapp_image_2025_08_25_at_16_28_40-768x512.jpeg 768w, https:\/\/nuevodigitaldeescobar.com.ar\/wp-content\/uploads\/2025\/08\/whatsapp_image_2025_08_25_at_16_28_40-1536x1023.jpeg 1536w, https:\/\/nuevodigitaldeescobar.com.ar\/wp-content\/uploads\/2025\/08\/whatsapp_image_2025_08_25_at_16_28_40.jpeg 1600w\" sizes=\"(max-width: 1024px) 100vw, 1024px\" \/><\/figure><\/div>\n\n\n<p>Por su parte, la d\u00e9cima edici\u00f3n de la Feria del Libro de Escobar se desarrollar\u00e1 durante tres d\u00edas con una programaci\u00f3n diversa que incluye conferencias, presentaciones de autores, talleres de escritura y lectura, espect\u00e1culos infantiles y actividades art\u00edsticas. Entre los encuentros destacados figuran las presentaciones de Sergio Maldonado con su obra Olvidar es imposible, Santiago mi hermano y Ariel Basteiro con Radiograf\u00eda de una canallada. Tambi\u00e9n habr\u00e1 una feria de vinilos, un sector dedicado al anim\u00e9, food trucks y un torneo de ajedrez abierto a la comunidad, ampliando as\u00ed las propuestas para toda la familia.<\/p>\n","protected":false},"excerpt":{"rendered":"<p>En el marco de la Semana de la Educaci\u00f3n, la Municipalidad de Escobar llevar\u00e1 adelante dos eventos gratuitos. El jueves 28 de agosto se realizar\u00e1 [&hellip;]<\/p>\n","protected":false},"author":1,"featured_media":17522,"comment_status":"open","ping_status":"open","sticky":false,"template":"","format":"standard","meta":{"footnotes":""},"categories":[4],"tags":[437,436],"class_list":["post-17521","post","type-post","status-publish","format-standard","has-post-thumbnail","hentry","category-educacion","tag-feria-del-libro","tag-feria-universitaria"],"better_featured_image":{"id":17522,"alt_text":"","caption":"","description":"","media_type":"image","media_details":{"width":1600,"height":1066,"file":"2025\/08\/whatsapp_image_2025_08_25_at_16_28_38.jpeg","filesize":414455,"sizes":{"medium":{"file":"whatsapp_image_2025_08_25_at_16_28_38-300x200.jpeg","width":300,"height":200,"mime-type":"image\/jpeg","filesize":17366,"source_url":"https:\/\/nuevodigitaldeescobar.com.ar\/wp-content\/uploads\/2025\/08\/whatsapp_image_2025_08_25_at_16_28_38-300x200.jpeg"},"large":{"file":"whatsapp_image_2025_08_25_at_16_28_38-1024x682.jpeg","width":1024,"height":682,"mime-type":"image\/jpeg","filesize":120721,"source_url":"https:\/\/nuevodigitaldeescobar.com.ar\/wp-content\/uploads\/2025\/08\/whatsapp_image_2025_08_25_at_16_28_38-1024x682.jpeg"},"thumbnail":{"file":"whatsapp_image_2025_08_25_at_16_28_38-150x150.jpeg","width":150,"height":150,"mime-type":"image\/jpeg","filesize":7980,"source_url":"https:\/\/nuevodigitaldeescobar.com.ar\/wp-content\/uploads\/2025\/08\/whatsapp_image_2025_08_25_at_16_28_38-150x150.jpeg"},"medium_large":{"file":"whatsapp_image_2025_08_25_at_16_28_38-768x512.jpeg","width":768,"height":512,"mime-type":"image\/jpeg","filesize":76758,"source_url":"https:\/\/nuevodigitaldeescobar.com.ar\/wp-content\/uploads\/2025\/08\/whatsapp_image_2025_08_25_at_16_28_38-768x512.jpeg"},"1536x1536":{"file":"whatsapp_image_2025_08_25_at_16_28_38-1536x1023.jpeg","width":1536,"height":1023,"mime-type":"image\/jpeg","filesize":229097,"source_url":"https:\/\/nuevodigitaldeescobar.com.ar\/wp-content\/uploads\/2025\/08\/whatsapp_image_2025_08_25_at_16_28_38-1536x1023.jpeg"}},"image_meta":{"aperture":"0","credit":"","camera":"","caption":"","created_timestamp":"0","copyright":"","focal_length":"0","iso":"0","shutter_speed":"0","title":"","orientation":"0","keywords":[]}},"post":17521,"source_url":"https:\/\/nuevodigitaldeescobar.com.ar\/wp-content\/uploads\/2025\/08\/whatsapp_image_2025_08_25_at_16_28_38.jpeg"},"yoast_head":"<!-- This site is optimized with the Yoast SEO plugin v26.1.1 - https:\/\/yoast.com\/wordpress\/plugins\/seo\/ -->\n<title>Vuelven a Escobar la Feria Universitaria y la Feria del Libro - Nuevo Digital de Escobar<\/title>\n<meta name=\"description\" content=\"Ambos encuentros se desarrollar\u00e1n en la Plaza Lambertuchi, ubicada en Col\u00f3n y Ameghino, Bel\u00e9n de Escobar.\" \/>\n<meta name=\"robots\" content=\"index, follow, max-snippet:-1, max-image-preview:large, max-video-preview:-1\" \/>\n<link rel=\"canonical\" href=\"https:\/\/nuevodigitaldeescobar.com.ar\/?p=17521\" \/>\n<meta property=\"og:locale\" content=\"es_ES\" \/>\n<meta property=\"og:type\" content=\"article\" \/>\n<meta property=\"og:title\" content=\"Vuelven a Escobar la Feria Universitaria y la Feria del Libro\" \/>\n<meta property=\"og:description\" content=\"Ambos encuentros se desarrollar\u00e1n en la Plaza Lambertuchi, ubicada en Col\u00f3n y Ameghino, Bel\u00e9n de Escobar.\" \/>\n<meta property=\"og:url\" content=\"https:\/\/nuevodigitaldeescobar.com.ar\/?p=17521\" \/>\n<meta property=\"og:site_name\" content=\"Nuevo Digital de Escobar\" \/>\n<meta property=\"article:publisher\" content=\"https:\/\/www.facebook.com\/NUEVODigitalDeEscobar\" \/>\n<meta property=\"article:published_time\" content=\"2025-08-26T07:33:00+00:00\" \/>\n<meta property=\"og:image\" content=\"https:\/\/nuevodigitaldeescobar.com.ar\/wp-content\/uploads\/2025\/08\/whatsapp_image_2025_08_25_at_16_28_38.jpeg\" \/>\n\t<meta property=\"og:image:width\" content=\"1600\" \/>\n\t<meta property=\"og:image:height\" content=\"1066\" \/>\n\t<meta property=\"og:image:type\" content=\"image\/jpeg\" \/>\n<meta name=\"author\" content=\"Redacci\u00f3n\" \/>\n<meta name=\"twitter:card\" content=\"summary_large_image\" \/>\n<meta name=\"twitter:creator\" content=\"@nuevodigescobar\" \/>\n<meta name=\"twitter:site\" content=\"@nuevodigescobar\" \/>\n<meta name=\"twitter:label1\" content=\"Escrito por\" \/>\n\t<meta name=\"twitter:data1\" content=\"Redacci\u00f3n\" \/>\n\t<meta name=\"twitter:label2\" content=\"Tiempo de lectura\" \/>\n\t<meta name=\"twitter:data2\" content=\"2 minutos\" \/>\n<script type=\"application\/ld+json\" class=\"yoast-schema-graph\">{\"@context\":\"https:\/\/schema.org\",\"@graph\":[{\"@type\":\"Article\",\"@id\":\"https:\/\/nuevodigitaldeescobar.com.ar\/?p=17521#article\",\"isPartOf\":{\"@id\":\"https:\/\/nuevodigitaldeescobar.com.ar\/?p=17521\"},\"author\":{\"name\":\"Redacci\u00f3n\",\"@id\":\"https:\/\/nuevodigitaldeescobar.com.ar\/#\/schema\/person\/035e90a8efe9a80e6eec22656ad6ea4c\"},\"headline\":\"Vuelven a Escobar la Feria Universitaria y la Feria del Libro\",\"datePublished\":\"2025-08-26T07:33:00+00:00\",\"mainEntityOfPage\":{\"@id\":\"https:\/\/nuevodigitaldeescobar.com.ar\/?p=17521\"},\"wordCount\":266,\"commentCount\":0,\"publisher\":{\"@id\":\"https:\/\/nuevodigitaldeescobar.com.ar\/#organization\"},\"image\":{\"@id\":\"https:\/\/nuevodigitaldeescobar.com.ar\/?p=17521#primaryimage\"},\"thumbnailUrl\":\"https:\/\/nuevodigitaldeescobar.com.ar\/wp-content\/uploads\/2025\/08\/whatsapp_image_2025_08_25_at_16_28_38.jpeg\",\"keywords\":[\"Feria del Libro\",\"Feria Universitaria\"],\"articleSection\":[\"Educaci\u00f3n\"],\"inLanguage\":\"es\",\"potentialAction\":[{\"@type\":\"CommentAction\",\"name\":\"Comment\",\"target\":[\"https:\/\/nuevodigitaldeescobar.com.ar\/?p=17521#respond\"]}]},{\"@type\":\"WebPage\",\"@id\":\"https:\/\/nuevodigitaldeescobar.com.ar\/?p=17521\",\"url\":\"https:\/\/nuevodigitaldeescobar.com.ar\/?p=17521\",\"name\":\"Vuelven a Escobar la Feria Universitaria y la Feria del Libro - Nuevo Digital de Escobar\",\"isPartOf\":{\"@id\":\"https:\/\/nuevodigitaldeescobar.com.ar\/#website\"},\"primaryImageOfPage\":{\"@id\":\"https:\/\/nuevodigitaldeescobar.com.ar\/?p=17521#primaryimage\"},\"image\":{\"@id\":\"https:\/\/nuevodigitaldeescobar.com.ar\/?p=17521#primaryimage\"},\"thumbnailUrl\":\"https:\/\/nuevodigitaldeescobar.com.ar\/wp-content\/uploads\/2025\/08\/whatsapp_image_2025_08_25_at_16_28_38.jpeg\",\"datePublished\":\"2025-08-26T07:33:00+00:00\",\"description\":\"Ambos encuentros se desarrollar\u00e1n en la Plaza Lambertuchi, ubicada en Col\u00f3n y Ameghino, Bel\u00e9n de Escobar.\",\"breadcrumb\":{\"@id\":\"https:\/\/nuevodigitaldeescobar.com.ar\/?p=17521#breadcrumb\"},\"inLanguage\":\"es\",\"potentialAction\":[{\"@type\":\"ReadAction\",\"target\":[\"https:\/\/nuevodigitaldeescobar.com.ar\/?p=17521\"]}]},{\"@type\":\"ImageObject\",\"inLanguage\":\"es\",\"@id\":\"https:\/\/nuevodigitaldeescobar.com.ar\/?p=17521#primaryimage\",\"url\":\"https:\/\/nuevodigitaldeescobar.com.ar\/wp-content\/uploads\/2025\/08\/whatsapp_image_2025_08_25_at_16_28_38.jpeg\",\"contentUrl\":\"https:\/\/nuevodigitaldeescobar.com.ar\/wp-content\/uploads\/2025\/08\/whatsapp_image_2025_08_25_at_16_28_38.jpeg\",\"width\":1600,\"height\":1066},{\"@type\":\"BreadcrumbList\",\"@id\":\"https:\/\/nuevodigitaldeescobar.com.ar\/?p=17521#breadcrumb\",\"itemListElement\":[{\"@type\":\"ListItem\",\"position\":1,\"name\":\"Portada\",\"item\":\"https:\/\/nuevodigitaldeescobar.com.ar\/\"},{\"@type\":\"ListItem\",\"position\":2,\"name\":\"Vuelven a Escobar la Feria Universitaria y la Feria del Libro\"}]},{\"@type\":\"WebSite\",\"@id\":\"https:\/\/nuevodigitaldeescobar.com.ar\/#website\",\"url\":\"https:\/\/nuevodigitaldeescobar.com.ar\/\",\"name\":\"Nuevo Digital de Escobar\",\"description\":\"La vida escobarense. Directora: Rosana Brunner\",\"publisher\":{\"@id\":\"https:\/\/nuevodigitaldeescobar.com.ar\/#organization\"},\"potentialAction\":[{\"@type\":\"SearchAction\",\"target\":{\"@type\":\"EntryPoint\",\"urlTemplate\":\"https:\/\/nuevodigitaldeescobar.com.ar\/?s={search_term_string}\"},\"query-input\":{\"@type\":\"PropertyValueSpecification\",\"valueRequired\":true,\"valueName\":\"search_term_string\"}}],\"inLanguage\":\"es\"},{\"@type\":\"Organization\",\"@id\":\"https:\/\/nuevodigitaldeescobar.com.ar\/#organization\",\"name\":\"Nuevo Digital de Escobar\",\"url\":\"https:\/\/nuevodigitaldeescobar.com.ar\/\",\"logo\":{\"@type\":\"ImageObject\",\"inLanguage\":\"es\",\"@id\":\"https:\/\/nuevodigitaldeescobar.com.ar\/#\/schema\/logo\/image\/\",\"url\":\"https:\/\/nuevodigitaldeescobar.com.ar\/wp-content\/uploads\/2025\/05\/cropped-logo-nuevo2.jpg\",\"contentUrl\":\"https:\/\/nuevodigitaldeescobar.com.ar\/wp-content\/uploads\/2025\/05\/cropped-logo-nuevo2.jpg\",\"width\":305,\"height\":305,\"caption\":\"Nuevo Digital de Escobar\"},\"image\":{\"@id\":\"https:\/\/nuevodigitaldeescobar.com.ar\/#\/schema\/logo\/image\/\"},\"sameAs\":[\"https:\/\/www.facebook.com\/NUEVODigitalDeEscobar\",\"https:\/\/x.com\/nuevodigescobar\",\"https:\/\/www.instagram.com\/nuevodigitaldeescobar\"]},{\"@type\":\"Person\",\"@id\":\"https:\/\/nuevodigitaldeescobar.com.ar\/#\/schema\/person\/035e90a8efe9a80e6eec22656ad6ea4c\",\"name\":\"Redacci\u00f3n\",\"image\":{\"@type\":\"ImageObject\",\"inLanguage\":\"es\",\"@id\":\"https:\/\/nuevodigitaldeescobar.com.ar\/#\/schema\/person\/image\/\",\"url\":\"https:\/\/secure.gravatar.com\/avatar\/8af8f40000c24e9eef3034f2be5998a372bb1389e64b1a4a36b3a7979142220d?s=96&d=mm&r=g\",\"contentUrl\":\"https:\/\/secure.gravatar.com\/avatar\/8af8f40000c24e9eef3034f2be5998a372bb1389e64b1a4a36b3a7979142220d?s=96&d=mm&r=g\",\"caption\":\"Redacci\u00f3n\"},\"sameAs\":[\"http:\/\/nuevodigitaldeescobar.com.ar\"],\"url\":\"https:\/\/nuevodigitaldeescobar.com.ar\/?author=1\"}]}<\/script>\n<!-- \/ Yoast SEO plugin. -->","yoast_head_json":{"title":"Vuelven a Escobar la Feria Universitaria y la Feria del Libro - Nuevo Digital de Escobar","description":"Ambos encuentros se desarrollar\u00e1n en la Plaza Lambertuchi, ubicada en Col\u00f3n y Ameghino, Bel\u00e9n de Escobar.","robots":{"index":"index","follow":"follow","max-snippet":"max-snippet:-1","max-image-preview":"max-image-preview:large","max-video-preview":"max-video-preview:-1"},"canonical":"https:\/\/nuevodigitaldeescobar.com.ar\/?p=17521","og_locale":"es_ES","og_type":"article","og_title":"Vuelven a Escobar la Feria Universitaria y la Feria del Libro","og_description":"Ambos encuentros se desarrollar\u00e1n en la Plaza Lambertuchi, ubicada en Col\u00f3n y Ameghino, Bel\u00e9n de Escobar.","og_url":"https:\/\/nuevodigitaldeescobar.com.ar\/?p=17521","og_site_name":"Nuevo Digital de Escobar","article_publisher":"https:\/\/www.facebook.com\/NUEVODigitalDeEscobar","article_published_time":"2025-08-26T07:33:00+00:00","og_image":[{"width":1600,"height":1066,"url":"https:\/\/nuevodigitaldeescobar.com.ar\/wp-content\/uploads\/2025\/08\/whatsapp_image_2025_08_25_at_16_28_38.jpeg","type":"image\/jpeg"}],"author":"Redacci\u00f3n","twitter_card":"summary_large_image","twitter_creator":"@nuevodigescobar","twitter_site":"@nuevodigescobar","twitter_misc":{"Escrito por":"Redacci\u00f3n","Tiempo de lectura":"2 minutos"},"schema":{"@context":"https:\/\/schema.org","@graph":[{"@type":"Article","@id":"https:\/\/nuevodigitaldeescobar.com.ar\/?p=17521#article","isPartOf":{"@id":"https:\/\/nuevodigitaldeescobar.com.ar\/?p=17521"},"author":{"name":"Redacci\u00f3n","@id":"https:\/\/nuevodigitaldeescobar.com.ar\/#\/schema\/person\/035e90a8efe9a80e6eec22656ad6ea4c"},"headline":"Vuelven a Escobar la Feria Universitaria y la Feria del Libro","datePublished":"2025-08-26T07:33:00+00:00","mainEntityOfPage":{"@id":"https:\/\/nuevodigitaldeescobar.com.ar\/?p=17521"},"wordCount":266,"commentCount":0,"publisher":{"@id":"https:\/\/nuevodigitaldeescobar.com.ar\/#organization"},"image":{"@id":"https:\/\/nuevodigitaldeescobar.com.ar\/?p=17521#primaryimage"},"thumbnailUrl":"https:\/\/nuevodigitaldeescobar.com.ar\/wp-content\/uploads\/2025\/08\/whatsapp_image_2025_08_25_at_16_28_38.jpeg","keywords":["Feria del Libro","Feria Universitaria"],"articleSection":["Educaci\u00f3n"],"inLanguage":"es","potentialAction":[{"@type":"CommentAction","name":"Comment","target":["https:\/\/nuevodigitaldeescobar.com.ar\/?p=17521#respond"]}]},{"@type":"WebPage","@id":"https:\/\/nuevodigitaldeescobar.com.ar\/?p=17521","url":"https:\/\/nuevodigitaldeescobar.com.ar\/?p=17521","name":"Vuelven a Escobar la Feria Universitaria y la Feria del Libro - Nuevo Digital de Escobar","isPartOf":{"@id":"https:\/\/nuevodigitaldeescobar.com.ar\/#website"},"primaryImageOfPage":{"@id":"https:\/\/nuevodigitaldeescobar.com.ar\/?p=17521#primaryimage"},"image":{"@id":"https:\/\/nuevodigitaldeescobar.com.ar\/?p=17521#primaryimage"},"thumbnailUrl":"https:\/\/nuevodigitaldeescobar.com.ar\/wp-content\/uploads\/2025\/08\/whatsapp_image_2025_08_25_at_16_28_38.jpeg","datePublished":"2025-08-26T07:33:00+00:00","description":"Ambos encuentros se desarrollar\u00e1n en la Plaza Lambertuchi, ubicada en Col\u00f3n y Ameghino, Bel\u00e9n de Escobar.","breadcrumb":{"@id":"https:\/\/nuevodigitaldeescobar.com.ar\/?p=17521#breadcrumb"},"inLanguage":"es","potentialAction":[{"@type":"ReadAction","target":["https:\/\/nuevodigitaldeescobar.com.ar\/?p=17521"]}]},{"@type":"ImageObject","inLanguage":"es","@id":"https:\/\/nuevodigitaldeescobar.com.ar\/?p=17521#primaryimage","url":"https:\/\/nuevodigitaldeescobar.com.ar\/wp-content\/uploads\/2025\/08\/whatsapp_image_2025_08_25_at_16_28_38.jpeg","contentUrl":"https:\/\/nuevodigitaldeescobar.com.ar\/wp-content\/uploads\/2025\/08\/whatsapp_image_2025_08_25_at_16_28_38.jpeg","width":1600,"height":1066},{"@type":"BreadcrumbList","@id":"https:\/\/nuevodigitaldeescobar.com.ar\/?p=17521#breadcrumb","itemListElement":[{"@type":"ListItem","position":1,"name":"Portada","item":"https:\/\/nuevodigitaldeescobar.com.ar\/"},{"@type":"ListItem","position":2,"name":"Vuelven a Escobar la Feria Universitaria y la Feria del Libro"}]},{"@type":"WebSite","@id":"https:\/\/nuevodigitaldeescobar.com.ar\/#website","url":"https:\/\/nuevodigitaldeescobar.com.ar\/","name":"Nuevo Digital de Escobar","description":"La vida escobarense. Directora: Rosana Brunner","publisher":{"@id":"https:\/\/nuevodigitaldeescobar.com.ar\/#organization"},"potentialAction":[{"@type":"SearchAction","target":{"@type":"EntryPoint","urlTemplate":"https:\/\/nuevodigitaldeescobar.com.ar\/?s={search_term_string}"},"query-input":{"@type":"PropertyValueSpecification","valueRequired":true,"valueName":"search_term_string"}}],"inLanguage":"es"},{"@type":"Organization","@id":"https:\/\/nuevodigitaldeescobar.com.ar\/#organization","name":"Nuevo Digital de Escobar","url":"https:\/\/nuevodigitaldeescobar.com.ar\/","logo":{"@type":"ImageObject","inLanguage":"es","@id":"https:\/\/nuevodigitaldeescobar.com.ar\/#\/schema\/logo\/image\/","url":"https:\/\/nuevodigitaldeescobar.com.ar\/wp-content\/uploads\/2025\/05\/cropped-logo-nuevo2.jpg","contentUrl":"https:\/\/nuevodigitaldeescobar.com.ar\/wp-content\/uploads\/2025\/05\/cropped-logo-nuevo2.jpg","width":305,"height":305,"caption":"Nuevo Digital de Escobar"},"image":{"@id":"https:\/\/nuevodigitaldeescobar.com.ar\/#\/schema\/logo\/image\/"},"sameAs":["https:\/\/www.facebook.com\/NUEVODigitalDeEscobar","https:\/\/x.com\/nuevodigescobar","https:\/\/www.instagram.com\/nuevodigitaldeescobar"]},{"@type":"Person","@id":"https:\/\/nuevodigitaldeescobar.com.ar\/#\/schema\/person\/035e90a8efe9a80e6eec22656ad6ea4c","name":"Redacci\u00f3n","image":{"@type":"ImageObject","inLanguage":"es","@id":"https:\/\/nuevodigitaldeescobar.com.ar\/#\/schema\/person\/image\/","url":"https:\/\/secure.gravatar.com\/avatar\/8af8f40000c24e9eef3034f2be5998a372bb1389e64b1a4a36b3a7979142220d?s=96&d=mm&r=g","contentUrl":"https:\/\/secure.gravatar.com\/avatar\/8af8f40000c24e9eef3034f2be5998a372bb1389e64b1a4a36b3a7979142220d?s=96&d=mm&r=g","caption":"Redacci\u00f3n"},"sameAs":["http:\/\/nuevodigitaldeescobar.com.ar"],"url":"https:\/\/nuevodigitaldeescobar.com.ar\/?author=1"}]}},"featured_image_urls":{"full":["https:\/\/nuevodigitaldeescobar.com.ar\/wp-content\/uploads\/2025\/08\/whatsapp_image_2025_08_25_at_16_28_38.jpeg",1600,1066,false],"thumbnail":["https:\/\/nuevodigitaldeescobar.com.ar\/wp-content\/uploads\/2025\/08\/whatsapp_image_2025_08_25_at_16_28_38-150x150.jpeg",150,150,true],"medium":["https:\/\/nuevodigitaldeescobar.com.ar\/wp-content\/uploads\/2025\/08\/whatsapp_image_2025_08_25_at_16_28_38-300x200.jpeg",300,200,true],"medium_large":["https:\/\/nuevodigitaldeescobar.com.ar\/wp-content\/uploads\/2025\/08\/whatsapp_image_2025_08_25_at_16_28_38-768x512.jpeg",640,427,true],"large":["https:\/\/nuevodigitaldeescobar.com.ar\/wp-content\/uploads\/2025\/08\/whatsapp_image_2025_08_25_at_16_28_38-1024x682.jpeg",640,426,true],"1536x1536":["https:\/\/nuevodigitaldeescobar.com.ar\/wp-content\/uploads\/2025\/08\/whatsapp_image_2025_08_25_at_16_28_38-1536x1023.jpeg",1536,1023,true],"2048x2048":["https:\/\/nuevodigitaldeescobar.com.ar\/wp-content\/uploads\/2025\/08\/whatsapp_image_2025_08_25_at_16_28_38.jpeg",1600,1066,false]},"author_info":{"display_name":"Redacci\u00f3n","author_link":"https:\/\/nuevodigitaldeescobar.com.ar\/?author=1"},"category_info":"<a href=\"https:\/\/nuevodigitaldeescobar.com.ar\/?cat=4\" rel=\"category\">Educaci\u00f3n<\/a>","tag_info":"Educaci\u00f3n","comment_count":"0","_links":{"self":[{"href":"https:\/\/nuevodigitaldeescobar.com.ar\/index.php?rest_route=\/wp\/v2\/posts\/17521","targetHints":{"allow":["GET"]}}],"collection":[{"href":"https:\/\/nuevodigitaldeescobar.com.ar\/index.php?rest_route=\/wp\/v2\/posts"}],"about":[{"href":"https:\/\/nuevodigitaldeescobar.com.ar\/index.php?rest_route=\/wp\/v2\/types\/post"}],"author":[{"embeddable":true,"href":"https:\/\/nuevodigitaldeescobar.com.ar\/index.php?rest_route=\/wp\/v2\/users\/1"}],"replies":[{"embeddable":true,"href":"https:\/\/nuevodigitaldeescobar.com.ar\/index.php?rest_route=%2Fwp%2Fv2%2Fcomments&post=17521"}],"version-history":[{"count":1,"href":"https:\/\/nuevodigitaldeescobar.com.ar\/index.php?rest_route=\/wp\/v2\/posts\/17521\/revisions"}],"predecessor-version":[{"id":17524,"href":"https:\/\/nuevodigitaldeescobar.com.ar\/index.php?rest_route=\/wp\/v2\/posts\/17521\/revisions\/17524"}],"wp:featuredmedia":[{"embeddable":true,"href":"https:\/\/nuevodigitaldeescobar.com.ar\/index.php?rest_route=\/wp\/v2\/media\/17522"}],"wp:attachment":[{"href":"https:\/\/nuevodigitaldeescobar.com.ar\/index.php?rest_route=%2Fwp%2Fv2%2Fmedia&parent=17521"}],"wp:term":[{"taxonomy":"category","embeddable":true,"href":"https:\/\/nuevodigitaldeescobar.com.ar\/index.php?rest_route=%2Fwp%2Fv2%2Fcategories&post=17521"},{"taxonomy":"post_tag","embeddable":true,"href":"https:\/\/nuevodigitaldeescobar.com.ar\/index.php?rest_route=%2Fwp%2Fv2%2Ftags&post=17521"}],"curies":[{"name":"wp","href":"https:\/\/api.w.org\/{rel}","templated":true}]}}