{"id":17533,"date":"2025-08-25T23:21:05","date_gmt":"2025-08-26T02:21:05","guid":{"rendered":"https:\/\/nuevodigitaldeescobar.com.ar\/?p=17533"},"modified":"2025-08-25T23:21:05","modified_gmt":"2025-08-26T02:21:05","slug":"cordoba-sera-sede-de-letape-argentina-un-evento-del-tour-de-france","status":"publish","type":"post","link":"https:\/\/nuevodigitaldeescobar.com.ar\/?p=17533","title":{"rendered":"C\u00f3rdoba ser\u00e1 sede de L\u00b4\u00c9tape Argentina, un evento del Tour de France"},"content":{"rendered":"<p>A pocos d\u00eds de la<a href=\"https:\/\/derechadiario.com.ar\/deportes\/despues-del-record-publico-cordoba-quiere-otro-partido-los-pumas-2026\" title=\"Despu\u00e9s del r\u00e9cord de p\u00fablico, C\u00f3rdoba quiere otro partido de los Pumas en 2026\"> \u00a0<strong>hist\u00f3rica visita de los All Blacks a C\u00f3rdoba<\/strong><\/a>, este lunes se conoci\u00f3 que el 22 de marzo de 2026 la provincia\u00a0ser\u00e1 sede de \u00a0<strong>L\u00b4\u00c9tape Argentina by Tour de France<\/strong>, el prestigioso \u00a0<strong>evento internacional de ciclismo de ruta.<\/strong>\u00a0 <\/p>\n<p><a href=\"https:\/\/derechadiario.com.ar\/tags\/cordoba\" title=\"C\u00f3rdoba\"><strong>Los caminos de la provincia<\/strong><\/a> y sus imponentes paisajes ser\u00e1n el epicentro de esta etapa del reconocido evento franc\u00e9s.<\/p>\n<div class=\"inter_image image_horizontal\">\n<img decoding=\"async\" src=\"https:\/\/derechadiario.com.ar\/filesedc\/uploads\/image\/post\/2025\/08\/descarga-1756160981767_1200_800.webp\" class=\"img-responsive lazyload\" alt=\"Grupo de ciclistas compitiendo en una carrera sobre una carretera\" title=\"Grupo de ciclistas compitiendo en una carrera sobre una carretera\" \/>\n<div>\n<span class=\"img_footer\">el 22 de marzo de 2026 la provincia\u00a0ser\u00e1 sede de L\u00b4\u00c9tape Argentina by Tour de France. <\/span>| <span class=\"img_author\">La Derecha Diario<\/span>\n<\/div>\n<\/div>\n<p><strong>El anuncio fue realizado en una reuni\u00f3n en el Centro C\u00edvico<\/strong> de la que participaron autoridades provinciales, encabezadas por la vicegobernadora Myrian Prunotto.\u00a0<\/p>\n<h2>La importancia de los eventos internacionales en C\u00f3rdoba<\/h2>\n<p><strong>Manuel Calvo, ministro de Gobierno<\/strong>, remarc\u00f3 la importancia de estos eventos: \u201cEs uno de los eventos m\u00e1s importantes del mundo, y se corre en C\u00f3rdoba. Y tenemos un gobernador que cree que estos eventos son claves para movilizar la econom\u00eda. \u00a0<strong>Esto marca el camino que C\u00f3rdoba recorre<\/strong>\u00a0para apoyar una industria sin chimenea que es la econom\u00eda naranja\u201d\u00a0<\/p>\n<aside class=\"are-you-interested-container-photo\"><\/aside>\n<p>\u00a0\u201cA su vez, <strong>C\u00f3rdoba cuenta con la infraestructura necesaria<\/strong>\u00a0 para albergar estos eventos, no solo en Argentina, sino en Sudam\u00e9rica, y eso tiene que ver con una decisi\u00f3n pol\u00edtica estrat\u00e9gica\u201d, \u00a0agreg\u00f3 el ministro. \u00a0<\/p>\n<figure><img decoding=\"async\" src=\"https:\/\/derechadiario.com.ar\/filesedc\/uploads\/image\/post\/2025\/08\/whatsapp-image-2025-08-25-at-145252_1200_800.webp\" class=\"img-responsive lazyload\" alt=\"Grupo de personas posando en un evento formal mientras algunos sostienen camisetas amarillas\" title=\"Grupo de personas posando en un evento formal mientras algunos sostienen camisetas amarillas\" \/><\/figure>\n<p>En la misma l\u00ednea, el \u00a0<strong>presidente de la Agencia C\u00f3rdoba Deportes, Agust\u00edn Calleri,<\/strong> destac\u00f3 que la elecci\u00f3n de C\u00f3rdoba como sede, es fruto del intenso trabajo que hace la Provincia para postularse como anfitriona, con objetivo de generar una agenda \u00fanica de eventos de gran nivel.<\/p>\n<p>\u201c<strong>Es un evento sumamente importante para C\u00f3rdoba<\/strong>, que hoy es la \u00fanica provincia del pa\u00eds que cuenta con los eventos de primer nivel en automovilismo, rugby, f\u00fatbol, motocross, ciclismo, y muchos que vendr\u00e1n en el futuro. <strong>Y eso derrama en la hoteler\u00eda, gastronom\u00eda, con m\u00e1s de 3 mil corredores en un fin de semana<\/strong>\u201d, dijo el funcionario.<\/p>\n<h2>L&#8217;\u00c9tape, un evento transformador<\/h2>\n<p>La elecci\u00f3n de C\u00f3rdoba como sede es un reconocimiento a su rica tradici\u00f3n deportiva y a su capacidad organizativa.<\/p>\n<p><strong>La llegada de L&#8217;\u00c9tape es un evento transformador que une al deporte, el turismo y la cultura de la regi\u00f3n.<\/strong>\u00a0 <\/p>\n<p>\u00a0\u201cEn C\u00f3rdoba hay autoridades provinciales que ven el deporte como algo importante. Y, adem\u00e1s, intendentes comprometidos<strong>. Hay una mirada de generar eventos deportivos que impacten tambi\u00e9n en la econom\u00eda, la industria y el turismo<\/strong>. Esta provincia nos representa en el mundo y tiene una pol\u00edtica de deportes muy marcada en el pa\u00eds. Que lindo es saber que tenemos a una C\u00f3rdoba que apoya el deporte\u201d, dijo Jorge Chica, Presidente de la Uni\u00f3n Ciclista de la Rep\u00fablica Argentina.\u00a0<\/p>\n<figure><img decoding=\"async\" src=\"https:\/\/derechadiario.com.ar\/filesedc\/uploads\/image\/post\/2025\/08\/whatsapp-image-2025-08-25-at-145102_1200_800.webp\" class=\"img-responsive lazyload\" alt=\"Personas sentadas en un auditorio observan una pantalla grande con una carrera de ciclismo mientras un grupo de hombres est\u00e1 en una mesa principal frente a banderas oficiales.\" title=\"Personas sentadas en un auditorio observan una pantalla grande con una carrera de ciclismo mientras un grupo de hombres est\u00e1 en una mesa principal frente a banderas oficiales.\" \/><\/figure>\n<p>Mientras que <strong>Mathieu Clanchin, Project Manager de L&#8217;\u00c9tape Series by Tour de France,<\/strong> declar\u00f3: \u00abEs un orgullo estar aqu\u00ed para anunciar este trayecto. Argentina es una parte muy importante para el Tour de France. Gracias a C\u00f3rdoba por apoyar este proyecto y los esperamos a todos con ansias\u00bb.\u00a0<\/p>\n<p>Participaron del encuentro adem\u00e1s, Marcelo Lanci, Presidente FACPYR (Federaci\u00f3n Argentina de Ciclismo de Pista y Ruta); \u00c1ngel Bachi Serrano, Presidente de la Federaci\u00f3n Ciclista Cordobesa (FCC), adem\u00e1s de referentes deportivos locales. \u00a0<\/p>\n<h2>Casi 150 kil\u00f3metros de recorrido por el valle de Punilla\u00a0<\/h2>\n<p>L&#8217;\u00c9tape Argentina by Tour de France recorrer\u00e1 las rutas m\u00e1s emblem\u00e1ticas del valle, en un trazado de casi 150 \u00a0kil\u00f3metros, uniendo todas las localidades por las que pasa el recorrido a trav\u00e9s de la autopista C\u00f3rdoba \u2013 Carlos Paz, la nueva Autov\u00eda Punilla, el imponente camino del cuadrado y la ruta E53.\u00a0<\/p>\n<p>El desaf\u00edo deportivo atraer\u00e1 a miles de ciclistas nacionales e internacionales, lo que generar\u00e1 un impacto directo en el turismo y la econom\u00eda local. \u00a0<\/p>\n<p>Al mismo tiempo, el evento mostrar\u00e1 al mundo la belleza natural de C\u00f3rdoba y su vibrante cultura, posicionando a la Provincia como un destino de primer nivel para el ciclismo a escala global.\u00a0<\/p>\n<h2>Regresa el Campeonato Argentino de ruta, despu\u00e9s de 25 a\u00f1os\u00a0<\/h2>\n<p>Ese mismo fin de semana, se realizar\u00e1 tambi\u00e9n el Campeonato Argentino de Ruta, que reunir\u00e1 a la \u00e9lite de la actividad a nivel nacional. \u00a0<\/p>\n<p>Con salida desde R\u00edo Cuarto y llegada a la Capital provincial, el evento vuelve a la provincia tras 25 a\u00f1os.\u00a0<\/p>\n<p>\u00a0Ambas competencias le dar\u00e1n marco a un mega fin de semana de actividad cicl\u00edstica en C\u00f3rdoba. \u00a0<\/p>\n<p>El intendente de R\u00edo Cuarto, Guillermo de Rivas, valor\u00f3: \u00abPara nosotros como ciudad es un privilegio poder contar con esta competencia que nos va a poner, una vez m\u00e1s, en el foco de los grandes eventos que se hacen en la provincia de C\u00f3rdoba y el pa\u00eds. Esto se da gracias a la enorme visi\u00f3n que tiene el gobernador para impulsar la realizaci\u00f3n de este tipo de actividades masivas en nuestro territorio\u00bb.\u00a0<\/p>\n<p>Seguidamente, Daniel Passerini, intendente de la Capital, destac\u00f3 que este evento deportivo abre una gran expectativa de cara al 2026, con un calendario cicl\u00edstico nacional e internacional que vuelve a posicionar a C\u00f3rdoba como sede de grandes competencias.\u00a0<\/p>\n<p>\u00a0\u201cEsta Vuelta Cicl\u00edstica, por primera vez, va a unir a las dos capitales. Para m\u00ed, como para el intendente de C\u00f3rdoba, representa un enorme desaf\u00edo. Vamos a trabajar intensamente junto a las uniones deportivas y al Gobierno de la Provincia para que C\u00f3rdoba consolide un calendario internacional en los pr\u00f3ximos a\u00f1os\u201d, se\u00f1al\u00f3.\u00a0<\/p>\n<p>R\u00edo Cuarto ser\u00e1 el epicentro de la 114\u00b0 edici\u00f3n. Reunir\u00e1 a las categor\u00edas Elite, Sub-23 y Ciclismo Adaptado, tanto en damas como en varones. Ser\u00e1 el 19, 20 y 21 de marzo del pr\u00f3ximo a\u00f1o.\u00a0<\/p>\n<p>El evento es una celebraci\u00f3n del resurgir del ciclismo en una localidad con una profunda tradici\u00f3n deportiva. El circuito urbano en R\u00edo Cuarto, con punto de partida en la emblem\u00e1tica Costanera, promete un espect\u00e1culo de primer nivel para todos los aficionados que se acerquen a alentar a los competidores.\u00a0<\/p>\n<aside class=\"whatsappChannelText\"><a href=\"https:\/\/whatsapp.com\/channel\/0029VagEjILGE56eKjedWF2U\" rel=\"nofollow\" title=\"WhatsApp Link\"><img alt=\"Logo de WhatsApp\" class=\"lazyload\" data-src=\"\/filesedc\/uploads\/other\/whatsapp_icon_mid_article.png\" width=\"32\" height=\"32\" \/><\/a> <a href=\"https:\/\/whatsapp.com\/channel\/0029VagEjILGE56eKjedWF2U\" rel=\"nofollow\" title=\"WhatsApp Link\"><strong>NO SE PIERDAN NINGUNA NOTICIA<\/strong>: Click aqu\u00ed para sumarte <strong>GRATIS<\/strong> al canal de noticias de <strong>La Derecha Diario en WhatsApp.<\/strong><\/a><\/aside>\n<p>El cierre del campeonato ser\u00e1 un verdadero hito: la prueba de pelot\u00f3n para la categor\u00eda Elite masculina revivir\u00e1 la tradicional y legendaria carrera, la competencia adoptar\u00e1 el sentido inverso de la ruta hist\u00f3rica, con largada en R\u00edo Cuarto y el gran final que unir\u00e1 con C\u00f3rdoba Capital, culminando de manera espectacular en el estadio Mario Alberto Kempes. \u00a0<\/p>\n<p>Ser\u00e1n 208 kil\u00f3metros de pura adrenalina y estrategia que consagrar\u00e1n al campe\u00f3n argentino en un escenario inmejorable.<\/p>","protected":false},"excerpt":{"rendered":"<p>A pocos d\u00eds de la \u00a0hist\u00f3rica visita de los All Blacks a C\u00f3rdoba, este lunes se conoci\u00f3 que el 22 de marzo de 2026 la [&hellip;]<\/p>\n","protected":false},"author":1,"featured_media":17534,"comment_status":"open","ping_status":"open","sticky":false,"template":"","format":"standard","meta":{"footnotes":""},"categories":[8],"tags":[],"class_list":["post-17533","post","type-post","status-publish","format-standard","has-post-thumbnail","hentry","category-deportes"],"better_featured_image":{"id":17534,"alt_text":"","caption":"","description":"","media_type":"image","media_details":{"width":1600,"height":1067,"file":"2025\/08\/tour-de-france-arc-de-triomphe-pauline-ballet_1600_1067-NGpnCf.jpg","filesize":293781,"sizes":{"medium":{"file":"tour-de-france-arc-de-triomphe-pauline-ballet_1600_1067-NGpnCf-300x200.jpg","width":300,"height":200,"mime-type":"image\/jpeg","filesize":27459,"source_url":"https:\/\/nuevodigitaldeescobar.com.ar\/wp-content\/uploads\/2025\/08\/tour-de-france-arc-de-triomphe-pauline-ballet_1600_1067-NGpnCf-300x200.jpg"},"large":{"file":"tour-de-france-arc-de-triomphe-pauline-ballet_1600_1067-NGpnCf-1024x683.jpg","width":1024,"height":683,"mime-type":"image\/jpeg","filesize":204446,"source_url":"https:\/\/nuevodigitaldeescobar.com.ar\/wp-content\/uploads\/2025\/08\/tour-de-france-arc-de-triomphe-pauline-ballet_1600_1067-NGpnCf-1024x683.jpg"},"thumbnail":{"file":"tour-de-france-arc-de-triomphe-pauline-ballet_1600_1067-NGpnCf-150x150.jpg","width":150,"height":150,"mime-type":"image\/jpeg","filesize":11577,"source_url":"https:\/\/nuevodigitaldeescobar.com.ar\/wp-content\/uploads\/2025\/08\/tour-de-france-arc-de-triomphe-pauline-ballet_1600_1067-NGpnCf-150x150.jpg"},"medium_large":{"file":"tour-de-france-arc-de-triomphe-pauline-ballet_1600_1067-NGpnCf-768x512.jpg","width":768,"height":512,"mime-type":"image\/jpeg","filesize":129134,"source_url":"https:\/\/nuevodigitaldeescobar.com.ar\/wp-content\/uploads\/2025\/08\/tour-de-france-arc-de-triomphe-pauline-ballet_1600_1067-NGpnCf-768x512.jpg"},"1536x1536":{"file":"tour-de-france-arc-de-triomphe-pauline-ballet_1600_1067-NGpnCf-1536x1024.jpg","width":1536,"height":1024,"mime-type":"image\/jpeg","filesize":373135,"source_url":"https:\/\/nuevodigitaldeescobar.com.ar\/wp-content\/uploads\/2025\/08\/tour-de-france-arc-de-triomphe-pauline-ballet_1600_1067-NGpnCf-1536x1024.jpg"}},"image_meta":{"aperture":"0","credit":"","camera":"","caption":"","created_timestamp":"0","copyright":"","focal_length":"0","iso":"0","shutter_speed":"0","title":"","orientation":"0","keywords":[]}},"post":17533,"source_url":"https:\/\/nuevodigitaldeescobar.com.ar\/wp-content\/uploads\/2025\/08\/tour-de-france-arc-de-triomphe-pauline-ballet_1600_1067-NGpnCf.jpg"},"yoast_head":"<!-- This site is optimized with the Yoast SEO plugin v26.1.1 - https:\/\/yoast.com\/wordpress\/plugins\/seo\/ -->\n<title>C\u00f3rdoba ser\u00e1 sede de L\u00b4\u00c9tape Argentina, un evento del Tour de France - Nuevo Digital de Escobar<\/title>\n<meta name=\"robots\" content=\"index, follow, max-snippet:-1, max-image-preview:large, max-video-preview:-1\" \/>\n<link rel=\"canonical\" href=\"https:\/\/nuevodigitaldeescobar.com.ar\/?p=17533\" \/>\n<meta property=\"og:locale\" content=\"es_ES\" \/>\n<meta property=\"og:type\" content=\"article\" \/>\n<meta property=\"og:title\" content=\"C\u00f3rdoba ser\u00e1 sede de L\u00b4\u00c9tape Argentina, un evento del Tour de France - Nuevo Digital de Escobar\" \/>\n<meta property=\"og:description\" content=\"A pocos d\u00eds de la \u00a0hist\u00f3rica visita de los All Blacks a C\u00f3rdoba, este lunes se conoci\u00f3 que el 22 de marzo de 2026 la [&hellip;]\" \/>\n<meta property=\"og:url\" content=\"https:\/\/nuevodigitaldeescobar.com.ar\/?p=17533\" \/>\n<meta property=\"og:site_name\" content=\"Nuevo Digital de Escobar\" \/>\n<meta property=\"article:publisher\" content=\"https:\/\/www.facebook.com\/NUEVODigitalDeEscobar\" \/>\n<meta property=\"article:published_time\" content=\"2025-08-26T02:21:05+00:00\" \/>\n<meta property=\"og:image\" content=\"https:\/\/derechadiario.com.ar\/filesedc\/uploads\/image\/post\/2025\/08\/descarga-1756160981767_1200_800.webp\" \/>\n<meta name=\"author\" content=\"Redacci\u00f3n\" \/>\n<meta name=\"twitter:card\" content=\"summary_large_image\" \/>\n<meta name=\"twitter:creator\" content=\"@nuevodigescobar\" \/>\n<meta name=\"twitter:site\" content=\"@nuevodigescobar\" \/>\n<meta name=\"twitter:label1\" content=\"Escrito por\" \/>\n\t<meta name=\"twitter:data1\" content=\"Redacci\u00f3n\" \/>\n\t<meta name=\"twitter:label2\" content=\"Tiempo de lectura\" \/>\n\t<meta name=\"twitter:data2\" content=\"6 minutos\" \/>\n<script type=\"application\/ld+json\" class=\"yoast-schema-graph\">{\"@context\":\"https:\/\/schema.org\",\"@graph\":[{\"@type\":\"Article\",\"@id\":\"https:\/\/nuevodigitaldeescobar.com.ar\/?p=17533#article\",\"isPartOf\":{\"@id\":\"https:\/\/nuevodigitaldeescobar.com.ar\/?p=17533\"},\"author\":{\"name\":\"Redacci\u00f3n\",\"@id\":\"https:\/\/nuevodigitaldeescobar.com.ar\/#\/schema\/person\/035e90a8efe9a80e6eec22656ad6ea4c\"},\"headline\":\"C\u00f3rdoba ser\u00e1 sede de L\u00b4\u00c9tape Argentina, un evento del Tour de France\",\"datePublished\":\"2025-08-26T02:21:05+00:00\",\"mainEntityOfPage\":{\"@id\":\"https:\/\/nuevodigitaldeescobar.com.ar\/?p=17533\"},\"wordCount\":1139,\"commentCount\":0,\"publisher\":{\"@id\":\"https:\/\/nuevodigitaldeescobar.com.ar\/#organization\"},\"image\":{\"@id\":\"https:\/\/nuevodigitaldeescobar.com.ar\/?p=17533#primaryimage\"},\"thumbnailUrl\":\"https:\/\/nuevodigitaldeescobar.com.ar\/wp-content\/uploads\/2025\/08\/tour-de-france-arc-de-triomphe-pauline-ballet_1600_1067-NGpnCf.jpg\",\"articleSection\":[\"Deportes\"],\"inLanguage\":\"es\",\"potentialAction\":[{\"@type\":\"CommentAction\",\"name\":\"Comment\",\"target\":[\"https:\/\/nuevodigitaldeescobar.com.ar\/?p=17533#respond\"]}]},{\"@type\":\"WebPage\",\"@id\":\"https:\/\/nuevodigitaldeescobar.com.ar\/?p=17533\",\"url\":\"https:\/\/nuevodigitaldeescobar.com.ar\/?p=17533\",\"name\":\"C\u00f3rdoba ser\u00e1 sede de L\u00b4\u00c9tape Argentina, un evento del Tour de France - Nuevo Digital de Escobar\",\"isPartOf\":{\"@id\":\"https:\/\/nuevodigitaldeescobar.com.ar\/#website\"},\"primaryImageOfPage\":{\"@id\":\"https:\/\/nuevodigitaldeescobar.com.ar\/?p=17533#primaryimage\"},\"image\":{\"@id\":\"https:\/\/nuevodigitaldeescobar.com.ar\/?p=17533#primaryimage\"},\"thumbnailUrl\":\"https:\/\/nuevodigitaldeescobar.com.ar\/wp-content\/uploads\/2025\/08\/tour-de-france-arc-de-triomphe-pauline-ballet_1600_1067-NGpnCf.jpg\",\"datePublished\":\"2025-08-26T02:21:05+00:00\",\"breadcrumb\":{\"@id\":\"https:\/\/nuevodigitaldeescobar.com.ar\/?p=17533#breadcrumb\"},\"inLanguage\":\"es\",\"potentialAction\":[{\"@type\":\"ReadAction\",\"target\":[\"https:\/\/nuevodigitaldeescobar.com.ar\/?p=17533\"]}]},{\"@type\":\"ImageObject\",\"inLanguage\":\"es\",\"@id\":\"https:\/\/nuevodigitaldeescobar.com.ar\/?p=17533#primaryimage\",\"url\":\"https:\/\/nuevodigitaldeescobar.com.ar\/wp-content\/uploads\/2025\/08\/tour-de-france-arc-de-triomphe-pauline-ballet_1600_1067-NGpnCf.jpg\",\"contentUrl\":\"https:\/\/nuevodigitaldeescobar.com.ar\/wp-content\/uploads\/2025\/08\/tour-de-france-arc-de-triomphe-pauline-ballet_1600_1067-NGpnCf.jpg\",\"width\":1600,\"height\":1067},{\"@type\":\"BreadcrumbList\",\"@id\":\"https:\/\/nuevodigitaldeescobar.com.ar\/?p=17533#breadcrumb\",\"itemListElement\":[{\"@type\":\"ListItem\",\"position\":1,\"name\":\"Portada\",\"item\":\"https:\/\/nuevodigitaldeescobar.com.ar\/\"},{\"@type\":\"ListItem\",\"position\":2,\"name\":\"C\u00f3rdoba ser\u00e1 sede de L\u00b4\u00c9tape Argentina, un evento del Tour de France\"}]},{\"@type\":\"WebSite\",\"@id\":\"https:\/\/nuevodigitaldeescobar.com.ar\/#website\",\"url\":\"https:\/\/nuevodigitaldeescobar.com.ar\/\",\"name\":\"Nuevo Digital de Escobar\",\"description\":\"La vida escobarense. Directora: Rosana Brunner\",\"publisher\":{\"@id\":\"https:\/\/nuevodigitaldeescobar.com.ar\/#organization\"},\"potentialAction\":[{\"@type\":\"SearchAction\",\"target\":{\"@type\":\"EntryPoint\",\"urlTemplate\":\"https:\/\/nuevodigitaldeescobar.com.ar\/?s={search_term_string}\"},\"query-input\":{\"@type\":\"PropertyValueSpecification\",\"valueRequired\":true,\"valueName\":\"search_term_string\"}}],\"inLanguage\":\"es\"},{\"@type\":\"Organization\",\"@id\":\"https:\/\/nuevodigitaldeescobar.com.ar\/#organization\",\"name\":\"Nuevo Digital de Escobar\",\"url\":\"https:\/\/nuevodigitaldeescobar.com.ar\/\",\"logo\":{\"@type\":\"ImageObject\",\"inLanguage\":\"es\",\"@id\":\"https:\/\/nuevodigitaldeescobar.com.ar\/#\/schema\/logo\/image\/\",\"url\":\"https:\/\/nuevodigitaldeescobar.com.ar\/wp-content\/uploads\/2025\/05\/cropped-logo-nuevo2.jpg\",\"contentUrl\":\"https:\/\/nuevodigitaldeescobar.com.ar\/wp-content\/uploads\/2025\/05\/cropped-logo-nuevo2.jpg\",\"width\":305,\"height\":305,\"caption\":\"Nuevo Digital de Escobar\"},\"image\":{\"@id\":\"https:\/\/nuevodigitaldeescobar.com.ar\/#\/schema\/logo\/image\/\"},\"sameAs\":[\"https:\/\/www.facebook.com\/NUEVODigitalDeEscobar\",\"https:\/\/x.com\/nuevodigescobar\",\"https:\/\/www.instagram.com\/nuevodigitaldeescobar\"]},{\"@type\":\"Person\",\"@id\":\"https:\/\/nuevodigitaldeescobar.com.ar\/#\/schema\/person\/035e90a8efe9a80e6eec22656ad6ea4c\",\"name\":\"Redacci\u00f3n\",\"image\":{\"@type\":\"ImageObject\",\"inLanguage\":\"es\",\"@id\":\"https:\/\/nuevodigitaldeescobar.com.ar\/#\/schema\/person\/image\/\",\"url\":\"https:\/\/secure.gravatar.com\/avatar\/8af8f40000c24e9eef3034f2be5998a372bb1389e64b1a4a36b3a7979142220d?s=96&d=mm&r=g\",\"contentUrl\":\"https:\/\/secure.gravatar.com\/avatar\/8af8f40000c24e9eef3034f2be5998a372bb1389e64b1a4a36b3a7979142220d?s=96&d=mm&r=g\",\"caption\":\"Redacci\u00f3n\"},\"sameAs\":[\"http:\/\/nuevodigitaldeescobar.com.ar\"],\"url\":\"https:\/\/nuevodigitaldeescobar.com.ar\/?author=1\"}]}<\/script>\n<!-- \/ Yoast SEO plugin. -->","yoast_head_json":{"title":"C\u00f3rdoba ser\u00e1 sede de L\u00b4\u00c9tape Argentina, un evento del Tour de France - Nuevo Digital de Escobar","robots":{"index":"index","follow":"follow","max-snippet":"max-snippet:-1","max-image-preview":"max-image-preview:large","max-video-preview":"max-video-preview:-1"},"canonical":"https:\/\/nuevodigitaldeescobar.com.ar\/?p=17533","og_locale":"es_ES","og_type":"article","og_title":"C\u00f3rdoba ser\u00e1 sede de L\u00b4\u00c9tape Argentina, un evento del Tour de France - Nuevo Digital de Escobar","og_description":"A pocos d\u00eds de la \u00a0hist\u00f3rica visita de los All Blacks a C\u00f3rdoba, este lunes se conoci\u00f3 que el 22 de marzo de 2026 la [&hellip;]","og_url":"https:\/\/nuevodigitaldeescobar.com.ar\/?p=17533","og_site_name":"Nuevo Digital de Escobar","article_publisher":"https:\/\/www.facebook.com\/NUEVODigitalDeEscobar","article_published_time":"2025-08-26T02:21:05+00:00","og_image":[{"url":"https:\/\/derechadiario.com.ar\/filesedc\/uploads\/image\/post\/2025\/08\/descarga-1756160981767_1200_800.webp","type":"","width":"","height":""}],"author":"Redacci\u00f3n","twitter_card":"summary_large_image","twitter_creator":"@nuevodigescobar","twitter_site":"@nuevodigescobar","twitter_misc":{"Escrito por":"Redacci\u00f3n","Tiempo de lectura":"6 minutos"},"schema":{"@context":"https:\/\/schema.org","@graph":[{"@type":"Article","@id":"https:\/\/nuevodigitaldeescobar.com.ar\/?p=17533#article","isPartOf":{"@id":"https:\/\/nuevodigitaldeescobar.com.ar\/?p=17533"},"author":{"name":"Redacci\u00f3n","@id":"https:\/\/nuevodigitaldeescobar.com.ar\/#\/schema\/person\/035e90a8efe9a80e6eec22656ad6ea4c"},"headline":"C\u00f3rdoba ser\u00e1 sede de L\u00b4\u00c9tape Argentina, un evento del Tour de France","datePublished":"2025-08-26T02:21:05+00:00","mainEntityOfPage":{"@id":"https:\/\/nuevodigitaldeescobar.com.ar\/?p=17533"},"wordCount":1139,"commentCount":0,"publisher":{"@id":"https:\/\/nuevodigitaldeescobar.com.ar\/#organization"},"image":{"@id":"https:\/\/nuevodigitaldeescobar.com.ar\/?p=17533#primaryimage"},"thumbnailUrl":"https:\/\/nuevodigitaldeescobar.com.ar\/wp-content\/uploads\/2025\/08\/tour-de-france-arc-de-triomphe-pauline-ballet_1600_1067-NGpnCf.jpg","articleSection":["Deportes"],"inLanguage":"es","potentialAction":[{"@type":"CommentAction","name":"Comment","target":["https:\/\/nuevodigitaldeescobar.com.ar\/?p=17533#respond"]}]},{"@type":"WebPage","@id":"https:\/\/nuevodigitaldeescobar.com.ar\/?p=17533","url":"https:\/\/nuevodigitaldeescobar.com.ar\/?p=17533","name":"C\u00f3rdoba ser\u00e1 sede de L\u00b4\u00c9tape Argentina, un evento del Tour de France - Nuevo Digital de Escobar","isPartOf":{"@id":"https:\/\/nuevodigitaldeescobar.com.ar\/#website"},"primaryImageOfPage":{"@id":"https:\/\/nuevodigitaldeescobar.com.ar\/?p=17533#primaryimage"},"image":{"@id":"https:\/\/nuevodigitaldeescobar.com.ar\/?p=17533#primaryimage"},"thumbnailUrl":"https:\/\/nuevodigitaldeescobar.com.ar\/wp-content\/uploads\/2025\/08\/tour-de-france-arc-de-triomphe-pauline-ballet_1600_1067-NGpnCf.jpg","datePublished":"2025-08-26T02:21:05+00:00","breadcrumb":{"@id":"https:\/\/nuevodigitaldeescobar.com.ar\/?p=17533#breadcrumb"},"inLanguage":"es","potentialAction":[{"@type":"ReadAction","target":["https:\/\/nuevodigitaldeescobar.com.ar\/?p=17533"]}]},{"@type":"ImageObject","inLanguage":"es","@id":"https:\/\/nuevodigitaldeescobar.com.ar\/?p=17533#primaryimage","url":"https:\/\/nuevodigitaldeescobar.com.ar\/wp-content\/uploads\/2025\/08\/tour-de-france-arc-de-triomphe-pauline-ballet_1600_1067-NGpnCf.jpg","contentUrl":"https:\/\/nuevodigitaldeescobar.com.ar\/wp-content\/uploads\/2025\/08\/tour-de-france-arc-de-triomphe-pauline-ballet_1600_1067-NGpnCf.jpg","width":1600,"height":1067},{"@type":"BreadcrumbList","@id":"https:\/\/nuevodigitaldeescobar.com.ar\/?p=17533#breadcrumb","itemListElement":[{"@type":"ListItem","position":1,"name":"Portada","item":"https:\/\/nuevodigitaldeescobar.com.ar\/"},{"@type":"ListItem","position":2,"name":"C\u00f3rdoba ser\u00e1 sede de L\u00b4\u00c9tape Argentina, un evento del Tour de France"}]},{"@type":"WebSite","@id":"https:\/\/nuevodigitaldeescobar.com.ar\/#website","url":"https:\/\/nuevodigitaldeescobar.com.ar\/","name":"Nuevo Digital de Escobar","description":"La vida escobarense. Directora: Rosana Brunner","publisher":{"@id":"https:\/\/nuevodigitaldeescobar.com.ar\/#organization"},"potentialAction":[{"@type":"SearchAction","target":{"@type":"EntryPoint","urlTemplate":"https:\/\/nuevodigitaldeescobar.com.ar\/?s={search_term_string}"},"query-input":{"@type":"PropertyValueSpecification","valueRequired":true,"valueName":"search_term_string"}}],"inLanguage":"es"},{"@type":"Organization","@id":"https:\/\/nuevodigitaldeescobar.com.ar\/#organization","name":"Nuevo Digital de Escobar","url":"https:\/\/nuevodigitaldeescobar.com.ar\/","logo":{"@type":"ImageObject","inLanguage":"es","@id":"https:\/\/nuevodigitaldeescobar.com.ar\/#\/schema\/logo\/image\/","url":"https:\/\/nuevodigitaldeescobar.com.ar\/wp-content\/uploads\/2025\/05\/cropped-logo-nuevo2.jpg","contentUrl":"https:\/\/nuevodigitaldeescobar.com.ar\/wp-content\/uploads\/2025\/05\/cropped-logo-nuevo2.jpg","width":305,"height":305,"caption":"Nuevo Digital de Escobar"},"image":{"@id":"https:\/\/nuevodigitaldeescobar.com.ar\/#\/schema\/logo\/image\/"},"sameAs":["https:\/\/www.facebook.com\/NUEVODigitalDeEscobar","https:\/\/x.com\/nuevodigescobar","https:\/\/www.instagram.com\/nuevodigitaldeescobar"]},{"@type":"Person","@id":"https:\/\/nuevodigitaldeescobar.com.ar\/#\/schema\/person\/035e90a8efe9a80e6eec22656ad6ea4c","name":"Redacci\u00f3n","image":{"@type":"ImageObject","inLanguage":"es","@id":"https:\/\/nuevodigitaldeescobar.com.ar\/#\/schema\/person\/image\/","url":"https:\/\/secure.gravatar.com\/avatar\/8af8f40000c24e9eef3034f2be5998a372bb1389e64b1a4a36b3a7979142220d?s=96&d=mm&r=g","contentUrl":"https:\/\/secure.gravatar.com\/avatar\/8af8f40000c24e9eef3034f2be5998a372bb1389e64b1a4a36b3a7979142220d?s=96&d=mm&r=g","caption":"Redacci\u00f3n"},"sameAs":["http:\/\/nuevodigitaldeescobar.com.ar"],"url":"https:\/\/nuevodigitaldeescobar.com.ar\/?author=1"}]}},"featured_image_urls":{"full":["https:\/\/nuevodigitaldeescobar.com.ar\/wp-content\/uploads\/2025\/08\/tour-de-france-arc-de-triomphe-pauline-ballet_1600_1067-NGpnCf.jpg",1600,1067,false],"thumbnail":["https:\/\/nuevodigitaldeescobar.com.ar\/wp-content\/uploads\/2025\/08\/tour-de-france-arc-de-triomphe-pauline-ballet_1600_1067-NGpnCf-150x150.jpg",150,150,true],"medium":["https:\/\/nuevodigitaldeescobar.com.ar\/wp-content\/uploads\/2025\/08\/tour-de-france-arc-de-triomphe-pauline-ballet_1600_1067-NGpnCf-300x200.jpg",300,200,true],"medium_large":["https:\/\/nuevodigitaldeescobar.com.ar\/wp-content\/uploads\/2025\/08\/tour-de-france-arc-de-triomphe-pauline-ballet_1600_1067-NGpnCf-768x512.jpg",640,427,true],"large":["https:\/\/nuevodigitaldeescobar.com.ar\/wp-content\/uploads\/2025\/08\/tour-de-france-arc-de-triomphe-pauline-ballet_1600_1067-NGpnCf-1024x683.jpg",640,427,true],"1536x1536":["https:\/\/nuevodigitaldeescobar.com.ar\/wp-content\/uploads\/2025\/08\/tour-de-france-arc-de-triomphe-pauline-ballet_1600_1067-NGpnCf-1536x1024.jpg",1536,1024,true],"2048x2048":["https:\/\/nuevodigitaldeescobar.com.ar\/wp-content\/uploads\/2025\/08\/tour-de-france-arc-de-triomphe-pauline-ballet_1600_1067-NGpnCf.jpg",1600,1067,false]},"author_info":{"display_name":"Redacci\u00f3n","author_link":"https:\/\/nuevodigitaldeescobar.com.ar\/?author=1"},"category_info":"<a href=\"https:\/\/nuevodigitaldeescobar.com.ar\/?cat=8\" rel=\"category\">Deportes<\/a>","tag_info":"Deportes","comment_count":"0","_links":{"self":[{"href":"https:\/\/nuevodigitaldeescobar.com.ar\/index.php?rest_route=\/wp\/v2\/posts\/17533","targetHints":{"allow":["GET"]}}],"collection":[{"href":"https:\/\/nuevodigitaldeescobar.com.ar\/index.php?rest_route=\/wp\/v2\/posts"}],"about":[{"href":"https:\/\/nuevodigitaldeescobar.com.ar\/index.php?rest_route=\/wp\/v2\/types\/post"}],"author":[{"embeddable":true,"href":"https:\/\/nuevodigitaldeescobar.com.ar\/index.php?rest_route=\/wp\/v2\/users\/1"}],"replies":[{"embeddable":true,"href":"https:\/\/nuevodigitaldeescobar.com.ar\/index.php?rest_route=%2Fwp%2Fv2%2Fcomments&post=17533"}],"version-history":[{"count":0,"href":"https:\/\/nuevodigitaldeescobar.com.ar\/index.php?rest_route=\/wp\/v2\/posts\/17533\/revisions"}],"wp:featuredmedia":[{"embeddable":true,"href":"https:\/\/nuevodigitaldeescobar.com.ar\/index.php?rest_route=\/wp\/v2\/media\/17534"}],"wp:attachment":[{"href":"https:\/\/nuevodigitaldeescobar.com.ar\/index.php?rest_route=%2Fwp%2Fv2%2Fmedia&parent=17533"}],"wp:term":[{"taxonomy":"category","embeddable":true,"href":"https:\/\/nuevodigitaldeescobar.com.ar\/index.php?rest_route=%2Fwp%2Fv2%2Fcategories&post=17533"},{"taxonomy":"post_tag","embeddable":true,"href":"https:\/\/nuevodigitaldeescobar.com.ar\/index.php?rest_route=%2Fwp%2Fv2%2Ftags&post=17533"}],"curies":[{"name":"wp","href":"https:\/\/api.w.org\/{rel}","templated":true}]}}