{"id":17540,"date":"2025-08-26T12:36:51","date_gmt":"2025-08-26T15:36:51","guid":{"rendered":"https:\/\/nuevodigitaldeescobar.com.ar\/?p=17540"},"modified":"2025-08-26T12:36:55","modified_gmt":"2025-08-26T15:36:55","slug":"ariel-sujarchuk-y-el-procurador-conte-grand-encabezaron-una-capacitacion-sobre-la-rehumanizacion-de-los-procesos-judiciales","status":"publish","type":"post","link":"https:\/\/nuevodigitaldeescobar.com.ar\/?p=17540","title":{"rendered":"Ariel Sujarchuk y el procurador Conte-Grand encabezaron una capacitaci\u00f3n sobre la rehumanizaci\u00f3n de los procesos judiciales"},"content":{"rendered":"\n<p>Con la participaci\u00f3n del intendente Ariel Sujarchuk y el procurador general de la Provincia, Julio Conte-Grand, se llev\u00f3 adelante en el Teatro Seminari de Bel\u00e9n de Escobar una capacitaci\u00f3n sobre tem\u00e1tica judicial, que en su primera jornada estuvo enmarcada bajo la consigna \u201cLa rehumanizaci\u00f3n de los sistemas y los procesos, y el fortalecimiento institucional\u201d.<\/p>\n\n\n\n<!--more-->\n\n\n\n<p>Dicho encuentro estuvo dirigido a magistrados, funcionarios y empleados del Ministerio P\u00fablico de la provincia de Buenos Aires con el fin de reflexionar sobre los desaf\u00edos actuales del Poder Judicial y promover un espacio de di\u00e1logo y construcci\u00f3n colectiva, orientado a repensar las pr\u00e1cticas institucionales desde una mirada m\u00e1s humana centrada en la empat\u00eda, la inclusi\u00f3n y el acceso efectivo a la Justicia.<\/p>\n\n\n\n<p>La apertura del evento, que fue declarado de inter\u00e9s municipal, estuvo encabezada por Sujarchuk y Conte-Grand. \u201cCelebro que este evento se realice en Escobar, porque nos gusta ser un municipio abierto, que mira hacia el futuro sin miedo a la tecnolog\u00eda, pero con la convicci\u00f3n de que siempre debe estar al servicio de la gente. El gran desaf\u00edo es humanizar los sistemas y fortalecer las instituciones, y lo hacemos con el compromiso de quienes trabajamos todos los d\u00edas por nuestra comunidad\u201d, afirm\u00f3 el jefe comunal.&nbsp;<\/p>\n\n\n\n<p>Durante la jornada, que se trasmiti\u00f3 en directo por YouTube a trav\u00e9s del canal del Ministerio, reconocidos referentes del \u00e1mbito judicial y acad\u00e9mico expusieron sobre el dise\u00f1o de servicios, justicia humanizada y los efectos de esta perspectiva en el personal de cada instituci\u00f3n. &nbsp;<\/p>\n\n\n<div class=\"wp-block-image\">\n<figure class=\"aligncenter size-full\"><img fetchpriority=\"high\" decoding=\"async\" width=\"1024\" height=\"683\" src=\"http:\/\/nuevodigitaldeescobar.com.ar\/wp-content\/uploads\/2025\/08\/whatsapp_image_2025_08_26_at_11_49_41.jpeg\" alt=\"\" class=\"wp-image-17543\" srcset=\"https:\/\/nuevodigitaldeescobar.com.ar\/wp-content\/uploads\/2025\/08\/whatsapp_image_2025_08_26_at_11_49_41.jpeg 1024w, https:\/\/nuevodigitaldeescobar.com.ar\/wp-content\/uploads\/2025\/08\/whatsapp_image_2025_08_26_at_11_49_41-300x200.jpeg 300w, https:\/\/nuevodigitaldeescobar.com.ar\/wp-content\/uploads\/2025\/08\/whatsapp_image_2025_08_26_at_11_49_41-768x512.jpeg 768w\" sizes=\"(max-width: 1024px) 100vw, 1024px\" \/><\/figure><\/div>\n\n\n<p>\u201cEn 2025 propusimos reflexionar sobre la sexta revoluci\u00f3n industrial, signada por la rehumanizaci\u00f3n de los sistemas y el fortalecimiento institucional. La inteligencia artificial es central, pero tambi\u00e9n descompuso nuestra inteligencia emocional y el desaf\u00edo es recuperarla. En este camino compartimos mirada con el intendente\u201d, concluy\u00f3 Conte- Grand.<\/p>\n","protected":false},"excerpt":{"rendered":"<p>Con la participaci\u00f3n del intendente Ariel Sujarchuk y el procurador general de la Provincia, Julio Conte-Grand, se llev\u00f3 adelante en el Teatro Seminari de Bel\u00e9n [&hellip;]<\/p>\n","protected":false},"author":1,"featured_media":17542,"comment_status":"open","ping_status":"open","sticky":false,"template":"","format":"standard","meta":{"footnotes":""},"categories":[235],"tags":[],"class_list":["post-17540","post","type-post","status-publish","format-standard","has-post-thumbnail","hentry","category-judiciales"],"better_featured_image":{"id":17542,"alt_text":"","caption":"","description":"","media_type":"image","media_details":{"width":1024,"height":683,"file":"2025\/08\/whatsapp_image_2025_08_26_at_11_49_23.jpeg","filesize":103336,"sizes":{"medium":{"file":"whatsapp_image_2025_08_26_at_11_49_23-300x200.jpeg","width":300,"height":200,"mime-type":"image\/jpeg","filesize":11632,"source_url":"https:\/\/nuevodigitaldeescobar.com.ar\/wp-content\/uploads\/2025\/08\/whatsapp_image_2025_08_26_at_11_49_23-300x200.jpeg"},"thumbnail":{"file":"whatsapp_image_2025_08_26_at_11_49_23-150x150.jpeg","width":150,"height":150,"mime-type":"image\/jpeg","filesize":6054,"source_url":"https:\/\/nuevodigitaldeescobar.com.ar\/wp-content\/uploads\/2025\/08\/whatsapp_image_2025_08_26_at_11_49_23-150x150.jpeg"},"medium_large":{"file":"whatsapp_image_2025_08_26_at_11_49_23-768x512.jpeg","width":768,"height":512,"mime-type":"image\/jpeg","filesize":51710,"source_url":"https:\/\/nuevodigitaldeescobar.com.ar\/wp-content\/uploads\/2025\/08\/whatsapp_image_2025_08_26_at_11_49_23-768x512.jpeg"}},"image_meta":{"aperture":"0","credit":"","camera":"","caption":"","created_timestamp":"0","copyright":"","focal_length":"0","iso":"0","shutter_speed":"0","title":"","orientation":"0","keywords":[]}},"post":17540,"source_url":"https:\/\/nuevodigitaldeescobar.com.ar\/wp-content\/uploads\/2025\/08\/whatsapp_image_2025_08_26_at_11_49_23.jpeg"},"yoast_head":"<!-- This site is optimized with the Yoast SEO plugin v26.1.1 - https:\/\/yoast.com\/wordpress\/plugins\/seo\/ -->\n<title>Ariel Sujarchuk y el procurador Conte-Grand encabezaron una capacitaci\u00f3n sobre la rehumanizaci\u00f3n de los procesos judiciales - Nuevo Digital de Escobar<\/title>\n<meta name=\"description\" content=\"Se llev\u00f3 adelante en el Teatro Seminari de Bel\u00e9n de Escobar una capacitaci\u00f3n sobre tem\u00e1tica judicial, que en su primera jornada estuvo enmarcada bajo la consigna \u201cLa rehumanizaci\u00f3n de los sistemas y los procesos, y el fortalecimiento institucional\u201d.\" \/>\n<meta name=\"robots\" content=\"index, follow, max-snippet:-1, max-image-preview:large, max-video-preview:-1\" \/>\n<link rel=\"canonical\" href=\"https:\/\/nuevodigitaldeescobar.com.ar\/?p=17540\" \/>\n<meta property=\"og:locale\" content=\"es_ES\" \/>\n<meta property=\"og:type\" content=\"article\" \/>\n<meta property=\"og:title\" content=\"Ariel Sujarchuk y el procurador Conte-Grand encabezaron una capacitaci\u00f3n sobre la rehumanizaci\u00f3n de los procesos judiciales\" \/>\n<meta property=\"og:description\" content=\"Se llev\u00f3 adelante en el Teatro Seminari de Bel\u00e9n de Escobar una capacitaci\u00f3n sobre tem\u00e1tica judicial, que en su primera jornada estuvo enmarcada bajo la consigna \u201cLa rehumanizaci\u00f3n de los sistemas y los procesos, y el fortalecimiento institucional\u201d.\" \/>\n<meta property=\"og:url\" content=\"https:\/\/nuevodigitaldeescobar.com.ar\/?p=17540\" \/>\n<meta property=\"og:site_name\" content=\"Nuevo Digital de Escobar\" \/>\n<meta property=\"article:publisher\" content=\"https:\/\/www.facebook.com\/NUEVODigitalDeEscobar\" \/>\n<meta property=\"article:published_time\" content=\"2025-08-26T15:36:51+00:00\" \/>\n<meta property=\"article:modified_time\" content=\"2025-08-26T15:36:55+00:00\" \/>\n<meta property=\"og:image\" content=\"http:\/\/nuevodigitaldeescobar.com.ar\/wp-content\/uploads\/2025\/08\/whatsapp_image_2025_08_26_at_11_49_23.jpeg\" \/>\n\t<meta property=\"og:image:width\" content=\"1024\" \/>\n\t<meta property=\"og:image:height\" content=\"683\" \/>\n\t<meta property=\"og:image:type\" content=\"image\/jpeg\" \/>\n<meta name=\"author\" content=\"Redacci\u00f3n\" \/>\n<meta name=\"twitter:card\" content=\"summary_large_image\" \/>\n<meta name=\"twitter:creator\" content=\"@nuevodigescobar\" \/>\n<meta name=\"twitter:site\" content=\"@nuevodigescobar\" \/>\n<meta name=\"twitter:label1\" content=\"Escrito por\" \/>\n\t<meta name=\"twitter:data1\" content=\"Redacci\u00f3n\" \/>\n\t<meta name=\"twitter:label2\" content=\"Tiempo de lectura\" \/>\n\t<meta name=\"twitter:data2\" content=\"2 minutos\" \/>\n<script type=\"application\/ld+json\" class=\"yoast-schema-graph\">{\"@context\":\"https:\/\/schema.org\",\"@graph\":[{\"@type\":\"Article\",\"@id\":\"https:\/\/nuevodigitaldeescobar.com.ar\/?p=17540#article\",\"isPartOf\":{\"@id\":\"https:\/\/nuevodigitaldeescobar.com.ar\/?p=17540\"},\"author\":{\"name\":\"Redacci\u00f3n\",\"@id\":\"https:\/\/nuevodigitaldeescobar.com.ar\/#\/schema\/person\/035e90a8efe9a80e6eec22656ad6ea4c\"},\"headline\":\"Ariel Sujarchuk y el procurador Conte-Grand encabezaron una capacitaci\u00f3n sobre la rehumanizaci\u00f3n de los procesos judiciales\",\"datePublished\":\"2025-08-26T15:36:51+00:00\",\"dateModified\":\"2025-08-26T15:36:55+00:00\",\"mainEntityOfPage\":{\"@id\":\"https:\/\/nuevodigitaldeescobar.com.ar\/?p=17540\"},\"wordCount\":337,\"commentCount\":0,\"publisher\":{\"@id\":\"https:\/\/nuevodigitaldeescobar.com.ar\/#organization\"},\"image\":{\"@id\":\"https:\/\/nuevodigitaldeescobar.com.ar\/?p=17540#primaryimage\"},\"thumbnailUrl\":\"https:\/\/nuevodigitaldeescobar.com.ar\/wp-content\/uploads\/2025\/08\/whatsapp_image_2025_08_26_at_11_49_23.jpeg\",\"articleSection\":[\"Judiciales\"],\"inLanguage\":\"es\",\"potentialAction\":[{\"@type\":\"CommentAction\",\"name\":\"Comment\",\"target\":[\"https:\/\/nuevodigitaldeescobar.com.ar\/?p=17540#respond\"]}]},{\"@type\":\"WebPage\",\"@id\":\"https:\/\/nuevodigitaldeescobar.com.ar\/?p=17540\",\"url\":\"https:\/\/nuevodigitaldeescobar.com.ar\/?p=17540\",\"name\":\"Ariel Sujarchuk y el procurador Conte-Grand encabezaron una capacitaci\u00f3n sobre la rehumanizaci\u00f3n de los procesos judiciales - Nuevo Digital de Escobar\",\"isPartOf\":{\"@id\":\"https:\/\/nuevodigitaldeescobar.com.ar\/#website\"},\"primaryImageOfPage\":{\"@id\":\"https:\/\/nuevodigitaldeescobar.com.ar\/?p=17540#primaryimage\"},\"image\":{\"@id\":\"https:\/\/nuevodigitaldeescobar.com.ar\/?p=17540#primaryimage\"},\"thumbnailUrl\":\"https:\/\/nuevodigitaldeescobar.com.ar\/wp-content\/uploads\/2025\/08\/whatsapp_image_2025_08_26_at_11_49_23.jpeg\",\"datePublished\":\"2025-08-26T15:36:51+00:00\",\"dateModified\":\"2025-08-26T15:36:55+00:00\",\"description\":\"Se llev\u00f3 adelante en el Teatro Seminari de Bel\u00e9n de Escobar una capacitaci\u00f3n sobre tem\u00e1tica judicial, que en su primera jornada estuvo enmarcada bajo la consigna \u201cLa rehumanizaci\u00f3n de los sistemas y los procesos, y el fortalecimiento institucional\u201d.\",\"breadcrumb\":{\"@id\":\"https:\/\/nuevodigitaldeescobar.com.ar\/?p=17540#breadcrumb\"},\"inLanguage\":\"es\",\"potentialAction\":[{\"@type\":\"ReadAction\",\"target\":[\"https:\/\/nuevodigitaldeescobar.com.ar\/?p=17540\"]}]},{\"@type\":\"ImageObject\",\"inLanguage\":\"es\",\"@id\":\"https:\/\/nuevodigitaldeescobar.com.ar\/?p=17540#primaryimage\",\"url\":\"https:\/\/nuevodigitaldeescobar.com.ar\/wp-content\/uploads\/2025\/08\/whatsapp_image_2025_08_26_at_11_49_23.jpeg\",\"contentUrl\":\"https:\/\/nuevodigitaldeescobar.com.ar\/wp-content\/uploads\/2025\/08\/whatsapp_image_2025_08_26_at_11_49_23.jpeg\",\"width\":1024,\"height\":683},{\"@type\":\"BreadcrumbList\",\"@id\":\"https:\/\/nuevodigitaldeescobar.com.ar\/?p=17540#breadcrumb\",\"itemListElement\":[{\"@type\":\"ListItem\",\"position\":1,\"name\":\"Portada\",\"item\":\"https:\/\/nuevodigitaldeescobar.com.ar\/\"},{\"@type\":\"ListItem\",\"position\":2,\"name\":\"Ariel Sujarchuk y el procurador Conte-Grand encabezaron una capacitaci\u00f3n sobre la rehumanizaci\u00f3n de los procesos judiciales\"}]},{\"@type\":\"WebSite\",\"@id\":\"https:\/\/nuevodigitaldeescobar.com.ar\/#website\",\"url\":\"https:\/\/nuevodigitaldeescobar.com.ar\/\",\"name\":\"Nuevo Digital de Escobar\",\"description\":\"La vida escobarense. Directora: Rosana Brunner\",\"publisher\":{\"@id\":\"https:\/\/nuevodigitaldeescobar.com.ar\/#organization\"},\"potentialAction\":[{\"@type\":\"SearchAction\",\"target\":{\"@type\":\"EntryPoint\",\"urlTemplate\":\"https:\/\/nuevodigitaldeescobar.com.ar\/?s={search_term_string}\"},\"query-input\":{\"@type\":\"PropertyValueSpecification\",\"valueRequired\":true,\"valueName\":\"search_term_string\"}}],\"inLanguage\":\"es\"},{\"@type\":\"Organization\",\"@id\":\"https:\/\/nuevodigitaldeescobar.com.ar\/#organization\",\"name\":\"Nuevo Digital de Escobar\",\"url\":\"https:\/\/nuevodigitaldeescobar.com.ar\/\",\"logo\":{\"@type\":\"ImageObject\",\"inLanguage\":\"es\",\"@id\":\"https:\/\/nuevodigitaldeescobar.com.ar\/#\/schema\/logo\/image\/\",\"url\":\"https:\/\/nuevodigitaldeescobar.com.ar\/wp-content\/uploads\/2025\/05\/cropped-logo-nuevo2.jpg\",\"contentUrl\":\"https:\/\/nuevodigitaldeescobar.com.ar\/wp-content\/uploads\/2025\/05\/cropped-logo-nuevo2.jpg\",\"width\":305,\"height\":305,\"caption\":\"Nuevo Digital de Escobar\"},\"image\":{\"@id\":\"https:\/\/nuevodigitaldeescobar.com.ar\/#\/schema\/logo\/image\/\"},\"sameAs\":[\"https:\/\/www.facebook.com\/NUEVODigitalDeEscobar\",\"https:\/\/x.com\/nuevodigescobar\",\"https:\/\/www.instagram.com\/nuevodigitaldeescobar\"]},{\"@type\":\"Person\",\"@id\":\"https:\/\/nuevodigitaldeescobar.com.ar\/#\/schema\/person\/035e90a8efe9a80e6eec22656ad6ea4c\",\"name\":\"Redacci\u00f3n\",\"image\":{\"@type\":\"ImageObject\",\"inLanguage\":\"es\",\"@id\":\"https:\/\/nuevodigitaldeescobar.com.ar\/#\/schema\/person\/image\/\",\"url\":\"https:\/\/secure.gravatar.com\/avatar\/8af8f40000c24e9eef3034f2be5998a372bb1389e64b1a4a36b3a7979142220d?s=96&d=mm&r=g\",\"contentUrl\":\"https:\/\/secure.gravatar.com\/avatar\/8af8f40000c24e9eef3034f2be5998a372bb1389e64b1a4a36b3a7979142220d?s=96&d=mm&r=g\",\"caption\":\"Redacci\u00f3n\"},\"sameAs\":[\"http:\/\/nuevodigitaldeescobar.com.ar\"],\"url\":\"https:\/\/nuevodigitaldeescobar.com.ar\/?author=1\"}]}<\/script>\n<!-- \/ Yoast SEO plugin. -->","yoast_head_json":{"title":"Ariel Sujarchuk y el procurador Conte-Grand encabezaron una capacitaci\u00f3n sobre la rehumanizaci\u00f3n de los procesos judiciales - Nuevo Digital de Escobar","description":"Se llev\u00f3 adelante en el Teatro Seminari de Bel\u00e9n de Escobar una capacitaci\u00f3n sobre tem\u00e1tica judicial, que en su primera jornada estuvo enmarcada bajo la consigna \u201cLa rehumanizaci\u00f3n de los sistemas y los procesos, y el fortalecimiento institucional\u201d.","robots":{"index":"index","follow":"follow","max-snippet":"max-snippet:-1","max-image-preview":"max-image-preview:large","max-video-preview":"max-video-preview:-1"},"canonical":"https:\/\/nuevodigitaldeescobar.com.ar\/?p=17540","og_locale":"es_ES","og_type":"article","og_title":"Ariel Sujarchuk y el procurador Conte-Grand encabezaron una capacitaci\u00f3n sobre la rehumanizaci\u00f3n de los procesos judiciales","og_description":"Se llev\u00f3 adelante en el Teatro Seminari de Bel\u00e9n de Escobar una capacitaci\u00f3n sobre tem\u00e1tica judicial, que en su primera jornada estuvo enmarcada bajo la consigna \u201cLa rehumanizaci\u00f3n de los sistemas y los procesos, y el fortalecimiento institucional\u201d.","og_url":"https:\/\/nuevodigitaldeescobar.com.ar\/?p=17540","og_site_name":"Nuevo Digital de Escobar","article_publisher":"https:\/\/www.facebook.com\/NUEVODigitalDeEscobar","article_published_time":"2025-08-26T15:36:51+00:00","article_modified_time":"2025-08-26T15:36:55+00:00","og_image":[{"width":1024,"height":683,"url":"http:\/\/nuevodigitaldeescobar.com.ar\/wp-content\/uploads\/2025\/08\/whatsapp_image_2025_08_26_at_11_49_23.jpeg","type":"image\/jpeg"}],"author":"Redacci\u00f3n","twitter_card":"summary_large_image","twitter_creator":"@nuevodigescobar","twitter_site":"@nuevodigescobar","twitter_misc":{"Escrito por":"Redacci\u00f3n","Tiempo de lectura":"2 minutos"},"schema":{"@context":"https:\/\/schema.org","@graph":[{"@type":"Article","@id":"https:\/\/nuevodigitaldeescobar.com.ar\/?p=17540#article","isPartOf":{"@id":"https:\/\/nuevodigitaldeescobar.com.ar\/?p=17540"},"author":{"name":"Redacci\u00f3n","@id":"https:\/\/nuevodigitaldeescobar.com.ar\/#\/schema\/person\/035e90a8efe9a80e6eec22656ad6ea4c"},"headline":"Ariel Sujarchuk y el procurador Conte-Grand encabezaron una capacitaci\u00f3n sobre la rehumanizaci\u00f3n de los procesos judiciales","datePublished":"2025-08-26T15:36:51+00:00","dateModified":"2025-08-26T15:36:55+00:00","mainEntityOfPage":{"@id":"https:\/\/nuevodigitaldeescobar.com.ar\/?p=17540"},"wordCount":337,"commentCount":0,"publisher":{"@id":"https:\/\/nuevodigitaldeescobar.com.ar\/#organization"},"image":{"@id":"https:\/\/nuevodigitaldeescobar.com.ar\/?p=17540#primaryimage"},"thumbnailUrl":"https:\/\/nuevodigitaldeescobar.com.ar\/wp-content\/uploads\/2025\/08\/whatsapp_image_2025_08_26_at_11_49_23.jpeg","articleSection":["Judiciales"],"inLanguage":"es","potentialAction":[{"@type":"CommentAction","name":"Comment","target":["https:\/\/nuevodigitaldeescobar.com.ar\/?p=17540#respond"]}]},{"@type":"WebPage","@id":"https:\/\/nuevodigitaldeescobar.com.ar\/?p=17540","url":"https:\/\/nuevodigitaldeescobar.com.ar\/?p=17540","name":"Ariel Sujarchuk y el procurador Conte-Grand encabezaron una capacitaci\u00f3n sobre la rehumanizaci\u00f3n de los procesos judiciales - Nuevo Digital de Escobar","isPartOf":{"@id":"https:\/\/nuevodigitaldeescobar.com.ar\/#website"},"primaryImageOfPage":{"@id":"https:\/\/nuevodigitaldeescobar.com.ar\/?p=17540#primaryimage"},"image":{"@id":"https:\/\/nuevodigitaldeescobar.com.ar\/?p=17540#primaryimage"},"thumbnailUrl":"https:\/\/nuevodigitaldeescobar.com.ar\/wp-content\/uploads\/2025\/08\/whatsapp_image_2025_08_26_at_11_49_23.jpeg","datePublished":"2025-08-26T15:36:51+00:00","dateModified":"2025-08-26T15:36:55+00:00","description":"Se llev\u00f3 adelante en el Teatro Seminari de Bel\u00e9n de Escobar una capacitaci\u00f3n sobre tem\u00e1tica judicial, que en su primera jornada estuvo enmarcada bajo la consigna \u201cLa rehumanizaci\u00f3n de los sistemas y los procesos, y el fortalecimiento institucional\u201d.","breadcrumb":{"@id":"https:\/\/nuevodigitaldeescobar.com.ar\/?p=17540#breadcrumb"},"inLanguage":"es","potentialAction":[{"@type":"ReadAction","target":["https:\/\/nuevodigitaldeescobar.com.ar\/?p=17540"]}]},{"@type":"ImageObject","inLanguage":"es","@id":"https:\/\/nuevodigitaldeescobar.com.ar\/?p=17540#primaryimage","url":"https:\/\/nuevodigitaldeescobar.com.ar\/wp-content\/uploads\/2025\/08\/whatsapp_image_2025_08_26_at_11_49_23.jpeg","contentUrl":"https:\/\/nuevodigitaldeescobar.com.ar\/wp-content\/uploads\/2025\/08\/whatsapp_image_2025_08_26_at_11_49_23.jpeg","width":1024,"height":683},{"@type":"BreadcrumbList","@id":"https:\/\/nuevodigitaldeescobar.com.ar\/?p=17540#breadcrumb","itemListElement":[{"@type":"ListItem","position":1,"name":"Portada","item":"https:\/\/nuevodigitaldeescobar.com.ar\/"},{"@type":"ListItem","position":2,"name":"Ariel Sujarchuk y el procurador Conte-Grand encabezaron una capacitaci\u00f3n sobre la rehumanizaci\u00f3n de los procesos judiciales"}]},{"@type":"WebSite","@id":"https:\/\/nuevodigitaldeescobar.com.ar\/#website","url":"https:\/\/nuevodigitaldeescobar.com.ar\/","name":"Nuevo Digital de Escobar","description":"La vida escobarense. Directora: Rosana Brunner","publisher":{"@id":"https:\/\/nuevodigitaldeescobar.com.ar\/#organization"},"potentialAction":[{"@type":"SearchAction","target":{"@type":"EntryPoint","urlTemplate":"https:\/\/nuevodigitaldeescobar.com.ar\/?s={search_term_string}"},"query-input":{"@type":"PropertyValueSpecification","valueRequired":true,"valueName":"search_term_string"}}],"inLanguage":"es"},{"@type":"Organization","@id":"https:\/\/nuevodigitaldeescobar.com.ar\/#organization","name":"Nuevo Digital de Escobar","url":"https:\/\/nuevodigitaldeescobar.com.ar\/","logo":{"@type":"ImageObject","inLanguage":"es","@id":"https:\/\/nuevodigitaldeescobar.com.ar\/#\/schema\/logo\/image\/","url":"https:\/\/nuevodigitaldeescobar.com.ar\/wp-content\/uploads\/2025\/05\/cropped-logo-nuevo2.jpg","contentUrl":"https:\/\/nuevodigitaldeescobar.com.ar\/wp-content\/uploads\/2025\/05\/cropped-logo-nuevo2.jpg","width":305,"height":305,"caption":"Nuevo Digital de Escobar"},"image":{"@id":"https:\/\/nuevodigitaldeescobar.com.ar\/#\/schema\/logo\/image\/"},"sameAs":["https:\/\/www.facebook.com\/NUEVODigitalDeEscobar","https:\/\/x.com\/nuevodigescobar","https:\/\/www.instagram.com\/nuevodigitaldeescobar"]},{"@type":"Person","@id":"https:\/\/nuevodigitaldeescobar.com.ar\/#\/schema\/person\/035e90a8efe9a80e6eec22656ad6ea4c","name":"Redacci\u00f3n","image":{"@type":"ImageObject","inLanguage":"es","@id":"https:\/\/nuevodigitaldeescobar.com.ar\/#\/schema\/person\/image\/","url":"https:\/\/secure.gravatar.com\/avatar\/8af8f40000c24e9eef3034f2be5998a372bb1389e64b1a4a36b3a7979142220d?s=96&d=mm&r=g","contentUrl":"https:\/\/secure.gravatar.com\/avatar\/8af8f40000c24e9eef3034f2be5998a372bb1389e64b1a4a36b3a7979142220d?s=96&d=mm&r=g","caption":"Redacci\u00f3n"},"sameAs":["http:\/\/nuevodigitaldeescobar.com.ar"],"url":"https:\/\/nuevodigitaldeescobar.com.ar\/?author=1"}]}},"featured_image_urls":{"full":["https:\/\/nuevodigitaldeescobar.com.ar\/wp-content\/uploads\/2025\/08\/whatsapp_image_2025_08_26_at_11_49_23.jpeg",1024,683,false],"thumbnail":["https:\/\/nuevodigitaldeescobar.com.ar\/wp-content\/uploads\/2025\/08\/whatsapp_image_2025_08_26_at_11_49_23-150x150.jpeg",150,150,true],"medium":["https:\/\/nuevodigitaldeescobar.com.ar\/wp-content\/uploads\/2025\/08\/whatsapp_image_2025_08_26_at_11_49_23-300x200.jpeg",300,200,true],"medium_large":["https:\/\/nuevodigitaldeescobar.com.ar\/wp-content\/uploads\/2025\/08\/whatsapp_image_2025_08_26_at_11_49_23-768x512.jpeg",640,427,true],"large":["https:\/\/nuevodigitaldeescobar.com.ar\/wp-content\/uploads\/2025\/08\/whatsapp_image_2025_08_26_at_11_49_23.jpeg",640,427,false],"1536x1536":["https:\/\/nuevodigitaldeescobar.com.ar\/wp-content\/uploads\/2025\/08\/whatsapp_image_2025_08_26_at_11_49_23.jpeg",1024,683,false],"2048x2048":["https:\/\/nuevodigitaldeescobar.com.ar\/wp-content\/uploads\/2025\/08\/whatsapp_image_2025_08_26_at_11_49_23.jpeg",1024,683,false]},"author_info":{"display_name":"Redacci\u00f3n","author_link":"https:\/\/nuevodigitaldeescobar.com.ar\/?author=1"},"category_info":"<a href=\"https:\/\/nuevodigitaldeescobar.com.ar\/?cat=235\" rel=\"category\">Judiciales<\/a>","tag_info":"Judiciales","comment_count":"0","_links":{"self":[{"href":"https:\/\/nuevodigitaldeescobar.com.ar\/index.php?rest_route=\/wp\/v2\/posts\/17540","targetHints":{"allow":["GET"]}}],"collection":[{"href":"https:\/\/nuevodigitaldeescobar.com.ar\/index.php?rest_route=\/wp\/v2\/posts"}],"about":[{"href":"https:\/\/nuevodigitaldeescobar.com.ar\/index.php?rest_route=\/wp\/v2\/types\/post"}],"author":[{"embeddable":true,"href":"https:\/\/nuevodigitaldeescobar.com.ar\/index.php?rest_route=\/wp\/v2\/users\/1"}],"replies":[{"embeddable":true,"href":"https:\/\/nuevodigitaldeescobar.com.ar\/index.php?rest_route=%2Fwp%2Fv2%2Fcomments&post=17540"}],"version-history":[{"count":1,"href":"https:\/\/nuevodigitaldeescobar.com.ar\/index.php?rest_route=\/wp\/v2\/posts\/17540\/revisions"}],"predecessor-version":[{"id":17544,"href":"https:\/\/nuevodigitaldeescobar.com.ar\/index.php?rest_route=\/wp\/v2\/posts\/17540\/revisions\/17544"}],"wp:featuredmedia":[{"embeddable":true,"href":"https:\/\/nuevodigitaldeescobar.com.ar\/index.php?rest_route=\/wp\/v2\/media\/17542"}],"wp:attachment":[{"href":"https:\/\/nuevodigitaldeescobar.com.ar\/index.php?rest_route=%2Fwp%2Fv2%2Fmedia&parent=17540"}],"wp:term":[{"taxonomy":"category","embeddable":true,"href":"https:\/\/nuevodigitaldeescobar.com.ar\/index.php?rest_route=%2Fwp%2Fv2%2Fcategories&post=17540"},{"taxonomy":"post_tag","embeddable":true,"href":"https:\/\/nuevodigitaldeescobar.com.ar\/index.php?rest_route=%2Fwp%2Fv2%2Ftags&post=17540"}],"curies":[{"name":"wp","href":"https:\/\/api.w.org\/{rel}","templated":true}]}}