{"id":17599,"date":"2025-08-28T06:56:01","date_gmt":"2025-08-28T09:56:01","guid":{"rendered":"https:\/\/nuevodigitaldeescobar.com.ar\/?p=17599"},"modified":"2025-08-28T07:00:33","modified_gmt":"2025-08-28T10:00:33","slug":"feriados-2025-que-pasara-con-los-trasladables-y-como-queda-el-calendario","status":"publish","type":"post","link":"https:\/\/nuevodigitaldeescobar.com.ar\/?p=17599","title":{"rendered":"Feriados 2025: qu\u00e9 pasar\u00e1 con los trasladables y c\u00f3mo queda el calendario"},"content":{"rendered":"\n<p class=\"has-vivid-cyan-blue-color has-text-color has-link-color wp-elements-c71d0ccfb84d715bcac749fd8a3b83a1\"><em><strong>El Gobierno nacional oficializ\u00f3, a trav\u00e9s del Decreto 614\/2025, nuevas disposiciones sobre los feriados trasladables en la Argentina. La medida busca otorgar mayor claridad al calendario y evitar dudas sobre qu\u00e9 sucede cuando una fecha de conmemoraci\u00f3n cae un s\u00e1bado o domingo.<\/strong><\/em><\/p>\n\n\n\n<!--more-->\n\n\n\n<p>De acuerdo con la normativa, los feriados nacionales considerados trasladables podr\u00e1n moverse al <strong>lunes siguiente<\/strong> o al <strong>viernes anterior<\/strong>, seg\u00fan lo disponga la <strong>Jefatura de Gabinete<\/strong>, organismo designado como Autoridad de Aplicaci\u00f3n.<\/p>\n\n\n\n<p>Este cambio se enmarca en la <strong>Ley 27.399<\/strong>, que regula el r\u00e9gimen de feriados, y en la <strong>Ley de Ministerios 22.520<\/strong>, que otorga competencia a la Jefatura de Gabinete en este tema. El objetivo, seg\u00fan explicaron, es <strong>dar previsibilidad a la planificaci\u00f3n educativa, productiva y tur\u00edstica<\/strong>.<\/p>\n\n\n\n<h3 class=\"wp-block-heading has-text-color has-link-color wp-elements-b4581aaaebea46d3693283c6b248e2e8\" style=\"color:#0d15c3\">\ud83d\udd0e Pr\u00f3ximos feriados en Argentina<\/h3>\n\n\n\n<p>Con la nueva disposici\u00f3n, la atenci\u00f3n est\u00e1 puesta en el <strong>12 de octubre<\/strong>, D\u00eda del Respeto a la Diversidad Cultural, que este a\u00f1o cae domingo. La Jefatura de Gabinete ser\u00e1 la encargada de definir si se traslada al lunes 13 o al viernes 10.<\/p>\n\n\n\n<p>Adem\u00e1s, quedan otras fechas claves hasta fin de a\u00f1o, que combinan fines de semana largos, feriados inamovibles y jornadas con fines tur\u00edsticos:<\/p>\n\n\n\n<figure class=\"wp-block-table is-style-stripes\"><table class=\"has-luminous-dusk-gradient-background has-background has-fixed-layout\"><thead><tr><th>Fecha<\/th><th>D\u00eda<\/th><th>Motivo<\/th><th>Tipo<\/th><\/tr><\/thead><tbody><tr><td>12 de octubre<\/td><td>Domingo<\/td><td>D\u00eda del Respeto a la Diversidad Cultural<\/td><td>Trasladable (pendiente de definici\u00f3n)<\/td><\/tr><tr><td>21 de noviembre<\/td><td>Viernes<\/td><td>D\u00eda no laborable con fines tur\u00edsticos<\/td><td>Tur\u00edstico<\/td><\/tr><tr><td>24 de noviembre<\/td><td>Lunes<\/td><td>D\u00eda de la Soberan\u00eda Nacional (trasladado del 20)<\/td><td>Trasladable ya definido<\/td><\/tr><tr><td>8 de diciembre<\/td><td>Lunes<\/td><td>D\u00eda de la Inmaculada Concepci\u00f3n de Mar\u00eda<\/td><td>Inamovible<\/td><\/tr><tr><td>25 de diciembre<\/td><td>Jueves<\/td><td>Navidad<\/td><td>Inamovible<\/td><\/tr><\/tbody><\/table><\/figure>\n\n\n\n<h3 class=\"wp-block-heading has-text-color has-link-color wp-elements-00827cbe1f3bc83a176d06517043fbe1\" style=\"color:#0d15c3\">\ud83d\uddd3\ufe0f Impacto en la vida cotidiana<\/h3>\n\n\n\n<p>Las nuevas reglas permitir\u00e1n organizar con mayor certeza tanto la vida laboral como escolar y, al mismo tiempo, <strong>favorecer el turismo interno<\/strong>. En particular, noviembre promete ser uno de los meses con mayor movimiento, al ofrecer un fin de semana largo XL con dos jornadas unidas.<\/p>\n\n\n<iframe class=\"embed-pdf-viewer\" src=\"https:\/\/nuevodigitaldeescobar.com.ar\/wp-content\/uploads\/2025\/08\/aviso_330457.pdf\" height=\"600\" width=\"600\" title=\"Array\"><\/iframe>\n\n\n<p>Diciembre, en cambio, concentra los feriados m\u00e1s esperados: la celebraci\u00f3n religiosa del <strong>8 de diciembre<\/strong> y la <strong>Navidad<\/strong>, que dar\u00e1 inicio al receso de verano y marcar\u00e1 el cierre del ciclo anual.<\/p>\n","protected":false},"excerpt":{"rendered":"<p>El Gobierno nacional oficializ\u00f3, a trav\u00e9s del Decreto 614\/2025, nuevas disposiciones sobre los feriados trasladables en la Argentina. La medida busca otorgar mayor claridad al [&hellip;]<\/p>\n","protected":false},"author":1,"featured_media":2224,"comment_status":"open","ping_status":"open","sticky":false,"template":"","format":"standard","meta":{"footnotes":""},"categories":[7],"tags":[],"class_list":["post-17599","post","type-post","status-publish","format-standard","has-post-thumbnail","hentry","category-interes-general"],"better_featured_image":{"id":2224,"alt_text":"","caption":"","description":"","media_type":"image","media_details":{"width":720,"height":405,"file":"2023\/12\/calendario-feriados.jpg","filesize":24850,"sizes":{"medium":{"file":"calendario-feriados-300x169.jpg","width":300,"height":169,"mime-type":"image\/jpeg","filesize":10494,"source_url":"https:\/\/nuevodigitaldeescobar.com.ar\/wp-content\/uploads\/2023\/12\/calendario-feriados-300x169.jpg"},"thumbnail":{"file":"calendario-feriados-150x150.jpg","width":150,"height":150,"mime-type":"image\/jpeg","filesize":7453,"source_url":"https:\/\/nuevodigitaldeescobar.com.ar\/wp-content\/uploads\/2023\/12\/calendario-feriados-150x150.jpg"},"covernews-medium":{"file":"calendario-feriados-540x340.jpg","width":540,"height":340,"mime-type":"image\/jpeg","filesize":19467,"source_url":"https:\/\/nuevodigitaldeescobar.com.ar\/wp-content\/uploads\/2023\/12\/calendario-feriados-540x340.jpg"},"covernews-medium-square":{"file":"calendario-feriados-400x250.jpg","width":400,"height":250,"mime-type":"image\/jpeg","filesize":14136,"source_url":"https:\/\/nuevodigitaldeescobar.com.ar\/wp-content\/uploads\/2023\/12\/calendario-feriados-400x250.jpg"}},"image_meta":{"aperture":"0","credit":"","camera":"","caption":"","created_timestamp":"0","copyright":"","focal_length":"0","iso":"0","shutter_speed":"0","title":"","orientation":"0","keywords":[]}},"post":2223,"source_url":"https:\/\/nuevodigitaldeescobar.com.ar\/wp-content\/uploads\/2023\/12\/calendario-feriados.jpg"},"yoast_head":"<!-- This site is optimized with the Yoast SEO plugin v26.1.1 - https:\/\/yoast.com\/wordpress\/plugins\/seo\/ -->\n<title>Feriados 2025: qu\u00e9 pasar\u00e1 con los trasladables y c\u00f3mo queda el calendario - Nuevo Digital de Escobar<\/title>\n<meta name=\"robots\" content=\"index, follow, max-snippet:-1, max-image-preview:large, max-video-preview:-1\" \/>\n<link rel=\"canonical\" href=\"https:\/\/nuevodigitaldeescobar.com.ar\/?p=17599\" \/>\n<meta property=\"og:locale\" content=\"es_ES\" \/>\n<meta property=\"og:type\" content=\"article\" \/>\n<meta property=\"og:title\" content=\"Feriados 2025: qu\u00e9 pasar\u00e1 con los trasladables y c\u00f3mo queda el calendario - Nuevo Digital de Escobar\" \/>\n<meta property=\"og:description\" content=\"El Gobierno nacional oficializ\u00f3, a trav\u00e9s del Decreto 614\/2025, nuevas disposiciones sobre los feriados trasladables en la Argentina. La medida busca otorgar mayor claridad al [&hellip;]\" \/>\n<meta property=\"og:url\" content=\"https:\/\/nuevodigitaldeescobar.com.ar\/?p=17599\" \/>\n<meta property=\"og:site_name\" content=\"Nuevo Digital de Escobar\" \/>\n<meta property=\"article:publisher\" content=\"https:\/\/www.facebook.com\/NUEVODigitalDeEscobar\" \/>\n<meta property=\"article:published_time\" content=\"2025-08-28T09:56:01+00:00\" \/>\n<meta property=\"article:modified_time\" content=\"2025-08-28T10:00:33+00:00\" \/>\n<meta property=\"og:image\" content=\"http:\/\/nuevodigitaldeescobar.com.ar\/wp-content\/uploads\/2023\/12\/calendario-feriados.jpg\" \/>\n\t<meta property=\"og:image:width\" content=\"720\" \/>\n\t<meta property=\"og:image:height\" content=\"405\" \/>\n\t<meta property=\"og:image:type\" content=\"image\/jpeg\" \/>\n<meta name=\"author\" content=\"Redacci\u00f3n\" \/>\n<meta name=\"twitter:card\" content=\"summary_large_image\" \/>\n<meta name=\"twitter:creator\" content=\"@nuevodigescobar\" \/>\n<meta name=\"twitter:site\" content=\"@nuevodigescobar\" \/>\n<meta name=\"twitter:label1\" content=\"Escrito por\" \/>\n\t<meta name=\"twitter:data1\" content=\"Redacci\u00f3n\" \/>\n\t<meta name=\"twitter:label2\" content=\"Tiempo de lectura\" \/>\n\t<meta name=\"twitter:data2\" content=\"2 minutos\" \/>\n<script type=\"application\/ld+json\" class=\"yoast-schema-graph\">{\"@context\":\"https:\/\/schema.org\",\"@graph\":[{\"@type\":\"Article\",\"@id\":\"https:\/\/nuevodigitaldeescobar.com.ar\/?p=17599#article\",\"isPartOf\":{\"@id\":\"https:\/\/nuevodigitaldeescobar.com.ar\/?p=17599\"},\"author\":{\"name\":\"Redacci\u00f3n\",\"@id\":\"https:\/\/nuevodigitaldeescobar.com.ar\/#\/schema\/person\/035e90a8efe9a80e6eec22656ad6ea4c\"},\"headline\":\"Feriados 2025: qu\u00e9 pasar\u00e1 con los trasladables y c\u00f3mo queda el calendario\",\"datePublished\":\"2025-08-28T09:56:01+00:00\",\"dateModified\":\"2025-08-28T10:00:33+00:00\",\"mainEntityOfPage\":{\"@id\":\"https:\/\/nuevodigitaldeescobar.com.ar\/?p=17599\"},\"wordCount\":367,\"commentCount\":0,\"publisher\":{\"@id\":\"https:\/\/nuevodigitaldeescobar.com.ar\/#organization\"},\"image\":{\"@id\":\"https:\/\/nuevodigitaldeescobar.com.ar\/?p=17599#primaryimage\"},\"thumbnailUrl\":\"https:\/\/nuevodigitaldeescobar.com.ar\/wp-content\/uploads\/2023\/12\/calendario-feriados.jpg\",\"articleSection\":[\"Inter\u00e9s general\"],\"inLanguage\":\"es\",\"potentialAction\":[{\"@type\":\"CommentAction\",\"name\":\"Comment\",\"target\":[\"https:\/\/nuevodigitaldeescobar.com.ar\/?p=17599#respond\"]}]},{\"@type\":\"WebPage\",\"@id\":\"https:\/\/nuevodigitaldeescobar.com.ar\/?p=17599\",\"url\":\"https:\/\/nuevodigitaldeescobar.com.ar\/?p=17599\",\"name\":\"Feriados 2025: qu\u00e9 pasar\u00e1 con los trasladables y c\u00f3mo queda el calendario - Nuevo Digital de Escobar\",\"isPartOf\":{\"@id\":\"https:\/\/nuevodigitaldeescobar.com.ar\/#website\"},\"primaryImageOfPage\":{\"@id\":\"https:\/\/nuevodigitaldeescobar.com.ar\/?p=17599#primaryimage\"},\"image\":{\"@id\":\"https:\/\/nuevodigitaldeescobar.com.ar\/?p=17599#primaryimage\"},\"thumbnailUrl\":\"https:\/\/nuevodigitaldeescobar.com.ar\/wp-content\/uploads\/2023\/12\/calendario-feriados.jpg\",\"datePublished\":\"2025-08-28T09:56:01+00:00\",\"dateModified\":\"2025-08-28T10:00:33+00:00\",\"breadcrumb\":{\"@id\":\"https:\/\/nuevodigitaldeescobar.com.ar\/?p=17599#breadcrumb\"},\"inLanguage\":\"es\",\"potentialAction\":[{\"@type\":\"ReadAction\",\"target\":[\"https:\/\/nuevodigitaldeescobar.com.ar\/?p=17599\"]}]},{\"@type\":\"ImageObject\",\"inLanguage\":\"es\",\"@id\":\"https:\/\/nuevodigitaldeescobar.com.ar\/?p=17599#primaryimage\",\"url\":\"https:\/\/nuevodigitaldeescobar.com.ar\/wp-content\/uploads\/2023\/12\/calendario-feriados.jpg\",\"contentUrl\":\"https:\/\/nuevodigitaldeescobar.com.ar\/wp-content\/uploads\/2023\/12\/calendario-feriados.jpg\",\"width\":720,\"height\":405},{\"@type\":\"BreadcrumbList\",\"@id\":\"https:\/\/nuevodigitaldeescobar.com.ar\/?p=17599#breadcrumb\",\"itemListElement\":[{\"@type\":\"ListItem\",\"position\":1,\"name\":\"Portada\",\"item\":\"https:\/\/nuevodigitaldeescobar.com.ar\/\"},{\"@type\":\"ListItem\",\"position\":2,\"name\":\"Feriados 2025: qu\u00e9 pasar\u00e1 con los trasladables y c\u00f3mo queda el calendario\"}]},{\"@type\":\"WebSite\",\"@id\":\"https:\/\/nuevodigitaldeescobar.com.ar\/#website\",\"url\":\"https:\/\/nuevodigitaldeescobar.com.ar\/\",\"name\":\"Nuevo Digital de Escobar\",\"description\":\"La vida escobarense. Directora: Rosana Brunner\",\"publisher\":{\"@id\":\"https:\/\/nuevodigitaldeescobar.com.ar\/#organization\"},\"potentialAction\":[{\"@type\":\"SearchAction\",\"target\":{\"@type\":\"EntryPoint\",\"urlTemplate\":\"https:\/\/nuevodigitaldeescobar.com.ar\/?s={search_term_string}\"},\"query-input\":{\"@type\":\"PropertyValueSpecification\",\"valueRequired\":true,\"valueName\":\"search_term_string\"}}],\"inLanguage\":\"es\"},{\"@type\":\"Organization\",\"@id\":\"https:\/\/nuevodigitaldeescobar.com.ar\/#organization\",\"name\":\"Nuevo Digital de Escobar\",\"url\":\"https:\/\/nuevodigitaldeescobar.com.ar\/\",\"logo\":{\"@type\":\"ImageObject\",\"inLanguage\":\"es\",\"@id\":\"https:\/\/nuevodigitaldeescobar.com.ar\/#\/schema\/logo\/image\/\",\"url\":\"https:\/\/nuevodigitaldeescobar.com.ar\/wp-content\/uploads\/2025\/05\/cropped-logo-nuevo2.jpg\",\"contentUrl\":\"https:\/\/nuevodigitaldeescobar.com.ar\/wp-content\/uploads\/2025\/05\/cropped-logo-nuevo2.jpg\",\"width\":305,\"height\":305,\"caption\":\"Nuevo Digital de Escobar\"},\"image\":{\"@id\":\"https:\/\/nuevodigitaldeescobar.com.ar\/#\/schema\/logo\/image\/\"},\"sameAs\":[\"https:\/\/www.facebook.com\/NUEVODigitalDeEscobar\",\"https:\/\/x.com\/nuevodigescobar\",\"https:\/\/www.instagram.com\/nuevodigitaldeescobar\"]},{\"@type\":\"Person\",\"@id\":\"https:\/\/nuevodigitaldeescobar.com.ar\/#\/schema\/person\/035e90a8efe9a80e6eec22656ad6ea4c\",\"name\":\"Redacci\u00f3n\",\"image\":{\"@type\":\"ImageObject\",\"inLanguage\":\"es\",\"@id\":\"https:\/\/nuevodigitaldeescobar.com.ar\/#\/schema\/person\/image\/\",\"url\":\"https:\/\/secure.gravatar.com\/avatar\/8af8f40000c24e9eef3034f2be5998a372bb1389e64b1a4a36b3a7979142220d?s=96&d=mm&r=g\",\"contentUrl\":\"https:\/\/secure.gravatar.com\/avatar\/8af8f40000c24e9eef3034f2be5998a372bb1389e64b1a4a36b3a7979142220d?s=96&d=mm&r=g\",\"caption\":\"Redacci\u00f3n\"},\"sameAs\":[\"http:\/\/nuevodigitaldeescobar.com.ar\"],\"url\":\"https:\/\/nuevodigitaldeescobar.com.ar\/?author=1\"}]}<\/script>\n<!-- \/ Yoast SEO plugin. -->","yoast_head_json":{"title":"Feriados 2025: qu\u00e9 pasar\u00e1 con los trasladables y c\u00f3mo queda el calendario - Nuevo Digital de Escobar","robots":{"index":"index","follow":"follow","max-snippet":"max-snippet:-1","max-image-preview":"max-image-preview:large","max-video-preview":"max-video-preview:-1"},"canonical":"https:\/\/nuevodigitaldeescobar.com.ar\/?p=17599","og_locale":"es_ES","og_type":"article","og_title":"Feriados 2025: qu\u00e9 pasar\u00e1 con los trasladables y c\u00f3mo queda el calendario - Nuevo Digital de Escobar","og_description":"El Gobierno nacional oficializ\u00f3, a trav\u00e9s del Decreto 614\/2025, nuevas disposiciones sobre los feriados trasladables en la Argentina. La medida busca otorgar mayor claridad al [&hellip;]","og_url":"https:\/\/nuevodigitaldeescobar.com.ar\/?p=17599","og_site_name":"Nuevo Digital de Escobar","article_publisher":"https:\/\/www.facebook.com\/NUEVODigitalDeEscobar","article_published_time":"2025-08-28T09:56:01+00:00","article_modified_time":"2025-08-28T10:00:33+00:00","og_image":[{"width":720,"height":405,"url":"http:\/\/nuevodigitaldeescobar.com.ar\/wp-content\/uploads\/2023\/12\/calendario-feriados.jpg","type":"image\/jpeg"}],"author":"Redacci\u00f3n","twitter_card":"summary_large_image","twitter_creator":"@nuevodigescobar","twitter_site":"@nuevodigescobar","twitter_misc":{"Escrito por":"Redacci\u00f3n","Tiempo de lectura":"2 minutos"},"schema":{"@context":"https:\/\/schema.org","@graph":[{"@type":"Article","@id":"https:\/\/nuevodigitaldeescobar.com.ar\/?p=17599#article","isPartOf":{"@id":"https:\/\/nuevodigitaldeescobar.com.ar\/?p=17599"},"author":{"name":"Redacci\u00f3n","@id":"https:\/\/nuevodigitaldeescobar.com.ar\/#\/schema\/person\/035e90a8efe9a80e6eec22656ad6ea4c"},"headline":"Feriados 2025: qu\u00e9 pasar\u00e1 con los trasladables y c\u00f3mo queda el calendario","datePublished":"2025-08-28T09:56:01+00:00","dateModified":"2025-08-28T10:00:33+00:00","mainEntityOfPage":{"@id":"https:\/\/nuevodigitaldeescobar.com.ar\/?p=17599"},"wordCount":367,"commentCount":0,"publisher":{"@id":"https:\/\/nuevodigitaldeescobar.com.ar\/#organization"},"image":{"@id":"https:\/\/nuevodigitaldeescobar.com.ar\/?p=17599#primaryimage"},"thumbnailUrl":"https:\/\/nuevodigitaldeescobar.com.ar\/wp-content\/uploads\/2023\/12\/calendario-feriados.jpg","articleSection":["Inter\u00e9s general"],"inLanguage":"es","potentialAction":[{"@type":"CommentAction","name":"Comment","target":["https:\/\/nuevodigitaldeescobar.com.ar\/?p=17599#respond"]}]},{"@type":"WebPage","@id":"https:\/\/nuevodigitaldeescobar.com.ar\/?p=17599","url":"https:\/\/nuevodigitaldeescobar.com.ar\/?p=17599","name":"Feriados 2025: qu\u00e9 pasar\u00e1 con los trasladables y c\u00f3mo queda el calendario - Nuevo Digital de Escobar","isPartOf":{"@id":"https:\/\/nuevodigitaldeescobar.com.ar\/#website"},"primaryImageOfPage":{"@id":"https:\/\/nuevodigitaldeescobar.com.ar\/?p=17599#primaryimage"},"image":{"@id":"https:\/\/nuevodigitaldeescobar.com.ar\/?p=17599#primaryimage"},"thumbnailUrl":"https:\/\/nuevodigitaldeescobar.com.ar\/wp-content\/uploads\/2023\/12\/calendario-feriados.jpg","datePublished":"2025-08-28T09:56:01+00:00","dateModified":"2025-08-28T10:00:33+00:00","breadcrumb":{"@id":"https:\/\/nuevodigitaldeescobar.com.ar\/?p=17599#breadcrumb"},"inLanguage":"es","potentialAction":[{"@type":"ReadAction","target":["https:\/\/nuevodigitaldeescobar.com.ar\/?p=17599"]}]},{"@type":"ImageObject","inLanguage":"es","@id":"https:\/\/nuevodigitaldeescobar.com.ar\/?p=17599#primaryimage","url":"https:\/\/nuevodigitaldeescobar.com.ar\/wp-content\/uploads\/2023\/12\/calendario-feriados.jpg","contentUrl":"https:\/\/nuevodigitaldeescobar.com.ar\/wp-content\/uploads\/2023\/12\/calendario-feriados.jpg","width":720,"height":405},{"@type":"BreadcrumbList","@id":"https:\/\/nuevodigitaldeescobar.com.ar\/?p=17599#breadcrumb","itemListElement":[{"@type":"ListItem","position":1,"name":"Portada","item":"https:\/\/nuevodigitaldeescobar.com.ar\/"},{"@type":"ListItem","position":2,"name":"Feriados 2025: qu\u00e9 pasar\u00e1 con los trasladables y c\u00f3mo queda el calendario"}]},{"@type":"WebSite","@id":"https:\/\/nuevodigitaldeescobar.com.ar\/#website","url":"https:\/\/nuevodigitaldeescobar.com.ar\/","name":"Nuevo Digital de Escobar","description":"La vida escobarense. Directora: Rosana Brunner","publisher":{"@id":"https:\/\/nuevodigitaldeescobar.com.ar\/#organization"},"potentialAction":[{"@type":"SearchAction","target":{"@type":"EntryPoint","urlTemplate":"https:\/\/nuevodigitaldeescobar.com.ar\/?s={search_term_string}"},"query-input":{"@type":"PropertyValueSpecification","valueRequired":true,"valueName":"search_term_string"}}],"inLanguage":"es"},{"@type":"Organization","@id":"https:\/\/nuevodigitaldeescobar.com.ar\/#organization","name":"Nuevo Digital de Escobar","url":"https:\/\/nuevodigitaldeescobar.com.ar\/","logo":{"@type":"ImageObject","inLanguage":"es","@id":"https:\/\/nuevodigitaldeescobar.com.ar\/#\/schema\/logo\/image\/","url":"https:\/\/nuevodigitaldeescobar.com.ar\/wp-content\/uploads\/2025\/05\/cropped-logo-nuevo2.jpg","contentUrl":"https:\/\/nuevodigitaldeescobar.com.ar\/wp-content\/uploads\/2025\/05\/cropped-logo-nuevo2.jpg","width":305,"height":305,"caption":"Nuevo Digital de Escobar"},"image":{"@id":"https:\/\/nuevodigitaldeescobar.com.ar\/#\/schema\/logo\/image\/"},"sameAs":["https:\/\/www.facebook.com\/NUEVODigitalDeEscobar","https:\/\/x.com\/nuevodigescobar","https:\/\/www.instagram.com\/nuevodigitaldeescobar"]},{"@type":"Person","@id":"https:\/\/nuevodigitaldeescobar.com.ar\/#\/schema\/person\/035e90a8efe9a80e6eec22656ad6ea4c","name":"Redacci\u00f3n","image":{"@type":"ImageObject","inLanguage":"es","@id":"https:\/\/nuevodigitaldeescobar.com.ar\/#\/schema\/person\/image\/","url":"https:\/\/secure.gravatar.com\/avatar\/8af8f40000c24e9eef3034f2be5998a372bb1389e64b1a4a36b3a7979142220d?s=96&d=mm&r=g","contentUrl":"https:\/\/secure.gravatar.com\/avatar\/8af8f40000c24e9eef3034f2be5998a372bb1389e64b1a4a36b3a7979142220d?s=96&d=mm&r=g","caption":"Redacci\u00f3n"},"sameAs":["http:\/\/nuevodigitaldeescobar.com.ar"],"url":"https:\/\/nuevodigitaldeescobar.com.ar\/?author=1"}]}},"featured_image_urls":{"full":["https:\/\/nuevodigitaldeescobar.com.ar\/wp-content\/uploads\/2023\/12\/calendario-feriados.jpg",720,405,false],"thumbnail":["https:\/\/nuevodigitaldeescobar.com.ar\/wp-content\/uploads\/2023\/12\/calendario-feriados-150x150.jpg",150,150,true],"medium":["https:\/\/nuevodigitaldeescobar.com.ar\/wp-content\/uploads\/2023\/12\/calendario-feriados-300x169.jpg",300,169,true],"medium_large":["https:\/\/nuevodigitaldeescobar.com.ar\/wp-content\/uploads\/2023\/12\/calendario-feriados.jpg",640,360,false],"large":["https:\/\/nuevodigitaldeescobar.com.ar\/wp-content\/uploads\/2023\/12\/calendario-feriados.jpg",640,360,false],"1536x1536":["https:\/\/nuevodigitaldeescobar.com.ar\/wp-content\/uploads\/2023\/12\/calendario-feriados.jpg",720,405,false],"2048x2048":["https:\/\/nuevodigitaldeescobar.com.ar\/wp-content\/uploads\/2023\/12\/calendario-feriados.jpg",720,405,false]},"author_info":{"display_name":"Redacci\u00f3n","author_link":"https:\/\/nuevodigitaldeescobar.com.ar\/?author=1"},"category_info":"<a href=\"https:\/\/nuevodigitaldeescobar.com.ar\/?cat=7\" rel=\"category\">Inter\u00e9s general<\/a>","tag_info":"Inter\u00e9s general","comment_count":"0","_links":{"self":[{"href":"https:\/\/nuevodigitaldeescobar.com.ar\/index.php?rest_route=\/wp\/v2\/posts\/17599","targetHints":{"allow":["GET"]}}],"collection":[{"href":"https:\/\/nuevodigitaldeescobar.com.ar\/index.php?rest_route=\/wp\/v2\/posts"}],"about":[{"href":"https:\/\/nuevodigitaldeescobar.com.ar\/index.php?rest_route=\/wp\/v2\/types\/post"}],"author":[{"embeddable":true,"href":"https:\/\/nuevodigitaldeescobar.com.ar\/index.php?rest_route=\/wp\/v2\/users\/1"}],"replies":[{"embeddable":true,"href":"https:\/\/nuevodigitaldeescobar.com.ar\/index.php?rest_route=%2Fwp%2Fv2%2Fcomments&post=17599"}],"version-history":[{"count":2,"href":"https:\/\/nuevodigitaldeescobar.com.ar\/index.php?rest_route=\/wp\/v2\/posts\/17599\/revisions"}],"predecessor-version":[{"id":17602,"href":"https:\/\/nuevodigitaldeescobar.com.ar\/index.php?rest_route=\/wp\/v2\/posts\/17599\/revisions\/17602"}],"wp:featuredmedia":[{"embeddable":true,"href":"https:\/\/nuevodigitaldeescobar.com.ar\/index.php?rest_route=\/wp\/v2\/media\/2224"}],"wp:attachment":[{"href":"https:\/\/nuevodigitaldeescobar.com.ar\/index.php?rest_route=%2Fwp%2Fv2%2Fmedia&parent=17599"}],"wp:term":[{"taxonomy":"category","embeddable":true,"href":"https:\/\/nuevodigitaldeescobar.com.ar\/index.php?rest_route=%2Fwp%2Fv2%2Fcategories&post=17599"},{"taxonomy":"post_tag","embeddable":true,"href":"https:\/\/nuevodigitaldeescobar.com.ar\/index.php?rest_route=%2Fwp%2Fv2%2Ftags&post=17599"}],"curies":[{"name":"wp","href":"https:\/\/api.w.org\/{rel}","templated":true}]}}