{"id":17603,"date":"2025-08-28T07:02:15","date_gmt":"2025-08-28T10:02:15","guid":{"rendered":"https:\/\/nuevodigitaldeescobar.com.ar\/?p=17603"},"modified":"2025-08-28T07:02:27","modified_gmt":"2025-08-28T10:02:27","slug":"alerta-por-la-tormenta-de-santa-rosa-y-una-nueva-ciclogenesis-fin-de-semana-con-lluvias-intensas-y-vientos-fuertes","status":"publish","type":"post","link":"https:\/\/nuevodigitaldeescobar.com.ar\/?p=17603","title":{"rendered":"Alerta por la tormenta de Santa Rosa y una nueva ciclog\u00e9nesis: fin de semana con lluvias intensas y vientos fuertes"},"content":{"rendered":"\n<p class=\"has-vivid-cyan-blue-color has-text-color has-link-color wp-elements-f6d337b0fa8b16cbf88183d9bc32e9f0\"><em><strong>El \u00faltimo fin de semana de agosto llega con un c\u00f3ctel meteorol\u00f3gico de alto impacto en el centro del pa\u00eds. Seg\u00fan el Servicio Meteorol\u00f3gico Nacional (SMN), la tradicional tormenta de Santa Rosa coincidir\u00e1 con la formaci\u00f3n de una ciclog\u00e9nesis, fen\u00f3meno atmosf\u00e9rico que intensificar\u00e1 las lluvias y los vientos en gran parte del territorio argentino.<\/strong><\/em><\/p>\n\n\n\n<!--more-->\n\n\n\n<p>Los especialistas advierten que los acumulados de precipitaciones podr\u00edan <strong>superar los 100 mil\u00edmetros<\/strong> en zonas puntuales, con mayor intensidad en el sur de Mendoza, San Luis, La Pampa, C\u00f3rdoba, Buenos Aires y el sur del Litoral.<\/p>\n\n\n\n<p>En la provincia de Buenos Aires, la situaci\u00f3n preocupa al sector agropecuario: en apenas diez d\u00edas, la superficie bajo agua aument\u00f3 entre un 30 y un 40 %, y localidades como Bol\u00edvar, 25 de Mayo, Pehuaj\u00f3 y Lincoln ya presentan serias complicaciones.<\/p>\n\n\n\n<h3 class=\"wp-block-heading has-text-color has-link-color wp-elements-2358dde656760efda1d4d06bd2fe3037\" style=\"color:#1124bf\">\ud83d\udd39 El pron\u00f3stico en detalle<\/h3>\n\n\n\n<ul class=\"wp-block-list\">\n<li><strong>S\u00e1bado 30<\/strong>: cielo cubierto, chances bajas de lluvia en la ma\u00f1ana, que aumentar\u00e1n por la tarde (40% a 70%), con actividad el\u00e9ctrica y r\u00e1fagas de entre 42 y 50 km\/h. Temperaturas entre 15 y 18 grados.<\/li>\n\n\n\n<li><strong>Domingo 31<\/strong>: persistir\u00e1n las lluvias, con menor actividad el\u00e9ctrica. Por la tarde-noche, la probabilidad bajar\u00e1 al 10-40 %, aunque los vientos podr\u00edan intensificarse con r\u00e1fagas de hasta 59 km\/h. Temperaturas entre 16 y 19 grados.<\/li>\n<\/ul>\n\n\n\n<h3 class=\"wp-block-heading has-text-color has-link-color wp-elements-ec87b13ec5338f9c711f2504e912938d\" style=\"color:#1124bf\">\ud83d\udd39 Provincias m\u00e1s afectadas<\/h3>\n\n\n\n<ul class=\"wp-block-list\">\n<li><strong>Cuyo<\/strong>: en el sur de Mendoza, donde el promedio mensual de agosto es de apenas 20 mm, se esperan m\u00e1s de 80 mm en pocas horas, un registro extraordinario.<\/li>\n\n\n\n<li><strong>Buenos Aires<\/strong>: noroeste y centro de la provincia, con riesgo h\u00eddrico en aumento.<\/li>\n\n\n\n<li><strong>C\u00f3rdoba y La Pampa<\/strong>: fuertes r\u00e1fagas, que en sectores puntuales podr\u00edan superar los 70 u 80 km\/h.<\/li>\n<\/ul>\n\n\n\n<p>Aunque no se esperan fen\u00f3menos extremos como granizo o tormentas el\u00e9ctricas severas, la <strong>intensidad de las lluvias y la fuerza del viento<\/strong> anticipan complicaciones en la regi\u00f3n central del pa\u00eds.<\/p>\n\n\n\n<p>La cl\u00e1sica tormenta de Santa Rosa, que la tradici\u00f3n popular ubica cada a\u00f1o a fines de agosto, esta vez llega potenciada por un sistema meteorol\u00f3gico complejo, dejando un fin de semana marcado por el agua y el viento.<\/p>\n","protected":false},"excerpt":{"rendered":"<p>El \u00faltimo fin de semana de agosto llega con un c\u00f3ctel meteorol\u00f3gico de alto impacto en el centro del pa\u00eds. Seg\u00fan el Servicio Meteorol\u00f3gico Nacional [&hellip;]<\/p>\n","protected":false},"author":1,"featured_media":17297,"comment_status":"open","ping_status":"open","sticky":false,"template":"","format":"standard","meta":{"footnotes":""},"categories":[14],"tags":[],"class_list":["post-17603","post","type-post","status-publish","format-standard","has-post-thumbnail","hentry","category-clima-medioambiente-y-sostenibilidad"],"better_featured_image":{"id":17297,"alt_text":"","caption":"","description":"","media_type":"image","media_details":{"width":1058,"height":572,"file":"2025\/08\/climainestable56.png","filesize":1087111,"sizes":{"medium":{"file":"climainestable56-300x162.png","width":300,"height":162,"mime-type":"image\/png","filesize":39820,"source_url":"https:\/\/nuevodigitaldeescobar.com.ar\/wp-content\/uploads\/2025\/08\/climainestable56-300x162.png"},"large":{"file":"climainestable56-1024x554.png","width":1024,"height":554,"mime-type":"image\/png","filesize":372311,"source_url":"https:\/\/nuevodigitaldeescobar.com.ar\/wp-content\/uploads\/2025\/08\/climainestable56-1024x554.png"},"thumbnail":{"file":"climainestable56-150x150.png","width":150,"height":150,"mime-type":"image\/png","filesize":19849,"source_url":"https:\/\/nuevodigitaldeescobar.com.ar\/wp-content\/uploads\/2025\/08\/climainestable56-150x150.png"},"medium_large":{"file":"climainestable56-768x415.png","width":768,"height":415,"mime-type":"image\/png","filesize":216906,"source_url":"https:\/\/nuevodigitaldeescobar.com.ar\/wp-content\/uploads\/2025\/08\/climainestable56-768x415.png"}},"image_meta":{"aperture":"0","credit":"","camera":"","caption":"","created_timestamp":"0","copyright":"","focal_length":"0","iso":"0","shutter_speed":"0","title":"","orientation":"0","keywords":[]}},"post":17296,"source_url":"https:\/\/nuevodigitaldeescobar.com.ar\/wp-content\/uploads\/2025\/08\/climainestable56.png"},"yoast_head":"<!-- This site is optimized with the Yoast SEO plugin v26.1.1 - https:\/\/yoast.com\/wordpress\/plugins\/seo\/ -->\n<title>Alerta por la tormenta de Santa Rosa y una nueva ciclog\u00e9nesis: fin de semana con lluvias intensas y vientos fuertes - Nuevo Digital de Escobar<\/title>\n<meta name=\"robots\" content=\"index, follow, max-snippet:-1, max-image-preview:large, max-video-preview:-1\" \/>\n<link rel=\"canonical\" href=\"https:\/\/nuevodigitaldeescobar.com.ar\/?p=17603\" \/>\n<meta property=\"og:locale\" content=\"es_ES\" \/>\n<meta property=\"og:type\" content=\"article\" \/>\n<meta property=\"og:title\" content=\"Alerta por la tormenta de Santa Rosa y una nueva ciclog\u00e9nesis: fin de semana con lluvias intensas y vientos fuertes - Nuevo Digital de Escobar\" \/>\n<meta property=\"og:description\" content=\"El \u00faltimo fin de semana de agosto llega con un c\u00f3ctel meteorol\u00f3gico de alto impacto en el centro del pa\u00eds. Seg\u00fan el Servicio Meteorol\u00f3gico Nacional [&hellip;]\" \/>\n<meta property=\"og:url\" content=\"https:\/\/nuevodigitaldeescobar.com.ar\/?p=17603\" \/>\n<meta property=\"og:site_name\" content=\"Nuevo Digital de Escobar\" \/>\n<meta property=\"article:publisher\" content=\"https:\/\/www.facebook.com\/NUEVODigitalDeEscobar\" \/>\n<meta property=\"article:published_time\" content=\"2025-08-28T10:02:15+00:00\" \/>\n<meta property=\"article:modified_time\" content=\"2025-08-28T10:02:27+00:00\" \/>\n<meta property=\"og:image\" content=\"http:\/\/nuevodigitaldeescobar.com.ar\/wp-content\/uploads\/2025\/08\/climainestable56.png\" \/>\n\t<meta property=\"og:image:width\" content=\"1058\" \/>\n\t<meta property=\"og:image:height\" content=\"572\" \/>\n\t<meta property=\"og:image:type\" content=\"image\/png\" \/>\n<meta name=\"author\" content=\"Redacci\u00f3n\" \/>\n<meta name=\"twitter:card\" content=\"summary_large_image\" \/>\n<meta name=\"twitter:creator\" content=\"@nuevodigescobar\" \/>\n<meta name=\"twitter:site\" content=\"@nuevodigescobar\" \/>\n<meta name=\"twitter:label1\" content=\"Escrito por\" \/>\n\t<meta name=\"twitter:data1\" content=\"Redacci\u00f3n\" \/>\n\t<meta name=\"twitter:label2\" content=\"Tiempo de lectura\" \/>\n\t<meta name=\"twitter:data2\" content=\"2 minutos\" \/>\n<script type=\"application\/ld+json\" class=\"yoast-schema-graph\">{\"@context\":\"https:\/\/schema.org\",\"@graph\":[{\"@type\":\"Article\",\"@id\":\"https:\/\/nuevodigitaldeescobar.com.ar\/?p=17603#article\",\"isPartOf\":{\"@id\":\"https:\/\/nuevodigitaldeescobar.com.ar\/?p=17603\"},\"author\":{\"name\":\"Redacci\u00f3n\",\"@id\":\"https:\/\/nuevodigitaldeescobar.com.ar\/#\/schema\/person\/035e90a8efe9a80e6eec22656ad6ea4c\"},\"headline\":\"Alerta por la tormenta de Santa Rosa y una nueva ciclog\u00e9nesis: fin de semana con lluvias intensas y vientos fuertes\",\"datePublished\":\"2025-08-28T10:02:15+00:00\",\"dateModified\":\"2025-08-28T10:02:27+00:00\",\"mainEntityOfPage\":{\"@id\":\"https:\/\/nuevodigitaldeescobar.com.ar\/?p=17603\"},\"wordCount\":379,\"commentCount\":0,\"publisher\":{\"@id\":\"https:\/\/nuevodigitaldeescobar.com.ar\/#organization\"},\"image\":{\"@id\":\"https:\/\/nuevodigitaldeescobar.com.ar\/?p=17603#primaryimage\"},\"thumbnailUrl\":\"https:\/\/nuevodigitaldeescobar.com.ar\/wp-content\/uploads\/2025\/08\/climainestable56.png\",\"articleSection\":[\"Clima, Medioambiente y Sostenibilidad\"],\"inLanguage\":\"es\",\"potentialAction\":[{\"@type\":\"CommentAction\",\"name\":\"Comment\",\"target\":[\"https:\/\/nuevodigitaldeescobar.com.ar\/?p=17603#respond\"]}]},{\"@type\":\"WebPage\",\"@id\":\"https:\/\/nuevodigitaldeescobar.com.ar\/?p=17603\",\"url\":\"https:\/\/nuevodigitaldeescobar.com.ar\/?p=17603\",\"name\":\"Alerta por la tormenta de Santa Rosa y una nueva ciclog\u00e9nesis: fin de semana con lluvias intensas y vientos fuertes - Nuevo Digital de Escobar\",\"isPartOf\":{\"@id\":\"https:\/\/nuevodigitaldeescobar.com.ar\/#website\"},\"primaryImageOfPage\":{\"@id\":\"https:\/\/nuevodigitaldeescobar.com.ar\/?p=17603#primaryimage\"},\"image\":{\"@id\":\"https:\/\/nuevodigitaldeescobar.com.ar\/?p=17603#primaryimage\"},\"thumbnailUrl\":\"https:\/\/nuevodigitaldeescobar.com.ar\/wp-content\/uploads\/2025\/08\/climainestable56.png\",\"datePublished\":\"2025-08-28T10:02:15+00:00\",\"dateModified\":\"2025-08-28T10:02:27+00:00\",\"breadcrumb\":{\"@id\":\"https:\/\/nuevodigitaldeescobar.com.ar\/?p=17603#breadcrumb\"},\"inLanguage\":\"es\",\"potentialAction\":[{\"@type\":\"ReadAction\",\"target\":[\"https:\/\/nuevodigitaldeescobar.com.ar\/?p=17603\"]}]},{\"@type\":\"ImageObject\",\"inLanguage\":\"es\",\"@id\":\"https:\/\/nuevodigitaldeescobar.com.ar\/?p=17603#primaryimage\",\"url\":\"https:\/\/nuevodigitaldeescobar.com.ar\/wp-content\/uploads\/2025\/08\/climainestable56.png\",\"contentUrl\":\"https:\/\/nuevodigitaldeescobar.com.ar\/wp-content\/uploads\/2025\/08\/climainestable56.png\",\"width\":1058,\"height\":572},{\"@type\":\"BreadcrumbList\",\"@id\":\"https:\/\/nuevodigitaldeescobar.com.ar\/?p=17603#breadcrumb\",\"itemListElement\":[{\"@type\":\"ListItem\",\"position\":1,\"name\":\"Portada\",\"item\":\"https:\/\/nuevodigitaldeescobar.com.ar\/\"},{\"@type\":\"ListItem\",\"position\":2,\"name\":\"Alerta por la tormenta de Santa Rosa y una nueva ciclog\u00e9nesis: fin de semana con lluvias intensas y vientos fuertes\"}]},{\"@type\":\"WebSite\",\"@id\":\"https:\/\/nuevodigitaldeescobar.com.ar\/#website\",\"url\":\"https:\/\/nuevodigitaldeescobar.com.ar\/\",\"name\":\"Nuevo Digital de Escobar\",\"description\":\"La vida escobarense. Directora: Rosana Brunner\",\"publisher\":{\"@id\":\"https:\/\/nuevodigitaldeescobar.com.ar\/#organization\"},\"potentialAction\":[{\"@type\":\"SearchAction\",\"target\":{\"@type\":\"EntryPoint\",\"urlTemplate\":\"https:\/\/nuevodigitaldeescobar.com.ar\/?s={search_term_string}\"},\"query-input\":{\"@type\":\"PropertyValueSpecification\",\"valueRequired\":true,\"valueName\":\"search_term_string\"}}],\"inLanguage\":\"es\"},{\"@type\":\"Organization\",\"@id\":\"https:\/\/nuevodigitaldeescobar.com.ar\/#organization\",\"name\":\"Nuevo Digital de Escobar\",\"url\":\"https:\/\/nuevodigitaldeescobar.com.ar\/\",\"logo\":{\"@type\":\"ImageObject\",\"inLanguage\":\"es\",\"@id\":\"https:\/\/nuevodigitaldeescobar.com.ar\/#\/schema\/logo\/image\/\",\"url\":\"https:\/\/nuevodigitaldeescobar.com.ar\/wp-content\/uploads\/2025\/05\/cropped-logo-nuevo2.jpg\",\"contentUrl\":\"https:\/\/nuevodigitaldeescobar.com.ar\/wp-content\/uploads\/2025\/05\/cropped-logo-nuevo2.jpg\",\"width\":305,\"height\":305,\"caption\":\"Nuevo Digital de Escobar\"},\"image\":{\"@id\":\"https:\/\/nuevodigitaldeescobar.com.ar\/#\/schema\/logo\/image\/\"},\"sameAs\":[\"https:\/\/www.facebook.com\/NUEVODigitalDeEscobar\",\"https:\/\/x.com\/nuevodigescobar\",\"https:\/\/www.instagram.com\/nuevodigitaldeescobar\"]},{\"@type\":\"Person\",\"@id\":\"https:\/\/nuevodigitaldeescobar.com.ar\/#\/schema\/person\/035e90a8efe9a80e6eec22656ad6ea4c\",\"name\":\"Redacci\u00f3n\",\"image\":{\"@type\":\"ImageObject\",\"inLanguage\":\"es\",\"@id\":\"https:\/\/nuevodigitaldeescobar.com.ar\/#\/schema\/person\/image\/\",\"url\":\"https:\/\/secure.gravatar.com\/avatar\/8af8f40000c24e9eef3034f2be5998a372bb1389e64b1a4a36b3a7979142220d?s=96&d=mm&r=g\",\"contentUrl\":\"https:\/\/secure.gravatar.com\/avatar\/8af8f40000c24e9eef3034f2be5998a372bb1389e64b1a4a36b3a7979142220d?s=96&d=mm&r=g\",\"caption\":\"Redacci\u00f3n\"},\"sameAs\":[\"http:\/\/nuevodigitaldeescobar.com.ar\"],\"url\":\"https:\/\/nuevodigitaldeescobar.com.ar\/?author=1\"}]}<\/script>\n<!-- \/ Yoast SEO plugin. -->","yoast_head_json":{"title":"Alerta por la tormenta de Santa Rosa y una nueva ciclog\u00e9nesis: fin de semana con lluvias intensas y vientos fuertes - Nuevo Digital de Escobar","robots":{"index":"index","follow":"follow","max-snippet":"max-snippet:-1","max-image-preview":"max-image-preview:large","max-video-preview":"max-video-preview:-1"},"canonical":"https:\/\/nuevodigitaldeescobar.com.ar\/?p=17603","og_locale":"es_ES","og_type":"article","og_title":"Alerta por la tormenta de Santa Rosa y una nueva ciclog\u00e9nesis: fin de semana con lluvias intensas y vientos fuertes - Nuevo Digital de Escobar","og_description":"El \u00faltimo fin de semana de agosto llega con un c\u00f3ctel meteorol\u00f3gico de alto impacto en el centro del pa\u00eds. Seg\u00fan el Servicio Meteorol\u00f3gico Nacional [&hellip;]","og_url":"https:\/\/nuevodigitaldeescobar.com.ar\/?p=17603","og_site_name":"Nuevo Digital de Escobar","article_publisher":"https:\/\/www.facebook.com\/NUEVODigitalDeEscobar","article_published_time":"2025-08-28T10:02:15+00:00","article_modified_time":"2025-08-28T10:02:27+00:00","og_image":[{"width":1058,"height":572,"url":"http:\/\/nuevodigitaldeescobar.com.ar\/wp-content\/uploads\/2025\/08\/climainestable56.png","type":"image\/png"}],"author":"Redacci\u00f3n","twitter_card":"summary_large_image","twitter_creator":"@nuevodigescobar","twitter_site":"@nuevodigescobar","twitter_misc":{"Escrito por":"Redacci\u00f3n","Tiempo de lectura":"2 minutos"},"schema":{"@context":"https:\/\/schema.org","@graph":[{"@type":"Article","@id":"https:\/\/nuevodigitaldeescobar.com.ar\/?p=17603#article","isPartOf":{"@id":"https:\/\/nuevodigitaldeescobar.com.ar\/?p=17603"},"author":{"name":"Redacci\u00f3n","@id":"https:\/\/nuevodigitaldeescobar.com.ar\/#\/schema\/person\/035e90a8efe9a80e6eec22656ad6ea4c"},"headline":"Alerta por la tormenta de Santa Rosa y una nueva ciclog\u00e9nesis: fin de semana con lluvias intensas y vientos fuertes","datePublished":"2025-08-28T10:02:15+00:00","dateModified":"2025-08-28T10:02:27+00:00","mainEntityOfPage":{"@id":"https:\/\/nuevodigitaldeescobar.com.ar\/?p=17603"},"wordCount":379,"commentCount":0,"publisher":{"@id":"https:\/\/nuevodigitaldeescobar.com.ar\/#organization"},"image":{"@id":"https:\/\/nuevodigitaldeescobar.com.ar\/?p=17603#primaryimage"},"thumbnailUrl":"https:\/\/nuevodigitaldeescobar.com.ar\/wp-content\/uploads\/2025\/08\/climainestable56.png","articleSection":["Clima, Medioambiente y Sostenibilidad"],"inLanguage":"es","potentialAction":[{"@type":"CommentAction","name":"Comment","target":["https:\/\/nuevodigitaldeescobar.com.ar\/?p=17603#respond"]}]},{"@type":"WebPage","@id":"https:\/\/nuevodigitaldeescobar.com.ar\/?p=17603","url":"https:\/\/nuevodigitaldeescobar.com.ar\/?p=17603","name":"Alerta por la tormenta de Santa Rosa y una nueva ciclog\u00e9nesis: fin de semana con lluvias intensas y vientos fuertes - Nuevo Digital de Escobar","isPartOf":{"@id":"https:\/\/nuevodigitaldeescobar.com.ar\/#website"},"primaryImageOfPage":{"@id":"https:\/\/nuevodigitaldeescobar.com.ar\/?p=17603#primaryimage"},"image":{"@id":"https:\/\/nuevodigitaldeescobar.com.ar\/?p=17603#primaryimage"},"thumbnailUrl":"https:\/\/nuevodigitaldeescobar.com.ar\/wp-content\/uploads\/2025\/08\/climainestable56.png","datePublished":"2025-08-28T10:02:15+00:00","dateModified":"2025-08-28T10:02:27+00:00","breadcrumb":{"@id":"https:\/\/nuevodigitaldeescobar.com.ar\/?p=17603#breadcrumb"},"inLanguage":"es","potentialAction":[{"@type":"ReadAction","target":["https:\/\/nuevodigitaldeescobar.com.ar\/?p=17603"]}]},{"@type":"ImageObject","inLanguage":"es","@id":"https:\/\/nuevodigitaldeescobar.com.ar\/?p=17603#primaryimage","url":"https:\/\/nuevodigitaldeescobar.com.ar\/wp-content\/uploads\/2025\/08\/climainestable56.png","contentUrl":"https:\/\/nuevodigitaldeescobar.com.ar\/wp-content\/uploads\/2025\/08\/climainestable56.png","width":1058,"height":572},{"@type":"BreadcrumbList","@id":"https:\/\/nuevodigitaldeescobar.com.ar\/?p=17603#breadcrumb","itemListElement":[{"@type":"ListItem","position":1,"name":"Portada","item":"https:\/\/nuevodigitaldeescobar.com.ar\/"},{"@type":"ListItem","position":2,"name":"Alerta por la tormenta de Santa Rosa y una nueva ciclog\u00e9nesis: fin de semana con lluvias intensas y vientos fuertes"}]},{"@type":"WebSite","@id":"https:\/\/nuevodigitaldeescobar.com.ar\/#website","url":"https:\/\/nuevodigitaldeescobar.com.ar\/","name":"Nuevo Digital de Escobar","description":"La vida escobarense. Directora: Rosana Brunner","publisher":{"@id":"https:\/\/nuevodigitaldeescobar.com.ar\/#organization"},"potentialAction":[{"@type":"SearchAction","target":{"@type":"EntryPoint","urlTemplate":"https:\/\/nuevodigitaldeescobar.com.ar\/?s={search_term_string}"},"query-input":{"@type":"PropertyValueSpecification","valueRequired":true,"valueName":"search_term_string"}}],"inLanguage":"es"},{"@type":"Organization","@id":"https:\/\/nuevodigitaldeescobar.com.ar\/#organization","name":"Nuevo Digital de Escobar","url":"https:\/\/nuevodigitaldeescobar.com.ar\/","logo":{"@type":"ImageObject","inLanguage":"es","@id":"https:\/\/nuevodigitaldeescobar.com.ar\/#\/schema\/logo\/image\/","url":"https:\/\/nuevodigitaldeescobar.com.ar\/wp-content\/uploads\/2025\/05\/cropped-logo-nuevo2.jpg","contentUrl":"https:\/\/nuevodigitaldeescobar.com.ar\/wp-content\/uploads\/2025\/05\/cropped-logo-nuevo2.jpg","width":305,"height":305,"caption":"Nuevo Digital de Escobar"},"image":{"@id":"https:\/\/nuevodigitaldeescobar.com.ar\/#\/schema\/logo\/image\/"},"sameAs":["https:\/\/www.facebook.com\/NUEVODigitalDeEscobar","https:\/\/x.com\/nuevodigescobar","https:\/\/www.instagram.com\/nuevodigitaldeescobar"]},{"@type":"Person","@id":"https:\/\/nuevodigitaldeescobar.com.ar\/#\/schema\/person\/035e90a8efe9a80e6eec22656ad6ea4c","name":"Redacci\u00f3n","image":{"@type":"ImageObject","inLanguage":"es","@id":"https:\/\/nuevodigitaldeescobar.com.ar\/#\/schema\/person\/image\/","url":"https:\/\/secure.gravatar.com\/avatar\/8af8f40000c24e9eef3034f2be5998a372bb1389e64b1a4a36b3a7979142220d?s=96&d=mm&r=g","contentUrl":"https:\/\/secure.gravatar.com\/avatar\/8af8f40000c24e9eef3034f2be5998a372bb1389e64b1a4a36b3a7979142220d?s=96&d=mm&r=g","caption":"Redacci\u00f3n"},"sameAs":["http:\/\/nuevodigitaldeescobar.com.ar"],"url":"https:\/\/nuevodigitaldeescobar.com.ar\/?author=1"}]}},"featured_image_urls":{"full":["https:\/\/nuevodigitaldeescobar.com.ar\/wp-content\/uploads\/2025\/08\/climainestable56.png",1058,572,false],"thumbnail":["https:\/\/nuevodigitaldeescobar.com.ar\/wp-content\/uploads\/2025\/08\/climainestable56-150x150.png",150,150,true],"medium":["https:\/\/nuevodigitaldeescobar.com.ar\/wp-content\/uploads\/2025\/08\/climainestable56-300x162.png",300,162,true],"medium_large":["https:\/\/nuevodigitaldeescobar.com.ar\/wp-content\/uploads\/2025\/08\/climainestable56-768x415.png",640,346,true],"large":["https:\/\/nuevodigitaldeescobar.com.ar\/wp-content\/uploads\/2025\/08\/climainestable56-1024x554.png",640,346,true],"1536x1536":["https:\/\/nuevodigitaldeescobar.com.ar\/wp-content\/uploads\/2025\/08\/climainestable56.png",1058,572,false],"2048x2048":["https:\/\/nuevodigitaldeescobar.com.ar\/wp-content\/uploads\/2025\/08\/climainestable56.png",1058,572,false]},"author_info":{"display_name":"Redacci\u00f3n","author_link":"https:\/\/nuevodigitaldeescobar.com.ar\/?author=1"},"category_info":"<a href=\"https:\/\/nuevodigitaldeescobar.com.ar\/?cat=14\" rel=\"category\">Clima, Medioambiente y Sostenibilidad<\/a>","tag_info":"Clima, Medioambiente y Sostenibilidad","comment_count":"0","_links":{"self":[{"href":"https:\/\/nuevodigitaldeescobar.com.ar\/index.php?rest_route=\/wp\/v2\/posts\/17603","targetHints":{"allow":["GET"]}}],"collection":[{"href":"https:\/\/nuevodigitaldeescobar.com.ar\/index.php?rest_route=\/wp\/v2\/posts"}],"about":[{"href":"https:\/\/nuevodigitaldeescobar.com.ar\/index.php?rest_route=\/wp\/v2\/types\/post"}],"author":[{"embeddable":true,"href":"https:\/\/nuevodigitaldeescobar.com.ar\/index.php?rest_route=\/wp\/v2\/users\/1"}],"replies":[{"embeddable":true,"href":"https:\/\/nuevodigitaldeescobar.com.ar\/index.php?rest_route=%2Fwp%2Fv2%2Fcomments&post=17603"}],"version-history":[{"count":1,"href":"https:\/\/nuevodigitaldeescobar.com.ar\/index.php?rest_route=\/wp\/v2\/posts\/17603\/revisions"}],"predecessor-version":[{"id":17604,"href":"https:\/\/nuevodigitaldeescobar.com.ar\/index.php?rest_route=\/wp\/v2\/posts\/17603\/revisions\/17604"}],"wp:featuredmedia":[{"embeddable":true,"href":"https:\/\/nuevodigitaldeescobar.com.ar\/index.php?rest_route=\/wp\/v2\/media\/17297"}],"wp:attachment":[{"href":"https:\/\/nuevodigitaldeescobar.com.ar\/index.php?rest_route=%2Fwp%2Fv2%2Fmedia&parent=17603"}],"wp:term":[{"taxonomy":"category","embeddable":true,"href":"https:\/\/nuevodigitaldeescobar.com.ar\/index.php?rest_route=%2Fwp%2Fv2%2Fcategories&post=17603"},{"taxonomy":"post_tag","embeddable":true,"href":"https:\/\/nuevodigitaldeescobar.com.ar\/index.php?rest_route=%2Fwp%2Fv2%2Ftags&post=17603"}],"curies":[{"name":"wp","href":"https:\/\/api.w.org\/{rel}","templated":true}]}}