{"id":17633,"date":"2025-08-29T03:24:00","date_gmt":"2025-08-29T06:24:00","guid":{"rendered":"https:\/\/nuevodigitaldeescobar.com.ar\/?p=17633"},"modified":"2025-08-29T08:27:04","modified_gmt":"2025-08-29T11:27:04","slug":"violencia-en-la-facultad-de-derecho-choque-entre-agrupaciones-estudiantiles","status":"publish","type":"post","link":"https:\/\/nuevodigitaldeescobar.com.ar\/?p=17633","title":{"rendered":"Violencia en la Facultad de Derecho: choque entre agrupaciones estudiantiles"},"content":{"rendered":"\n<p class=\"has-vivid-cyan-blue-color has-text-color has-link-color wp-elements-0f35b0523526a2ad9d4ab52513764aaf\"><strong><em>La Facultad de Derecho de la Universidad de Buenos Aires (UBA) fue escenario de un violento enfrentamiento entre militantes de la Juventud Universitaria Peronista (JUP) y la agrupaci\u00f3n libertaria Somos Libres. El incidente, que tuvo lugar el jueves por la ma\u00f1ana en uno de los pasillos de la sede universitaria, dej\u00f3 escenas de golpes de pu\u00f1o y corridas que r\u00e1pidamente se viralizaron en redes sociales.<\/em><\/strong><\/p>\n\n\n\n<!--more-->\n\n\n\n<h3 class=\"wp-block-heading has-text-color has-link-color wp-elements-1bdfe7da0f03eee984f3b4af5b758687\" style=\"color:#120eb6\">Un conflicto que ven\u00eda escalando<\/h3>\n\n\n\n<p>Seg\u00fan se\u00f1alaron testigos, las tensiones entre ambos espacios estudiantiles se hab\u00edan intensificado en las \u00faltimas semanas. Integrantes de Somos Libres denunciaron que sufrieron agresiones previas, destrozos en su mesa de militancia y pintadas ofensivas. En respuesta, los libertarios pintaron nuevamente su espacio con el color amarillo, lo que deriv\u00f3 en un nuevo cruce con los militantes peronistas.<\/p>\n\n\n\n<p>En las im\u00e1genes difundidas se observa c\u00f3mo banderas de la JUP cubrieron la mesa de los libertarios, lo que dio inicio a agresiones verbales y posteriormente a golpes de pu\u00f1o.<\/p>\n\n\n\n<figure class=\"wp-block-video aligncenter\"><video controls src=\"https:\/\/nuevodigitaldeescobar.com.ar\/wp-content\/uploads\/2025\/08\/facultadderecho355.mp4\"><\/video><\/figure>\n\n\n\n<h3 class=\"wp-block-heading has-text-color has-link-color wp-elements-4d95a05a33b254342ef1bd19f331008a\" style=\"color:#120eb6\">Repercusiones pol\u00edticas y acad\u00e9micas<\/h3>\n\n\n\n<p>El presidente Javier Milei se refiri\u00f3 a lo sucedido a trav\u00e9s de su cuenta en X, donde comparti\u00f3 uno de los videos y escribi\u00f3:<br><strong><em>\u201cLa libertad avanza o Argentina retrocede. Kirchnerismo nunca m\u00e1s. VLLC\u201d<\/em><\/strong>, en alusi\u00f3n al enfrentamiento.<\/p>\n\n\n\n<p>Por su parte, desde la agrupaci\u00f3n libertaria denunciaron que los militantes peronistas irrumpieron <em>\u201ccomo una horda salvaje\u201d y que \u201carrasaron con la mesa de Somos Libres mientras golpeaban y empujaban\u201d<\/em>.<\/p>\n\n\n\n<p>Desde la Facultad de Derecho emitieron un comunicado repudiando los hechos y advirtieron que <strong><em>\u201cla intolerancia no es admisible en una universidad p\u00fablica y plural\u201d<\/em><\/strong>. Adem\u00e1s, informaron que se aplicar\u00e1 el r\u00e9gimen disciplinario vigente una vez concluidas las actuaciones correspondientes.<\/p>\n\n\n\n<p>El Ministerio de Capital Humano tambi\u00e9n intervino, recordando que la responsabilidad de garantizar la seguridad dentro de las universidades recae en las autoridades rectorales, quienes pueden solicitar la intervenci\u00f3n de fuerzas de seguridad si lo consideran necesario.<\/p>\n\n\n\n<h3 class=\"wp-block-heading has-text-color has-link-color wp-elements-43e4c70d4b707d2c7c97f6a91e9cae12\" style=\"color:#120eb6\">Pr\u00f3ximos pasos<\/h3>\n\n\n\n<p>Fuentes cercanas a la UBA adelantaron que referentes de ambas agrupaciones estudiantiles acordaron reunirse en las pr\u00f3ximas horas para intentar bajar la tensi\u00f3n y evitar que la escalada de violencia se repita.<\/p>\n\n\n\n<p>Lo ocurrido abre un nuevo debate sobre los l\u00edmites de la militancia pol\u00edtica dentro de las universidades y el rol de las autoridades para garantizar un clima acad\u00e9mico libre de violencia.<\/p>\n","protected":false},"excerpt":{"rendered":"<p>La Facultad de Derecho de la Universidad de Buenos Aires (UBA) fue escenario de un violento enfrentamiento entre militantes de la Juventud Universitaria Peronista (JUP) [&hellip;]<\/p>\n","protected":false},"author":1,"featured_media":17660,"comment_status":"open","ping_status":"open","sticky":false,"template":"","format":"standard","meta":{"footnotes":""},"categories":[15],"tags":[],"class_list":["post-17633","post","type-post","status-publish","format-standard","has-post-thumbnail","hentry","category-sociedad"],"better_featured_image":{"id":17660,"alt_text":"","caption":"","description":"","media_type":"image","media_details":{"width":680,"height":480,"file":"2025\/08\/facuderecho35.png","filesize":457196,"sizes":{"medium":{"file":"facuderecho35-300x212.png","width":300,"height":212,"mime-type":"image\/png","filesize":52523,"source_url":"https:\/\/nuevodigitaldeescobar.com.ar\/wp-content\/uploads\/2025\/08\/facuderecho35-300x212.png"},"thumbnail":{"file":"facuderecho35-150x150.png","width":150,"height":150,"mime-type":"image\/png","filesize":21514,"source_url":"https:\/\/nuevodigitaldeescobar.com.ar\/wp-content\/uploads\/2025\/08\/facuderecho35-150x150.png"}},"image_meta":{"aperture":"0","credit":"","camera":"","caption":"","created_timestamp":"0","copyright":"","focal_length":"0","iso":"0","shutter_speed":"0","title":"","orientation":"0","keywords":[]}},"post":17633,"source_url":"https:\/\/nuevodigitaldeescobar.com.ar\/wp-content\/uploads\/2025\/08\/facuderecho35.png"},"yoast_head":"<!-- This site is optimized with the Yoast SEO plugin v26.1.1 - https:\/\/yoast.com\/wordpress\/plugins\/seo\/ -->\n<title>Violencia en la Facultad de Derecho: choque entre agrupaciones estudiantiles - Nuevo Digital de Escobar<\/title>\n<meta name=\"robots\" content=\"index, follow, max-snippet:-1, max-image-preview:large, max-video-preview:-1\" \/>\n<link rel=\"canonical\" href=\"https:\/\/nuevodigitaldeescobar.com.ar\/?p=17633\" \/>\n<meta property=\"og:locale\" content=\"es_ES\" \/>\n<meta property=\"og:type\" content=\"article\" \/>\n<meta property=\"og:title\" content=\"Violencia en la Facultad de Derecho: choque entre agrupaciones estudiantiles - Nuevo Digital de Escobar\" \/>\n<meta property=\"og:description\" content=\"La Facultad de Derecho de la Universidad de Buenos Aires (UBA) fue escenario de un violento enfrentamiento entre militantes de la Juventud Universitaria Peronista (JUP) [&hellip;]\" \/>\n<meta property=\"og:url\" content=\"https:\/\/nuevodigitaldeescobar.com.ar\/?p=17633\" \/>\n<meta property=\"og:site_name\" content=\"Nuevo Digital de Escobar\" \/>\n<meta property=\"article:publisher\" content=\"https:\/\/www.facebook.com\/NUEVODigitalDeEscobar\" \/>\n<meta property=\"article:published_time\" content=\"2025-08-29T06:24:00+00:00\" \/>\n<meta property=\"article:modified_time\" content=\"2025-08-29T11:27:04+00:00\" \/>\n<meta property=\"og:image\" content=\"http:\/\/nuevodigitaldeescobar.com.ar\/wp-content\/uploads\/2025\/08\/facuderecho35.png\" \/>\n\t<meta property=\"og:image:width\" content=\"680\" \/>\n\t<meta property=\"og:image:height\" content=\"480\" \/>\n\t<meta property=\"og:image:type\" content=\"image\/png\" \/>\n<meta name=\"author\" content=\"Redacci\u00f3n\" \/>\n<meta name=\"twitter:card\" content=\"summary_large_image\" \/>\n<meta name=\"twitter:creator\" content=\"@nuevodigescobar\" \/>\n<meta name=\"twitter:site\" content=\"@nuevodigescobar\" \/>\n<meta name=\"twitter:label1\" content=\"Escrito por\" \/>\n\t<meta name=\"twitter:data1\" content=\"Redacci\u00f3n\" \/>\n\t<meta name=\"twitter:label2\" content=\"Tiempo de lectura\" \/>\n\t<meta name=\"twitter:data2\" content=\"2 minutos\" \/>\n<script type=\"application\/ld+json\" class=\"yoast-schema-graph\">{\"@context\":\"https:\/\/schema.org\",\"@graph\":[{\"@type\":\"Article\",\"@id\":\"https:\/\/nuevodigitaldeescobar.com.ar\/?p=17633#article\",\"isPartOf\":{\"@id\":\"https:\/\/nuevodigitaldeescobar.com.ar\/?p=17633\"},\"author\":{\"name\":\"Redacci\u00f3n\",\"@id\":\"https:\/\/nuevodigitaldeescobar.com.ar\/#\/schema\/person\/035e90a8efe9a80e6eec22656ad6ea4c\"},\"headline\":\"Violencia en la Facultad de Derecho: choque entre agrupaciones estudiantiles\",\"datePublished\":\"2025-08-29T06:24:00+00:00\",\"dateModified\":\"2025-08-29T11:27:04+00:00\",\"mainEntityOfPage\":{\"@id\":\"https:\/\/nuevodigitaldeescobar.com.ar\/?p=17633\"},\"wordCount\":409,\"commentCount\":0,\"publisher\":{\"@id\":\"https:\/\/nuevodigitaldeescobar.com.ar\/#organization\"},\"image\":{\"@id\":\"https:\/\/nuevodigitaldeescobar.com.ar\/?p=17633#primaryimage\"},\"thumbnailUrl\":\"https:\/\/nuevodigitaldeescobar.com.ar\/wp-content\/uploads\/2025\/08\/facuderecho35.png\",\"articleSection\":[\"Sociedad\"],\"inLanguage\":\"es\",\"potentialAction\":[{\"@type\":\"CommentAction\",\"name\":\"Comment\",\"target\":[\"https:\/\/nuevodigitaldeescobar.com.ar\/?p=17633#respond\"]}]},{\"@type\":\"WebPage\",\"@id\":\"https:\/\/nuevodigitaldeescobar.com.ar\/?p=17633\",\"url\":\"https:\/\/nuevodigitaldeescobar.com.ar\/?p=17633\",\"name\":\"Violencia en la Facultad de Derecho: choque entre agrupaciones estudiantiles - Nuevo Digital de Escobar\",\"isPartOf\":{\"@id\":\"https:\/\/nuevodigitaldeescobar.com.ar\/#website\"},\"primaryImageOfPage\":{\"@id\":\"https:\/\/nuevodigitaldeescobar.com.ar\/?p=17633#primaryimage\"},\"image\":{\"@id\":\"https:\/\/nuevodigitaldeescobar.com.ar\/?p=17633#primaryimage\"},\"thumbnailUrl\":\"https:\/\/nuevodigitaldeescobar.com.ar\/wp-content\/uploads\/2025\/08\/facuderecho35.png\",\"datePublished\":\"2025-08-29T06:24:00+00:00\",\"dateModified\":\"2025-08-29T11:27:04+00:00\",\"breadcrumb\":{\"@id\":\"https:\/\/nuevodigitaldeescobar.com.ar\/?p=17633#breadcrumb\"},\"inLanguage\":\"es\",\"potentialAction\":[{\"@type\":\"ReadAction\",\"target\":[\"https:\/\/nuevodigitaldeescobar.com.ar\/?p=17633\"]}]},{\"@type\":\"ImageObject\",\"inLanguage\":\"es\",\"@id\":\"https:\/\/nuevodigitaldeescobar.com.ar\/?p=17633#primaryimage\",\"url\":\"https:\/\/nuevodigitaldeescobar.com.ar\/wp-content\/uploads\/2025\/08\/facuderecho35.png\",\"contentUrl\":\"https:\/\/nuevodigitaldeescobar.com.ar\/wp-content\/uploads\/2025\/08\/facuderecho35.png\",\"width\":680,\"height\":480},{\"@type\":\"BreadcrumbList\",\"@id\":\"https:\/\/nuevodigitaldeescobar.com.ar\/?p=17633#breadcrumb\",\"itemListElement\":[{\"@type\":\"ListItem\",\"position\":1,\"name\":\"Portada\",\"item\":\"https:\/\/nuevodigitaldeescobar.com.ar\/\"},{\"@type\":\"ListItem\",\"position\":2,\"name\":\"Violencia en la Facultad de Derecho: choque entre agrupaciones estudiantiles\"}]},{\"@type\":\"WebSite\",\"@id\":\"https:\/\/nuevodigitaldeescobar.com.ar\/#website\",\"url\":\"https:\/\/nuevodigitaldeescobar.com.ar\/\",\"name\":\"Nuevo Digital de Escobar\",\"description\":\"La vida escobarense. Directora: Rosana Brunner\",\"publisher\":{\"@id\":\"https:\/\/nuevodigitaldeescobar.com.ar\/#organization\"},\"potentialAction\":[{\"@type\":\"SearchAction\",\"target\":{\"@type\":\"EntryPoint\",\"urlTemplate\":\"https:\/\/nuevodigitaldeescobar.com.ar\/?s={search_term_string}\"},\"query-input\":{\"@type\":\"PropertyValueSpecification\",\"valueRequired\":true,\"valueName\":\"search_term_string\"}}],\"inLanguage\":\"es\"},{\"@type\":\"Organization\",\"@id\":\"https:\/\/nuevodigitaldeescobar.com.ar\/#organization\",\"name\":\"Nuevo Digital de Escobar\",\"url\":\"https:\/\/nuevodigitaldeescobar.com.ar\/\",\"logo\":{\"@type\":\"ImageObject\",\"inLanguage\":\"es\",\"@id\":\"https:\/\/nuevodigitaldeescobar.com.ar\/#\/schema\/logo\/image\/\",\"url\":\"https:\/\/nuevodigitaldeescobar.com.ar\/wp-content\/uploads\/2025\/05\/cropped-logo-nuevo2.jpg\",\"contentUrl\":\"https:\/\/nuevodigitaldeescobar.com.ar\/wp-content\/uploads\/2025\/05\/cropped-logo-nuevo2.jpg\",\"width\":305,\"height\":305,\"caption\":\"Nuevo Digital de Escobar\"},\"image\":{\"@id\":\"https:\/\/nuevodigitaldeescobar.com.ar\/#\/schema\/logo\/image\/\"},\"sameAs\":[\"https:\/\/www.facebook.com\/NUEVODigitalDeEscobar\",\"https:\/\/x.com\/nuevodigescobar\",\"https:\/\/www.instagram.com\/nuevodigitaldeescobar\"]},{\"@type\":\"Person\",\"@id\":\"https:\/\/nuevodigitaldeescobar.com.ar\/#\/schema\/person\/035e90a8efe9a80e6eec22656ad6ea4c\",\"name\":\"Redacci\u00f3n\",\"image\":{\"@type\":\"ImageObject\",\"inLanguage\":\"es\",\"@id\":\"https:\/\/nuevodigitaldeescobar.com.ar\/#\/schema\/person\/image\/\",\"url\":\"https:\/\/secure.gravatar.com\/avatar\/8af8f40000c24e9eef3034f2be5998a372bb1389e64b1a4a36b3a7979142220d?s=96&d=mm&r=g\",\"contentUrl\":\"https:\/\/secure.gravatar.com\/avatar\/8af8f40000c24e9eef3034f2be5998a372bb1389e64b1a4a36b3a7979142220d?s=96&d=mm&r=g\",\"caption\":\"Redacci\u00f3n\"},\"sameAs\":[\"http:\/\/nuevodigitaldeescobar.com.ar\"],\"url\":\"https:\/\/nuevodigitaldeescobar.com.ar\/?author=1\"}]}<\/script>\n<!-- \/ Yoast SEO plugin. -->","yoast_head_json":{"title":"Violencia en la Facultad de Derecho: choque entre agrupaciones estudiantiles - Nuevo Digital de Escobar","robots":{"index":"index","follow":"follow","max-snippet":"max-snippet:-1","max-image-preview":"max-image-preview:large","max-video-preview":"max-video-preview:-1"},"canonical":"https:\/\/nuevodigitaldeescobar.com.ar\/?p=17633","og_locale":"es_ES","og_type":"article","og_title":"Violencia en la Facultad de Derecho: choque entre agrupaciones estudiantiles - Nuevo Digital de Escobar","og_description":"La Facultad de Derecho de la Universidad de Buenos Aires (UBA) fue escenario de un violento enfrentamiento entre militantes de la Juventud Universitaria Peronista (JUP) [&hellip;]","og_url":"https:\/\/nuevodigitaldeescobar.com.ar\/?p=17633","og_site_name":"Nuevo Digital de Escobar","article_publisher":"https:\/\/www.facebook.com\/NUEVODigitalDeEscobar","article_published_time":"2025-08-29T06:24:00+00:00","article_modified_time":"2025-08-29T11:27:04+00:00","og_image":[{"width":680,"height":480,"url":"http:\/\/nuevodigitaldeescobar.com.ar\/wp-content\/uploads\/2025\/08\/facuderecho35.png","type":"image\/png"}],"author":"Redacci\u00f3n","twitter_card":"summary_large_image","twitter_creator":"@nuevodigescobar","twitter_site":"@nuevodigescobar","twitter_misc":{"Escrito por":"Redacci\u00f3n","Tiempo de lectura":"2 minutos"},"schema":{"@context":"https:\/\/schema.org","@graph":[{"@type":"Article","@id":"https:\/\/nuevodigitaldeescobar.com.ar\/?p=17633#article","isPartOf":{"@id":"https:\/\/nuevodigitaldeescobar.com.ar\/?p=17633"},"author":{"name":"Redacci\u00f3n","@id":"https:\/\/nuevodigitaldeescobar.com.ar\/#\/schema\/person\/035e90a8efe9a80e6eec22656ad6ea4c"},"headline":"Violencia en la Facultad de Derecho: choque entre agrupaciones estudiantiles","datePublished":"2025-08-29T06:24:00+00:00","dateModified":"2025-08-29T11:27:04+00:00","mainEntityOfPage":{"@id":"https:\/\/nuevodigitaldeescobar.com.ar\/?p=17633"},"wordCount":409,"commentCount":0,"publisher":{"@id":"https:\/\/nuevodigitaldeescobar.com.ar\/#organization"},"image":{"@id":"https:\/\/nuevodigitaldeescobar.com.ar\/?p=17633#primaryimage"},"thumbnailUrl":"https:\/\/nuevodigitaldeescobar.com.ar\/wp-content\/uploads\/2025\/08\/facuderecho35.png","articleSection":["Sociedad"],"inLanguage":"es","potentialAction":[{"@type":"CommentAction","name":"Comment","target":["https:\/\/nuevodigitaldeescobar.com.ar\/?p=17633#respond"]}]},{"@type":"WebPage","@id":"https:\/\/nuevodigitaldeescobar.com.ar\/?p=17633","url":"https:\/\/nuevodigitaldeescobar.com.ar\/?p=17633","name":"Violencia en la Facultad de Derecho: choque entre agrupaciones estudiantiles - Nuevo Digital de Escobar","isPartOf":{"@id":"https:\/\/nuevodigitaldeescobar.com.ar\/#website"},"primaryImageOfPage":{"@id":"https:\/\/nuevodigitaldeescobar.com.ar\/?p=17633#primaryimage"},"image":{"@id":"https:\/\/nuevodigitaldeescobar.com.ar\/?p=17633#primaryimage"},"thumbnailUrl":"https:\/\/nuevodigitaldeescobar.com.ar\/wp-content\/uploads\/2025\/08\/facuderecho35.png","datePublished":"2025-08-29T06:24:00+00:00","dateModified":"2025-08-29T11:27:04+00:00","breadcrumb":{"@id":"https:\/\/nuevodigitaldeescobar.com.ar\/?p=17633#breadcrumb"},"inLanguage":"es","potentialAction":[{"@type":"ReadAction","target":["https:\/\/nuevodigitaldeescobar.com.ar\/?p=17633"]}]},{"@type":"ImageObject","inLanguage":"es","@id":"https:\/\/nuevodigitaldeescobar.com.ar\/?p=17633#primaryimage","url":"https:\/\/nuevodigitaldeescobar.com.ar\/wp-content\/uploads\/2025\/08\/facuderecho35.png","contentUrl":"https:\/\/nuevodigitaldeescobar.com.ar\/wp-content\/uploads\/2025\/08\/facuderecho35.png","width":680,"height":480},{"@type":"BreadcrumbList","@id":"https:\/\/nuevodigitaldeescobar.com.ar\/?p=17633#breadcrumb","itemListElement":[{"@type":"ListItem","position":1,"name":"Portada","item":"https:\/\/nuevodigitaldeescobar.com.ar\/"},{"@type":"ListItem","position":2,"name":"Violencia en la Facultad de Derecho: choque entre agrupaciones estudiantiles"}]},{"@type":"WebSite","@id":"https:\/\/nuevodigitaldeescobar.com.ar\/#website","url":"https:\/\/nuevodigitaldeescobar.com.ar\/","name":"Nuevo Digital de Escobar","description":"La vida escobarense. Directora: Rosana Brunner","publisher":{"@id":"https:\/\/nuevodigitaldeescobar.com.ar\/#organization"},"potentialAction":[{"@type":"SearchAction","target":{"@type":"EntryPoint","urlTemplate":"https:\/\/nuevodigitaldeescobar.com.ar\/?s={search_term_string}"},"query-input":{"@type":"PropertyValueSpecification","valueRequired":true,"valueName":"search_term_string"}}],"inLanguage":"es"},{"@type":"Organization","@id":"https:\/\/nuevodigitaldeescobar.com.ar\/#organization","name":"Nuevo Digital de Escobar","url":"https:\/\/nuevodigitaldeescobar.com.ar\/","logo":{"@type":"ImageObject","inLanguage":"es","@id":"https:\/\/nuevodigitaldeescobar.com.ar\/#\/schema\/logo\/image\/","url":"https:\/\/nuevodigitaldeescobar.com.ar\/wp-content\/uploads\/2025\/05\/cropped-logo-nuevo2.jpg","contentUrl":"https:\/\/nuevodigitaldeescobar.com.ar\/wp-content\/uploads\/2025\/05\/cropped-logo-nuevo2.jpg","width":305,"height":305,"caption":"Nuevo Digital de Escobar"},"image":{"@id":"https:\/\/nuevodigitaldeescobar.com.ar\/#\/schema\/logo\/image\/"},"sameAs":["https:\/\/www.facebook.com\/NUEVODigitalDeEscobar","https:\/\/x.com\/nuevodigescobar","https:\/\/www.instagram.com\/nuevodigitaldeescobar"]},{"@type":"Person","@id":"https:\/\/nuevodigitaldeescobar.com.ar\/#\/schema\/person\/035e90a8efe9a80e6eec22656ad6ea4c","name":"Redacci\u00f3n","image":{"@type":"ImageObject","inLanguage":"es","@id":"https:\/\/nuevodigitaldeescobar.com.ar\/#\/schema\/person\/image\/","url":"https:\/\/secure.gravatar.com\/avatar\/8af8f40000c24e9eef3034f2be5998a372bb1389e64b1a4a36b3a7979142220d?s=96&d=mm&r=g","contentUrl":"https:\/\/secure.gravatar.com\/avatar\/8af8f40000c24e9eef3034f2be5998a372bb1389e64b1a4a36b3a7979142220d?s=96&d=mm&r=g","caption":"Redacci\u00f3n"},"sameAs":["http:\/\/nuevodigitaldeescobar.com.ar"],"url":"https:\/\/nuevodigitaldeescobar.com.ar\/?author=1"}]}},"featured_image_urls":{"full":["https:\/\/nuevodigitaldeescobar.com.ar\/wp-content\/uploads\/2025\/08\/facuderecho35.png",680,480,false],"thumbnail":["https:\/\/nuevodigitaldeescobar.com.ar\/wp-content\/uploads\/2025\/08\/facuderecho35-150x150.png",150,150,true],"medium":["https:\/\/nuevodigitaldeescobar.com.ar\/wp-content\/uploads\/2025\/08\/facuderecho35-300x212.png",300,212,true],"medium_large":["https:\/\/nuevodigitaldeescobar.com.ar\/wp-content\/uploads\/2025\/08\/facuderecho35.png",640,452,false],"large":["https:\/\/nuevodigitaldeescobar.com.ar\/wp-content\/uploads\/2025\/08\/facuderecho35.png",640,452,false],"1536x1536":["https:\/\/nuevodigitaldeescobar.com.ar\/wp-content\/uploads\/2025\/08\/facuderecho35.png",680,480,false],"2048x2048":["https:\/\/nuevodigitaldeescobar.com.ar\/wp-content\/uploads\/2025\/08\/facuderecho35.png",680,480,false]},"author_info":{"display_name":"Redacci\u00f3n","author_link":"https:\/\/nuevodigitaldeescobar.com.ar\/?author=1"},"category_info":"<a href=\"https:\/\/nuevodigitaldeescobar.com.ar\/?cat=15\" rel=\"category\">Sociedad<\/a>","tag_info":"Sociedad","comment_count":"0","_links":{"self":[{"href":"https:\/\/nuevodigitaldeescobar.com.ar\/index.php?rest_route=\/wp\/v2\/posts\/17633","targetHints":{"allow":["GET"]}}],"collection":[{"href":"https:\/\/nuevodigitaldeescobar.com.ar\/index.php?rest_route=\/wp\/v2\/posts"}],"about":[{"href":"https:\/\/nuevodigitaldeescobar.com.ar\/index.php?rest_route=\/wp\/v2\/types\/post"}],"author":[{"embeddable":true,"href":"https:\/\/nuevodigitaldeescobar.com.ar\/index.php?rest_route=\/wp\/v2\/users\/1"}],"replies":[{"embeddable":true,"href":"https:\/\/nuevodigitaldeescobar.com.ar\/index.php?rest_route=%2Fwp%2Fv2%2Fcomments&post=17633"}],"version-history":[{"count":1,"href":"https:\/\/nuevodigitaldeescobar.com.ar\/index.php?rest_route=\/wp\/v2\/posts\/17633\/revisions"}],"predecessor-version":[{"id":17635,"href":"https:\/\/nuevodigitaldeescobar.com.ar\/index.php?rest_route=\/wp\/v2\/posts\/17633\/revisions\/17635"}],"wp:featuredmedia":[{"embeddable":true,"href":"https:\/\/nuevodigitaldeescobar.com.ar\/index.php?rest_route=\/wp\/v2\/media\/17660"}],"wp:attachment":[{"href":"https:\/\/nuevodigitaldeescobar.com.ar\/index.php?rest_route=%2Fwp%2Fv2%2Fmedia&parent=17633"}],"wp:term":[{"taxonomy":"category","embeddable":true,"href":"https:\/\/nuevodigitaldeescobar.com.ar\/index.php?rest_route=%2Fwp%2Fv2%2Fcategories&post=17633"},{"taxonomy":"post_tag","embeddable":true,"href":"https:\/\/nuevodigitaldeescobar.com.ar\/index.php?rest_route=%2Fwp%2Fv2%2Ftags&post=17633"}],"curies":[{"name":"wp","href":"https:\/\/api.w.org\/{rel}","templated":true}]}}