{"id":17707,"date":"2025-09-01T00:30:03","date_gmt":"2025-09-01T03:30:03","guid":{"rendered":"https:\/\/nuevodigitaldeescobar.com.ar\/?p=17707"},"modified":"2025-09-01T00:30:15","modified_gmt":"2025-09-01T03:30:15","slug":"elecciones-en-corrientes-triunfo-contundente-de-vamos-corrientes-y-un-duro-reves-para-lla","status":"publish","type":"post","link":"https:\/\/nuevodigitaldeescobar.com.ar\/?p=17707","title":{"rendered":"Elecciones en Corrientes: triunfo contundente de Vamos Corrientes y un duro rev\u00e9s para LLA"},"content":{"rendered":"\n<p class=\"has-vivid-cyan-blue-color has-text-color has-link-color wp-elements-ecd46912e392ce9ca2605d77c8791ab0\"><em><strong>Corrientes vivi\u00f3 este domingo una jornada electoral clave, en la que el oficialismo provincial volvi\u00f3 a ratificar su poder pol\u00edtico. Con m\u00e1s del 50% de los votos, Juan Pablo Vald\u00e9s fue elegido nuevo gobernador y suceder\u00e1 a su hermano, Gustavo Vald\u00e9s, sin necesidad de una segunda vuelta.<\/strong><\/em><\/p>\n\n\n\n<!--more-->\n\n\n\n<p>La f\u00f3rmula ganadora, integrada por Juan Pablo Vald\u00e9s y Pedro Braillard Poccard, celebr\u00f3 en la noche del domingo un triunfo que consolida dos d\u00e9cadas de continuidad en el poder provincial. La carga de datos fue lenta \u2014pasada la medianoche solo se hab\u00eda escrutado un 27% de las mesas\u2014, pero los n\u00fameros fueron claros desde el inicio: <strong>el oficialismo se impuso con comodidad<\/strong>.<\/p>\n\n\n\n<h3 class=\"wp-block-heading has-text-color has-link-color wp-elements-cdda46563b2a67a378847136533240ca\" style=\"color:#0745b6\">La construcci\u00f3n pol\u00edtica de Gustavo Vald\u00e9s<\/h3>\n\n\n\n<p>Aunque no pod\u00eda aspirar a la reelecci\u00f3n, Gustavo Vald\u00e9s fue el gran arquitecto de esta victoria. Logr\u00f3 reordenar su espacio pese a fracturas internas, como el distanciamiento de Ricardo Colombi \u2014su hist\u00f3rico mentor\u2014 y el pase de \u201cPerucho\u201d Cassani a las filas libertarias.<br>Con un armado s\u00f3lido, logr\u00f3 mantener en pie la coalici\u00f3n <strong>Vamos Corrientes<\/strong>, nacida en 2001 y liderada por la UCR.<\/p>\n\n\n\n<p><em>\u201cSomos las provincias argentinas las que juntos creamos la Naci\u00f3n. El di\u00e1logo, la sensatez y el consenso son los que hacen grandes a los pa\u00edses\u201d<\/em>, expres\u00f3 Vald\u00e9s en su discurso, en un mensaje que reson\u00f3 tanto en Corrientes como en Buenos Aires.<\/p>\n\n\n\n<h3 class=\"wp-block-heading has-text-color has-link-color wp-elements-ede0852ceb0884f243a2ac20e5aa78a1\" style=\"color:#0745b6\">El nuevo gobernador<\/h3>\n\n\n\n<p>Al tomar la posta, <strong>Juan Pablo Vald\u00e9s<\/strong> agradeci\u00f3 el apoyo y dej\u00f3 en claro sus prioridades: <em>\u201cCerramos esta p\u00e1gina y empezamos a trabajar juntos en el futuro\u201d<\/em>, dijo, acompa\u00f1ado por su hermano, en una conferencia de prensa.<\/p>\n\n\n\n<h3 class=\"wp-block-heading has-text-color has-link-color wp-elements-bb8863855389153dc97f60204c469ca0\" style=\"color:#0745b6\">La oposici\u00f3n, sin respuestas<\/h3>\n\n\n\n<p>Las elecciones dejaron tambi\u00e9n un panorama dif\u00edcil para la oposici\u00f3n.<\/p>\n\n\n\n<ul class=\"wp-block-list\">\n<li><strong>La Libertad Avanza (LLA)<\/strong>, con Lisandro Almir\u00f3n como candidato, qued\u00f3 en un lejano cuarto lugar, con menos del 10% de los votos. La campa\u00f1a, marcada por la visita de Karina Milei y un esc\u00e1ndalo que termin\u00f3 en incidentes, expuso fragilidades del espacio. El eslogan \u201cAlmir\u00f3n es Milei\u201d termin\u00f3 jugando en contra: la derrota afect\u00f3 no solo al candidato, sino tambi\u00e9n a la imagen del propio presidente.<\/li>\n\n\n\n<li><strong>El peronismo<\/strong>, por su parte, volvi\u00f3 a mostrar sus l\u00edmites. Pese a un escenario favorable con el oficialismo dividido, apenas super\u00f3 el 20% de los sufragios. Sin embargo, emergi\u00f3 una figura nueva: <strong>Mart\u00edn \u201cTincho\u201d Asc\u00faa<\/strong>, joven dirigente con experiencia de gesti\u00f3n, que se perfila como posible renovaci\u00f3n en el PJ correntino.<\/li>\n\n\n\n<li><strong>Ricardo Colombi<\/strong>, en tanto, termin\u00f3 tercero y sin chances de forzar un balotaje. El veterano dirigente radical reconoci\u00f3 la derrota con tono de despedida y qued\u00f3 marginado del poder.<\/li>\n<\/ul>\n\n\n\n<h3 class=\"wp-block-heading has-text-color has-link-color wp-elements-0a81b6842a43f10cb7164a706382c435\" style=\"color:#0745b6\">Un mapa pol\u00edtico definido<\/h3>\n\n\n\n<p>La elecci\u00f3n en Corrientes no solo consolid\u00f3 al <strong>valdecismo<\/strong> como fuerza dominante, sino que tambi\u00e9n dej\u00f3 lecciones para las fuerzas nacionales. Mientras el oficialismo local mostr\u00f3 capacidad de adaptaci\u00f3n y continuidad, LLA y el PJ quedaron muy lejos de sus expectativas.<\/p>\n\n\n\n<p>Con Juan Pablo Vald\u00e9s como gobernador electo, Corrientes apuesta a la estabilidad de un esquema pol\u00edtico que ya lleva 20 a\u00f1os en el poder y que, al menos por ahora, no muestra se\u00f1ales de desgaste.<\/p>\n","protected":false},"excerpt":{"rendered":"<p>Corrientes vivi\u00f3 este domingo una jornada electoral clave, en la que el oficialismo provincial volvi\u00f3 a ratificar su poder pol\u00edtico. Con m\u00e1s del 50% de [&hellip;]<\/p>\n","protected":false},"author":1,"featured_media":17708,"comment_status":"open","ping_status":"open","sticky":false,"template":"","format":"standard","meta":{"footnotes":""},"categories":[6],"tags":[],"class_list":["post-17707","post","type-post","status-publish","format-standard","has-post-thumbnail","hentry","category-politica"],"better_featured_image":{"id":17708,"alt_text":"","caption":"","description":"","media_type":"image","media_details":{"width":802,"height":561,"file":"2025\/09\/valdes23.png","filesize":1012530,"sizes":{"medium":{"file":"valdes23-300x210.png","width":300,"height":210,"mime-type":"image\/png","filesize":52653,"source_url":"https:\/\/nuevodigitaldeescobar.com.ar\/wp-content\/uploads\/2025\/09\/valdes23-300x210.png"},"thumbnail":{"file":"valdes23-150x150.png","width":150,"height":150,"mime-type":"image\/png","filesize":20719,"source_url":"https:\/\/nuevodigitaldeescobar.com.ar\/wp-content\/uploads\/2025\/09\/valdes23-150x150.png"},"medium_large":{"file":"valdes23-768x537.png","width":768,"height":537,"mime-type":"image\/png","filesize":277588,"source_url":"https:\/\/nuevodigitaldeescobar.com.ar\/wp-content\/uploads\/2025\/09\/valdes23-768x537.png"}},"image_meta":{"aperture":"0","credit":"","camera":"","caption":"","created_timestamp":"0","copyright":"","focal_length":"0","iso":"0","shutter_speed":"0","title":"","orientation":"0","keywords":[]}},"post":17707,"source_url":"https:\/\/nuevodigitaldeescobar.com.ar\/wp-content\/uploads\/2025\/09\/valdes23.png"},"yoast_head":"<!-- This site is optimized with the Yoast SEO plugin v26.1.1 - https:\/\/yoast.com\/wordpress\/plugins\/seo\/ -->\n<title>Elecciones en Corrientes: triunfo contundente de Vamos Corrientes y un duro rev\u00e9s para LLA - Nuevo Digital de Escobar<\/title>\n<meta name=\"robots\" content=\"index, follow, max-snippet:-1, max-image-preview:large, max-video-preview:-1\" \/>\n<link rel=\"canonical\" href=\"https:\/\/nuevodigitaldeescobar.com.ar\/?p=17707\" \/>\n<meta property=\"og:locale\" content=\"es_ES\" \/>\n<meta property=\"og:type\" content=\"article\" \/>\n<meta property=\"og:title\" content=\"Elecciones en Corrientes: triunfo contundente de Vamos Corrientes y un duro rev\u00e9s para LLA - Nuevo Digital de Escobar\" \/>\n<meta property=\"og:description\" content=\"Corrientes vivi\u00f3 este domingo una jornada electoral clave, en la que el oficialismo provincial volvi\u00f3 a ratificar su poder pol\u00edtico. Con m\u00e1s del 50% de [&hellip;]\" \/>\n<meta property=\"og:url\" content=\"https:\/\/nuevodigitaldeescobar.com.ar\/?p=17707\" \/>\n<meta property=\"og:site_name\" content=\"Nuevo Digital de Escobar\" \/>\n<meta property=\"article:publisher\" content=\"https:\/\/www.facebook.com\/NUEVODigitalDeEscobar\" \/>\n<meta property=\"article:published_time\" content=\"2025-09-01T03:30:03+00:00\" \/>\n<meta property=\"article:modified_time\" content=\"2025-09-01T03:30:15+00:00\" \/>\n<meta property=\"og:image\" content=\"http:\/\/nuevodigitaldeescobar.com.ar\/wp-content\/uploads\/2025\/09\/valdes23.png\" \/>\n\t<meta property=\"og:image:width\" content=\"802\" \/>\n\t<meta property=\"og:image:height\" content=\"561\" \/>\n\t<meta property=\"og:image:type\" content=\"image\/png\" \/>\n<meta name=\"author\" content=\"Redacci\u00f3n\" \/>\n<meta name=\"twitter:card\" content=\"summary_large_image\" \/>\n<meta name=\"twitter:creator\" content=\"@nuevodigescobar\" \/>\n<meta name=\"twitter:site\" content=\"@nuevodigescobar\" \/>\n<meta name=\"twitter:label1\" content=\"Escrito por\" \/>\n\t<meta name=\"twitter:data1\" content=\"Redacci\u00f3n\" \/>\n\t<meta name=\"twitter:label2\" content=\"Tiempo de lectura\" \/>\n\t<meta name=\"twitter:data2\" content=\"3 minutos\" \/>\n<script type=\"application\/ld+json\" class=\"yoast-schema-graph\">{\"@context\":\"https:\/\/schema.org\",\"@graph\":[{\"@type\":\"Article\",\"@id\":\"https:\/\/nuevodigitaldeescobar.com.ar\/?p=17707#article\",\"isPartOf\":{\"@id\":\"https:\/\/nuevodigitaldeescobar.com.ar\/?p=17707\"},\"author\":{\"name\":\"Redacci\u00f3n\",\"@id\":\"https:\/\/nuevodigitaldeescobar.com.ar\/#\/schema\/person\/035e90a8efe9a80e6eec22656ad6ea4c\"},\"headline\":\"Elecciones en Corrientes: triunfo contundente de Vamos Corrientes y un duro rev\u00e9s para LLA\",\"datePublished\":\"2025-09-01T03:30:03+00:00\",\"dateModified\":\"2025-09-01T03:30:15+00:00\",\"mainEntityOfPage\":{\"@id\":\"https:\/\/nuevodigitaldeescobar.com.ar\/?p=17707\"},\"wordCount\":556,\"commentCount\":0,\"publisher\":{\"@id\":\"https:\/\/nuevodigitaldeescobar.com.ar\/#organization\"},\"image\":{\"@id\":\"https:\/\/nuevodigitaldeescobar.com.ar\/?p=17707#primaryimage\"},\"thumbnailUrl\":\"https:\/\/nuevodigitaldeescobar.com.ar\/wp-content\/uploads\/2025\/09\/valdes23.png\",\"articleSection\":[\"Pol\u00edtica\"],\"inLanguage\":\"es\",\"potentialAction\":[{\"@type\":\"CommentAction\",\"name\":\"Comment\",\"target\":[\"https:\/\/nuevodigitaldeescobar.com.ar\/?p=17707#respond\"]}]},{\"@type\":\"WebPage\",\"@id\":\"https:\/\/nuevodigitaldeescobar.com.ar\/?p=17707\",\"url\":\"https:\/\/nuevodigitaldeescobar.com.ar\/?p=17707\",\"name\":\"Elecciones en Corrientes: triunfo contundente de Vamos Corrientes y un duro rev\u00e9s para LLA - Nuevo Digital de Escobar\",\"isPartOf\":{\"@id\":\"https:\/\/nuevodigitaldeescobar.com.ar\/#website\"},\"primaryImageOfPage\":{\"@id\":\"https:\/\/nuevodigitaldeescobar.com.ar\/?p=17707#primaryimage\"},\"image\":{\"@id\":\"https:\/\/nuevodigitaldeescobar.com.ar\/?p=17707#primaryimage\"},\"thumbnailUrl\":\"https:\/\/nuevodigitaldeescobar.com.ar\/wp-content\/uploads\/2025\/09\/valdes23.png\",\"datePublished\":\"2025-09-01T03:30:03+00:00\",\"dateModified\":\"2025-09-01T03:30:15+00:00\",\"breadcrumb\":{\"@id\":\"https:\/\/nuevodigitaldeescobar.com.ar\/?p=17707#breadcrumb\"},\"inLanguage\":\"es\",\"potentialAction\":[{\"@type\":\"ReadAction\",\"target\":[\"https:\/\/nuevodigitaldeescobar.com.ar\/?p=17707\"]}]},{\"@type\":\"ImageObject\",\"inLanguage\":\"es\",\"@id\":\"https:\/\/nuevodigitaldeescobar.com.ar\/?p=17707#primaryimage\",\"url\":\"https:\/\/nuevodigitaldeescobar.com.ar\/wp-content\/uploads\/2025\/09\/valdes23.png\",\"contentUrl\":\"https:\/\/nuevodigitaldeescobar.com.ar\/wp-content\/uploads\/2025\/09\/valdes23.png\",\"width\":802,\"height\":561},{\"@type\":\"BreadcrumbList\",\"@id\":\"https:\/\/nuevodigitaldeescobar.com.ar\/?p=17707#breadcrumb\",\"itemListElement\":[{\"@type\":\"ListItem\",\"position\":1,\"name\":\"Portada\",\"item\":\"https:\/\/nuevodigitaldeescobar.com.ar\/\"},{\"@type\":\"ListItem\",\"position\":2,\"name\":\"Elecciones en Corrientes: triunfo contundente de Vamos Corrientes y un duro rev\u00e9s para LLA\"}]},{\"@type\":\"WebSite\",\"@id\":\"https:\/\/nuevodigitaldeescobar.com.ar\/#website\",\"url\":\"https:\/\/nuevodigitaldeescobar.com.ar\/\",\"name\":\"Nuevo Digital de Escobar\",\"description\":\"La vida escobarense. Directora: Rosana Brunner\",\"publisher\":{\"@id\":\"https:\/\/nuevodigitaldeescobar.com.ar\/#organization\"},\"potentialAction\":[{\"@type\":\"SearchAction\",\"target\":{\"@type\":\"EntryPoint\",\"urlTemplate\":\"https:\/\/nuevodigitaldeescobar.com.ar\/?s={search_term_string}\"},\"query-input\":{\"@type\":\"PropertyValueSpecification\",\"valueRequired\":true,\"valueName\":\"search_term_string\"}}],\"inLanguage\":\"es\"},{\"@type\":\"Organization\",\"@id\":\"https:\/\/nuevodigitaldeescobar.com.ar\/#organization\",\"name\":\"Nuevo Digital de Escobar\",\"url\":\"https:\/\/nuevodigitaldeescobar.com.ar\/\",\"logo\":{\"@type\":\"ImageObject\",\"inLanguage\":\"es\",\"@id\":\"https:\/\/nuevodigitaldeescobar.com.ar\/#\/schema\/logo\/image\/\",\"url\":\"https:\/\/nuevodigitaldeescobar.com.ar\/wp-content\/uploads\/2025\/05\/cropped-logo-nuevo2.jpg\",\"contentUrl\":\"https:\/\/nuevodigitaldeescobar.com.ar\/wp-content\/uploads\/2025\/05\/cropped-logo-nuevo2.jpg\",\"width\":305,\"height\":305,\"caption\":\"Nuevo Digital de Escobar\"},\"image\":{\"@id\":\"https:\/\/nuevodigitaldeescobar.com.ar\/#\/schema\/logo\/image\/\"},\"sameAs\":[\"https:\/\/www.facebook.com\/NUEVODigitalDeEscobar\",\"https:\/\/x.com\/nuevodigescobar\",\"https:\/\/www.instagram.com\/nuevodigitaldeescobar\"]},{\"@type\":\"Person\",\"@id\":\"https:\/\/nuevodigitaldeescobar.com.ar\/#\/schema\/person\/035e90a8efe9a80e6eec22656ad6ea4c\",\"name\":\"Redacci\u00f3n\",\"image\":{\"@type\":\"ImageObject\",\"inLanguage\":\"es\",\"@id\":\"https:\/\/nuevodigitaldeescobar.com.ar\/#\/schema\/person\/image\/\",\"url\":\"https:\/\/secure.gravatar.com\/avatar\/8af8f40000c24e9eef3034f2be5998a372bb1389e64b1a4a36b3a7979142220d?s=96&d=mm&r=g\",\"contentUrl\":\"https:\/\/secure.gravatar.com\/avatar\/8af8f40000c24e9eef3034f2be5998a372bb1389e64b1a4a36b3a7979142220d?s=96&d=mm&r=g\",\"caption\":\"Redacci\u00f3n\"},\"sameAs\":[\"http:\/\/nuevodigitaldeescobar.com.ar\"],\"url\":\"https:\/\/nuevodigitaldeescobar.com.ar\/?author=1\"}]}<\/script>\n<!-- \/ Yoast SEO plugin. -->","yoast_head_json":{"title":"Elecciones en Corrientes: triunfo contundente de Vamos Corrientes y un duro rev\u00e9s para LLA - Nuevo Digital de Escobar","robots":{"index":"index","follow":"follow","max-snippet":"max-snippet:-1","max-image-preview":"max-image-preview:large","max-video-preview":"max-video-preview:-1"},"canonical":"https:\/\/nuevodigitaldeescobar.com.ar\/?p=17707","og_locale":"es_ES","og_type":"article","og_title":"Elecciones en Corrientes: triunfo contundente de Vamos Corrientes y un duro rev\u00e9s para LLA - Nuevo Digital de Escobar","og_description":"Corrientes vivi\u00f3 este domingo una jornada electoral clave, en la que el oficialismo provincial volvi\u00f3 a ratificar su poder pol\u00edtico. Con m\u00e1s del 50% de [&hellip;]","og_url":"https:\/\/nuevodigitaldeescobar.com.ar\/?p=17707","og_site_name":"Nuevo Digital de Escobar","article_publisher":"https:\/\/www.facebook.com\/NUEVODigitalDeEscobar","article_published_time":"2025-09-01T03:30:03+00:00","article_modified_time":"2025-09-01T03:30:15+00:00","og_image":[{"width":802,"height":561,"url":"http:\/\/nuevodigitaldeescobar.com.ar\/wp-content\/uploads\/2025\/09\/valdes23.png","type":"image\/png"}],"author":"Redacci\u00f3n","twitter_card":"summary_large_image","twitter_creator":"@nuevodigescobar","twitter_site":"@nuevodigescobar","twitter_misc":{"Escrito por":"Redacci\u00f3n","Tiempo de lectura":"3 minutos"},"schema":{"@context":"https:\/\/schema.org","@graph":[{"@type":"Article","@id":"https:\/\/nuevodigitaldeescobar.com.ar\/?p=17707#article","isPartOf":{"@id":"https:\/\/nuevodigitaldeescobar.com.ar\/?p=17707"},"author":{"name":"Redacci\u00f3n","@id":"https:\/\/nuevodigitaldeescobar.com.ar\/#\/schema\/person\/035e90a8efe9a80e6eec22656ad6ea4c"},"headline":"Elecciones en Corrientes: triunfo contundente de Vamos Corrientes y un duro rev\u00e9s para LLA","datePublished":"2025-09-01T03:30:03+00:00","dateModified":"2025-09-01T03:30:15+00:00","mainEntityOfPage":{"@id":"https:\/\/nuevodigitaldeescobar.com.ar\/?p=17707"},"wordCount":556,"commentCount":0,"publisher":{"@id":"https:\/\/nuevodigitaldeescobar.com.ar\/#organization"},"image":{"@id":"https:\/\/nuevodigitaldeescobar.com.ar\/?p=17707#primaryimage"},"thumbnailUrl":"https:\/\/nuevodigitaldeescobar.com.ar\/wp-content\/uploads\/2025\/09\/valdes23.png","articleSection":["Pol\u00edtica"],"inLanguage":"es","potentialAction":[{"@type":"CommentAction","name":"Comment","target":["https:\/\/nuevodigitaldeescobar.com.ar\/?p=17707#respond"]}]},{"@type":"WebPage","@id":"https:\/\/nuevodigitaldeescobar.com.ar\/?p=17707","url":"https:\/\/nuevodigitaldeescobar.com.ar\/?p=17707","name":"Elecciones en Corrientes: triunfo contundente de Vamos Corrientes y un duro rev\u00e9s para LLA - Nuevo Digital de Escobar","isPartOf":{"@id":"https:\/\/nuevodigitaldeescobar.com.ar\/#website"},"primaryImageOfPage":{"@id":"https:\/\/nuevodigitaldeescobar.com.ar\/?p=17707#primaryimage"},"image":{"@id":"https:\/\/nuevodigitaldeescobar.com.ar\/?p=17707#primaryimage"},"thumbnailUrl":"https:\/\/nuevodigitaldeescobar.com.ar\/wp-content\/uploads\/2025\/09\/valdes23.png","datePublished":"2025-09-01T03:30:03+00:00","dateModified":"2025-09-01T03:30:15+00:00","breadcrumb":{"@id":"https:\/\/nuevodigitaldeescobar.com.ar\/?p=17707#breadcrumb"},"inLanguage":"es","potentialAction":[{"@type":"ReadAction","target":["https:\/\/nuevodigitaldeescobar.com.ar\/?p=17707"]}]},{"@type":"ImageObject","inLanguage":"es","@id":"https:\/\/nuevodigitaldeescobar.com.ar\/?p=17707#primaryimage","url":"https:\/\/nuevodigitaldeescobar.com.ar\/wp-content\/uploads\/2025\/09\/valdes23.png","contentUrl":"https:\/\/nuevodigitaldeescobar.com.ar\/wp-content\/uploads\/2025\/09\/valdes23.png","width":802,"height":561},{"@type":"BreadcrumbList","@id":"https:\/\/nuevodigitaldeescobar.com.ar\/?p=17707#breadcrumb","itemListElement":[{"@type":"ListItem","position":1,"name":"Portada","item":"https:\/\/nuevodigitaldeescobar.com.ar\/"},{"@type":"ListItem","position":2,"name":"Elecciones en Corrientes: triunfo contundente de Vamos Corrientes y un duro rev\u00e9s para LLA"}]},{"@type":"WebSite","@id":"https:\/\/nuevodigitaldeescobar.com.ar\/#website","url":"https:\/\/nuevodigitaldeescobar.com.ar\/","name":"Nuevo Digital de Escobar","description":"La vida escobarense. Directora: Rosana Brunner","publisher":{"@id":"https:\/\/nuevodigitaldeescobar.com.ar\/#organization"},"potentialAction":[{"@type":"SearchAction","target":{"@type":"EntryPoint","urlTemplate":"https:\/\/nuevodigitaldeescobar.com.ar\/?s={search_term_string}"},"query-input":{"@type":"PropertyValueSpecification","valueRequired":true,"valueName":"search_term_string"}}],"inLanguage":"es"},{"@type":"Organization","@id":"https:\/\/nuevodigitaldeescobar.com.ar\/#organization","name":"Nuevo Digital de Escobar","url":"https:\/\/nuevodigitaldeescobar.com.ar\/","logo":{"@type":"ImageObject","inLanguage":"es","@id":"https:\/\/nuevodigitaldeescobar.com.ar\/#\/schema\/logo\/image\/","url":"https:\/\/nuevodigitaldeescobar.com.ar\/wp-content\/uploads\/2025\/05\/cropped-logo-nuevo2.jpg","contentUrl":"https:\/\/nuevodigitaldeescobar.com.ar\/wp-content\/uploads\/2025\/05\/cropped-logo-nuevo2.jpg","width":305,"height":305,"caption":"Nuevo Digital de Escobar"},"image":{"@id":"https:\/\/nuevodigitaldeescobar.com.ar\/#\/schema\/logo\/image\/"},"sameAs":["https:\/\/www.facebook.com\/NUEVODigitalDeEscobar","https:\/\/x.com\/nuevodigescobar","https:\/\/www.instagram.com\/nuevodigitaldeescobar"]},{"@type":"Person","@id":"https:\/\/nuevodigitaldeescobar.com.ar\/#\/schema\/person\/035e90a8efe9a80e6eec22656ad6ea4c","name":"Redacci\u00f3n","image":{"@type":"ImageObject","inLanguage":"es","@id":"https:\/\/nuevodigitaldeescobar.com.ar\/#\/schema\/person\/image\/","url":"https:\/\/secure.gravatar.com\/avatar\/8af8f40000c24e9eef3034f2be5998a372bb1389e64b1a4a36b3a7979142220d?s=96&d=mm&r=g","contentUrl":"https:\/\/secure.gravatar.com\/avatar\/8af8f40000c24e9eef3034f2be5998a372bb1389e64b1a4a36b3a7979142220d?s=96&d=mm&r=g","caption":"Redacci\u00f3n"},"sameAs":["http:\/\/nuevodigitaldeescobar.com.ar"],"url":"https:\/\/nuevodigitaldeescobar.com.ar\/?author=1"}]}},"featured_image_urls":{"full":["https:\/\/nuevodigitaldeescobar.com.ar\/wp-content\/uploads\/2025\/09\/valdes23.png",802,561,false],"thumbnail":["https:\/\/nuevodigitaldeescobar.com.ar\/wp-content\/uploads\/2025\/09\/valdes23-150x150.png",150,150,true],"medium":["https:\/\/nuevodigitaldeescobar.com.ar\/wp-content\/uploads\/2025\/09\/valdes23-300x210.png",300,210,true],"medium_large":["https:\/\/nuevodigitaldeescobar.com.ar\/wp-content\/uploads\/2025\/09\/valdes23-768x537.png",640,448,true],"large":["https:\/\/nuevodigitaldeescobar.com.ar\/wp-content\/uploads\/2025\/09\/valdes23.png",640,448,false],"1536x1536":["https:\/\/nuevodigitaldeescobar.com.ar\/wp-content\/uploads\/2025\/09\/valdes23.png",802,561,false],"2048x2048":["https:\/\/nuevodigitaldeescobar.com.ar\/wp-content\/uploads\/2025\/09\/valdes23.png",802,561,false]},"author_info":{"display_name":"Redacci\u00f3n","author_link":"https:\/\/nuevodigitaldeescobar.com.ar\/?author=1"},"category_info":"<a href=\"https:\/\/nuevodigitaldeescobar.com.ar\/?cat=6\" rel=\"category\">Pol\u00edtica<\/a>","tag_info":"Pol\u00edtica","comment_count":"0","_links":{"self":[{"href":"https:\/\/nuevodigitaldeescobar.com.ar\/index.php?rest_route=\/wp\/v2\/posts\/17707","targetHints":{"allow":["GET"]}}],"collection":[{"href":"https:\/\/nuevodigitaldeescobar.com.ar\/index.php?rest_route=\/wp\/v2\/posts"}],"about":[{"href":"https:\/\/nuevodigitaldeescobar.com.ar\/index.php?rest_route=\/wp\/v2\/types\/post"}],"author":[{"embeddable":true,"href":"https:\/\/nuevodigitaldeescobar.com.ar\/index.php?rest_route=\/wp\/v2\/users\/1"}],"replies":[{"embeddable":true,"href":"https:\/\/nuevodigitaldeescobar.com.ar\/index.php?rest_route=%2Fwp%2Fv2%2Fcomments&post=17707"}],"version-history":[{"count":1,"href":"https:\/\/nuevodigitaldeescobar.com.ar\/index.php?rest_route=\/wp\/v2\/posts\/17707\/revisions"}],"predecessor-version":[{"id":17709,"href":"https:\/\/nuevodigitaldeescobar.com.ar\/index.php?rest_route=\/wp\/v2\/posts\/17707\/revisions\/17709"}],"wp:featuredmedia":[{"embeddable":true,"href":"https:\/\/nuevodigitaldeescobar.com.ar\/index.php?rest_route=\/wp\/v2\/media\/17708"}],"wp:attachment":[{"href":"https:\/\/nuevodigitaldeescobar.com.ar\/index.php?rest_route=%2Fwp%2Fv2%2Fmedia&parent=17707"}],"wp:term":[{"taxonomy":"category","embeddable":true,"href":"https:\/\/nuevodigitaldeescobar.com.ar\/index.php?rest_route=%2Fwp%2Fv2%2Fcategories&post=17707"},{"taxonomy":"post_tag","embeddable":true,"href":"https:\/\/nuevodigitaldeescobar.com.ar\/index.php?rest_route=%2Fwp%2Fv2%2Ftags&post=17707"}],"curies":[{"name":"wp","href":"https:\/\/api.w.org\/{rel}","templated":true}]}}