{"id":17742,"date":"2025-09-02T05:56:00","date_gmt":"2025-09-02T08:56:00","guid":{"rendered":"https:\/\/nuevodigitaldeescobar.com.ar\/?p=17742"},"modified":"2025-09-01T17:00:22","modified_gmt":"2025-09-01T20:00:22","slug":"procesaron-al-jefe-de-seguridad-de-nordelta-por-encubrimiento-en-el-caso-suizo-argentina","status":"publish","type":"post","link":"https:\/\/nuevodigitaldeescobar.com.ar\/?p=17742","title":{"rendered":"Procesaron al jefe de seguridad de Nordelta por encubrimiento en el caso Suizo Argentina"},"content":{"rendered":"\n<p class=\"has-vivid-cyan-blue-color has-text-color has-link-color wp-elements-2a774eff22e04d891e6990535fb91af5\"><em><strong>El juez federal Sebasti\u00e1n Casanello dict\u00f3 el procesamiento de Ariel De Vincentis, jefe de seguridad de Nordelta y ex agente de la Polic\u00eda Federal, acusado de haber intentado favorecer a la familia Kovalivker, vinculada a la droguer\u00eda Suizo Argentina, en el inicio de la causa que investiga presuntas coimas con la Agencia Nacional de Discapacidad (ANDIS).<\/strong><\/em><\/p>\n\n\n\n<!--more-->\n\n\n\n<p>Seg\u00fan la investigaci\u00f3n, De Vincentis habr\u00eda <strong>retrasado deliberadamente el ingreso de la Polic\u00eda de la Ciudad al country<\/strong>, lo que permiti\u00f3 que uno de los hermanos Kovalivker escapara. Cuando los efectivos ingresaron, <strong>Jonathan Kovalivker ya se hab\u00eda marchado de su domicilio<\/strong> \u2014donde hallaron cajas fuertes vac\u00edas\u2014, mientras que su hermano <strong>Emmanuel fue detenido<\/strong> en el barrio La Isla con <strong>USD 266.000 y 7 millones de pesos en efectivo<\/strong>.<\/p>\n\n\n\n<h3 class=\"wp-block-heading has-text-color has-link-color wp-elements-f51193c2db3c417c6c7c298b48314232\" style=\"color:#310ec2\"><span style=\"text-decoration: underline;\">Los cargos<\/span><\/h3>\n\n\n\n<p>El jefe de seguridad fue procesado sin prisi\u00f3n preventiva por los delitos de:<\/p>\n\n\n\n<ul class=\"wp-block-list\">\n<li><strong>Desobediencia<\/strong><\/li>\n\n\n\n<li><strong>Estorbo de un acto funcional<\/strong><\/li>\n\n\n\n<li><strong>Encubrimiento<\/strong><\/li>\n<\/ul>\n\n\n\n<p>Adem\u00e1s, Casanello orden\u00f3 un <strong>embargo de $2.000.000<\/strong> sobre sus bienes.<\/p>\n\n\n\n<h3 class=\"wp-block-heading has-text-color has-link-color wp-elements-32c75190d97d910964c1ed67fa383600\" style=\"color:#310ec2\"><span style=\"text-decoration: underline;\">El modus operandi<\/span><\/h3>\n\n\n\n<p>De acuerdo con la resoluci\u00f3n judicial, De Vincentis aplic\u00f3 un \u201c<strong>protocolo no escrito<\/strong>\u201d que, lejos de facilitar, entorpeci\u00f3 el trabajo de las fuerzas de seguridad. Entre otras maniobras:<\/p>\n\n\n\n<ul class=\"wp-block-list\">\n<li>Solicit\u00f3 ver las \u00f3rdenes judiciales y demor\u00f3 el ingreso.<\/li>\n\n\n\n<li>Alert\u00f3 al personal de garitas.<\/li>\n\n\n\n<li>Convoc\u00f3 a la Polic\u00eda Bonaerense bajo el argumento de que el procedimiento carec\u00eda de validez, lo que gener\u00f3 confusi\u00f3n y tiempo extra para los involucrados.<\/li>\n<\/ul>\n\n\n\n<p>Las pruebas que sostuvieron la decisi\u00f3n del magistrado incluyen <strong>peritajes de sus tel\u00e9fonos<\/strong>, <strong>registros de c\u00e1maras de seguridad<\/strong> y <strong>entradas y salidas del country<\/strong>, que coinciden con el momento en el que Jonathan Kovalivker abandon\u00f3 Nordelta en su Audi S3.<\/p>\n\n\n\n<h3 class=\"wp-block-heading has-text-color has-link-color wp-elements-aef0e45a86d8861af4c592a40c520592\" style=\"color:#310ec2\"><span style=\"text-decoration: underline;\">Cambio de jurisdicci\u00f3n<\/span><\/h3>\n\n\n\n<p>Si bien el procesamiento fue dictado en Comodoro Py, Casanello se declar\u00f3 <strong>incompetente para seguir con la causa<\/strong>, dado que los hechos ocurrieron en el partido de Tigre. La investigaci\u00f3n continuar\u00e1 en la justicia federal de esa jurisdicci\u00f3n.<\/p>\n\n\n\n<hr class=\"wp-block-separator has-alpha-channel-opacity\"\/>\n\n\n\n<h2 class=\"wp-block-heading has-text-color has-link-color wp-elements-6c7b28a37ccdcbd771ed1eb9946d0be0\" style=\"color:#310ec2\">\ud83d\udcca Claves del caso<\/h2>\n\n\n\n<figure class=\"wp-block-table is-style-stripes\"><table class=\"has-luminous-vivid-amber-to-luminous-vivid-orange-gradient-background has-background has-fixed-layout\"><thead><tr><th>Elemento<\/th><th>Detalle<\/th><\/tr><\/thead><tbody><tr><td><strong>Imputado<\/strong><\/td><td>Ariel De Vincentis (jefe de seguridad de Nordelta, ex Polic\u00eda Federal)<\/td><\/tr><tr><td><strong>Delitos<\/strong><\/td><td>Desobediencia, estorbo de un acto funcional y encubrimiento<\/td><\/tr><tr><td><strong>Beneficiados<\/strong><\/td><td>Hermanos Jonathan y Emmanuel Kovalivker (Suizo Argentina)<\/td><\/tr><tr><td><strong>Dinero incautado<\/strong><\/td><td>USD 266.000 + $7.000.000<\/td><\/tr><tr><td><strong>Medida judicial<\/strong><\/td><td>Procesamiento sin prisi\u00f3n preventiva + embargo de $2.000.000<\/td><\/tr><tr><td><strong>Jurisdicci\u00f3n<\/strong><\/td><td>La causa pasa de Comodoro Py a la justicia federal de Tigre<\/td><\/tr><\/tbody><\/table><\/figure>\n","protected":false},"excerpt":{"rendered":"<p>El juez federal Sebasti\u00e1n Casanello dict\u00f3 el procesamiento de Ariel De Vincentis, jefe de seguridad de Nordelta y ex agente de la Polic\u00eda Federal, acusado [&hellip;]<\/p>\n","protected":false},"author":1,"featured_media":17743,"comment_status":"open","ping_status":"open","sticky":false,"template":"","format":"standard","meta":{"footnotes":""},"categories":[235],"tags":[],"class_list":["post-17742","post","type-post","status-publish","format-standard","has-post-thumbnail","hentry","category-judiciales"],"better_featured_image":{"id":17743,"alt_text":"","caption":"","description":"","media_type":"image","media_details":{"width":621,"height":369,"file":"2025\/09\/jonathankovalivker33.png","filesize":315154,"sizes":{"medium":{"file":"jonathankovalivker33-300x178.png","width":300,"height":178,"mime-type":"image\/png","filesize":41662,"source_url":"https:\/\/nuevodigitaldeescobar.com.ar\/wp-content\/uploads\/2025\/09\/jonathankovalivker33-300x178.png"},"thumbnail":{"file":"jonathankovalivker33-150x150.png","width":150,"height":150,"mime-type":"image\/png","filesize":20559,"source_url":"https:\/\/nuevodigitaldeescobar.com.ar\/wp-content\/uploads\/2025\/09\/jonathankovalivker33-150x150.png"}},"image_meta":{"aperture":"0","credit":"","camera":"","caption":"","created_timestamp":"0","copyright":"","focal_length":"0","iso":"0","shutter_speed":"0","title":"","orientation":"0","keywords":[]}},"post":17742,"source_url":"https:\/\/nuevodigitaldeescobar.com.ar\/wp-content\/uploads\/2025\/09\/jonathankovalivker33.png"},"yoast_head":"<!-- This site is optimized with the Yoast SEO plugin v26.1.1 - https:\/\/yoast.com\/wordpress\/plugins\/seo\/ -->\n<title>Procesaron al jefe de seguridad de Nordelta por encubrimiento en el caso Suizo Argentina - Nuevo Digital de Escobar<\/title>\n<meta name=\"robots\" content=\"index, follow, max-snippet:-1, max-image-preview:large, max-video-preview:-1\" \/>\n<link rel=\"canonical\" href=\"https:\/\/nuevodigitaldeescobar.com.ar\/?p=17742\" \/>\n<meta property=\"og:locale\" content=\"es_ES\" \/>\n<meta property=\"og:type\" content=\"article\" \/>\n<meta property=\"og:title\" content=\"Procesaron al jefe de seguridad de Nordelta por encubrimiento en el caso Suizo Argentina - Nuevo Digital de Escobar\" \/>\n<meta property=\"og:description\" content=\"El juez federal Sebasti\u00e1n Casanello dict\u00f3 el procesamiento de Ariel De Vincentis, jefe de seguridad de Nordelta y ex agente de la Polic\u00eda Federal, acusado [&hellip;]\" \/>\n<meta property=\"og:url\" content=\"https:\/\/nuevodigitaldeescobar.com.ar\/?p=17742\" \/>\n<meta property=\"og:site_name\" content=\"Nuevo Digital de Escobar\" \/>\n<meta property=\"article:publisher\" content=\"https:\/\/www.facebook.com\/NUEVODigitalDeEscobar\" \/>\n<meta property=\"article:published_time\" content=\"2025-09-02T08:56:00+00:00\" \/>\n<meta property=\"og:image\" content=\"https:\/\/nuevodigitaldeescobar.com.ar\/wp-content\/uploads\/2025\/09\/jonathankovalivker33.png\" \/>\n\t<meta property=\"og:image:width\" content=\"621\" \/>\n\t<meta property=\"og:image:height\" content=\"369\" \/>\n\t<meta property=\"og:image:type\" content=\"image\/png\" \/>\n<meta name=\"author\" content=\"Redacci\u00f3n\" \/>\n<meta name=\"twitter:card\" content=\"summary_large_image\" \/>\n<meta name=\"twitter:creator\" content=\"@nuevodigescobar\" \/>\n<meta name=\"twitter:site\" content=\"@nuevodigescobar\" \/>\n<meta name=\"twitter:label1\" content=\"Escrito por\" \/>\n\t<meta name=\"twitter:data1\" content=\"Redacci\u00f3n\" \/>\n\t<meta name=\"twitter:label2\" content=\"Tiempo de lectura\" \/>\n\t<meta name=\"twitter:data2\" content=\"2 minutos\" \/>\n<script type=\"application\/ld+json\" class=\"yoast-schema-graph\">{\"@context\":\"https:\/\/schema.org\",\"@graph\":[{\"@type\":\"Article\",\"@id\":\"https:\/\/nuevodigitaldeescobar.com.ar\/?p=17742#article\",\"isPartOf\":{\"@id\":\"https:\/\/nuevodigitaldeescobar.com.ar\/?p=17742\"},\"author\":{\"name\":\"Redacci\u00f3n\",\"@id\":\"https:\/\/nuevodigitaldeescobar.com.ar\/#\/schema\/person\/035e90a8efe9a80e6eec22656ad6ea4c\"},\"headline\":\"Procesaron al jefe de seguridad de Nordelta por encubrimiento en el caso Suizo Argentina\",\"datePublished\":\"2025-09-02T08:56:00+00:00\",\"mainEntityOfPage\":{\"@id\":\"https:\/\/nuevodigitaldeescobar.com.ar\/?p=17742\"},\"wordCount\":400,\"commentCount\":0,\"publisher\":{\"@id\":\"https:\/\/nuevodigitaldeescobar.com.ar\/#organization\"},\"image\":{\"@id\":\"https:\/\/nuevodigitaldeescobar.com.ar\/?p=17742#primaryimage\"},\"thumbnailUrl\":\"https:\/\/nuevodigitaldeescobar.com.ar\/wp-content\/uploads\/2025\/09\/jonathankovalivker33.png\",\"articleSection\":[\"Judiciales\"],\"inLanguage\":\"es\",\"potentialAction\":[{\"@type\":\"CommentAction\",\"name\":\"Comment\",\"target\":[\"https:\/\/nuevodigitaldeescobar.com.ar\/?p=17742#respond\"]}]},{\"@type\":\"WebPage\",\"@id\":\"https:\/\/nuevodigitaldeescobar.com.ar\/?p=17742\",\"url\":\"https:\/\/nuevodigitaldeescobar.com.ar\/?p=17742\",\"name\":\"Procesaron al jefe de seguridad de Nordelta por encubrimiento en el caso Suizo Argentina - Nuevo Digital de Escobar\",\"isPartOf\":{\"@id\":\"https:\/\/nuevodigitaldeescobar.com.ar\/#website\"},\"primaryImageOfPage\":{\"@id\":\"https:\/\/nuevodigitaldeescobar.com.ar\/?p=17742#primaryimage\"},\"image\":{\"@id\":\"https:\/\/nuevodigitaldeescobar.com.ar\/?p=17742#primaryimage\"},\"thumbnailUrl\":\"https:\/\/nuevodigitaldeescobar.com.ar\/wp-content\/uploads\/2025\/09\/jonathankovalivker33.png\",\"datePublished\":\"2025-09-02T08:56:00+00:00\",\"breadcrumb\":{\"@id\":\"https:\/\/nuevodigitaldeescobar.com.ar\/?p=17742#breadcrumb\"},\"inLanguage\":\"es\",\"potentialAction\":[{\"@type\":\"ReadAction\",\"target\":[\"https:\/\/nuevodigitaldeescobar.com.ar\/?p=17742\"]}]},{\"@type\":\"ImageObject\",\"inLanguage\":\"es\",\"@id\":\"https:\/\/nuevodigitaldeescobar.com.ar\/?p=17742#primaryimage\",\"url\":\"https:\/\/nuevodigitaldeescobar.com.ar\/wp-content\/uploads\/2025\/09\/jonathankovalivker33.png\",\"contentUrl\":\"https:\/\/nuevodigitaldeescobar.com.ar\/wp-content\/uploads\/2025\/09\/jonathankovalivker33.png\",\"width\":621,\"height\":369},{\"@type\":\"BreadcrumbList\",\"@id\":\"https:\/\/nuevodigitaldeescobar.com.ar\/?p=17742#breadcrumb\",\"itemListElement\":[{\"@type\":\"ListItem\",\"position\":1,\"name\":\"Portada\",\"item\":\"https:\/\/nuevodigitaldeescobar.com.ar\/\"},{\"@type\":\"ListItem\",\"position\":2,\"name\":\"Procesaron al jefe de seguridad de Nordelta por encubrimiento en el caso Suizo Argentina\"}]},{\"@type\":\"WebSite\",\"@id\":\"https:\/\/nuevodigitaldeescobar.com.ar\/#website\",\"url\":\"https:\/\/nuevodigitaldeescobar.com.ar\/\",\"name\":\"Nuevo Digital de Escobar\",\"description\":\"La vida escobarense. Directora: Rosana Brunner\",\"publisher\":{\"@id\":\"https:\/\/nuevodigitaldeescobar.com.ar\/#organization\"},\"potentialAction\":[{\"@type\":\"SearchAction\",\"target\":{\"@type\":\"EntryPoint\",\"urlTemplate\":\"https:\/\/nuevodigitaldeescobar.com.ar\/?s={search_term_string}\"},\"query-input\":{\"@type\":\"PropertyValueSpecification\",\"valueRequired\":true,\"valueName\":\"search_term_string\"}}],\"inLanguage\":\"es\"},{\"@type\":\"Organization\",\"@id\":\"https:\/\/nuevodigitaldeescobar.com.ar\/#organization\",\"name\":\"Nuevo Digital de Escobar\",\"url\":\"https:\/\/nuevodigitaldeescobar.com.ar\/\",\"logo\":{\"@type\":\"ImageObject\",\"inLanguage\":\"es\",\"@id\":\"https:\/\/nuevodigitaldeescobar.com.ar\/#\/schema\/logo\/image\/\",\"url\":\"https:\/\/nuevodigitaldeescobar.com.ar\/wp-content\/uploads\/2025\/05\/cropped-logo-nuevo2.jpg\",\"contentUrl\":\"https:\/\/nuevodigitaldeescobar.com.ar\/wp-content\/uploads\/2025\/05\/cropped-logo-nuevo2.jpg\",\"width\":305,\"height\":305,\"caption\":\"Nuevo Digital de Escobar\"},\"image\":{\"@id\":\"https:\/\/nuevodigitaldeescobar.com.ar\/#\/schema\/logo\/image\/\"},\"sameAs\":[\"https:\/\/www.facebook.com\/NUEVODigitalDeEscobar\",\"https:\/\/x.com\/nuevodigescobar\",\"https:\/\/www.instagram.com\/nuevodigitaldeescobar\"]},{\"@type\":\"Person\",\"@id\":\"https:\/\/nuevodigitaldeescobar.com.ar\/#\/schema\/person\/035e90a8efe9a80e6eec22656ad6ea4c\",\"name\":\"Redacci\u00f3n\",\"image\":{\"@type\":\"ImageObject\",\"inLanguage\":\"es\",\"@id\":\"https:\/\/nuevodigitaldeescobar.com.ar\/#\/schema\/person\/image\/\",\"url\":\"https:\/\/secure.gravatar.com\/avatar\/8af8f40000c24e9eef3034f2be5998a372bb1389e64b1a4a36b3a7979142220d?s=96&d=mm&r=g\",\"contentUrl\":\"https:\/\/secure.gravatar.com\/avatar\/8af8f40000c24e9eef3034f2be5998a372bb1389e64b1a4a36b3a7979142220d?s=96&d=mm&r=g\",\"caption\":\"Redacci\u00f3n\"},\"sameAs\":[\"http:\/\/nuevodigitaldeescobar.com.ar\"],\"url\":\"https:\/\/nuevodigitaldeescobar.com.ar\/?author=1\"}]}<\/script>\n<!-- \/ Yoast SEO plugin. -->","yoast_head_json":{"title":"Procesaron al jefe de seguridad de Nordelta por encubrimiento en el caso Suizo Argentina - Nuevo Digital de Escobar","robots":{"index":"index","follow":"follow","max-snippet":"max-snippet:-1","max-image-preview":"max-image-preview:large","max-video-preview":"max-video-preview:-1"},"canonical":"https:\/\/nuevodigitaldeescobar.com.ar\/?p=17742","og_locale":"es_ES","og_type":"article","og_title":"Procesaron al jefe de seguridad de Nordelta por encubrimiento en el caso Suizo Argentina - Nuevo Digital de Escobar","og_description":"El juez federal Sebasti\u00e1n Casanello dict\u00f3 el procesamiento de Ariel De Vincentis, jefe de seguridad de Nordelta y ex agente de la Polic\u00eda Federal, acusado [&hellip;]","og_url":"https:\/\/nuevodigitaldeescobar.com.ar\/?p=17742","og_site_name":"Nuevo Digital de Escobar","article_publisher":"https:\/\/www.facebook.com\/NUEVODigitalDeEscobar","article_published_time":"2025-09-02T08:56:00+00:00","og_image":[{"width":621,"height":369,"url":"https:\/\/nuevodigitaldeescobar.com.ar\/wp-content\/uploads\/2025\/09\/jonathankovalivker33.png","type":"image\/png"}],"author":"Redacci\u00f3n","twitter_card":"summary_large_image","twitter_creator":"@nuevodigescobar","twitter_site":"@nuevodigescobar","twitter_misc":{"Escrito por":"Redacci\u00f3n","Tiempo de lectura":"2 minutos"},"schema":{"@context":"https:\/\/schema.org","@graph":[{"@type":"Article","@id":"https:\/\/nuevodigitaldeescobar.com.ar\/?p=17742#article","isPartOf":{"@id":"https:\/\/nuevodigitaldeescobar.com.ar\/?p=17742"},"author":{"name":"Redacci\u00f3n","@id":"https:\/\/nuevodigitaldeescobar.com.ar\/#\/schema\/person\/035e90a8efe9a80e6eec22656ad6ea4c"},"headline":"Procesaron al jefe de seguridad de Nordelta por encubrimiento en el caso Suizo Argentina","datePublished":"2025-09-02T08:56:00+00:00","mainEntityOfPage":{"@id":"https:\/\/nuevodigitaldeescobar.com.ar\/?p=17742"},"wordCount":400,"commentCount":0,"publisher":{"@id":"https:\/\/nuevodigitaldeescobar.com.ar\/#organization"},"image":{"@id":"https:\/\/nuevodigitaldeescobar.com.ar\/?p=17742#primaryimage"},"thumbnailUrl":"https:\/\/nuevodigitaldeescobar.com.ar\/wp-content\/uploads\/2025\/09\/jonathankovalivker33.png","articleSection":["Judiciales"],"inLanguage":"es","potentialAction":[{"@type":"CommentAction","name":"Comment","target":["https:\/\/nuevodigitaldeescobar.com.ar\/?p=17742#respond"]}]},{"@type":"WebPage","@id":"https:\/\/nuevodigitaldeescobar.com.ar\/?p=17742","url":"https:\/\/nuevodigitaldeescobar.com.ar\/?p=17742","name":"Procesaron al jefe de seguridad de Nordelta por encubrimiento en el caso Suizo Argentina - Nuevo Digital de Escobar","isPartOf":{"@id":"https:\/\/nuevodigitaldeescobar.com.ar\/#website"},"primaryImageOfPage":{"@id":"https:\/\/nuevodigitaldeescobar.com.ar\/?p=17742#primaryimage"},"image":{"@id":"https:\/\/nuevodigitaldeescobar.com.ar\/?p=17742#primaryimage"},"thumbnailUrl":"https:\/\/nuevodigitaldeescobar.com.ar\/wp-content\/uploads\/2025\/09\/jonathankovalivker33.png","datePublished":"2025-09-02T08:56:00+00:00","breadcrumb":{"@id":"https:\/\/nuevodigitaldeescobar.com.ar\/?p=17742#breadcrumb"},"inLanguage":"es","potentialAction":[{"@type":"ReadAction","target":["https:\/\/nuevodigitaldeescobar.com.ar\/?p=17742"]}]},{"@type":"ImageObject","inLanguage":"es","@id":"https:\/\/nuevodigitaldeescobar.com.ar\/?p=17742#primaryimage","url":"https:\/\/nuevodigitaldeescobar.com.ar\/wp-content\/uploads\/2025\/09\/jonathankovalivker33.png","contentUrl":"https:\/\/nuevodigitaldeescobar.com.ar\/wp-content\/uploads\/2025\/09\/jonathankovalivker33.png","width":621,"height":369},{"@type":"BreadcrumbList","@id":"https:\/\/nuevodigitaldeescobar.com.ar\/?p=17742#breadcrumb","itemListElement":[{"@type":"ListItem","position":1,"name":"Portada","item":"https:\/\/nuevodigitaldeescobar.com.ar\/"},{"@type":"ListItem","position":2,"name":"Procesaron al jefe de seguridad de Nordelta por encubrimiento en el caso Suizo Argentina"}]},{"@type":"WebSite","@id":"https:\/\/nuevodigitaldeescobar.com.ar\/#website","url":"https:\/\/nuevodigitaldeescobar.com.ar\/","name":"Nuevo Digital de Escobar","description":"La vida escobarense. Directora: Rosana Brunner","publisher":{"@id":"https:\/\/nuevodigitaldeescobar.com.ar\/#organization"},"potentialAction":[{"@type":"SearchAction","target":{"@type":"EntryPoint","urlTemplate":"https:\/\/nuevodigitaldeescobar.com.ar\/?s={search_term_string}"},"query-input":{"@type":"PropertyValueSpecification","valueRequired":true,"valueName":"search_term_string"}}],"inLanguage":"es"},{"@type":"Organization","@id":"https:\/\/nuevodigitaldeescobar.com.ar\/#organization","name":"Nuevo Digital de Escobar","url":"https:\/\/nuevodigitaldeescobar.com.ar\/","logo":{"@type":"ImageObject","inLanguage":"es","@id":"https:\/\/nuevodigitaldeescobar.com.ar\/#\/schema\/logo\/image\/","url":"https:\/\/nuevodigitaldeescobar.com.ar\/wp-content\/uploads\/2025\/05\/cropped-logo-nuevo2.jpg","contentUrl":"https:\/\/nuevodigitaldeescobar.com.ar\/wp-content\/uploads\/2025\/05\/cropped-logo-nuevo2.jpg","width":305,"height":305,"caption":"Nuevo Digital de Escobar"},"image":{"@id":"https:\/\/nuevodigitaldeescobar.com.ar\/#\/schema\/logo\/image\/"},"sameAs":["https:\/\/www.facebook.com\/NUEVODigitalDeEscobar","https:\/\/x.com\/nuevodigescobar","https:\/\/www.instagram.com\/nuevodigitaldeescobar"]},{"@type":"Person","@id":"https:\/\/nuevodigitaldeescobar.com.ar\/#\/schema\/person\/035e90a8efe9a80e6eec22656ad6ea4c","name":"Redacci\u00f3n","image":{"@type":"ImageObject","inLanguage":"es","@id":"https:\/\/nuevodigitaldeescobar.com.ar\/#\/schema\/person\/image\/","url":"https:\/\/secure.gravatar.com\/avatar\/8af8f40000c24e9eef3034f2be5998a372bb1389e64b1a4a36b3a7979142220d?s=96&d=mm&r=g","contentUrl":"https:\/\/secure.gravatar.com\/avatar\/8af8f40000c24e9eef3034f2be5998a372bb1389e64b1a4a36b3a7979142220d?s=96&d=mm&r=g","caption":"Redacci\u00f3n"},"sameAs":["http:\/\/nuevodigitaldeescobar.com.ar"],"url":"https:\/\/nuevodigitaldeescobar.com.ar\/?author=1"}]}},"featured_image_urls":{"full":["https:\/\/nuevodigitaldeescobar.com.ar\/wp-content\/uploads\/2025\/09\/jonathankovalivker33.png",621,369,false],"thumbnail":["https:\/\/nuevodigitaldeescobar.com.ar\/wp-content\/uploads\/2025\/09\/jonathankovalivker33-150x150.png",150,150,true],"medium":["https:\/\/nuevodigitaldeescobar.com.ar\/wp-content\/uploads\/2025\/09\/jonathankovalivker33-300x178.png",300,178,true],"medium_large":["https:\/\/nuevodigitaldeescobar.com.ar\/wp-content\/uploads\/2025\/09\/jonathankovalivker33.png",621,369,false],"large":["https:\/\/nuevodigitaldeescobar.com.ar\/wp-content\/uploads\/2025\/09\/jonathankovalivker33.png",621,369,false],"1536x1536":["https:\/\/nuevodigitaldeescobar.com.ar\/wp-content\/uploads\/2025\/09\/jonathankovalivker33.png",621,369,false],"2048x2048":["https:\/\/nuevodigitaldeescobar.com.ar\/wp-content\/uploads\/2025\/09\/jonathankovalivker33.png",621,369,false]},"author_info":{"display_name":"Redacci\u00f3n","author_link":"https:\/\/nuevodigitaldeescobar.com.ar\/?author=1"},"category_info":"<a href=\"https:\/\/nuevodigitaldeescobar.com.ar\/?cat=235\" rel=\"category\">Judiciales<\/a>","tag_info":"Judiciales","comment_count":"0","_links":{"self":[{"href":"https:\/\/nuevodigitaldeescobar.com.ar\/index.php?rest_route=\/wp\/v2\/posts\/17742","targetHints":{"allow":["GET"]}}],"collection":[{"href":"https:\/\/nuevodigitaldeescobar.com.ar\/index.php?rest_route=\/wp\/v2\/posts"}],"about":[{"href":"https:\/\/nuevodigitaldeescobar.com.ar\/index.php?rest_route=\/wp\/v2\/types\/post"}],"author":[{"embeddable":true,"href":"https:\/\/nuevodigitaldeescobar.com.ar\/index.php?rest_route=\/wp\/v2\/users\/1"}],"replies":[{"embeddable":true,"href":"https:\/\/nuevodigitaldeescobar.com.ar\/index.php?rest_route=%2Fwp%2Fv2%2Fcomments&post=17742"}],"version-history":[{"count":1,"href":"https:\/\/nuevodigitaldeescobar.com.ar\/index.php?rest_route=\/wp\/v2\/posts\/17742\/revisions"}],"predecessor-version":[{"id":17744,"href":"https:\/\/nuevodigitaldeescobar.com.ar\/index.php?rest_route=\/wp\/v2\/posts\/17742\/revisions\/17744"}],"wp:featuredmedia":[{"embeddable":true,"href":"https:\/\/nuevodigitaldeescobar.com.ar\/index.php?rest_route=\/wp\/v2\/media\/17743"}],"wp:attachment":[{"href":"https:\/\/nuevodigitaldeescobar.com.ar\/index.php?rest_route=%2Fwp%2Fv2%2Fmedia&parent=17742"}],"wp:term":[{"taxonomy":"category","embeddable":true,"href":"https:\/\/nuevodigitaldeescobar.com.ar\/index.php?rest_route=%2Fwp%2Fv2%2Fcategories&post=17742"},{"taxonomy":"post_tag","embeddable":true,"href":"https:\/\/nuevodigitaldeescobar.com.ar\/index.php?rest_route=%2Fwp%2Fv2%2Ftags&post=17742"}],"curies":[{"name":"wp","href":"https:\/\/api.w.org\/{rel}","templated":true}]}}