{"id":17761,"date":"2025-09-02T11:20:20","date_gmt":"2025-09-02T14:20:20","guid":{"rendered":"https:\/\/nuevodigitaldeescobar.com.ar\/?p=17761"},"modified":"2025-09-02T11:20:20","modified_gmt":"2025-09-02T14:20:20","slug":"audiencia-clave-independiente-y-la-u-de-chile-exponen-sus-descargos-ante-conmebol","status":"publish","type":"post","link":"https:\/\/nuevodigitaldeescobar.com.ar\/?p=17761","title":{"rendered":"Audiencia clave: Independiente y la U de Chile exponen sus descargos ante CONMEBOL"},"content":{"rendered":"<p>A casi dos semanas desde los incidentes, \u00a0<strong>el caso de\u00a0<a href=\"https:\/\/derechadiario.com.ar\/deportes\/le-dieron-derecho-admision-uno-los-referentes-barra-independiente\" title=\"Le dieron derecho de admisi\u00f3n a uno de los referentes de la barra de Independiente\"><u>Independiente<\/u><\/a> y la <a href=\"https:\/\/derechadiario.com.ar\/deportes\/salio-hablar-hincha-u-que-cayo-al-vacio-estoy-evolucionando-super-bien\" title=\"Sali\u00f3 a hablar el hincha de la U que cay\u00f3 al vac\u00edo: 'Estoy evolucionando s\u00faper bien'\"><u>Universidad de Chile<\/u><\/a> entra en una etapa decisiva<\/strong>. La CONMEBOL cancel\u00f3 el partido revancha de octavos de final que se disputaba en el Estadio Libertadores de Am\u00e9rica por los graves incidentes entre hinchas de ambos equipos, y <strong>este martes se desarrollar\u00e1 una audiencia clave para definir c\u00f3mo continuar\u00e1 la serie<\/strong>.<\/p>\n<p><strong>La cita ser\u00e1 desde las 15.30 en la sede de Luque<\/strong>, donde representantes de ambos clubes expondr\u00e1n ante la <strong>Comisi\u00f3n Disciplinaria<\/strong> integrada por el paraguayo <strong>Eduardo Gross Brown<\/strong>, la venezolana <strong>Amarilis Belisario<\/strong> y el brasile\u00f1o <strong>Lucas Ribeiro<\/strong>, y tendr\u00e1 una <strong>duraci\u00f3n m\u00e1xima de tres horas<\/strong>. <strong>No participar\u00e1n el chileno Crist\u00f3bal Vald\u00e9s ni el argentino Jorge Ignacio Moreno<\/strong>, para evitar sospechas de parcialidad.<\/p>\n<p>Desde aquella noche para el olvido, los presidentes <strong><a href=\"https:\/\/derechadiario.com.ar\/deportes\/grindetti-denuncio-amenazas-contra-y-su-familia-por-episodio-con-u-chile\" title=\"Grindetti denunci\u00f3 amenazas contra \u00e9l y su familia por el episodio con la U de Chile\"><u>N\u00e9stor Grindetti<\/u><\/a><\/strong>\u00a0 (Independiente) y <strong>Michael Clark<\/strong> (Universidad de Chile) <strong>intercambiaron acusaciones sobre las responsabilidades,<\/strong> l\u00ednea que tambi\u00e9n mantuvieron en informes y comunicados posteriores.<\/p>\n<div class=\"inter_image image_horizontal\">\n<img decoding=\"async\" src=\"https:\/\/derechadiario.com.ar\/filesedc\/uploads\/image\/post\/2025\/09\/3-5-1756822484370_1200_800.webp\" class=\"img-responsive lazyload\" alt=\"Dos hombres en conferencias de prensa deportivas, uno con chaqueta de Independiente y el otro con camisa clara frente a un fondo azul\" title=\"Dos hombres en conferencias de prensa deportivas, uno con chaqueta de Independiente y el otro con camisa clara frente a un fondo azul\" \/>\n<div>\n<span class=\"img_footer\">Grindetti y Clark se echaban la culpa uno a otro <\/span>| <span class=\"img_author\">La Derecha Diario<\/span>\n<\/div>\n<\/div>\n<p>La delegaci\u00f3n de Independiente en Paraguay est\u00e1 encabezada por Grindetti, acompa\u00f1ado por el vicepresidente <strong>Carlos Monta\u00f1a<\/strong>, el secretario general <strong>Daniel Seoane<\/strong>, el abogado del club <strong>Maximiliano Walker<\/strong> y el especialista en derecho deportivo <strong>Ariel Reck<\/strong>. El <strong>objetivo principal<\/strong>, aunque dif\u00edcil de concretar, es \u00a0<strong>que se jueguen los 45 minutos restantes del encuentro suspendido<\/strong>.<\/p>\n<h2><strong>Los argumentos de cada club<\/strong><\/h2>\n<p>Del lado argentino, <strong>Independiente sostendr\u00e1 que los incidentes fueron iniciados por hinchas chilenos<\/strong>, que la recomendaci\u00f3n de CONMEBOL de no vender entradas bajo la tribuna visitante lleg\u00f3 <strong>solo 24 horas antes del partido<\/strong>, y que ser\u00eda un \u00ab<strong><em>p\u00e9simo precedente<\/em><\/strong>\u00bb favorecer al equipo cuyos hinchas generaron violencia en una serie a\u00fan abierta.<\/p>\n<aside class=\"whatsappChannelText\"><a href=\"https:\/\/whatsapp.com\/channel\/0029VagEjILGE56eKjedWF2U\" rel=\"nofollow\" title=\"WhatsApp Link\"><img alt=\"Logo de WhatsApp\" class=\"lazyload\" data-src=\"\/filesedc\/uploads\/other\/whatsapp_icon_mid_article.png\" width=\"32\" height=\"32\" \/><\/a> <a href=\"https:\/\/whatsapp.com\/channel\/0029VagEjILGE56eKjedWF2U\" rel=\"nofollow\" title=\"WhatsApp Link\"><strong>NO SE PIERDAN NINGUNA NOTICIA<\/strong>: Click aqu\u00ed para sumarte <strong>GRATIS<\/strong> al canal de noticias de <strong>La Derecha Diario en WhatsApp.<\/strong><\/a><\/aside>\n<p>Por su parte, <strong>Universidad de Chile aceptar\u00e1 la responsabilidad sobre sus simpatizantes<\/strong>, aunque remarcar\u00e1 que se trat\u00f3 de un \u00ab<strong><em>grupo min\u00fasculo<\/em><\/strong>\u00bb en un pa\u00eds extranjero. Adem\u00e1s, argumentar\u00e1 que <strong>hinchas de Independiente y la propia polic\u00eda provocaron la reacci\u00f3n<\/strong>, y que l<strong>a seguridad era responsabilidad del club local<\/strong>, algo que no se garantiz\u00f3.<\/p>","protected":false},"excerpt":{"rendered":"<p>A casi dos semanas desde los incidentes, \u00a0el caso de\u00a0Independiente y la Universidad de Chile entra en una etapa decisiva. La CONMEBOL cancel\u00f3 el partido [&hellip;]<\/p>\n","protected":false},"author":1,"featured_media":17762,"comment_status":"open","ping_status":"open","sticky":false,"template":"","format":"standard","meta":{"footnotes":""},"categories":[8],"tags":[],"class_list":["post-17761","post","type-post","status-publish","format-standard","has-post-thumbnail","hentry","category-deportes"],"better_featured_image":{"id":17762,"alt_text":"","caption":"","description":"","media_type":"image","media_details":{"width":1600,"height":1067,"file":"2025\/09\/conmebol-1536x864_1600_1067-GvJ8Vd.jpg","filesize":92883,"sizes":{"medium":{"file":"conmebol-1536x864_1600_1067-GvJ8Vd-300x200.jpg","width":300,"height":200,"mime-type":"image\/jpeg","filesize":10691,"source_url":"https:\/\/nuevodigitaldeescobar.com.ar\/wp-content\/uploads\/2025\/09\/conmebol-1536x864_1600_1067-GvJ8Vd-300x200.jpg"},"large":{"file":"conmebol-1536x864_1600_1067-GvJ8Vd-1024x683.jpg","width":1024,"height":683,"mime-type":"image\/jpeg","filesize":71052,"source_url":"https:\/\/nuevodigitaldeescobar.com.ar\/wp-content\/uploads\/2025\/09\/conmebol-1536x864_1600_1067-GvJ8Vd-1024x683.jpg"},"thumbnail":{"file":"conmebol-1536x864_1600_1067-GvJ8Vd-150x150.jpg","width":150,"height":150,"mime-type":"image\/jpeg","filesize":5026,"source_url":"https:\/\/nuevodigitaldeescobar.com.ar\/wp-content\/uploads\/2025\/09\/conmebol-1536x864_1600_1067-GvJ8Vd-150x150.jpg"},"medium_large":{"file":"conmebol-1536x864_1600_1067-GvJ8Vd-768x512.jpg","width":768,"height":512,"mime-type":"image\/jpeg","filesize":45849,"source_url":"https:\/\/nuevodigitaldeescobar.com.ar\/wp-content\/uploads\/2025\/09\/conmebol-1536x864_1600_1067-GvJ8Vd-768x512.jpg"},"1536x1536":{"file":"conmebol-1536x864_1600_1067-GvJ8Vd-1536x1024.jpg","width":1536,"height":1024,"mime-type":"image\/jpeg","filesize":129221,"source_url":"https:\/\/nuevodigitaldeescobar.com.ar\/wp-content\/uploads\/2025\/09\/conmebol-1536x864_1600_1067-GvJ8Vd-1536x1024.jpg"}},"image_meta":{"aperture":"0","credit":"","camera":"","caption":"","created_timestamp":"0","copyright":"","focal_length":"0","iso":"0","shutter_speed":"0","title":"","orientation":"0","keywords":[]}},"post":17761,"source_url":"https:\/\/nuevodigitaldeescobar.com.ar\/wp-content\/uploads\/2025\/09\/conmebol-1536x864_1600_1067-GvJ8Vd.jpg"},"yoast_head":"<!-- This site is optimized with the Yoast SEO plugin v26.1.1 - https:\/\/yoast.com\/wordpress\/plugins\/seo\/ -->\n<title>Audiencia clave: Independiente y la U de Chile exponen sus descargos ante CONMEBOL - Nuevo Digital de Escobar<\/title>\n<meta name=\"robots\" content=\"index, follow, max-snippet:-1, max-image-preview:large, max-video-preview:-1\" \/>\n<link rel=\"canonical\" href=\"https:\/\/nuevodigitaldeescobar.com.ar\/?p=17761\" \/>\n<meta property=\"og:locale\" content=\"es_ES\" \/>\n<meta property=\"og:type\" content=\"article\" \/>\n<meta property=\"og:title\" content=\"Audiencia clave: Independiente y la U de Chile exponen sus descargos ante CONMEBOL - Nuevo Digital de Escobar\" \/>\n<meta property=\"og:description\" content=\"A casi dos semanas desde los incidentes, \u00a0el caso de\u00a0Independiente y la Universidad de Chile entra en una etapa decisiva. La CONMEBOL cancel\u00f3 el partido [&hellip;]\" \/>\n<meta property=\"og:url\" content=\"https:\/\/nuevodigitaldeescobar.com.ar\/?p=17761\" \/>\n<meta property=\"og:site_name\" content=\"Nuevo Digital de Escobar\" \/>\n<meta property=\"article:publisher\" content=\"https:\/\/www.facebook.com\/NUEVODigitalDeEscobar\" \/>\n<meta property=\"article:published_time\" content=\"2025-09-02T14:20:20+00:00\" \/>\n<meta property=\"og:image\" content=\"https:\/\/derechadiario.com.ar\/filesedc\/uploads\/image\/post\/2025\/09\/3-5-1756822484370_1200_800.webp\" \/>\n<meta name=\"author\" content=\"Redacci\u00f3n\" \/>\n<meta name=\"twitter:card\" content=\"summary_large_image\" \/>\n<meta name=\"twitter:creator\" content=\"@nuevodigescobar\" \/>\n<meta name=\"twitter:site\" content=\"@nuevodigescobar\" \/>\n<meta name=\"twitter:label1\" content=\"Escrito por\" \/>\n\t<meta name=\"twitter:data1\" content=\"Redacci\u00f3n\" \/>\n\t<meta name=\"twitter:label2\" content=\"Tiempo de lectura\" \/>\n\t<meta name=\"twitter:data2\" content=\"2 minutos\" \/>\n<script type=\"application\/ld+json\" class=\"yoast-schema-graph\">{\"@context\":\"https:\/\/schema.org\",\"@graph\":[{\"@type\":\"Article\",\"@id\":\"https:\/\/nuevodigitaldeescobar.com.ar\/?p=17761#article\",\"isPartOf\":{\"@id\":\"https:\/\/nuevodigitaldeescobar.com.ar\/?p=17761\"},\"author\":{\"name\":\"Redacci\u00f3n\",\"@id\":\"https:\/\/nuevodigitaldeescobar.com.ar\/#\/schema\/person\/035e90a8efe9a80e6eec22656ad6ea4c\"},\"headline\":\"Audiencia clave: Independiente y la U de Chile exponen sus descargos ante CONMEBOL\",\"datePublished\":\"2025-09-02T14:20:20+00:00\",\"mainEntityOfPage\":{\"@id\":\"https:\/\/nuevodigitaldeescobar.com.ar\/?p=17761\"},\"wordCount\":386,\"commentCount\":0,\"publisher\":{\"@id\":\"https:\/\/nuevodigitaldeescobar.com.ar\/#organization\"},\"image\":{\"@id\":\"https:\/\/nuevodigitaldeescobar.com.ar\/?p=17761#primaryimage\"},\"thumbnailUrl\":\"https:\/\/nuevodigitaldeescobar.com.ar\/wp-content\/uploads\/2025\/09\/conmebol-1536x864_1600_1067-GvJ8Vd.jpg\",\"articleSection\":[\"Deportes\"],\"inLanguage\":\"es\",\"potentialAction\":[{\"@type\":\"CommentAction\",\"name\":\"Comment\",\"target\":[\"https:\/\/nuevodigitaldeescobar.com.ar\/?p=17761#respond\"]}]},{\"@type\":\"WebPage\",\"@id\":\"https:\/\/nuevodigitaldeescobar.com.ar\/?p=17761\",\"url\":\"https:\/\/nuevodigitaldeescobar.com.ar\/?p=17761\",\"name\":\"Audiencia clave: Independiente y la U de Chile exponen sus descargos ante CONMEBOL - Nuevo Digital de Escobar\",\"isPartOf\":{\"@id\":\"https:\/\/nuevodigitaldeescobar.com.ar\/#website\"},\"primaryImageOfPage\":{\"@id\":\"https:\/\/nuevodigitaldeescobar.com.ar\/?p=17761#primaryimage\"},\"image\":{\"@id\":\"https:\/\/nuevodigitaldeescobar.com.ar\/?p=17761#primaryimage\"},\"thumbnailUrl\":\"https:\/\/nuevodigitaldeescobar.com.ar\/wp-content\/uploads\/2025\/09\/conmebol-1536x864_1600_1067-GvJ8Vd.jpg\",\"datePublished\":\"2025-09-02T14:20:20+00:00\",\"breadcrumb\":{\"@id\":\"https:\/\/nuevodigitaldeescobar.com.ar\/?p=17761#breadcrumb\"},\"inLanguage\":\"es\",\"potentialAction\":[{\"@type\":\"ReadAction\",\"target\":[\"https:\/\/nuevodigitaldeescobar.com.ar\/?p=17761\"]}]},{\"@type\":\"ImageObject\",\"inLanguage\":\"es\",\"@id\":\"https:\/\/nuevodigitaldeescobar.com.ar\/?p=17761#primaryimage\",\"url\":\"https:\/\/nuevodigitaldeescobar.com.ar\/wp-content\/uploads\/2025\/09\/conmebol-1536x864_1600_1067-GvJ8Vd.jpg\",\"contentUrl\":\"https:\/\/nuevodigitaldeescobar.com.ar\/wp-content\/uploads\/2025\/09\/conmebol-1536x864_1600_1067-GvJ8Vd.jpg\",\"width\":1600,\"height\":1067},{\"@type\":\"BreadcrumbList\",\"@id\":\"https:\/\/nuevodigitaldeescobar.com.ar\/?p=17761#breadcrumb\",\"itemListElement\":[{\"@type\":\"ListItem\",\"position\":1,\"name\":\"Portada\",\"item\":\"https:\/\/nuevodigitaldeescobar.com.ar\/\"},{\"@type\":\"ListItem\",\"position\":2,\"name\":\"Audiencia clave: Independiente y la U de Chile exponen sus descargos ante CONMEBOL\"}]},{\"@type\":\"WebSite\",\"@id\":\"https:\/\/nuevodigitaldeescobar.com.ar\/#website\",\"url\":\"https:\/\/nuevodigitaldeescobar.com.ar\/\",\"name\":\"Nuevo Digital de Escobar\",\"description\":\"La vida escobarense. Directora: Rosana Brunner\",\"publisher\":{\"@id\":\"https:\/\/nuevodigitaldeescobar.com.ar\/#organization\"},\"potentialAction\":[{\"@type\":\"SearchAction\",\"target\":{\"@type\":\"EntryPoint\",\"urlTemplate\":\"https:\/\/nuevodigitaldeescobar.com.ar\/?s={search_term_string}\"},\"query-input\":{\"@type\":\"PropertyValueSpecification\",\"valueRequired\":true,\"valueName\":\"search_term_string\"}}],\"inLanguage\":\"es\"},{\"@type\":\"Organization\",\"@id\":\"https:\/\/nuevodigitaldeescobar.com.ar\/#organization\",\"name\":\"Nuevo Digital de Escobar\",\"url\":\"https:\/\/nuevodigitaldeescobar.com.ar\/\",\"logo\":{\"@type\":\"ImageObject\",\"inLanguage\":\"es\",\"@id\":\"https:\/\/nuevodigitaldeescobar.com.ar\/#\/schema\/logo\/image\/\",\"url\":\"https:\/\/nuevodigitaldeescobar.com.ar\/wp-content\/uploads\/2025\/05\/cropped-logo-nuevo2.jpg\",\"contentUrl\":\"https:\/\/nuevodigitaldeescobar.com.ar\/wp-content\/uploads\/2025\/05\/cropped-logo-nuevo2.jpg\",\"width\":305,\"height\":305,\"caption\":\"Nuevo Digital de Escobar\"},\"image\":{\"@id\":\"https:\/\/nuevodigitaldeescobar.com.ar\/#\/schema\/logo\/image\/\"},\"sameAs\":[\"https:\/\/www.facebook.com\/NUEVODigitalDeEscobar\",\"https:\/\/x.com\/nuevodigescobar\",\"https:\/\/www.instagram.com\/nuevodigitaldeescobar\"]},{\"@type\":\"Person\",\"@id\":\"https:\/\/nuevodigitaldeescobar.com.ar\/#\/schema\/person\/035e90a8efe9a80e6eec22656ad6ea4c\",\"name\":\"Redacci\u00f3n\",\"image\":{\"@type\":\"ImageObject\",\"inLanguage\":\"es\",\"@id\":\"https:\/\/nuevodigitaldeescobar.com.ar\/#\/schema\/person\/image\/\",\"url\":\"https:\/\/secure.gravatar.com\/avatar\/8af8f40000c24e9eef3034f2be5998a372bb1389e64b1a4a36b3a7979142220d?s=96&d=mm&r=g\",\"contentUrl\":\"https:\/\/secure.gravatar.com\/avatar\/8af8f40000c24e9eef3034f2be5998a372bb1389e64b1a4a36b3a7979142220d?s=96&d=mm&r=g\",\"caption\":\"Redacci\u00f3n\"},\"sameAs\":[\"http:\/\/nuevodigitaldeescobar.com.ar\"],\"url\":\"https:\/\/nuevodigitaldeescobar.com.ar\/?author=1\"}]}<\/script>\n<!-- \/ Yoast SEO plugin. -->","yoast_head_json":{"title":"Audiencia clave: Independiente y la U de Chile exponen sus descargos ante CONMEBOL - Nuevo Digital de Escobar","robots":{"index":"index","follow":"follow","max-snippet":"max-snippet:-1","max-image-preview":"max-image-preview:large","max-video-preview":"max-video-preview:-1"},"canonical":"https:\/\/nuevodigitaldeescobar.com.ar\/?p=17761","og_locale":"es_ES","og_type":"article","og_title":"Audiencia clave: Independiente y la U de Chile exponen sus descargos ante CONMEBOL - Nuevo Digital de Escobar","og_description":"A casi dos semanas desde los incidentes, \u00a0el caso de\u00a0Independiente y la Universidad de Chile entra en una etapa decisiva. La CONMEBOL cancel\u00f3 el partido [&hellip;]","og_url":"https:\/\/nuevodigitaldeescobar.com.ar\/?p=17761","og_site_name":"Nuevo Digital de Escobar","article_publisher":"https:\/\/www.facebook.com\/NUEVODigitalDeEscobar","article_published_time":"2025-09-02T14:20:20+00:00","og_image":[{"url":"https:\/\/derechadiario.com.ar\/filesedc\/uploads\/image\/post\/2025\/09\/3-5-1756822484370_1200_800.webp","type":"","width":"","height":""}],"author":"Redacci\u00f3n","twitter_card":"summary_large_image","twitter_creator":"@nuevodigescobar","twitter_site":"@nuevodigescobar","twitter_misc":{"Escrito por":"Redacci\u00f3n","Tiempo de lectura":"2 minutos"},"schema":{"@context":"https:\/\/schema.org","@graph":[{"@type":"Article","@id":"https:\/\/nuevodigitaldeescobar.com.ar\/?p=17761#article","isPartOf":{"@id":"https:\/\/nuevodigitaldeescobar.com.ar\/?p=17761"},"author":{"name":"Redacci\u00f3n","@id":"https:\/\/nuevodigitaldeescobar.com.ar\/#\/schema\/person\/035e90a8efe9a80e6eec22656ad6ea4c"},"headline":"Audiencia clave: Independiente y la U de Chile exponen sus descargos ante CONMEBOL","datePublished":"2025-09-02T14:20:20+00:00","mainEntityOfPage":{"@id":"https:\/\/nuevodigitaldeescobar.com.ar\/?p=17761"},"wordCount":386,"commentCount":0,"publisher":{"@id":"https:\/\/nuevodigitaldeescobar.com.ar\/#organization"},"image":{"@id":"https:\/\/nuevodigitaldeescobar.com.ar\/?p=17761#primaryimage"},"thumbnailUrl":"https:\/\/nuevodigitaldeescobar.com.ar\/wp-content\/uploads\/2025\/09\/conmebol-1536x864_1600_1067-GvJ8Vd.jpg","articleSection":["Deportes"],"inLanguage":"es","potentialAction":[{"@type":"CommentAction","name":"Comment","target":["https:\/\/nuevodigitaldeescobar.com.ar\/?p=17761#respond"]}]},{"@type":"WebPage","@id":"https:\/\/nuevodigitaldeescobar.com.ar\/?p=17761","url":"https:\/\/nuevodigitaldeescobar.com.ar\/?p=17761","name":"Audiencia clave: Independiente y la U de Chile exponen sus descargos ante CONMEBOL - Nuevo Digital de Escobar","isPartOf":{"@id":"https:\/\/nuevodigitaldeescobar.com.ar\/#website"},"primaryImageOfPage":{"@id":"https:\/\/nuevodigitaldeescobar.com.ar\/?p=17761#primaryimage"},"image":{"@id":"https:\/\/nuevodigitaldeescobar.com.ar\/?p=17761#primaryimage"},"thumbnailUrl":"https:\/\/nuevodigitaldeescobar.com.ar\/wp-content\/uploads\/2025\/09\/conmebol-1536x864_1600_1067-GvJ8Vd.jpg","datePublished":"2025-09-02T14:20:20+00:00","breadcrumb":{"@id":"https:\/\/nuevodigitaldeescobar.com.ar\/?p=17761#breadcrumb"},"inLanguage":"es","potentialAction":[{"@type":"ReadAction","target":["https:\/\/nuevodigitaldeescobar.com.ar\/?p=17761"]}]},{"@type":"ImageObject","inLanguage":"es","@id":"https:\/\/nuevodigitaldeescobar.com.ar\/?p=17761#primaryimage","url":"https:\/\/nuevodigitaldeescobar.com.ar\/wp-content\/uploads\/2025\/09\/conmebol-1536x864_1600_1067-GvJ8Vd.jpg","contentUrl":"https:\/\/nuevodigitaldeescobar.com.ar\/wp-content\/uploads\/2025\/09\/conmebol-1536x864_1600_1067-GvJ8Vd.jpg","width":1600,"height":1067},{"@type":"BreadcrumbList","@id":"https:\/\/nuevodigitaldeescobar.com.ar\/?p=17761#breadcrumb","itemListElement":[{"@type":"ListItem","position":1,"name":"Portada","item":"https:\/\/nuevodigitaldeescobar.com.ar\/"},{"@type":"ListItem","position":2,"name":"Audiencia clave: Independiente y la U de Chile exponen sus descargos ante CONMEBOL"}]},{"@type":"WebSite","@id":"https:\/\/nuevodigitaldeescobar.com.ar\/#website","url":"https:\/\/nuevodigitaldeescobar.com.ar\/","name":"Nuevo Digital de Escobar","description":"La vida escobarense. Directora: Rosana Brunner","publisher":{"@id":"https:\/\/nuevodigitaldeescobar.com.ar\/#organization"},"potentialAction":[{"@type":"SearchAction","target":{"@type":"EntryPoint","urlTemplate":"https:\/\/nuevodigitaldeescobar.com.ar\/?s={search_term_string}"},"query-input":{"@type":"PropertyValueSpecification","valueRequired":true,"valueName":"search_term_string"}}],"inLanguage":"es"},{"@type":"Organization","@id":"https:\/\/nuevodigitaldeescobar.com.ar\/#organization","name":"Nuevo Digital de Escobar","url":"https:\/\/nuevodigitaldeescobar.com.ar\/","logo":{"@type":"ImageObject","inLanguage":"es","@id":"https:\/\/nuevodigitaldeescobar.com.ar\/#\/schema\/logo\/image\/","url":"https:\/\/nuevodigitaldeescobar.com.ar\/wp-content\/uploads\/2025\/05\/cropped-logo-nuevo2.jpg","contentUrl":"https:\/\/nuevodigitaldeescobar.com.ar\/wp-content\/uploads\/2025\/05\/cropped-logo-nuevo2.jpg","width":305,"height":305,"caption":"Nuevo Digital de Escobar"},"image":{"@id":"https:\/\/nuevodigitaldeescobar.com.ar\/#\/schema\/logo\/image\/"},"sameAs":["https:\/\/www.facebook.com\/NUEVODigitalDeEscobar","https:\/\/x.com\/nuevodigescobar","https:\/\/www.instagram.com\/nuevodigitaldeescobar"]},{"@type":"Person","@id":"https:\/\/nuevodigitaldeescobar.com.ar\/#\/schema\/person\/035e90a8efe9a80e6eec22656ad6ea4c","name":"Redacci\u00f3n","image":{"@type":"ImageObject","inLanguage":"es","@id":"https:\/\/nuevodigitaldeescobar.com.ar\/#\/schema\/person\/image\/","url":"https:\/\/secure.gravatar.com\/avatar\/8af8f40000c24e9eef3034f2be5998a372bb1389e64b1a4a36b3a7979142220d?s=96&d=mm&r=g","contentUrl":"https:\/\/secure.gravatar.com\/avatar\/8af8f40000c24e9eef3034f2be5998a372bb1389e64b1a4a36b3a7979142220d?s=96&d=mm&r=g","caption":"Redacci\u00f3n"},"sameAs":["http:\/\/nuevodigitaldeescobar.com.ar"],"url":"https:\/\/nuevodigitaldeescobar.com.ar\/?author=1"}]}},"featured_image_urls":{"full":["https:\/\/nuevodigitaldeescobar.com.ar\/wp-content\/uploads\/2025\/09\/conmebol-1536x864_1600_1067-GvJ8Vd.jpg",1600,1067,false],"thumbnail":["https:\/\/nuevodigitaldeescobar.com.ar\/wp-content\/uploads\/2025\/09\/conmebol-1536x864_1600_1067-GvJ8Vd-150x150.jpg",150,150,true],"medium":["https:\/\/nuevodigitaldeescobar.com.ar\/wp-content\/uploads\/2025\/09\/conmebol-1536x864_1600_1067-GvJ8Vd-300x200.jpg",300,200,true],"medium_large":["https:\/\/nuevodigitaldeescobar.com.ar\/wp-content\/uploads\/2025\/09\/conmebol-1536x864_1600_1067-GvJ8Vd-768x512.jpg",640,427,true],"large":["https:\/\/nuevodigitaldeescobar.com.ar\/wp-content\/uploads\/2025\/09\/conmebol-1536x864_1600_1067-GvJ8Vd-1024x683.jpg",640,427,true],"1536x1536":["https:\/\/nuevodigitaldeescobar.com.ar\/wp-content\/uploads\/2025\/09\/conmebol-1536x864_1600_1067-GvJ8Vd-1536x1024.jpg",1536,1024,true],"2048x2048":["https:\/\/nuevodigitaldeescobar.com.ar\/wp-content\/uploads\/2025\/09\/conmebol-1536x864_1600_1067-GvJ8Vd.jpg",1600,1067,false]},"author_info":{"display_name":"Redacci\u00f3n","author_link":"https:\/\/nuevodigitaldeescobar.com.ar\/?author=1"},"category_info":"<a href=\"https:\/\/nuevodigitaldeescobar.com.ar\/?cat=8\" rel=\"category\">Deportes<\/a>","tag_info":"Deportes","comment_count":"0","_links":{"self":[{"href":"https:\/\/nuevodigitaldeescobar.com.ar\/index.php?rest_route=\/wp\/v2\/posts\/17761","targetHints":{"allow":["GET"]}}],"collection":[{"href":"https:\/\/nuevodigitaldeescobar.com.ar\/index.php?rest_route=\/wp\/v2\/posts"}],"about":[{"href":"https:\/\/nuevodigitaldeescobar.com.ar\/index.php?rest_route=\/wp\/v2\/types\/post"}],"author":[{"embeddable":true,"href":"https:\/\/nuevodigitaldeescobar.com.ar\/index.php?rest_route=\/wp\/v2\/users\/1"}],"replies":[{"embeddable":true,"href":"https:\/\/nuevodigitaldeescobar.com.ar\/index.php?rest_route=%2Fwp%2Fv2%2Fcomments&post=17761"}],"version-history":[{"count":0,"href":"https:\/\/nuevodigitaldeescobar.com.ar\/index.php?rest_route=\/wp\/v2\/posts\/17761\/revisions"}],"wp:featuredmedia":[{"embeddable":true,"href":"https:\/\/nuevodigitaldeescobar.com.ar\/index.php?rest_route=\/wp\/v2\/media\/17762"}],"wp:attachment":[{"href":"https:\/\/nuevodigitaldeescobar.com.ar\/index.php?rest_route=%2Fwp%2Fv2%2Fmedia&parent=17761"}],"wp:term":[{"taxonomy":"category","embeddable":true,"href":"https:\/\/nuevodigitaldeescobar.com.ar\/index.php?rest_route=%2Fwp%2Fv2%2Fcategories&post=17761"},{"taxonomy":"post_tag","embeddable":true,"href":"https:\/\/nuevodigitaldeescobar.com.ar\/index.php?rest_route=%2Fwp%2Fv2%2Ftags&post=17761"}],"curies":[{"name":"wp","href":"https:\/\/api.w.org\/{rel}","templated":true}]}}